{"id":6,"count":138,"description":"S\u00fa\u0165a\u017en\u00e9 projekty prihl\u00e1sen\u00e9 na Festival vedy a techniky AMAVET v roku 2018. Arch\u00edv obsahuje projekty prihl\u00e1sen\u00e9 na krajsk\u00e9 kol\u00e1 s\u00fa\u0165a\u017ee.","link":"https:\/\/www.festivalvedy.sk\/wp2\/category\/archiv-projektov\/2018\/","name":"Arch\u00edv 2018","slug":"2018","taxonomy":"category","parent":31,"meta":[],"yoast_head":"<!-- This site is optimized with the Yoast SEO plugin v27.2 - https:\/\/yoast.com\/product\/yoast-seo-wordpress\/ -->\n<title>Arch\u00edv 2018 Archives - Festival vedy a techniky AMAVET<\/title>\n<meta name=\"robots\" content=\"index, follow, max-snippet:-1, max-image-preview:large, max-video-preview:-1\" \/>\n<link rel=\"canonical\" href=\"https:\/\/www.festivalvedy.sk\/wp2\/category\/archiv-projektov\/2018\/\" \/>\n<meta property=\"og:locale\" content=\"sk_SK\" \/>\n<meta property=\"og:type\" content=\"article\" \/>\n<meta property=\"og:title\" content=\"Arch\u00edv 2018 Archives - Festival vedy a techniky AMAVET\" \/>\n<meta property=\"og:description\" content=\"S\u00fa\u0165a\u017en\u00e9 projekty prihl\u00e1sen\u00e9 na Festival vedy a techniky AMAVET v roku 2018. Arch\u00edv obsahuje projekty prihl\u00e1sen\u00e9 na krajsk\u00e9 kol\u00e1 s\u00fa\u0165a\u017ee.\" \/>\n<meta property=\"og:url\" content=\"https:\/\/www.festivalvedy.sk\/wp2\/category\/archiv-projektov\/2018\/\" \/>\n<meta property=\"og:site_name\" content=\"Festival vedy a techniky AMAVET\" \/>\n<meta name=\"twitter:card\" content=\"summary_large_image\" \/>\n<script type=\"application\/ld+json\" class=\"yoast-schema-graph\">{\"@context\":\"https:\/\/schema.org\",\"@graph\":[{\"@type\":\"CollectionPage\",\"@id\":\"https:\/\/www.festivalvedy.sk\/wp2\/category\/archiv-projektov\/2018\/\",\"url\":\"https:\/\/www.festivalvedy.sk\/wp2\/category\/archiv-projektov\/2018\/\",\"name\":\"Arch\u00edv 2018 Archives - Festival vedy a techniky AMAVET\",\"isPartOf\":{\"@id\":\"https:\/\/www.festivalvedy.sk\/wp2\/#website\"},\"breadcrumb\":{\"@id\":\"https:\/\/www.festivalvedy.sk\/wp2\/category\/archiv-projektov\/2018\/#breadcrumb\"},\"inLanguage\":\"sk-SK\"},{\"@type\":\"BreadcrumbList\",\"@id\":\"https:\/\/www.festivalvedy.sk\/wp2\/category\/archiv-projektov\/2018\/#breadcrumb\",\"itemListElement\":[{\"@type\":\"ListItem\",\"position\":1,\"name\":\"Home\",\"item\":\"https:\/\/www.festivalvedy.sk\/wp2\/\"},{\"@type\":\"ListItem\",\"position\":2,\"name\":\"Arch\u00edv projektov\",\"item\":\"https:\/\/www.festivalvedy.sk\/wp2\/category\/archiv-projektov\/\"},{\"@type\":\"ListItem\",\"position\":3,\"name\":\"Arch\u00edv 2018\"}]},{\"@type\":\"WebSite\",\"@id\":\"https:\/\/www.festivalvedy.sk\/wp2\/#website\",\"url\":\"https:\/\/www.festivalvedy.sk\/wp2\/\",\"name\":\"Festival vedy a techniky AMAVET\",\"description\":\"AMAVET - Asoci\u00e1cia pre ml\u00e1de\u017e, vedu a techniku\",\"publisher\":{\"@id\":\"https:\/\/www.festivalvedy.sk\/wp2\/#organization\"},\"potentialAction\":[{\"@type\":\"SearchAction\",\"target\":{\"@type\":\"EntryPoint\",\"urlTemplate\":\"https:\/\/www.festivalvedy.sk\/wp2\/?s={search_term_string}\"},\"query-input\":{\"@type\":\"PropertyValueSpecification\",\"valueRequired\":true,\"valueName\":\"search_term_string\"}}],\"inLanguage\":\"sk-SK\"},{\"@type\":\"Organization\",\"@id\":\"https:\/\/www.festivalvedy.sk\/wp2\/#organization\",\"name\":\"Festival vedy a techniky AMAVET\",\"url\":\"https:\/\/www.festivalvedy.sk\/wp2\/\",\"logo\":{\"@type\":\"ImageObject\",\"inLanguage\":\"sk-SK\",\"@id\":\"https:\/\/www.festivalvedy.sk\/wp2\/#\/schema\/logo\/image\/\",\"url\":\"https:\/\/www.festivalvedy.sk\/wp2\/wp-content\/uploads\/2022\/02\/cropped-fvat-ochranna-zona.png\",\"contentUrl\":\"https:\/\/www.festivalvedy.sk\/wp2\/wp-content\/uploads\/2022\/02\/cropped-fvat-ochranna-zona.png\",\"width\":1190,\"height\":357,\"caption\":\"Festival vedy a techniky AMAVET\"},\"image\":{\"@id\":\"https:\/\/www.festivalvedy.sk\/wp2\/#\/schema\/logo\/image\/\"}}]}<\/script>\n<!-- \/ Yoast SEO plugin. -->","yoast_head_json":{"title":"Arch\u00edv 2018 Archives - Festival vedy a techniky AMAVET","robots":{"index":"index","follow":"follow","max-snippet":"max-snippet:-1","max-image-preview":"max-image-preview:large","max-video-preview":"max-video-preview:-1"},"canonical":"https:\/\/www.festivalvedy.sk\/wp2\/category\/archiv-projektov\/2018\/","og_locale":"sk_SK","og_type":"article","og_title":"Arch\u00edv 2018 Archives - Festival vedy a techniky AMAVET","og_description":"S\u00fa\u0165a\u017en\u00e9 projekty prihl\u00e1sen\u00e9 na Festival vedy a techniky AMAVET v roku 2018. Arch\u00edv obsahuje projekty prihl\u00e1sen\u00e9 na krajsk\u00e9 kol\u00e1 s\u00fa\u0165a\u017ee.","og_url":"https:\/\/www.festivalvedy.sk\/wp2\/category\/archiv-projektov\/2018\/","og_site_name":"Festival vedy a techniky AMAVET","twitter_card":"summary_large_image","schema":{"@context":"https:\/\/schema.org","@graph":[{"@type":"CollectionPage","@id":"https:\/\/www.festivalvedy.sk\/wp2\/category\/archiv-projektov\/2018\/","url":"https:\/\/www.festivalvedy.sk\/wp2\/category\/archiv-projektov\/2018\/","name":"Arch\u00edv 2018 Archives - Festival vedy a techniky AMAVET","isPartOf":{"@id":"https:\/\/www.festivalvedy.sk\/wp2\/#website"},"breadcrumb":{"@id":"https:\/\/www.festivalvedy.sk\/wp2\/category\/archiv-projektov\/2018\/#breadcrumb"},"inLanguage":"sk-SK"},{"@type":"BreadcrumbList","@id":"https:\/\/www.festivalvedy.sk\/wp2\/category\/archiv-projektov\/2018\/#breadcrumb","itemListElement":[{"@type":"ListItem","position":1,"name":"Home","item":"https:\/\/www.festivalvedy.sk\/wp2\/"},{"@type":"ListItem","position":2,"name":"Arch\u00edv projektov","item":"https:\/\/www.festivalvedy.sk\/wp2\/category\/archiv-projektov\/"},{"@type":"ListItem","position":3,"name":"Arch\u00edv 2018"}]},{"@type":"WebSite","@id":"https:\/\/www.festivalvedy.sk\/wp2\/#website","url":"https:\/\/www.festivalvedy.sk\/wp2\/","name":"Festival vedy a techniky AMAVET","description":"AMAVET - Asoci\u00e1cia pre ml\u00e1de\u017e, vedu a techniku","publisher":{"@id":"https:\/\/www.festivalvedy.sk\/wp2\/#organization"},"potentialAction":[{"@type":"SearchAction","target":{"@type":"EntryPoint","urlTemplate":"https:\/\/www.festivalvedy.sk\/wp2\/?s={search_term_string}"},"query-input":{"@type":"PropertyValueSpecification","valueRequired":true,"valueName":"search_term_string"}}],"inLanguage":"sk-SK"},{"@type":"Organization","@id":"https:\/\/www.festivalvedy.sk\/wp2\/#organization","name":"Festival vedy a techniky AMAVET","url":"https:\/\/www.festivalvedy.sk\/wp2\/","logo":{"@type":"ImageObject","inLanguage":"sk-SK","@id":"https:\/\/www.festivalvedy.sk\/wp2\/#\/schema\/logo\/image\/","url":"https:\/\/www.festivalvedy.sk\/wp2\/wp-content\/uploads\/2022\/02\/cropped-fvat-ochranna-zona.png","contentUrl":"https:\/\/www.festivalvedy.sk\/wp2\/wp-content\/uploads\/2022\/02\/cropped-fvat-ochranna-zona.png","width":1190,"height":357,"caption":"Festival vedy a techniky AMAVET"},"image":{"@id":"https:\/\/www.festivalvedy.sk\/wp2\/#\/schema\/logo\/image\/"}}]}},"_links":{"self":[{"href":"https:\/\/www.festivalvedy.sk\/wp2\/wp-json\/wp\/v2\/categories\/6","targetHints":{"allow":["GET"]}}],"collection":[{"href":"https:\/\/www.festivalvedy.sk\/wp2\/wp-json\/wp\/v2\/categories"}],"about":[{"href":"https:\/\/www.festivalvedy.sk\/wp2\/wp-json\/wp\/v2\/taxonomies\/category"}],"up":[{"embeddable":true,"href":"https:\/\/www.festivalvedy.sk\/wp2\/wp-json\/wp\/v2\/categories\/31"}],"wp:post_type":[{"href":"https:\/\/www.festivalvedy.sk\/wp2\/wp-json\/wp\/v2\/posts?categories=6"}],"curies":[{"name":"wp","href":"https:\/\/api.w.org\/{rel}","templated":true}]}}