{"id":1430,"date":"2019-09-23T15:55:42","date_gmt":"2019-09-23T13:55:42","guid":{"rendered":"https:\/\/www.festivalvedy.sk\/wp2\/?p=1430"},"modified":"2019-11-27T16:02:03","modified_gmt":"2019-11-27T15:02:03","slug":"strieborni-slovaci-z-amavet-u-v-cine","status":"publish","type":"post","link":"https:\/\/www.festivalvedy.sk\/wp2\/strieborni-slovaci-z-amavet-u-v-cine\/","title":{"rendered":"Strieborn\u00ed Slov\u00e1ci z AMAVET-u v \u010c\u00edne"},"content":{"rendered":"\n<p><em>\u201eS\u00fa\u0165a\u017e n\u00e1s nau\u010dila spolupracova\u0165 ako t\u00edm s cie\u013eom dosiahnutia vyt\u00fa\u017een\u00e9ho v\u00fdsledku.\u201c<\/em><\/p>\n\n\n\n<p><strong>Medzin\u00e1rodn\u00e1 projektov\u00e1 s\u00fa\u0165a\u017e stredo\u0161kol\u00e1kov CASTIC (China Adolescents Science and Technology Innovation Contest) v&nbsp;\u010c\u00edne sa v&nbsp;tomto roku konala 20. a\u017e 27. j\u00fala v meste&nbsp;Macau,&nbsp;<\/strong><strong>v priestoroch University of the Macao in China.<\/strong>&nbsp;<strong>S\u00fa\u0165a\u017e v&nbsp;oblasti inov\u00e1ci\u00ed, vedy a&nbsp;techniky<\/strong><strong>&nbsp;organizuje \u010c\u00ednska asoci\u00e1cia pre vedu a&nbsp;techniku, ministerstvo \u0161kolstva a&nbsp;\u010fal\u0161ie pr\u00edslu\u0161n\u00e9 vl\u00e1dne organiz\u00e1cie. CASTIC je organizovan\u00fd pre \u0161tudentov od 12 do 20 rokov a&nbsp;v&nbsp;tomto roku sa jej z\u00fa\u010dastnilo 900 s\u00fa\u0165a\u017eiacich. Po\u010das 34-ro\u010dnej hist\u00f3rie je CASTIC pova\u017eovan\u00fd za najv\u00e4\u010d\u0161iu vedeck\u00fa s\u00fa\u0165a\u017e v&nbsp;\u010c\u00edne na medzin\u00e1rodnej \u00farovni. V&nbsp;tomto roku sa s\u00fa\u0165a\u017ee \u00faspe\u0161ne z\u00fa\u010dastnili slovensk\u00ed v\u00ed\u0165azi Festivalu vedy a techniky AMAVET 2018, stredo\u0161kol\u00e1ci Richard Magu\u013e\u00e1k a&nbsp;Viliam Podhajeck\u00fd. Po&nbsp; \u0161tyroch n\u00e1ro\u010dn\u00fdch d\u0148och prezentovania projektu pred odbornou hodnotiacou komisiou a verejnos\u0165ou obsadili Richard a&nbsp;Viliam kr\u00e1sne, druh\u00e9 miesto v&nbsp; kateg\u00f3rii&nbsp;<\/strong><strong>Engineering Science<\/strong><strong>. \u0160tudenti zo Strednej priemyselnej \u0161koly elektrotechnickej v Ko\u0161iciach vypracovali t\u00edmov\u00fd projekt \u201eR\u00e1diovo ovl\u00e1dan\u00e9 aut\u00ed\u010dko\u201c. Po n\u00e1vrate sa s&nbsp;Richardom Magu\u013e\u00e1kom porozpr\u00e1vala riadite\u013eka Asoci\u00e1cie pre ml\u00e1de\u017e, vedu a&nbsp;techniku (AMAVET) Gabika Kukolov\u00e1.<\/strong><\/p>\n\n\n\n<p><strong>-Ak\u00fd je rozdiel medzi v\u00ed\u0165azstvom v n\u00e1rodnej s\u00fa\u0165a\u017ei a 2. miestom na s\u00fa\u0165a\u017ei CASTIC v \u010c\u00edne?<\/strong><\/p>\n\n\n\n<p>Te\u0161\u00ed n\u00e1s ka\u017ed\u00fd \u00faspech, no ten na svetovej \u00farovni m\u00e1 pre n\u00e1s vy\u0161\u0161iu hodnotu, nako\u013eko to nie je ocenenie len pre n\u00e1s, ale taktie\u017e pre Slovensko a&nbsp;AMAVET, ktor\u00fd n\u00e1m na Slovensku vytvoril ide\u00e1lne podmienky na s\u00fa\u0165a\u017eenie a&nbsp;postup na svetov\u00fa s\u00fa\u0165a\u017e. Sme hrd\u00ed, \u017ee sme mohli h\u00e1ji\u0165 jeho meno a taktie\u017e meno na\u0161ej Strednej priemyselnej \u0161koly elektrotechnickej v Ko\u0161iciach.<\/p>\n\n\n\n<p>Prv\u00e9 pocity po vyhl\u00e1sen\u00ed je \u0165a\u017ek\u00e9 op\u00edsa\u0165. V \u010dloveku sa mie\u0161aj\u00fa r\u00f4zne em\u00f3cie, no prevl\u00e1daj\u00facou je rados\u0165. S odstupom \u010dasu ust\u00fapia a ost\u00e1va len rados\u0165. Sme neskuto\u010dne \u0161\u0165astn\u00ed z umiestnenia a z faktu, \u017ee sme mohli reprezentova\u0165 Slovensko na najvy\u0161\u0161ej \u00farovni.<\/p>\n\n\n\n<p><strong>-Nie\u010do ste upravovali, dola\u010fovali na projekte oproti n\u00e1rodn\u00e9mu fin\u00e1le na Festivale vedy a&nbsp;techniky AMAVET?<\/strong><\/p>\n\n\n\n<p>Zmenili sme mnoho a v aktu\u00e1lnom obdob\u00ed je auto na&nbsp;90 percent vyroben\u00e9 nami. V mechanike sme si vyrobili vlastn\u00e9 diferenci\u00e1ly a pneumatiky, ktor\u00e9 boli vytla\u010den\u00e9 na \u0161peci\u00e1lnej 3D tla\u010diarni. T\u00fato tla\u010diare\u0148 sme mohli vyu\u017e\u00edva\u0165 v r\u00e1mci spolupr\u00e1ce s Technickou Univerzitou, konkr\u00e9tnej\u0161ie katedrou Biomedic\u00ednskeho in\u017einierstva v Ko\u0161iciach. Taktie\u017e n\u00e1m pom\u00e1hali s tla\u010dou tit\u00e1nov\u00fdch ozuben\u00fdch koliesok do prevodovky. V elektronike sme zmenili riadiacu jednotku z Arduina NANO na ATmega328p. Tento mikropo\u010d\u00edta\u010d je mo\u017en\u00e9 jednoducho vy\u0148a\u0165 z plo\u0161n\u00e9ho spoja, naprogramova\u0165 a vlo\u017ei\u0165 nasp\u00e4\u0165. Plo\u0161n\u00e9 spoje na na\u0161om aute sme rozdelili do 3 \u010dast\u00ed:<\/p>\n\n\n\n<ol class=\"wp-block-list\"><li>Riadiaci plo\u0161n\u00fd spoj \u2013 ovl\u00e1da pohyb motora, dva servo-motor\u010deky a komunika\u010dn\u00fd modul NRF.<\/li><li>Plo\u0161n\u00fd spoj pr\u00eddavnej elektroniky \u2013 pomocou neho s\u00fa riaden\u00e9 svetl\u00e1, bzu\u010diak a taktie\u017e gyroskop a je umiestnen\u00fd na karos\u00e9rii.<\/li><li>Plo\u0161n\u00fd spoj ovl\u00e1da\u010da \u2013 sl\u00fa\u017ei na komunik\u00e1ciu s riadiacim plo\u0161n\u00fdm spojom a taktie\u017e na spracovanie d\u00e1t z&nbsp;auta, ako je napr\u00edklad uhol n\u00e1klonu kolies.<\/li><\/ol>\n\n\n\n<p><strong>-V \u010dom spo\u010d\u00edvala va\u0161a prezent\u00e1cia pr\u00e1ce? Poster, dial\u00f3g s hodnotite\u013emi\u2026?<\/strong><\/p>\n\n\n\n<p>Prezent\u00e1cia sa skladala z viacer\u00fdch \u010dast\u00ed. Prv\u00e9 \u201ckroky\u201d sme museli urobi\u0165 u\u017e p\u00e1r mesiacov pred s\u00fa\u0165a\u017eou, kedy sme museli posla\u0165 dokument\u00e1ciu ku projektu, fotografie a taktie\u017e video. N\u00e1sledne na s\u00fa\u0165a\u017ei sme si postavili st\u00e1nok, ktor\u00fd sa skladal z posteru a stola, na ktorom sme si mohli vystavova\u0165 expon\u00e1ty. Po postaven\u00ed st\u00e1nku pri\u0161la prezent\u00e1cia pre porotu a n\u00e1sledn\u00e9 ot\u00e1zky k projektu.<\/p>\n\n\n\n<p><strong>-Ako sa l\u00ed\u0161ilo hodnotenie v \u010c\u00edne od n\u00e1\u0161ho?<\/strong><\/p>\n\n\n\n<p>V \u010c\u00edne sme presne vedeli po\u010det porotcov, ktor\u00ed n\u00e1s bud\u00fa hodnoti\u0165 a bolo to odli\u0161n\u00e9 od slovensk\u00e9ho hodnotenia. Niektor\u00ed porotcovia priamo pri\u0161li ku st\u00e1nku a povedali n\u00e1m: \u201cO va\u0161om projekte sme u\u017e \u010d\u00edtali a tak by n\u00e1s zauj\u00edmalo, \u010do by ste zmenili na projekte keby ste mohli?\u201d. T\u00e1to ot\u00e1zka bola pre n\u00e1s dos\u0165 neo\u010dak\u00e1van\u00e1, no pri sp\u00e4tnom poh\u013eade to hodnot\u00edm kladne, nako\u013eko to nebolo len monot\u00f3nne opakovanie toho ist\u00e9ho, ale naopak, museli sme si uvedomi\u0165 a r\u00fdchlo vyhodnoti\u0165, \u010do by sme radi zmenili a \u010do by mohlo posun\u00fa\u0165 n\u00e1\u0161 projekt \u010falej.<\/p>\n\n\n\n<p><strong>-Mali ste \u010das aj na \u201enad\u00fdchnutie sa\u201c \u010d\u00ednskej atmosf\u00e9ry \u2013 \u017eivot rovesn\u00edkov, \u0161kola, zab\u00e1va, kult\u00fara, \u0161port\u2026?<\/strong><\/p>\n\n\n\n<p>Organiz\u00e1tori s\u00fa\u0165a\u017e\u00ed dbaj\u00fa na to, aby si s\u00fa\u0165a\u017eiaci odniesli aj nejak\u00fd kult\u00farny z\u00e1\u017eitok z&nbsp;miesta organiz\u00e1cie, \u010di\u017ee zabezpe\u010duj\u00fa prehliadky a \u010fal\u0161\u00ed sprievodn\u00fd program. Po\u010das s\u00fa\u0165a\u017ee v \u010c\u00edne n\u00e1m bohu\u017eia\u013e podmienky spojen\u00e9 s cestou nedovolili spozna\u0165 ve\u013ea z mesta a celkovej kult\u00fary krajiny, nako\u013eko sme prileteli a\u017e po\u010das druh\u00e9ho s\u00fa\u0165a\u017en\u00e9ho d\u0148a a odlietali sme p\u00e1r hod\u00edn po udelen\u00ed cien. Napriek v\u0161etk\u00fdm t\u00fdmto okolnostiam sme mali zabezpe\u010den\u00fa aspo\u0148 3 hodinov\u00fa prehliadku pamiatok mesta.<\/p>\n\n\n\n<p><strong>-\u010co v\u00e1s najviac prekvapilo, a ne\u010dakali ste to?<\/strong><\/p>\n\n\n\n<p>Pr\u00edjemn\u00fdm prekvapen\u00edm pre n\u00e1s bol fakt, \u017ee je mno\u017estvo mlad\u00fdch \u013eud\u00ed, ktor\u00ed sa zauj\u00edmaj\u00fa o vedu a techniku a \u017ee chc\u00fa pom\u00e1ha\u0165 spolo\u010dnosti rozv\u00edja\u0165 sa. Oslovilo ma nieko\u013eko projektov z oblasti medic\u00edny, ktor\u00e9 m\u00f4\u017eu v\u00fdznamnou mierou prispie\u0165 k lie\u010dbe najz\u00e1va\u017enej\u0161\u00edch chor\u00f4b, ktor\u00e9 tr\u00e1pia \u010dloveka.<\/p>\n\n\n\n<p><strong>-Ak\u00fa sk\u00fasenos\u0165 si odn\u00e1\u0161ate zo s\u00fa\u0165a\u017ee?<\/strong><\/p>\n\n\n\n<p>Odn\u00e1\u0161ame si mnoho sk\u00fasenost\u00ed no taktie\u017e poznatkov. Nau\u010dili sme sa rie\u0161i\u0165 kr\u00edzov\u00e9 situ\u00e1cie, ak\u00fdmi je napr\u00edklad aj po\u0161kodenie projektu po\u010das letu na s\u00fa\u0165a\u017e. Taktie\u017e sme sa zlep\u0161ili v oblasti, \u010di u\u017e mechaniky, alebo elektroniky a v neposlednom rade sme zlep\u0161ili svoje \u201csoft-skills\u201d \u010di\u017ee prezenta\u010dn\u00e9 zru\u010dnosti. T\u00e1to s\u00fa\u0165a\u017e n\u00e1s nau\u010dila spolupracova\u0165 ako t\u00edm s cie\u013eom dosiahnutia vyt\u00fa\u017een\u00e9ho v\u00fdsledku.<\/p>\n\n\n\n<p><strong>-Budete na svojej pr\u00e1ci pokra\u010dova\u0165 a zis\u0165ova\u0165 nov\u00e9 fakty a argumenty? Ak je to re\u00e1lne.<\/strong><\/p>\n\n\n\n<p>Bohu\u017eia\u013e, akt\u00edvne p\u00f4sobenie z na\u0161ej strany na tomto projekte kon\u010d\u00ed, ke\u010f\u017ee sme ukon\u010dili \u0161t\u00fadium na Strednej priemyselnej \u0161kole elektrotechnickej v Ko\u0161iciach, no ost\u00e1vame v kontakte so \u0161kolou a budeme pom\u00e1ha\u0165 \u010fal\u0161\u00edm \u017eiakom s projektami. Vieme \u010do by sa dalo zmeni\u0165 a \u010do by vedeli urobi\u0165 lep\u0161ie ako sme urobili my a radi by sme im tieto vedomosti odovzdali.<\/p>\n\n\n\n<p><strong>-Pred s\u00fa\u0165a\u017eou ste mali svoje vlastn\u00e9 ciele, \u00favahy nad \u010fal\u0161ou bud\u00facnos\u0165ou. Men\u00ed sa v\u00e1\u0161 poh\u013ead po s\u00fa\u0165a\u017ei na va\u0161e \u010fal\u0161ie smerovanie?<\/strong><\/p>\n\n\n\n<p>T\u00e1to s\u00fa\u0165a\u017e n\u00e1m uk\u00e1zala mnoh\u00e9 inov\u00e1cie a hlavne pravdepodobn\u00e9 mo\u017enosti, ktor\u00fdmi sa bude svet vedy a techniky ubera\u0165. Radi by sme to aplikovali v bud\u00facnosti a prispeli svojim \u201ck\u00faskom\u201d do tejto mozaiky.<\/p>\n\n\n\n<p><strong>-V\u00e1\u0161 najv\u00e4\u010d\u0161\u00ed z\u00e1\u017eitok?<\/strong><\/p>\n\n\n\n<p>Bol som milo prekvapen\u00fd mentalitou \u010c\u00ed\u0148anov. S prejavom vz\u00e1jomnej \u00facty a re\u0161pektu a to nielen vo\u010di n\u00e1m, ako s\u00fa\u0165a\u017eiacim, ale taktie\u017e k sebe navz\u00e1jom.<\/p>\n\n\n\n<p><strong>-\u010eakujem za rozhovor a&nbsp;\u017eel\u00e1m v\u00e1m obom v&nbsp;\u010fal\u0161om napredovan\u00ed e\u0161te ve\u013ea v\u00ed\u0165azstiev.<\/strong><\/p>\n\n\n\n<p><strong>Pre\u010d\u00edtali ste si len jeden z&nbsp;\u00faspe\u0161n\u00fdch pr\u00edbehov, ktor\u00e9 ka\u017edoro\u010dne za\u017e\u00edvaj\u00fa najlep\u0161\u00ed \u00fa\u010dastn\u00edci celoslovensk\u00e9ho fin\u00e1le Festivalu vedy a&nbsp;techniky AMAVET (FVAT). FVAT je celo\u0161t\u00e1tnou s\u00fa\u0165a\u017enou prehliadkou vedecko-technick\u00fdch projektov \u017eiakov z\u00e1kladn\u00fdch a stredn\u00fdch \u0161k\u00f4l, ktor\u00ed prezentuj\u00fa svoju b\u00e1date\u013esk\u00fa \u010dinnos\u0165 pomocou posterovej, panelovej prezent\u00e1cie. Na celoslovensk\u00e9 fin\u00e1le, ktor\u00e9 je v&nbsp;tomto roku op\u00e4\u0165 ako jedno z&nbsp;hlavn\u00fdch podujat\u00ed T\u00fd\u017ed\u0148a vedy a&nbsp;techniky na Slovensku, postupuj\u00fa naj\u00faspe\u0161nej\u0161ie projekty z&nbsp;krajsk\u00fdch k\u00f4l. D\u00e1tumy a&nbsp;miesta konania s\u00fa uveden\u00e9 v nasleduj\u00facom \u010dl\u00e1nku aj s&nbsp;term\u00ednom ukon\u010denia registr\u00e1cie, ktor\u00fd je pre v\u0161etky kraje jednotn\u00fd \u2013 9. okt\u00f3bra 2019. Celoslovensk\u00e9 fin\u00e1le, 22. ro\u010dn\u00edk, sa uskuto\u010dn\u00ed v&nbsp;Bratislave. Vyu\u017eite pr\u00edle\u017eitos\u0165 a&nbsp;porovnajte svoj um so svojimi rovesn\u00edkmi. Pr\u00ed\u010fte sa hra\u0165 s&nbsp;vedou, zist\u00edte, \u017ee je nielen z\u00e1bavn\u00e1, ale odkryje aj v\u00e1\u0161 talent a&nbsp;ur\u010dite bude pre v\u00e1s odrazov\u00fdm most\u00edkom k&nbsp;\u010fal\u0161iemu zmyslupln\u00e9mu \u0161t\u00fadiu.<\/strong><\/p>\n","protected":false},"excerpt":{"rendered":"<p>\u201eS\u00fa\u0165a\u017e n\u00e1s nau\u010dila spolupracova\u0165 ako t\u00edm s cie\u013eom dosiahnutia vyt\u00fa\u017een\u00e9ho v\u00fdsledku.\u201c Medzin\u00e1rodn\u00e1 projektov\u00e1 s\u00fa\u0165a\u017e stredo\u0161kol\u00e1kov CASTIC (China Adolescents Science and Technology Innovation Contest) v&nbsp;\u010c\u00edne sa v&nbsp;tomto roku konala 20. a\u017e 27. j\u00fala v meste&nbsp;Macau,&nbsp;v priestoroch University of the Macao in China.&nbsp;S\u00fa\u0165a\u017e v&nbsp;oblasti inov\u00e1ci\u00ed, vedy a&nbsp;techniky&nbsp;organizuje \u010c\u00ednska asoci\u00e1cia pre vedu a&nbsp;techniku, ministerstvo \u0161kolstva a&nbsp;\u010fal\u0161ie pr\u00edslu\u0161n\u00e9 vl\u00e1dne [&hellip;]<\/p>\n","protected":false},"author":1,"featured_media":2265,"comment_status":"closed","ping_status":"closed","sticky":false,"template":"","format":"standard","meta":{"om_disable_all_campaigns":false,"_monsterinsights_skip_tracking":false,"_monsterinsights_sitenote_active":false,"_monsterinsights_sitenote_note":"","_monsterinsights_sitenote_category":0,"_uf_show_specific_survey":0,"_uf_disable_surveys":false,"footnotes":""},"categories":[32],"tags":[],"class_list":["post-1430","post","type-post","status-publish","format-standard","has-post-thumbnail","hentry","category-vitazi-v-zahranici"],"yoast_head":"<!-- This site is optimized with the Yoast SEO plugin v27.2 - https:\/\/yoast.com\/product\/yoast-seo-wordpress\/ -->\n<title>Strieborn\u00ed Slov\u00e1ci z AMAVET-u v \u010c\u00edne - Festival vedy a techniky AMAVET<\/title>\n<meta name=\"robots\" content=\"index, follow, max-snippet:-1, max-image-preview:large, max-video-preview:-1\" \/>\n<link rel=\"canonical\" href=\"https:\/\/www.festivalvedy.sk\/wp2\/strieborni-slovaci-z-amavet-u-v-cine\/\" \/>\n<meta property=\"og:locale\" content=\"sk_SK\" \/>\n<meta property=\"og:type\" content=\"article\" \/>\n<meta property=\"og:title\" content=\"Strieborn\u00ed Slov\u00e1ci z AMAVET-u v \u010c\u00edne - Festival vedy a techniky AMAVET\" \/>\n<meta property=\"og:description\" content=\"\u201eS\u00fa\u0165a\u017e n\u00e1s nau\u010dila spolupracova\u0165 ako t\u00edm s cie\u013eom dosiahnutia vyt\u00fa\u017een\u00e9ho v\u00fdsledku.\u201c Medzin\u00e1rodn\u00e1 projektov\u00e1 s\u00fa\u0165a\u017e stredo\u0161kol\u00e1kov CASTIC (China Adolescents Science and Technology Innovation Contest) v&nbsp;\u010c\u00edne sa v&nbsp;tomto roku konala 20. a\u017e 27. j\u00fala v meste&nbsp;Macau,&nbsp;v priestoroch University of the Macao in China.&nbsp;S\u00fa\u0165a\u017e v&nbsp;oblasti inov\u00e1ci\u00ed, vedy a&nbsp;techniky&nbsp;organizuje \u010c\u00ednska asoci\u00e1cia pre vedu a&nbsp;techniku, ministerstvo \u0161kolstva a&nbsp;\u010fal\u0161ie pr\u00edslu\u0161n\u00e9 vl\u00e1dne [&hellip;]\" \/>\n<meta property=\"og:url\" content=\"https:\/\/www.festivalvedy.sk\/wp2\/strieborni-slovaci-z-amavet-u-v-cine\/\" \/>\n<meta property=\"og:site_name\" content=\"Festival vedy a techniky AMAVET\" \/>\n<meta property=\"article:published_time\" content=\"2019-09-23T13:55:42+00:00\" \/>\n<meta property=\"article:modified_time\" content=\"2019-11-27T15:02:03+00:00\" \/>\n<meta property=\"og:image\" content=\"https:\/\/www.festivalvedy.sk\/wp2\/wp-content\/uploads\/2019\/09\/Udelovanie_cien4-scaled.jpg\" \/>\n\t<meta property=\"og:image:width\" content=\"2560\" \/>\n\t<meta property=\"og:image:height\" content=\"1707\" \/>\n\t<meta property=\"og:image:type\" content=\"image\/jpeg\" \/>\n<meta name=\"author\" content=\"Redakcia\" \/>\n<meta name=\"twitter:card\" content=\"summary_large_image\" \/>\n<meta name=\"twitter:label1\" content=\"Autor\" \/>\n\t<meta name=\"twitter:data1\" content=\"Redakcia\" \/>\n\t<meta name=\"twitter:label2\" content=\"Predpokladan\u00fd \u010das \u010d\u00edtania\" \/>\n\t<meta name=\"twitter:data2\" content=\"8 min\u00fat\" \/>\n<script type=\"application\/ld+json\" class=\"yoast-schema-graph\">{\"@context\":\"https:\/\/schema.org\",\"@graph\":[{\"@type\":\"Article\",\"@id\":\"https:\/\/www.festivalvedy.sk\/wp2\/strieborni-slovaci-z-amavet-u-v-cine\/#article\",\"isPartOf\":{\"@id\":\"https:\/\/www.festivalvedy.sk\/wp2\/strieborni-slovaci-z-amavet-u-v-cine\/\"},\"author\":{\"name\":\"Redakcia\",\"@id\":\"https:\/\/www.festivalvedy.sk\/wp2\/#\/schema\/person\/f6c2e17170a626260fe38db97ed0a1f5\"},\"headline\":\"Strieborn\u00ed Slov\u00e1ci z AMAVET-u v \u010c\u00edne\",\"datePublished\":\"2019-09-23T13:55:42+00:00\",\"dateModified\":\"2019-11-27T15:02:03+00:00\",\"mainEntityOfPage\":{\"@id\":\"https:\/\/www.festivalvedy.sk\/wp2\/strieborni-slovaci-z-amavet-u-v-cine\/\"},\"wordCount\":1538,\"publisher\":{\"@id\":\"https:\/\/www.festivalvedy.sk\/wp2\/#organization\"},\"image\":{\"@id\":\"https:\/\/www.festivalvedy.sk\/wp2\/strieborni-slovaci-z-amavet-u-v-cine\/#primaryimage\"},\"thumbnailUrl\":\"https:\/\/www.festivalvedy.sk\/wp2\/wp-content\/uploads\/2019\/09\/Udelovanie_cien4-scaled.jpg\",\"articleSection\":[\"Reprezentovali n\u00e1s\"],\"inLanguage\":\"sk-SK\"},{\"@type\":\"WebPage\",\"@id\":\"https:\/\/www.festivalvedy.sk\/wp2\/strieborni-slovaci-z-amavet-u-v-cine\/\",\"url\":\"https:\/\/www.festivalvedy.sk\/wp2\/strieborni-slovaci-z-amavet-u-v-cine\/\",\"name\":\"Strieborn\u00ed Slov\u00e1ci z AMAVET-u v \u010c\u00edne - Festival vedy a techniky AMAVET\",\"isPartOf\":{\"@id\":\"https:\/\/www.festivalvedy.sk\/wp2\/#website\"},\"primaryImageOfPage\":{\"@id\":\"https:\/\/www.festivalvedy.sk\/wp2\/strieborni-slovaci-z-amavet-u-v-cine\/#primaryimage\"},\"image\":{\"@id\":\"https:\/\/www.festivalvedy.sk\/wp2\/strieborni-slovaci-z-amavet-u-v-cine\/#primaryimage\"},\"thumbnailUrl\":\"https:\/\/www.festivalvedy.sk\/wp2\/wp-content\/uploads\/2019\/09\/Udelovanie_cien4-scaled.jpg\",\"datePublished\":\"2019-09-23T13:55:42+00:00\",\"dateModified\":\"2019-11-27T15:02:03+00:00\",\"breadcrumb\":{\"@id\":\"https:\/\/www.festivalvedy.sk\/wp2\/strieborni-slovaci-z-amavet-u-v-cine\/#breadcrumb\"},\"inLanguage\":\"sk-SK\",\"potentialAction\":[{\"@type\":\"ReadAction\",\"target\":[\"https:\/\/www.festivalvedy.sk\/wp2\/strieborni-slovaci-z-amavet-u-v-cine\/\"]}]},{\"@type\":\"ImageObject\",\"inLanguage\":\"sk-SK\",\"@id\":\"https:\/\/www.festivalvedy.sk\/wp2\/strieborni-slovaci-z-amavet-u-v-cine\/#primaryimage\",\"url\":\"https:\/\/www.festivalvedy.sk\/wp2\/wp-content\/uploads\/2019\/09\/Udelovanie_cien4-scaled.jpg\",\"contentUrl\":\"https:\/\/www.festivalvedy.sk\/wp2\/wp-content\/uploads\/2019\/09\/Udelovanie_cien4-scaled.jpg\",\"width\":2560,\"height\":1707,\"caption\":\"china castic\"},{\"@type\":\"BreadcrumbList\",\"@id\":\"https:\/\/www.festivalvedy.sk\/wp2\/strieborni-slovaci-z-amavet-u-v-cine\/#breadcrumb\",\"itemListElement\":[{\"@type\":\"ListItem\",\"position\":1,\"name\":\"Home\",\"item\":\"https:\/\/www.festivalvedy.sk\/wp2\/\"},{\"@type\":\"ListItem\",\"position\":2,\"name\":\"Strieborn\u00ed Slov\u00e1ci z AMAVET-u v \u010c\u00edne\"}]},{\"@type\":\"WebSite\",\"@id\":\"https:\/\/www.festivalvedy.sk\/wp2\/#website\",\"url\":\"https:\/\/www.festivalvedy.sk\/wp2\/\",\"name\":\"Festival vedy a techniky AMAVET\",\"description\":\"AMAVET - Asoci\u00e1cia pre ml\u00e1de\u017e, vedu a techniku\",\"publisher\":{\"@id\":\"https:\/\/www.festivalvedy.sk\/wp2\/#organization\"},\"potentialAction\":[{\"@type\":\"SearchAction\",\"target\":{\"@type\":\"EntryPoint\",\"urlTemplate\":\"https:\/\/www.festivalvedy.sk\/wp2\/?s={search_term_string}\"},\"query-input\":{\"@type\":\"PropertyValueSpecification\",\"valueRequired\":true,\"valueName\":\"search_term_string\"}}],\"inLanguage\":\"sk-SK\"},{\"@type\":\"Organization\",\"@id\":\"https:\/\/www.festivalvedy.sk\/wp2\/#organization\",\"name\":\"Festival vedy a techniky AMAVET\",\"url\":\"https:\/\/www.festivalvedy.sk\/wp2\/\",\"logo\":{\"@type\":\"ImageObject\",\"inLanguage\":\"sk-SK\",\"@id\":\"https:\/\/www.festivalvedy.sk\/wp2\/#\/schema\/logo\/image\/\",\"url\":\"https:\/\/www.festivalvedy.sk\/wp2\/wp-content\/uploads\/2022\/02\/cropped-fvat-ochranna-zona.png\",\"contentUrl\":\"https:\/\/www.festivalvedy.sk\/wp2\/wp-content\/uploads\/2022\/02\/cropped-fvat-ochranna-zona.png\",\"width\":1190,\"height\":357,\"caption\":\"Festival vedy a techniky AMAVET\"},\"image\":{\"@id\":\"https:\/\/www.festivalvedy.sk\/wp2\/#\/schema\/logo\/image\/\"}},{\"@type\":\"Person\",\"@id\":\"https:\/\/www.festivalvedy.sk\/wp2\/#\/schema\/person\/f6c2e17170a626260fe38db97ed0a1f5\",\"name\":\"Redakcia\",\"image\":{\"@type\":\"ImageObject\",\"inLanguage\":\"sk-SK\",\"@id\":\"https:\/\/secure.gravatar.com\/avatar\/2f7c312d560e25e8eb59b6b53cadd5dc16b39f25bac1c7d0a221dafd9c91fae9?s=96&d=mm&r=g\",\"url\":\"https:\/\/secure.gravatar.com\/avatar\/2f7c312d560e25e8eb59b6b53cadd5dc16b39f25bac1c7d0a221dafd9c91fae9?s=96&d=mm&r=g\",\"contentUrl\":\"https:\/\/secure.gravatar.com\/avatar\/2f7c312d560e25e8eb59b6b53cadd5dc16b39f25bac1c7d0a221dafd9c91fae9?s=96&d=mm&r=g\",\"caption\":\"Redakcia\"},\"url\":\"https:\/\/www.festivalvedy.sk\/wp2\/author\/fvatadmin\/\"}]}<\/script>\n<!-- \/ Yoast SEO plugin. -->","yoast_head_json":{"title":"Strieborn\u00ed Slov\u00e1ci z AMAVET-u v \u010c\u00edne - Festival vedy a techniky AMAVET","robots":{"index":"index","follow":"follow","max-snippet":"max-snippet:-1","max-image-preview":"max-image-preview:large","max-video-preview":"max-video-preview:-1"},"canonical":"https:\/\/www.festivalvedy.sk\/wp2\/strieborni-slovaci-z-amavet-u-v-cine\/","og_locale":"sk_SK","og_type":"article","og_title":"Strieborn\u00ed Slov\u00e1ci z AMAVET-u v \u010c\u00edne - Festival vedy a techniky AMAVET","og_description":"\u201eS\u00fa\u0165a\u017e n\u00e1s nau\u010dila spolupracova\u0165 ako t\u00edm s cie\u013eom dosiahnutia vyt\u00fa\u017een\u00e9ho v\u00fdsledku.\u201c Medzin\u00e1rodn\u00e1 projektov\u00e1 s\u00fa\u0165a\u017e stredo\u0161kol\u00e1kov CASTIC (China Adolescents Science and Technology Innovation Contest) v&nbsp;\u010c\u00edne sa v&nbsp;tomto roku konala 20. a\u017e 27. j\u00fala v meste&nbsp;Macau,&nbsp;v priestoroch University of the Macao in China.&nbsp;S\u00fa\u0165a\u017e v&nbsp;oblasti inov\u00e1ci\u00ed, vedy a&nbsp;techniky&nbsp;organizuje \u010c\u00ednska asoci\u00e1cia pre vedu a&nbsp;techniku, ministerstvo \u0161kolstva a&nbsp;\u010fal\u0161ie pr\u00edslu\u0161n\u00e9 vl\u00e1dne [&hellip;]","og_url":"https:\/\/www.festivalvedy.sk\/wp2\/strieborni-slovaci-z-amavet-u-v-cine\/","og_site_name":"Festival vedy a techniky AMAVET","article_published_time":"2019-09-23T13:55:42+00:00","article_modified_time":"2019-11-27T15:02:03+00:00","og_image":[{"width":2560,"height":1707,"url":"https:\/\/www.festivalvedy.sk\/wp2\/wp-content\/uploads\/2019\/09\/Udelovanie_cien4-scaled.jpg","type":"image\/jpeg"}],"author":"Redakcia","twitter_card":"summary_large_image","twitter_misc":{"Autor":"Redakcia","Predpokladan\u00fd \u010das \u010d\u00edtania":"8 min\u00fat"},"schema":{"@context":"https:\/\/schema.org","@graph":[{"@type":"Article","@id":"https:\/\/www.festivalvedy.sk\/wp2\/strieborni-slovaci-z-amavet-u-v-cine\/#article","isPartOf":{"@id":"https:\/\/www.festivalvedy.sk\/wp2\/strieborni-slovaci-z-amavet-u-v-cine\/"},"author":{"name":"Redakcia","@id":"https:\/\/www.festivalvedy.sk\/wp2\/#\/schema\/person\/f6c2e17170a626260fe38db97ed0a1f5"},"headline":"Strieborn\u00ed Slov\u00e1ci z AMAVET-u v \u010c\u00edne","datePublished":"2019-09-23T13:55:42+00:00","dateModified":"2019-11-27T15:02:03+00:00","mainEntityOfPage":{"@id":"https:\/\/www.festivalvedy.sk\/wp2\/strieborni-slovaci-z-amavet-u-v-cine\/"},"wordCount":1538,"publisher":{"@id":"https:\/\/www.festivalvedy.sk\/wp2\/#organization"},"image":{"@id":"https:\/\/www.festivalvedy.sk\/wp2\/strieborni-slovaci-z-amavet-u-v-cine\/#primaryimage"},"thumbnailUrl":"https:\/\/www.festivalvedy.sk\/wp2\/wp-content\/uploads\/2019\/09\/Udelovanie_cien4-scaled.jpg","articleSection":["Reprezentovali n\u00e1s"],"inLanguage":"sk-SK"},{"@type":"WebPage","@id":"https:\/\/www.festivalvedy.sk\/wp2\/strieborni-slovaci-z-amavet-u-v-cine\/","url":"https:\/\/www.festivalvedy.sk\/wp2\/strieborni-slovaci-z-amavet-u-v-cine\/","name":"Strieborn\u00ed Slov\u00e1ci z AMAVET-u v \u010c\u00edne - Festival vedy a techniky AMAVET","isPartOf":{"@id":"https:\/\/www.festivalvedy.sk\/wp2\/#website"},"primaryImageOfPage":{"@id":"https:\/\/www.festivalvedy.sk\/wp2\/strieborni-slovaci-z-amavet-u-v-cine\/#primaryimage"},"image":{"@id":"https:\/\/www.festivalvedy.sk\/wp2\/strieborni-slovaci-z-amavet-u-v-cine\/#primaryimage"},"thumbnailUrl":"https:\/\/www.festivalvedy.sk\/wp2\/wp-content\/uploads\/2019\/09\/Udelovanie_cien4-scaled.jpg","datePublished":"2019-09-23T13:55:42+00:00","dateModified":"2019-11-27T15:02:03+00:00","breadcrumb":{"@id":"https:\/\/www.festivalvedy.sk\/wp2\/strieborni-slovaci-z-amavet-u-v-cine\/#breadcrumb"},"inLanguage":"sk-SK","potentialAction":[{"@type":"ReadAction","target":["https:\/\/www.festivalvedy.sk\/wp2\/strieborni-slovaci-z-amavet-u-v-cine\/"]}]},{"@type":"ImageObject","inLanguage":"sk-SK","@id":"https:\/\/www.festivalvedy.sk\/wp2\/strieborni-slovaci-z-amavet-u-v-cine\/#primaryimage","url":"https:\/\/www.festivalvedy.sk\/wp2\/wp-content\/uploads\/2019\/09\/Udelovanie_cien4-scaled.jpg","contentUrl":"https:\/\/www.festivalvedy.sk\/wp2\/wp-content\/uploads\/2019\/09\/Udelovanie_cien4-scaled.jpg","width":2560,"height":1707,"caption":"china castic"},{"@type":"BreadcrumbList","@id":"https:\/\/www.festivalvedy.sk\/wp2\/strieborni-slovaci-z-amavet-u-v-cine\/#breadcrumb","itemListElement":[{"@type":"ListItem","position":1,"name":"Home","item":"https:\/\/www.festivalvedy.sk\/wp2\/"},{"@type":"ListItem","position":2,"name":"Strieborn\u00ed Slov\u00e1ci z AMAVET-u v \u010c\u00edne"}]},{"@type":"WebSite","@id":"https:\/\/www.festivalvedy.sk\/wp2\/#website","url":"https:\/\/www.festivalvedy.sk\/wp2\/","name":"Festival vedy a techniky AMAVET","description":"AMAVET - Asoci\u00e1cia pre ml\u00e1de\u017e, vedu a techniku","publisher":{"@id":"https:\/\/www.festivalvedy.sk\/wp2\/#organization"},"potentialAction":[{"@type":"SearchAction","target":{"@type":"EntryPoint","urlTemplate":"https:\/\/www.festivalvedy.sk\/wp2\/?s={search_term_string}"},"query-input":{"@type":"PropertyValueSpecification","valueRequired":true,"valueName":"search_term_string"}}],"inLanguage":"sk-SK"},{"@type":"Organization","@id":"https:\/\/www.festivalvedy.sk\/wp2\/#organization","name":"Festival vedy a techniky AMAVET","url":"https:\/\/www.festivalvedy.sk\/wp2\/","logo":{"@type":"ImageObject","inLanguage":"sk-SK","@id":"https:\/\/www.festivalvedy.sk\/wp2\/#\/schema\/logo\/image\/","url":"https:\/\/www.festivalvedy.sk\/wp2\/wp-content\/uploads\/2022\/02\/cropped-fvat-ochranna-zona.png","contentUrl":"https:\/\/www.festivalvedy.sk\/wp2\/wp-content\/uploads\/2022\/02\/cropped-fvat-ochranna-zona.png","width":1190,"height":357,"caption":"Festival vedy a techniky AMAVET"},"image":{"@id":"https:\/\/www.festivalvedy.sk\/wp2\/#\/schema\/logo\/image\/"}},{"@type":"Person","@id":"https:\/\/www.festivalvedy.sk\/wp2\/#\/schema\/person\/f6c2e17170a626260fe38db97ed0a1f5","name":"Redakcia","image":{"@type":"ImageObject","inLanguage":"sk-SK","@id":"https:\/\/secure.gravatar.com\/avatar\/2f7c312d560e25e8eb59b6b53cadd5dc16b39f25bac1c7d0a221dafd9c91fae9?s=96&d=mm&r=g","url":"https:\/\/secure.gravatar.com\/avatar\/2f7c312d560e25e8eb59b6b53cadd5dc16b39f25bac1c7d0a221dafd9c91fae9?s=96&d=mm&r=g","contentUrl":"https:\/\/secure.gravatar.com\/avatar\/2f7c312d560e25e8eb59b6b53cadd5dc16b39f25bac1c7d0a221dafd9c91fae9?s=96&d=mm&r=g","caption":"Redakcia"},"url":"https:\/\/www.festivalvedy.sk\/wp2\/author\/fvatadmin\/"}]}},"_links":{"self":[{"href":"https:\/\/www.festivalvedy.sk\/wp2\/wp-json\/wp\/v2\/posts\/1430","targetHints":{"allow":["GET"]}}],"collection":[{"href":"https:\/\/www.festivalvedy.sk\/wp2\/wp-json\/wp\/v2\/posts"}],"about":[{"href":"https:\/\/www.festivalvedy.sk\/wp2\/wp-json\/wp\/v2\/types\/post"}],"author":[{"embeddable":true,"href":"https:\/\/www.festivalvedy.sk\/wp2\/wp-json\/wp\/v2\/users\/1"}],"replies":[{"embeddable":true,"href":"https:\/\/www.festivalvedy.sk\/wp2\/wp-json\/wp\/v2\/comments?post=1430"}],"version-history":[{"count":2,"href":"https:\/\/www.festivalvedy.sk\/wp2\/wp-json\/wp\/v2\/posts\/1430\/revisions"}],"predecessor-version":[{"id":2267,"href":"https:\/\/www.festivalvedy.sk\/wp2\/wp-json\/wp\/v2\/posts\/1430\/revisions\/2267"}],"wp:featuredmedia":[{"embeddable":true,"href":"https:\/\/www.festivalvedy.sk\/wp2\/wp-json\/wp\/v2\/media\/2265"}],"wp:attachment":[{"href":"https:\/\/www.festivalvedy.sk\/wp2\/wp-json\/wp\/v2\/media?parent=1430"}],"wp:term":[{"taxonomy":"category","embeddable":true,"href":"https:\/\/www.festivalvedy.sk\/wp2\/wp-json\/wp\/v2\/categories?post=1430"},{"taxonomy":"post_tag","embeddable":true,"href":"https:\/\/www.festivalvedy.sk\/wp2\/wp-json\/wp\/v2\/tags?post=1430"}],"curies":[{"name":"wp","href":"https:\/\/api.w.org\/{rel}","templated":true}]}}