{"id":1434,"date":"2019-09-24T09:15:06","date_gmt":"2019-09-24T07:15:06","guid":{"rendered":"https:\/\/www.festivalvedy.sk\/wp2\/?p=1434"},"modified":"2019-11-27T16:00:09","modified_gmt":"2019-11-27T15:00:09","slug":"intel-isef-2019-phoenix-usa-alebo-splnenie-si-americkeho-sna","status":"publish","type":"post","link":"https:\/\/www.festivalvedy.sk\/wp2\/intel-isef-2019-phoenix-usa-alebo-splnenie-si-americkeho-sna\/","title":{"rendered":"Intel ISEF 2019 \u2013 Phoenix, USA alebo splnenie si \u201eamerick\u00e9ho sna\u201c"},"content":{"rendered":"\n<p><strong>V d\u0148och 13.-17. m\u00e1ja 2019 sa uskuto\u010dnila v meste Phoenix v americkom \u0161t\u00e1te Arizona najprest\u00ed\u017enej\u0161ia projektov\u00e1 s\u00fa\u0165a\u017e stredo\u0161kol\u00e1kov Intel ISEF (International Science and Engineering Fair). S\u00fa\u0165a\u017e sa kon\u00e1 ka\u017edoro\u010dne s celkov\u00fdm po\u010dtom vy\u0161e 1500 \u00fa\u010dastn\u00edkov (v roku 2019 viac ako 1800) z 80 \u0161t\u00e1tov sveta. V tomto roku sa s\u00fa\u0165a\u017ee Intel ISEF z\u00fa\u010dastnili slovensk\u00ed finalisti Festivalu vedy a techniky AMAVET \u2013 stredo\u0161kol\u00e1ci Aneta Anna Dunajov\u00e1 z Gymn\u00e1zia sv. Cyrila a Metoda v Snine, Peter \u0160kripko a J\u00e1n Ma\u0165ufka z Gymn\u00e1zia sv. Mikul\u00e1\u0161a v Pre\u0161ove.<\/strong><\/p>\n\n\n\n<p><strong>Peter s Jankom z\u00edskali kr\u00e1sne 4. miesto v kateg\u00f3rii Materi\u00e1lov\u00e9 vedy.<\/strong><\/p>\n\n\n\n<p><strong>Ich spolo\u010dn\u00fd projekt s n\u00e1zvom \u201eN\u00e1hrada syntetick\u00fdch UV-absorbentov lign\u00ednom\u201c, popisuje alternat\u00edvu ku syntetick\u00fdm opa\u013eovac\u00edm pr\u00edpravkom na b\u00e1ze pr\u00edrodnej l\u00e1tky (pr\u00edrodn\u00fd opa\u013eovac\u00ed kr\u00e9m), ktor\u00e1 je lacnej\u0161ia, efekt\u00edvnej\u0161ia, s pozit\u00edvnymi vplyvmi na \u013eudsk\u00e9 zdravie (syntetick\u00e9 pr\u00edpravky sp\u00f4sobuj\u00fa negat\u00edvne \u00fa\u010dinky), dok\u00e1\u017ee efekt\u00edvne chr\u00e1ni\u0165 \u0161iroko vyu\u017e\u00edvan\u00e9 priemyseln\u00e9 materi\u00e1ly pred UV \u017eiaren\u00edm bez negat\u00edvnych dopadov na \u017eivotn\u00e9 prostredie a zv\u00fd\u0161i\u0165 UV ochranu pr\u00edrodn\u00fdch materi\u00e1lov.<\/strong><\/p>\n\n\n\n<p><strong>Projekt Anety Anny Dunajovej \u201eDetekcia chr\u00edpkov\u00e9ho v\u00edrusu pomocou impedimetrick\u00e9ho biosenzora\u201c bol v kateg\u00f3ri\u00ed Biomedic\u00ednske in\u017einierstvo. Anetka vo svojom projekte popisuje r\u00fdchlu, lacn\u00fa a ve\u013emi citliv\u00fa met\u00f3du na detekciu najroz\u0161\u00edrenej\u0161ieho v\u00edrusu chr\u00edpky typu A, pomocou zostaven\u00e9ho biosenzora na b\u00e1ze \u0161pecifickej v\u00e4zby medzi v\u00edrusom a protil\u00e1tkou.<\/strong><\/p>\n\n\n\n<div class=\"wp-block-image\"><figure class=\"alignleft\"><img decoding=\"async\" src=\"https:\/\/www.amavet.sk\/wp-content\/uploads\/2019\/06\/2-225x300.jpg\" alt=\"\" class=\"wp-image-1151\"\/><\/figure><\/div>\n\n\n\n<p>Na\u0161u cestu sme za\u010dali na medzin\u00e1rodnom letisku Schwechat vo Viedni, odkia\u013e sme leteli do tretieho naj\u013eudnatej\u0161ieho mesta USA, Chicaga, kde sme sa nevyhli dlh\u00fdm radom \u010dakaj\u00facim na vstup do krajiny a nieko\u013ekon\u00e1sobn\u00fdm kontrol\u00e1m, spojen\u00fdm s preh\u013ead\u00e1van\u00edm bato\u017e\u00edn a h\u013eadan\u00edm drog. V hodine dvan\u00e1stej sme chytili n\u00e1\u0161 pr\u00edpoj do Phoenixu, ktor\u00fd je cel\u00fd obklopen\u00fd p\u00fa\u0161\u0165ou a mno\u017estvom pohor\u00ed alebo ka\u0148onov.<\/p>\n\n\n\n<p>Po ubytovan\u00ed v jednom z najluxusnej\u0161\u00edch hotelov centra mesta n\u00e1s v prv\u00e9 dni \u010dakala in\u0161tal\u00e1cia posterov, spojen\u00e1 s ich bezpe\u010dnostnou kontrolou a mo\u017enos\u0165 z\u00fa\u010dastni\u0165 sa na vysokom po\u010dte vedeck\u00fdch symp\u00f3zi\u00ed z jednotliv\u00fdch vedn\u00fdch discipl\u00edn, kde sme mohli diskutova\u0165 s odborn\u00edkmi z jednotliv\u00fdch oblast\u00ed.<\/p>\n\n\n\n<p>\u010clen slovensk\u00e9ho t\u00edmu, J\u00e1n Ma\u0165ufka bol dokonca vybran\u00fd spolu s \u010fal\u0161\u00edmi \u00fa\u010dastn\u00edkmi a mohol polo\u017ei\u0165 svoju ot\u00e1zku t\u00fdkaj\u00facu sa vyu\u017e\u00edvania vo\u013en\u00e9ho \u010dasu \u013eud\u00ed ako Martin Chalfie (nosite\u013e Nobelovej ceny za ch\u00e9miu) a str\u00e1vi\u0165 obed v priate\u013eskej atmosf\u00e9re s vedky\u0148ou Dianne Newman (z California Institute of Technology).<\/p>\n\n\n\n<div class=\"wp-block-image\"><figure class=\"alignright\"><img decoding=\"async\" src=\"https:\/\/www.amavet.sk\/wp-content\/uploads\/2019\/06\/3-300x225.jpg\" alt=\"\" class=\"wp-image-1152\"\/><\/figure><\/div>\n\n\n\n<p>K na\u0161im nezabudnute\u013en\u00fdm z\u00e1\u017eitkom patr\u00ed otv\u00e1rac\u00ed ceremoni\u00e1l, kde okrem \u00favodn\u00fdch slov hlavn\u00fdch organiz\u00e1torov s\u00fa\u0165a\u017ee, n\u00e1s \u010dakala sveteln\u00e1 show spojen\u00e1 s umeleck\u00fdm tancom. S\u00fa\u010das\u0165ou ceremoni\u00e1lu bola prezent\u00e1cia 80 z\u00fa\u010dastnen\u00fdch kraj\u00edn pomocou vytvoren\u00fdch bannerov s typick\u00fdmi prvkami dan\u00fdch kraj\u00edn a tradi\u010dn\u00fdch oble\u010den\u00ed. Tradi\u010dn\u00fd \u010di\u010dmansk\u00fd vzor obohaten\u00fd o kr\u00e1sy na\u0161ej krajiny a v\u00fdchodoslovensk\u00e9 kroje nemohli ch\u00fdba\u0165.<\/p>\n\n\n\n<p>Jedn\u00fdm z najpopul\u00e1rnej\u0161\u00edch \u0161portov USA je baseball. Po\u010das s\u00fa\u0165a\u017ee sme mali mo\u017enos\u0165 z\u00fa\u010dastni\u0165 sa na z\u00e1pase dom\u00e1ceho t\u00edmu D-Backs na \u0161tadi\u00f3ne Chase Field a vychutna\u0165 si tradi\u010dn\u00fa atmosf\u00e9ru \u0161portov\u00e9ho stretnutia na \u0161tadi\u00f3ne pre viac ako 49 tis\u00edc div\u00e1kov, spojen\u00fa s vysk\u00fa\u0161an\u00edm tradi\u010dn\u00fdch americk\u00fdch jed\u00e1l.<\/p>\n\n\n\n<div class=\"wp-block-image\"><figure class=\"alignleft\"><img decoding=\"async\" src=\"https:\/\/www.amavet.sk\/wp-content\/uploads\/2019\/06\/4-300x225.jpg\" alt=\"\" class=\"wp-image-1153\"\/><\/figure><\/div>\n\n\n\n<p>Najd\u00f4le\u017eitej\u0161\u00edm d\u0148om cel\u00e9ho pobytu bol \u201ejudging day\u201c, po\u010das ktor\u00e9ho mal ka\u017ed\u00fd projekt priraden\u00fd jednotliv\u00fdch porotcov, ktor\u00fdm prezentoval svoje v\u00fdsledky a n\u00e1sledne odpovedal na niekedy nepr\u00edjemn\u00e9 ot\u00e1zky.<\/p>\n\n\n\n<p>V\u00fdsledky na\u0161ej pr\u00e1ce boli prezentovan\u00e9 aj verejnosti, komer\u010dn\u00fdm spolo\u010dnostiam a \u013eu\u010fom zauj\u00edmaj\u00facim sa o vedu. Po\u010das tohto d\u0148a sme stretli nieko\u013eko \u013eud\u00ed s kore\u0148mi v na\u0161ej krajine a niektor\u00ed plynule ovl\u00e1dali n\u00e1\u0161 jazyk. Tento de\u0148 pon\u00fakal okrem mo\u017enost\u00ed prezentova\u0165 svoje v\u00fdsledky aj mo\u017enos\u0165 predstavi\u0165 na\u0161u krajinu pomocou tradi\u010dn\u00fdch slovensk\u00fdch pamiatok a sladkost\u00ed svetovej verejnosti.<\/p>\n\n\n\n<div class=\"wp-block-image\"><figure class=\"alignright\"><img decoding=\"async\" src=\"https:\/\/www.amavet.sk\/wp-content\/uploads\/2019\/06\/5-300x225.jpg\" alt=\"\" class=\"wp-image-1154\"\/><\/figure><\/div>\n\n\n\n<p>Mlad\u00ed \u013eudia s\u00fa vo v\u0161eobecnosti charakterizovan\u00ed l\u00e1skou k hudbe, tancu a vo\u013eno\u010dasov\u00fdm aktivit\u00e1m. V\u00fdnimkou nie s\u00fa ani mlad\u00ed vedci, pre ktor\u00fdch bola pripraven\u00e1 akcia s n\u00e1zvom \u201eStudent mixer\u201c, kde sme mohli spozna\u0165 \u00fa\u010dastn\u00edkov z in\u00fdch kraj\u00edn pri hran\u00ed klasick\u00fdch americk\u00fdch hier a tancovan\u00ed na diskot\u00e9ke.<\/p>\n\n\n\n<p>Po t\u00fd\u017edni \u010derpania nov\u00fdch vedomost\u00ed a sk\u00fasenost\u00ed sa na\u0161e obzory roz\u0161\u00edrili aj v oblasti tradi\u010dnej kult\u00fary v Arizone prostredn\u00edctvom zn\u00e1meho indi\u00e1nskeho Heard Museum, v ktorom sme si mohli obzrie\u0165 jedine\u010dn\u00e9 k\u00fasky a dozvedie\u0165 sa mnoh\u00e9 zauj\u00edmavosti z hist\u00f3rie p\u00f4vodn\u00fdch obyvate\u013eov Ameriky.<\/p>\n\n\n\n<p>Vyvrcholen\u00edm s\u00fa\u0165a\u017ee bolo rozd\u00e1vanie \u0161peci\u00e1lnych (\u0161tipendi\u00e1, finan\u010dn\u00e9 odmeny od komer\u010dn\u00fdch firiem) a hlavn\u00fdch cien. Finalisti J\u00e1n Ma\u0165ufka a Peter \u0160kripko z\u00edskali ve\u013emi pekn\u00e9 4. miesto v kateg\u00f3rii Materi\u00e1lov\u00e9 vedy.<\/p>\n\n\n\n<p>Dojmy \u00fa\u010dastn\u00edkov na Intel ISEF vo Phoenix:<\/p>\n\n\n\n<p>J\u00e1n Ma\u0165ufka:&nbsp;<em>\u201cS\u00fa\u0165a\u017e na m\u0148a osobne p\u00f4sobila ve\u013ekolep\u00fdm dojmom. Priestory, v ktor\u00fdch sme sa po\u010das s\u00fa\u0165a\u017ee pohybovali (Phoenix Convention Center), boli ve\u013emi dobre vybaven\u00e9. K neuverite\u013en\u00fdm z\u00e1\u017eitkom patrilo ur\u010dite aj spoznanie \u00fa\u017easn\u00fdch mlad\u00fdch \u013eud\u00ed s mno\u017estvom potenci\u00e1lu. Na mnoho vec\u00ed mi s\u00fa\u0165a\u017e poskytla nov\u00fd poh\u013ead. Samotn\u00e9 ocenenie bolo u\u017e len akousi \u010dere\u0161ni\u010dkou na torte a mo\u017eno aj zados\u0165u\u010dinen\u00edm na\u0161ej pr\u00e1ce. Ka\u017ed\u00e9mu by som prial za\u017ei\u0165 tak\u00e9to nezabudnute\u013en\u00e9 chv\u00edle a ma\u0165 t\u00fato jedine\u010dn\u00fa sk\u00fasenos\u0165.\u201d<\/em><\/p>\n\n\n\n<p>Peter \u0160kripko:&nbsp;<em>\u201c\u00da\u010das\u0165 na najv\u00e4\u010d\u0161ej s\u00fa\u0165a\u017ei mlad\u00fdch vedcov bola pre m\u0148a splnen\u00fdm snom, ktor\u00fd ozdobilo skvel\u00e9 4. miesto. Po\u010das ISEF-u som za\u017eil nezabudnute\u013en\u00e9 momenty: stretol nosite\u013ea Nobelovej ceny (Martin Chalfie), diskutoval o projekte s odborn\u00edkmi, spoznal mentalitu \u013eud\u00ed z in\u00fdch kraj\u00edn. Som v\u010fa\u010dn\u00fd za pr\u00edle\u017eitos\u0165 reprezentova\u0165 na\u0161u krajinu, mo\u017enos\u0165 z\u00edska\u0165 nov\u00e9 sk\u00fasenosti a za\u017ei\u0165 kr\u00e1sne chv\u00edle \u201d.<\/em><\/p>\n\n\n\n<p>Aneta Anna Dunajov\u00e1:&nbsp;<em>\u201cT\u00e1to s\u00fa\u0165a\u017e je z m\u00f4jho poh\u013eadu miestom obrovsk\u00fdch \u0161anc\u00ed. Od spozn\u00e1vania in\u00fdch n\u00e1rodnost\u00ed po panelov\u00e9 diskusie s v\u00fdznamn\u00fdmi vedcami dne\u0161nej doby mi poskytli \u00faplne in\u00fd uhol poh\u013eadu na z\u00e1sadn\u00e9 veci. Najv\u00e4\u010d\u0161ou sk\u00fasenos\u0165ou v\u0161ak je prezentovanie vlastn\u00e9ho projektu odbornej hodnotiacej komisii a samotn\u00e9 diskutovanie s odborn\u00edkmi v danej oblasti. Som naozaj \u0161\u0165astn\u00e1, \u017ee som mohla by\u0165 s\u00fa\u010das\u0165ou tohtoro\u010dn\u00e9ho ISEF-u.\u201d<\/em><\/p>\n\n\n\n<p>Michal Zaja\u010dek (ved\u00faci slovenskej deleg\u00e1cie):&nbsp;<em>\u201cNa medzin\u00e1rodnej projektovej s\u00fa\u0165a\u017ei Intel ISEF som sa z\u00fa\u010dastnil po prv\u00fdkr\u00e1t a to vo funkcii ved\u00faceho deleg\u00e1cie (po anglicky: adult in charge). Mal som u\u017e pred pr\u00edletom ve\u013ek\u00e9 o\u010dak\u00e1vania, no mus\u00edm poveda\u0165, \u017ee za\u017ei\u0165 cel\u00fa atmosf\u00e9ru ISEF-u zanechalo vo mne siln\u00e9 pozit\u00edvne dojmy. Z mlad\u00fdch ved\u00e1torov bolo c\u00edti\u0165 ve\u013ek\u00fa motiv\u00e1ciu a energiu a takisto kreativitu a odhodlanie, \u010do aj m\u0148a osobne in\u0161pirovalo a motivovalo k \u010fal\u0161ej pr\u00e1ci ako vedeck\u00e9ho pracovn\u00edka, ale aj populariz\u00e1tora vedy v r\u00e1mci AMAVET-u. Chcem tie\u017e pochv\u00e1li\u0165 na\u0161ich troch nadan\u00fdch \u00fa\u010dastn\u00edkov zo Slovenska \u2013 Anetku, Petra a Janka \u2013 za uk\u00e1\u017ekov\u00e9 prezentovanie ich projektov a celkov\u00fa discipl\u00ednu po\u010das podujatia. Takisto sa chcem po\u010fakova\u0165 ich u\u010dite\u013eom, ved\u00facim, konzultantom, rodi\u010dom a kamar\u00e1tom, \u017ee ich pred a po\u010das tejto cesty r\u00f4znymi sp\u00f4sobmi podporovali. Ve\u013ek\u00e1 v\u010faka patr\u00ed aj predsedn\u00edctvu a sekretari\u00e1tu AMAVET-u za celkov\u00fa organiz\u00e1ciu a podporu, bez ktorej by na\u0161a \u00fa\u010das\u0165 nebola mo\u017en\u00e1. V z\u00e1vere som tak mohol by\u0165 na na\u0161u slovensk\u00fa deleg\u00e1ciu skuto\u010dne hrd\u00fd a bola to pre m\u0148a \u010des\u0165 sa tejto na\u0161ej \u201cv\u00fdpravy\u201d z\u00fa\u010dastni\u0165!\u201d<\/em><\/p>\n\n\n\n<p>Pripravili sme pre v\u00e1s aj video hlavn\u00fdch okamihov na Intel ISEF 2019 vo Phoenix, Arizona:<\/p>\n\n\n\n<figure class=\"wp-block-embed-youtube wp-block-embed is-type-video is-provider-youtube wp-embed-aspect-16-9 wp-has-aspect-ratio\"><div class=\"wp-block-embed__wrapper\">\n<iframe loading=\"lazy\" title=\"Intel ISEF 2019 Slovak Delegacy Highlights\" width=\"1170\" height=\"658\" src=\"https:\/\/www.youtube.com\/embed\/qH6uoW45ojU?feature=oembed\" frameborder=\"0\" allow=\"accelerometer; autoplay; encrypted-media; gyroscope; picture-in-picture\" allowfullscreen><\/iframe>\n<\/div><\/figure>\n\n\n\n<p>\u00da\u010das\u0165 na tejto s\u00fa\u0165a\u017ei by nebola mo\u017en\u00e1 bez podpory ob\u010dianskeho zdru\u017eenia AMAVET, ktor\u00fd organizuje Festival vedy a techniky.<\/p>\n\n\n\n<p>Projekt Anety Anny Dunajovej:&nbsp;<em>Po\u010fakovanie patr\u00ed Ing. Milane Buhajovej z Gymn\u00e1zia sv. Cyrila a Metoda v Snine za koordin\u00e1ciu projektu, &nbsp;doc. RNDr. Miroslavovi G\u00e1lovi, PhD.&nbsp; z \u00dastavu anorganickej ch\u00e9mie, technol\u00f3gie a materi\u00e1lov Slovenskej technickej univerzity v Bratislave za poskytnutie priestorov pre realiz\u00e1ciu tohto projektu a za celkov\u00fa koordin\u00e1ciu projektu. Za poskytnutie materi\u00e1lov by som rada po\u010fakovala Virologick\u00e9mu \u00fastavu Slovenskej akad\u00e9mie vied. &nbsp;Po\u010fakovanie za finan\u010dn\u00fa podporu patr\u00ed Ing. Daniele Galandovej, Detskej organiz\u00e1ci\u00ed F\u00c9NIX a nada\u010dn\u00e9mu fondu CREDO.<\/em><\/p>\n\n\n\n<p>Projekt J\u00e1na Ma\u0165ufku a Petra \u0160kripka:&nbsp;<em>Radi by sme sa po\u010fakovali RNDr. Miriam Feretovej z Gymn\u00e1zia sv. Mikul\u00e1\u0161a v Pre\u0161ove a Mgr. Mari\u00e1novi Babin\u010d\u00e1kovi z Univerzity Pavla Jozefa \u0160af\u00e1rika v Ko\u0161iciach za koordin\u00e1ciu projektu. Mgr. Martine Kuch\u00e1rikovej z Gymn\u00e1zia sv. Mikul\u00e1\u0161a v Pre\u0161ove za preklad pr\u00e1ce. &nbsp;\u010eakujeme aj doc. Mgr. Danielovi Jancurovi, PhD., RNDr. Annam\u00e1rii Jutkovej z Katedry biofyziky Univerzity Pavla Jozefa \u0160af\u00e1rika v Ko\u0161iciach, RNDr. Petrovi G\u00e1lovi, PhD. z Karlovej univerzity v Prahe, prof. Ing. Ivanovi Chod\u00e1kovi, DrSc., Ing. Franti\u0161kovi Ivani\u010dovi z \u00dastavu polym\u00e9rov Slovenskej akad\u00e9mie vied v Bratislave, Prof. Ing. Mari\u00e1novi Antal\u00edkovi, DrSc. z \u00dastavu experiment\u00e1lnej fyziky Slovenskej akad\u00e9mie vied v Ko\u0161iciach za \u00fa\u010delom konzult\u00e1cie, mo\u017enosti v\u00fdskumu na t\u00fdchto pracovisk\u00e1ch a pomoc s pr\u00edpravou vzoriek. Za finan\u010dn\u00fa podporu pri realiz\u00e1cii projektu \u010fakujeme Nad\u00e1cii Talenty novej Eur\u00f3py, Nad\u00e1cii Pontis, Nada\u010dn\u00e9mu fondu AXA, Nad\u00e1cii EPH a organiz\u00e1cii LEAF.<\/em><\/p>\n\n\n\n<p><strong>Aneta Anna Dunajov\u00e1, Peter \u0160kripko, J\u00e1n Ma\u0165ufka a&nbsp;Michal Zaja\u010dek<\/strong><\/p>\n","protected":false},"excerpt":{"rendered":"<p>V d\u0148och 13.-17. m\u00e1ja 2019 sa uskuto\u010dnila v meste Phoenix v americkom \u0161t\u00e1te Arizona najprest\u00ed\u017enej\u0161ia projektov\u00e1 s\u00fa\u0165a\u017e stredo\u0161kol\u00e1kov Intel ISEF (International Science and Engineering Fair). S\u00fa\u0165a\u017e sa kon\u00e1 ka\u017edoro\u010dne s celkov\u00fdm po\u010dtom vy\u0161e 1500 \u00fa\u010dastn\u00edkov (v roku 2019 viac ako 1800) z 80 \u0161t\u00e1tov sveta. V tomto roku sa s\u00fa\u0165a\u017ee Intel ISEF z\u00fa\u010dastnili slovensk\u00ed finalisti [&hellip;]<\/p>\n","protected":false},"author":1,"featured_media":2263,"comment_status":"closed","ping_status":"closed","sticky":false,"template":"","format":"standard","meta":{"om_disable_all_campaigns":false,"_monsterinsights_skip_tracking":false,"_monsterinsights_sitenote_active":false,"_monsterinsights_sitenote_note":"","_monsterinsights_sitenote_category":0,"_uf_show_specific_survey":0,"_uf_disable_surveys":false,"footnotes":""},"categories":[32],"tags":[],"class_list":["post-1434","post","type-post","status-publish","format-standard","has-post-thumbnail","hentry","category-vitazi-v-zahranici"],"yoast_head":"<!-- This site is optimized with the Yoast SEO plugin v27.2 - https:\/\/yoast.com\/product\/yoast-seo-wordpress\/ -->\n<title>Intel ISEF 2019 \u2013 Phoenix, USA alebo splnenie si \u201eamerick\u00e9ho sna\u201c - Festival vedy a techniky AMAVET<\/title>\n<meta name=\"robots\" content=\"index, follow, max-snippet:-1, max-image-preview:large, max-video-preview:-1\" \/>\n<link rel=\"canonical\" href=\"https:\/\/www.festivalvedy.sk\/wp2\/intel-isef-2019-phoenix-usa-alebo-splnenie-si-americkeho-sna\/\" \/>\n<meta property=\"og:locale\" content=\"sk_SK\" \/>\n<meta property=\"og:type\" content=\"article\" \/>\n<meta property=\"og:title\" content=\"Intel ISEF 2019 \u2013 Phoenix, USA alebo splnenie si \u201eamerick\u00e9ho sna\u201c - Festival vedy a techniky AMAVET\" \/>\n<meta property=\"og:description\" content=\"V d\u0148och 13.-17. m\u00e1ja 2019 sa uskuto\u010dnila v meste Phoenix v americkom \u0161t\u00e1te Arizona najprest\u00ed\u017enej\u0161ia projektov\u00e1 s\u00fa\u0165a\u017e stredo\u0161kol\u00e1kov Intel ISEF (International Science and Engineering Fair). S\u00fa\u0165a\u017e sa kon\u00e1 ka\u017edoro\u010dne s celkov\u00fdm po\u010dtom vy\u0161e 1500 \u00fa\u010dastn\u00edkov (v roku 2019 viac ako 1800) z 80 \u0161t\u00e1tov sveta. V tomto roku sa s\u00fa\u0165a\u017ee Intel ISEF z\u00fa\u010dastnili slovensk\u00ed finalisti [&hellip;]\" \/>\n<meta property=\"og:url\" content=\"https:\/\/www.festivalvedy.sk\/wp2\/intel-isef-2019-phoenix-usa-alebo-splnenie-si-americkeho-sna\/\" \/>\n<meta property=\"og:site_name\" content=\"Festival vedy a techniky AMAVET\" \/>\n<meta property=\"article:published_time\" content=\"2019-09-24T07:15:06+00:00\" \/>\n<meta property=\"article:modified_time\" content=\"2019-11-27T15:00:09+00:00\" \/>\n<meta property=\"og:image\" content=\"https:\/\/www.festivalvedy.sk\/wp2\/wp-content\/uploads\/2019\/09\/intel-skripko-e1581337179942.jpg\" \/>\n\t<meta property=\"og:image:width\" content=\"1348\" \/>\n\t<meta property=\"og:image:height\" content=\"716\" \/>\n\t<meta property=\"og:image:type\" content=\"image\/jpeg\" \/>\n<meta name=\"author\" content=\"Redakcia\" \/>\n<meta name=\"twitter:card\" content=\"summary_large_image\" \/>\n<meta name=\"twitter:label1\" content=\"Autor\" \/>\n\t<meta name=\"twitter:data1\" content=\"Redakcia\" \/>\n\t<meta name=\"twitter:label2\" content=\"Predpokladan\u00fd \u010das \u010d\u00edtania\" \/>\n\t<meta name=\"twitter:data2\" content=\"9 min\u00fat\" \/>\n<script type=\"application\/ld+json\" class=\"yoast-schema-graph\">{\"@context\":\"https:\/\/schema.org\",\"@graph\":[{\"@type\":\"Article\",\"@id\":\"https:\/\/www.festivalvedy.sk\/wp2\/intel-isef-2019-phoenix-usa-alebo-splnenie-si-americkeho-sna\/#article\",\"isPartOf\":{\"@id\":\"https:\/\/www.festivalvedy.sk\/wp2\/intel-isef-2019-phoenix-usa-alebo-splnenie-si-americkeho-sna\/\"},\"author\":{\"name\":\"Redakcia\",\"@id\":\"https:\/\/www.festivalvedy.sk\/wp2\/#\/schema\/person\/f6c2e17170a626260fe38db97ed0a1f5\"},\"headline\":\"Intel ISEF 2019 \u2013 Phoenix, USA alebo splnenie si \u201eamerick\u00e9ho sna\u201c\",\"datePublished\":\"2019-09-24T07:15:06+00:00\",\"dateModified\":\"2019-11-27T15:00:09+00:00\",\"mainEntityOfPage\":{\"@id\":\"https:\/\/www.festivalvedy.sk\/wp2\/intel-isef-2019-phoenix-usa-alebo-splnenie-si-americkeho-sna\/\"},\"wordCount\":1782,\"publisher\":{\"@id\":\"https:\/\/www.festivalvedy.sk\/wp2\/#organization\"},\"image\":{\"@id\":\"https:\/\/www.festivalvedy.sk\/wp2\/intel-isef-2019-phoenix-usa-alebo-splnenie-si-americkeho-sna\/#primaryimage\"},\"thumbnailUrl\":\"https:\/\/www.festivalvedy.sk\/wp2\/wp-content\/uploads\/2019\/09\/intel-skripko-e1581337179942.jpg\",\"articleSection\":[\"Reprezentovali n\u00e1s\"],\"inLanguage\":\"sk-SK\"},{\"@type\":\"WebPage\",\"@id\":\"https:\/\/www.festivalvedy.sk\/wp2\/intel-isef-2019-phoenix-usa-alebo-splnenie-si-americkeho-sna\/\",\"url\":\"https:\/\/www.festivalvedy.sk\/wp2\/intel-isef-2019-phoenix-usa-alebo-splnenie-si-americkeho-sna\/\",\"name\":\"Intel ISEF 2019 \u2013 Phoenix, USA alebo splnenie si \u201eamerick\u00e9ho sna\u201c - Festival vedy a techniky AMAVET\",\"isPartOf\":{\"@id\":\"https:\/\/www.festivalvedy.sk\/wp2\/#website\"},\"primaryImageOfPage\":{\"@id\":\"https:\/\/www.festivalvedy.sk\/wp2\/intel-isef-2019-phoenix-usa-alebo-splnenie-si-americkeho-sna\/#primaryimage\"},\"image\":{\"@id\":\"https:\/\/www.festivalvedy.sk\/wp2\/intel-isef-2019-phoenix-usa-alebo-splnenie-si-americkeho-sna\/#primaryimage\"},\"thumbnailUrl\":\"https:\/\/www.festivalvedy.sk\/wp2\/wp-content\/uploads\/2019\/09\/intel-skripko-e1581337179942.jpg\",\"datePublished\":\"2019-09-24T07:15:06+00:00\",\"dateModified\":\"2019-11-27T15:00:09+00:00\",\"breadcrumb\":{\"@id\":\"https:\/\/www.festivalvedy.sk\/wp2\/intel-isef-2019-phoenix-usa-alebo-splnenie-si-americkeho-sna\/#breadcrumb\"},\"inLanguage\":\"sk-SK\",\"potentialAction\":[{\"@type\":\"ReadAction\",\"target\":[\"https:\/\/www.festivalvedy.sk\/wp2\/intel-isef-2019-phoenix-usa-alebo-splnenie-si-americkeho-sna\/\"]}]},{\"@type\":\"ImageObject\",\"inLanguage\":\"sk-SK\",\"@id\":\"https:\/\/www.festivalvedy.sk\/wp2\/intel-isef-2019-phoenix-usa-alebo-splnenie-si-americkeho-sna\/#primaryimage\",\"url\":\"https:\/\/www.festivalvedy.sk\/wp2\/wp-content\/uploads\/2019\/09\/intel-skripko-e1581337179942.jpg\",\"contentUrl\":\"https:\/\/www.festivalvedy.sk\/wp2\/wp-content\/uploads\/2019\/09\/intel-skripko-e1581337179942.jpg\",\"width\":1348,\"height\":716},{\"@type\":\"BreadcrumbList\",\"@id\":\"https:\/\/www.festivalvedy.sk\/wp2\/intel-isef-2019-phoenix-usa-alebo-splnenie-si-americkeho-sna\/#breadcrumb\",\"itemListElement\":[{\"@type\":\"ListItem\",\"position\":1,\"name\":\"Home\",\"item\":\"https:\/\/www.festivalvedy.sk\/wp2\/\"},{\"@type\":\"ListItem\",\"position\":2,\"name\":\"Intel ISEF 2019 \u2013 Phoenix, USA alebo splnenie si \u201eamerick\u00e9ho sna\u201c\"}]},{\"@type\":\"WebSite\",\"@id\":\"https:\/\/www.festivalvedy.sk\/wp2\/#website\",\"url\":\"https:\/\/www.festivalvedy.sk\/wp2\/\",\"name\":\"Festival vedy a techniky AMAVET\",\"description\":\"AMAVET - Asoci\u00e1cia pre ml\u00e1de\u017e, vedu a techniku\",\"publisher\":{\"@id\":\"https:\/\/www.festivalvedy.sk\/wp2\/#organization\"},\"potentialAction\":[{\"@type\":\"SearchAction\",\"target\":{\"@type\":\"EntryPoint\",\"urlTemplate\":\"https:\/\/www.festivalvedy.sk\/wp2\/?s={search_term_string}\"},\"query-input\":{\"@type\":\"PropertyValueSpecification\",\"valueRequired\":true,\"valueName\":\"search_term_string\"}}],\"inLanguage\":\"sk-SK\"},{\"@type\":\"Organization\",\"@id\":\"https:\/\/www.festivalvedy.sk\/wp2\/#organization\",\"name\":\"Festival vedy a techniky AMAVET\",\"url\":\"https:\/\/www.festivalvedy.sk\/wp2\/\",\"logo\":{\"@type\":\"ImageObject\",\"inLanguage\":\"sk-SK\",\"@id\":\"https:\/\/www.festivalvedy.sk\/wp2\/#\/schema\/logo\/image\/\",\"url\":\"https:\/\/www.festivalvedy.sk\/wp2\/wp-content\/uploads\/2022\/02\/cropped-fvat-ochranna-zona.png\",\"contentUrl\":\"https:\/\/www.festivalvedy.sk\/wp2\/wp-content\/uploads\/2022\/02\/cropped-fvat-ochranna-zona.png\",\"width\":1190,\"height\":357,\"caption\":\"Festival vedy a techniky AMAVET\"},\"image\":{\"@id\":\"https:\/\/www.festivalvedy.sk\/wp2\/#\/schema\/logo\/image\/\"}},{\"@type\":\"Person\",\"@id\":\"https:\/\/www.festivalvedy.sk\/wp2\/#\/schema\/person\/f6c2e17170a626260fe38db97ed0a1f5\",\"name\":\"Redakcia\",\"image\":{\"@type\":\"ImageObject\",\"inLanguage\":\"sk-SK\",\"@id\":\"https:\/\/secure.gravatar.com\/avatar\/2f7c312d560e25e8eb59b6b53cadd5dc16b39f25bac1c7d0a221dafd9c91fae9?s=96&d=mm&r=g\",\"url\":\"https:\/\/secure.gravatar.com\/avatar\/2f7c312d560e25e8eb59b6b53cadd5dc16b39f25bac1c7d0a221dafd9c91fae9?s=96&d=mm&r=g\",\"contentUrl\":\"https:\/\/secure.gravatar.com\/avatar\/2f7c312d560e25e8eb59b6b53cadd5dc16b39f25bac1c7d0a221dafd9c91fae9?s=96&d=mm&r=g\",\"caption\":\"Redakcia\"},\"url\":\"https:\/\/www.festivalvedy.sk\/wp2\/author\/fvatadmin\/\"}]}<\/script>\n<!-- \/ Yoast SEO plugin. -->","yoast_head_json":{"title":"Intel ISEF 2019 \u2013 Phoenix, USA alebo splnenie si \u201eamerick\u00e9ho sna\u201c - Festival vedy a techniky AMAVET","robots":{"index":"index","follow":"follow","max-snippet":"max-snippet:-1","max-image-preview":"max-image-preview:large","max-video-preview":"max-video-preview:-1"},"canonical":"https:\/\/www.festivalvedy.sk\/wp2\/intel-isef-2019-phoenix-usa-alebo-splnenie-si-americkeho-sna\/","og_locale":"sk_SK","og_type":"article","og_title":"Intel ISEF 2019 \u2013 Phoenix, USA alebo splnenie si \u201eamerick\u00e9ho sna\u201c - Festival vedy a techniky AMAVET","og_description":"V d\u0148och 13.-17. m\u00e1ja 2019 sa uskuto\u010dnila v meste Phoenix v americkom \u0161t\u00e1te Arizona najprest\u00ed\u017enej\u0161ia projektov\u00e1 s\u00fa\u0165a\u017e stredo\u0161kol\u00e1kov Intel ISEF (International Science and Engineering Fair). S\u00fa\u0165a\u017e sa kon\u00e1 ka\u017edoro\u010dne s celkov\u00fdm po\u010dtom vy\u0161e 1500 \u00fa\u010dastn\u00edkov (v roku 2019 viac ako 1800) z 80 \u0161t\u00e1tov sveta. V tomto roku sa s\u00fa\u0165a\u017ee Intel ISEF z\u00fa\u010dastnili slovensk\u00ed finalisti [&hellip;]","og_url":"https:\/\/www.festivalvedy.sk\/wp2\/intel-isef-2019-phoenix-usa-alebo-splnenie-si-americkeho-sna\/","og_site_name":"Festival vedy a techniky AMAVET","article_published_time":"2019-09-24T07:15:06+00:00","article_modified_time":"2019-11-27T15:00:09+00:00","og_image":[{"width":1348,"height":716,"url":"https:\/\/www.festivalvedy.sk\/wp2\/wp-content\/uploads\/2019\/09\/intel-skripko-e1581337179942.jpg","type":"image\/jpeg"}],"author":"Redakcia","twitter_card":"summary_large_image","twitter_misc":{"Autor":"Redakcia","Predpokladan\u00fd \u010das \u010d\u00edtania":"9 min\u00fat"},"schema":{"@context":"https:\/\/schema.org","@graph":[{"@type":"Article","@id":"https:\/\/www.festivalvedy.sk\/wp2\/intel-isef-2019-phoenix-usa-alebo-splnenie-si-americkeho-sna\/#article","isPartOf":{"@id":"https:\/\/www.festivalvedy.sk\/wp2\/intel-isef-2019-phoenix-usa-alebo-splnenie-si-americkeho-sna\/"},"author":{"name":"Redakcia","@id":"https:\/\/www.festivalvedy.sk\/wp2\/#\/schema\/person\/f6c2e17170a626260fe38db97ed0a1f5"},"headline":"Intel ISEF 2019 \u2013 Phoenix, USA alebo splnenie si \u201eamerick\u00e9ho sna\u201c","datePublished":"2019-09-24T07:15:06+00:00","dateModified":"2019-11-27T15:00:09+00:00","mainEntityOfPage":{"@id":"https:\/\/www.festivalvedy.sk\/wp2\/intel-isef-2019-phoenix-usa-alebo-splnenie-si-americkeho-sna\/"},"wordCount":1782,"publisher":{"@id":"https:\/\/www.festivalvedy.sk\/wp2\/#organization"},"image":{"@id":"https:\/\/www.festivalvedy.sk\/wp2\/intel-isef-2019-phoenix-usa-alebo-splnenie-si-americkeho-sna\/#primaryimage"},"thumbnailUrl":"https:\/\/www.festivalvedy.sk\/wp2\/wp-content\/uploads\/2019\/09\/intel-skripko-e1581337179942.jpg","articleSection":["Reprezentovali n\u00e1s"],"inLanguage":"sk-SK"},{"@type":"WebPage","@id":"https:\/\/www.festivalvedy.sk\/wp2\/intel-isef-2019-phoenix-usa-alebo-splnenie-si-americkeho-sna\/","url":"https:\/\/www.festivalvedy.sk\/wp2\/intel-isef-2019-phoenix-usa-alebo-splnenie-si-americkeho-sna\/","name":"Intel ISEF 2019 \u2013 Phoenix, USA alebo splnenie si \u201eamerick\u00e9ho sna\u201c - Festival vedy a techniky AMAVET","isPartOf":{"@id":"https:\/\/www.festivalvedy.sk\/wp2\/#website"},"primaryImageOfPage":{"@id":"https:\/\/www.festivalvedy.sk\/wp2\/intel-isef-2019-phoenix-usa-alebo-splnenie-si-americkeho-sna\/#primaryimage"},"image":{"@id":"https:\/\/www.festivalvedy.sk\/wp2\/intel-isef-2019-phoenix-usa-alebo-splnenie-si-americkeho-sna\/#primaryimage"},"thumbnailUrl":"https:\/\/www.festivalvedy.sk\/wp2\/wp-content\/uploads\/2019\/09\/intel-skripko-e1581337179942.jpg","datePublished":"2019-09-24T07:15:06+00:00","dateModified":"2019-11-27T15:00:09+00:00","breadcrumb":{"@id":"https:\/\/www.festivalvedy.sk\/wp2\/intel-isef-2019-phoenix-usa-alebo-splnenie-si-americkeho-sna\/#breadcrumb"},"inLanguage":"sk-SK","potentialAction":[{"@type":"ReadAction","target":["https:\/\/www.festivalvedy.sk\/wp2\/intel-isef-2019-phoenix-usa-alebo-splnenie-si-americkeho-sna\/"]}]},{"@type":"ImageObject","inLanguage":"sk-SK","@id":"https:\/\/www.festivalvedy.sk\/wp2\/intel-isef-2019-phoenix-usa-alebo-splnenie-si-americkeho-sna\/#primaryimage","url":"https:\/\/www.festivalvedy.sk\/wp2\/wp-content\/uploads\/2019\/09\/intel-skripko-e1581337179942.jpg","contentUrl":"https:\/\/www.festivalvedy.sk\/wp2\/wp-content\/uploads\/2019\/09\/intel-skripko-e1581337179942.jpg","width":1348,"height":716},{"@type":"BreadcrumbList","@id":"https:\/\/www.festivalvedy.sk\/wp2\/intel-isef-2019-phoenix-usa-alebo-splnenie-si-americkeho-sna\/#breadcrumb","itemListElement":[{"@type":"ListItem","position":1,"name":"Home","item":"https:\/\/www.festivalvedy.sk\/wp2\/"},{"@type":"ListItem","position":2,"name":"Intel ISEF 2019 \u2013 Phoenix, USA alebo splnenie si \u201eamerick\u00e9ho sna\u201c"}]},{"@type":"WebSite","@id":"https:\/\/www.festivalvedy.sk\/wp2\/#website","url":"https:\/\/www.festivalvedy.sk\/wp2\/","name":"Festival vedy a techniky AMAVET","description":"AMAVET - Asoci\u00e1cia pre ml\u00e1de\u017e, vedu a techniku","publisher":{"@id":"https:\/\/www.festivalvedy.sk\/wp2\/#organization"},"potentialAction":[{"@type":"SearchAction","target":{"@type":"EntryPoint","urlTemplate":"https:\/\/www.festivalvedy.sk\/wp2\/?s={search_term_string}"},"query-input":{"@type":"PropertyValueSpecification","valueRequired":true,"valueName":"search_term_string"}}],"inLanguage":"sk-SK"},{"@type":"Organization","@id":"https:\/\/www.festivalvedy.sk\/wp2\/#organization","name":"Festival vedy a techniky AMAVET","url":"https:\/\/www.festivalvedy.sk\/wp2\/","logo":{"@type":"ImageObject","inLanguage":"sk-SK","@id":"https:\/\/www.festivalvedy.sk\/wp2\/#\/schema\/logo\/image\/","url":"https:\/\/www.festivalvedy.sk\/wp2\/wp-content\/uploads\/2022\/02\/cropped-fvat-ochranna-zona.png","contentUrl":"https:\/\/www.festivalvedy.sk\/wp2\/wp-content\/uploads\/2022\/02\/cropped-fvat-ochranna-zona.png","width":1190,"height":357,"caption":"Festival vedy a techniky AMAVET"},"image":{"@id":"https:\/\/www.festivalvedy.sk\/wp2\/#\/schema\/logo\/image\/"}},{"@type":"Person","@id":"https:\/\/www.festivalvedy.sk\/wp2\/#\/schema\/person\/f6c2e17170a626260fe38db97ed0a1f5","name":"Redakcia","image":{"@type":"ImageObject","inLanguage":"sk-SK","@id":"https:\/\/secure.gravatar.com\/avatar\/2f7c312d560e25e8eb59b6b53cadd5dc16b39f25bac1c7d0a221dafd9c91fae9?s=96&d=mm&r=g","url":"https:\/\/secure.gravatar.com\/avatar\/2f7c312d560e25e8eb59b6b53cadd5dc16b39f25bac1c7d0a221dafd9c91fae9?s=96&d=mm&r=g","contentUrl":"https:\/\/secure.gravatar.com\/avatar\/2f7c312d560e25e8eb59b6b53cadd5dc16b39f25bac1c7d0a221dafd9c91fae9?s=96&d=mm&r=g","caption":"Redakcia"},"url":"https:\/\/www.festivalvedy.sk\/wp2\/author\/fvatadmin\/"}]}},"_links":{"self":[{"href":"https:\/\/www.festivalvedy.sk\/wp2\/wp-json\/wp\/v2\/posts\/1434","targetHints":{"allow":["GET"]}}],"collection":[{"href":"https:\/\/www.festivalvedy.sk\/wp2\/wp-json\/wp\/v2\/posts"}],"about":[{"href":"https:\/\/www.festivalvedy.sk\/wp2\/wp-json\/wp\/v2\/types\/post"}],"author":[{"embeddable":true,"href":"https:\/\/www.festivalvedy.sk\/wp2\/wp-json\/wp\/v2\/users\/1"}],"replies":[{"embeddable":true,"href":"https:\/\/www.festivalvedy.sk\/wp2\/wp-json\/wp\/v2\/comments?post=1434"}],"version-history":[{"count":2,"href":"https:\/\/www.festivalvedy.sk\/wp2\/wp-json\/wp\/v2\/posts\/1434\/revisions"}],"predecessor-version":[{"id":2264,"href":"https:\/\/www.festivalvedy.sk\/wp2\/wp-json\/wp\/v2\/posts\/1434\/revisions\/2264"}],"wp:featuredmedia":[{"embeddable":true,"href":"https:\/\/www.festivalvedy.sk\/wp2\/wp-json\/wp\/v2\/media\/2263"}],"wp:attachment":[{"href":"https:\/\/www.festivalvedy.sk\/wp2\/wp-json\/wp\/v2\/media?parent=1434"}],"wp:term":[{"taxonomy":"category","embeddable":true,"href":"https:\/\/www.festivalvedy.sk\/wp2\/wp-json\/wp\/v2\/categories?post=1434"},{"taxonomy":"post_tag","embeddable":true,"href":"https:\/\/www.festivalvedy.sk\/wp2\/wp-json\/wp\/v2\/tags?post=1434"}],"curies":[{"name":"wp","href":"https:\/\/api.w.org\/{rel}","templated":true}]}}