{"id":2431,"date":"2020-09-17T16:18:36","date_gmt":"2020-09-17T14:18:36","guid":{"rendered":"https:\/\/www.festivalvedy.sk\/wp2\/?p=2431"},"modified":"2021-09-07T16:21:55","modified_gmt":"2021-09-07T14:21:55","slug":"covid-19","status":"publish","type":"post","link":"https:\/\/www.festivalvedy.sk\/wp2\/covid-19\/","title":{"rendered":"COVID-19"},"content":{"rendered":"<section class=\"kc-elm kc-css-729703 kc_row\"><div class=\"kc-row-container  kc-container\"><div class=\"kc-wrap-columns\"><div class=\"kc-elm kc-css-768455 kc_col-sm-12 kc_column kc_col-sm-12\"><div class=\"kc-col-container\"><div class=\"kc-elm kc-css-553851 kc_text_block\"><\/p>\n<h3>Realiz\u00e1cia s\u00fa\u0165a\u017ee v \u0161k. roku 2020\/2021<\/h3>\n<div>S\u00fa\u0165a\u017eiaci (na krajsk\u00fdch kol\u00e1ch aj celoslovenskom fin\u00e1le) musia ma\u0165 pripraven\u00fa prezent\u00e1ciu projektu v tla\u010denej verzii &#8211; ktor\u00fa si umiestnia na poster (prezen\u010dn\u00e1 forma podujatia) a z\u00e1rove\u0148 digit\u00e1lnu prezent\u00e1ciu napr. PowerPoint a pod. (v pr\u00edpade di\u0161tan\u010dnej formy &#8211; online).<\/div>\n<div><span id=\"page36R_mcid22\" class=\"markedContent\"><span dir=\"ltr\" style=\"left: 118.04px; top: 853.758px; font-size: 18.4px; font-family: sans-serif; transform: scaleX(0.920331);\" role=\"presentation\"><br \/><\/span><\/span><span id=\"page36R_mcid29\" class=\"markedContent\"><\/span><\/div>\n<div><span id=\"page36R_mcid22\" class=\"markedContent\"><span dir=\"ltr\" role=\"presentation\">Podujatia realizujeme<\/span> <span dir=\"ltr\" role=\"presentation\">v<\/span> <span dir=\"ltr\" role=\"presentation\">s\u00fa<\/span><span dir=\"ltr\" role=\"presentation\">l<\/span><span dir=\"ltr\" role=\"presentation\">ade s aktu\u00e1lnymi protiepidemick\u00fdmi opatreniami<\/span> <strong><span dir=\"ltr\" role=\"presentation\">bez \u00fa\u010dasti verejnosti<\/span><span dir=\"ltr\" role=\"presentation\">. <\/span> <\/strong><\/span><span id=\"page36R_mcid23\" class=\"markedContent\"><br role=\"presentation\" \/><span dir=\"ltr\" role=\"presentation\">Krajsk\u00e9 kol\u00e1 v<\/span> <span dir=\"ltr\" role=\"presentation\">pr\u00edpade prezen\u010dnej f<\/span><span dir=\"ltr\" role=\"presentation\">ormy<\/span> <span dir=\"ltr\" role=\"presentation\">pod\u013ea COVID automatu bud\u00fa realizovan\u00e9 <\/span><strong><span dir=\"ltr\" role=\"presentation\">v<\/span> <span dir=\"ltr\" role=\"presentation\">re\u017eime <\/span><span dir=\"ltr\" role=\"presentation\">OTP<\/span><\/strong> <span dir=\"ltr\" role=\"presentation\">\u2013<\/span> <span dir=\"ltr\" role=\"presentation\">ide o osoby, ktor\u00e9 s\u00fa plne zao\u010dkovan\u00e9, alebo prekonali COVID<\/span><span dir=\"ltr\" role=\"presentation\">&#8211;<\/span><span dir=\"ltr\" role=\"presentation\">19 pred nie viac ako 180 d\u0148ami, <\/span><\/span><span id=\"page36R_mcid23\" class=\"markedContent\"><span dir=\"ltr\" role=\"presentation\">alebo sa m\u00f4\u017eu preuk\u00e1za\u0165 negat\u00edvnym v\u00fdsledkom testu na COVID<\/span><span dir=\"ltr\" role=\"presentation\">&#8211;<\/span><span dir=\"ltr\" role=\"presentation\">19, presnej\u0161ie:<\/span> <\/span><span id=\"page36R_mcid24\" class=\"markedContent\"><br role=\"presentation\" \/><span dir=\"ltr\" role=\"presentation\">\u2022<\/span> <span dir=\"ltr\" role=\"presentation\">osoba plne o\u010dkovan\u00e1,<\/span> <\/span><span id=\"page36R_mcid25\" class=\"markedContent\"><br role=\"presentation\" \/><span dir=\"ltr\" role=\"presentation\">\u2022<\/span> <span dir=\"ltr\" role=\"presentation\">o<\/span><span dir=\"ltr\" role=\"presentation\">soba, ktor\u00e1 je schopn\u00e1 sa preuk\u00e1za\u0165 negat\u00edvnym v\u00fdsledkom testu na ochorenie COVID<\/span><span dir=\"ltr\" role=\"presentation\">&#8211;<\/span><span dir=\"ltr\" role=\"presentation\">19 <\/span><br role=\"presentation\" \/><span dir=\"ltr\" role=\"presentation\">nie star\u0161\u00edm ako 72 hod\u00edn od odberu v pr\u00edpade RT<\/span><span dir=\"ltr\" role=\"presentation\">&#8211;<\/span><span dir=\"ltr\" role=\"presentation\">PCR alebo LAMP testu alebo 48 hod\u00edn od <\/span><br role=\"presentation\" \/><span dir=\"ltr\" role=\"presentation\">odberu v pr\u00edpade antig\u00e9nov\u00e9ho testu, alebo<\/span> <\/span><span id=\"page36R_mcid26\" class=\"markedContent\"><br role=\"presentation\" \/><span dir=\"ltr\" role=\"presentation\">\u2022<\/span> <span dir=\"ltr\" role=\"presentation\">osoba prekonala ochorenie COVID<\/span><span dir=\"ltr\" role=\"presentation\">&#8211;<\/span><span dir=\"ltr\" role=\"presentation\">19 v obdo<\/span><span dir=\"ltr\" role=\"presentation\">b\u00ed pred nie viac ako 180 d\u0148ami.<\/span> <\/span><span id=\"page36R_mcid27\" class=\"markedContent\"><\/span><\/div>\n<div><span id=\"page36R_mcid27\" class=\"markedContent\"><br role=\"presentation\" \/><span dir=\"ltr\" role=\"presentation\">Antig\u00e9nov\u00e9 mobiln\u00e9 odberov\u00e9 miesta <\/span><span dir=\"ltr\" role=\"presentation\">(a<\/span> <span dir=\"ltr\" role=\"presentation\">odkaz na prihl\u00e1senie) s\u00fa zverejnen\u00e9 na <a href=\"https:\/\/www.health.gov.sk\/?Ag-mom\" target=\"_blank\" rel=\"noopener\">str\u00e1nke Ministerstva <\/a><\/span><a href=\"_wp_link_placeholder\"><span dir=\"ltr\" role=\"presentation\">zdravotn\u00edctva SR <\/span><\/a><\/span><a href=\"_wp_link_placeholder\"><span id=\"page36R_mcid29\" class=\"markedContent\">.<\/span><\/a><\/div>\n<h4><b>Opatrenia proti \u0161\u00edreniu COVID-19 (prezen\u010dn\u00e1 forma)<br \/><\/b><\/h4>\n<p><img loading=\"lazy\" decoding=\"async\" class=\"aligncenter\" src=\"https:\/\/www.festivalvedy.sk\/wp2\/wp-content\/uploads\/2020\/09\/COVID.png\" alt=\"\" width=\"621\" height=\"186\" \/><\/p>\n<p style=\"text-align: justify;\">Povinn\u00e9 protiepidemick\u00e9 opatrenia: vstup a pobyt na podujat\u00ed len s prekryt\u00edm horn\u00fdch d\u00fdchac\u00edch ciest, pri vstupe dezinfekcia r\u00fak, respira\u010dn\u00e1 etiketa \u2013 ka\u0161la\u0165, k\u00fdcha\u0165 do vreckovky a zahodi\u0165 ju do ko\u0161a, nepod\u00e1va\u0165 si ruky (nahradi\u0165 napr. \u00fasmevom alebo \u00faklonom), odstup od cudz\u00edch os\u00f4b aspo\u0148 2 m, organiz\u00e1tor zabezpe\u010d\u00ed maxim\u00e1lny po\u010det \u00fa\u010dastn\u00edkov pod\u013ea aktu\u00e1lne platn\u00fdch opatren\u00ed.<\/p>\n<p style=\"text-align: justify;\">\u00da\u010dastn\u00edci s\u00fa povinn\u00ed si prinies\u0165 a pou\u017e\u00edva\u0165 r\u00fa\u0161ko na prekrytie nosa a \u00fast, dezinfekciu r\u00fak priebe\u017ene po\u010das podujatia, vreckovky, vlastn\u00fa f\u013ea\u0161u na pitie s vodou.<\/p>\n<p>\n<\/div><\/div><\/div><\/div><\/div><\/section>\n","protected":false},"excerpt":{"rendered":"","protected":false},"author":1,"featured_media":2415,"comment_status":"closed","ping_status":"closed","sticky":false,"template":"","format":"standard","meta":{"om_disable_all_campaigns":false,"_monsterinsights_skip_tracking":false,"_monsterinsights_sitenote_active":false,"_monsterinsights_sitenote_note":"","_monsterinsights_sitenote_category":0,"_uf_show_specific_survey":0,"_uf_disable_surveys":false,"footnotes":""},"categories":[33],"tags":[],"class_list":["post-2431","post","type-post","status-publish","format-standard","has-post-thumbnail","hentry","category-novinky"],"yoast_head":"<!-- This site is optimized with the Yoast SEO plugin v27.2 - https:\/\/yoast.com\/product\/yoast-seo-wordpress\/ -->\n<title>COVID-19 - Festival vedy a techniky AMAVET<\/title>\n<meta name=\"robots\" content=\"index, follow, max-snippet:-1, max-image-preview:large, max-video-preview:-1\" \/>\n<link rel=\"canonical\" href=\"https:\/\/www.festivalvedy.sk\/wp2\/covid-19\/\" \/>\n<meta property=\"og:locale\" content=\"sk_SK\" \/>\n<meta property=\"og:type\" content=\"article\" \/>\n<meta property=\"og:title\" content=\"COVID-19 - Festival vedy a techniky AMAVET\" \/>\n<meta property=\"og:description\" content=\"Realiz\u00e1cia s\u00fa\u0165a\u017ee v \u0161k. roku 2020\/2021 S\u00fa\u0165a\u017eiaci (na krajsk\u00fdch kol\u00e1ch aj celoslovenskom fin\u00e1le) musia ma\u0165 pripraven\u00fa prezent\u00e1ciu projektu v tla\u010denej verzii &#8211; ktor\u00fa si umiestnia na poster (prezen\u010dn\u00e1 forma podujatia) a z\u00e1rove\u0148 digit\u00e1lnu prezent\u00e1ciu napr. PowerPoint a pod. (v pr\u00edpade di\u0161tan\u010dnej formy &#8211; online). Podujatia realizujeme v s\u00falade s aktu\u00e1lnymi protiepidemick\u00fdmi opatreniami bez \u00fa\u010dasti verejnosti. [&hellip;]\" \/>\n<meta property=\"og:url\" content=\"https:\/\/www.festivalvedy.sk\/wp2\/covid-19\/\" \/>\n<meta property=\"og:site_name\" content=\"Festival vedy a techniky AMAVET\" \/>\n<meta property=\"article:published_time\" content=\"2020-09-17T14:18:36+00:00\" \/>\n<meta property=\"article:modified_time\" content=\"2021-09-07T14:21:55+00:00\" \/>\n<meta property=\"og:image\" content=\"https:\/\/www.festivalvedy.sk\/wp2\/wp-content\/uploads\/2020\/09\/COVID.png\" \/>\n\t<meta property=\"og:image:width\" content=\"900\" \/>\n\t<meta property=\"og:image:height\" content=\"270\" \/>\n\t<meta property=\"og:image:type\" content=\"image\/png\" \/>\n<meta name=\"author\" content=\"Redakcia\" \/>\n<meta name=\"twitter:card\" content=\"summary_large_image\" \/>\n<meta name=\"twitter:label1\" content=\"Autor\" \/>\n\t<meta name=\"twitter:data1\" content=\"Redakcia\" \/>\n\t<meta name=\"twitter:label2\" content=\"Predpokladan\u00fd \u010das \u010d\u00edtania\" \/>\n\t<meta name=\"twitter:data2\" content=\"2 min\u00faty\" \/>\n<script type=\"application\/ld+json\" class=\"yoast-schema-graph\">{\"@context\":\"https:\/\/schema.org\",\"@graph\":[{\"@type\":\"Article\",\"@id\":\"https:\/\/www.festivalvedy.sk\/wp2\/covid-19\/#article\",\"isPartOf\":{\"@id\":\"https:\/\/www.festivalvedy.sk\/wp2\/covid-19\/\"},\"author\":{\"name\":\"Redakcia\",\"@id\":\"https:\/\/www.festivalvedy.sk\/wp2\/#\/schema\/person\/f6c2e17170a626260fe38db97ed0a1f5\"},\"headline\":\"COVID-19\",\"datePublished\":\"2020-09-17T14:18:36+00:00\",\"dateModified\":\"2021-09-07T14:21:55+00:00\",\"mainEntityOfPage\":{\"@id\":\"https:\/\/www.festivalvedy.sk\/wp2\/covid-19\/\"},\"wordCount\":324,\"publisher\":{\"@id\":\"https:\/\/www.festivalvedy.sk\/wp2\/#organization\"},\"image\":{\"@id\":\"https:\/\/www.festivalvedy.sk\/wp2\/covid-19\/#primaryimage\"},\"thumbnailUrl\":\"https:\/\/www.festivalvedy.sk\/wp2\/wp-content\/uploads\/2020\/09\/COVID.png\",\"articleSection\":[\"Novinky\"],\"inLanguage\":\"sk-SK\"},{\"@type\":\"WebPage\",\"@id\":\"https:\/\/www.festivalvedy.sk\/wp2\/covid-19\/\",\"url\":\"https:\/\/www.festivalvedy.sk\/wp2\/covid-19\/\",\"name\":\"COVID-19 - Festival vedy a techniky AMAVET\",\"isPartOf\":{\"@id\":\"https:\/\/www.festivalvedy.sk\/wp2\/#website\"},\"primaryImageOfPage\":{\"@id\":\"https:\/\/www.festivalvedy.sk\/wp2\/covid-19\/#primaryimage\"},\"image\":{\"@id\":\"https:\/\/www.festivalvedy.sk\/wp2\/covid-19\/#primaryimage\"},\"thumbnailUrl\":\"https:\/\/www.festivalvedy.sk\/wp2\/wp-content\/uploads\/2020\/09\/COVID.png\",\"datePublished\":\"2020-09-17T14:18:36+00:00\",\"dateModified\":\"2021-09-07T14:21:55+00:00\",\"breadcrumb\":{\"@id\":\"https:\/\/www.festivalvedy.sk\/wp2\/covid-19\/#breadcrumb\"},\"inLanguage\":\"sk-SK\",\"potentialAction\":[{\"@type\":\"ReadAction\",\"target\":[\"https:\/\/www.festivalvedy.sk\/wp2\/covid-19\/\"]}]},{\"@type\":\"ImageObject\",\"inLanguage\":\"sk-SK\",\"@id\":\"https:\/\/www.festivalvedy.sk\/wp2\/covid-19\/#primaryimage\",\"url\":\"https:\/\/www.festivalvedy.sk\/wp2\/wp-content\/uploads\/2020\/09\/COVID.png\",\"contentUrl\":\"https:\/\/www.festivalvedy.sk\/wp2\/wp-content\/uploads\/2020\/09\/COVID.png\",\"width\":900,\"height\":270},{\"@type\":\"BreadcrumbList\",\"@id\":\"https:\/\/www.festivalvedy.sk\/wp2\/covid-19\/#breadcrumb\",\"itemListElement\":[{\"@type\":\"ListItem\",\"position\":1,\"name\":\"Home\",\"item\":\"https:\/\/www.festivalvedy.sk\/wp2\/\"},{\"@type\":\"ListItem\",\"position\":2,\"name\":\"COVID-19\"}]},{\"@type\":\"WebSite\",\"@id\":\"https:\/\/www.festivalvedy.sk\/wp2\/#website\",\"url\":\"https:\/\/www.festivalvedy.sk\/wp2\/\",\"name\":\"Festival vedy a techniky AMAVET\",\"description\":\"AMAVET - Asoci\u00e1cia pre ml\u00e1de\u017e, vedu a techniku\",\"publisher\":{\"@id\":\"https:\/\/www.festivalvedy.sk\/wp2\/#organization\"},\"potentialAction\":[{\"@type\":\"SearchAction\",\"target\":{\"@type\":\"EntryPoint\",\"urlTemplate\":\"https:\/\/www.festivalvedy.sk\/wp2\/?s={search_term_string}\"},\"query-input\":{\"@type\":\"PropertyValueSpecification\",\"valueRequired\":true,\"valueName\":\"search_term_string\"}}],\"inLanguage\":\"sk-SK\"},{\"@type\":\"Organization\",\"@id\":\"https:\/\/www.festivalvedy.sk\/wp2\/#organization\",\"name\":\"Festival vedy a techniky AMAVET\",\"url\":\"https:\/\/www.festivalvedy.sk\/wp2\/\",\"logo\":{\"@type\":\"ImageObject\",\"inLanguage\":\"sk-SK\",\"@id\":\"https:\/\/www.festivalvedy.sk\/wp2\/#\/schema\/logo\/image\/\",\"url\":\"https:\/\/www.festivalvedy.sk\/wp2\/wp-content\/uploads\/2022\/02\/cropped-fvat-ochranna-zona.png\",\"contentUrl\":\"https:\/\/www.festivalvedy.sk\/wp2\/wp-content\/uploads\/2022\/02\/cropped-fvat-ochranna-zona.png\",\"width\":1190,\"height\":357,\"caption\":\"Festival vedy a techniky AMAVET\"},\"image\":{\"@id\":\"https:\/\/www.festivalvedy.sk\/wp2\/#\/schema\/logo\/image\/\"}},{\"@type\":\"Person\",\"@id\":\"https:\/\/www.festivalvedy.sk\/wp2\/#\/schema\/person\/f6c2e17170a626260fe38db97ed0a1f5\",\"name\":\"Redakcia\",\"image\":{\"@type\":\"ImageObject\",\"inLanguage\":\"sk-SK\",\"@id\":\"https:\/\/secure.gravatar.com\/avatar\/2f7c312d560e25e8eb59b6b53cadd5dc16b39f25bac1c7d0a221dafd9c91fae9?s=96&d=mm&r=g\",\"url\":\"https:\/\/secure.gravatar.com\/avatar\/2f7c312d560e25e8eb59b6b53cadd5dc16b39f25bac1c7d0a221dafd9c91fae9?s=96&d=mm&r=g\",\"contentUrl\":\"https:\/\/secure.gravatar.com\/avatar\/2f7c312d560e25e8eb59b6b53cadd5dc16b39f25bac1c7d0a221dafd9c91fae9?s=96&d=mm&r=g\",\"caption\":\"Redakcia\"},\"url\":\"https:\/\/www.festivalvedy.sk\/wp2\/author\/fvatadmin\/\"}]}<\/script>\n<!-- \/ Yoast SEO plugin. -->","yoast_head_json":{"title":"COVID-19 - Festival vedy a techniky AMAVET","robots":{"index":"index","follow":"follow","max-snippet":"max-snippet:-1","max-image-preview":"max-image-preview:large","max-video-preview":"max-video-preview:-1"},"canonical":"https:\/\/www.festivalvedy.sk\/wp2\/covid-19\/","og_locale":"sk_SK","og_type":"article","og_title":"COVID-19 - Festival vedy a techniky AMAVET","og_description":"Realiz\u00e1cia s\u00fa\u0165a\u017ee v \u0161k. roku 2020\/2021 S\u00fa\u0165a\u017eiaci (na krajsk\u00fdch kol\u00e1ch aj celoslovenskom fin\u00e1le) musia ma\u0165 pripraven\u00fa prezent\u00e1ciu projektu v tla\u010denej verzii &#8211; ktor\u00fa si umiestnia na poster (prezen\u010dn\u00e1 forma podujatia) a z\u00e1rove\u0148 digit\u00e1lnu prezent\u00e1ciu napr. PowerPoint a pod. (v pr\u00edpade di\u0161tan\u010dnej formy &#8211; online). Podujatia realizujeme v s\u00falade s aktu\u00e1lnymi protiepidemick\u00fdmi opatreniami bez \u00fa\u010dasti verejnosti. [&hellip;]","og_url":"https:\/\/www.festivalvedy.sk\/wp2\/covid-19\/","og_site_name":"Festival vedy a techniky AMAVET","article_published_time":"2020-09-17T14:18:36+00:00","article_modified_time":"2021-09-07T14:21:55+00:00","og_image":[{"width":900,"height":270,"url":"https:\/\/www.festivalvedy.sk\/wp2\/wp-content\/uploads\/2020\/09\/COVID.png","type":"image\/png"}],"author":"Redakcia","twitter_card":"summary_large_image","twitter_misc":{"Autor":"Redakcia","Predpokladan\u00fd \u010das \u010d\u00edtania":"2 min\u00faty"},"schema":{"@context":"https:\/\/schema.org","@graph":[{"@type":"Article","@id":"https:\/\/www.festivalvedy.sk\/wp2\/covid-19\/#article","isPartOf":{"@id":"https:\/\/www.festivalvedy.sk\/wp2\/covid-19\/"},"author":{"name":"Redakcia","@id":"https:\/\/www.festivalvedy.sk\/wp2\/#\/schema\/person\/f6c2e17170a626260fe38db97ed0a1f5"},"headline":"COVID-19","datePublished":"2020-09-17T14:18:36+00:00","dateModified":"2021-09-07T14:21:55+00:00","mainEntityOfPage":{"@id":"https:\/\/www.festivalvedy.sk\/wp2\/covid-19\/"},"wordCount":324,"publisher":{"@id":"https:\/\/www.festivalvedy.sk\/wp2\/#organization"},"image":{"@id":"https:\/\/www.festivalvedy.sk\/wp2\/covid-19\/#primaryimage"},"thumbnailUrl":"https:\/\/www.festivalvedy.sk\/wp2\/wp-content\/uploads\/2020\/09\/COVID.png","articleSection":["Novinky"],"inLanguage":"sk-SK"},{"@type":"WebPage","@id":"https:\/\/www.festivalvedy.sk\/wp2\/covid-19\/","url":"https:\/\/www.festivalvedy.sk\/wp2\/covid-19\/","name":"COVID-19 - Festival vedy a techniky AMAVET","isPartOf":{"@id":"https:\/\/www.festivalvedy.sk\/wp2\/#website"},"primaryImageOfPage":{"@id":"https:\/\/www.festivalvedy.sk\/wp2\/covid-19\/#primaryimage"},"image":{"@id":"https:\/\/www.festivalvedy.sk\/wp2\/covid-19\/#primaryimage"},"thumbnailUrl":"https:\/\/www.festivalvedy.sk\/wp2\/wp-content\/uploads\/2020\/09\/COVID.png","datePublished":"2020-09-17T14:18:36+00:00","dateModified":"2021-09-07T14:21:55+00:00","breadcrumb":{"@id":"https:\/\/www.festivalvedy.sk\/wp2\/covid-19\/#breadcrumb"},"inLanguage":"sk-SK","potentialAction":[{"@type":"ReadAction","target":["https:\/\/www.festivalvedy.sk\/wp2\/covid-19\/"]}]},{"@type":"ImageObject","inLanguage":"sk-SK","@id":"https:\/\/www.festivalvedy.sk\/wp2\/covid-19\/#primaryimage","url":"https:\/\/www.festivalvedy.sk\/wp2\/wp-content\/uploads\/2020\/09\/COVID.png","contentUrl":"https:\/\/www.festivalvedy.sk\/wp2\/wp-content\/uploads\/2020\/09\/COVID.png","width":900,"height":270},{"@type":"BreadcrumbList","@id":"https:\/\/www.festivalvedy.sk\/wp2\/covid-19\/#breadcrumb","itemListElement":[{"@type":"ListItem","position":1,"name":"Home","item":"https:\/\/www.festivalvedy.sk\/wp2\/"},{"@type":"ListItem","position":2,"name":"COVID-19"}]},{"@type":"WebSite","@id":"https:\/\/www.festivalvedy.sk\/wp2\/#website","url":"https:\/\/www.festivalvedy.sk\/wp2\/","name":"Festival vedy a techniky AMAVET","description":"AMAVET - Asoci\u00e1cia pre ml\u00e1de\u017e, vedu a techniku","publisher":{"@id":"https:\/\/www.festivalvedy.sk\/wp2\/#organization"},"potentialAction":[{"@type":"SearchAction","target":{"@type":"EntryPoint","urlTemplate":"https:\/\/www.festivalvedy.sk\/wp2\/?s={search_term_string}"},"query-input":{"@type":"PropertyValueSpecification","valueRequired":true,"valueName":"search_term_string"}}],"inLanguage":"sk-SK"},{"@type":"Organization","@id":"https:\/\/www.festivalvedy.sk\/wp2\/#organization","name":"Festival vedy a techniky AMAVET","url":"https:\/\/www.festivalvedy.sk\/wp2\/","logo":{"@type":"ImageObject","inLanguage":"sk-SK","@id":"https:\/\/www.festivalvedy.sk\/wp2\/#\/schema\/logo\/image\/","url":"https:\/\/www.festivalvedy.sk\/wp2\/wp-content\/uploads\/2022\/02\/cropped-fvat-ochranna-zona.png","contentUrl":"https:\/\/www.festivalvedy.sk\/wp2\/wp-content\/uploads\/2022\/02\/cropped-fvat-ochranna-zona.png","width":1190,"height":357,"caption":"Festival vedy a techniky AMAVET"},"image":{"@id":"https:\/\/www.festivalvedy.sk\/wp2\/#\/schema\/logo\/image\/"}},{"@type":"Person","@id":"https:\/\/www.festivalvedy.sk\/wp2\/#\/schema\/person\/f6c2e17170a626260fe38db97ed0a1f5","name":"Redakcia","image":{"@type":"ImageObject","inLanguage":"sk-SK","@id":"https:\/\/secure.gravatar.com\/avatar\/2f7c312d560e25e8eb59b6b53cadd5dc16b39f25bac1c7d0a221dafd9c91fae9?s=96&d=mm&r=g","url":"https:\/\/secure.gravatar.com\/avatar\/2f7c312d560e25e8eb59b6b53cadd5dc16b39f25bac1c7d0a221dafd9c91fae9?s=96&d=mm&r=g","contentUrl":"https:\/\/secure.gravatar.com\/avatar\/2f7c312d560e25e8eb59b6b53cadd5dc16b39f25bac1c7d0a221dafd9c91fae9?s=96&d=mm&r=g","caption":"Redakcia"},"url":"https:\/\/www.festivalvedy.sk\/wp2\/author\/fvatadmin\/"}]}},"_links":{"self":[{"href":"https:\/\/www.festivalvedy.sk\/wp2\/wp-json\/wp\/v2\/posts\/2431","targetHints":{"allow":["GET"]}}],"collection":[{"href":"https:\/\/www.festivalvedy.sk\/wp2\/wp-json\/wp\/v2\/posts"}],"about":[{"href":"https:\/\/www.festivalvedy.sk\/wp2\/wp-json\/wp\/v2\/types\/post"}],"author":[{"embeddable":true,"href":"https:\/\/www.festivalvedy.sk\/wp2\/wp-json\/wp\/v2\/users\/1"}],"replies":[{"embeddable":true,"href":"https:\/\/www.festivalvedy.sk\/wp2\/wp-json\/wp\/v2\/comments?post=2431"}],"version-history":[{"count":6,"href":"https:\/\/www.festivalvedy.sk\/wp2\/wp-json\/wp\/v2\/posts\/2431\/revisions"}],"predecessor-version":[{"id":2781,"href":"https:\/\/www.festivalvedy.sk\/wp2\/wp-json\/wp\/v2\/posts\/2431\/revisions\/2781"}],"wp:featuredmedia":[{"embeddable":true,"href":"https:\/\/www.festivalvedy.sk\/wp2\/wp-json\/wp\/v2\/media\/2415"}],"wp:attachment":[{"href":"https:\/\/www.festivalvedy.sk\/wp2\/wp-json\/wp\/v2\/media?parent=2431"}],"wp:term":[{"taxonomy":"category","embeddable":true,"href":"https:\/\/www.festivalvedy.sk\/wp2\/wp-json\/wp\/v2\/categories?post=2431"},{"taxonomy":"post_tag","embeddable":true,"href":"https:\/\/www.festivalvedy.sk\/wp2\/wp-json\/wp\/v2\/tags?post=2431"}],"curies":[{"name":"wp","href":"https:\/\/api.w.org\/{rel}","templated":true}]}}