{"id":2565,"date":"2020-11-12T12:49:28","date_gmt":"2020-11-12T11:49:28","guid":{"rendered":"https:\/\/www.festivalvedy.sk\/wp2\/?p=2565"},"modified":"2020-11-12T16:13:58","modified_gmt":"2020-11-12T15:13:58","slug":"vyzva-pre-ziakov-ktori-potrebuju-konzultanta-k-vedatorskemu-projektu","status":"publish","type":"post","link":"https:\/\/www.festivalvedy.sk\/wp2\/vyzva-pre-ziakov-ktori-potrebuju-konzultanta-k-vedatorskemu-projektu\/","title":{"rendered":"H\u013ead\u00e1\u0161 konzultanta k projektu?"},"content":{"rendered":"<section class=\"kc-elm kc-css-979069 kc_row\"><div class=\"kc-row-container  kc-container\"><div class=\"kc-wrap-columns\"><div class=\"kc-elm kc-css-183113 kc_col-sm-12 kc_column kc_col-sm-12\"><div class=\"kc-col-container\"><div class=\"kc-elm kc-css-844586 kc_text_block\"><\/p>\n<p>Radi by sme pomohli akt\u00edvnym \u017eiakom, ktor\u00ed maj\u00fa chu\u0165 pracova\u0165 na svojom ved\u00e1torskom projekte. Nie ka\u017ed\u00fd m\u00e1 vo svojom okol\u00ed vhodn\u00fa osobu, s ktorou by mohol konzultova\u0165 svoju pr\u00e1cu, pr\u00edpadne nem\u00e1 priestory na svoje experimenty. Ch\u00fdbaj\u00fa dostato\u010dne vybaven\u00e9 laborat\u00f3ri\u00e1 alebo technick\u00e9 vybavenie. Niektor\u00ed maj\u00fa ochotn\u00fdch u\u010dite\u013eov \u010di rodi\u010dov, ale nie v\u017edy z\u00e1rove\u0148 aj \u0161pecialistov na t\u00e9mu projektu. In\u00ed by zase radi svoju pr\u00e1cu prekonzultovali s viacer\u00fdmi odborn\u00edkmi. Tieto, a aj in\u00e9 obmedzenia m\u00f4\u017eu brzdi\u0165 tvorbu ved\u00e1torsk\u00e9ho projektu v \u010fal\u0161om napredovan\u00ed.<\/p>\n<p><!--more--><\/p>\n<p>Ka\u017ed\u00fd autor m\u00e1 \u0161pecifick\u00fa situ\u00e1ciu a my vieme, \u017ee existuje potreba zefekt\u00edvni\u0165 t\u00fato oblas\u0165. T\u00fdm n\u00e1ro\u010dnej\u0161\u00edm \u017eiakom zvy\u010dajne trv\u00e1 dos\u0165 dlho, k\u00fdm n\u00e1jdu spr\u00e1vneho odborn\u00edka, ktor\u00fd by ich vedel nasmerova\u0165 a pom\u00f4c\u0165.<\/p>\n<p>Na\u0161im cie\u013eom je postupne vybudova\u0165 sie\u0165 kontaktov na potenci\u00e1lnych konzultantov. Tento projekt e\u0161te len rozbiehame a formujeme. D\u00f4le\u017eit\u00e1 je dobr\u00e1 my\u0161lienka a ochota pracova\u0165. Preto na za\u010diatok nes\u013eubujeme, \u017ee ka\u017ed\u00e9mu hne\u010f n\u00e1jdeme odborn\u00edka a priestory. Ale budeme na tom pracova\u0165. \u010c\u00edm sk\u00f4r sa ozvete, t\u00fdm viac \u010dasu budeme ma\u0165 na oslovenie mno\u017estva zanepr\u00e1zdnen\u00fdch \u0161pecialistov, ktor\u00ed sa nie v\u017edy dok\u00e1\u017eu uvo\u013eni\u0165 pre tak\u00fato \u00falohu. Univerzity si postupne uvedomuj\u00fa, \u017ee je d\u00f4le\u017eit\u00e9 pracova\u0165 u\u017e so stredo\u0161kol\u00e1kmi, ktor\u00ed maj\u00fa z\u00e1ujem napredova\u0165.<\/p>\n<p>V pr\u00edpade, \u017ee m\u00e1te z\u00e1ujem o pomoc so svojim projektom, pr\u00edpadne pedag\u00f3govia ak viete o tak\u00fdchto \u017eiakoch, ozvite sa n\u00e1m na ni\u017e\u0161ie uveden\u00fd kontakt. Dobre si premyslite, \u010do vlastne chcete robi\u0165. Polo\u017e\u00edme v\u00e1m nieko\u013eko ot\u00e1zok, aby sme lep\u0161ie porozumeli va\u0161im potreb\u00e1m.<\/p>\n<p>Mo\u017eno potrebujete len poradi\u0165, nasmerova\u0165. To je v poriadku, niekedy aj p\u00e1r emailov od spr\u00e1vnej osoby dok\u00e1\u017ee \u010dloveka posun\u00fa\u0165 \u010falej.<\/p>\n<p>Ak u\u017e m\u00e1te projekt rozbehnut\u00fd, potrebovali by sme vedie\u0165 jeho charakteristiku a oblas\u0165, v ktorej potrebujete konzult\u00e1ciu. Pr\u00edpadne, ak potrebujete priestory na experimenty alebo laborat\u00f3ri\u00e1, bude nevyhnutn\u00e9 op\u00edsa\u0165 va\u0161e po\u017eiadavky a predstavy.<\/p>\n<p>V ide\u00e1lnom pr\u00edpade v\u00e1m n\u00e1jdeme konzultanta.\u00a0 Bude va\u0161ou \u00falohou ho skontaktova\u0165, on u\u017e bude ma\u0165 inform\u00e1cie o va\u0161om projekte od n\u00e1s, a je na va\u0161ej vz\u00e1jomnej dohode, ak\u00fa formu a rozsah spolupr\u00e1ce si zvol\u00edte. V\u0161etko funguje na b\u00e1ze dobrovo\u013enosti, pam\u00e4tajte si preto, \u017ee aj konzultanti to robia na \u00fakor svojho vo\u013en\u00e9ho \u010dasu, preto\u017ee v takejto pomoci vidia zmysel.<\/p>\n<p>Ak v\u00e1s t\u00e1to v\u00fdzva oslovila, nev\u00e1hajte sa ozva\u0165 na prochaska[at]amavet(dot)sk.<\/p>\n<p>Luk\u00e1\u0161 Proch\u00e1ska, AMAVET<\/p>\n<p>\n<\/div><\/div><\/div><\/div><\/div><\/section>\n","protected":false},"excerpt":{"rendered":"<p>Radi by sme pomohli akt\u00edvnym \u017eiakom, ktor\u00ed maj\u00fa chu\u0165 pracova\u0165 na svojom ved\u00e1torskom projekte. Nie ka\u017ed\u00fd m\u00e1 vo svojom okol\u00ed vhodn\u00fa osobu, s ktorou by mohol konzultova\u0165 svoju pr\u00e1cu, pr\u00edpadne nem\u00e1 priestory na svoje experimenty. Ch\u00fdbaj\u00fa dostato\u010dne vybaven\u00e9 laborat\u00f3ri\u00e1 alebo technick\u00e9 vybavenie. Niektor\u00ed maj\u00fa ochotn\u00fdch u\u010dite\u013eov \u010di rodi\u010dov, ale nie v\u017edy z\u00e1rove\u0148 aj \u0161pecialistov na [&hellip;]<\/p>\n","protected":false},"author":1,"featured_media":2048,"comment_status":"closed","ping_status":"closed","sticky":false,"template":"","format":"standard","meta":{"om_disable_all_campaigns":false,"_monsterinsights_skip_tracking":false,"_monsterinsights_sitenote_active":false,"_monsterinsights_sitenote_note":"","_monsterinsights_sitenote_category":0,"_uf_show_specific_survey":0,"_uf_disable_surveys":false,"footnotes":""},"categories":[33],"tags":[],"class_list":["post-2565","post","type-post","status-publish","format-standard","has-post-thumbnail","hentry","category-novinky"],"yoast_head":"<!-- This site is optimized with the Yoast SEO plugin v27.2 - https:\/\/yoast.com\/product\/yoast-seo-wordpress\/ -->\n<title>H\u013ead\u00e1\u0161 konzultanta k projektu? - Festival vedy a techniky AMAVET<\/title>\n<meta name=\"description\" content=\"V\u00fdzva pre \u017eiakov, ktor\u00ed maj\u00fa chu\u0165 pracova\u0165 na svojom ved\u00e1torskom projekte a z\u00e1rove\u0148 potrebuj\u00fa poradi\u0165 \u010di odkonzultova\u0165 svoj projekt alebo h\u013eadaj\u00fa konzultanta\" \/>\n<meta name=\"robots\" content=\"index, follow, max-snippet:-1, max-image-preview:large, max-video-preview:-1\" \/>\n<link rel=\"canonical\" href=\"https:\/\/www.festivalvedy.sk\/wp2\/vyzva-pre-ziakov-ktori-potrebuju-konzultanta-k-vedatorskemu-projektu\/\" \/>\n<meta property=\"og:locale\" content=\"sk_SK\" \/>\n<meta property=\"og:type\" content=\"article\" \/>\n<meta property=\"og:title\" content=\"H\u013ead\u00e1\u0161 konzultanta k projektu? - Festival vedy a techniky AMAVET\" \/>\n<meta property=\"og:description\" content=\"V\u00fdzva pre \u017eiakov, ktor\u00ed maj\u00fa chu\u0165 pracova\u0165 na svojom ved\u00e1torskom projekte a z\u00e1rove\u0148 potrebuj\u00fa poradi\u0165 \u010di odkonzultova\u0165 svoj projekt alebo h\u013eadaj\u00fa konzultanta\" \/>\n<meta property=\"og:url\" content=\"https:\/\/www.festivalvedy.sk\/wp2\/vyzva-pre-ziakov-ktori-potrebuju-konzultanta-k-vedatorskemu-projektu\/\" \/>\n<meta property=\"og:site_name\" content=\"Festival vedy a techniky AMAVET\" \/>\n<meta property=\"article:published_time\" content=\"2020-11-12T11:49:28+00:00\" \/>\n<meta property=\"article:modified_time\" content=\"2020-11-12T15:13:58+00:00\" \/>\n<meta property=\"og:image\" content=\"https:\/\/www.festivalvedy.sk\/wp2\/wp-content\/uploads\/2019\/11\/AMAVET_FVAT_2019_068.jpg\" \/>\n\t<meta property=\"og:image:width\" content=\"1199\" \/>\n\t<meta property=\"og:image:height\" content=\"800\" \/>\n\t<meta property=\"og:image:type\" content=\"image\/jpeg\" \/>\n<meta name=\"author\" content=\"Redakcia\" \/>\n<meta name=\"twitter:card\" content=\"summary_large_image\" \/>\n<meta name=\"twitter:label1\" content=\"Autor\" \/>\n\t<meta name=\"twitter:data1\" content=\"Redakcia\" \/>\n\t<meta name=\"twitter:label2\" content=\"Predpokladan\u00fd \u010das \u010d\u00edtania\" \/>\n\t<meta name=\"twitter:data2\" content=\"2 min\u00faty\" \/>\n<script type=\"application\/ld+json\" class=\"yoast-schema-graph\">{\"@context\":\"https:\/\/schema.org\",\"@graph\":[{\"@type\":\"Article\",\"@id\":\"https:\/\/www.festivalvedy.sk\/wp2\/vyzva-pre-ziakov-ktori-potrebuju-konzultanta-k-vedatorskemu-projektu\/#article\",\"isPartOf\":{\"@id\":\"https:\/\/www.festivalvedy.sk\/wp2\/vyzva-pre-ziakov-ktori-potrebuju-konzultanta-k-vedatorskemu-projektu\/\"},\"author\":{\"name\":\"Redakcia\",\"@id\":\"https:\/\/www.festivalvedy.sk\/wp2\/#\/schema\/person\/f6c2e17170a626260fe38db97ed0a1f5\"},\"headline\":\"H\u013ead\u00e1\u0161 konzultanta k projektu?\",\"datePublished\":\"2020-11-12T11:49:28+00:00\",\"dateModified\":\"2020-11-12T15:13:58+00:00\",\"mainEntityOfPage\":{\"@id\":\"https:\/\/www.festivalvedy.sk\/wp2\/vyzva-pre-ziakov-ktori-potrebuju-konzultanta-k-vedatorskemu-projektu\/\"},\"wordCount\":476,\"publisher\":{\"@id\":\"https:\/\/www.festivalvedy.sk\/wp2\/#organization\"},\"image\":{\"@id\":\"https:\/\/www.festivalvedy.sk\/wp2\/vyzva-pre-ziakov-ktori-potrebuju-konzultanta-k-vedatorskemu-projektu\/#primaryimage\"},\"thumbnailUrl\":\"https:\/\/www.festivalvedy.sk\/wp2\/wp-content\/uploads\/2019\/11\/AMAVET_FVAT_2019_068.jpg\",\"articleSection\":[\"Novinky\"],\"inLanguage\":\"sk-SK\"},{\"@type\":\"WebPage\",\"@id\":\"https:\/\/www.festivalvedy.sk\/wp2\/vyzva-pre-ziakov-ktori-potrebuju-konzultanta-k-vedatorskemu-projektu\/\",\"url\":\"https:\/\/www.festivalvedy.sk\/wp2\/vyzva-pre-ziakov-ktori-potrebuju-konzultanta-k-vedatorskemu-projektu\/\",\"name\":\"H\u013ead\u00e1\u0161 konzultanta k projektu? - Festival vedy a techniky AMAVET\",\"isPartOf\":{\"@id\":\"https:\/\/www.festivalvedy.sk\/wp2\/#website\"},\"primaryImageOfPage\":{\"@id\":\"https:\/\/www.festivalvedy.sk\/wp2\/vyzva-pre-ziakov-ktori-potrebuju-konzultanta-k-vedatorskemu-projektu\/#primaryimage\"},\"image\":{\"@id\":\"https:\/\/www.festivalvedy.sk\/wp2\/vyzva-pre-ziakov-ktori-potrebuju-konzultanta-k-vedatorskemu-projektu\/#primaryimage\"},\"thumbnailUrl\":\"https:\/\/www.festivalvedy.sk\/wp2\/wp-content\/uploads\/2019\/11\/AMAVET_FVAT_2019_068.jpg\",\"datePublished\":\"2020-11-12T11:49:28+00:00\",\"dateModified\":\"2020-11-12T15:13:58+00:00\",\"description\":\"V\u00fdzva pre \u017eiakov, ktor\u00ed maj\u00fa chu\u0165 pracova\u0165 na svojom ved\u00e1torskom projekte a z\u00e1rove\u0148 potrebuj\u00fa poradi\u0165 \u010di odkonzultova\u0165 svoj projekt alebo h\u013eadaj\u00fa konzultanta\",\"breadcrumb\":{\"@id\":\"https:\/\/www.festivalvedy.sk\/wp2\/vyzva-pre-ziakov-ktori-potrebuju-konzultanta-k-vedatorskemu-projektu\/#breadcrumb\"},\"inLanguage\":\"sk-SK\",\"potentialAction\":[{\"@type\":\"ReadAction\",\"target\":[\"https:\/\/www.festivalvedy.sk\/wp2\/vyzva-pre-ziakov-ktori-potrebuju-konzultanta-k-vedatorskemu-projektu\/\"]}]},{\"@type\":\"ImageObject\",\"inLanguage\":\"sk-SK\",\"@id\":\"https:\/\/www.festivalvedy.sk\/wp2\/vyzva-pre-ziakov-ktori-potrebuju-konzultanta-k-vedatorskemu-projektu\/#primaryimage\",\"url\":\"https:\/\/www.festivalvedy.sk\/wp2\/wp-content\/uploads\/2019\/11\/AMAVET_FVAT_2019_068.jpg\",\"contentUrl\":\"https:\/\/www.festivalvedy.sk\/wp2\/wp-content\/uploads\/2019\/11\/AMAVET_FVAT_2019_068.jpg\",\"width\":1199,\"height\":800},{\"@type\":\"BreadcrumbList\",\"@id\":\"https:\/\/www.festivalvedy.sk\/wp2\/vyzva-pre-ziakov-ktori-potrebuju-konzultanta-k-vedatorskemu-projektu\/#breadcrumb\",\"itemListElement\":[{\"@type\":\"ListItem\",\"position\":1,\"name\":\"Home\",\"item\":\"https:\/\/www.festivalvedy.sk\/wp2\/\"},{\"@type\":\"ListItem\",\"position\":2,\"name\":\"H\u013ead\u00e1\u0161 konzultanta k projektu?\"}]},{\"@type\":\"WebSite\",\"@id\":\"https:\/\/www.festivalvedy.sk\/wp2\/#website\",\"url\":\"https:\/\/www.festivalvedy.sk\/wp2\/\",\"name\":\"Festival vedy a techniky AMAVET\",\"description\":\"AMAVET - Asoci\u00e1cia pre ml\u00e1de\u017e, vedu a techniku\",\"publisher\":{\"@id\":\"https:\/\/www.festivalvedy.sk\/wp2\/#organization\"},\"potentialAction\":[{\"@type\":\"SearchAction\",\"target\":{\"@type\":\"EntryPoint\",\"urlTemplate\":\"https:\/\/www.festivalvedy.sk\/wp2\/?s={search_term_string}\"},\"query-input\":{\"@type\":\"PropertyValueSpecification\",\"valueRequired\":true,\"valueName\":\"search_term_string\"}}],\"inLanguage\":\"sk-SK\"},{\"@type\":\"Organization\",\"@id\":\"https:\/\/www.festivalvedy.sk\/wp2\/#organization\",\"name\":\"Festival vedy a techniky AMAVET\",\"url\":\"https:\/\/www.festivalvedy.sk\/wp2\/\",\"logo\":{\"@type\":\"ImageObject\",\"inLanguage\":\"sk-SK\",\"@id\":\"https:\/\/www.festivalvedy.sk\/wp2\/#\/schema\/logo\/image\/\",\"url\":\"https:\/\/www.festivalvedy.sk\/wp2\/wp-content\/uploads\/2022\/02\/cropped-fvat-ochranna-zona.png\",\"contentUrl\":\"https:\/\/www.festivalvedy.sk\/wp2\/wp-content\/uploads\/2022\/02\/cropped-fvat-ochranna-zona.png\",\"width\":1190,\"height\":357,\"caption\":\"Festival vedy a techniky AMAVET\"},\"image\":{\"@id\":\"https:\/\/www.festivalvedy.sk\/wp2\/#\/schema\/logo\/image\/\"}},{\"@type\":\"Person\",\"@id\":\"https:\/\/www.festivalvedy.sk\/wp2\/#\/schema\/person\/f6c2e17170a626260fe38db97ed0a1f5\",\"name\":\"Redakcia\",\"image\":{\"@type\":\"ImageObject\",\"inLanguage\":\"sk-SK\",\"@id\":\"https:\/\/secure.gravatar.com\/avatar\/2f7c312d560e25e8eb59b6b53cadd5dc16b39f25bac1c7d0a221dafd9c91fae9?s=96&d=mm&r=g\",\"url\":\"https:\/\/secure.gravatar.com\/avatar\/2f7c312d560e25e8eb59b6b53cadd5dc16b39f25bac1c7d0a221dafd9c91fae9?s=96&d=mm&r=g\",\"contentUrl\":\"https:\/\/secure.gravatar.com\/avatar\/2f7c312d560e25e8eb59b6b53cadd5dc16b39f25bac1c7d0a221dafd9c91fae9?s=96&d=mm&r=g\",\"caption\":\"Redakcia\"},\"url\":\"https:\/\/www.festivalvedy.sk\/wp2\/author\/fvatadmin\/\"}]}<\/script>\n<!-- \/ Yoast SEO plugin. -->","yoast_head_json":{"title":"H\u013ead\u00e1\u0161 konzultanta k projektu? - Festival vedy a techniky AMAVET","description":"V\u00fdzva pre \u017eiakov, ktor\u00ed maj\u00fa chu\u0165 pracova\u0165 na svojom ved\u00e1torskom projekte a z\u00e1rove\u0148 potrebuj\u00fa poradi\u0165 \u010di odkonzultova\u0165 svoj projekt alebo h\u013eadaj\u00fa konzultanta","robots":{"index":"index","follow":"follow","max-snippet":"max-snippet:-1","max-image-preview":"max-image-preview:large","max-video-preview":"max-video-preview:-1"},"canonical":"https:\/\/www.festivalvedy.sk\/wp2\/vyzva-pre-ziakov-ktori-potrebuju-konzultanta-k-vedatorskemu-projektu\/","og_locale":"sk_SK","og_type":"article","og_title":"H\u013ead\u00e1\u0161 konzultanta k projektu? - Festival vedy a techniky AMAVET","og_description":"V\u00fdzva pre \u017eiakov, ktor\u00ed maj\u00fa chu\u0165 pracova\u0165 na svojom ved\u00e1torskom projekte a z\u00e1rove\u0148 potrebuj\u00fa poradi\u0165 \u010di odkonzultova\u0165 svoj projekt alebo h\u013eadaj\u00fa konzultanta","og_url":"https:\/\/www.festivalvedy.sk\/wp2\/vyzva-pre-ziakov-ktori-potrebuju-konzultanta-k-vedatorskemu-projektu\/","og_site_name":"Festival vedy a techniky AMAVET","article_published_time":"2020-11-12T11:49:28+00:00","article_modified_time":"2020-11-12T15:13:58+00:00","og_image":[{"width":1199,"height":800,"url":"https:\/\/www.festivalvedy.sk\/wp2\/wp-content\/uploads\/2019\/11\/AMAVET_FVAT_2019_068.jpg","type":"image\/jpeg"}],"author":"Redakcia","twitter_card":"summary_large_image","twitter_misc":{"Autor":"Redakcia","Predpokladan\u00fd \u010das \u010d\u00edtania":"2 min\u00faty"},"schema":{"@context":"https:\/\/schema.org","@graph":[{"@type":"Article","@id":"https:\/\/www.festivalvedy.sk\/wp2\/vyzva-pre-ziakov-ktori-potrebuju-konzultanta-k-vedatorskemu-projektu\/#article","isPartOf":{"@id":"https:\/\/www.festivalvedy.sk\/wp2\/vyzva-pre-ziakov-ktori-potrebuju-konzultanta-k-vedatorskemu-projektu\/"},"author":{"name":"Redakcia","@id":"https:\/\/www.festivalvedy.sk\/wp2\/#\/schema\/person\/f6c2e17170a626260fe38db97ed0a1f5"},"headline":"H\u013ead\u00e1\u0161 konzultanta k projektu?","datePublished":"2020-11-12T11:49:28+00:00","dateModified":"2020-11-12T15:13:58+00:00","mainEntityOfPage":{"@id":"https:\/\/www.festivalvedy.sk\/wp2\/vyzva-pre-ziakov-ktori-potrebuju-konzultanta-k-vedatorskemu-projektu\/"},"wordCount":476,"publisher":{"@id":"https:\/\/www.festivalvedy.sk\/wp2\/#organization"},"image":{"@id":"https:\/\/www.festivalvedy.sk\/wp2\/vyzva-pre-ziakov-ktori-potrebuju-konzultanta-k-vedatorskemu-projektu\/#primaryimage"},"thumbnailUrl":"https:\/\/www.festivalvedy.sk\/wp2\/wp-content\/uploads\/2019\/11\/AMAVET_FVAT_2019_068.jpg","articleSection":["Novinky"],"inLanguage":"sk-SK"},{"@type":"WebPage","@id":"https:\/\/www.festivalvedy.sk\/wp2\/vyzva-pre-ziakov-ktori-potrebuju-konzultanta-k-vedatorskemu-projektu\/","url":"https:\/\/www.festivalvedy.sk\/wp2\/vyzva-pre-ziakov-ktori-potrebuju-konzultanta-k-vedatorskemu-projektu\/","name":"H\u013ead\u00e1\u0161 konzultanta k projektu? - Festival vedy a techniky AMAVET","isPartOf":{"@id":"https:\/\/www.festivalvedy.sk\/wp2\/#website"},"primaryImageOfPage":{"@id":"https:\/\/www.festivalvedy.sk\/wp2\/vyzva-pre-ziakov-ktori-potrebuju-konzultanta-k-vedatorskemu-projektu\/#primaryimage"},"image":{"@id":"https:\/\/www.festivalvedy.sk\/wp2\/vyzva-pre-ziakov-ktori-potrebuju-konzultanta-k-vedatorskemu-projektu\/#primaryimage"},"thumbnailUrl":"https:\/\/www.festivalvedy.sk\/wp2\/wp-content\/uploads\/2019\/11\/AMAVET_FVAT_2019_068.jpg","datePublished":"2020-11-12T11:49:28+00:00","dateModified":"2020-11-12T15:13:58+00:00","description":"V\u00fdzva pre \u017eiakov, ktor\u00ed maj\u00fa chu\u0165 pracova\u0165 na svojom ved\u00e1torskom projekte a z\u00e1rove\u0148 potrebuj\u00fa poradi\u0165 \u010di odkonzultova\u0165 svoj projekt alebo h\u013eadaj\u00fa konzultanta","breadcrumb":{"@id":"https:\/\/www.festivalvedy.sk\/wp2\/vyzva-pre-ziakov-ktori-potrebuju-konzultanta-k-vedatorskemu-projektu\/#breadcrumb"},"inLanguage":"sk-SK","potentialAction":[{"@type":"ReadAction","target":["https:\/\/www.festivalvedy.sk\/wp2\/vyzva-pre-ziakov-ktori-potrebuju-konzultanta-k-vedatorskemu-projektu\/"]}]},{"@type":"ImageObject","inLanguage":"sk-SK","@id":"https:\/\/www.festivalvedy.sk\/wp2\/vyzva-pre-ziakov-ktori-potrebuju-konzultanta-k-vedatorskemu-projektu\/#primaryimage","url":"https:\/\/www.festivalvedy.sk\/wp2\/wp-content\/uploads\/2019\/11\/AMAVET_FVAT_2019_068.jpg","contentUrl":"https:\/\/www.festivalvedy.sk\/wp2\/wp-content\/uploads\/2019\/11\/AMAVET_FVAT_2019_068.jpg","width":1199,"height":800},{"@type":"BreadcrumbList","@id":"https:\/\/www.festivalvedy.sk\/wp2\/vyzva-pre-ziakov-ktori-potrebuju-konzultanta-k-vedatorskemu-projektu\/#breadcrumb","itemListElement":[{"@type":"ListItem","position":1,"name":"Home","item":"https:\/\/www.festivalvedy.sk\/wp2\/"},{"@type":"ListItem","position":2,"name":"H\u013ead\u00e1\u0161 konzultanta k projektu?"}]},{"@type":"WebSite","@id":"https:\/\/www.festivalvedy.sk\/wp2\/#website","url":"https:\/\/www.festivalvedy.sk\/wp2\/","name":"Festival vedy a techniky AMAVET","description":"AMAVET - Asoci\u00e1cia pre ml\u00e1de\u017e, vedu a techniku","publisher":{"@id":"https:\/\/www.festivalvedy.sk\/wp2\/#organization"},"potentialAction":[{"@type":"SearchAction","target":{"@type":"EntryPoint","urlTemplate":"https:\/\/www.festivalvedy.sk\/wp2\/?s={search_term_string}"},"query-input":{"@type":"PropertyValueSpecification","valueRequired":true,"valueName":"search_term_string"}}],"inLanguage":"sk-SK"},{"@type":"Organization","@id":"https:\/\/www.festivalvedy.sk\/wp2\/#organization","name":"Festival vedy a techniky AMAVET","url":"https:\/\/www.festivalvedy.sk\/wp2\/","logo":{"@type":"ImageObject","inLanguage":"sk-SK","@id":"https:\/\/www.festivalvedy.sk\/wp2\/#\/schema\/logo\/image\/","url":"https:\/\/www.festivalvedy.sk\/wp2\/wp-content\/uploads\/2022\/02\/cropped-fvat-ochranna-zona.png","contentUrl":"https:\/\/www.festivalvedy.sk\/wp2\/wp-content\/uploads\/2022\/02\/cropped-fvat-ochranna-zona.png","width":1190,"height":357,"caption":"Festival vedy a techniky AMAVET"},"image":{"@id":"https:\/\/www.festivalvedy.sk\/wp2\/#\/schema\/logo\/image\/"}},{"@type":"Person","@id":"https:\/\/www.festivalvedy.sk\/wp2\/#\/schema\/person\/f6c2e17170a626260fe38db97ed0a1f5","name":"Redakcia","image":{"@type":"ImageObject","inLanguage":"sk-SK","@id":"https:\/\/secure.gravatar.com\/avatar\/2f7c312d560e25e8eb59b6b53cadd5dc16b39f25bac1c7d0a221dafd9c91fae9?s=96&d=mm&r=g","url":"https:\/\/secure.gravatar.com\/avatar\/2f7c312d560e25e8eb59b6b53cadd5dc16b39f25bac1c7d0a221dafd9c91fae9?s=96&d=mm&r=g","contentUrl":"https:\/\/secure.gravatar.com\/avatar\/2f7c312d560e25e8eb59b6b53cadd5dc16b39f25bac1c7d0a221dafd9c91fae9?s=96&d=mm&r=g","caption":"Redakcia"},"url":"https:\/\/www.festivalvedy.sk\/wp2\/author\/fvatadmin\/"}]}},"_links":{"self":[{"href":"https:\/\/www.festivalvedy.sk\/wp2\/wp-json\/wp\/v2\/posts\/2565","targetHints":{"allow":["GET"]}}],"collection":[{"href":"https:\/\/www.festivalvedy.sk\/wp2\/wp-json\/wp\/v2\/posts"}],"about":[{"href":"https:\/\/www.festivalvedy.sk\/wp2\/wp-json\/wp\/v2\/types\/post"}],"author":[{"embeddable":true,"href":"https:\/\/www.festivalvedy.sk\/wp2\/wp-json\/wp\/v2\/users\/1"}],"replies":[{"embeddable":true,"href":"https:\/\/www.festivalvedy.sk\/wp2\/wp-json\/wp\/v2\/comments?post=2565"}],"version-history":[{"count":6,"href":"https:\/\/www.festivalvedy.sk\/wp2\/wp-json\/wp\/v2\/posts\/2565\/revisions"}],"predecessor-version":[{"id":2584,"href":"https:\/\/www.festivalvedy.sk\/wp2\/wp-json\/wp\/v2\/posts\/2565\/revisions\/2584"}],"wp:featuredmedia":[{"embeddable":true,"href":"https:\/\/www.festivalvedy.sk\/wp2\/wp-json\/wp\/v2\/media\/2048"}],"wp:attachment":[{"href":"https:\/\/www.festivalvedy.sk\/wp2\/wp-json\/wp\/v2\/media?parent=2565"}],"wp:term":[{"taxonomy":"category","embeddable":true,"href":"https:\/\/www.festivalvedy.sk\/wp2\/wp-json\/wp\/v2\/categories?post=2565"},{"taxonomy":"post_tag","embeddable":true,"href":"https:\/\/www.festivalvedy.sk\/wp2\/wp-json\/wp\/v2\/tags?post=2565"}],"curies":[{"name":"wp","href":"https:\/\/api.w.org\/{rel}","templated":true}]}}