{"id":2655,"date":"2021-02-15T15:47:29","date_gmt":"2021-02-15T14:47:29","guid":{"rendered":"https:\/\/www.festivalvedy.sk\/wp2\/?p=2655"},"modified":"2021-02-15T15:47:32","modified_gmt":"2021-02-15T14:47:32","slug":"experimentalna-liecba-nadorov-ked-je-pocit-z-uspechu-dvakrat-lepsi-mozno-aj-viackrat","status":"publish","type":"post","link":"https:\/\/www.festivalvedy.sk\/wp2\/experimentalna-liecba-nadorov-ked-je-pocit-z-uspechu-dvakrat-lepsi-mozno-aj-viackrat\/","title":{"rendered":"Experiment\u00e1lna lie\u010dba n\u00e1dorov: Ke\u010f je pocit z \u00faspechu dvakr\u00e1t lep\u0161\u00ed, mo\u017eno aj viackr\u00e1t"},"content":{"rendered":"\n<p>Laura Burdov\u00e1 z&nbsp;Cirkevnej spojenej \u0161koly Snina, sa odmali\u010dka chcela venova\u0165 biol\u00f3gii a&nbsp;medic\u00edne. Tvrd\u00e1 pr\u00e1ca sa vyplatila. Minul\u00fd rok sa z\u00fa\u010dastnila Festivalu vedy a&nbsp;techniky AMAVET 2020 a&nbsp;zv\u00ed\u0165azila so svojim projektom, ktor\u00e9ho cel\u00fd n\u00e1zov je <strong><em>\u201eVyu\u017eitie kombin\u00e1cie acidifik\u00e1cie extracelul\u00e1rneho pH n\u00e1dorov\u00fdch buniek a&nbsp;\u00fa\u010dinkov rottlerinu, ako jedn\u00e9ho zo sp\u00f4sobov proti-n\u00e1dorovej terapie.\u201c <\/em><\/strong>Laikovi sa d\u00e1 op\u00edsa\u0165 aj jednoduch\u0161ie: <strong><em>\u201eKe\u010f sa uskuto\u010d\u0148uje n\u00e1dorov\u00e1 terapia, prid\u00e1va sa lie\u010divo. V&nbsp;projekte sme sa sna\u017eili nielen prida\u0165 lie\u010divo, ale aj prisp\u00f4sobi\u0165 podmienky tak, aby sa zlep\u0161il \u00fa\u010dinok lieku. Zmenili sme pH, vonkaj\u0161ie pH sme okyslili. Bunky s\u00fa na to citliv\u00e9. Nakoniec sa potvrdilo, \u017ee t\u00e1to zmena \u00fa\u010dinok lie\u010diva zn\u00e1sob\u00ed. Vyu\u017eili sme tie\u017e lie\u010divo, ktor\u00e9 m\u00e1 pr\u00edrodn\u00fd p\u00f4vod z&nbsp;plodu stromov, ktor\u00fd rastie vo Filip\u00ednach. Pr\u00edrodn\u00e9 lie\u010div\u00e1 s\u00fa aj menej toxick\u00e9 ako syntetick\u00e9.\u201c<\/em><\/strong><\/p>\n\n\n\n<p>Lauru na\u0161tartovala v&nbsp;druhom ro\u010dn\u00edku jej iniciat\u00edvna u\u010dite\u013eka, ktor\u00e1 jej pomohla z\u00edska\u0165 pr\u00edstup do laborat\u00f3ria v&nbsp;Centre interdisciplin\u00e1rnych bio-vied v Ko\u0161iciach. A&nbsp;podobne aj \u010fal\u0161\u00edm spolu\u017eia\u010dkam, ktor\u00e9 tie\u017e pracovali na svojich projektoch: <strong><em>\u201eV&nbsp;druhom ro\u010dn\u00edku mi pani u\u010dite\u013eka Ing. Milana Buhajov\u00e1 dala tak\u00fd impulz. Spojila sa s&nbsp;p\u00e1nom Sedl\u00e1kom, ktor\u00fd je riadite\u013eom centra, kde sme projekt realizovali. Pri\u0161li sme tam, porozpr\u00e1vali sme sa s&nbsp;n\u00edm. Dali n\u00e1m na v\u00fdber z&nbsp;viacer\u00fdch t\u00e9m, kde ka\u017ed\u00e1 mala svojho \u0161kolite\u013ea. M\u0148a ve\u013emi fascinuje bunka a&nbsp;jej procesy. Stretla som sa s&nbsp;pani \u0161kolite\u013ekou RNDr. Veronikou Hunto\u0161ovou, PhD. a&nbsp;zistila som, \u017ee rob\u00ed pokusy s&nbsp;n\u00e1dorov\u00fdmi bunkami. To je spojenie biol\u00f3gie a&nbsp;medic\u00edny, ke\u010f\u017ee ide o&nbsp;onkologick\u00e9 ochorenia. T\u00e9ma ma na prv\u00fd poh\u013ead chytila. Potom sme \u010d\u00edtali \u010dl\u00e1nky a&nbsp;rozm\u00fd\u0161\u013eali, ako sa d\u00e1 projekt \u010do najzauj\u00edmavej\u0161ie spravi\u0165.\u201c<\/em><\/strong><\/p>\n\n\n\n<p>Pre\u010do pr\u00e1ve rottlerin ako v\u00fdskumn\u00e1 l\u00e1tka?<\/p>\n\n\n\n<p><strong><em>\u201eP\u00f4vodn\u00ed obyvatelia Filip\u00edn, \u010do tam \u017eij\u00fa, u\u017e ho pou\u017e\u00edvali vo svojej medic\u00edne. Ten strom m\u00e1 plody, na nich je \u010derven\u00fd pr\u00e1\u0161ok, z ktor\u00e9ho sa z\u00edskava lie\u010debn\u00e1 l\u00e1tka. Podobn\u00e1 l\u00e1tka sa z\u00edskava z&nbsp;\u013eubovn\u00edka bodkovan\u00e9ho a&nbsp;v&nbsp;posledn\u00fdch rokoch mala tie\u017e \u00faspechy. H\u013eadali sme nie\u010do podobn\u00e9 pr\u00edrodn\u00e9ho p\u00f4vodu. Rottlerin je e\u0161te len experiment\u00e1lne lie\u010divo. Sna\u017eili sme sa ho otestova\u0165 a&nbsp;overi\u0165, ak\u00fd m\u00e1 potenci\u00e1l.\u201c<\/em><\/strong><\/p>\n\n\n\n<p>Laura nenav\u0161tevovala \u017eiadne kr\u00fa\u017eky a&nbsp;pracuje samostatne. Jej rodina ju podporuje, aj ke\u010f pr\u00e1ca nad r\u00e1mec v\u00fdu\u010dby je vy\u010derp\u00e1vaj\u00faca. <strong><em>\u201eNepotrebovala som v\u0161ak nejak\u00fa extra oporu. Rodi\u010dia boli radi, \u017ee sa sna\u017e\u00edm rozv\u00edja\u0165 nad r\u00e1mec \u0161koly. Sk\u00f4r ma \u013eutovali, \u017ee sa tr\u00e1pim, aj ke\u010f nemus\u00edm. Ale ke\u010f pri\u0161li \u00faspechy, boli zase hrd\u00ed. Moja \u0161kolite\u013eka sa mi naozaj venovala a&nbsp;mala so mnou trpezlivos\u0165. Na druh\u00fa stranu je smola, \u017ee nastala tak\u00e1 situ\u00e1cia ak\u00e1 je. V\u010faka pand\u00e9mii m\u00e1me obmedzen\u00fd pr\u00edstup do lab\u00e1kov.\u201c<\/em><\/strong><\/p>\n\n\n\n<p>Na Festivale vedy a&nbsp;techniky AMAVET 2020 za\u017eila svoju prv\u00fa prezent\u00e1ciu projektu a&nbsp;hne\u010f aj \u00faspech. <strong><em>\u201eS&nbsp;porotou sme stihli prebra\u0165 v\u0161etky ot\u00e1zky. Viac som rozpr\u00e1vala s&nbsp;pani, ktor\u00e1 pracuje pre firmu, ktor\u00e1 vyv\u00edja lie\u010div\u00e1. V&nbsp;porovnan\u00ed s&nbsp;krajsk\u00fdm kolom bolo celo\u0161t\u00e1tne lep\u0161ie v\u010faka s\u00fakromn\u00e9mu online priestoru, s&nbsp;men\u0161\u00edm stresom. P\u00e1\u010dilo sa mi, \u017ee to bolo rozdelen\u00e9.\u201c<\/em><\/strong><\/p>\n\n\n\n<p>Cirkevn\u00e1 spojen\u00e1 \u0161kola v&nbsp;Snine sa neprejavila len iniciat\u00edvnymi pedag\u00f3gmi. Laurinu aktivitu podporili aj preplaten\u00edm niektor\u00fdch n\u00e1kladov. <strong><em>\u201eN\u00e1klady na projekt zabezpe\u010dila in\u0161tit\u00facia, kde sme robili projekt. Ke\u010f\u017ee to v\u0161ak bolo v&nbsp;Ko\u0161iciach a&nbsp;ja b\u00fdvam v&nbsp;Snine, a&nbsp;na experiment sa niekedy \u010dak\u00e1 aj tri hodiny, musela som niekedy by\u0165 v&nbsp;Ko\u0161iciach aj t\u00fd\u017ede\u0148. N\u00e1klady na ubytovanie potom prepl\u00e1cala moja \u0161kola. Aj ke\u010f bolo krajsk\u00e9 kolo a&nbsp;nevedeli sme, ako to technicky prebehne, \u0161kola n\u00e1m pomohla nastavi\u0165 mikrof\u00f3n a&nbsp;kameru. Bola ve\u013emi \u00fastretov\u00e1. To ist\u00e9 pani u\u010dite\u013eka ch\u00e9mie, triedny u\u010dite\u013e a&nbsp;aj riadite\u013e, ktor\u00fd poskytol financie.\u201c<\/em><\/strong><\/p>\n\n\n\n<p>Ako bude Laura pokra\u010dova\u0165 \u010falej z\u00e1vis\u00ed od toho, \u010di bude ma\u0165 mo\u017enos\u0165 \u00eds\u0165 v&nbsp;s\u00fa\u010dasnej situ\u00e1cii do laborat\u00f3ria. Prioritou je teraz maturita a&nbsp;potom prij\u00edma\u010dky. Ke\u010f\u017ee postupov\u00e1 s\u00fa\u0165a\u017e EUCYS je a\u017e v&nbsp;septembri 2021, projektu sa pl\u00e1nuje venova\u0165 viac a\u017e cez leto. Z\u00e1le\u017ea\u0165 bude aj od toho, \u010di bude chcie\u0165 s \u0148ou \u0161kolite\u013eka vysk\u00fa\u0161a\u0165 nie\u010do nov\u00e9. <strong><em>\u201eMo\u017eno e\u0161te met\u00f3du fotodynamickej terapie alebo kombin\u00e1ciu pH s&nbsp;in\u00fdmi lie\u010divami, \u010di v&nbsp;inej forme. Napr\u00edklad v&nbsp;nano\u010dasticiach.\u201c<\/em><\/strong><\/p>\n\n\n\n<p>\u010co sa t\u00fdka \u010fal\u0161\u00edch \u0161t\u00fadi\u00ed, Lauru najviac l\u00e1ka medic\u00edna alebo pr\u00e1ca v&nbsp;zdravotn\u00edctve, kde by mohla aplikova\u0165 poznatky do praxe. <strong><em>\u201eNajviac by som asi chcela \u00eds\u0165 na Masarykovu univerzitu do Brna. Tam sa ale boj\u00edm prij\u00edma\u010diek z&nbsp;fyziky, lebo to mi ve\u013emi nejde. A&nbsp;potom e\u0161te do Ko\u0161\u00edc na UPJ\u0160 alebo Martin. Uvid\u00edm kde ma zober\u00fa<\/em><\/strong><em>.\u201c <\/em>Pracova\u0165 by chcela hlavne na v\u00fdskume v&nbsp;oblasti n\u00e1dorov\u00fdch ochoren\u00ed. <strong><em>\u201eJe to ve\u013emi zauj\u00edmav\u00e9 a&nbsp;treba sa tomu na\u010falej venova\u0165, aj ke\u010f v\u00fdskum v&nbsp;tejto oblasti napreduje pomal\u00fdm tempom.\u201c<\/em><\/strong><\/p>\n\n\n\n<p>T\u00fdm, ktor\u00ed by sa chceli vyda\u0165 ako vedci podobnou cestou, Laura na z\u00e1ver odkazuje: <strong><em>\u201eke\u010f sa bude zda\u0165, \u017ee ste naozaj vy\u010derpan\u00ed, nevzd\u00e1vajte sa. Pokra\u010dujte \u010falej. Treba vyjs\u0165 z&nbsp;komfortnej z\u00f3ny aj nad r\u00e1mec svojich mo\u017enost\u00ed. Mne sa tie\u017e \u010dasto stalo, \u017ee som sa u\u010dila do \u0161koly do ve\u010dera a&nbsp;potom som p\u00edsala pr\u00e1cu do druhej do r\u00e1na. Mo\u017eno sa to bude zda\u0165 \u0165a\u017ek\u00e9, ale pocit z&nbsp;\u00faspechu je dvakr\u00e1t lep\u0161\u00ed. Mo\u017eno aj viackr\u00e1t.\u201c<\/em><\/strong><\/p>\n\n\n\n<p>Zhov\u00e1ral sa: Luk\u00e1\u0161 Proch\u00e1ska, AMAVET<\/p>\n","protected":false},"excerpt":{"rendered":"<p>Laura Burdov\u00e1 z&nbsp;Cirkevnej spojenej \u0161koly Snina, sa odmali\u010dka chcela venova\u0165 biol\u00f3gii a&nbsp;medic\u00edne. Tvrd\u00e1 pr\u00e1ca sa vyplatila. Minul\u00fd rok sa z\u00fa\u010dastnila Festivalu vedy a&nbsp;techniky AMAVET 2020 a&nbsp;zv\u00ed\u0165azila so svojim projektom, ktor\u00e9ho cel\u00fd n\u00e1zov je \u201eVyu\u017eitie kombin\u00e1cie acidifik\u00e1cie extracelul\u00e1rneho pH n\u00e1dorov\u00fdch buniek a&nbsp;\u00fa\u010dinkov rottlerinu, ako jedn\u00e9ho zo sp\u00f4sobov proti-n\u00e1dorovej terapie.\u201c Laikovi sa d\u00e1 op\u00edsa\u0165 aj jednoduch\u0161ie: \u201eKe\u010f [&hellip;]<\/p>\n","protected":false},"author":1,"featured_media":2657,"comment_status":"closed","ping_status":"closed","sticky":false,"template":"","format":"standard","meta":{"om_disable_all_campaigns":false,"_monsterinsights_skip_tracking":false,"_monsterinsights_sitenote_active":false,"_monsterinsights_sitenote_note":"","_monsterinsights_sitenote_category":0,"_uf_show_specific_survey":0,"_uf_disable_surveys":false,"footnotes":""},"categories":[33],"tags":[],"class_list":["post-2655","post","type-post","status-publish","format-standard","has-post-thumbnail","hentry","category-novinky"],"yoast_head":"<!-- This site is optimized with the Yoast SEO plugin v27.2 - https:\/\/yoast.com\/product\/yoast-seo-wordpress\/ -->\n<title>Experiment\u00e1lna lie\u010dba n\u00e1dorov: Ke\u010f je pocit z \u00faspechu dvakr\u00e1t lep\u0161\u00ed, mo\u017eno aj viackr\u00e1t - Festival vedy a techniky AMAVET<\/title>\n<meta name=\"robots\" content=\"index, follow, max-snippet:-1, max-image-preview:large, max-video-preview:-1\" \/>\n<link rel=\"canonical\" href=\"https:\/\/www.festivalvedy.sk\/wp2\/experimentalna-liecba-nadorov-ked-je-pocit-z-uspechu-dvakrat-lepsi-mozno-aj-viackrat\/\" \/>\n<meta property=\"og:locale\" content=\"sk_SK\" \/>\n<meta property=\"og:type\" content=\"article\" \/>\n<meta property=\"og:title\" content=\"Experiment\u00e1lna lie\u010dba n\u00e1dorov: Ke\u010f je pocit z \u00faspechu dvakr\u00e1t lep\u0161\u00ed, mo\u017eno aj viackr\u00e1t - Festival vedy a techniky AMAVET\" \/>\n<meta property=\"og:description\" content=\"Laura Burdov\u00e1 z&nbsp;Cirkevnej spojenej \u0161koly Snina, sa odmali\u010dka chcela venova\u0165 biol\u00f3gii a&nbsp;medic\u00edne. Tvrd\u00e1 pr\u00e1ca sa vyplatila. Minul\u00fd rok sa z\u00fa\u010dastnila Festivalu vedy a&nbsp;techniky AMAVET 2020 a&nbsp;zv\u00ed\u0165azila so svojim projektom, ktor\u00e9ho cel\u00fd n\u00e1zov je \u201eVyu\u017eitie kombin\u00e1cie acidifik\u00e1cie extracelul\u00e1rneho pH n\u00e1dorov\u00fdch buniek a&nbsp;\u00fa\u010dinkov rottlerinu, ako jedn\u00e9ho zo sp\u00f4sobov proti-n\u00e1dorovej terapie.\u201c Laikovi sa d\u00e1 op\u00edsa\u0165 aj jednoduch\u0161ie: \u201eKe\u010f [&hellip;]\" \/>\n<meta property=\"og:url\" content=\"https:\/\/www.festivalvedy.sk\/wp2\/experimentalna-liecba-nadorov-ked-je-pocit-z-uspechu-dvakrat-lepsi-mozno-aj-viackrat\/\" \/>\n<meta property=\"og:site_name\" content=\"Festival vedy a techniky AMAVET\" \/>\n<meta property=\"article:published_time\" content=\"2021-02-15T14:47:29+00:00\" \/>\n<meta property=\"article:modified_time\" content=\"2021-02-15T14:47:32+00:00\" \/>\n<meta property=\"og:image\" content=\"https:\/\/www.festivalvedy.sk\/wp2\/wp-content\/uploads\/2021\/02\/lb.png\" \/>\n\t<meta property=\"og:image:width\" content=\"430\" \/>\n\t<meta property=\"og:image:height\" content=\"515\" \/>\n\t<meta property=\"og:image:type\" content=\"image\/png\" \/>\n<meta name=\"author\" content=\"Redakcia\" \/>\n<meta name=\"twitter:card\" content=\"summary_large_image\" \/>\n<meta name=\"twitter:label1\" content=\"Autor\" \/>\n\t<meta name=\"twitter:data1\" content=\"Redakcia\" \/>\n\t<meta name=\"twitter:label2\" content=\"Predpokladan\u00fd \u010das \u010d\u00edtania\" \/>\n\t<meta name=\"twitter:data2\" content=\"4 min\u00faty\" \/>\n<script type=\"application\/ld+json\" class=\"yoast-schema-graph\">{\"@context\":\"https:\/\/schema.org\",\"@graph\":[{\"@type\":\"Article\",\"@id\":\"https:\/\/www.festivalvedy.sk\/wp2\/experimentalna-liecba-nadorov-ked-je-pocit-z-uspechu-dvakrat-lepsi-mozno-aj-viackrat\/#article\",\"isPartOf\":{\"@id\":\"https:\/\/www.festivalvedy.sk\/wp2\/experimentalna-liecba-nadorov-ked-je-pocit-z-uspechu-dvakrat-lepsi-mozno-aj-viackrat\/\"},\"author\":{\"name\":\"Redakcia\",\"@id\":\"https:\/\/www.festivalvedy.sk\/wp2\/#\/schema\/person\/f6c2e17170a626260fe38db97ed0a1f5\"},\"headline\":\"Experiment\u00e1lna lie\u010dba n\u00e1dorov: Ke\u010f je pocit z \u00faspechu dvakr\u00e1t lep\u0161\u00ed, mo\u017eno aj viackr\u00e1t\",\"datePublished\":\"2021-02-15T14:47:29+00:00\",\"dateModified\":\"2021-02-15T14:47:32+00:00\",\"mainEntityOfPage\":{\"@id\":\"https:\/\/www.festivalvedy.sk\/wp2\/experimentalna-liecba-nadorov-ked-je-pocit-z-uspechu-dvakrat-lepsi-mozno-aj-viackrat\/\"},\"wordCount\":1118,\"publisher\":{\"@id\":\"https:\/\/www.festivalvedy.sk\/wp2\/#organization\"},\"image\":{\"@id\":\"https:\/\/www.festivalvedy.sk\/wp2\/experimentalna-liecba-nadorov-ked-je-pocit-z-uspechu-dvakrat-lepsi-mozno-aj-viackrat\/#primaryimage\"},\"thumbnailUrl\":\"https:\/\/www.festivalvedy.sk\/wp2\/wp-content\/uploads\/2021\/02\/lb.png\",\"articleSection\":[\"Novinky\"],\"inLanguage\":\"sk-SK\"},{\"@type\":\"WebPage\",\"@id\":\"https:\/\/www.festivalvedy.sk\/wp2\/experimentalna-liecba-nadorov-ked-je-pocit-z-uspechu-dvakrat-lepsi-mozno-aj-viackrat\/\",\"url\":\"https:\/\/www.festivalvedy.sk\/wp2\/experimentalna-liecba-nadorov-ked-je-pocit-z-uspechu-dvakrat-lepsi-mozno-aj-viackrat\/\",\"name\":\"Experiment\u00e1lna lie\u010dba n\u00e1dorov: Ke\u010f je pocit z \u00faspechu dvakr\u00e1t lep\u0161\u00ed, mo\u017eno aj viackr\u00e1t - Festival vedy a techniky AMAVET\",\"isPartOf\":{\"@id\":\"https:\/\/www.festivalvedy.sk\/wp2\/#website\"},\"primaryImageOfPage\":{\"@id\":\"https:\/\/www.festivalvedy.sk\/wp2\/experimentalna-liecba-nadorov-ked-je-pocit-z-uspechu-dvakrat-lepsi-mozno-aj-viackrat\/#primaryimage\"},\"image\":{\"@id\":\"https:\/\/www.festivalvedy.sk\/wp2\/experimentalna-liecba-nadorov-ked-je-pocit-z-uspechu-dvakrat-lepsi-mozno-aj-viackrat\/#primaryimage\"},\"thumbnailUrl\":\"https:\/\/www.festivalvedy.sk\/wp2\/wp-content\/uploads\/2021\/02\/lb.png\",\"datePublished\":\"2021-02-15T14:47:29+00:00\",\"dateModified\":\"2021-02-15T14:47:32+00:00\",\"breadcrumb\":{\"@id\":\"https:\/\/www.festivalvedy.sk\/wp2\/experimentalna-liecba-nadorov-ked-je-pocit-z-uspechu-dvakrat-lepsi-mozno-aj-viackrat\/#breadcrumb\"},\"inLanguage\":\"sk-SK\",\"potentialAction\":[{\"@type\":\"ReadAction\",\"target\":[\"https:\/\/www.festivalvedy.sk\/wp2\/experimentalna-liecba-nadorov-ked-je-pocit-z-uspechu-dvakrat-lepsi-mozno-aj-viackrat\/\"]}]},{\"@type\":\"ImageObject\",\"inLanguage\":\"sk-SK\",\"@id\":\"https:\/\/www.festivalvedy.sk\/wp2\/experimentalna-liecba-nadorov-ked-je-pocit-z-uspechu-dvakrat-lepsi-mozno-aj-viackrat\/#primaryimage\",\"url\":\"https:\/\/www.festivalvedy.sk\/wp2\/wp-content\/uploads\/2021\/02\/lb.png\",\"contentUrl\":\"https:\/\/www.festivalvedy.sk\/wp2\/wp-content\/uploads\/2021\/02\/lb.png\",\"width\":430,\"height\":515},{\"@type\":\"BreadcrumbList\",\"@id\":\"https:\/\/www.festivalvedy.sk\/wp2\/experimentalna-liecba-nadorov-ked-je-pocit-z-uspechu-dvakrat-lepsi-mozno-aj-viackrat\/#breadcrumb\",\"itemListElement\":[{\"@type\":\"ListItem\",\"position\":1,\"name\":\"Home\",\"item\":\"https:\/\/www.festivalvedy.sk\/wp2\/\"},{\"@type\":\"ListItem\",\"position\":2,\"name\":\"Experiment\u00e1lna lie\u010dba n\u00e1dorov: Ke\u010f je pocit z \u00faspechu dvakr\u00e1t lep\u0161\u00ed, mo\u017eno aj viackr\u00e1t\"}]},{\"@type\":\"WebSite\",\"@id\":\"https:\/\/www.festivalvedy.sk\/wp2\/#website\",\"url\":\"https:\/\/www.festivalvedy.sk\/wp2\/\",\"name\":\"Festival vedy a techniky AMAVET\",\"description\":\"AMAVET - Asoci\u00e1cia pre ml\u00e1de\u017e, vedu a techniku\",\"publisher\":{\"@id\":\"https:\/\/www.festivalvedy.sk\/wp2\/#organization\"},\"potentialAction\":[{\"@type\":\"SearchAction\",\"target\":{\"@type\":\"EntryPoint\",\"urlTemplate\":\"https:\/\/www.festivalvedy.sk\/wp2\/?s={search_term_string}\"},\"query-input\":{\"@type\":\"PropertyValueSpecification\",\"valueRequired\":true,\"valueName\":\"search_term_string\"}}],\"inLanguage\":\"sk-SK\"},{\"@type\":\"Organization\",\"@id\":\"https:\/\/www.festivalvedy.sk\/wp2\/#organization\",\"name\":\"Festival vedy a techniky AMAVET\",\"url\":\"https:\/\/www.festivalvedy.sk\/wp2\/\",\"logo\":{\"@type\":\"ImageObject\",\"inLanguage\":\"sk-SK\",\"@id\":\"https:\/\/www.festivalvedy.sk\/wp2\/#\/schema\/logo\/image\/\",\"url\":\"https:\/\/www.festivalvedy.sk\/wp2\/wp-content\/uploads\/2022\/02\/cropped-fvat-ochranna-zona.png\",\"contentUrl\":\"https:\/\/www.festivalvedy.sk\/wp2\/wp-content\/uploads\/2022\/02\/cropped-fvat-ochranna-zona.png\",\"width\":1190,\"height\":357,\"caption\":\"Festival vedy a techniky AMAVET\"},\"image\":{\"@id\":\"https:\/\/www.festivalvedy.sk\/wp2\/#\/schema\/logo\/image\/\"}},{\"@type\":\"Person\",\"@id\":\"https:\/\/www.festivalvedy.sk\/wp2\/#\/schema\/person\/f6c2e17170a626260fe38db97ed0a1f5\",\"name\":\"Redakcia\",\"image\":{\"@type\":\"ImageObject\",\"inLanguage\":\"sk-SK\",\"@id\":\"https:\/\/secure.gravatar.com\/avatar\/2f7c312d560e25e8eb59b6b53cadd5dc16b39f25bac1c7d0a221dafd9c91fae9?s=96&d=mm&r=g\",\"url\":\"https:\/\/secure.gravatar.com\/avatar\/2f7c312d560e25e8eb59b6b53cadd5dc16b39f25bac1c7d0a221dafd9c91fae9?s=96&d=mm&r=g\",\"contentUrl\":\"https:\/\/secure.gravatar.com\/avatar\/2f7c312d560e25e8eb59b6b53cadd5dc16b39f25bac1c7d0a221dafd9c91fae9?s=96&d=mm&r=g\",\"caption\":\"Redakcia\"},\"url\":\"https:\/\/www.festivalvedy.sk\/wp2\/author\/fvatadmin\/\"}]}<\/script>\n<!-- \/ Yoast SEO plugin. -->","yoast_head_json":{"title":"Experiment\u00e1lna lie\u010dba n\u00e1dorov: Ke\u010f je pocit z \u00faspechu dvakr\u00e1t lep\u0161\u00ed, mo\u017eno aj viackr\u00e1t - Festival vedy a techniky AMAVET","robots":{"index":"index","follow":"follow","max-snippet":"max-snippet:-1","max-image-preview":"max-image-preview:large","max-video-preview":"max-video-preview:-1"},"canonical":"https:\/\/www.festivalvedy.sk\/wp2\/experimentalna-liecba-nadorov-ked-je-pocit-z-uspechu-dvakrat-lepsi-mozno-aj-viackrat\/","og_locale":"sk_SK","og_type":"article","og_title":"Experiment\u00e1lna lie\u010dba n\u00e1dorov: Ke\u010f je pocit z \u00faspechu dvakr\u00e1t lep\u0161\u00ed, mo\u017eno aj viackr\u00e1t - Festival vedy a techniky AMAVET","og_description":"Laura Burdov\u00e1 z&nbsp;Cirkevnej spojenej \u0161koly Snina, sa odmali\u010dka chcela venova\u0165 biol\u00f3gii a&nbsp;medic\u00edne. Tvrd\u00e1 pr\u00e1ca sa vyplatila. Minul\u00fd rok sa z\u00fa\u010dastnila Festivalu vedy a&nbsp;techniky AMAVET 2020 a&nbsp;zv\u00ed\u0165azila so svojim projektom, ktor\u00e9ho cel\u00fd n\u00e1zov je \u201eVyu\u017eitie kombin\u00e1cie acidifik\u00e1cie extracelul\u00e1rneho pH n\u00e1dorov\u00fdch buniek a&nbsp;\u00fa\u010dinkov rottlerinu, ako jedn\u00e9ho zo sp\u00f4sobov proti-n\u00e1dorovej terapie.\u201c Laikovi sa d\u00e1 op\u00edsa\u0165 aj jednoduch\u0161ie: \u201eKe\u010f [&hellip;]","og_url":"https:\/\/www.festivalvedy.sk\/wp2\/experimentalna-liecba-nadorov-ked-je-pocit-z-uspechu-dvakrat-lepsi-mozno-aj-viackrat\/","og_site_name":"Festival vedy a techniky AMAVET","article_published_time":"2021-02-15T14:47:29+00:00","article_modified_time":"2021-02-15T14:47:32+00:00","og_image":[{"width":430,"height":515,"url":"https:\/\/www.festivalvedy.sk\/wp2\/wp-content\/uploads\/2021\/02\/lb.png","type":"image\/png"}],"author":"Redakcia","twitter_card":"summary_large_image","twitter_misc":{"Autor":"Redakcia","Predpokladan\u00fd \u010das \u010d\u00edtania":"4 min\u00faty"},"schema":{"@context":"https:\/\/schema.org","@graph":[{"@type":"Article","@id":"https:\/\/www.festivalvedy.sk\/wp2\/experimentalna-liecba-nadorov-ked-je-pocit-z-uspechu-dvakrat-lepsi-mozno-aj-viackrat\/#article","isPartOf":{"@id":"https:\/\/www.festivalvedy.sk\/wp2\/experimentalna-liecba-nadorov-ked-je-pocit-z-uspechu-dvakrat-lepsi-mozno-aj-viackrat\/"},"author":{"name":"Redakcia","@id":"https:\/\/www.festivalvedy.sk\/wp2\/#\/schema\/person\/f6c2e17170a626260fe38db97ed0a1f5"},"headline":"Experiment\u00e1lna lie\u010dba n\u00e1dorov: Ke\u010f je pocit z \u00faspechu dvakr\u00e1t lep\u0161\u00ed, mo\u017eno aj viackr\u00e1t","datePublished":"2021-02-15T14:47:29+00:00","dateModified":"2021-02-15T14:47:32+00:00","mainEntityOfPage":{"@id":"https:\/\/www.festivalvedy.sk\/wp2\/experimentalna-liecba-nadorov-ked-je-pocit-z-uspechu-dvakrat-lepsi-mozno-aj-viackrat\/"},"wordCount":1118,"publisher":{"@id":"https:\/\/www.festivalvedy.sk\/wp2\/#organization"},"image":{"@id":"https:\/\/www.festivalvedy.sk\/wp2\/experimentalna-liecba-nadorov-ked-je-pocit-z-uspechu-dvakrat-lepsi-mozno-aj-viackrat\/#primaryimage"},"thumbnailUrl":"https:\/\/www.festivalvedy.sk\/wp2\/wp-content\/uploads\/2021\/02\/lb.png","articleSection":["Novinky"],"inLanguage":"sk-SK"},{"@type":"WebPage","@id":"https:\/\/www.festivalvedy.sk\/wp2\/experimentalna-liecba-nadorov-ked-je-pocit-z-uspechu-dvakrat-lepsi-mozno-aj-viackrat\/","url":"https:\/\/www.festivalvedy.sk\/wp2\/experimentalna-liecba-nadorov-ked-je-pocit-z-uspechu-dvakrat-lepsi-mozno-aj-viackrat\/","name":"Experiment\u00e1lna lie\u010dba n\u00e1dorov: Ke\u010f je pocit z \u00faspechu dvakr\u00e1t lep\u0161\u00ed, mo\u017eno aj viackr\u00e1t - Festival vedy a techniky AMAVET","isPartOf":{"@id":"https:\/\/www.festivalvedy.sk\/wp2\/#website"},"primaryImageOfPage":{"@id":"https:\/\/www.festivalvedy.sk\/wp2\/experimentalna-liecba-nadorov-ked-je-pocit-z-uspechu-dvakrat-lepsi-mozno-aj-viackrat\/#primaryimage"},"image":{"@id":"https:\/\/www.festivalvedy.sk\/wp2\/experimentalna-liecba-nadorov-ked-je-pocit-z-uspechu-dvakrat-lepsi-mozno-aj-viackrat\/#primaryimage"},"thumbnailUrl":"https:\/\/www.festivalvedy.sk\/wp2\/wp-content\/uploads\/2021\/02\/lb.png","datePublished":"2021-02-15T14:47:29+00:00","dateModified":"2021-02-15T14:47:32+00:00","breadcrumb":{"@id":"https:\/\/www.festivalvedy.sk\/wp2\/experimentalna-liecba-nadorov-ked-je-pocit-z-uspechu-dvakrat-lepsi-mozno-aj-viackrat\/#breadcrumb"},"inLanguage":"sk-SK","potentialAction":[{"@type":"ReadAction","target":["https:\/\/www.festivalvedy.sk\/wp2\/experimentalna-liecba-nadorov-ked-je-pocit-z-uspechu-dvakrat-lepsi-mozno-aj-viackrat\/"]}]},{"@type":"ImageObject","inLanguage":"sk-SK","@id":"https:\/\/www.festivalvedy.sk\/wp2\/experimentalna-liecba-nadorov-ked-je-pocit-z-uspechu-dvakrat-lepsi-mozno-aj-viackrat\/#primaryimage","url":"https:\/\/www.festivalvedy.sk\/wp2\/wp-content\/uploads\/2021\/02\/lb.png","contentUrl":"https:\/\/www.festivalvedy.sk\/wp2\/wp-content\/uploads\/2021\/02\/lb.png","width":430,"height":515},{"@type":"BreadcrumbList","@id":"https:\/\/www.festivalvedy.sk\/wp2\/experimentalna-liecba-nadorov-ked-je-pocit-z-uspechu-dvakrat-lepsi-mozno-aj-viackrat\/#breadcrumb","itemListElement":[{"@type":"ListItem","position":1,"name":"Home","item":"https:\/\/www.festivalvedy.sk\/wp2\/"},{"@type":"ListItem","position":2,"name":"Experiment\u00e1lna lie\u010dba n\u00e1dorov: Ke\u010f je pocit z \u00faspechu dvakr\u00e1t lep\u0161\u00ed, mo\u017eno aj viackr\u00e1t"}]},{"@type":"WebSite","@id":"https:\/\/www.festivalvedy.sk\/wp2\/#website","url":"https:\/\/www.festivalvedy.sk\/wp2\/","name":"Festival vedy a techniky AMAVET","description":"AMAVET - Asoci\u00e1cia pre ml\u00e1de\u017e, vedu a techniku","publisher":{"@id":"https:\/\/www.festivalvedy.sk\/wp2\/#organization"},"potentialAction":[{"@type":"SearchAction","target":{"@type":"EntryPoint","urlTemplate":"https:\/\/www.festivalvedy.sk\/wp2\/?s={search_term_string}"},"query-input":{"@type":"PropertyValueSpecification","valueRequired":true,"valueName":"search_term_string"}}],"inLanguage":"sk-SK"},{"@type":"Organization","@id":"https:\/\/www.festivalvedy.sk\/wp2\/#organization","name":"Festival vedy a techniky AMAVET","url":"https:\/\/www.festivalvedy.sk\/wp2\/","logo":{"@type":"ImageObject","inLanguage":"sk-SK","@id":"https:\/\/www.festivalvedy.sk\/wp2\/#\/schema\/logo\/image\/","url":"https:\/\/www.festivalvedy.sk\/wp2\/wp-content\/uploads\/2022\/02\/cropped-fvat-ochranna-zona.png","contentUrl":"https:\/\/www.festivalvedy.sk\/wp2\/wp-content\/uploads\/2022\/02\/cropped-fvat-ochranna-zona.png","width":1190,"height":357,"caption":"Festival vedy a techniky AMAVET"},"image":{"@id":"https:\/\/www.festivalvedy.sk\/wp2\/#\/schema\/logo\/image\/"}},{"@type":"Person","@id":"https:\/\/www.festivalvedy.sk\/wp2\/#\/schema\/person\/f6c2e17170a626260fe38db97ed0a1f5","name":"Redakcia","image":{"@type":"ImageObject","inLanguage":"sk-SK","@id":"https:\/\/secure.gravatar.com\/avatar\/2f7c312d560e25e8eb59b6b53cadd5dc16b39f25bac1c7d0a221dafd9c91fae9?s=96&d=mm&r=g","url":"https:\/\/secure.gravatar.com\/avatar\/2f7c312d560e25e8eb59b6b53cadd5dc16b39f25bac1c7d0a221dafd9c91fae9?s=96&d=mm&r=g","contentUrl":"https:\/\/secure.gravatar.com\/avatar\/2f7c312d560e25e8eb59b6b53cadd5dc16b39f25bac1c7d0a221dafd9c91fae9?s=96&d=mm&r=g","caption":"Redakcia"},"url":"https:\/\/www.festivalvedy.sk\/wp2\/author\/fvatadmin\/"}]}},"_links":{"self":[{"href":"https:\/\/www.festivalvedy.sk\/wp2\/wp-json\/wp\/v2\/posts\/2655","targetHints":{"allow":["GET"]}}],"collection":[{"href":"https:\/\/www.festivalvedy.sk\/wp2\/wp-json\/wp\/v2\/posts"}],"about":[{"href":"https:\/\/www.festivalvedy.sk\/wp2\/wp-json\/wp\/v2\/types\/post"}],"author":[{"embeddable":true,"href":"https:\/\/www.festivalvedy.sk\/wp2\/wp-json\/wp\/v2\/users\/1"}],"replies":[{"embeddable":true,"href":"https:\/\/www.festivalvedy.sk\/wp2\/wp-json\/wp\/v2\/comments?post=2655"}],"version-history":[{"count":2,"href":"https:\/\/www.festivalvedy.sk\/wp2\/wp-json\/wp\/v2\/posts\/2655\/revisions"}],"predecessor-version":[{"id":2658,"href":"https:\/\/www.festivalvedy.sk\/wp2\/wp-json\/wp\/v2\/posts\/2655\/revisions\/2658"}],"wp:featuredmedia":[{"embeddable":true,"href":"https:\/\/www.festivalvedy.sk\/wp2\/wp-json\/wp\/v2\/media\/2657"}],"wp:attachment":[{"href":"https:\/\/www.festivalvedy.sk\/wp2\/wp-json\/wp\/v2\/media?parent=2655"}],"wp:term":[{"taxonomy":"category","embeddable":true,"href":"https:\/\/www.festivalvedy.sk\/wp2\/wp-json\/wp\/v2\/categories?post=2655"},{"taxonomy":"post_tag","embeddable":true,"href":"https:\/\/www.festivalvedy.sk\/wp2\/wp-json\/wp\/v2\/tags?post=2655"}],"curies":[{"name":"wp","href":"https:\/\/api.w.org\/{rel}","templated":true}]}}