{"id":2662,"date":"2021-02-15T15:57:50","date_gmt":"2021-02-15T14:57:50","guid":{"rendered":"https:\/\/www.festivalvedy.sk\/wp2\/?p=2662"},"modified":"2021-02-15T15:57:54","modified_gmt":"2021-02-15T14:57:54","slug":"mala-sonda-do-duse-autorov-sondy-pikobalon","status":"publish","type":"post","link":"https:\/\/www.festivalvedy.sk\/wp2\/mala-sonda-do-duse-autorov-sondy-pikobalon\/","title":{"rendered":"Mal\u00e1 sonda do du\u0161e autorov sondy Pikobal\u00f3n"},"content":{"rendered":"\n<p><strong>Na minuloro\u010dnom Festivale vedy a&nbsp;techniky AMAVET 2020 (FVAT) Jakub Nagy a Adam Bedn\u00e1\u0159 s projektom Pikobal\u00f3n z\u00edskali ocenenie v kateg\u00f3rii Informatika a po\u010d\u00edta\u010dov\u00e9 in\u017einierstvo a&nbsp;post\u00fapili na prest\u00ed\u017ene podujatie Expo-Sciences Luxembourg 2021. Je to nes\u00fa\u0165a\u017en\u00e1 medzin\u00e1rodn\u00e1 vedeck\u00e1 v\u00fdstava, ktor\u00fa organizuje Nad\u00e1cia mlad\u00fdch vedcov Luxembourg pod z\u00e1\u0161titou Jeho kr\u00e1\u013eovskej v\u00fdsosti ve\u013ekovojvodu Henriho. Podujatie zdru\u017euje mlad\u00fdch laure\u00e1tov z cel\u00e9ho sveta, ktor\u00ed prezentuj\u00fa svoje ved\u00e1torsk\u00e9 projekty po\u010das n\u00e1rodnej s\u00fa\u0165a\u017ee v&nbsp;Luxemburgu. Podujatie sa uskuto\u010dn\u00ed online 27. \u2013 29. marca 2021.<\/strong><\/p>\n\n\n\n<p>Projekt Pikobal\u00f3n je medzin\u00e1rodn\u00fd v\u00fdskumn\u00fd \u0161tudentsk\u00fd projekt. Umo\u017e\u0148uje \u0161tudentom v\u0161etk\u00fdch vekov\u00fdch kateg\u00f3ri\u00ed z cel\u00e9ho sveta vyv\u00edja\u0165 technol\u00f3gie a met\u00f3dy v\u00fdskumu atmosf\u00e9ry. Kombinuje mnoho vedeck\u00fdch a in\u017einierskych discipl\u00edn: elektrick\u00e9 in\u017einierstvo, mechanick\u00e9 a materi\u00e1lov\u00e9 in\u017einierstvo, softv\u00e9rov\u00e9 in\u017einierstvo, d\u00e1tov\u00fa analytiku, \u010di simula\u010dn\u00e9 in\u017einierstvo. Projekt za\u010dal pred tromi rokmi \u0161tudent Jakub Nagy. Teraz u\u017e na \u0148om pracuje vy\u0161e 20 \u0161tudentov zo 4 kraj\u00edn sveta v troch v\u00fdskumn\u00fdch laborat\u00f3ri\u00e1ch. Samotn\u00fd projekt sa s\u00fastred\u00ed na v\u00fdvoj ultra\u013eahk\u00fdch stratosf\u00e9rick\u00fdch sond. Pikobal\u00f3n (sonda) m\u00e1 iba 5 gramov, v\u010faka \u010domu je schopn\u00fd na malom bal\u00f3ne preletie\u0165 desiatky tis\u00edc kilometrov. Po\u010das cel\u00e9ho letu poskytuje vedeck\u00e9 d\u00e1ta v re\u00e1lnom \u010dase. Je nieko\u013eko n\u00e1sobne lacnej\u0161\u00ed ne\u017e be\u017en\u00e9 meteorologick\u00e9 bal\u00f3ny, pri\u010dom dok\u00e1\u017ee letie\u0165 a fungova\u0165 nieko\u013eko ston\u00e1sobne dlh\u0161ie.<\/p>\n\n\n\n<p>Ako som u\u017e nap\u00edsal, podujatie v&nbsp;Luxemburgu sa uskuto\u010dn\u00ed v&nbsp;marci formou ONLINE. Ke\u010f\u017ee som sa dozvedel, \u017ee autori v\u00ed\u0165azn\u00e9ho projektu Pikobal\u00f3n Jakub Nagy a Adam Bedn\u00e1\u0159 sa chystaj\u00fa do Luxemburgu aj vycestova\u0165, aj ke\u010f svoj projekt bud\u00fa prezentova\u0165 ONLINE, ve\u013emi ma zauj\u00edmalo pre\u010do?<\/p>\n\n\n\n<ul class=\"wp-block-list\"><li><strong><em>Prezent\u00e1cia bude online formou a&nbsp;vy, aj napriek tomu, chcete vycestova\u0165, pre\u010do?<\/em><\/strong><\/li><\/ul>\n\n\n\n<p>Ako mlad\u00ed \u0161tudenti chceme spozn\u00e1va\u0165 r\u00f4zne krajiny, ich vzdel\u00e1vacie syst\u00e9my, ale hlavne mlad\u00fdch a nadan\u00fdch \u0161tudentov, ktor\u00ed sa sna\u017eia meni\u0165 svet. Pr\u00e1ve t\u00e1to cesta pre n\u00e1s predstavuje podobn\u00fa pr\u00edle\u017eitos\u0165. Aj napriek tomu, \u017ee sa konferencia kon\u00e1 online, m\u00e1me u\u017e teraz nieko\u013eko predbe\u017ene dohodnut\u00fdch prezent\u00e1ci\u00ed a stretnut\u00ed pr\u00e1ve v Luxembursku.<\/p>\n\n\n\n<ul class=\"wp-block-list\"><li><strong><em>Za norm\u00e1lnych okolnost\u00ed, ke\u010f pand\u00e9mia neobmedzuje prest\u00ed\u017ene zahrani\u010dn\u00e9 podujatia, AMAVET financuje prostredn\u00edctvom donorov cesty v\u00ed\u0165azov svojej s\u00fa\u0165a\u017ee FVAT do miest, kde sa podujatia konaj\u00fa. V&nbsp;tomto pr\u00edpade financie na cestu si zabezpe\u010dujete sami. C\u00edtim z&nbsp;v\u00e1\u0161ho konania obrovsk\u00fa d\u00e1vku energie. Koho v\u0161etk\u00fdch ste oslovili?<\/em><\/strong><\/li><\/ul>\n\n\n\n<p>Oslovili sme pomerne ve\u013ek\u00e9 mno\u017estvo firiem, no financie na materi\u00e1ly potrebn\u00e9 pre konferenciu a cestu do zahrani\u010dia n\u00e1m predov\u0161etk\u00fdm poskytuje Ministerstvo \u0161kolstva, Leaf a SOSA.<\/p>\n\n\n\n<ul class=\"wp-block-list\"><li><strong><em>Vraj ste sa nezastavili ani pred dverami ministerstva \u0161kolstva?<\/em><\/strong><\/li><\/ul>\n\n\n\n<p>S Ministerstvom \u0161kolstva m\u00e1me pomerne dobr\u00fa sk\u00fasenos\u0165 aj v\u010faka spolupr\u00e1ci na kr\u00edzovom webe U\u010d\u00edme na dia\u013eku.<\/p>\n\n\n\n<ul class=\"wp-block-list\"><li><strong><em>Ak\u00e9 argumenty ste pou\u017eili, aby v\u00e1m vy\u0161li na ministerstve v&nbsp;\u00fastrety?<\/em><\/strong><\/li><\/ul>\n\n\n\n<p>Ka\u017ed\u00fa polo\u017eku v nacenen\u00ed tejto cesty sme mali dopodrobna rozp\u00edsan\u00fa tak, aby bola cenovo \u010do najefekt\u00edvnej\u0161ia a&nbsp;z\u00e1rove\u0148, aby bol jej pr\u00ednos pre cel\u00fa cestu jasne vidite\u013en\u00fd.<\/p>\n\n\n\n<ul class=\"wp-block-list\"><li><strong><em>\u010co by ste poradili svojim rovesn\u00edkom po tejto va\u0161ej smelej sk\u00fasenosti?<\/em><\/strong><\/li><\/ul>\n\n\n\n<p>Hlavn\u00e9 je neb\u00e1\u0165 sa,&nbsp; pracova\u0165 na svojom projekte svedomito a usilovne. \u010co n\u00e1m najviac pom\u00e1ha pri h\u013eadan\u00ed partnerov a z\u00edskavan\u00ed spolupr\u00e1ce je profesion\u00e1lny pr\u00edstup k prezentovan\u00ed a komunik\u00e1ci\u00ed. Re\u0161pekt si mus\u00edme v\u017edy z\u00edska\u0165, aj \u013eudia na vysok\u00fdch poz\u00edci\u00e1ch n\u00e1s dok\u00e1\u017eu re\u0161pektova\u0165 a podpori\u0165 pokia\u013e im uk\u00e1\u017eeme relevantn\u00e9 d\u00f4vody.<\/p>\n\n\n\n<ul class=\"wp-block-list\"><li><strong><em>Ak\u00e9 s\u00fa va\u0161e \u010fal\u0161ie amb\u00edcie s&nbsp;projektom Pikobal\u00f3n?<\/em><\/strong><\/li><\/ul>\n\n\n\n<p>Chceme pokra\u010dova\u0165 v rozv\u00edjan\u00ed na\u0161ej technol\u00f3gie a cel\u00e9ho n\u00e1\u0161ho t\u00edmu. St\u00e1le z\u00edskavame pr\u00edstup k lep\u0161iemu vybaveniu a m\u00e1me viac sk\u00fasen\u00fdch \u010dlenov, \u010do n\u00e1m umo\u017e\u0148uje robi\u0165 komplexnej\u0161ie experimenty a rozv\u00edja\u0165 technol\u00f3giu, s ktorou m\u00e1me ve\u013ek\u00e9 pl\u00e1ny.<\/p>\n\n\n\n<p>Pl\u00e1nujeme vytvori\u0165 prepojenie sond pomocou svojich vlastn\u00fdch siet\u00ed, \u010do by znamenalo, \u017ee by boli schopn\u00e9 odosiela\u0165 d\u00e1ta z ak\u00e9hoko\u013evek bodu na plan\u00e9te. \u010ealej pl\u00e1nujeme prida\u0165 viac presnej\u0161\u00edch senzorov, ale taktie\u017e pl\u00e1nujeme vyv\u00edja\u0165 auton\u00f3mne vyp\u00fa\u0161\u0165acie stanice, ktor\u00e9 n\u00e1m umo\u017enia zn\u00ed\u017ei\u0165 n\u00e1klady a zefekt\u00edvni\u0165 vyp\u00fa\u0161\u0165anie bal\u00f3nov.<\/p>\n\n\n\n<ul class=\"wp-block-list\"><li><strong><em>Ako v\u00e1m pomohla s\u00fa\u0165a\u017e AMAVET-u v&nbsp;osobnom rozvoji?<\/em><\/strong><\/li><\/ul>\n\n\n\n<p>AMAVET n\u00e1m prim\u00e1rne pomohol spozna\u0165 ve\u013ea skvel\u00fdch \u013eud\u00ed. U\u017e len na Festivale vedy a&nbsp;techniky AMAVET, na ktorom bol Jakub v roku 2019 prv\u00fdkr\u00e1t, bolo ve\u013emi ve\u013ea \u0161ikovn\u00fdch \u013eud\u00ed, ktor\u00ed pre n\u00e1s boli nesk\u00f4r k\u013e\u00fa\u010dov\u00ed. V\u010faka AMAVET-u sa Jakub na za\u010diatku roka 2020 z\u00fa\u010dastnil s\u00fa\u0165a\u017ee Vernadski National Contest, kde s projektom z\u00edskal laure\u00e1tsky diplom, ale z\u00e1rove\u0148 spoznal \u0161tudentsk\u00e9 vedeck\u00e9 centrum v Nemecku, SFN Kassel. SFN je aktu\u00e1lne hlavn\u00fdm partnerom projektu a nieko\u013eko \u010dlenov t\u00edmu je pr\u00e1ve odtia\u013eto.<\/p>\n\n\n\n<ul class=\"wp-block-list\"><li><strong><em>Kde bud\u00fa smerova\u0165 va\u0161e kroky po skon\u010den\u00ed strednej \u0161koly?<\/em><\/strong><\/li><\/ul>\n\n\n\n<p>Mo\u017enost\u00ed je naozaj mnoho. U\u017e len na Project Picoballoon budeme e\u0161te nejak\u00fa dobu pracova\u0165. Obaja teraz pracujeme aj na platforme Noove. Ide o medzin\u00e1rodn\u00fa platformu, ktor\u00e1 zdru\u017euje talentovan\u00fdch \u0161tudentov z cel\u00e9ho sveta, ktor\u00ed chc\u00fa pracova\u0165 na re\u00e1lnych v\u00fdskumn\u00fdch a komer\u010dn\u00fdch projektoch. Jedn\u00fdm z t\u00fdchto projektov je pr\u00e1ve Project Picoballoon. N\u00e1\u0161 t\u00edm v r\u00e1mci tejto platformy u\u017e ale pracoval aj na in\u00fdch projektoch, ak\u00fdmi s\u00fa prer\u00e1bka dizajnu a softv\u00e9rovej architekt\u00fary webu M\u0160VVa\u0160 ucimenadialku.sk, redizajn identity Slovenskej Komory U\u010dite\u013eov a v\u00fdvoj elektronick\u00e9ho testovacieho syst\u00e9mu TestBOX.<\/p>\n\n\n\n<ul class=\"wp-block-list\"><li><strong><em>Va\u0161a \u017eivotn\u00e1 dlhodob\u00e1 v\u00edzia? Kde sa vid\u00edte tak o&nbsp;10 -15 rokov?<\/em><\/strong><\/li><\/ul>\n\n\n\n<p>Jakub:<\/p>\n\n\n\n<p>Pre m\u0148a je \u0165a\u017ek\u00e9 n\u00e1js\u0165 odpove\u010f na nie\u010do tak\u00e9to. Nie som si ist\u00fd na akom kontinente budem, \u010di v akom odvetv\u00ed budem pracova\u0165. V\u0161etky predo\u0161l\u00e9 aj pr\u00edtomn\u00e9 projekty sa sna\u017e\u00edm budova\u0165 tak, aby mohli ma\u0165 aj dlhodob\u00fd pr\u00ednos. Preto ver\u00edm, \u017ee aj niektor\u00e9 z dne\u0161n\u00fdch projektov, ako s\u00fa Noove a&nbsp;Picoballoon, m\u00f4\u017eu dovtedy nielen pre\u017ei\u0165 ale sa aj rozr\u00e1s\u0165. Tak isto si ale mysl\u00edm, \u017ee aj tieto projekty s\u00fa iba za\u010diatkom a e\u0161te n\u00e1s bude \u010daka\u0165 ve\u013ea \u010fal\u0161\u00edch skvel\u00fdch projektov.<\/p>\n\n\n\n<p>Adam:<\/p>\n\n\n\n<p>Toto je skuto\u010dne n\u00e1ro\u010dn\u00e1 ot\u00e1zka ke\u010f\u017ee s\u00fa moje z\u00e1ujmy pomerne rozlietan\u00e9, ale v najlep\u0161om pr\u00edpade sa ka\u017ed\u00fd z na\u0161ich projektov rozrastie. Na\u0161e v\u00edzie s\u00fa obvykle ve\u013emi dlhodob\u00e9, ja osobne by som sa chcel v bud\u00facnosti venova\u0165 technol\u00f3gi\u00e1m, bioch\u00e9mi\u00ed a podnikaniu. Bude to bu\u010f spojenie t\u00fdchto oblast\u00ed alebo len jedna z nich. Ver\u00edm, \u017ee aj v\u010faka platforme Noove, umo\u017en\u00edme \u0161tudentom dosiahnu\u0165 viac, spozna\u0165 sa s nov\u00fdmi \u013eu\u010fmi a spravi\u0165 z ich n\u00e1padu relevantn\u00fd projekt s v\u00fdsledkami, ktor\u00e9 bud\u00fa vidite\u013en\u00e9 pre ka\u017ed\u00e9ho z n\u00e1s.<\/p>\n\n\n\n<p><strong>Za rozhovor \u010fakuje J\u00e1n Nemec<\/strong><\/p>\n","protected":false},"excerpt":{"rendered":"<p>Na minuloro\u010dnom Festivale vedy a&nbsp;techniky AMAVET 2020 (FVAT) Jakub Nagy a Adam Bedn\u00e1\u0159 s projektom Pikobal\u00f3n z\u00edskali ocenenie v kateg\u00f3rii Informatika a po\u010d\u00edta\u010dov\u00e9 in\u017einierstvo a&nbsp;post\u00fapili na prest\u00ed\u017ene podujatie Expo-Sciences Luxembourg 2021. Je to nes\u00fa\u0165a\u017en\u00e1 medzin\u00e1rodn\u00e1 vedeck\u00e1 v\u00fdstava, ktor\u00fa organizuje Nad\u00e1cia mlad\u00fdch vedcov Luxembourg pod z\u00e1\u0161titou Jeho kr\u00e1\u013eovskej v\u00fdsosti ve\u013ekovojvodu Henriho. Podujatie zdru\u017euje mlad\u00fdch laure\u00e1tov z [&hellip;]<\/p>\n","protected":false},"author":1,"featured_media":2663,"comment_status":"closed","ping_status":"closed","sticky":false,"template":"","format":"standard","meta":{"om_disable_all_campaigns":false,"_monsterinsights_skip_tracking":false,"_monsterinsights_sitenote_active":false,"_monsterinsights_sitenote_note":"","_monsterinsights_sitenote_category":0,"_uf_show_specific_survey":0,"_uf_disable_surveys":false,"footnotes":""},"categories":[33],"tags":[],"class_list":["post-2662","post","type-post","status-publish","format-standard","has-post-thumbnail","hentry","category-novinky"],"yoast_head":"<!-- This site is optimized with the Yoast SEO plugin v27.2 - https:\/\/yoast.com\/product\/yoast-seo-wordpress\/ -->\n<title>Mal\u00e1 sonda do du\u0161e autorov sondy Pikobal\u00f3n - Festival vedy a techniky AMAVET<\/title>\n<meta name=\"robots\" content=\"index, follow, max-snippet:-1, max-image-preview:large, max-video-preview:-1\" \/>\n<link rel=\"canonical\" href=\"https:\/\/www.festivalvedy.sk\/wp2\/mala-sonda-do-duse-autorov-sondy-pikobalon\/\" \/>\n<meta property=\"og:locale\" content=\"sk_SK\" \/>\n<meta property=\"og:type\" content=\"article\" \/>\n<meta property=\"og:title\" content=\"Mal\u00e1 sonda do du\u0161e autorov sondy Pikobal\u00f3n - Festival vedy a techniky AMAVET\" \/>\n<meta property=\"og:description\" content=\"Na minuloro\u010dnom Festivale vedy a&nbsp;techniky AMAVET 2020 (FVAT) Jakub Nagy a Adam Bedn\u00e1\u0159 s projektom Pikobal\u00f3n z\u00edskali ocenenie v kateg\u00f3rii Informatika a po\u010d\u00edta\u010dov\u00e9 in\u017einierstvo a&nbsp;post\u00fapili na prest\u00ed\u017ene podujatie Expo-Sciences Luxembourg 2021. Je to nes\u00fa\u0165a\u017en\u00e1 medzin\u00e1rodn\u00e1 vedeck\u00e1 v\u00fdstava, ktor\u00fa organizuje Nad\u00e1cia mlad\u00fdch vedcov Luxembourg pod z\u00e1\u0161titou Jeho kr\u00e1\u013eovskej v\u00fdsosti ve\u013ekovojvodu Henriho. Podujatie zdru\u017euje mlad\u00fdch laure\u00e1tov z [&hellip;]\" \/>\n<meta property=\"og:url\" content=\"https:\/\/www.festivalvedy.sk\/wp2\/mala-sonda-do-duse-autorov-sondy-pikobalon\/\" \/>\n<meta property=\"og:site_name\" content=\"Festival vedy a techniky AMAVET\" \/>\n<meta property=\"article:published_time\" content=\"2021-02-15T14:57:50+00:00\" \/>\n<meta property=\"article:modified_time\" content=\"2021-02-15T14:57:54+00:00\" \/>\n<meta property=\"og:image\" content=\"https:\/\/www.festivalvedy.sk\/wp2\/wp-content\/uploads\/2021\/02\/AMAVET_FVAT_2019_097-scaled.jpg\" \/>\n\t<meta property=\"og:image:width\" content=\"2560\" \/>\n\t<meta property=\"og:image:height\" content=\"1709\" \/>\n\t<meta property=\"og:image:type\" content=\"image\/jpeg\" \/>\n<meta name=\"author\" content=\"Redakcia\" \/>\n<meta name=\"twitter:card\" content=\"summary_large_image\" \/>\n<meta name=\"twitter:label1\" content=\"Autor\" \/>\n\t<meta name=\"twitter:data1\" content=\"Redakcia\" \/>\n\t<meta name=\"twitter:label2\" content=\"Predpokladan\u00fd \u010das \u010d\u00edtania\" \/>\n\t<meta name=\"twitter:data2\" content=\"5 min\u00fat\" \/>\n<script type=\"application\/ld+json\" class=\"yoast-schema-graph\">{\"@context\":\"https:\/\/schema.org\",\"@graph\":[{\"@type\":\"Article\",\"@id\":\"https:\/\/www.festivalvedy.sk\/wp2\/mala-sonda-do-duse-autorov-sondy-pikobalon\/#article\",\"isPartOf\":{\"@id\":\"https:\/\/www.festivalvedy.sk\/wp2\/mala-sonda-do-duse-autorov-sondy-pikobalon\/\"},\"author\":{\"name\":\"Redakcia\",\"@id\":\"https:\/\/www.festivalvedy.sk\/wp2\/#\/schema\/person\/f6c2e17170a626260fe38db97ed0a1f5\"},\"headline\":\"Mal\u00e1 sonda do du\u0161e autorov sondy Pikobal\u00f3n\",\"datePublished\":\"2021-02-15T14:57:50+00:00\",\"dateModified\":\"2021-02-15T14:57:54+00:00\",\"mainEntityOfPage\":{\"@id\":\"https:\/\/www.festivalvedy.sk\/wp2\/mala-sonda-do-duse-autorov-sondy-pikobalon\/\"},\"wordCount\":1283,\"publisher\":{\"@id\":\"https:\/\/www.festivalvedy.sk\/wp2\/#organization\"},\"image\":{\"@id\":\"https:\/\/www.festivalvedy.sk\/wp2\/mala-sonda-do-duse-autorov-sondy-pikobalon\/#primaryimage\"},\"thumbnailUrl\":\"https:\/\/www.festivalvedy.sk\/wp2\/wp-content\/uploads\/2021\/02\/AMAVET_FVAT_2019_097-scaled.jpg\",\"articleSection\":[\"Novinky\"],\"inLanguage\":\"sk-SK\"},{\"@type\":\"WebPage\",\"@id\":\"https:\/\/www.festivalvedy.sk\/wp2\/mala-sonda-do-duse-autorov-sondy-pikobalon\/\",\"url\":\"https:\/\/www.festivalvedy.sk\/wp2\/mala-sonda-do-duse-autorov-sondy-pikobalon\/\",\"name\":\"Mal\u00e1 sonda do du\u0161e autorov sondy Pikobal\u00f3n - Festival vedy a techniky AMAVET\",\"isPartOf\":{\"@id\":\"https:\/\/www.festivalvedy.sk\/wp2\/#website\"},\"primaryImageOfPage\":{\"@id\":\"https:\/\/www.festivalvedy.sk\/wp2\/mala-sonda-do-duse-autorov-sondy-pikobalon\/#primaryimage\"},\"image\":{\"@id\":\"https:\/\/www.festivalvedy.sk\/wp2\/mala-sonda-do-duse-autorov-sondy-pikobalon\/#primaryimage\"},\"thumbnailUrl\":\"https:\/\/www.festivalvedy.sk\/wp2\/wp-content\/uploads\/2021\/02\/AMAVET_FVAT_2019_097-scaled.jpg\",\"datePublished\":\"2021-02-15T14:57:50+00:00\",\"dateModified\":\"2021-02-15T14:57:54+00:00\",\"breadcrumb\":{\"@id\":\"https:\/\/www.festivalvedy.sk\/wp2\/mala-sonda-do-duse-autorov-sondy-pikobalon\/#breadcrumb\"},\"inLanguage\":\"sk-SK\",\"potentialAction\":[{\"@type\":\"ReadAction\",\"target\":[\"https:\/\/www.festivalvedy.sk\/wp2\/mala-sonda-do-duse-autorov-sondy-pikobalon\/\"]}]},{\"@type\":\"ImageObject\",\"inLanguage\":\"sk-SK\",\"@id\":\"https:\/\/www.festivalvedy.sk\/wp2\/mala-sonda-do-duse-autorov-sondy-pikobalon\/#primaryimage\",\"url\":\"https:\/\/www.festivalvedy.sk\/wp2\/wp-content\/uploads\/2021\/02\/AMAVET_FVAT_2019_097-scaled.jpg\",\"contentUrl\":\"https:\/\/www.festivalvedy.sk\/wp2\/wp-content\/uploads\/2021\/02\/AMAVET_FVAT_2019_097-scaled.jpg\",\"width\":2560,\"height\":1709},{\"@type\":\"BreadcrumbList\",\"@id\":\"https:\/\/www.festivalvedy.sk\/wp2\/mala-sonda-do-duse-autorov-sondy-pikobalon\/#breadcrumb\",\"itemListElement\":[{\"@type\":\"ListItem\",\"position\":1,\"name\":\"Home\",\"item\":\"https:\/\/www.festivalvedy.sk\/wp2\/\"},{\"@type\":\"ListItem\",\"position\":2,\"name\":\"Mal\u00e1 sonda do du\u0161e autorov sondy Pikobal\u00f3n\"}]},{\"@type\":\"WebSite\",\"@id\":\"https:\/\/www.festivalvedy.sk\/wp2\/#website\",\"url\":\"https:\/\/www.festivalvedy.sk\/wp2\/\",\"name\":\"Festival vedy a techniky AMAVET\",\"description\":\"AMAVET - Asoci\u00e1cia pre ml\u00e1de\u017e, vedu a techniku\",\"publisher\":{\"@id\":\"https:\/\/www.festivalvedy.sk\/wp2\/#organization\"},\"potentialAction\":[{\"@type\":\"SearchAction\",\"target\":{\"@type\":\"EntryPoint\",\"urlTemplate\":\"https:\/\/www.festivalvedy.sk\/wp2\/?s={search_term_string}\"},\"query-input\":{\"@type\":\"PropertyValueSpecification\",\"valueRequired\":true,\"valueName\":\"search_term_string\"}}],\"inLanguage\":\"sk-SK\"},{\"@type\":\"Organization\",\"@id\":\"https:\/\/www.festivalvedy.sk\/wp2\/#organization\",\"name\":\"Festival vedy a techniky AMAVET\",\"url\":\"https:\/\/www.festivalvedy.sk\/wp2\/\",\"logo\":{\"@type\":\"ImageObject\",\"inLanguage\":\"sk-SK\",\"@id\":\"https:\/\/www.festivalvedy.sk\/wp2\/#\/schema\/logo\/image\/\",\"url\":\"https:\/\/www.festivalvedy.sk\/wp2\/wp-content\/uploads\/2022\/02\/cropped-fvat-ochranna-zona.png\",\"contentUrl\":\"https:\/\/www.festivalvedy.sk\/wp2\/wp-content\/uploads\/2022\/02\/cropped-fvat-ochranna-zona.png\",\"width\":1190,\"height\":357,\"caption\":\"Festival vedy a techniky AMAVET\"},\"image\":{\"@id\":\"https:\/\/www.festivalvedy.sk\/wp2\/#\/schema\/logo\/image\/\"}},{\"@type\":\"Person\",\"@id\":\"https:\/\/www.festivalvedy.sk\/wp2\/#\/schema\/person\/f6c2e17170a626260fe38db97ed0a1f5\",\"name\":\"Redakcia\",\"image\":{\"@type\":\"ImageObject\",\"inLanguage\":\"sk-SK\",\"@id\":\"https:\/\/secure.gravatar.com\/avatar\/2f7c312d560e25e8eb59b6b53cadd5dc16b39f25bac1c7d0a221dafd9c91fae9?s=96&d=mm&r=g\",\"url\":\"https:\/\/secure.gravatar.com\/avatar\/2f7c312d560e25e8eb59b6b53cadd5dc16b39f25bac1c7d0a221dafd9c91fae9?s=96&d=mm&r=g\",\"contentUrl\":\"https:\/\/secure.gravatar.com\/avatar\/2f7c312d560e25e8eb59b6b53cadd5dc16b39f25bac1c7d0a221dafd9c91fae9?s=96&d=mm&r=g\",\"caption\":\"Redakcia\"},\"url\":\"https:\/\/www.festivalvedy.sk\/wp2\/author\/fvatadmin\/\"}]}<\/script>\n<!-- \/ Yoast SEO plugin. -->","yoast_head_json":{"title":"Mal\u00e1 sonda do du\u0161e autorov sondy Pikobal\u00f3n - Festival vedy a techniky AMAVET","robots":{"index":"index","follow":"follow","max-snippet":"max-snippet:-1","max-image-preview":"max-image-preview:large","max-video-preview":"max-video-preview:-1"},"canonical":"https:\/\/www.festivalvedy.sk\/wp2\/mala-sonda-do-duse-autorov-sondy-pikobalon\/","og_locale":"sk_SK","og_type":"article","og_title":"Mal\u00e1 sonda do du\u0161e autorov sondy Pikobal\u00f3n - Festival vedy a techniky AMAVET","og_description":"Na minuloro\u010dnom Festivale vedy a&nbsp;techniky AMAVET 2020 (FVAT) Jakub Nagy a Adam Bedn\u00e1\u0159 s projektom Pikobal\u00f3n z\u00edskali ocenenie v kateg\u00f3rii Informatika a po\u010d\u00edta\u010dov\u00e9 in\u017einierstvo a&nbsp;post\u00fapili na prest\u00ed\u017ene podujatie Expo-Sciences Luxembourg 2021. Je to nes\u00fa\u0165a\u017en\u00e1 medzin\u00e1rodn\u00e1 vedeck\u00e1 v\u00fdstava, ktor\u00fa organizuje Nad\u00e1cia mlad\u00fdch vedcov Luxembourg pod z\u00e1\u0161titou Jeho kr\u00e1\u013eovskej v\u00fdsosti ve\u013ekovojvodu Henriho. Podujatie zdru\u017euje mlad\u00fdch laure\u00e1tov z [&hellip;]","og_url":"https:\/\/www.festivalvedy.sk\/wp2\/mala-sonda-do-duse-autorov-sondy-pikobalon\/","og_site_name":"Festival vedy a techniky AMAVET","article_published_time":"2021-02-15T14:57:50+00:00","article_modified_time":"2021-02-15T14:57:54+00:00","og_image":[{"width":2560,"height":1709,"url":"https:\/\/www.festivalvedy.sk\/wp2\/wp-content\/uploads\/2021\/02\/AMAVET_FVAT_2019_097-scaled.jpg","type":"image\/jpeg"}],"author":"Redakcia","twitter_card":"summary_large_image","twitter_misc":{"Autor":"Redakcia","Predpokladan\u00fd \u010das \u010d\u00edtania":"5 min\u00fat"},"schema":{"@context":"https:\/\/schema.org","@graph":[{"@type":"Article","@id":"https:\/\/www.festivalvedy.sk\/wp2\/mala-sonda-do-duse-autorov-sondy-pikobalon\/#article","isPartOf":{"@id":"https:\/\/www.festivalvedy.sk\/wp2\/mala-sonda-do-duse-autorov-sondy-pikobalon\/"},"author":{"name":"Redakcia","@id":"https:\/\/www.festivalvedy.sk\/wp2\/#\/schema\/person\/f6c2e17170a626260fe38db97ed0a1f5"},"headline":"Mal\u00e1 sonda do du\u0161e autorov sondy Pikobal\u00f3n","datePublished":"2021-02-15T14:57:50+00:00","dateModified":"2021-02-15T14:57:54+00:00","mainEntityOfPage":{"@id":"https:\/\/www.festivalvedy.sk\/wp2\/mala-sonda-do-duse-autorov-sondy-pikobalon\/"},"wordCount":1283,"publisher":{"@id":"https:\/\/www.festivalvedy.sk\/wp2\/#organization"},"image":{"@id":"https:\/\/www.festivalvedy.sk\/wp2\/mala-sonda-do-duse-autorov-sondy-pikobalon\/#primaryimage"},"thumbnailUrl":"https:\/\/www.festivalvedy.sk\/wp2\/wp-content\/uploads\/2021\/02\/AMAVET_FVAT_2019_097-scaled.jpg","articleSection":["Novinky"],"inLanguage":"sk-SK"},{"@type":"WebPage","@id":"https:\/\/www.festivalvedy.sk\/wp2\/mala-sonda-do-duse-autorov-sondy-pikobalon\/","url":"https:\/\/www.festivalvedy.sk\/wp2\/mala-sonda-do-duse-autorov-sondy-pikobalon\/","name":"Mal\u00e1 sonda do du\u0161e autorov sondy Pikobal\u00f3n - Festival vedy a techniky AMAVET","isPartOf":{"@id":"https:\/\/www.festivalvedy.sk\/wp2\/#website"},"primaryImageOfPage":{"@id":"https:\/\/www.festivalvedy.sk\/wp2\/mala-sonda-do-duse-autorov-sondy-pikobalon\/#primaryimage"},"image":{"@id":"https:\/\/www.festivalvedy.sk\/wp2\/mala-sonda-do-duse-autorov-sondy-pikobalon\/#primaryimage"},"thumbnailUrl":"https:\/\/www.festivalvedy.sk\/wp2\/wp-content\/uploads\/2021\/02\/AMAVET_FVAT_2019_097-scaled.jpg","datePublished":"2021-02-15T14:57:50+00:00","dateModified":"2021-02-15T14:57:54+00:00","breadcrumb":{"@id":"https:\/\/www.festivalvedy.sk\/wp2\/mala-sonda-do-duse-autorov-sondy-pikobalon\/#breadcrumb"},"inLanguage":"sk-SK","potentialAction":[{"@type":"ReadAction","target":["https:\/\/www.festivalvedy.sk\/wp2\/mala-sonda-do-duse-autorov-sondy-pikobalon\/"]}]},{"@type":"ImageObject","inLanguage":"sk-SK","@id":"https:\/\/www.festivalvedy.sk\/wp2\/mala-sonda-do-duse-autorov-sondy-pikobalon\/#primaryimage","url":"https:\/\/www.festivalvedy.sk\/wp2\/wp-content\/uploads\/2021\/02\/AMAVET_FVAT_2019_097-scaled.jpg","contentUrl":"https:\/\/www.festivalvedy.sk\/wp2\/wp-content\/uploads\/2021\/02\/AMAVET_FVAT_2019_097-scaled.jpg","width":2560,"height":1709},{"@type":"BreadcrumbList","@id":"https:\/\/www.festivalvedy.sk\/wp2\/mala-sonda-do-duse-autorov-sondy-pikobalon\/#breadcrumb","itemListElement":[{"@type":"ListItem","position":1,"name":"Home","item":"https:\/\/www.festivalvedy.sk\/wp2\/"},{"@type":"ListItem","position":2,"name":"Mal\u00e1 sonda do du\u0161e autorov sondy Pikobal\u00f3n"}]},{"@type":"WebSite","@id":"https:\/\/www.festivalvedy.sk\/wp2\/#website","url":"https:\/\/www.festivalvedy.sk\/wp2\/","name":"Festival vedy a techniky AMAVET","description":"AMAVET - Asoci\u00e1cia pre ml\u00e1de\u017e, vedu a techniku","publisher":{"@id":"https:\/\/www.festivalvedy.sk\/wp2\/#organization"},"potentialAction":[{"@type":"SearchAction","target":{"@type":"EntryPoint","urlTemplate":"https:\/\/www.festivalvedy.sk\/wp2\/?s={search_term_string}"},"query-input":{"@type":"PropertyValueSpecification","valueRequired":true,"valueName":"search_term_string"}}],"inLanguage":"sk-SK"},{"@type":"Organization","@id":"https:\/\/www.festivalvedy.sk\/wp2\/#organization","name":"Festival vedy a techniky AMAVET","url":"https:\/\/www.festivalvedy.sk\/wp2\/","logo":{"@type":"ImageObject","inLanguage":"sk-SK","@id":"https:\/\/www.festivalvedy.sk\/wp2\/#\/schema\/logo\/image\/","url":"https:\/\/www.festivalvedy.sk\/wp2\/wp-content\/uploads\/2022\/02\/cropped-fvat-ochranna-zona.png","contentUrl":"https:\/\/www.festivalvedy.sk\/wp2\/wp-content\/uploads\/2022\/02\/cropped-fvat-ochranna-zona.png","width":1190,"height":357,"caption":"Festival vedy a techniky AMAVET"},"image":{"@id":"https:\/\/www.festivalvedy.sk\/wp2\/#\/schema\/logo\/image\/"}},{"@type":"Person","@id":"https:\/\/www.festivalvedy.sk\/wp2\/#\/schema\/person\/f6c2e17170a626260fe38db97ed0a1f5","name":"Redakcia","image":{"@type":"ImageObject","inLanguage":"sk-SK","@id":"https:\/\/secure.gravatar.com\/avatar\/2f7c312d560e25e8eb59b6b53cadd5dc16b39f25bac1c7d0a221dafd9c91fae9?s=96&d=mm&r=g","url":"https:\/\/secure.gravatar.com\/avatar\/2f7c312d560e25e8eb59b6b53cadd5dc16b39f25bac1c7d0a221dafd9c91fae9?s=96&d=mm&r=g","contentUrl":"https:\/\/secure.gravatar.com\/avatar\/2f7c312d560e25e8eb59b6b53cadd5dc16b39f25bac1c7d0a221dafd9c91fae9?s=96&d=mm&r=g","caption":"Redakcia"},"url":"https:\/\/www.festivalvedy.sk\/wp2\/author\/fvatadmin\/"}]}},"_links":{"self":[{"href":"https:\/\/www.festivalvedy.sk\/wp2\/wp-json\/wp\/v2\/posts\/2662","targetHints":{"allow":["GET"]}}],"collection":[{"href":"https:\/\/www.festivalvedy.sk\/wp2\/wp-json\/wp\/v2\/posts"}],"about":[{"href":"https:\/\/www.festivalvedy.sk\/wp2\/wp-json\/wp\/v2\/types\/post"}],"author":[{"embeddable":true,"href":"https:\/\/www.festivalvedy.sk\/wp2\/wp-json\/wp\/v2\/users\/1"}],"replies":[{"embeddable":true,"href":"https:\/\/www.festivalvedy.sk\/wp2\/wp-json\/wp\/v2\/comments?post=2662"}],"version-history":[{"count":1,"href":"https:\/\/www.festivalvedy.sk\/wp2\/wp-json\/wp\/v2\/posts\/2662\/revisions"}],"predecessor-version":[{"id":2664,"href":"https:\/\/www.festivalvedy.sk\/wp2\/wp-json\/wp\/v2\/posts\/2662\/revisions\/2664"}],"wp:featuredmedia":[{"embeddable":true,"href":"https:\/\/www.festivalvedy.sk\/wp2\/wp-json\/wp\/v2\/media\/2663"}],"wp:attachment":[{"href":"https:\/\/www.festivalvedy.sk\/wp2\/wp-json\/wp\/v2\/media?parent=2662"}],"wp:term":[{"taxonomy":"category","embeddable":true,"href":"https:\/\/www.festivalvedy.sk\/wp2\/wp-json\/wp\/v2\/categories?post=2662"},{"taxonomy":"post_tag","embeddable":true,"href":"https:\/\/www.festivalvedy.sk\/wp2\/wp-json\/wp\/v2\/tags?post=2662"}],"curies":[{"name":"wp","href":"https:\/\/api.w.org\/{rel}","templated":true}]}}