{"id":2701,"date":"2021-05-06T14:03:10","date_gmt":"2021-05-06T12:03:10","guid":{"rendered":"https:\/\/www.festivalvedy.sk\/wp2\/?p=2701"},"modified":"2021-05-06T14:03:12","modified_gmt":"2021-05-06T12:03:12","slug":"uspechy-reprezentantov-amavet-u-v-zahranici","status":"publish","type":"post","link":"https:\/\/www.festivalvedy.sk\/wp2\/uspechy-reprezentantov-amavet-u-v-zahranici\/","title":{"rendered":"\u00daspechy reprezentantov AMAVET-u v zahrani\u010d\u00ed"},"content":{"rendered":"\n<p><strong>Tak ako ka\u017ed\u00fd rok, aj v roku 2021 sme odmenili v\u00ed\u0165azov Festivalu vedy a techniky AMAVET (FVAT) \u00fa\u010das\u0165ou na zahrani\u010dn\u00fdch \u017eiackych vedeck\u00fdch s\u00fa\u0165a\u017eiach. Uplynul\u00fd mesiac apr\u00edl sa niesol najm\u00e4 v ruskom duchu, preto\u017ee na\u0161i finalisti prezentovali svoje projekty na dvoch rusk\u00fdch s\u00fa\u0165a\u017eiach. Vernadsky Contest, ktor\u00fd sa tradi\u010dne uskuto\u010d\u0148oval v Moskve, a Step Into The Future \u2013 medzin\u00e1rodn\u00e9 f\u00f3rum pre ml\u00e1de\u017e vo vede.<\/strong><\/p>\n\n\n\n<p>Obe podujatia v\u0161ak museli zrealizova\u0165 online, tak\u017ee atmosf\u00e9ru Moskvy vytv\u00e1ral sk\u00f4r rusk\u00fd pr\u00edzvuk a online prostredie na platform\u00e1ch, kde prebiehali prezent\u00e1cie. N\u00e1m robia rados\u0165 najm\u00e4 \u00faspechy na\u0161ich \u017eiakov. Po\u010fme si ich pozrie\u0165.<\/p>\n\n\n\n<p><strong>Step Into The Future 2021 (SITF)<\/strong><\/p>\n\n\n\n<p>Na SITF 2021 sa z\u00fa\u010dastnili \u0161tyria na\u0161i v\u00ed\u0165azi. Gr\u00e9ta Kolcunov\u00e1 bola ocenen\u00e1 za v\u00fdborn\u00e9 v\u00fdsledky vedeck\u00e9ho v\u00fdskumu, kreat\u00edvne b\u00e1danie a oddanos\u0165 h\u013eadaniu pravdy \u2013 chrbtovej kosti pr\u00e1ce poctiv\u00e9ho vedca. <strong><em>\u201cPodujatie bolo na vysokej vedeckej \u00farovni a hodnot\u00edm ho ve\u013emi pozit\u00edvne, v\u0161etk\u00fdm by som odpor\u00fa\u010dala tak\u00fato sk\u00fasenos\u0165. Je mi ve\u013emi \u013e\u00fato, \u017ee som sa nemohla s\u00fa\u0165a\u017ee z\u00fa\u010dastni\u0165 prezen\u010dne, ur\u010dite by to bol \u00faplne in\u00fd z\u00e1\u017eitok.\u201d<\/em><\/strong><\/p>\n\n\n\n<p>Miroslav Cibula s projektom OMNIS z\u00edskal ocenenie za v\u00fdborn\u00e9 v\u00fdsledky vedeck\u00e9ho v\u00fdskumu.<\/p>\n\n\n\n<p><strong><em>\u201cSITF sa mi p\u00e1\u010dilo, hoci to bola moja prv\u00e1 medzin\u00e1rodn\u00e1 s\u00fa\u0165a\u017e, \u010di\u017ee to nem\u00e1m ve\u013emi s \u010d\u00edm porovn\u00e1va\u0165. Ve\u013emi sa mi p\u00e1\u010dila rozmanitos\u0165 s\u00fa\u0165a\u017eiacich, t\u00fdm \u017ee som mal mo\u017enos\u0165 vidie\u0165 \u013eud\u00ed z exotickej\u0161\u00edch kraj\u00edn ako napr\u00edklad Nep\u00e1l, Indon\u00e9zia alebo Zimbabwe, pri\u010dom niektor\u00ed prezentovali na s\u00fa\u0165a\u017ei rie\u0161enia probl\u00e9mov \u0161pecifick\u00fdch pre ich lokaliz\u00e1ciu alebo kult\u00faru, \u010di\u017ee aj z tohto aspektu mi s\u00fa\u0165a\u017e nie\u010do nov\u00e9 dala. S\u00edce t\u00fdm, \u017ee s\u00fa\u0165a\u017e mala online formu a boli sme fixovan\u00ed k harmonogramu, tak tam nebolo ve\u013ea pr\u00edle\u017eitost\u00ed na zoznamovanie sa s nov\u00fdmi \u013eu\u010fmi a nebol to a\u017e tak\u00fd intenz\u00edvny z\u00e1\u017eitok ako dva dni prezen\u010dne na FVAT, ale mysl\u00edm si, \u017ee to bola ve\u013emi pekn\u00e1 nov\u00e1 sk\u00fasenos\u0165.\u201d<\/em><\/strong><\/p>\n\n\n\n<figure class=\"wp-block-image\"><img decoding=\"async\" src=\"https:\/\/i0.wp.com\/www.amavet.sk\/wp-content\/uploads\/2021\/05\/\u0421\u043b\u0430\u0439\u04341-page-001-300x212.jpg\" alt=\"Diplom\" class=\"wp-image-4858\"\/><figcaption>Diplom<\/figcaption><\/figure>\n\n\n\n<p>Za v\u00fdborn\u00e9 v\u00fdsledky vedeck\u00e9ho v\u00fdskumu boli ocenen\u00ed aj Patrik Michlian a Adri\u00e1n Komanek s projektom FRIENDLY DALEK \u2013 autonomous robot. Gratulujeme!<\/p>\n\n\n\n<p><strong>Vernadsky Contest 2021<\/strong><\/p>\n\n\n\n<p>Na Vernadsky Conteste n\u00e1s reprezentovali traja \u017eiaci:<\/p>\n\n\n\n<p>Igor Michalec s projektom Arm\u00e1dny robot z\u00edskal ocenenie za multifunk\u010dn\u00e9 rie\u0161enie v kateg\u00f3rii in\u017einiersky v\u00fdskum. <strong><em>\u201cPrezentovanie projektu prebehlo v poriadku, nemal som \u017eiadne technick\u00e9 probl\u00e9my a mal som z toho dobr\u00fd pocit. Napriek tomu bola organiz\u00e1cia nezrozumite\u013en\u00e1 a \u010das prezentovania projektu som sa dozvedel na posledn\u00fa chv\u00ed\u013eu.\u201d<\/em><\/strong><\/p>\n\n\n\n<figure class=\"wp-block-image\"><img decoding=\"async\" src=\"https:\/\/i0.wp.com\/www.amavet.sk\/wp-content\/uploads\/2021\/05\/211177-\u0414\u0438\u043f\u043b\u043e\u043c-page-001-300x213.jpg\" alt=\"Diplom\" class=\"wp-image-4863\"\/><figcaption>Diplom<\/figcaption><\/figure>\n\n\n\n<p>Michal Ki\u0161e\u013e\u00e1k a Slavom\u00edr Slez\u00e1k s projektom Bezpe\u010dnos\u0165 na \u017eeleznici z poh\u013eadu ru\u0161\u0148ovodi\u010dov z\u00edskali v kateg\u00f3rii in\u017einiersky v\u00fdskum ocenenie za inovat\u00edvne rie\u0161enie zlep\u0161uj\u00face bezpe\u010dnos\u0165 \u017eelezni\u010dnej dopravy. <strong><em>\u201cOba ro\u010dn\u00edky AMAVET-u <\/em><\/strong>(autor tak naz\u00fdva FVAT),<strong><em> aj ten minuloro\u010dn\u00fd, aj ten aktu\u00e1lny, obaja s kolegom vn\u00edmame ve\u013emi pozit\u00edvne. Z\u00edskali sme mnoho sk\u00fasenost\u00ed, v r\u00e1mci n\u00e1\u0161ho projektu, v r\u00e1mci prezenta\u010dn\u00fdch schopnost\u00ed, \u010di p\u00edsania odborn\u00fdch pr\u00e1c (Moskva). \u010co sa t\u00fdka slovenskej \u010dasti AMAVET-u, <\/em><\/strong>(rozumej FVAT)<strong><em> naozaj nem\u00e1me \u017eiadne negat\u00edvne pripomienky a bud\u00facim s\u00fa\u0165a\u017eiacim by sme \u00fa\u010das\u0165 ur\u010dite odporu\u010dili. \u010co sa t\u00fdka Moskvy, m\u00e1me ist\u00e9 pripomienky, hlavne k organiz\u00e1cii samotn\u00e9ho contestu. Ver\u00edm, \u017ee v pr\u00edpade prezen\u010dnej \u00fa\u010dasti by to bolo in\u00e9, av\u0161ak takto \u201cna dia\u013eku\u201d, sme dost\u00e1vali ve\u013emi m\u00e1lo inform\u00e1ci\u00ed a na posledn\u00fa chv\u00ed\u013eu. Aj o samotnom term\u00edne prezent\u00e1cie sme sa dozvedeli ani nie 2 dni dopredu a e\u0161te k tomu u\u017e v \u010dase, ke\u010f sa cel\u00fd contest u\u017e za\u010dal. Taktie\u017e n\u00e1s prekvapilo, \u017ee aj napriek tomu, \u017ee sme mali pod\u013ea zadania urobi\u0165 dve prezent\u00e1cie, jednu obsiahlej\u0161iu a jednu menej obsiahlu na obhajobu, druh\u00fa prezent\u00e1ciu sme ani nevyu\u017eili a na obhajobe sme \u201cboli hoden\u00ed do vody\u201d s prvou prezent\u00e1ciou, ktor\u00e1 obsahovala aj zbyto\u010dn\u00e9 obsiahle inform\u00e1cie a slidy. Na\u0161\u0165astie, n\u00e1\u0161 projekt pozn\u00e1me dobre a tak nebol pre n\u00e1s probl\u00e9m mierne improvizova\u0165. Moskva v\u0161ak bola aj pozit\u00edvnou sk\u00fasenos\u0165ou. Nau\u010dili sme sa otvorenej\u0161ie komunikova\u0165 a prezentova\u0165 v cudzom jazyku a dostali sme u\u017eito\u010dn\u00fa sp\u00e4tn\u00fa v\u00e4zbu od zahrani\u010dn\u00fdch prezentuj\u00facich a ruskej poroty. Moskvu by sme vedeli taktie\u017e odporu\u010di\u0165 pre bud\u00facich s\u00fa\u0165a\u017eiacich. V Moskve je d\u00f4le\u017eit\u00e9 zap\u00f4sobi\u0165 hlavne v str\u00e1nke praktick\u00e9ho vyu\u017eitia projektu a v tom, \u010do vlastne bolo uroben\u00e9. V\u0161imli sme si, \u017ee porotcovia v\u017edy d\u00e1vaj\u00fa dodato\u010dn\u00e9 ot\u00e1zky na tieto t\u00e9my, ak sa im zd\u00e1, \u017ee neboli dostato\u010dne obsiahnut\u00e9 v prezent\u00e1cii. Netreba sa stresova\u0165 ani z jazykovej bari\u00e9ry, a dokonca, na na\u0161e po\u010dudovanie, bolo Rusk\u00fdm porotcom ve\u013emi dobre a zrozumite\u013ene rozumie\u0165. \u010co sa t\u00fdka pr\u00edprav, zistili sme \u017ee najlep\u0161ie je sa&nbsp; v odbornej pr\u00e1ci rozp\u00edsa\u0165 do detailov, pou\u017ei\u0165 ve\u013ea obr\u00e1zkov, ktor\u00e9 s\u00fa k veci. Treba ju p\u00edsa\u0165 \u010do najodbornej\u0161ie, ale netreba si l\u00e1ma\u0165 hlavu nad t\u00fdm, \u017ee to nebude ako od profesion\u00e1lneho vedca. Cel\u00e1 s\u00fa\u0165a\u017e bolo veden\u00e1 v \u0161t\u00fdle, \u017ee sa nedb\u00e1 na tak\u00fdch detailoch, najd\u00f4le\u017eitej\u0161ia je obhajoba a samotn\u00e1 pr\u00e1ca na projekte. Sme radi za mo\u017enos\u0165 prezentova\u0165 n\u00e1\u0161 projekt v Moskve a ver\u00edme, \u017ee tie dobr\u00e9 sk\u00fasenosti, \u010di u\u017e z Moskvy, \u010di z AMAVET-u <\/em><\/strong>(FVAT) <strong><em>si odnes\u00fa aj \u010fal\u0161\u00ed s\u00fa\u0165a\u017eiaci v nasleduj\u00facich ro\u010dn\u00edkoch podujatia.\u201d<\/em><\/strong><\/p>\n\n\n\n<figure class=\"wp-block-image\"><img decoding=\"async\" src=\"https:\/\/i0.wp.com\/www.amavet.sk\/wp-content\/uploads\/2021\/05\/211176-\u0414\u0438\u043f\u043b\u043e\u043c-page-001-300x213.jpg\" alt=\"Diplom\" class=\"wp-image-4864\"\/><figcaption>Diplom<\/figcaption><\/figure>\n\n\n\n<p>Je zrejm\u00e9, \u017ee organizovanie tradi\u010dn\u00fdch \u017eiackych s\u00fa\u0165a\u017e\u00ed online bola pre v\u0161etk\u00fdch organiz\u00e1torov ve\u013ek\u00e1 v\u00fdzva. V\u0161etci st\u00e1le h\u013ead\u00e1me rie\u0161enia, ktor\u00e9 by poskytli \u00fa\u010dastn\u00edkom \u010do najlep\u0161\u00ed z\u00e1\u017eitok z podujatia. Nepochybujeme o tom, \u017ee ka\u017ed\u00fd by uprednostnil osobn\u00fd kontakt a cestovanie, no sme radi, \u017ee s\u00fa\u0165a\u017ee prebiehaj\u00fa aspo\u0148 v takejto forme, kde dok\u00e1\u017eu \u017eiaci z\u00edska\u0165 podnety zo sp\u00e4tnej v\u00e4zby a mno\u017estvo kontaktov. Z\u00e1rove\u0148 m\u00f4\u017eeme skon\u0161tatova\u0165, \u017ee AMAVET zvl\u00e1dol v porovnan\u00ed s ostatn\u00fdmi svetov\u00fdmi organiz\u00e1ciami pr\u00edpravu online podujat\u00ed ve\u013emi dobre a sme hrd\u00ed na n\u00e1\u0161 realiza\u010dn\u00ed t\u00edm.<\/p>\n\n\n\n<p>V\u0161etk\u00fdm \u017eiakom gratulujeme k \u00faspechu a ver\u00edme, \u017ee t\u00e1to \u017eatva ocenen\u00ed e\u0161te nekon\u010d\u00ed. V septembri n\u00e1s \u010dak\u00e1 EUCYS 2021 a \u010doskoro zverejn\u00edme aj \u010fal\u0161ie medzin\u00e1rodn\u00e9 podujatia, na ktor\u00fdch by n\u00e1s mohli reprezentova\u0165 aj na\u0161i v\u00ed\u0165azi. Sledujte n\u00e1s. Viac inform\u00e1ci\u00ed \u010doskoro.<\/p>\n\n\n\n<p>Luk\u00e1\u0161 Proch\u00e1ska<\/p>\n","protected":false},"excerpt":{"rendered":"<p>Tak ako ka\u017ed\u00fd rok, aj v roku 2021 sme odmenili v\u00ed\u0165azov Festivalu vedy a techniky AMAVET (FVAT) \u00fa\u010das\u0165ou na zahrani\u010dn\u00fdch \u017eiackych vedeck\u00fdch s\u00fa\u0165a\u017eiach. Uplynul\u00fd mesiac apr\u00edl sa niesol najm\u00e4 v ruskom duchu, preto\u017ee na\u0161i finalisti prezentovali svoje projekty na dvoch rusk\u00fdch s\u00fa\u0165a\u017eiach. Vernadsky Contest, ktor\u00fd sa tradi\u010dne uskuto\u010d\u0148oval v Moskve, a Step Into The Future [&hellip;]<\/p>\n","protected":false},"author":1,"featured_media":0,"comment_status":"closed","ping_status":"closed","sticky":false,"template":"","format":"standard","meta":{"om_disable_all_campaigns":false,"_monsterinsights_skip_tracking":false,"_monsterinsights_sitenote_active":false,"_monsterinsights_sitenote_note":"","_monsterinsights_sitenote_category":0,"_uf_show_specific_survey":0,"_uf_disable_surveys":false,"footnotes":""},"categories":[33,32],"tags":[],"class_list":["post-2701","post","type-post","status-publish","format-standard","hentry","category-novinky","category-vitazi-v-zahranici"],"yoast_head":"<!-- This site is optimized with the Yoast SEO plugin v27.2 - https:\/\/yoast.com\/product\/yoast-seo-wordpress\/ -->\n<title>\u00daspechy reprezentantov AMAVET-u v zahrani\u010d\u00ed - Festival vedy a techniky AMAVET<\/title>\n<meta name=\"robots\" content=\"index, follow, max-snippet:-1, max-image-preview:large, max-video-preview:-1\" \/>\n<link rel=\"canonical\" href=\"https:\/\/www.festivalvedy.sk\/wp2\/uspechy-reprezentantov-amavet-u-v-zahranici\/\" \/>\n<meta property=\"og:locale\" content=\"sk_SK\" \/>\n<meta property=\"og:type\" content=\"article\" \/>\n<meta property=\"og:title\" content=\"\u00daspechy reprezentantov AMAVET-u v zahrani\u010d\u00ed - Festival vedy a techniky AMAVET\" \/>\n<meta property=\"og:description\" content=\"Tak ako ka\u017ed\u00fd rok, aj v roku 2021 sme odmenili v\u00ed\u0165azov Festivalu vedy a techniky AMAVET (FVAT) \u00fa\u010das\u0165ou na zahrani\u010dn\u00fdch \u017eiackych vedeck\u00fdch s\u00fa\u0165a\u017eiach. Uplynul\u00fd mesiac apr\u00edl sa niesol najm\u00e4 v ruskom duchu, preto\u017ee na\u0161i finalisti prezentovali svoje projekty na dvoch rusk\u00fdch s\u00fa\u0165a\u017eiach. Vernadsky Contest, ktor\u00fd sa tradi\u010dne uskuto\u010d\u0148oval v Moskve, a Step Into The Future [&hellip;]\" \/>\n<meta property=\"og:url\" content=\"https:\/\/www.festivalvedy.sk\/wp2\/uspechy-reprezentantov-amavet-u-v-zahranici\/\" \/>\n<meta property=\"og:site_name\" content=\"Festival vedy a techniky AMAVET\" \/>\n<meta property=\"article:published_time\" content=\"2021-05-06T12:03:10+00:00\" \/>\n<meta property=\"article:modified_time\" content=\"2021-05-06T12:03:12+00:00\" \/>\n<meta property=\"og:image\" content=\"https:\/\/i0.wp.com\/www.amavet.sk\/wp-content\/uploads\/2021\/05\/\u0421\u043b\u0430\u0439\u04341-page-001-300x212.jpg\" \/>\n<meta name=\"author\" content=\"Redakcia\" \/>\n<meta name=\"twitter:card\" content=\"summary_large_image\" \/>\n<meta name=\"twitter:label1\" content=\"Autor\" \/>\n\t<meta name=\"twitter:data1\" content=\"Redakcia\" \/>\n\t<meta name=\"twitter:label2\" content=\"Predpokladan\u00fd \u010das \u010d\u00edtania\" \/>\n\t<meta name=\"twitter:data2\" content=\"5 min\u00fat\" \/>\n<script type=\"application\/ld+json\" class=\"yoast-schema-graph\">{\"@context\":\"https:\/\/schema.org\",\"@graph\":[{\"@type\":\"Article\",\"@id\":\"https:\/\/www.festivalvedy.sk\/wp2\/uspechy-reprezentantov-amavet-u-v-zahranici\/#article\",\"isPartOf\":{\"@id\":\"https:\/\/www.festivalvedy.sk\/wp2\/uspechy-reprezentantov-amavet-u-v-zahranici\/\"},\"author\":{\"name\":\"Redakcia\",\"@id\":\"https:\/\/www.festivalvedy.sk\/wp2\/#\/schema\/person\/f6c2e17170a626260fe38db97ed0a1f5\"},\"headline\":\"\u00daspechy reprezentantov AMAVET-u v zahrani\u010d\u00ed\",\"datePublished\":\"2021-05-06T12:03:10+00:00\",\"dateModified\":\"2021-05-06T12:03:12+00:00\",\"mainEntityOfPage\":{\"@id\":\"https:\/\/www.festivalvedy.sk\/wp2\/uspechy-reprezentantov-amavet-u-v-zahranici\/\"},\"wordCount\":1197,\"publisher\":{\"@id\":\"https:\/\/www.festivalvedy.sk\/wp2\/#organization\"},\"articleSection\":[\"Novinky\",\"Reprezentovali n\u00e1s\"],\"inLanguage\":\"sk-SK\"},{\"@type\":\"WebPage\",\"@id\":\"https:\/\/www.festivalvedy.sk\/wp2\/uspechy-reprezentantov-amavet-u-v-zahranici\/\",\"url\":\"https:\/\/www.festivalvedy.sk\/wp2\/uspechy-reprezentantov-amavet-u-v-zahranici\/\",\"name\":\"\u00daspechy reprezentantov AMAVET-u v zahrani\u010d\u00ed - Festival vedy a techniky AMAVET\",\"isPartOf\":{\"@id\":\"https:\/\/www.festivalvedy.sk\/wp2\/#website\"},\"datePublished\":\"2021-05-06T12:03:10+00:00\",\"dateModified\":\"2021-05-06T12:03:12+00:00\",\"breadcrumb\":{\"@id\":\"https:\/\/www.festivalvedy.sk\/wp2\/uspechy-reprezentantov-amavet-u-v-zahranici\/#breadcrumb\"},\"inLanguage\":\"sk-SK\",\"potentialAction\":[{\"@type\":\"ReadAction\",\"target\":[\"https:\/\/www.festivalvedy.sk\/wp2\/uspechy-reprezentantov-amavet-u-v-zahranici\/\"]}]},{\"@type\":\"BreadcrumbList\",\"@id\":\"https:\/\/www.festivalvedy.sk\/wp2\/uspechy-reprezentantov-amavet-u-v-zahranici\/#breadcrumb\",\"itemListElement\":[{\"@type\":\"ListItem\",\"position\":1,\"name\":\"Home\",\"item\":\"https:\/\/www.festivalvedy.sk\/wp2\/\"},{\"@type\":\"ListItem\",\"position\":2,\"name\":\"\u00daspechy reprezentantov AMAVET-u v zahrani\u010d\u00ed\"}]},{\"@type\":\"WebSite\",\"@id\":\"https:\/\/www.festivalvedy.sk\/wp2\/#website\",\"url\":\"https:\/\/www.festivalvedy.sk\/wp2\/\",\"name\":\"Festival vedy a techniky AMAVET\",\"description\":\"AMAVET - Asoci\u00e1cia pre ml\u00e1de\u017e, vedu a techniku\",\"publisher\":{\"@id\":\"https:\/\/www.festivalvedy.sk\/wp2\/#organization\"},\"potentialAction\":[{\"@type\":\"SearchAction\",\"target\":{\"@type\":\"EntryPoint\",\"urlTemplate\":\"https:\/\/www.festivalvedy.sk\/wp2\/?s={search_term_string}\"},\"query-input\":{\"@type\":\"PropertyValueSpecification\",\"valueRequired\":true,\"valueName\":\"search_term_string\"}}],\"inLanguage\":\"sk-SK\"},{\"@type\":\"Organization\",\"@id\":\"https:\/\/www.festivalvedy.sk\/wp2\/#organization\",\"name\":\"Festival vedy a techniky AMAVET\",\"url\":\"https:\/\/www.festivalvedy.sk\/wp2\/\",\"logo\":{\"@type\":\"ImageObject\",\"inLanguage\":\"sk-SK\",\"@id\":\"https:\/\/www.festivalvedy.sk\/wp2\/#\/schema\/logo\/image\/\",\"url\":\"https:\/\/www.festivalvedy.sk\/wp2\/wp-content\/uploads\/2022\/02\/cropped-fvat-ochranna-zona.png\",\"contentUrl\":\"https:\/\/www.festivalvedy.sk\/wp2\/wp-content\/uploads\/2022\/02\/cropped-fvat-ochranna-zona.png\",\"width\":1190,\"height\":357,\"caption\":\"Festival vedy a techniky AMAVET\"},\"image\":{\"@id\":\"https:\/\/www.festivalvedy.sk\/wp2\/#\/schema\/logo\/image\/\"}},{\"@type\":\"Person\",\"@id\":\"https:\/\/www.festivalvedy.sk\/wp2\/#\/schema\/person\/f6c2e17170a626260fe38db97ed0a1f5\",\"name\":\"Redakcia\",\"image\":{\"@type\":\"ImageObject\",\"inLanguage\":\"sk-SK\",\"@id\":\"https:\/\/secure.gravatar.com\/avatar\/2f7c312d560e25e8eb59b6b53cadd5dc16b39f25bac1c7d0a221dafd9c91fae9?s=96&d=mm&r=g\",\"url\":\"https:\/\/secure.gravatar.com\/avatar\/2f7c312d560e25e8eb59b6b53cadd5dc16b39f25bac1c7d0a221dafd9c91fae9?s=96&d=mm&r=g\",\"contentUrl\":\"https:\/\/secure.gravatar.com\/avatar\/2f7c312d560e25e8eb59b6b53cadd5dc16b39f25bac1c7d0a221dafd9c91fae9?s=96&d=mm&r=g\",\"caption\":\"Redakcia\"},\"url\":\"https:\/\/www.festivalvedy.sk\/wp2\/author\/fvatadmin\/\"}]}<\/script>\n<!-- \/ Yoast SEO plugin. -->","yoast_head_json":{"title":"\u00daspechy reprezentantov AMAVET-u v zahrani\u010d\u00ed - Festival vedy a techniky AMAVET","robots":{"index":"index","follow":"follow","max-snippet":"max-snippet:-1","max-image-preview":"max-image-preview:large","max-video-preview":"max-video-preview:-1"},"canonical":"https:\/\/www.festivalvedy.sk\/wp2\/uspechy-reprezentantov-amavet-u-v-zahranici\/","og_locale":"sk_SK","og_type":"article","og_title":"\u00daspechy reprezentantov AMAVET-u v zahrani\u010d\u00ed - Festival vedy a techniky AMAVET","og_description":"Tak ako ka\u017ed\u00fd rok, aj v roku 2021 sme odmenili v\u00ed\u0165azov Festivalu vedy a techniky AMAVET (FVAT) \u00fa\u010das\u0165ou na zahrani\u010dn\u00fdch \u017eiackych vedeck\u00fdch s\u00fa\u0165a\u017eiach. Uplynul\u00fd mesiac apr\u00edl sa niesol najm\u00e4 v ruskom duchu, preto\u017ee na\u0161i finalisti prezentovali svoje projekty na dvoch rusk\u00fdch s\u00fa\u0165a\u017eiach. Vernadsky Contest, ktor\u00fd sa tradi\u010dne uskuto\u010d\u0148oval v Moskve, a Step Into The Future [&hellip;]","og_url":"https:\/\/www.festivalvedy.sk\/wp2\/uspechy-reprezentantov-amavet-u-v-zahranici\/","og_site_name":"Festival vedy a techniky AMAVET","article_published_time":"2021-05-06T12:03:10+00:00","article_modified_time":"2021-05-06T12:03:12+00:00","og_image":[{"url":"https:\/\/i0.wp.com\/www.amavet.sk\/wp-content\/uploads\/2021\/05\/\u0421\u043b\u0430\u0439\u04341-page-001-300x212.jpg","type":"","width":"","height":""}],"author":"Redakcia","twitter_card":"summary_large_image","twitter_misc":{"Autor":"Redakcia","Predpokladan\u00fd \u010das \u010d\u00edtania":"5 min\u00fat"},"schema":{"@context":"https:\/\/schema.org","@graph":[{"@type":"Article","@id":"https:\/\/www.festivalvedy.sk\/wp2\/uspechy-reprezentantov-amavet-u-v-zahranici\/#article","isPartOf":{"@id":"https:\/\/www.festivalvedy.sk\/wp2\/uspechy-reprezentantov-amavet-u-v-zahranici\/"},"author":{"name":"Redakcia","@id":"https:\/\/www.festivalvedy.sk\/wp2\/#\/schema\/person\/f6c2e17170a626260fe38db97ed0a1f5"},"headline":"\u00daspechy reprezentantov AMAVET-u v zahrani\u010d\u00ed","datePublished":"2021-05-06T12:03:10+00:00","dateModified":"2021-05-06T12:03:12+00:00","mainEntityOfPage":{"@id":"https:\/\/www.festivalvedy.sk\/wp2\/uspechy-reprezentantov-amavet-u-v-zahranici\/"},"wordCount":1197,"publisher":{"@id":"https:\/\/www.festivalvedy.sk\/wp2\/#organization"},"articleSection":["Novinky","Reprezentovali n\u00e1s"],"inLanguage":"sk-SK"},{"@type":"WebPage","@id":"https:\/\/www.festivalvedy.sk\/wp2\/uspechy-reprezentantov-amavet-u-v-zahranici\/","url":"https:\/\/www.festivalvedy.sk\/wp2\/uspechy-reprezentantov-amavet-u-v-zahranici\/","name":"\u00daspechy reprezentantov AMAVET-u v zahrani\u010d\u00ed - Festival vedy a techniky AMAVET","isPartOf":{"@id":"https:\/\/www.festivalvedy.sk\/wp2\/#website"},"datePublished":"2021-05-06T12:03:10+00:00","dateModified":"2021-05-06T12:03:12+00:00","breadcrumb":{"@id":"https:\/\/www.festivalvedy.sk\/wp2\/uspechy-reprezentantov-amavet-u-v-zahranici\/#breadcrumb"},"inLanguage":"sk-SK","potentialAction":[{"@type":"ReadAction","target":["https:\/\/www.festivalvedy.sk\/wp2\/uspechy-reprezentantov-amavet-u-v-zahranici\/"]}]},{"@type":"BreadcrumbList","@id":"https:\/\/www.festivalvedy.sk\/wp2\/uspechy-reprezentantov-amavet-u-v-zahranici\/#breadcrumb","itemListElement":[{"@type":"ListItem","position":1,"name":"Home","item":"https:\/\/www.festivalvedy.sk\/wp2\/"},{"@type":"ListItem","position":2,"name":"\u00daspechy reprezentantov AMAVET-u v zahrani\u010d\u00ed"}]},{"@type":"WebSite","@id":"https:\/\/www.festivalvedy.sk\/wp2\/#website","url":"https:\/\/www.festivalvedy.sk\/wp2\/","name":"Festival vedy a techniky AMAVET","description":"AMAVET - Asoci\u00e1cia pre ml\u00e1de\u017e, vedu a techniku","publisher":{"@id":"https:\/\/www.festivalvedy.sk\/wp2\/#organization"},"potentialAction":[{"@type":"SearchAction","target":{"@type":"EntryPoint","urlTemplate":"https:\/\/www.festivalvedy.sk\/wp2\/?s={search_term_string}"},"query-input":{"@type":"PropertyValueSpecification","valueRequired":true,"valueName":"search_term_string"}}],"inLanguage":"sk-SK"},{"@type":"Organization","@id":"https:\/\/www.festivalvedy.sk\/wp2\/#organization","name":"Festival vedy a techniky AMAVET","url":"https:\/\/www.festivalvedy.sk\/wp2\/","logo":{"@type":"ImageObject","inLanguage":"sk-SK","@id":"https:\/\/www.festivalvedy.sk\/wp2\/#\/schema\/logo\/image\/","url":"https:\/\/www.festivalvedy.sk\/wp2\/wp-content\/uploads\/2022\/02\/cropped-fvat-ochranna-zona.png","contentUrl":"https:\/\/www.festivalvedy.sk\/wp2\/wp-content\/uploads\/2022\/02\/cropped-fvat-ochranna-zona.png","width":1190,"height":357,"caption":"Festival vedy a techniky AMAVET"},"image":{"@id":"https:\/\/www.festivalvedy.sk\/wp2\/#\/schema\/logo\/image\/"}},{"@type":"Person","@id":"https:\/\/www.festivalvedy.sk\/wp2\/#\/schema\/person\/f6c2e17170a626260fe38db97ed0a1f5","name":"Redakcia","image":{"@type":"ImageObject","inLanguage":"sk-SK","@id":"https:\/\/secure.gravatar.com\/avatar\/2f7c312d560e25e8eb59b6b53cadd5dc16b39f25bac1c7d0a221dafd9c91fae9?s=96&d=mm&r=g","url":"https:\/\/secure.gravatar.com\/avatar\/2f7c312d560e25e8eb59b6b53cadd5dc16b39f25bac1c7d0a221dafd9c91fae9?s=96&d=mm&r=g","contentUrl":"https:\/\/secure.gravatar.com\/avatar\/2f7c312d560e25e8eb59b6b53cadd5dc16b39f25bac1c7d0a221dafd9c91fae9?s=96&d=mm&r=g","caption":"Redakcia"},"url":"https:\/\/www.festivalvedy.sk\/wp2\/author\/fvatadmin\/"}]}},"_links":{"self":[{"href":"https:\/\/www.festivalvedy.sk\/wp2\/wp-json\/wp\/v2\/posts\/2701","targetHints":{"allow":["GET"]}}],"collection":[{"href":"https:\/\/www.festivalvedy.sk\/wp2\/wp-json\/wp\/v2\/posts"}],"about":[{"href":"https:\/\/www.festivalvedy.sk\/wp2\/wp-json\/wp\/v2\/types\/post"}],"author":[{"embeddable":true,"href":"https:\/\/www.festivalvedy.sk\/wp2\/wp-json\/wp\/v2\/users\/1"}],"replies":[{"embeddable":true,"href":"https:\/\/www.festivalvedy.sk\/wp2\/wp-json\/wp\/v2\/comments?post=2701"}],"version-history":[{"count":1,"href":"https:\/\/www.festivalvedy.sk\/wp2\/wp-json\/wp\/v2\/posts\/2701\/revisions"}],"predecessor-version":[{"id":2702,"href":"https:\/\/www.festivalvedy.sk\/wp2\/wp-json\/wp\/v2\/posts\/2701\/revisions\/2702"}],"wp:attachment":[{"href":"https:\/\/www.festivalvedy.sk\/wp2\/wp-json\/wp\/v2\/media?parent=2701"}],"wp:term":[{"taxonomy":"category","embeddable":true,"href":"https:\/\/www.festivalvedy.sk\/wp2\/wp-json\/wp\/v2\/categories?post=2701"},{"taxonomy":"post_tag","embeddable":true,"href":"https:\/\/www.festivalvedy.sk\/wp2\/wp-json\/wp\/v2\/tags?post=2701"}],"curies":[{"name":"wp","href":"https:\/\/api.w.org\/{rel}","templated":true}]}}