{"id":2704,"date":"2021-05-25T09:38:01","date_gmt":"2021-05-25T07:38:01","guid":{"rendered":"https:\/\/www.festivalvedy.sk\/wp2\/?p=2704"},"modified":"2021-05-25T14:57:19","modified_gmt":"2021-05-25T12:57:19","slug":"amavet-na-regeneron-isef-2021-usa-2-miesto","status":"publish","type":"post","link":"https:\/\/www.festivalvedy.sk\/wp2\/amavet-na-regeneron-isef-2021-usa-2-miesto\/","title":{"rendered":"AMAVET na Regeneron ISEF 2021 USA \u2013 2. miesto"},"content":{"rendered":"\n<p><strong>Od 16. do 21. m\u00e1ja sa uskuto\u010dnila <a>z&nbsp;americk\u00e9ho Washington D.C.<\/a> <a>najprest\u00ed\u017enej\u0161ia projektov\u00e1 s\u00fa\u0165a\u017e stredo\u0161kol\u00e1kov Regeneron ISEF<\/a> (International Science and Engineering Fair). V&nbsp;tomto roku formou online. S\u00fa\u0165a\u017e sa konala do roku 2019 ka\u017edoro\u010dne prezen\u010dne s celkov\u00fdm po\u010dtom 1800 \u00fa\u010dastn\u00edkov z viac ako 70 \u0161t\u00e1tov sveta. V&nbsp;tomto roku sa s\u00fa\u0165a\u017ee Regeneron ISEF z\u00fa\u010dastnil op\u00e4\u0165 slovensk\u00fd <a>finalista Festivalu vedy a techniky AMAVET <\/a>\u2013 stredo\u0161kol\u00e1k Jakub G\u00e1l, ktor\u00fd z\u00edskal \u00fa\u017easn\u00e9 2. miesto!<\/strong><\/p>\n\n\n\n<p>Prest\u00ed\u017e s\u00fa\u0165a\u017ee spo\u010d\u00edva v poskytovan\u00ed odmien, ako napr\u00edklad \u0161tipendi\u00ed, \u0161peci\u00e1lnych pobytov a finan\u010dn\u00fdch ocenen\u00ed, v celkovej v\u00fd\u0161ke viac ako 5 mili\u00f3nov americk\u00fdch dol\u00e1rov. Prv\u00fd ro\u010dn\u00edk ISEF sa konal v roku 1950. Od roku 1997 do 2019 bol finan\u010dne podporovan\u00fd spolo\u010dnos\u0165ou Intel, od roku 2020 s\u00fa\u0165a\u017e podporuje spolo\u010dnos\u0165 Regeneron.<\/p>\n\n\n\n<p><strong>Pri vyhlasovan\u00ed Hlavn\u00fdch cien ISEF zaviala pomyselne v\u00a0online priestore aj slovensk\u00e1 vlajka. Jakub G\u00e1l v\u00a0kateg\u00f3rii Robotika a\u00a0inteligentn\u00e9 stroje z\u00edskal cenu 2 tis\u00edc dol\u00e1rov za druh\u00e9 miesto!<\/strong><\/p>\n\n\n\n<figure class=\"wp-block-embed is-type-video is-provider-youtube wp-block-embed-youtube wp-embed-aspect-16-9 wp-has-aspect-ratio\"><div class=\"wp-block-embed__wrapper\">\n<iframe loading=\"lazy\" title=\"Regeneron ISEF 2021 - Grand Awards Ceremony\" width=\"1170\" height=\"658\" src=\"https:\/\/www.youtube.com\/embed\/dfEt4vksSSU?feature=oembed\" frameborder=\"0\" allow=\"accelerometer; autoplay; clipboard-write; encrypted-media; gyroscope; picture-in-picture\" allowfullscreen><\/iframe>\n<\/div><\/figure>\n\n\n\n<p>\u00daspe\u0161n\u00ed \u017eiaci m\u00f4\u017eu z\u00edska\u0165 ocenenia bu\u010f v\u00a0r\u00e1mci \u0160peci\u00e1lnych cien alebo v\u00a0r\u00e1mci Hlavn\u00fdch cien podujatia. Organiz\u00e1cie USA z\u00a0oblasti \u0161t\u00e1tnej spr\u00e1vy, priemyslu a\u00a0vzdel\u00e1vania v\u00a0r\u00e1mci \u0161irok\u00e9ho spektra vedeck\u00fdch discipl\u00edn sa ka\u017edoro\u010dne sp\u00e1jaj\u00fa s\u00a0Regeneronom ISEF ako sponzori \u0160peci\u00e1lnej ceny, poskytuj\u00fac ocenenia, \u0161tipendijn\u00e9 st\u00e1\u017ee a\u00a0\u010fal\u0161ie ceny stovk\u00e1m finalistov spomedzi \u0161tudentov. <strong>Hlavn\u00e9 ceny ude\u013euje organiz\u00e1tor podujatia v\u00a0r\u00e1mci jednotliv\u00fdch vedn\u00fdch discipl\u00edn, kde tento rok v kateg\u00f3rii Robotika a\u00a0inteligentn\u00e9 stroje z\u00edskal \u00faspech aj Jakub G\u00e1l, finalista Festivalu vedy a techniky AMAVET 2020 a\u00a0\u017eiak Strednej priemyselnej \u0161koly strojn\u00edckej a\u00a0elektrotechnickej v\u00a0Nitre. Ako hodnot\u00ed svoje p\u00f4sobenie a\u00a0\u00faspech Jakub?<\/strong><\/p>\n\n\n\n<figure class=\"wp-block-gallery columns-3 is-cropped wp-block-gallery-1 is-layout-flex wp-block-gallery-is-layout-flex\"><ul class=\"blocks-gallery-grid\"><li class=\"blocks-gallery-item\"><figure><img loading=\"lazy\" decoding=\"async\" width=\"1024\" height=\"551\" src=\"https:\/\/www.festivalvedy.sk\/wp2\/wp-content\/uploads\/2021\/05\/Gal-projekt-1024x551.jpg\" alt=\"\" data-id=\"2708\" data-full-url=\"https:\/\/www.festivalvedy.sk\/wp2\/wp-content\/uploads\/2021\/05\/Gal-projekt.jpg\" data-link=\"https:\/\/www.festivalvedy.sk\/wp2\/amavet-na-regeneron-isef-2021-usa-2-miesto\/gal-projekt\/\" class=\"wp-image-2708\" srcset=\"https:\/\/www.festivalvedy.sk\/wp2\/wp-content\/uploads\/2021\/05\/Gal-projekt-1024x551.jpg 1024w, https:\/\/www.festivalvedy.sk\/wp2\/wp-content\/uploads\/2021\/05\/Gal-projekt-300x161.jpg 300w, https:\/\/www.festivalvedy.sk\/wp2\/wp-content\/uploads\/2021\/05\/Gal-projekt-768x413.jpg 768w, https:\/\/www.festivalvedy.sk\/wp2\/wp-content\/uploads\/2021\/05\/Gal-projekt-1536x826.jpg 1536w, https:\/\/www.festivalvedy.sk\/wp2\/wp-content\/uploads\/2021\/05\/Gal-projekt.jpg 1920w\" sizes=\"auto, (max-width: 1024px) 100vw, 1024px\" \/><\/figure><\/li><li class=\"blocks-gallery-item\"><figure><img loading=\"lazy\" decoding=\"async\" width=\"1024\" height=\"622\" src=\"https:\/\/www.festivalvedy.sk\/wp2\/wp-content\/uploads\/2021\/05\/Poster-JG-1024x622.jpg\" alt=\"\" data-id=\"2710\" data-full-url=\"https:\/\/www.festivalvedy.sk\/wp2\/wp-content\/uploads\/2021\/05\/Poster-JG-scaled.jpg\" data-link=\"https:\/\/www.festivalvedy.sk\/wp2\/amavet-na-regeneron-isef-2021-usa-2-miesto\/poster-jg\/\" class=\"wp-image-2710\" srcset=\"https:\/\/www.festivalvedy.sk\/wp2\/wp-content\/uploads\/2021\/05\/Poster-JG-1024x622.jpg 1024w, https:\/\/www.festivalvedy.sk\/wp2\/wp-content\/uploads\/2021\/05\/Poster-JG-300x182.jpg 300w, https:\/\/www.festivalvedy.sk\/wp2\/wp-content\/uploads\/2021\/05\/Poster-JG-768x466.jpg 768w, https:\/\/www.festivalvedy.sk\/wp2\/wp-content\/uploads\/2021\/05\/Poster-JG-1536x933.jpg 1536w, https:\/\/www.festivalvedy.sk\/wp2\/wp-content\/uploads\/2021\/05\/Poster-JG-2048x1243.jpg 2048w\" sizes=\"auto, (max-width: 1024px) 100vw, 1024px\" \/><\/figure><\/li><li class=\"blocks-gallery-item\"><figure><img loading=\"lazy\" decoding=\"async\" width=\"1024\" height=\"724\" src=\"https:\/\/www.festivalvedy.sk\/wp2\/wp-content\/uploads\/2021\/05\/Projekt-JG-1024x724.jpg\" alt=\"\" data-id=\"2711\" data-full-url=\"https:\/\/www.festivalvedy.sk\/wp2\/wp-content\/uploads\/2021\/05\/Projekt-JG-scaled.jpg\" data-link=\"https:\/\/www.festivalvedy.sk\/wp2\/amavet-na-regeneron-isef-2021-usa-2-miesto\/projekt-jg\/\" class=\"wp-image-2711\" srcset=\"https:\/\/www.festivalvedy.sk\/wp2\/wp-content\/uploads\/2021\/05\/Projekt-JG-1024x724.jpg 1024w, https:\/\/www.festivalvedy.sk\/wp2\/wp-content\/uploads\/2021\/05\/Projekt-JG-300x212.jpg 300w, https:\/\/www.festivalvedy.sk\/wp2\/wp-content\/uploads\/2021\/05\/Projekt-JG-768x543.jpg 768w, https:\/\/www.festivalvedy.sk\/wp2\/wp-content\/uploads\/2021\/05\/Projekt-JG-1536x1086.jpg 1536w, https:\/\/www.festivalvedy.sk\/wp2\/wp-content\/uploads\/2021\/05\/Projekt-JG-2048x1448.jpg 2048w\" sizes=\"auto, (max-width: 1024px) 100vw, 1024px\" \/><\/figure><\/li><\/ul><\/figure>\n\n\n\n<p><em>\u201eISEF je najv\u00e4\u010d\u0161ou a najprest\u00ed\u017enej\u0161ou s\u00fa\u0165a\u017eou stredo\u0161kol\u00e1kov na svete a naozaj sa to uk\u00e1zalo na jej priebehu. <strong>E\u0161te pred za\u010diatkom s\u00fa\u0165a\u017ee bolo potrebn\u00e9 vyplni\u0165 ve\u013ek\u00e9 mno\u017estvo tla\u010d\u00edv a nato\u010di\u0165 viacero vide\u00ed, \u010do bola pre m\u0148a osobne asi naj\u0165a\u017e\u0161ia a najstresuj\u00facej\u0161ia \u010das\u0165, ale nakoniec sa mi ju podarilo \u00faspe\u0161ne splni\u0165 a potom za\u010dala t\u00e1 z\u00e1bavnej\u0161ia \u010das\u0165.<\/strong> <strong>Prv\u00fd de\u0148 sme mali hodnotenia cez ZOOM, kde boli porotcovia, ktor\u00ed museli sp\u013a\u0148a\u0165 pr\u00edsne krit\u00e9ria ako napr\u00edklad to, \u017ee ka\u017ed\u00fd musel ma\u0165 PhD. a sk\u00fasenosti z praxe. <\/strong>Priebeh hodnoten\u00ed z\u00e1visel najm\u00e4 od dan\u00e9ho hodnotite\u013ea. Ke\u010f\u017ee v\u0161etky materi\u00e1ly k projektu dostali vopred, v\u00e4\u010d\u0161ina sa rozhodla kl\u00e1s\u0165 priamo ot\u00e1zky. Po hodnoteniach za\u010dal t\u00fd\u017ede\u0148 pln\u00fd aktiv\u00edt, ktor\u00e9 sa konali vo virtu\u00e1lnom priestore kde som mal mo\u017enos\u0165 stret\u00e1va\u0165 sa a komunikova\u0165 s ostatn\u00fdmi \u00fa\u010dastn\u00edkmi. K tomu dopom\u00e1hali aj r\u00f4zne akcie, ako bol napr\u00edklad PinExchange, kde si ka\u017ed\u00fd \u00fa\u010dastn\u00edk vytvoril vlastn\u00fd odznak, ktor\u00e9 sme si n\u00e1sledne medzi sebou vymie\u0148ali. <strong>Konali sa tu aj r\u00f4zne predn\u00e1\u0161ky a\u00a0diskusie, kde sme sa mohli z \u201co\u010d\u00ed do o\u010d\u00ed rozpr\u00e1va\u0165 \u201d s\u00a0\u013eu\u010fmi, ktor\u00ed s\u00fa najuzn\u00e1vanej\u0161\u00edmi svetov\u00fdmi expertmi vo svojej oblasti.<\/strong> Taktie\u017e sa po\u010das cel\u00e9ho festivalu konali aj prezent\u00e1cie vysok\u00fdch \u0161k\u00f4l ako napr\u00edklad MIT, Stanford, Caltech, Yale a mnoh\u00fdch \u010fal\u0161\u00edch, a prezent\u00e1cie r\u00f4znych organiz\u00e1ci\u00ed, ktor\u00e9 cel\u00fa s\u00fa\u0165a\u017e sponzorovali. Nakoniec bolo sl\u00e1vnostn\u00e9 odovzd\u00e1vanie cien, ke\u010f som sa ve\u013emi te\u0161il z druh\u00e9ho miesta v mojej kateg\u00f3ri\u00ed.\u201c<\/em><\/p>\n\n\n\n<figure class=\"wp-block-embed is-type-video is-provider-youtube wp-block-embed-youtube wp-embed-aspect-16-9 wp-has-aspect-ratio\"><div class=\"wp-block-embed__wrapper\">\n<iframe loading=\"lazy\" title=\"ISEF ROBO036\" width=\"1170\" height=\"658\" src=\"https:\/\/www.youtube.com\/embed\/6aQB4FLPs9k?feature=oembed\" frameborder=\"0\" allow=\"accelerometer; autoplay; clipboard-write; encrypted-media; gyroscope; picture-in-picture\" allowfullscreen><\/iframe>\n<\/div><\/figure>\n\n\n\n<p>Mlad\u00ed vedci sa virtu\u00e1lne z\u00fa\u010dastnili <a>od 16. do 21. m\u00e1ja <\/a>na podujat\u00ed, kde mali mo\u017enos\u0165 spoji\u0165 sa so svojimi rovesn\u00edkmi a&nbsp;l\u00eddrami v&nbsp;oblasti STEM. 1833 finalistov, reprezentuj\u00facich 49 \u0161t\u00e1tov a&nbsp;64 svetov\u00fdch kraj\u00edn mali \u0161ancu vyhra\u0165 ocenenia v hodnote a\u017e 5 mili\u00f3nov dol\u00e1rov. Najlep\u0161\u00ed a najbystrej\u0161\u00ed svetov\u00ed \u017eiaci sa stali finalistami v&nbsp;najv\u00e4\u010d\u0161ej svetovej medzin\u00e1rodnej s\u00fa\u0165a\u017ei pre stredo\u0161kol\u00e1kov \u2013 Regeneron ISEF 2021, ktor\u00fd organizuje Society for Science.<\/p>\n\n\n\n<p><strong><em>\u201eTohtoro\u010dn\u00ed finalisti Regeneronu ISEF nie s\u00fa len vedci, in\u017einieri a&nbsp;inov\u00e1tori, ale aj \u013eudia schopn\u00ed prinies\u0165 zmenu\u201c<\/em><\/strong> povedala Maya Ajmera, prezidentka a&nbsp;CEO Society for Science a&nbsp;vydavate\u013eka Science News. <strong><em>\u201eUprostred rozruchu pand\u00e9mie t\u00edto mlad\u00ed vedci rozoznali silu, ktor\u00fa veda a&nbsp;in\u017einierstvo m\u00e1 na to, aby rozp\u00fatala debatu a&nbsp;pozit\u00edvne ovplyvnila neustupuj\u00face glob\u00e1lne probl\u00e9my a&nbsp;my sme nad\u0161en\u00ed, \u017ee m\u00f4\u017eeme zdie\u013ea\u0165 ich nov\u00e9 n\u00e1pady z cel\u00e9ho sveta\u201c.<\/em><\/strong><\/p>\n\n\n\n<p><strong><em>\u201ePo\u010das roku, kedy mali \u013eudia z&nbsp;oblasti STEM vo svete \u00fa\u017easn\u00fd vplyv na zachra\u0148ovanie \u017eivotov, Regeneron je pocten\u00fd pr\u00edle\u017eitos\u0165ou spozna\u0165 a&nbsp;osl\u00e1vi\u0165 nov\u00fa gener\u00e1ciu talentov v&nbsp;STEM\u201c<\/em><\/strong> povedala Hala Mirza, viceprezidentka Korpor\u00e1tnych komunik\u00e1ci\u00ed a&nbsp;ob\u010dianstva v&nbsp;Regenerone. <strong><em>\u201eVirtu\u00e1lna prehliadka prezentuje pr\u00e1cu vynikaj\u00facich \u0161tudentov z&nbsp;cel\u00e9ho sveta a&nbsp;my v\u0161etk\u00fdch poz\u00fdvame nahliadnu\u0165 na bud\u00facnos\u0165 vedy a&nbsp;techniky\u201c.<\/em><\/strong><\/p>\n\n\n\n<p><strong>Slovensko bolo pri tom! V\u010faka Jakub G\u00e1l, v\u010faka AMAVET, \u017ee vytv\u00e1ra\u0161 priestor pre uplatnenie slovensk\u00e9ho umu vo svete.<\/strong><\/p>\n\n\n\n<p>J\u00e1n Nemec<\/p>\n","protected":false},"excerpt":{"rendered":"<p>Od 16. do 21. m\u00e1ja sa uskuto\u010dnila z&nbsp;americk\u00e9ho Washington D.C. najprest\u00ed\u017enej\u0161ia projektov\u00e1 s\u00fa\u0165a\u017e stredo\u0161kol\u00e1kov Regeneron ISEF (International Science and Engineering Fair). V&nbsp;tomto roku formou online. S\u00fa\u0165a\u017e sa konala do roku 2019 ka\u017edoro\u010dne prezen\u010dne s celkov\u00fdm po\u010dtom 1800 \u00fa\u010dastn\u00edkov z viac ako 70 \u0161t\u00e1tov sveta. V&nbsp;tomto roku sa s\u00fa\u0165a\u017ee Regeneron ISEF z\u00fa\u010dastnil op\u00e4\u0165 slovensk\u00fd finalista Festivalu [&hellip;]<\/p>\n","protected":false},"author":1,"featured_media":2705,"comment_status":"closed","ping_status":"closed","sticky":false,"template":"","format":"standard","meta":{"om_disable_all_campaigns":false,"_monsterinsights_skip_tracking":false,"_monsterinsights_sitenote_active":false,"_monsterinsights_sitenote_note":"","_monsterinsights_sitenote_category":0,"_uf_show_specific_survey":0,"_uf_disable_surveys":false,"footnotes":""},"categories":[33,32],"tags":[],"class_list":["post-2704","post","type-post","status-publish","format-standard","has-post-thumbnail","hentry","category-novinky","category-vitazi-v-zahranici"],"yoast_head":"<!-- This site is optimized with the Yoast SEO plugin v27.2 - https:\/\/yoast.com\/product\/yoast-seo-wordpress\/ -->\n<title>AMAVET na Regeneron ISEF 2021 USA \u2013 2. miesto - Festival vedy a techniky AMAVET<\/title>\n<meta name=\"robots\" content=\"index, follow, max-snippet:-1, max-image-preview:large, max-video-preview:-1\" \/>\n<link rel=\"canonical\" href=\"https:\/\/www.festivalvedy.sk\/wp2\/amavet-na-regeneron-isef-2021-usa-2-miesto\/\" \/>\n<meta property=\"og:locale\" content=\"sk_SK\" \/>\n<meta property=\"og:type\" content=\"article\" \/>\n<meta property=\"og:title\" content=\"AMAVET na Regeneron ISEF 2021 USA \u2013 2. miesto - Festival vedy a techniky AMAVET\" \/>\n<meta property=\"og:description\" content=\"Od 16. do 21. m\u00e1ja sa uskuto\u010dnila z&nbsp;americk\u00e9ho Washington D.C. najprest\u00ed\u017enej\u0161ia projektov\u00e1 s\u00fa\u0165a\u017e stredo\u0161kol\u00e1kov Regeneron ISEF (International Science and Engineering Fair). V&nbsp;tomto roku formou online. S\u00fa\u0165a\u017e sa konala do roku 2019 ka\u017edoro\u010dne prezen\u010dne s celkov\u00fdm po\u010dtom 1800 \u00fa\u010dastn\u00edkov z viac ako 70 \u0161t\u00e1tov sveta. V&nbsp;tomto roku sa s\u00fa\u0165a\u017ee Regeneron ISEF z\u00fa\u010dastnil op\u00e4\u0165 slovensk\u00fd finalista Festivalu [&hellip;]\" \/>\n<meta property=\"og:url\" content=\"https:\/\/www.festivalvedy.sk\/wp2\/amavet-na-regeneron-isef-2021-usa-2-miesto\/\" \/>\n<meta property=\"og:site_name\" content=\"Festival vedy a techniky AMAVET\" \/>\n<meta property=\"article:published_time\" content=\"2021-05-25T07:38:01+00:00\" \/>\n<meta property=\"article:modified_time\" content=\"2021-05-25T12:57:19+00:00\" \/>\n<meta property=\"og:image\" content=\"https:\/\/www.festivalvedy.sk\/wp2\/wp-content\/uploads\/2021\/05\/JG-vysledky-ISEF.jpg\" \/>\n\t<meta property=\"og:image:width\" content=\"1920\" \/>\n\t<meta property=\"og:image:height\" content=\"1080\" \/>\n\t<meta property=\"og:image:type\" content=\"image\/jpeg\" \/>\n<meta name=\"author\" content=\"Redakcia\" \/>\n<meta name=\"twitter:card\" content=\"summary_large_image\" \/>\n<meta name=\"twitter:label1\" content=\"Autor\" \/>\n\t<meta name=\"twitter:data1\" content=\"Redakcia\" \/>\n\t<meta name=\"twitter:label2\" content=\"Predpokladan\u00fd \u010das \u010d\u00edtania\" \/>\n\t<meta name=\"twitter:data2\" content=\"4 min\u00faty\" \/>\n<script type=\"application\/ld+json\" class=\"yoast-schema-graph\">{\"@context\":\"https:\/\/schema.org\",\"@graph\":[{\"@type\":\"Article\",\"@id\":\"https:\/\/www.festivalvedy.sk\/wp2\/amavet-na-regeneron-isef-2021-usa-2-miesto\/#article\",\"isPartOf\":{\"@id\":\"https:\/\/www.festivalvedy.sk\/wp2\/amavet-na-regeneron-isef-2021-usa-2-miesto\/\"},\"author\":{\"name\":\"Redakcia\",\"@id\":\"https:\/\/www.festivalvedy.sk\/wp2\/#\/schema\/person\/f6c2e17170a626260fe38db97ed0a1f5\"},\"headline\":\"AMAVET na Regeneron ISEF 2021 USA \u2013 2. miesto\",\"datePublished\":\"2021-05-25T07:38:01+00:00\",\"dateModified\":\"2021-05-25T12:57:19+00:00\",\"mainEntityOfPage\":{\"@id\":\"https:\/\/www.festivalvedy.sk\/wp2\/amavet-na-regeneron-isef-2021-usa-2-miesto\/\"},\"wordCount\":921,\"publisher\":{\"@id\":\"https:\/\/www.festivalvedy.sk\/wp2\/#organization\"},\"image\":{\"@id\":\"https:\/\/www.festivalvedy.sk\/wp2\/amavet-na-regeneron-isef-2021-usa-2-miesto\/#primaryimage\"},\"thumbnailUrl\":\"https:\/\/www.festivalvedy.sk\/wp2\/wp-content\/uploads\/2021\/05\/JG-vysledky-ISEF.jpg\",\"articleSection\":[\"Novinky\",\"Reprezentovali n\u00e1s\"],\"inLanguage\":\"sk-SK\"},{\"@type\":\"WebPage\",\"@id\":\"https:\/\/www.festivalvedy.sk\/wp2\/amavet-na-regeneron-isef-2021-usa-2-miesto\/\",\"url\":\"https:\/\/www.festivalvedy.sk\/wp2\/amavet-na-regeneron-isef-2021-usa-2-miesto\/\",\"name\":\"AMAVET na Regeneron ISEF 2021 USA \u2013 2. miesto - Festival vedy a techniky AMAVET\",\"isPartOf\":{\"@id\":\"https:\/\/www.festivalvedy.sk\/wp2\/#website\"},\"primaryImageOfPage\":{\"@id\":\"https:\/\/www.festivalvedy.sk\/wp2\/amavet-na-regeneron-isef-2021-usa-2-miesto\/#primaryimage\"},\"image\":{\"@id\":\"https:\/\/www.festivalvedy.sk\/wp2\/amavet-na-regeneron-isef-2021-usa-2-miesto\/#primaryimage\"},\"thumbnailUrl\":\"https:\/\/www.festivalvedy.sk\/wp2\/wp-content\/uploads\/2021\/05\/JG-vysledky-ISEF.jpg\",\"datePublished\":\"2021-05-25T07:38:01+00:00\",\"dateModified\":\"2021-05-25T12:57:19+00:00\",\"breadcrumb\":{\"@id\":\"https:\/\/www.festivalvedy.sk\/wp2\/amavet-na-regeneron-isef-2021-usa-2-miesto\/#breadcrumb\"},\"inLanguage\":\"sk-SK\",\"potentialAction\":[{\"@type\":\"ReadAction\",\"target\":[\"https:\/\/www.festivalvedy.sk\/wp2\/amavet-na-regeneron-isef-2021-usa-2-miesto\/\"]}]},{\"@type\":\"ImageObject\",\"inLanguage\":\"sk-SK\",\"@id\":\"https:\/\/www.festivalvedy.sk\/wp2\/amavet-na-regeneron-isef-2021-usa-2-miesto\/#primaryimage\",\"url\":\"https:\/\/www.festivalvedy.sk\/wp2\/wp-content\/uploads\/2021\/05\/JG-vysledky-ISEF.jpg\",\"contentUrl\":\"https:\/\/www.festivalvedy.sk\/wp2\/wp-content\/uploads\/2021\/05\/JG-vysledky-ISEF.jpg\",\"width\":1920,\"height\":1080},{\"@type\":\"BreadcrumbList\",\"@id\":\"https:\/\/www.festivalvedy.sk\/wp2\/amavet-na-regeneron-isef-2021-usa-2-miesto\/#breadcrumb\",\"itemListElement\":[{\"@type\":\"ListItem\",\"position\":1,\"name\":\"Home\",\"item\":\"https:\/\/www.festivalvedy.sk\/wp2\/\"},{\"@type\":\"ListItem\",\"position\":2,\"name\":\"AMAVET na Regeneron ISEF 2021 USA \u2013 2. miesto\"}]},{\"@type\":\"WebSite\",\"@id\":\"https:\/\/www.festivalvedy.sk\/wp2\/#website\",\"url\":\"https:\/\/www.festivalvedy.sk\/wp2\/\",\"name\":\"Festival vedy a techniky AMAVET\",\"description\":\"AMAVET - Asoci\u00e1cia pre ml\u00e1de\u017e, vedu a techniku\",\"publisher\":{\"@id\":\"https:\/\/www.festivalvedy.sk\/wp2\/#organization\"},\"potentialAction\":[{\"@type\":\"SearchAction\",\"target\":{\"@type\":\"EntryPoint\",\"urlTemplate\":\"https:\/\/www.festivalvedy.sk\/wp2\/?s={search_term_string}\"},\"query-input\":{\"@type\":\"PropertyValueSpecification\",\"valueRequired\":true,\"valueName\":\"search_term_string\"}}],\"inLanguage\":\"sk-SK\"},{\"@type\":\"Organization\",\"@id\":\"https:\/\/www.festivalvedy.sk\/wp2\/#organization\",\"name\":\"Festival vedy a techniky AMAVET\",\"url\":\"https:\/\/www.festivalvedy.sk\/wp2\/\",\"logo\":{\"@type\":\"ImageObject\",\"inLanguage\":\"sk-SK\",\"@id\":\"https:\/\/www.festivalvedy.sk\/wp2\/#\/schema\/logo\/image\/\",\"url\":\"https:\/\/www.festivalvedy.sk\/wp2\/wp-content\/uploads\/2022\/02\/cropped-fvat-ochranna-zona.png\",\"contentUrl\":\"https:\/\/www.festivalvedy.sk\/wp2\/wp-content\/uploads\/2022\/02\/cropped-fvat-ochranna-zona.png\",\"width\":1190,\"height\":357,\"caption\":\"Festival vedy a techniky AMAVET\"},\"image\":{\"@id\":\"https:\/\/www.festivalvedy.sk\/wp2\/#\/schema\/logo\/image\/\"}},{\"@type\":\"Person\",\"@id\":\"https:\/\/www.festivalvedy.sk\/wp2\/#\/schema\/person\/f6c2e17170a626260fe38db97ed0a1f5\",\"name\":\"Redakcia\",\"image\":{\"@type\":\"ImageObject\",\"inLanguage\":\"sk-SK\",\"@id\":\"https:\/\/secure.gravatar.com\/avatar\/2f7c312d560e25e8eb59b6b53cadd5dc16b39f25bac1c7d0a221dafd9c91fae9?s=96&d=mm&r=g\",\"url\":\"https:\/\/secure.gravatar.com\/avatar\/2f7c312d560e25e8eb59b6b53cadd5dc16b39f25bac1c7d0a221dafd9c91fae9?s=96&d=mm&r=g\",\"contentUrl\":\"https:\/\/secure.gravatar.com\/avatar\/2f7c312d560e25e8eb59b6b53cadd5dc16b39f25bac1c7d0a221dafd9c91fae9?s=96&d=mm&r=g\",\"caption\":\"Redakcia\"},\"url\":\"https:\/\/www.festivalvedy.sk\/wp2\/author\/fvatadmin\/\"}]}<\/script>\n<!-- \/ Yoast SEO plugin. -->","yoast_head_json":{"title":"AMAVET na Regeneron ISEF 2021 USA \u2013 2. miesto - Festival vedy a techniky AMAVET","robots":{"index":"index","follow":"follow","max-snippet":"max-snippet:-1","max-image-preview":"max-image-preview:large","max-video-preview":"max-video-preview:-1"},"canonical":"https:\/\/www.festivalvedy.sk\/wp2\/amavet-na-regeneron-isef-2021-usa-2-miesto\/","og_locale":"sk_SK","og_type":"article","og_title":"AMAVET na Regeneron ISEF 2021 USA \u2013 2. miesto - Festival vedy a techniky AMAVET","og_description":"Od 16. do 21. m\u00e1ja sa uskuto\u010dnila z&nbsp;americk\u00e9ho Washington D.C. najprest\u00ed\u017enej\u0161ia projektov\u00e1 s\u00fa\u0165a\u017e stredo\u0161kol\u00e1kov Regeneron ISEF (International Science and Engineering Fair). V&nbsp;tomto roku formou online. S\u00fa\u0165a\u017e sa konala do roku 2019 ka\u017edoro\u010dne prezen\u010dne s celkov\u00fdm po\u010dtom 1800 \u00fa\u010dastn\u00edkov z viac ako 70 \u0161t\u00e1tov sveta. V&nbsp;tomto roku sa s\u00fa\u0165a\u017ee Regeneron ISEF z\u00fa\u010dastnil op\u00e4\u0165 slovensk\u00fd finalista Festivalu [&hellip;]","og_url":"https:\/\/www.festivalvedy.sk\/wp2\/amavet-na-regeneron-isef-2021-usa-2-miesto\/","og_site_name":"Festival vedy a techniky AMAVET","article_published_time":"2021-05-25T07:38:01+00:00","article_modified_time":"2021-05-25T12:57:19+00:00","og_image":[{"width":1920,"height":1080,"url":"https:\/\/www.festivalvedy.sk\/wp2\/wp-content\/uploads\/2021\/05\/JG-vysledky-ISEF.jpg","type":"image\/jpeg"}],"author":"Redakcia","twitter_card":"summary_large_image","twitter_misc":{"Autor":"Redakcia","Predpokladan\u00fd \u010das \u010d\u00edtania":"4 min\u00faty"},"schema":{"@context":"https:\/\/schema.org","@graph":[{"@type":"Article","@id":"https:\/\/www.festivalvedy.sk\/wp2\/amavet-na-regeneron-isef-2021-usa-2-miesto\/#article","isPartOf":{"@id":"https:\/\/www.festivalvedy.sk\/wp2\/amavet-na-regeneron-isef-2021-usa-2-miesto\/"},"author":{"name":"Redakcia","@id":"https:\/\/www.festivalvedy.sk\/wp2\/#\/schema\/person\/f6c2e17170a626260fe38db97ed0a1f5"},"headline":"AMAVET na Regeneron ISEF 2021 USA \u2013 2. miesto","datePublished":"2021-05-25T07:38:01+00:00","dateModified":"2021-05-25T12:57:19+00:00","mainEntityOfPage":{"@id":"https:\/\/www.festivalvedy.sk\/wp2\/amavet-na-regeneron-isef-2021-usa-2-miesto\/"},"wordCount":921,"publisher":{"@id":"https:\/\/www.festivalvedy.sk\/wp2\/#organization"},"image":{"@id":"https:\/\/www.festivalvedy.sk\/wp2\/amavet-na-regeneron-isef-2021-usa-2-miesto\/#primaryimage"},"thumbnailUrl":"https:\/\/www.festivalvedy.sk\/wp2\/wp-content\/uploads\/2021\/05\/JG-vysledky-ISEF.jpg","articleSection":["Novinky","Reprezentovali n\u00e1s"],"inLanguage":"sk-SK"},{"@type":"WebPage","@id":"https:\/\/www.festivalvedy.sk\/wp2\/amavet-na-regeneron-isef-2021-usa-2-miesto\/","url":"https:\/\/www.festivalvedy.sk\/wp2\/amavet-na-regeneron-isef-2021-usa-2-miesto\/","name":"AMAVET na Regeneron ISEF 2021 USA \u2013 2. miesto - Festival vedy a techniky AMAVET","isPartOf":{"@id":"https:\/\/www.festivalvedy.sk\/wp2\/#website"},"primaryImageOfPage":{"@id":"https:\/\/www.festivalvedy.sk\/wp2\/amavet-na-regeneron-isef-2021-usa-2-miesto\/#primaryimage"},"image":{"@id":"https:\/\/www.festivalvedy.sk\/wp2\/amavet-na-regeneron-isef-2021-usa-2-miesto\/#primaryimage"},"thumbnailUrl":"https:\/\/www.festivalvedy.sk\/wp2\/wp-content\/uploads\/2021\/05\/JG-vysledky-ISEF.jpg","datePublished":"2021-05-25T07:38:01+00:00","dateModified":"2021-05-25T12:57:19+00:00","breadcrumb":{"@id":"https:\/\/www.festivalvedy.sk\/wp2\/amavet-na-regeneron-isef-2021-usa-2-miesto\/#breadcrumb"},"inLanguage":"sk-SK","potentialAction":[{"@type":"ReadAction","target":["https:\/\/www.festivalvedy.sk\/wp2\/amavet-na-regeneron-isef-2021-usa-2-miesto\/"]}]},{"@type":"ImageObject","inLanguage":"sk-SK","@id":"https:\/\/www.festivalvedy.sk\/wp2\/amavet-na-regeneron-isef-2021-usa-2-miesto\/#primaryimage","url":"https:\/\/www.festivalvedy.sk\/wp2\/wp-content\/uploads\/2021\/05\/JG-vysledky-ISEF.jpg","contentUrl":"https:\/\/www.festivalvedy.sk\/wp2\/wp-content\/uploads\/2021\/05\/JG-vysledky-ISEF.jpg","width":1920,"height":1080},{"@type":"BreadcrumbList","@id":"https:\/\/www.festivalvedy.sk\/wp2\/amavet-na-regeneron-isef-2021-usa-2-miesto\/#breadcrumb","itemListElement":[{"@type":"ListItem","position":1,"name":"Home","item":"https:\/\/www.festivalvedy.sk\/wp2\/"},{"@type":"ListItem","position":2,"name":"AMAVET na Regeneron ISEF 2021 USA \u2013 2. miesto"}]},{"@type":"WebSite","@id":"https:\/\/www.festivalvedy.sk\/wp2\/#website","url":"https:\/\/www.festivalvedy.sk\/wp2\/","name":"Festival vedy a techniky AMAVET","description":"AMAVET - Asoci\u00e1cia pre ml\u00e1de\u017e, vedu a techniku","publisher":{"@id":"https:\/\/www.festivalvedy.sk\/wp2\/#organization"},"potentialAction":[{"@type":"SearchAction","target":{"@type":"EntryPoint","urlTemplate":"https:\/\/www.festivalvedy.sk\/wp2\/?s={search_term_string}"},"query-input":{"@type":"PropertyValueSpecification","valueRequired":true,"valueName":"search_term_string"}}],"inLanguage":"sk-SK"},{"@type":"Organization","@id":"https:\/\/www.festivalvedy.sk\/wp2\/#organization","name":"Festival vedy a techniky AMAVET","url":"https:\/\/www.festivalvedy.sk\/wp2\/","logo":{"@type":"ImageObject","inLanguage":"sk-SK","@id":"https:\/\/www.festivalvedy.sk\/wp2\/#\/schema\/logo\/image\/","url":"https:\/\/www.festivalvedy.sk\/wp2\/wp-content\/uploads\/2022\/02\/cropped-fvat-ochranna-zona.png","contentUrl":"https:\/\/www.festivalvedy.sk\/wp2\/wp-content\/uploads\/2022\/02\/cropped-fvat-ochranna-zona.png","width":1190,"height":357,"caption":"Festival vedy a techniky AMAVET"},"image":{"@id":"https:\/\/www.festivalvedy.sk\/wp2\/#\/schema\/logo\/image\/"}},{"@type":"Person","@id":"https:\/\/www.festivalvedy.sk\/wp2\/#\/schema\/person\/f6c2e17170a626260fe38db97ed0a1f5","name":"Redakcia","image":{"@type":"ImageObject","inLanguage":"sk-SK","@id":"https:\/\/secure.gravatar.com\/avatar\/2f7c312d560e25e8eb59b6b53cadd5dc16b39f25bac1c7d0a221dafd9c91fae9?s=96&d=mm&r=g","url":"https:\/\/secure.gravatar.com\/avatar\/2f7c312d560e25e8eb59b6b53cadd5dc16b39f25bac1c7d0a221dafd9c91fae9?s=96&d=mm&r=g","contentUrl":"https:\/\/secure.gravatar.com\/avatar\/2f7c312d560e25e8eb59b6b53cadd5dc16b39f25bac1c7d0a221dafd9c91fae9?s=96&d=mm&r=g","caption":"Redakcia"},"url":"https:\/\/www.festivalvedy.sk\/wp2\/author\/fvatadmin\/"}]}},"_links":{"self":[{"href":"https:\/\/www.festivalvedy.sk\/wp2\/wp-json\/wp\/v2\/posts\/2704","targetHints":{"allow":["GET"]}}],"collection":[{"href":"https:\/\/www.festivalvedy.sk\/wp2\/wp-json\/wp\/v2\/posts"}],"about":[{"href":"https:\/\/www.festivalvedy.sk\/wp2\/wp-json\/wp\/v2\/types\/post"}],"author":[{"embeddable":true,"href":"https:\/\/www.festivalvedy.sk\/wp2\/wp-json\/wp\/v2\/users\/1"}],"replies":[{"embeddable":true,"href":"https:\/\/www.festivalvedy.sk\/wp2\/wp-json\/wp\/v2\/comments?post=2704"}],"version-history":[{"count":2,"href":"https:\/\/www.festivalvedy.sk\/wp2\/wp-json\/wp\/v2\/posts\/2704\/revisions"}],"predecessor-version":[{"id":2712,"href":"https:\/\/www.festivalvedy.sk\/wp2\/wp-json\/wp\/v2\/posts\/2704\/revisions\/2712"}],"wp:featuredmedia":[{"embeddable":true,"href":"https:\/\/www.festivalvedy.sk\/wp2\/wp-json\/wp\/v2\/media\/2705"}],"wp:attachment":[{"href":"https:\/\/www.festivalvedy.sk\/wp2\/wp-json\/wp\/v2\/media?parent=2704"}],"wp:term":[{"taxonomy":"category","embeddable":true,"href":"https:\/\/www.festivalvedy.sk\/wp2\/wp-json\/wp\/v2\/categories?post=2704"},{"taxonomy":"post_tag","embeddable":true,"href":"https:\/\/www.festivalvedy.sk\/wp2\/wp-json\/wp\/v2\/tags?post=2704"}],"curies":[{"name":"wp","href":"https:\/\/api.w.org\/{rel}","templated":true}]}}