{"id":2818,"date":"2021-09-21T14:56:10","date_gmt":"2021-09-21T12:56:10","guid":{"rendered":"https:\/\/www.festivalvedy.sk\/wp2\/?p=2818"},"modified":"2021-09-21T15:39:25","modified_gmt":"2021-09-21T13:39:25","slug":"na-32-rocniku-eucys-u-boli-uspesni-aj-slovaci","status":"publish","type":"post","link":"https:\/\/www.festivalvedy.sk\/wp2\/na-32-rocniku-eucys-u-boli-uspesni-aj-slovaci\/","title":{"rendered":"Na 32. ro\u010dn\u00edku EUCYS-u boli \u00faspe\u0161n\u00ed aj Slov\u00e1ci"},"content":{"rendered":"\n<p><em>(Bratislava, 20.09.2021)<\/em><\/p>\n\n\n\n<p class=\"has-text-align-left\"><strong>V&nbsp;nede\u013eu 19. septembra 2021 boli na sl\u00e1vnostnej cerem\u00f3nii v&nbsp;\u0161panielskej Univerzite na Salamance vyhl\u00e1sen\u00e9 najvy\u0161\u0161ie ocenenia mlad\u00fdch vedcov Eur\u00f3pskej \u00danie (EUCYS). Predch\u00e1dzala jej dvojd\u0148ov\u00e1 hybridn\u00e1 s\u00fa\u0165a\u017e, ktorej sa z\u00fa\u010dastnilo 158 n\u00e1dejn\u00fdch mlad\u00fdch vedcov vo veku od 14 do 20 rokov, poch\u00e1dzaj\u00facich z&nbsp;34 kraj\u00edn. Ke\u010f\u017ee sa minuloro\u010dn\u00e9 podujatie nemohlo kona\u0165 kv\u00f4li pand\u00e9mii, tento rok sa spojili s\u00fa\u0165a\u017eiaci z&nbsp;rokov 2020 a&nbsp;2021. <u>Vo ve\u013ekej konkurencii sa dok\u00e1zali presadi\u0165 aj reprezentanti AMAVET-u (Asoci\u00e1cia pre ml\u00e1de\u017e, vedu a&nbsp;techniku) a&nbsp;ceny putuj\u00fa aj na Slovensko.<\/u><\/strong><\/p>\n\n\n\n<p><strong><u>Mat\u00fa\u0161 Mlyn\u00e1r, ktor\u00fd sa umiestnil na tretej prie\u010dke<\/u><\/strong> s&nbsp;projektom <em>\u201eThe dynamic effect of oxytocin treatment on autistic-like behaviors in a genetic model of autism\u201c<\/em> z\u00edskal aj finan\u010dne ocenenie \u2013 3 500 eur.<\/p>\n\n\n\n<p><strong><u>\u0160peci\u00e1lnu cenu Eur\u00f3pskej vesm\u00edrnej agent\u00fary (ESA) z\u00edskal Miroslav Cibula<\/u><\/strong> s&nbsp;projektom <em>\u201eOmnis: Modular Question Answering Web Search Engine<\/em>\u201c. ESA pon\u00faka v\u00ed\u0165azovi str\u00e1vi\u0165 t\u00fd\u017ede\u0148 v jej hlavnom technickom centre ESTEC v&nbsp;Holandsku.<\/p>\n\n\n\n<figure class=\"wp-block-gallery columns-2 is-cropped wp-block-gallery-1 is-layout-flex wp-block-gallery-is-layout-flex\"><ul class=\"blocks-gallery-grid\"><li class=\"blocks-gallery-item\"><figure><img loading=\"lazy\" decoding=\"async\" width=\"1024\" height=\"576\" src=\"https:\/\/www.festivalvedy.sk\/wp2\/wp-content\/uploads\/2021\/09\/Matus_Mlynar-2-1024x576.png\" alt=\"\" data-id=\"2826\" data-full-url=\"https:\/\/www.festivalvedy.sk\/wp2\/wp-content\/uploads\/2021\/09\/Matus_Mlynar-2.png\" data-link=\"https:\/\/www.festivalvedy.sk\/wp2\/na-32-rocniku-eucys-u-boli-uspesni-aj-slovaci\/matus_mlynar-2\/\" class=\"wp-image-2826\" srcset=\"https:\/\/www.festivalvedy.sk\/wp2\/wp-content\/uploads\/2021\/09\/Matus_Mlynar-2-1024x576.png 1024w, https:\/\/www.festivalvedy.sk\/wp2\/wp-content\/uploads\/2021\/09\/Matus_Mlynar-2-300x169.png 300w, https:\/\/www.festivalvedy.sk\/wp2\/wp-content\/uploads\/2021\/09\/Matus_Mlynar-2-768x432.png 768w, https:\/\/www.festivalvedy.sk\/wp2\/wp-content\/uploads\/2021\/09\/Matus_Mlynar-2-1536x864.png 1536w, https:\/\/www.festivalvedy.sk\/wp2\/wp-content\/uploads\/2021\/09\/Matus_Mlynar-2.png 1920w\" sizes=\"auto, (max-width: 1024px) 100vw, 1024px\" \/><\/figure><\/li><li class=\"blocks-gallery-item\"><figure><img loading=\"lazy\" decoding=\"async\" width=\"1024\" height=\"576\" src=\"https:\/\/www.festivalvedy.sk\/wp2\/wp-content\/uploads\/2021\/09\/MiroslavCibula-1-1024x576.png\" alt=\"\" data-id=\"2827\" data-full-url=\"https:\/\/www.festivalvedy.sk\/wp2\/wp-content\/uploads\/2021\/09\/MiroslavCibula-1.png\" data-link=\"https:\/\/www.festivalvedy.sk\/wp2\/na-32-rocniku-eucys-u-boli-uspesni-aj-slovaci\/miroslavcibula-1\/\" class=\"wp-image-2827\" srcset=\"https:\/\/www.festivalvedy.sk\/wp2\/wp-content\/uploads\/2021\/09\/MiroslavCibula-1-1024x576.png 1024w, https:\/\/www.festivalvedy.sk\/wp2\/wp-content\/uploads\/2021\/09\/MiroslavCibula-1-300x169.png 300w, https:\/\/www.festivalvedy.sk\/wp2\/wp-content\/uploads\/2021\/09\/MiroslavCibula-1-768x432.png 768w, https:\/\/www.festivalvedy.sk\/wp2\/wp-content\/uploads\/2021\/09\/MiroslavCibula-1-1536x864.png 1536w, https:\/\/www.festivalvedy.sk\/wp2\/wp-content\/uploads\/2021\/09\/MiroslavCibula-1.png 1920w\" sizes=\"auto, (max-width: 1024px) 100vw, 1024px\" \/><\/figure><\/li><\/ul><\/figure>\n\n\n\n<p>Mariya Gabriel, komis\u00e1r pre inov\u00e1ciu, v\u00fdskum, kult\u00faru, eduk\u00e1ciu a&nbsp;ml\u00e1de\u017e, sa vyjadril k&nbsp;podujatiu: <em>\u201eGratulujem v\u0161etk\u00fdm tohtoro\u010dn\u00fdm v\u00ed\u0165azom za ich mimoriadne \u00faspechy. Minul\u00fd rok n\u00e1m uk\u00e1zal d\u00f4le\u017eitos\u0165 v\u00fdskumu a&nbsp;inov\u00e1cie pri prekon\u00e1van\u00ed kr\u00edzy, ktor\u00e1 sa n\u00e1s v\u0161etk\u00fdch dot\u00fdka. T\u00e1to s\u00fa\u0165a\u017e oslavuje nov\u00fa gener\u00e1ciu talentov, ktor\u00fdch objavy a&nbsp;inov\u00e1cie bud\u00fa z\u00e1sadn\u00e9 pri formovan\u00ed bud\u00facnosti, v&nbsp;ktorej chceme \u017ei\u0165. Som naozaj hrd\u00fd na vynikaj\u00face pr\u00e1ce mlad\u00fdch\u201c.<\/em><\/p>\n\n\n\n<p>A&nbsp;ak\u00e9 pocity za\u017e\u00edvali po prest\u00ed\u017enej eur\u00f3pskej s\u00fa\u0165a\u017ei mlad\u00fdch vedcov slovensk\u00ed reprezentanti AMAVET-u?<\/p>\n\n\n\n<p><strong>Mat\u00fa\u0161 Mlyn\u00e1r<\/strong>, (v\u00ed\u0165az FVAT AMAVET 2020, Gymn\u00e1zium Juraja Hronca Novohradsk\u00e1, Bratislava):<em> \u201eTretie miesto na s\u00fa\u0165a\u017ei EUCYS bolo pre m\u0148a ve\u013ek\u00fdm prekvapen\u00edm, rados\u0165ou a z\u00e1rove\u0148 obrovskou motiv\u00e1ciou pre moje \u010fal\u0161ie s\u00fastredenie sa na \u0161t\u00fadium a pokra\u010dovanie vo vedeckej pr\u00e1ci. Pr\u00edslovie \u201eCesta je cie\u013e\u201c plat\u00ed aj v mojom pr\u00edpade, av\u0161ak ver\u00edm, \u017ee moja \u201evedeck\u00e1 kari\u00e9ra\u201c je e\u0161te len na za\u010diatku a pr\u00e1ve v\u00fdhra od EU mi pom\u00f4\u017ee pri \u0161t\u00fadiu v zahrani\u010d\u00ed.<\/em><\/p>\n\n\n\n<p><em>Po\u010das cel\u00e9ho podujatia som mal mo\u017enos\u0165 na\u010derp\u00e1va\u0165 in\u0161pir\u00e1ciu, \u010di u\u017e priamou komunik\u00e1ciou s mojimi vedeck\u00fdmi kolegami, alebo sledovan\u00edm ich prezent\u00e1ci\u00ed. \u00daprimne ma prekvapili diskusie s&nbsp;porotou, ktor\u00e9 nenasledovali typick\u00fd form\u00e1t prezent\u00e1cie, ale dial\u00f3g, ktor\u00fd mnohokr\u00e1t presahoval t\u00e9mu, ktorej som sa venoval. Pr\u00e1ve v\u010faka t\u00fdmto rozhovorom som z\u00edskal cenn\u00e9 tipy, t\u00fdkaj\u00face sa napr\u00edklad bud\u00facnosti vedy alebo najperspekt\u00edvnej\u0161\u00edch \u0161tudijn\u00fdch odborov.<\/em><\/p>\n\n\n\n<p><em>Nie menej zauj\u00edmavou s\u00fa\u010das\u0165ou programu boli plen\u00e1rne diskusie s vedcami zaoberaj\u00facimi sa aktu\u00e1lnymi glob\u00e1lnymi v\u00fdzvami. EUCYS mi pomohol z\u00edska\u0165 kontakty, nov\u00e9 sk\u00fasenosti a interdisciplin\u00e1rny poh\u013ead na rozli\u010dn\u00e9 probl\u00e9my. Aj ke\u010f toto podujatie u\u017e skon\u010dilo, som r\u00e1d za komunitu \u013eud\u00ed, v ktorej som sa ocitol a ver\u00edm, \u017ee u\u017e \u010doskoro budeme spolo\u010dne \u010deli\u0165 v\u00fdzvam bud\u00facnosti. Probl\u00e9my \u013eudstva toti\u017e presahuj\u00fa hranice a medzin\u00e1rodn\u00e1 spolupr\u00e1ca je k\u013e\u00fa\u010dov\u00e1 a pr\u00e1ve EUCYS t\u00fato spolupr\u00e1cu posil\u0148uje.\u201c<\/em><\/p>\n\n\n\n<p>Pozri aj video a poster <a href=\"https:\/\/eucys2021.usal.es\/medicine-03-2021\/\">https:\/\/eucys2021.usal.es\/medicine-03-2021\/<\/a>.<\/p>\n\n\n\n<p><strong>Miroslav Cibula<\/strong>, (v\u00ed\u0165az FVAT AMAVET 2019, \u0160kola pre mimoriadne nadan\u00e9 deti a&nbsp;gymn\u00e1zium, Teplick\u00e1, Bratislava): <em>\u201e\u00da\u010das\u0165 na EUCYS-e bola pre m\u0148a unik\u00e1tnym a obohacuj\u00facim z\u00e1\u017eitkom. Ve\u013emi milo ma prekvapila hybridn\u00e1 forma s\u00fa\u0165a\u017ee, respekt\u00edve jej virtu\u00e1lna \u010das\u0165, ktor\u00e1 sa uskuto\u010d\u0148ovala v prepracovanom prostred\u00ed imituj\u00facom re\u00e1lnu v\u00fdstavn\u00fa halu, \u010do do ve\u013ekej miery navodzovalo pocit ako pri fyzickej \u00fa\u010dasti. Rovnako aj mo\u017enos\u0165 vo\u013ene sa pohybova\u0165 po v\u00fdstavisku a komunikova\u0165 so spolu s\u00fa\u0165a\u017eiacimi alebo porotcami, mi dalo pr\u00edle\u017eitos\u0165 zozn\u00e1mi\u0165 sa s r\u00f4znymi zauj\u00edmav\u00fdmi \u013eu\u010fmi a vidie\u0165 ich projekty. Bolo to na \u00faplne inej \u00farovni, ako keby sa s\u00fa\u0165a\u017e konala v tradi\u010dnej virtu\u00e1lnej forme niekde na Zoome. Mysl\u00edm, \u017ee konkurencia na s\u00fa\u0165a\u017ei bola zlo\u017een\u00e1 z ve\u013emi in\u0161pirat\u00edvnych \u013eud\u00ed, ktor\u00ed sa podujali ve\u013eakr\u00e1t rie\u0161i\u0165 s\u00fa\u010dasn\u00e9 rezonuj\u00face t\u00e9my typu pand\u00e9mia koronav\u00edrusu, glob\u00e1lne otep\u013eovanie, umel\u00e1 inteligencia, nanotechnol\u00f3gie alebo kvantov\u00e1 fyzika. EUCYS bol napokon aj vo v\u00e4\u010d\u0161ej miere na tieto t\u00e9my orientovan\u00fd a ve\u013emi sa mi p\u00e1\u010dili aj r\u00f4zne sprievodn\u00e9 podujatia, kde sa k t\u00fdmto t\u00e9mam vyjadrovali renomovan\u00ed vedci. \u010ci u\u017e to bola panelov\u00e1 diskusia r\u00f4znych odborn\u00edkov alebo rovno cel\u00e1 predn\u00e1\u0161ka laure\u00e1ta na Nobelov\u00fa cenu za fyziku. Prest\u00ed\u017e a pr\u00edslu\u0161nos\u0165 EUCYS-u k Eur\u00f3pskej \u00fanii sa odzrkadlili aj na cen\u00e1ch! \u010ci u\u017e to bolo 18 objemnej\u0161\u00edch hlavn\u00fdch pe\u0148a\u017en\u00fdch cien, mo\u017enos\u0165 nav\u0161t\u00edvi\u0165 mno\u017estvo v\u00fdskumn\u00fdch organiz\u00e1ci\u00ed po celej Eur\u00f3pe (napr\u00edklad CERN, ESA, ESO) alebo nomin\u00e1cia na \u010fal\u0161iu z prest\u00ed\u017enych eur\u00f3pskych projektov\u00fdch s\u00fa\u0165a\u017e\u00ed a f\u00f3r. Ja som za svoj projekt v oblasti po\u010d\u00edta\u010dov\u00fdch vied dostal mo\u017enos\u0165 str\u00e1vi\u0165 t\u00fd\u017ede\u0148 v Hlavnom technickom centre Eur\u00f3pskej vesm\u00edrnej agent\u00fary v Holandsku, ktor\u00e9 sa venuje v\u0161etk\u00e9mu od astron\u00f3mie cez planet\u00e1rnu, sol\u00e1rnu a fundament\u00e1lnu fyziku a\u017e po telekomunik\u00e1ciu, robotiku a vesm\u00edrne in\u017einierstvo. Mus\u00edm poveda\u0165, \u017ee cel\u00e1 s\u00e9ria vedeck\u00fdch s\u00fa\u0165a\u017e\u00ed, od\u0161tartovan\u00e1 \u00fa\u010das\u0165ou na Festivale vedy a techniky AMAVET, mi toho naozaj ve\u013ea dala, zozn\u00e1mila ma s mno\u017estvom \u0161pi\u010dkov\u00fdch \u013eu\u010f\u00ed a roz\u0161\u00edrila mi obzory a spektrum zru\u010dnost\u00ed, za \u010do som ve\u013emi v\u010fa\u010dn\u00fd AMAVET-u a odpor\u00fa\u010dam to mojim mlad\u0161\u00edm kolegom absolvova\u0165.\u201c<\/em><\/p>\n\n\n\n<p>\u0160tudenti prezentovali r\u00f4zne projekty pred medzin\u00e1rodnou porotou, skladaj\u00facou sa z&nbsp;renomovan\u00fdch vedcov, ktor\u00fdm predsedal Dr. Attila Borics z&nbsp;Ma\u010farskej akad\u00e9mie vied. V\u00ed\u0165azn\u00e9 projekty z\u00edskali spolu 93&nbsp;tis\u00edc eur vo finan\u010dn\u00fdch odmen\u00e1ch, a&nbsp;tie\u017e \u010fal\u0161ie ceny, ako napr\u00edklad n\u00e1v\u0161tevy do najinovat\u00edvnej\u0161\u00edch v\u00fdskumn\u00fdch organiz\u00e1ci\u00ed v&nbsp;Eur\u00f3pe.<\/p>\n\n\n\n<p>Obnova po pand\u00e9mii spolu so zelen\u00fdmi a&nbsp;digit\u00e1lnymi transform\u00e1ciami zv\u00fd\u0161ili v&nbsp;Eur\u00f3pe e\u0161te viac dopyt po vedeck\u00fdch, technologick\u00fdch, in\u017einierskych a&nbsp;matematick\u00fdch (STEM) zru\u010dnostiach. S\u00fa\u0165a\u017e si kladie za cie\u013e podpori\u0165 mlad\u00fdch \u013eud\u00ed \u0161tudova\u0165 v&nbsp;oblasti STEM a rozv\u00edja\u0165 si kari\u00e9ru vo vede.<\/p>\n\n\n\n<p>Vzh\u013eadom na bezpe\u010dnostn\u00e9 opatrenia, s\u00favisiace s&nbsp;pand\u00e9miou, sa \u0161tudenti z\u00fa\u010dastnili di\u0161tan\u010dne zo svojich domovov. \u0160peci\u00e1lny virtu\u00e1lny priestor bol nastaven\u00fd tak, aby mohli prezentova\u0165 svoje projekty a&nbsp;debatova\u0165 s&nbsp;porotou, \u010di spolu medzi sebou. Dvojd\u0148ov\u00e9 podujatie zah\u0155\u0148alo predn\u00e1\u0161ku Dr. Wiliama D. Phillipsa, v\u00ed\u0165aza Nobelovej ceny za fyziku v&nbsp;roku 1997 a&nbsp;\u010fal\u0161ie diskusie s&nbsp;v\u00fdznamn\u00fdmi vedcami o&nbsp;t\u00e9me v\u00fdziev, s&nbsp;ktor\u00fdmi sa v&nbsp;s\u00fa\u010dasnosti mlad\u00ed vedci stret\u00e1vaj\u00fa.<\/p>\n\n\n\n<p><strong>S\u00fa\u0165a\u017e mlad\u00fdch vedcov E\u00da (EUCYS) zalo\u017eila Eur\u00f3pska komisia v&nbsp;roku 1989, aby podnietila spolupr\u00e1cu medzi mlad\u00fdmi vedcami a&nbsp;dala im \u0161ancu necha\u0165 sa vies\u0165&nbsp;najprominentnej\u0161\u00edmi eur\u00f3pskymi v\u00fdskumn\u00edkmi.<\/strong> Po\u010det \u00fa\u010dastn\u00edkov nar\u00e1stol z&nbsp;53, z&nbsp;prvej s\u00fa\u0165a\u017ee v&nbsp;roku 1989, na priemerne 150 \u00fa\u010dastn\u00edkov ro\u010dne. \u010eal\u0161ie podujatie sa bude kona\u0165 v&nbsp;holandskom Leidene, ktor\u00e9 bude Eur\u00f3pskym mestom vedy v&nbsp;roku 2022.<\/p>\n\n\n\n<p>J\u00e1n Nemec<\/p>\n\n\n\n<figure class=\"wp-block-gallery columns-3 is-cropped wp-block-gallery-2 is-layout-flex wp-block-gallery-is-layout-flex\"><ul class=\"blocks-gallery-grid\"><li class=\"blocks-gallery-item\"><figure><img loading=\"lazy\" decoding=\"async\" width=\"1024\" height=\"576\" src=\"https:\/\/www.festivalvedy.sk\/wp2\/wp-content\/uploads\/2021\/09\/Projekt_Mlynar_Matus-1024x576.jpg\" alt=\"\" data-id=\"2822\" data-full-url=\"https:\/\/www.festivalvedy.sk\/wp2\/wp-content\/uploads\/2021\/09\/Projekt_Mlynar_Matus.jpg\" data-link=\"https:\/\/www.festivalvedy.sk\/wp2\/?attachment_id=2822\" class=\"wp-image-2822\" srcset=\"https:\/\/www.festivalvedy.sk\/wp2\/wp-content\/uploads\/2021\/09\/Projekt_Mlynar_Matus-1024x576.jpg 1024w, https:\/\/www.festivalvedy.sk\/wp2\/wp-content\/uploads\/2021\/09\/Projekt_Mlynar_Matus-300x169.jpg 300w, https:\/\/www.festivalvedy.sk\/wp2\/wp-content\/uploads\/2021\/09\/Projekt_Mlynar_Matus-768x432.jpg 768w, https:\/\/www.festivalvedy.sk\/wp2\/wp-content\/uploads\/2021\/09\/Projekt_Mlynar_Matus-1536x864.jpg 1536w, https:\/\/www.festivalvedy.sk\/wp2\/wp-content\/uploads\/2021\/09\/Projekt_Mlynar_Matus.jpg 1920w\" sizes=\"auto, (max-width: 1024px) 100vw, 1024px\" \/><\/figure><\/li><li class=\"blocks-gallery-item\"><figure><img loading=\"lazy\" decoding=\"async\" width=\"1024\" height=\"576\" src=\"https:\/\/www.festivalvedy.sk\/wp2\/wp-content\/uploads\/2021\/09\/Projekt_Cibula_Miroslav-1024x576.jpg\" alt=\"\" data-id=\"2821\" data-full-url=\"https:\/\/www.festivalvedy.sk\/wp2\/wp-content\/uploads\/2021\/09\/Projekt_Cibula_Miroslav.jpg\" data-link=\"https:\/\/www.festivalvedy.sk\/wp2\/?attachment_id=2821\" class=\"wp-image-2821\" srcset=\"https:\/\/www.festivalvedy.sk\/wp2\/wp-content\/uploads\/2021\/09\/Projekt_Cibula_Miroslav-1024x576.jpg 1024w, https:\/\/www.festivalvedy.sk\/wp2\/wp-content\/uploads\/2021\/09\/Projekt_Cibula_Miroslav-300x169.jpg 300w, https:\/\/www.festivalvedy.sk\/wp2\/wp-content\/uploads\/2021\/09\/Projekt_Cibula_Miroslav-768x432.jpg 768w, https:\/\/www.festivalvedy.sk\/wp2\/wp-content\/uploads\/2021\/09\/Projekt_Cibula_Miroslav-1536x864.jpg 1536w, https:\/\/www.festivalvedy.sk\/wp2\/wp-content\/uploads\/2021\/09\/Projekt_Cibula_Miroslav.jpg 1920w\" sizes=\"auto, (max-width: 1024px) 100vw, 1024px\" \/><\/figure><\/li><li class=\"blocks-gallery-item\"><figure><img loading=\"lazy\" decoding=\"async\" width=\"1024\" height=\"576\" src=\"https:\/\/www.festivalvedy.sk\/wp2\/wp-content\/uploads\/2021\/09\/Burdova_Laura-1024x576.jpg\" alt=\"\" data-id=\"2820\" data-full-url=\"https:\/\/www.festivalvedy.sk\/wp2\/wp-content\/uploads\/2021\/09\/Burdova_Laura.jpg\" data-link=\"https:\/\/www.festivalvedy.sk\/wp2\/?attachment_id=2820\" class=\"wp-image-2820\" srcset=\"https:\/\/www.festivalvedy.sk\/wp2\/wp-content\/uploads\/2021\/09\/Burdova_Laura-1024x576.jpg 1024w, https:\/\/www.festivalvedy.sk\/wp2\/wp-content\/uploads\/2021\/09\/Burdova_Laura-300x169.jpg 300w, https:\/\/www.festivalvedy.sk\/wp2\/wp-content\/uploads\/2021\/09\/Burdova_Laura-768x432.jpg 768w, https:\/\/www.festivalvedy.sk\/wp2\/wp-content\/uploads\/2021\/09\/Burdova_Laura-1536x864.jpg 1536w, https:\/\/www.festivalvedy.sk\/wp2\/wp-content\/uploads\/2021\/09\/Burdova_Laura.jpg 1920w\" sizes=\"auto, (max-width: 1024px) 100vw, 1024px\" \/><\/figure><\/li><\/ul><\/figure>\n","protected":false},"excerpt":{"rendered":"<p>(Bratislava, 20.09.2021) V&nbsp;nede\u013eu 19. septembra 2021 boli na sl\u00e1vnostnej cerem\u00f3nii v&nbsp;\u0161panielskej Univerzite na Salamance vyhl\u00e1sen\u00e9 najvy\u0161\u0161ie ocenenia mlad\u00fdch vedcov Eur\u00f3pskej \u00danie (EUCYS). Predch\u00e1dzala jej dvojd\u0148ov\u00e1 hybridn\u00e1 s\u00fa\u0165a\u017e, ktorej sa z\u00fa\u010dastnilo 158 n\u00e1dejn\u00fdch mlad\u00fdch vedcov vo veku od 14 do 20 rokov, poch\u00e1dzaj\u00facich z&nbsp;34 kraj\u00edn. Ke\u010f\u017ee sa minuloro\u010dn\u00e9 podujatie nemohlo kona\u0165 kv\u00f4li pand\u00e9mii, tento rok sa [&hellip;]<\/p>\n","protected":false},"author":1,"featured_media":2819,"comment_status":"closed","ping_status":"closed","sticky":false,"template":"","format":"standard","meta":{"om_disable_all_campaigns":false,"_monsterinsights_skip_tracking":false,"_monsterinsights_sitenote_active":false,"_monsterinsights_sitenote_note":"","_monsterinsights_sitenote_category":0,"_uf_show_specific_survey":0,"_uf_disable_surveys":false,"footnotes":""},"categories":[33,32],"tags":[],"class_list":["post-2818","post","type-post","status-publish","format-standard","has-post-thumbnail","hentry","category-novinky","category-vitazi-v-zahranici"],"yoast_head":"<!-- This site is optimized with the Yoast SEO plugin v27.2 - https:\/\/yoast.com\/product\/yoast-seo-wordpress\/ -->\n<title>Na 32. ro\u010dn\u00edku EUCYS-u boli \u00faspe\u0161n\u00ed aj Slov\u00e1ci - Festival vedy a techniky AMAVET<\/title>\n<meta name=\"robots\" content=\"index, follow, max-snippet:-1, max-image-preview:large, max-video-preview:-1\" \/>\n<link rel=\"canonical\" href=\"https:\/\/www.festivalvedy.sk\/wp2\/na-32-rocniku-eucys-u-boli-uspesni-aj-slovaci\/\" \/>\n<meta property=\"og:locale\" content=\"sk_SK\" \/>\n<meta property=\"og:type\" content=\"article\" \/>\n<meta property=\"og:title\" content=\"Na 32. ro\u010dn\u00edku EUCYS-u boli \u00faspe\u0161n\u00ed aj Slov\u00e1ci - Festival vedy a techniky AMAVET\" \/>\n<meta property=\"og:description\" content=\"(Bratislava, 20.09.2021) V&nbsp;nede\u013eu 19. septembra 2021 boli na sl\u00e1vnostnej cerem\u00f3nii v&nbsp;\u0161panielskej Univerzite na Salamance vyhl\u00e1sen\u00e9 najvy\u0161\u0161ie ocenenia mlad\u00fdch vedcov Eur\u00f3pskej \u00danie (EUCYS). Predch\u00e1dzala jej dvojd\u0148ov\u00e1 hybridn\u00e1 s\u00fa\u0165a\u017e, ktorej sa z\u00fa\u010dastnilo 158 n\u00e1dejn\u00fdch mlad\u00fdch vedcov vo veku od 14 do 20 rokov, poch\u00e1dzaj\u00facich z&nbsp;34 kraj\u00edn. Ke\u010f\u017ee sa minuloro\u010dn\u00e9 podujatie nemohlo kona\u0165 kv\u00f4li pand\u00e9mii, tento rok sa [&hellip;]\" \/>\n<meta property=\"og:url\" content=\"https:\/\/www.festivalvedy.sk\/wp2\/na-32-rocniku-eucys-u-boli-uspesni-aj-slovaci\/\" \/>\n<meta property=\"og:site_name\" content=\"Festival vedy a techniky AMAVET\" \/>\n<meta property=\"article:published_time\" content=\"2021-09-21T12:56:10+00:00\" \/>\n<meta property=\"article:modified_time\" content=\"2021-09-21T13:39:25+00:00\" \/>\n<meta property=\"og:image\" content=\"https:\/\/www.festivalvedy.sk\/wp2\/wp-content\/uploads\/2021\/09\/Matus_Mlynar-1024x576.png\" \/>\n\t<meta property=\"og:image:width\" content=\"1024\" \/>\n\t<meta property=\"og:image:height\" content=\"576\" \/>\n\t<meta property=\"og:image:type\" content=\"image\/png\" \/>\n<meta name=\"author\" content=\"Redakcia\" \/>\n<meta name=\"twitter:card\" content=\"summary_large_image\" \/>\n<meta name=\"twitter:label1\" content=\"Autor\" \/>\n\t<meta name=\"twitter:data1\" content=\"Redakcia\" \/>\n\t<meta name=\"twitter:label2\" content=\"Predpokladan\u00fd \u010das \u010d\u00edtania\" \/>\n\t<meta name=\"twitter:data2\" content=\"5 min\u00fat\" \/>\n<script type=\"application\/ld+json\" class=\"yoast-schema-graph\">{\"@context\":\"https:\/\/schema.org\",\"@graph\":[{\"@type\":\"Article\",\"@id\":\"https:\/\/www.festivalvedy.sk\/wp2\/na-32-rocniku-eucys-u-boli-uspesni-aj-slovaci\/#article\",\"isPartOf\":{\"@id\":\"https:\/\/www.festivalvedy.sk\/wp2\/na-32-rocniku-eucys-u-boli-uspesni-aj-slovaci\/\"},\"author\":{\"name\":\"Redakcia\",\"@id\":\"https:\/\/www.festivalvedy.sk\/wp2\/#\/schema\/person\/f6c2e17170a626260fe38db97ed0a1f5\"},\"headline\":\"Na 32. ro\u010dn\u00edku EUCYS-u boli \u00faspe\u0161n\u00ed aj Slov\u00e1ci\",\"datePublished\":\"2021-09-21T12:56:10+00:00\",\"dateModified\":\"2021-09-21T13:39:25+00:00\",\"mainEntityOfPage\":{\"@id\":\"https:\/\/www.festivalvedy.sk\/wp2\/na-32-rocniku-eucys-u-boli-uspesni-aj-slovaci\/\"},\"wordCount\":1352,\"publisher\":{\"@id\":\"https:\/\/www.festivalvedy.sk\/wp2\/#organization\"},\"image\":{\"@id\":\"https:\/\/www.festivalvedy.sk\/wp2\/na-32-rocniku-eucys-u-boli-uspesni-aj-slovaci\/#primaryimage\"},\"thumbnailUrl\":\"https:\/\/www.festivalvedy.sk\/wp2\/wp-content\/uploads\/2021\/09\/Matus_Mlynar.png\",\"articleSection\":[\"Novinky\",\"Reprezentovali n\u00e1s\"],\"inLanguage\":\"sk-SK\"},{\"@type\":\"WebPage\",\"@id\":\"https:\/\/www.festivalvedy.sk\/wp2\/na-32-rocniku-eucys-u-boli-uspesni-aj-slovaci\/\",\"url\":\"https:\/\/www.festivalvedy.sk\/wp2\/na-32-rocniku-eucys-u-boli-uspesni-aj-slovaci\/\",\"name\":\"Na 32. ro\u010dn\u00edku EUCYS-u boli \u00faspe\u0161n\u00ed aj Slov\u00e1ci - Festival vedy a techniky AMAVET\",\"isPartOf\":{\"@id\":\"https:\/\/www.festivalvedy.sk\/wp2\/#website\"},\"primaryImageOfPage\":{\"@id\":\"https:\/\/www.festivalvedy.sk\/wp2\/na-32-rocniku-eucys-u-boli-uspesni-aj-slovaci\/#primaryimage\"},\"image\":{\"@id\":\"https:\/\/www.festivalvedy.sk\/wp2\/na-32-rocniku-eucys-u-boli-uspesni-aj-slovaci\/#primaryimage\"},\"thumbnailUrl\":\"https:\/\/www.festivalvedy.sk\/wp2\/wp-content\/uploads\/2021\/09\/Matus_Mlynar.png\",\"datePublished\":\"2021-09-21T12:56:10+00:00\",\"dateModified\":\"2021-09-21T13:39:25+00:00\",\"breadcrumb\":{\"@id\":\"https:\/\/www.festivalvedy.sk\/wp2\/na-32-rocniku-eucys-u-boli-uspesni-aj-slovaci\/#breadcrumb\"},\"inLanguage\":\"sk-SK\",\"potentialAction\":[{\"@type\":\"ReadAction\",\"target\":[\"https:\/\/www.festivalvedy.sk\/wp2\/na-32-rocniku-eucys-u-boli-uspesni-aj-slovaci\/\"]}]},{\"@type\":\"ImageObject\",\"inLanguage\":\"sk-SK\",\"@id\":\"https:\/\/www.festivalvedy.sk\/wp2\/na-32-rocniku-eucys-u-boli-uspesni-aj-slovaci\/#primaryimage\",\"url\":\"https:\/\/www.festivalvedy.sk\/wp2\/wp-content\/uploads\/2021\/09\/Matus_Mlynar.png\",\"contentUrl\":\"https:\/\/www.festivalvedy.sk\/wp2\/wp-content\/uploads\/2021\/09\/Matus_Mlynar.png\",\"width\":1920,\"height\":1080},{\"@type\":\"BreadcrumbList\",\"@id\":\"https:\/\/www.festivalvedy.sk\/wp2\/na-32-rocniku-eucys-u-boli-uspesni-aj-slovaci\/#breadcrumb\",\"itemListElement\":[{\"@type\":\"ListItem\",\"position\":1,\"name\":\"Home\",\"item\":\"https:\/\/www.festivalvedy.sk\/wp2\/\"},{\"@type\":\"ListItem\",\"position\":2,\"name\":\"Na 32. ro\u010dn\u00edku EUCYS-u boli \u00faspe\u0161n\u00ed aj Slov\u00e1ci\"}]},{\"@type\":\"WebSite\",\"@id\":\"https:\/\/www.festivalvedy.sk\/wp2\/#website\",\"url\":\"https:\/\/www.festivalvedy.sk\/wp2\/\",\"name\":\"Festival vedy a techniky AMAVET\",\"description\":\"AMAVET - Asoci\u00e1cia pre ml\u00e1de\u017e, vedu a techniku\",\"publisher\":{\"@id\":\"https:\/\/www.festivalvedy.sk\/wp2\/#organization\"},\"potentialAction\":[{\"@type\":\"SearchAction\",\"target\":{\"@type\":\"EntryPoint\",\"urlTemplate\":\"https:\/\/www.festivalvedy.sk\/wp2\/?s={search_term_string}\"},\"query-input\":{\"@type\":\"PropertyValueSpecification\",\"valueRequired\":true,\"valueName\":\"search_term_string\"}}],\"inLanguage\":\"sk-SK\"},{\"@type\":\"Organization\",\"@id\":\"https:\/\/www.festivalvedy.sk\/wp2\/#organization\",\"name\":\"Festival vedy a techniky AMAVET\",\"url\":\"https:\/\/www.festivalvedy.sk\/wp2\/\",\"logo\":{\"@type\":\"ImageObject\",\"inLanguage\":\"sk-SK\",\"@id\":\"https:\/\/www.festivalvedy.sk\/wp2\/#\/schema\/logo\/image\/\",\"url\":\"https:\/\/www.festivalvedy.sk\/wp2\/wp-content\/uploads\/2022\/02\/cropped-fvat-ochranna-zona.png\",\"contentUrl\":\"https:\/\/www.festivalvedy.sk\/wp2\/wp-content\/uploads\/2022\/02\/cropped-fvat-ochranna-zona.png\",\"width\":1190,\"height\":357,\"caption\":\"Festival vedy a techniky AMAVET\"},\"image\":{\"@id\":\"https:\/\/www.festivalvedy.sk\/wp2\/#\/schema\/logo\/image\/\"}},{\"@type\":\"Person\",\"@id\":\"https:\/\/www.festivalvedy.sk\/wp2\/#\/schema\/person\/f6c2e17170a626260fe38db97ed0a1f5\",\"name\":\"Redakcia\",\"image\":{\"@type\":\"ImageObject\",\"inLanguage\":\"sk-SK\",\"@id\":\"https:\/\/secure.gravatar.com\/avatar\/2f7c312d560e25e8eb59b6b53cadd5dc16b39f25bac1c7d0a221dafd9c91fae9?s=96&d=mm&r=g\",\"url\":\"https:\/\/secure.gravatar.com\/avatar\/2f7c312d560e25e8eb59b6b53cadd5dc16b39f25bac1c7d0a221dafd9c91fae9?s=96&d=mm&r=g\",\"contentUrl\":\"https:\/\/secure.gravatar.com\/avatar\/2f7c312d560e25e8eb59b6b53cadd5dc16b39f25bac1c7d0a221dafd9c91fae9?s=96&d=mm&r=g\",\"caption\":\"Redakcia\"},\"url\":\"https:\/\/www.festivalvedy.sk\/wp2\/author\/fvatadmin\/\"}]}<\/script>\n<!-- \/ Yoast SEO plugin. -->","yoast_head_json":{"title":"Na 32. ro\u010dn\u00edku EUCYS-u boli \u00faspe\u0161n\u00ed aj Slov\u00e1ci - Festival vedy a techniky AMAVET","robots":{"index":"index","follow":"follow","max-snippet":"max-snippet:-1","max-image-preview":"max-image-preview:large","max-video-preview":"max-video-preview:-1"},"canonical":"https:\/\/www.festivalvedy.sk\/wp2\/na-32-rocniku-eucys-u-boli-uspesni-aj-slovaci\/","og_locale":"sk_SK","og_type":"article","og_title":"Na 32. ro\u010dn\u00edku EUCYS-u boli \u00faspe\u0161n\u00ed aj Slov\u00e1ci - Festival vedy a techniky AMAVET","og_description":"(Bratislava, 20.09.2021) V&nbsp;nede\u013eu 19. septembra 2021 boli na sl\u00e1vnostnej cerem\u00f3nii v&nbsp;\u0161panielskej Univerzite na Salamance vyhl\u00e1sen\u00e9 najvy\u0161\u0161ie ocenenia mlad\u00fdch vedcov Eur\u00f3pskej \u00danie (EUCYS). Predch\u00e1dzala jej dvojd\u0148ov\u00e1 hybridn\u00e1 s\u00fa\u0165a\u017e, ktorej sa z\u00fa\u010dastnilo 158 n\u00e1dejn\u00fdch mlad\u00fdch vedcov vo veku od 14 do 20 rokov, poch\u00e1dzaj\u00facich z&nbsp;34 kraj\u00edn. Ke\u010f\u017ee sa minuloro\u010dn\u00e9 podujatie nemohlo kona\u0165 kv\u00f4li pand\u00e9mii, tento rok sa [&hellip;]","og_url":"https:\/\/www.festivalvedy.sk\/wp2\/na-32-rocniku-eucys-u-boli-uspesni-aj-slovaci\/","og_site_name":"Festival vedy a techniky AMAVET","article_published_time":"2021-09-21T12:56:10+00:00","article_modified_time":"2021-09-21T13:39:25+00:00","og_image":[{"width":1024,"height":576,"url":"https:\/\/www.festivalvedy.sk\/wp2\/wp-content\/uploads\/2021\/09\/Matus_Mlynar-1024x576.png","type":"image\/png"}],"author":"Redakcia","twitter_card":"summary_large_image","twitter_misc":{"Autor":"Redakcia","Predpokladan\u00fd \u010das \u010d\u00edtania":"5 min\u00fat"},"schema":{"@context":"https:\/\/schema.org","@graph":[{"@type":"Article","@id":"https:\/\/www.festivalvedy.sk\/wp2\/na-32-rocniku-eucys-u-boli-uspesni-aj-slovaci\/#article","isPartOf":{"@id":"https:\/\/www.festivalvedy.sk\/wp2\/na-32-rocniku-eucys-u-boli-uspesni-aj-slovaci\/"},"author":{"name":"Redakcia","@id":"https:\/\/www.festivalvedy.sk\/wp2\/#\/schema\/person\/f6c2e17170a626260fe38db97ed0a1f5"},"headline":"Na 32. ro\u010dn\u00edku EUCYS-u boli \u00faspe\u0161n\u00ed aj Slov\u00e1ci","datePublished":"2021-09-21T12:56:10+00:00","dateModified":"2021-09-21T13:39:25+00:00","mainEntityOfPage":{"@id":"https:\/\/www.festivalvedy.sk\/wp2\/na-32-rocniku-eucys-u-boli-uspesni-aj-slovaci\/"},"wordCount":1352,"publisher":{"@id":"https:\/\/www.festivalvedy.sk\/wp2\/#organization"},"image":{"@id":"https:\/\/www.festivalvedy.sk\/wp2\/na-32-rocniku-eucys-u-boli-uspesni-aj-slovaci\/#primaryimage"},"thumbnailUrl":"https:\/\/www.festivalvedy.sk\/wp2\/wp-content\/uploads\/2021\/09\/Matus_Mlynar.png","articleSection":["Novinky","Reprezentovali n\u00e1s"],"inLanguage":"sk-SK"},{"@type":"WebPage","@id":"https:\/\/www.festivalvedy.sk\/wp2\/na-32-rocniku-eucys-u-boli-uspesni-aj-slovaci\/","url":"https:\/\/www.festivalvedy.sk\/wp2\/na-32-rocniku-eucys-u-boli-uspesni-aj-slovaci\/","name":"Na 32. ro\u010dn\u00edku EUCYS-u boli \u00faspe\u0161n\u00ed aj Slov\u00e1ci - Festival vedy a techniky AMAVET","isPartOf":{"@id":"https:\/\/www.festivalvedy.sk\/wp2\/#website"},"primaryImageOfPage":{"@id":"https:\/\/www.festivalvedy.sk\/wp2\/na-32-rocniku-eucys-u-boli-uspesni-aj-slovaci\/#primaryimage"},"image":{"@id":"https:\/\/www.festivalvedy.sk\/wp2\/na-32-rocniku-eucys-u-boli-uspesni-aj-slovaci\/#primaryimage"},"thumbnailUrl":"https:\/\/www.festivalvedy.sk\/wp2\/wp-content\/uploads\/2021\/09\/Matus_Mlynar.png","datePublished":"2021-09-21T12:56:10+00:00","dateModified":"2021-09-21T13:39:25+00:00","breadcrumb":{"@id":"https:\/\/www.festivalvedy.sk\/wp2\/na-32-rocniku-eucys-u-boli-uspesni-aj-slovaci\/#breadcrumb"},"inLanguage":"sk-SK","potentialAction":[{"@type":"ReadAction","target":["https:\/\/www.festivalvedy.sk\/wp2\/na-32-rocniku-eucys-u-boli-uspesni-aj-slovaci\/"]}]},{"@type":"ImageObject","inLanguage":"sk-SK","@id":"https:\/\/www.festivalvedy.sk\/wp2\/na-32-rocniku-eucys-u-boli-uspesni-aj-slovaci\/#primaryimage","url":"https:\/\/www.festivalvedy.sk\/wp2\/wp-content\/uploads\/2021\/09\/Matus_Mlynar.png","contentUrl":"https:\/\/www.festivalvedy.sk\/wp2\/wp-content\/uploads\/2021\/09\/Matus_Mlynar.png","width":1920,"height":1080},{"@type":"BreadcrumbList","@id":"https:\/\/www.festivalvedy.sk\/wp2\/na-32-rocniku-eucys-u-boli-uspesni-aj-slovaci\/#breadcrumb","itemListElement":[{"@type":"ListItem","position":1,"name":"Home","item":"https:\/\/www.festivalvedy.sk\/wp2\/"},{"@type":"ListItem","position":2,"name":"Na 32. ro\u010dn\u00edku EUCYS-u boli \u00faspe\u0161n\u00ed aj Slov\u00e1ci"}]},{"@type":"WebSite","@id":"https:\/\/www.festivalvedy.sk\/wp2\/#website","url":"https:\/\/www.festivalvedy.sk\/wp2\/","name":"Festival vedy a techniky AMAVET","description":"AMAVET - Asoci\u00e1cia pre ml\u00e1de\u017e, vedu a techniku","publisher":{"@id":"https:\/\/www.festivalvedy.sk\/wp2\/#organization"},"potentialAction":[{"@type":"SearchAction","target":{"@type":"EntryPoint","urlTemplate":"https:\/\/www.festivalvedy.sk\/wp2\/?s={search_term_string}"},"query-input":{"@type":"PropertyValueSpecification","valueRequired":true,"valueName":"search_term_string"}}],"inLanguage":"sk-SK"},{"@type":"Organization","@id":"https:\/\/www.festivalvedy.sk\/wp2\/#organization","name":"Festival vedy a techniky AMAVET","url":"https:\/\/www.festivalvedy.sk\/wp2\/","logo":{"@type":"ImageObject","inLanguage":"sk-SK","@id":"https:\/\/www.festivalvedy.sk\/wp2\/#\/schema\/logo\/image\/","url":"https:\/\/www.festivalvedy.sk\/wp2\/wp-content\/uploads\/2022\/02\/cropped-fvat-ochranna-zona.png","contentUrl":"https:\/\/www.festivalvedy.sk\/wp2\/wp-content\/uploads\/2022\/02\/cropped-fvat-ochranna-zona.png","width":1190,"height":357,"caption":"Festival vedy a techniky AMAVET"},"image":{"@id":"https:\/\/www.festivalvedy.sk\/wp2\/#\/schema\/logo\/image\/"}},{"@type":"Person","@id":"https:\/\/www.festivalvedy.sk\/wp2\/#\/schema\/person\/f6c2e17170a626260fe38db97ed0a1f5","name":"Redakcia","image":{"@type":"ImageObject","inLanguage":"sk-SK","@id":"https:\/\/secure.gravatar.com\/avatar\/2f7c312d560e25e8eb59b6b53cadd5dc16b39f25bac1c7d0a221dafd9c91fae9?s=96&d=mm&r=g","url":"https:\/\/secure.gravatar.com\/avatar\/2f7c312d560e25e8eb59b6b53cadd5dc16b39f25bac1c7d0a221dafd9c91fae9?s=96&d=mm&r=g","contentUrl":"https:\/\/secure.gravatar.com\/avatar\/2f7c312d560e25e8eb59b6b53cadd5dc16b39f25bac1c7d0a221dafd9c91fae9?s=96&d=mm&r=g","caption":"Redakcia"},"url":"https:\/\/www.festivalvedy.sk\/wp2\/author\/fvatadmin\/"}]}},"_links":{"self":[{"href":"https:\/\/www.festivalvedy.sk\/wp2\/wp-json\/wp\/v2\/posts\/2818","targetHints":{"allow":["GET"]}}],"collection":[{"href":"https:\/\/www.festivalvedy.sk\/wp2\/wp-json\/wp\/v2\/posts"}],"about":[{"href":"https:\/\/www.festivalvedy.sk\/wp2\/wp-json\/wp\/v2\/types\/post"}],"author":[{"embeddable":true,"href":"https:\/\/www.festivalvedy.sk\/wp2\/wp-json\/wp\/v2\/users\/1"}],"replies":[{"embeddable":true,"href":"https:\/\/www.festivalvedy.sk\/wp2\/wp-json\/wp\/v2\/comments?post=2818"}],"version-history":[{"count":2,"href":"https:\/\/www.festivalvedy.sk\/wp2\/wp-json\/wp\/v2\/posts\/2818\/revisions"}],"predecessor-version":[{"id":2829,"href":"https:\/\/www.festivalvedy.sk\/wp2\/wp-json\/wp\/v2\/posts\/2818\/revisions\/2829"}],"wp:featuredmedia":[{"embeddable":true,"href":"https:\/\/www.festivalvedy.sk\/wp2\/wp-json\/wp\/v2\/media\/2819"}],"wp:attachment":[{"href":"https:\/\/www.festivalvedy.sk\/wp2\/wp-json\/wp\/v2\/media?parent=2818"}],"wp:term":[{"taxonomy":"category","embeddable":true,"href":"https:\/\/www.festivalvedy.sk\/wp2\/wp-json\/wp\/v2\/categories?post=2818"},{"taxonomy":"post_tag","embeddable":true,"href":"https:\/\/www.festivalvedy.sk\/wp2\/wp-json\/wp\/v2\/tags?post=2818"}],"curies":[{"name":"wp","href":"https:\/\/api.w.org\/{rel}","templated":true}]}}