{"id":3262,"date":"2022-09-19T16:01:51","date_gmt":"2022-09-19T14:01:51","guid":{"rendered":"https:\/\/www.festivalvedy.sk\/wp2\/?p=3262"},"modified":"2022-09-19T16:08:10","modified_gmt":"2022-09-19T14:08:10","slug":"amavet-opat-medzi-najlepsimi-v-europskej-sutazi-mladych-vedcov","status":"publish","type":"post","link":"https:\/\/www.festivalvedy.sk\/wp2\/amavet-opat-medzi-najlepsimi-v-europskej-sutazi-mladych-vedcov\/","title":{"rendered":"AMAVET op\u00e4\u0165 medzi najlep\u0161\u00edmi v\u00a0Eur\u00f3pskej s\u00fa\u0165a\u017ei mlad\u00fdch vedcov"},"content":{"rendered":"<section class=\"kc-elm kc-css-203948 kc_row\"><div class=\"kc-row-container  kc-container\"><div class=\"kc-wrap-columns\"><div class=\"kc-elm kc-css-824586 kc_col-sm-12 kc_column kc_col-sm-12\"><div class=\"kc-col-container\"><div class=\"kc-elm kc-css-927277 kc_text_block\"><\/p>\n<p class=\"MsoNormal\"><b><span style=\"font-size: 14.0pt; line-height: 107%; mso-ascii-font-family: Calibri; mso-fareast-font-family: Calibri; mso-hansi-font-family: Calibri; mso-bidi-font-family: Arial;\">Na 33. ro\u010dn\u00edku EUCYS-u boli \u00faspe\u0161n\u00ed aj Slov\u00e1ci \u2013 druh\u00e9 miesto a\u00a0\u0161peci\u00e1lna cena CNIC<\/span><\/b><\/p>\n<p class=\"MsoNormal\"><b><span style=\"font-size: 12.0pt; line-height: 107%;\">S\u00fa\u0165a\u017e mlad\u00fdch vedcov E\u00da (EUCYS &#8211; EU Contest for Young Scientists) zalo\u017eila Eur\u00f3pska komisia v\u00a0roku 1989, aby podnietila spolupr\u00e1cu medzi mlad\u00fdmi vedcami a\u00a0dala im \u0161ancu necha\u0165 sa vies\u0165\u00a0najprominentnej\u0161\u00edmi eur\u00f3pskymi v\u00fdskumn\u00edkmi.<\/span><\/b><span style=\"font-size: 12.0pt; line-height: 107%;\"> Po\u010det \u00fa\u010dastn\u00edkov nar\u00e1stol z\u00a053, z\u00a0prvej s\u00fa\u0165a\u017ee v\u00a0roku 1989, na priemerne 150 \u00fa\u010dastn\u00edkov ro\u010dne. V\u00a0tomto roku (14. \u2013 18. septembra) sa konala s\u00fa\u0165a\u017e mlad\u00fdch vedcov v\u00a0holandskom Leidene, ktor\u00e9 je pre tento rok aj Eur\u00f3pskym mestom vedy. 132 \u00fa\u010dastn\u00edkov z 33 kraj\u00edn prezentovalo 85 projektov, s\u00a0ktor\u00fdmi vyhrali predkolo EUCYS 2022. <b>Na Slovensku bol predkolom u\u017e 24. ro\u010dn\u00edk Festivalu vedy a\u00a0techniky AMAVET 2021 (FVAT), z\u00a0ktor\u00e9ho post\u00fapili na eur\u00f3pske fin\u00e1le do Holandska Lucia Cengelov\u00e1 a Jakub G\u00e1l. Reprezentovali Slovensko a\u00a0Asoci\u00e1ciu pre ml\u00e1de\u017e, vedu a\u00a0techniku (AMAVET) ve\u013emi \u00faspe\u0161ne!<\/b><\/span><\/p>\n<p class=\"MsoNormal\"><b><span style=\"font-size: 12.0pt; line-height: 107%;\">Jakub G\u00e1l<\/span><\/b><span style=\"font-size: 12.0pt; line-height: 107%;\"> s\u00a0projektom Efekt\u00edvna kamera s akceler\u00e1torom n\u00e1sobenia tenzorov a optimalizovanou architekt\u00farou konvolu\u010dnej neur\u00f3novej siete <b>sa umiestnil na 2. mieste, za ktor\u00e9 z\u00edskal aj finan\u010dn\u00fa odmenu 5 tis\u00edc eur!<\/b><\/span><\/p>\n<p><img loading=\"lazy\" decoding=\"async\" class=\"alignnone size-thumbnail\" src=\"https:\/\/www.festivalvedy.sk\/wp2\/wp-content\/uploads\/2022\/09\/Gal_1.jpeg\" alt=\"Jakub Gal\" width=\"768\" height=\"1024\" \/><\/p>\n<p class=\"MsoNormal\"><b><span style=\"font-size: 12.0pt; line-height: 107%;\">Lucia Cengelov\u00e1 s\u00a0projektom V\u00fdpo\u010dtov\u00fd dizajn a experiment\u00e1lna kon\u0161trukcia stabiln\u00fdch enz\u00fdmov z\u00edskala \u0161peci\u00e1lnu Cenu CNIC.<\/span><\/b><span style=\"font-size: 12.0pt; line-height: 107%;\"> Ide o trojd\u0148ov\u00fd pobyt v\u00a0CNIC &#8211; N\u00e1rodnom centre pre kardiovaskul\u00e1rny v\u00fdskum v\u00a0\u0160panielsku. Po\u010das pobytu sa v\u00ed\u0165az dozvie o projektoch Centra priamo od v\u00fdskumn\u00edkov CNIC. Dozvie sa o\u00a0infra\u0161trukt\u00fare a technol\u00f3gi\u00e1ch, ktor\u00e9 s\u00fa k dispoz\u00edcii na rie\u0161enie v\u00fdskumu kardiovaskul\u00e1rnych probl\u00e9mov.<\/span><\/p>\n<p><img loading=\"lazy\" decoding=\"async\" class=\"alignnone size-thumbnail\" src=\"https:\/\/www.festivalvedy.sk\/wp2\/wp-content\/uploads\/2022\/09\/Cengelova_2.jpeg\" alt=\"\" width=\"768\" height=\"1024\" \/><\/p>\n<p class=\"MsoNormal\"><b><span style=\"font-size: 12.0pt; line-height: 107%;\">\u010co je podstatou \u00faspe\u0161n\u00e9ho eur\u00f3pskeho projektu mlad\u00e9ho Slov\u00e1ka Jakuba G\u00e1la? <\/span><\/b><i><span style=\"font-size: 12.0pt; line-height: 107%;\">\u201eN\u00e1\u0161 v\u00fdskum za\u010dal ako syst\u00e9m videnia pre s\u00fa\u0165a\u017en\u00e9ho robota RoboCup. Tam sme \u010delili mnoh\u00fdm probl\u00e9mom v re\u00e1lnom \u017eivote, ako napr\u00edklad vytvorenie robustn\u00e9ho a vysokor\u00fdchlostn\u00e9ho syst\u00e9mu, ktor\u00fd by bol tie\u017e energeticky efekt\u00edvny. Vyvinuli sme vlastn\u00fa architekt\u00faru a skon\u0161truovali kompaktn\u00fa kameru schopn\u00fa spusti\u0165 opera\u010dn\u00fd syst\u00e9m umo\u017e\u0148uj\u00faci r\u00fdchle spracovanie obrazu s v\u00fdbornou konektivitou. V\u00fdsledkom na\u0161ej pr\u00e1ce je plne paraleln\u00e1 anal\u00f3gov\u00e1 kamera z komponentov s implement\u00e1ciou anal\u00f3govej neur\u00f3novej siete pre po\u010d\u00edta\u010dov\u00e9 videnie, ktor\u00e1 je n\u00edzko-n\u00e1kladov\u00e1 a plne vo\u013ene \u0161\u00edrite\u013en\u00e1 (opensource). Siln\u00fdm podnetom na moju pr\u00e1cu bola aj s\u00fa\u0165a\u017e FVAT AMAVET 2021, z\u00a0ktorej som post\u00fapil a mohol som svoje v\u00fdsledky konfrontova\u0165 na celoeur\u00f3pskej s\u00fa\u0165a\u017ei.\u201c<\/span><\/i><\/p>\n<p class=\"MsoNormal\"><b><span style=\"font-size: 12.0pt; line-height: 107%;\">V\u00a0tomto roku mlad\u00ed ved\u00e1tori na Slovensku, \u017eiaci II. stup\u0148a z\u00e1kladn\u00fdch \u0161k\u00f4l a\u00a0\u017eiaci stredn\u00fdch \u0161k\u00f4l, m\u00f4\u017eu svoje projekty prihlasova\u0165 do 5. okt\u00f3bra 2022 na 25. ro\u010dn\u00edk Festivalu vedy a\u00a0techniky AMAVET \u2013 n\u00e1rodn\u00e9ho kola EUCYS na Slovensku.<\/span><\/b><\/p>\n<p class=\"MsoNormal\"><a href=\"http:\/\/www.festivalvedy.sk\"><span style=\"font-size: 12.0pt; line-height: 107%;\">N\u00e1rodn\u00e9 kolo EUCYS na Slovensku &#8211; Festivalu vedy a\u00a0techniky AMAVET<\/span><\/a> <a href=\"http:\/\/www.festivalvedy.sk\"><span style=\"font-size: 12.0pt; line-height: 107%;\">www.festivalvedy.sk<\/span><\/a><\/p>\n<p class=\"MsoNormal\"><a href=\"https:\/\/eucysleiden2022.eu\/optimized-cnn-implemented-on-tpu-camera-on-autonomous-robot-and-open-source-analogue-neural-network-accelerator-with-a-parallel-pipeline\/\"><span style=\"font-size: 12.0pt; line-height: 107%;\">V\u00ed\u0165azn\u00fd projekt Jakuba G\u00e1la<\/span><\/a><\/p>\n<p class=\"MsoNormal\"><a href=\"https:\/\/eucysleiden2022.eu\/computational-design-and-experimental-construction-of-stable-enzymes\/\"><span style=\"font-size: 12.0pt; line-height: 107%;\">Ocenen\u00fd projekt Lucie Cengelovej<\/span><\/a><\/p>\n<p class=\"MsoNormal\" style=\"text-align: justify;\"><b><span style=\"font-size: 12.0pt; line-height: 107%;\">V\u00fdznamn\u00fdmi Partnermi FVAT okrem slovensk\u00fdch univerz\u00edt a SAV s\u00fa SEPS, Nad\u00e1cia Allianz a Hlavn\u00e9 mesto SR &#8211; Bratislava. <\/span><\/b><\/p>\n<p>\n<\/div><\/div><\/div><\/div><\/div><\/section>\n","protected":false},"excerpt":{"rendered":"","protected":false},"author":1,"featured_media":3264,"comment_status":"closed","ping_status":"closed","sticky":false,"template":"","format":"standard","meta":{"om_disable_all_campaigns":false,"_monsterinsights_skip_tracking":false,"_monsterinsights_sitenote_active":false,"_monsterinsights_sitenote_note":"","_monsterinsights_sitenote_category":0,"_uf_show_specific_survey":0,"_uf_disable_surveys":false,"footnotes":""},"categories":[33,32],"tags":[],"class_list":["post-3262","post","type-post","status-publish","format-standard","has-post-thumbnail","hentry","category-novinky","category-vitazi-v-zahranici"],"yoast_head":"<!-- This site is optimized with the Yoast SEO plugin v27.2 - https:\/\/yoast.com\/product\/yoast-seo-wordpress\/ -->\n<title>AMAVET op\u00e4\u0165 medzi najlep\u0161\u00edmi v\u00a0Eur\u00f3pskej s\u00fa\u0165a\u017ei mlad\u00fdch vedcov - Festival vedy a techniky AMAVET<\/title>\n<meta name=\"robots\" content=\"index, follow, max-snippet:-1, max-image-preview:large, max-video-preview:-1\" \/>\n<link rel=\"canonical\" href=\"https:\/\/www.festivalvedy.sk\/wp2\/amavet-opat-medzi-najlepsimi-v-europskej-sutazi-mladych-vedcov\/\" \/>\n<meta property=\"og:locale\" content=\"sk_SK\" \/>\n<meta property=\"og:type\" content=\"article\" \/>\n<meta property=\"og:title\" content=\"AMAVET op\u00e4\u0165 medzi najlep\u0161\u00edmi v\u00a0Eur\u00f3pskej s\u00fa\u0165a\u017ei mlad\u00fdch vedcov - Festival vedy a techniky AMAVET\" \/>\n<meta property=\"og:description\" content=\"Na 33. ro\u010dn\u00edku EUCYS-u boli \u00faspe\u0161n\u00ed aj Slov\u00e1ci \u2013 druh\u00e9 miesto a\u00a0\u0161peci\u00e1lna cena CNIC S\u00fa\u0165a\u017e mlad\u00fdch vedcov E\u00da (EUCYS &#8211; EU Contest for Young Scientists) zalo\u017eila Eur\u00f3pska komisia v\u00a0roku 1989, aby podnietila spolupr\u00e1cu medzi mlad\u00fdmi vedcami a\u00a0dala im \u0161ancu necha\u0165 sa vies\u0165\u00a0najprominentnej\u0161\u00edmi eur\u00f3pskymi v\u00fdskumn\u00edkmi. Po\u010det \u00fa\u010dastn\u00edkov nar\u00e1stol z\u00a053, z\u00a0prvej s\u00fa\u0165a\u017ee v\u00a0roku 1989, na priemerne 150 [&hellip;]\" \/>\n<meta property=\"og:url\" content=\"https:\/\/www.festivalvedy.sk\/wp2\/amavet-opat-medzi-najlepsimi-v-europskej-sutazi-mladych-vedcov\/\" \/>\n<meta property=\"og:site_name\" content=\"Festival vedy a techniky AMAVET\" \/>\n<meta property=\"article:published_time\" content=\"2022-09-19T14:01:51+00:00\" \/>\n<meta property=\"article:modified_time\" content=\"2022-09-19T14:08:10+00:00\" \/>\n<meta property=\"og:image\" content=\"https:\/\/www.festivalvedy.sk\/wp2\/wp-content\/uploads\/2022\/09\/Gal_4_zlava-1024x683.jpg\" \/>\n\t<meta property=\"og:image:width\" content=\"1024\" \/>\n\t<meta property=\"og:image:height\" content=\"683\" \/>\n\t<meta property=\"og:image:type\" content=\"image\/jpeg\" \/>\n<meta name=\"author\" content=\"Redakcia\" \/>\n<meta name=\"twitter:card\" content=\"summary_large_image\" \/>\n<meta name=\"twitter:label1\" content=\"Autor\" \/>\n\t<meta name=\"twitter:data1\" content=\"Redakcia\" \/>\n<script type=\"application\/ld+json\" class=\"yoast-schema-graph\">{\"@context\":\"https:\/\/schema.org\",\"@graph\":[{\"@type\":\"Article\",\"@id\":\"https:\/\/www.festivalvedy.sk\/wp2\/amavet-opat-medzi-najlepsimi-v-europskej-sutazi-mladych-vedcov\/#article\",\"isPartOf\":{\"@id\":\"https:\/\/www.festivalvedy.sk\/wp2\/amavet-opat-medzi-najlepsimi-v-europskej-sutazi-mladych-vedcov\/\"},\"author\":{\"name\":\"Redakcia\",\"@id\":\"https:\/\/www.festivalvedy.sk\/wp2\/#\/schema\/person\/f6c2e17170a626260fe38db97ed0a1f5\"},\"headline\":\"AMAVET op\u00e4\u0165 medzi najlep\u0161\u00edmi v\u00a0Eur\u00f3pskej s\u00fa\u0165a\u017ei mlad\u00fdch vedcov\",\"datePublished\":\"2022-09-19T14:01:51+00:00\",\"dateModified\":\"2022-09-19T14:08:10+00:00\",\"mainEntityOfPage\":{\"@id\":\"https:\/\/www.festivalvedy.sk\/wp2\/amavet-opat-medzi-najlepsimi-v-europskej-sutazi-mladych-vedcov\/\"},\"wordCount\":552,\"publisher\":{\"@id\":\"https:\/\/www.festivalvedy.sk\/wp2\/#organization\"},\"image\":{\"@id\":\"https:\/\/www.festivalvedy.sk\/wp2\/amavet-opat-medzi-najlepsimi-v-europskej-sutazi-mladych-vedcov\/#primaryimage\"},\"thumbnailUrl\":\"https:\/\/www.festivalvedy.sk\/wp2\/wp-content\/uploads\/2022\/09\/Gal_4_zlava.jpg\",\"articleSection\":[\"Novinky\",\"Reprezentovali n\u00e1s\"],\"inLanguage\":\"sk-SK\"},{\"@type\":\"WebPage\",\"@id\":\"https:\/\/www.festivalvedy.sk\/wp2\/amavet-opat-medzi-najlepsimi-v-europskej-sutazi-mladych-vedcov\/\",\"url\":\"https:\/\/www.festivalvedy.sk\/wp2\/amavet-opat-medzi-najlepsimi-v-europskej-sutazi-mladych-vedcov\/\",\"name\":\"AMAVET op\u00e4\u0165 medzi najlep\u0161\u00edmi v\u00a0Eur\u00f3pskej s\u00fa\u0165a\u017ei mlad\u00fdch vedcov - Festival vedy a techniky AMAVET\",\"isPartOf\":{\"@id\":\"https:\/\/www.festivalvedy.sk\/wp2\/#website\"},\"primaryImageOfPage\":{\"@id\":\"https:\/\/www.festivalvedy.sk\/wp2\/amavet-opat-medzi-najlepsimi-v-europskej-sutazi-mladych-vedcov\/#primaryimage\"},\"image\":{\"@id\":\"https:\/\/www.festivalvedy.sk\/wp2\/amavet-opat-medzi-najlepsimi-v-europskej-sutazi-mladych-vedcov\/#primaryimage\"},\"thumbnailUrl\":\"https:\/\/www.festivalvedy.sk\/wp2\/wp-content\/uploads\/2022\/09\/Gal_4_zlava.jpg\",\"datePublished\":\"2022-09-19T14:01:51+00:00\",\"dateModified\":\"2022-09-19T14:08:10+00:00\",\"breadcrumb\":{\"@id\":\"https:\/\/www.festivalvedy.sk\/wp2\/amavet-opat-medzi-najlepsimi-v-europskej-sutazi-mladych-vedcov\/#breadcrumb\"},\"inLanguage\":\"sk-SK\",\"potentialAction\":[{\"@type\":\"ReadAction\",\"target\":[\"https:\/\/www.festivalvedy.sk\/wp2\/amavet-opat-medzi-najlepsimi-v-europskej-sutazi-mladych-vedcov\/\"]}]},{\"@type\":\"ImageObject\",\"inLanguage\":\"sk-SK\",\"@id\":\"https:\/\/www.festivalvedy.sk\/wp2\/amavet-opat-medzi-najlepsimi-v-europskej-sutazi-mladych-vedcov\/#primaryimage\",\"url\":\"https:\/\/www.festivalvedy.sk\/wp2\/wp-content\/uploads\/2022\/09\/Gal_4_zlava.jpg\",\"contentUrl\":\"https:\/\/www.festivalvedy.sk\/wp2\/wp-content\/uploads\/2022\/09\/Gal_4_zlava.jpg\",\"width\":1920,\"height\":1280,\"caption\":\"EUCYS Jakub Gal AMAVET\"},{\"@type\":\"BreadcrumbList\",\"@id\":\"https:\/\/www.festivalvedy.sk\/wp2\/amavet-opat-medzi-najlepsimi-v-europskej-sutazi-mladych-vedcov\/#breadcrumb\",\"itemListElement\":[{\"@type\":\"ListItem\",\"position\":1,\"name\":\"Home\",\"item\":\"https:\/\/www.festivalvedy.sk\/wp2\/\"},{\"@type\":\"ListItem\",\"position\":2,\"name\":\"AMAVET op\u00e4\u0165 medzi najlep\u0161\u00edmi v\u00a0Eur\u00f3pskej s\u00fa\u0165a\u017ei mlad\u00fdch vedcov\"}]},{\"@type\":\"WebSite\",\"@id\":\"https:\/\/www.festivalvedy.sk\/wp2\/#website\",\"url\":\"https:\/\/www.festivalvedy.sk\/wp2\/\",\"name\":\"Festival vedy a techniky AMAVET\",\"description\":\"AMAVET - Asoci\u00e1cia pre ml\u00e1de\u017e, vedu a techniku\",\"publisher\":{\"@id\":\"https:\/\/www.festivalvedy.sk\/wp2\/#organization\"},\"potentialAction\":[{\"@type\":\"SearchAction\",\"target\":{\"@type\":\"EntryPoint\",\"urlTemplate\":\"https:\/\/www.festivalvedy.sk\/wp2\/?s={search_term_string}\"},\"query-input\":{\"@type\":\"PropertyValueSpecification\",\"valueRequired\":true,\"valueName\":\"search_term_string\"}}],\"inLanguage\":\"sk-SK\"},{\"@type\":\"Organization\",\"@id\":\"https:\/\/www.festivalvedy.sk\/wp2\/#organization\",\"name\":\"Festival vedy a techniky AMAVET\",\"url\":\"https:\/\/www.festivalvedy.sk\/wp2\/\",\"logo\":{\"@type\":\"ImageObject\",\"inLanguage\":\"sk-SK\",\"@id\":\"https:\/\/www.festivalvedy.sk\/wp2\/#\/schema\/logo\/image\/\",\"url\":\"https:\/\/www.festivalvedy.sk\/wp2\/wp-content\/uploads\/2022\/02\/cropped-fvat-ochranna-zona.png\",\"contentUrl\":\"https:\/\/www.festivalvedy.sk\/wp2\/wp-content\/uploads\/2022\/02\/cropped-fvat-ochranna-zona.png\",\"width\":1190,\"height\":357,\"caption\":\"Festival vedy a techniky AMAVET\"},\"image\":{\"@id\":\"https:\/\/www.festivalvedy.sk\/wp2\/#\/schema\/logo\/image\/\"}},{\"@type\":\"Person\",\"@id\":\"https:\/\/www.festivalvedy.sk\/wp2\/#\/schema\/person\/f6c2e17170a626260fe38db97ed0a1f5\",\"name\":\"Redakcia\",\"image\":{\"@type\":\"ImageObject\",\"inLanguage\":\"sk-SK\",\"@id\":\"https:\/\/secure.gravatar.com\/avatar\/2f7c312d560e25e8eb59b6b53cadd5dc16b39f25bac1c7d0a221dafd9c91fae9?s=96&d=mm&r=g\",\"url\":\"https:\/\/secure.gravatar.com\/avatar\/2f7c312d560e25e8eb59b6b53cadd5dc16b39f25bac1c7d0a221dafd9c91fae9?s=96&d=mm&r=g\",\"contentUrl\":\"https:\/\/secure.gravatar.com\/avatar\/2f7c312d560e25e8eb59b6b53cadd5dc16b39f25bac1c7d0a221dafd9c91fae9?s=96&d=mm&r=g\",\"caption\":\"Redakcia\"},\"url\":\"https:\/\/www.festivalvedy.sk\/wp2\/author\/fvatadmin\/\"}]}<\/script>\n<!-- \/ Yoast SEO plugin. -->","yoast_head_json":{"title":"AMAVET op\u00e4\u0165 medzi najlep\u0161\u00edmi v\u00a0Eur\u00f3pskej s\u00fa\u0165a\u017ei mlad\u00fdch vedcov - Festival vedy a techniky AMAVET","robots":{"index":"index","follow":"follow","max-snippet":"max-snippet:-1","max-image-preview":"max-image-preview:large","max-video-preview":"max-video-preview:-1"},"canonical":"https:\/\/www.festivalvedy.sk\/wp2\/amavet-opat-medzi-najlepsimi-v-europskej-sutazi-mladych-vedcov\/","og_locale":"sk_SK","og_type":"article","og_title":"AMAVET op\u00e4\u0165 medzi najlep\u0161\u00edmi v\u00a0Eur\u00f3pskej s\u00fa\u0165a\u017ei mlad\u00fdch vedcov - Festival vedy a techniky AMAVET","og_description":"Na 33. ro\u010dn\u00edku EUCYS-u boli \u00faspe\u0161n\u00ed aj Slov\u00e1ci \u2013 druh\u00e9 miesto a\u00a0\u0161peci\u00e1lna cena CNIC S\u00fa\u0165a\u017e mlad\u00fdch vedcov E\u00da (EUCYS &#8211; EU Contest for Young Scientists) zalo\u017eila Eur\u00f3pska komisia v\u00a0roku 1989, aby podnietila spolupr\u00e1cu medzi mlad\u00fdmi vedcami a\u00a0dala im \u0161ancu necha\u0165 sa vies\u0165\u00a0najprominentnej\u0161\u00edmi eur\u00f3pskymi v\u00fdskumn\u00edkmi. Po\u010det \u00fa\u010dastn\u00edkov nar\u00e1stol z\u00a053, z\u00a0prvej s\u00fa\u0165a\u017ee v\u00a0roku 1989, na priemerne 150 [&hellip;]","og_url":"https:\/\/www.festivalvedy.sk\/wp2\/amavet-opat-medzi-najlepsimi-v-europskej-sutazi-mladych-vedcov\/","og_site_name":"Festival vedy a techniky AMAVET","article_published_time":"2022-09-19T14:01:51+00:00","article_modified_time":"2022-09-19T14:08:10+00:00","og_image":[{"width":1024,"height":683,"url":"https:\/\/www.festivalvedy.sk\/wp2\/wp-content\/uploads\/2022\/09\/Gal_4_zlava-1024x683.jpg","type":"image\/jpeg"}],"author":"Redakcia","twitter_card":"summary_large_image","twitter_misc":{"Autor":"Redakcia"},"schema":{"@context":"https:\/\/schema.org","@graph":[{"@type":"Article","@id":"https:\/\/www.festivalvedy.sk\/wp2\/amavet-opat-medzi-najlepsimi-v-europskej-sutazi-mladych-vedcov\/#article","isPartOf":{"@id":"https:\/\/www.festivalvedy.sk\/wp2\/amavet-opat-medzi-najlepsimi-v-europskej-sutazi-mladych-vedcov\/"},"author":{"name":"Redakcia","@id":"https:\/\/www.festivalvedy.sk\/wp2\/#\/schema\/person\/f6c2e17170a626260fe38db97ed0a1f5"},"headline":"AMAVET op\u00e4\u0165 medzi najlep\u0161\u00edmi v\u00a0Eur\u00f3pskej s\u00fa\u0165a\u017ei mlad\u00fdch vedcov","datePublished":"2022-09-19T14:01:51+00:00","dateModified":"2022-09-19T14:08:10+00:00","mainEntityOfPage":{"@id":"https:\/\/www.festivalvedy.sk\/wp2\/amavet-opat-medzi-najlepsimi-v-europskej-sutazi-mladych-vedcov\/"},"wordCount":552,"publisher":{"@id":"https:\/\/www.festivalvedy.sk\/wp2\/#organization"},"image":{"@id":"https:\/\/www.festivalvedy.sk\/wp2\/amavet-opat-medzi-najlepsimi-v-europskej-sutazi-mladych-vedcov\/#primaryimage"},"thumbnailUrl":"https:\/\/www.festivalvedy.sk\/wp2\/wp-content\/uploads\/2022\/09\/Gal_4_zlava.jpg","articleSection":["Novinky","Reprezentovali n\u00e1s"],"inLanguage":"sk-SK"},{"@type":"WebPage","@id":"https:\/\/www.festivalvedy.sk\/wp2\/amavet-opat-medzi-najlepsimi-v-europskej-sutazi-mladych-vedcov\/","url":"https:\/\/www.festivalvedy.sk\/wp2\/amavet-opat-medzi-najlepsimi-v-europskej-sutazi-mladych-vedcov\/","name":"AMAVET op\u00e4\u0165 medzi najlep\u0161\u00edmi v\u00a0Eur\u00f3pskej s\u00fa\u0165a\u017ei mlad\u00fdch vedcov - Festival vedy a techniky AMAVET","isPartOf":{"@id":"https:\/\/www.festivalvedy.sk\/wp2\/#website"},"primaryImageOfPage":{"@id":"https:\/\/www.festivalvedy.sk\/wp2\/amavet-opat-medzi-najlepsimi-v-europskej-sutazi-mladych-vedcov\/#primaryimage"},"image":{"@id":"https:\/\/www.festivalvedy.sk\/wp2\/amavet-opat-medzi-najlepsimi-v-europskej-sutazi-mladych-vedcov\/#primaryimage"},"thumbnailUrl":"https:\/\/www.festivalvedy.sk\/wp2\/wp-content\/uploads\/2022\/09\/Gal_4_zlava.jpg","datePublished":"2022-09-19T14:01:51+00:00","dateModified":"2022-09-19T14:08:10+00:00","breadcrumb":{"@id":"https:\/\/www.festivalvedy.sk\/wp2\/amavet-opat-medzi-najlepsimi-v-europskej-sutazi-mladych-vedcov\/#breadcrumb"},"inLanguage":"sk-SK","potentialAction":[{"@type":"ReadAction","target":["https:\/\/www.festivalvedy.sk\/wp2\/amavet-opat-medzi-najlepsimi-v-europskej-sutazi-mladych-vedcov\/"]}]},{"@type":"ImageObject","inLanguage":"sk-SK","@id":"https:\/\/www.festivalvedy.sk\/wp2\/amavet-opat-medzi-najlepsimi-v-europskej-sutazi-mladych-vedcov\/#primaryimage","url":"https:\/\/www.festivalvedy.sk\/wp2\/wp-content\/uploads\/2022\/09\/Gal_4_zlava.jpg","contentUrl":"https:\/\/www.festivalvedy.sk\/wp2\/wp-content\/uploads\/2022\/09\/Gal_4_zlava.jpg","width":1920,"height":1280,"caption":"EUCYS Jakub Gal AMAVET"},{"@type":"BreadcrumbList","@id":"https:\/\/www.festivalvedy.sk\/wp2\/amavet-opat-medzi-najlepsimi-v-europskej-sutazi-mladych-vedcov\/#breadcrumb","itemListElement":[{"@type":"ListItem","position":1,"name":"Home","item":"https:\/\/www.festivalvedy.sk\/wp2\/"},{"@type":"ListItem","position":2,"name":"AMAVET op\u00e4\u0165 medzi najlep\u0161\u00edmi v\u00a0Eur\u00f3pskej s\u00fa\u0165a\u017ei mlad\u00fdch vedcov"}]},{"@type":"WebSite","@id":"https:\/\/www.festivalvedy.sk\/wp2\/#website","url":"https:\/\/www.festivalvedy.sk\/wp2\/","name":"Festival vedy a techniky AMAVET","description":"AMAVET - Asoci\u00e1cia pre ml\u00e1de\u017e, vedu a techniku","publisher":{"@id":"https:\/\/www.festivalvedy.sk\/wp2\/#organization"},"potentialAction":[{"@type":"SearchAction","target":{"@type":"EntryPoint","urlTemplate":"https:\/\/www.festivalvedy.sk\/wp2\/?s={search_term_string}"},"query-input":{"@type":"PropertyValueSpecification","valueRequired":true,"valueName":"search_term_string"}}],"inLanguage":"sk-SK"},{"@type":"Organization","@id":"https:\/\/www.festivalvedy.sk\/wp2\/#organization","name":"Festival vedy a techniky AMAVET","url":"https:\/\/www.festivalvedy.sk\/wp2\/","logo":{"@type":"ImageObject","inLanguage":"sk-SK","@id":"https:\/\/www.festivalvedy.sk\/wp2\/#\/schema\/logo\/image\/","url":"https:\/\/www.festivalvedy.sk\/wp2\/wp-content\/uploads\/2022\/02\/cropped-fvat-ochranna-zona.png","contentUrl":"https:\/\/www.festivalvedy.sk\/wp2\/wp-content\/uploads\/2022\/02\/cropped-fvat-ochranna-zona.png","width":1190,"height":357,"caption":"Festival vedy a techniky AMAVET"},"image":{"@id":"https:\/\/www.festivalvedy.sk\/wp2\/#\/schema\/logo\/image\/"}},{"@type":"Person","@id":"https:\/\/www.festivalvedy.sk\/wp2\/#\/schema\/person\/f6c2e17170a626260fe38db97ed0a1f5","name":"Redakcia","image":{"@type":"ImageObject","inLanguage":"sk-SK","@id":"https:\/\/secure.gravatar.com\/avatar\/2f7c312d560e25e8eb59b6b53cadd5dc16b39f25bac1c7d0a221dafd9c91fae9?s=96&d=mm&r=g","url":"https:\/\/secure.gravatar.com\/avatar\/2f7c312d560e25e8eb59b6b53cadd5dc16b39f25bac1c7d0a221dafd9c91fae9?s=96&d=mm&r=g","contentUrl":"https:\/\/secure.gravatar.com\/avatar\/2f7c312d560e25e8eb59b6b53cadd5dc16b39f25bac1c7d0a221dafd9c91fae9?s=96&d=mm&r=g","caption":"Redakcia"},"url":"https:\/\/www.festivalvedy.sk\/wp2\/author\/fvatadmin\/"}]}},"_links":{"self":[{"href":"https:\/\/www.festivalvedy.sk\/wp2\/wp-json\/wp\/v2\/posts\/3262","targetHints":{"allow":["GET"]}}],"collection":[{"href":"https:\/\/www.festivalvedy.sk\/wp2\/wp-json\/wp\/v2\/posts"}],"about":[{"href":"https:\/\/www.festivalvedy.sk\/wp2\/wp-json\/wp\/v2\/types\/post"}],"author":[{"embeddable":true,"href":"https:\/\/www.festivalvedy.sk\/wp2\/wp-json\/wp\/v2\/users\/1"}],"replies":[{"embeddable":true,"href":"https:\/\/www.festivalvedy.sk\/wp2\/wp-json\/wp\/v2\/comments?post=3262"}],"version-history":[{"count":2,"href":"https:\/\/www.festivalvedy.sk\/wp2\/wp-json\/wp\/v2\/posts\/3262\/revisions"}],"predecessor-version":[{"id":3267,"href":"https:\/\/www.festivalvedy.sk\/wp2\/wp-json\/wp\/v2\/posts\/3262\/revisions\/3267"}],"wp:featuredmedia":[{"embeddable":true,"href":"https:\/\/www.festivalvedy.sk\/wp2\/wp-json\/wp\/v2\/media\/3264"}],"wp:attachment":[{"href":"https:\/\/www.festivalvedy.sk\/wp2\/wp-json\/wp\/v2\/media?parent=3262"}],"wp:term":[{"taxonomy":"category","embeddable":true,"href":"https:\/\/www.festivalvedy.sk\/wp2\/wp-json\/wp\/v2\/categories?post=3262"},{"taxonomy":"post_tag","embeddable":true,"href":"https:\/\/www.festivalvedy.sk\/wp2\/wp-json\/wp\/v2\/tags?post=3262"}],"curies":[{"name":"wp","href":"https:\/\/api.w.org\/{rel}","templated":true}]}}