{"id":3320,"date":"2022-10-19T15:31:42","date_gmt":"2022-10-19T13:31:42","guid":{"rendered":"https:\/\/www.festivalvedy.sk\/wp2\/?p=3320"},"modified":"2022-11-11T10:06:11","modified_gmt":"2022-11-11T09:06:11","slug":"inspirujte-sa-talentmi-na-25-festivale-amavet-v-bratislave","status":"publish","type":"post","link":"https:\/\/www.festivalvedy.sk\/wp2\/inspirujte-sa-talentmi-na-25-festivale-amavet-v-bratislave\/","title":{"rendered":"In\u0161pirujte sa talentmi na 25. Festivale AMAVET v Bratislave"},"content":{"rendered":"<section class=\"kc-elm kc-css-133124 kc_row\"><div class=\"kc-row-container  kc-container\"><div class=\"kc-wrap-columns\"><div class=\"kc-elm kc-css-583282 kc_col-sm-12 kc_column kc_col-sm-12\"><div class=\"kc-col-container\"><div class=\"kc-elm kc-css-239276 kc_text_block\"><\/p>\n<p><strong>Asoci\u00e1cia pre ml\u00e1de\u017e, vedu a\u00a0techniku (AMAVET) v\u00e1s poz\u00fdva na jubilejn\u00e9 fin\u00e1le s\u00fa\u0165a\u017ee \u2013 25. ro\u010dn\u00edk Festivalu vedy a\u00a0techniky AMAVET 2022.<\/strong><span id=\"more-6475\"><\/span><\/p>\n<p><!--more--><\/p>\n<p>Podujatie sa uskuto\u010dn\u00ed v\u00a0d\u0148och 7. a\u00a08. novembra 2022 v\u00a0<a href=\"https:\/\/aurelium.sk\/\">Z\u00e1\u017eitkovom centre vedy Aurelium<\/a>, Bojnick\u00e1 3, Bratislava.<\/p>\n<p><strong>Na fin\u00e1le s\u00fa\u0165a\u017ee stretnete desiatky mlad\u00fdch \u013eud\u00ed \u2013 \u017eiakov z\u00e1kladn\u00fdch a\u00a0stredn\u00fdch \u0161k\u00f4l, ktor\u00ed sa vo svojom vo\u013enom \u010dase ne\u00fanavne venovali tvorbe ved\u00e1torsk\u00e9ho projektu a\u00a0post\u00fapili z\u00a0krajsk\u00fdch k\u00f4l s\u00fa\u0165a\u017ee na celoslovensk\u00e9 fin\u00e1le do Bratislavy. A\u00a0pre t\u00fdch najlep\u0161\u00edch to bude aj odrazov\u00fd most\u00edk a postup na r\u00f4zne ved\u00e1torsk\u00e9 s\u00fa\u0165a\u017ee po celom svete.<\/strong><\/p>\n<p>Program podujatia:<\/p>\n<p>7.11.2022 9:00 \u2013 17:30 <strong>Prezent\u00e1cie s\u00fa\u0165a\u017en\u00fdch projektov \u017eiakov pre verejnos\u0165, hodnotenie projektov<\/strong><\/p>\n<p>8.11.2022 9:00 \u2013 11:30 <strong>Science talks<\/strong><\/p>\n<p>8.11.2022 13:00 \u2013 14:00 <strong>Vyhl\u00e1senie v\u00fdsledkov<\/strong><\/p>\n<p><strong>Skupiny nad 10 os\u00f4b registrujte vopred na <\/strong><a href=\"http:\/\/www.festivalvedy.sk\"><strong>www.festivalvedy.sk<\/strong><\/a><\/p>\n<p>\n<\/div><\/div><\/div><\/div><\/div><\/section>\n","protected":false},"excerpt":{"rendered":"<p>Asoci\u00e1cia pre ml\u00e1de\u017e, vedu a\u00a0techniku (AMAVET) v\u00e1s poz\u00fdva na jubilejn\u00e9 fin\u00e1le s\u00fa\u0165a\u017ee \u2013 25. ro\u010dn\u00edk Festivalu vedy a\u00a0techniky AMAVET 2022.<\/p>\n","protected":false},"author":1,"featured_media":0,"comment_status":"closed","ping_status":"closed","sticky":false,"template":"","format":"standard","meta":{"om_disable_all_campaigns":false,"_monsterinsights_skip_tracking":false,"_monsterinsights_sitenote_active":false,"_monsterinsights_sitenote_note":"","_monsterinsights_sitenote_category":0,"_uf_show_specific_survey":0,"_uf_disable_surveys":false,"footnotes":""},"categories":[1,33],"tags":[],"class_list":["post-3320","post","type-post","status-publish","format-standard","hentry","category-nezaradene","category-novinky"],"yoast_head":"<!-- This site is optimized with the Yoast SEO plugin v27.2 - https:\/\/yoast.com\/product\/yoast-seo-wordpress\/ -->\n<title>In\u0161pirujte sa talentmi na 25. Festivale AMAVET v Bratislave - Festival vedy a techniky AMAVET<\/title>\n<meta name=\"robots\" content=\"index, follow, max-snippet:-1, max-image-preview:large, max-video-preview:-1\" \/>\n<link rel=\"canonical\" href=\"https:\/\/www.festivalvedy.sk\/wp2\/inspirujte-sa-talentmi-na-25-festivale-amavet-v-bratislave\/\" \/>\n<meta property=\"og:locale\" content=\"sk_SK\" \/>\n<meta property=\"og:type\" content=\"article\" \/>\n<meta property=\"og:title\" content=\"In\u0161pirujte sa talentmi na 25. Festivale AMAVET v Bratislave - Festival vedy a techniky AMAVET\" \/>\n<meta property=\"og:description\" content=\"Asoci\u00e1cia pre ml\u00e1de\u017e, vedu a\u00a0techniku (AMAVET) v\u00e1s poz\u00fdva na jubilejn\u00e9 fin\u00e1le s\u00fa\u0165a\u017ee \u2013 25. ro\u010dn\u00edk Festivalu vedy a\u00a0techniky AMAVET 2022.\" \/>\n<meta property=\"og:url\" content=\"https:\/\/www.festivalvedy.sk\/wp2\/inspirujte-sa-talentmi-na-25-festivale-amavet-v-bratislave\/\" \/>\n<meta property=\"og:site_name\" content=\"Festival vedy a techniky AMAVET\" \/>\n<meta property=\"article:published_time\" content=\"2022-10-19T13:31:42+00:00\" \/>\n<meta property=\"article:modified_time\" content=\"2022-11-11T09:06:11+00:00\" \/>\n<meta name=\"author\" content=\"Redakcia\" \/>\n<meta name=\"twitter:card\" content=\"summary_large_image\" \/>\n<meta name=\"twitter:label1\" content=\"Autor\" \/>\n\t<meta name=\"twitter:data1\" content=\"Redakcia\" \/>\n\t<meta name=\"twitter:label2\" content=\"Predpokladan\u00fd \u010das \u010d\u00edtania\" \/>\n\t<meta name=\"twitter:data2\" content=\"1 min\u00fata\" \/>\n<script type=\"application\/ld+json\" class=\"yoast-schema-graph\">{\"@context\":\"https:\/\/schema.org\",\"@graph\":[{\"@type\":\"Article\",\"@id\":\"https:\/\/www.festivalvedy.sk\/wp2\/inspirujte-sa-talentmi-na-25-festivale-amavet-v-bratislave\/#article\",\"isPartOf\":{\"@id\":\"https:\/\/www.festivalvedy.sk\/wp2\/inspirujte-sa-talentmi-na-25-festivale-amavet-v-bratislave\/\"},\"author\":{\"name\":\"Redakcia\",\"@id\":\"https:\/\/www.festivalvedy.sk\/wp2\/#\/schema\/person\/f6c2e17170a626260fe38db97ed0a1f5\"},\"headline\":\"In\u0161pirujte sa talentmi na 25. Festivale AMAVET v Bratislave\",\"datePublished\":\"2022-10-19T13:31:42+00:00\",\"dateModified\":\"2022-11-11T09:06:11+00:00\",\"mainEntityOfPage\":{\"@id\":\"https:\/\/www.festivalvedy.sk\/wp2\/inspirujte-sa-talentmi-na-25-festivale-amavet-v-bratislave\/\"},\"wordCount\":161,\"publisher\":{\"@id\":\"https:\/\/www.festivalvedy.sk\/wp2\/#organization\"},\"articleSection\":{\"1\":\"Novinky\"},\"inLanguage\":\"sk-SK\"},{\"@type\":\"WebPage\",\"@id\":\"https:\/\/www.festivalvedy.sk\/wp2\/inspirujte-sa-talentmi-na-25-festivale-amavet-v-bratislave\/\",\"url\":\"https:\/\/www.festivalvedy.sk\/wp2\/inspirujte-sa-talentmi-na-25-festivale-amavet-v-bratislave\/\",\"name\":\"In\u0161pirujte sa talentmi na 25. Festivale AMAVET v Bratislave - Festival vedy a techniky AMAVET\",\"isPartOf\":{\"@id\":\"https:\/\/www.festivalvedy.sk\/wp2\/#website\"},\"datePublished\":\"2022-10-19T13:31:42+00:00\",\"dateModified\":\"2022-11-11T09:06:11+00:00\",\"breadcrumb\":{\"@id\":\"https:\/\/www.festivalvedy.sk\/wp2\/inspirujte-sa-talentmi-na-25-festivale-amavet-v-bratislave\/#breadcrumb\"},\"inLanguage\":\"sk-SK\",\"potentialAction\":[{\"@type\":\"ReadAction\",\"target\":[\"https:\/\/www.festivalvedy.sk\/wp2\/inspirujte-sa-talentmi-na-25-festivale-amavet-v-bratislave\/\"]}]},{\"@type\":\"BreadcrumbList\",\"@id\":\"https:\/\/www.festivalvedy.sk\/wp2\/inspirujte-sa-talentmi-na-25-festivale-amavet-v-bratislave\/#breadcrumb\",\"itemListElement\":[{\"@type\":\"ListItem\",\"position\":1,\"name\":\"Home\",\"item\":\"https:\/\/www.festivalvedy.sk\/wp2\/\"},{\"@type\":\"ListItem\",\"position\":2,\"name\":\"In\u0161pirujte sa talentmi na 25. Festivale AMAVET v Bratislave\"}]},{\"@type\":\"WebSite\",\"@id\":\"https:\/\/www.festivalvedy.sk\/wp2\/#website\",\"url\":\"https:\/\/www.festivalvedy.sk\/wp2\/\",\"name\":\"Festival vedy a techniky AMAVET\",\"description\":\"AMAVET - Asoci\u00e1cia pre ml\u00e1de\u017e, vedu a techniku\",\"publisher\":{\"@id\":\"https:\/\/www.festivalvedy.sk\/wp2\/#organization\"},\"potentialAction\":[{\"@type\":\"SearchAction\",\"target\":{\"@type\":\"EntryPoint\",\"urlTemplate\":\"https:\/\/www.festivalvedy.sk\/wp2\/?s={search_term_string}\"},\"query-input\":{\"@type\":\"PropertyValueSpecification\",\"valueRequired\":true,\"valueName\":\"search_term_string\"}}],\"inLanguage\":\"sk-SK\"},{\"@type\":\"Organization\",\"@id\":\"https:\/\/www.festivalvedy.sk\/wp2\/#organization\",\"name\":\"Festival vedy a techniky AMAVET\",\"url\":\"https:\/\/www.festivalvedy.sk\/wp2\/\",\"logo\":{\"@type\":\"ImageObject\",\"inLanguage\":\"sk-SK\",\"@id\":\"https:\/\/www.festivalvedy.sk\/wp2\/#\/schema\/logo\/image\/\",\"url\":\"https:\/\/www.festivalvedy.sk\/wp2\/wp-content\/uploads\/2022\/02\/cropped-fvat-ochranna-zona.png\",\"contentUrl\":\"https:\/\/www.festivalvedy.sk\/wp2\/wp-content\/uploads\/2022\/02\/cropped-fvat-ochranna-zona.png\",\"width\":1190,\"height\":357,\"caption\":\"Festival vedy a techniky AMAVET\"},\"image\":{\"@id\":\"https:\/\/www.festivalvedy.sk\/wp2\/#\/schema\/logo\/image\/\"}},{\"@type\":\"Person\",\"@id\":\"https:\/\/www.festivalvedy.sk\/wp2\/#\/schema\/person\/f6c2e17170a626260fe38db97ed0a1f5\",\"name\":\"Redakcia\",\"image\":{\"@type\":\"ImageObject\",\"inLanguage\":\"sk-SK\",\"@id\":\"https:\/\/secure.gravatar.com\/avatar\/2f7c312d560e25e8eb59b6b53cadd5dc16b39f25bac1c7d0a221dafd9c91fae9?s=96&d=mm&r=g\",\"url\":\"https:\/\/secure.gravatar.com\/avatar\/2f7c312d560e25e8eb59b6b53cadd5dc16b39f25bac1c7d0a221dafd9c91fae9?s=96&d=mm&r=g\",\"contentUrl\":\"https:\/\/secure.gravatar.com\/avatar\/2f7c312d560e25e8eb59b6b53cadd5dc16b39f25bac1c7d0a221dafd9c91fae9?s=96&d=mm&r=g\",\"caption\":\"Redakcia\"},\"url\":\"https:\/\/www.festivalvedy.sk\/wp2\/author\/fvatadmin\/\"}]}<\/script>\n<!-- \/ Yoast SEO plugin. -->","yoast_head_json":{"title":"In\u0161pirujte sa talentmi na 25. Festivale AMAVET v Bratislave - Festival vedy a techniky AMAVET","robots":{"index":"index","follow":"follow","max-snippet":"max-snippet:-1","max-image-preview":"max-image-preview:large","max-video-preview":"max-video-preview:-1"},"canonical":"https:\/\/www.festivalvedy.sk\/wp2\/inspirujte-sa-talentmi-na-25-festivale-amavet-v-bratislave\/","og_locale":"sk_SK","og_type":"article","og_title":"In\u0161pirujte sa talentmi na 25. Festivale AMAVET v Bratislave - Festival vedy a techniky AMAVET","og_description":"Asoci\u00e1cia pre ml\u00e1de\u017e, vedu a\u00a0techniku (AMAVET) v\u00e1s poz\u00fdva na jubilejn\u00e9 fin\u00e1le s\u00fa\u0165a\u017ee \u2013 25. ro\u010dn\u00edk Festivalu vedy a\u00a0techniky AMAVET 2022.","og_url":"https:\/\/www.festivalvedy.sk\/wp2\/inspirujte-sa-talentmi-na-25-festivale-amavet-v-bratislave\/","og_site_name":"Festival vedy a techniky AMAVET","article_published_time":"2022-10-19T13:31:42+00:00","article_modified_time":"2022-11-11T09:06:11+00:00","author":"Redakcia","twitter_card":"summary_large_image","twitter_misc":{"Autor":"Redakcia","Predpokladan\u00fd \u010das \u010d\u00edtania":"1 min\u00fata"},"schema":{"@context":"https:\/\/schema.org","@graph":[{"@type":"Article","@id":"https:\/\/www.festivalvedy.sk\/wp2\/inspirujte-sa-talentmi-na-25-festivale-amavet-v-bratislave\/#article","isPartOf":{"@id":"https:\/\/www.festivalvedy.sk\/wp2\/inspirujte-sa-talentmi-na-25-festivale-amavet-v-bratislave\/"},"author":{"name":"Redakcia","@id":"https:\/\/www.festivalvedy.sk\/wp2\/#\/schema\/person\/f6c2e17170a626260fe38db97ed0a1f5"},"headline":"In\u0161pirujte sa talentmi na 25. Festivale AMAVET v Bratislave","datePublished":"2022-10-19T13:31:42+00:00","dateModified":"2022-11-11T09:06:11+00:00","mainEntityOfPage":{"@id":"https:\/\/www.festivalvedy.sk\/wp2\/inspirujte-sa-talentmi-na-25-festivale-amavet-v-bratislave\/"},"wordCount":161,"publisher":{"@id":"https:\/\/www.festivalvedy.sk\/wp2\/#organization"},"articleSection":{"1":"Novinky"},"inLanguage":"sk-SK"},{"@type":"WebPage","@id":"https:\/\/www.festivalvedy.sk\/wp2\/inspirujte-sa-talentmi-na-25-festivale-amavet-v-bratislave\/","url":"https:\/\/www.festivalvedy.sk\/wp2\/inspirujte-sa-talentmi-na-25-festivale-amavet-v-bratislave\/","name":"In\u0161pirujte sa talentmi na 25. Festivale AMAVET v Bratislave - Festival vedy a techniky AMAVET","isPartOf":{"@id":"https:\/\/www.festivalvedy.sk\/wp2\/#website"},"datePublished":"2022-10-19T13:31:42+00:00","dateModified":"2022-11-11T09:06:11+00:00","breadcrumb":{"@id":"https:\/\/www.festivalvedy.sk\/wp2\/inspirujte-sa-talentmi-na-25-festivale-amavet-v-bratislave\/#breadcrumb"},"inLanguage":"sk-SK","potentialAction":[{"@type":"ReadAction","target":["https:\/\/www.festivalvedy.sk\/wp2\/inspirujte-sa-talentmi-na-25-festivale-amavet-v-bratislave\/"]}]},{"@type":"BreadcrumbList","@id":"https:\/\/www.festivalvedy.sk\/wp2\/inspirujte-sa-talentmi-na-25-festivale-amavet-v-bratislave\/#breadcrumb","itemListElement":[{"@type":"ListItem","position":1,"name":"Home","item":"https:\/\/www.festivalvedy.sk\/wp2\/"},{"@type":"ListItem","position":2,"name":"In\u0161pirujte sa talentmi na 25. Festivale AMAVET v Bratislave"}]},{"@type":"WebSite","@id":"https:\/\/www.festivalvedy.sk\/wp2\/#website","url":"https:\/\/www.festivalvedy.sk\/wp2\/","name":"Festival vedy a techniky AMAVET","description":"AMAVET - Asoci\u00e1cia pre ml\u00e1de\u017e, vedu a techniku","publisher":{"@id":"https:\/\/www.festivalvedy.sk\/wp2\/#organization"},"potentialAction":[{"@type":"SearchAction","target":{"@type":"EntryPoint","urlTemplate":"https:\/\/www.festivalvedy.sk\/wp2\/?s={search_term_string}"},"query-input":{"@type":"PropertyValueSpecification","valueRequired":true,"valueName":"search_term_string"}}],"inLanguage":"sk-SK"},{"@type":"Organization","@id":"https:\/\/www.festivalvedy.sk\/wp2\/#organization","name":"Festival vedy a techniky AMAVET","url":"https:\/\/www.festivalvedy.sk\/wp2\/","logo":{"@type":"ImageObject","inLanguage":"sk-SK","@id":"https:\/\/www.festivalvedy.sk\/wp2\/#\/schema\/logo\/image\/","url":"https:\/\/www.festivalvedy.sk\/wp2\/wp-content\/uploads\/2022\/02\/cropped-fvat-ochranna-zona.png","contentUrl":"https:\/\/www.festivalvedy.sk\/wp2\/wp-content\/uploads\/2022\/02\/cropped-fvat-ochranna-zona.png","width":1190,"height":357,"caption":"Festival vedy a techniky AMAVET"},"image":{"@id":"https:\/\/www.festivalvedy.sk\/wp2\/#\/schema\/logo\/image\/"}},{"@type":"Person","@id":"https:\/\/www.festivalvedy.sk\/wp2\/#\/schema\/person\/f6c2e17170a626260fe38db97ed0a1f5","name":"Redakcia","image":{"@type":"ImageObject","inLanguage":"sk-SK","@id":"https:\/\/secure.gravatar.com\/avatar\/2f7c312d560e25e8eb59b6b53cadd5dc16b39f25bac1c7d0a221dafd9c91fae9?s=96&d=mm&r=g","url":"https:\/\/secure.gravatar.com\/avatar\/2f7c312d560e25e8eb59b6b53cadd5dc16b39f25bac1c7d0a221dafd9c91fae9?s=96&d=mm&r=g","contentUrl":"https:\/\/secure.gravatar.com\/avatar\/2f7c312d560e25e8eb59b6b53cadd5dc16b39f25bac1c7d0a221dafd9c91fae9?s=96&d=mm&r=g","caption":"Redakcia"},"url":"https:\/\/www.festivalvedy.sk\/wp2\/author\/fvatadmin\/"}]}},"_links":{"self":[{"href":"https:\/\/www.festivalvedy.sk\/wp2\/wp-json\/wp\/v2\/posts\/3320","targetHints":{"allow":["GET"]}}],"collection":[{"href":"https:\/\/www.festivalvedy.sk\/wp2\/wp-json\/wp\/v2\/posts"}],"about":[{"href":"https:\/\/www.festivalvedy.sk\/wp2\/wp-json\/wp\/v2\/types\/post"}],"author":[{"embeddable":true,"href":"https:\/\/www.festivalvedy.sk\/wp2\/wp-json\/wp\/v2\/users\/1"}],"replies":[{"embeddable":true,"href":"https:\/\/www.festivalvedy.sk\/wp2\/wp-json\/wp\/v2\/comments?post=3320"}],"version-history":[{"count":5,"href":"https:\/\/www.festivalvedy.sk\/wp2\/wp-json\/wp\/v2\/posts\/3320\/revisions"}],"predecessor-version":[{"id":3356,"href":"https:\/\/www.festivalvedy.sk\/wp2\/wp-json\/wp\/v2\/posts\/3320\/revisions\/3356"}],"wp:attachment":[{"href":"https:\/\/www.festivalvedy.sk\/wp2\/wp-json\/wp\/v2\/media?parent=3320"}],"wp:term":[{"taxonomy":"category","embeddable":true,"href":"https:\/\/www.festivalvedy.sk\/wp2\/wp-json\/wp\/v2\/categories?post=3320"},{"taxonomy":"post_tag","embeddable":true,"href":"https:\/\/www.festivalvedy.sk\/wp2\/wp-json\/wp\/v2\/tags?post=3320"}],"curies":[{"name":"wp","href":"https:\/\/api.w.org\/{rel}","templated":true}]}}