{"id":3849,"date":"2023-08-14T11:28:06","date_gmt":"2023-08-14T09:28:06","guid":{"rendered":"https:\/\/www.festivalvedy.sk\/wp2\/?p=3849"},"modified":"2023-08-14T11:32:47","modified_gmt":"2023-08-14T09:32:47","slug":"26-rocnik-festivalu-vedy-a-techniky-zacina","status":"publish","type":"post","link":"https:\/\/www.festivalvedy.sk\/wp2\/26-rocnik-festivalu-vedy-a-techniky-zacina\/","title":{"rendered":"26. ro\u010dn\u00edk Festivalu vedy a techniky za\u010d\u00edna"},"content":{"rendered":"\n<p>Asoci\u00e1cia pre ml\u00e1de\u017e, vedu a techniku (AMAVET) sp\u00fa\u0161\u0165a krajsk\u00e9 kol\u00e1 s\u00fa\u0165a\u017ee Festival vedy a techniky AMAVET (FVAT), na ktor\u00e9 srde\u010dne poz\u00fdva \u017eiakov so svojimi ved\u00e1torsk\u00fdmi projektami.<\/p>\n\n\n\n<p>\u017diaci II. stup\u0148a z\u00e1kladn\u00fdch \u0161k\u00f4l a \u017eiaci stredn\u00fdch \u0161k\u00f4l z cel\u00e9ho Slovenska m\u00f4\u017eu svoje projekty prihlasova\u0165 do 4. okt\u00f3bra 2023 (vr\u00e1tane). &nbsp;<\/p>\n\n\n\n<p>Ved\u00e1torsk\u00fd projekt je v\u00fdstupom samostatnej b\u00e1date\u013eskej \u010dinnosti \u017eiaka (\u010dasto pod veden\u00edm u\u010dite\u013ea alebo rodi\u010da), po\u010das ktorej je na dosiahnutie stanoven\u00e9ho cie\u013ea potrebn\u00e9 vyu\u017ei\u0165 r\u00f4zne pom\u00f4cky, techniky a met\u00f3dy sk\u00famania, zbierania a vyhodnocovania \u00fadajov. \u017diaci prezentuj\u00fa svoj projekt formou postera odbornej hodnotiacej komisii individu\u00e1lne alebo v dvoj\u010dlenn\u00fdch t\u00edmoch.<\/p>\n\n\n\n<p>T\u00ed naj\u00faspe\u0161nej\u0161\u00ed z krajsk\u00fdch k\u00f4l postupuj\u00fa na Celoslovensk\u00e9 fin\u00e1le, ktor\u00e9 sa uskuto\u010dn\u00ed po\u010das T\u00fd\u017ed\u0148a vedy a techniky na Slovensku v&nbsp;d\u0148och 9. a 10. novembra 2023 v priestoroch v\u00fdstaviska INCHEBA Expo v Bratislave. V\u00ed\u0165azi celoslovensk\u00e9ho fin\u00e1le FVAT AMAVET z\u00edskavaj\u00fa postup na prest\u00ed\u017ene svetov\u00e9 a eur\u00f3pske prehliadky a&nbsp;s\u00fa\u0165a\u017ee, kde ka\u017edoro\u010dne zaznamen\u00e1vaj\u00fa vynikaj\u00face \u00faspechy.<\/p>\n\n\n\n<p>Term\u00edny a miesta konania krajsk\u00fdch k\u00f4l FVAT AMAVET <a href=\"https:\/\/www.festivalvedy.sk\/wp2\/krajske-kola-fvat\/\">n\u00e1jdete tu<\/a><\/p>\n\n\n\n<p>Nad Festivalom vedy a techniky AMAVET 2023 prevzalo z\u00e1\u0161titu Ministerstvo \u0161kolstva, vedy, v\u00fdskumu a \u0161portu Slovenskej republiky.<\/p>\n\n\n\n<figure class=\"wp-block-image size-full\"><img loading=\"lazy\" decoding=\"async\" width=\"707\" height=\"1000\" src=\"https:\/\/www.festivalvedy.sk\/wp2\/wp-content\/uploads\/2023\/08\/zastita.jpg\" alt=\"\" class=\"wp-image-3851\" srcset=\"https:\/\/www.festivalvedy.sk\/wp2\/wp-content\/uploads\/2023\/08\/zastita.jpg 707w, https:\/\/www.festivalvedy.sk\/wp2\/wp-content\/uploads\/2023\/08\/zastita-212x300.jpg 212w\" sizes=\"auto, (max-width: 707px) 100vw, 707px\" \/><\/figure>\n","protected":false},"excerpt":{"rendered":"<p>Asoci\u00e1cia pre ml\u00e1de\u017e, vedu a techniku (AMAVET) sp\u00fa\u0161\u0165a krajsk\u00e9 kol\u00e1 s\u00fa\u0165a\u017ee Festival vedy a techniky AMAVET (FVAT), na ktor\u00e9 srde\u010dne poz\u00fdva \u017eiakov so svojimi ved\u00e1torsk\u00fdmi projektami. \u017diaci II. stup\u0148a z\u00e1kladn\u00fdch \u0161k\u00f4l a \u017eiaci stredn\u00fdch \u0161k\u00f4l z cel\u00e9ho Slovenska m\u00f4\u017eu svoje projekty prihlasova\u0165 do 4. okt\u00f3bra 2023 (vr\u00e1tane). &nbsp; Ved\u00e1torsk\u00fd projekt je v\u00fdstupom samostatnej b\u00e1date\u013eskej \u010dinnosti [&hellip;]<\/p>\n","protected":false},"author":1,"featured_media":3156,"comment_status":"closed","ping_status":"closed","sticky":false,"template":"","format":"standard","meta":{"om_disable_all_campaigns":false,"_monsterinsights_skip_tracking":false,"_monsterinsights_sitenote_active":false,"_monsterinsights_sitenote_note":"","_monsterinsights_sitenote_category":0,"_uf_show_specific_survey":0,"_uf_disable_surveys":false,"footnotes":""},"categories":[33],"tags":[],"class_list":["post-3849","post","type-post","status-publish","format-standard","has-post-thumbnail","hentry","category-novinky"],"yoast_head":"<!-- This site is optimized with the Yoast SEO plugin v27.2 - https:\/\/yoast.com\/product\/yoast-seo-wordpress\/ -->\n<title>26. ro\u010dn\u00edk Festivalu vedy a techniky za\u010d\u00edna - Festival vedy a techniky AMAVET<\/title>\n<meta name=\"robots\" content=\"index, follow, max-snippet:-1, max-image-preview:large, max-video-preview:-1\" \/>\n<link rel=\"canonical\" href=\"https:\/\/www.festivalvedy.sk\/wp2\/26-rocnik-festivalu-vedy-a-techniky-zacina\/\" \/>\n<meta property=\"og:locale\" content=\"sk_SK\" \/>\n<meta property=\"og:type\" content=\"article\" \/>\n<meta property=\"og:title\" content=\"26. ro\u010dn\u00edk Festivalu vedy a techniky za\u010d\u00edna - Festival vedy a techniky AMAVET\" \/>\n<meta property=\"og:description\" content=\"Asoci\u00e1cia pre ml\u00e1de\u017e, vedu a techniku (AMAVET) sp\u00fa\u0161\u0165a krajsk\u00e9 kol\u00e1 s\u00fa\u0165a\u017ee Festival vedy a techniky AMAVET (FVAT), na ktor\u00e9 srde\u010dne poz\u00fdva \u017eiakov so svojimi ved\u00e1torsk\u00fdmi projektami. \u017diaci II. stup\u0148a z\u00e1kladn\u00fdch \u0161k\u00f4l a \u017eiaci stredn\u00fdch \u0161k\u00f4l z cel\u00e9ho Slovenska m\u00f4\u017eu svoje projekty prihlasova\u0165 do 4. okt\u00f3bra 2023 (vr\u00e1tane). &nbsp; Ved\u00e1torsk\u00fd projekt je v\u00fdstupom samostatnej b\u00e1date\u013eskej \u010dinnosti [&hellip;]\" \/>\n<meta property=\"og:url\" content=\"https:\/\/www.festivalvedy.sk\/wp2\/26-rocnik-festivalu-vedy-a-techniky-zacina\/\" \/>\n<meta property=\"og:site_name\" content=\"Festival vedy a techniky AMAVET\" \/>\n<meta property=\"article:published_time\" content=\"2023-08-14T09:28:06+00:00\" \/>\n<meta property=\"article:modified_time\" content=\"2023-08-14T09:32:47+00:00\" \/>\n<meta property=\"og:image\" content=\"https:\/\/www.festivalvedy.sk\/wp2\/wp-content\/uploads\/2022\/02\/cropped-fvat-ochranna-zona.png\" \/>\n\t<meta property=\"og:image:width\" content=\"1190\" \/>\n\t<meta property=\"og:image:height\" content=\"357\" \/>\n\t<meta property=\"og:image:type\" content=\"image\/png\" \/>\n<meta name=\"author\" content=\"Redakcia\" \/>\n<meta name=\"twitter:card\" content=\"summary_large_image\" \/>\n<meta name=\"twitter:label1\" content=\"Autor\" \/>\n\t<meta name=\"twitter:data1\" content=\"Redakcia\" \/>\n\t<meta name=\"twitter:label2\" content=\"Predpokladan\u00fd \u010das \u010d\u00edtania\" \/>\n\t<meta name=\"twitter:data2\" content=\"2 min\u00faty\" \/>\n<script type=\"application\/ld+json\" class=\"yoast-schema-graph\">{\"@context\":\"https:\/\/schema.org\",\"@graph\":[{\"@type\":\"Article\",\"@id\":\"https:\/\/www.festivalvedy.sk\/wp2\/26-rocnik-festivalu-vedy-a-techniky-zacina\/#article\",\"isPartOf\":{\"@id\":\"https:\/\/www.festivalvedy.sk\/wp2\/26-rocnik-festivalu-vedy-a-techniky-zacina\/\"},\"author\":{\"name\":\"Redakcia\",\"@id\":\"https:\/\/www.festivalvedy.sk\/wp2\/#\/schema\/person\/f6c2e17170a626260fe38db97ed0a1f5\"},\"headline\":\"26. ro\u010dn\u00edk Festivalu vedy a techniky za\u010d\u00edna\",\"datePublished\":\"2023-08-14T09:28:06+00:00\",\"dateModified\":\"2023-08-14T09:32:47+00:00\",\"mainEntityOfPage\":{\"@id\":\"https:\/\/www.festivalvedy.sk\/wp2\/26-rocnik-festivalu-vedy-a-techniky-zacina\/\"},\"wordCount\":248,\"publisher\":{\"@id\":\"https:\/\/www.festivalvedy.sk\/wp2\/#organization\"},\"image\":{\"@id\":\"https:\/\/www.festivalvedy.sk\/wp2\/26-rocnik-festivalu-vedy-a-techniky-zacina\/#primaryimage\"},\"thumbnailUrl\":\"https:\/\/www.festivalvedy.sk\/wp2\/wp-content\/uploads\/2022\/02\/cropped-fvat-ochranna-zona.png\",\"articleSection\":[\"Novinky\"],\"inLanguage\":\"sk-SK\"},{\"@type\":\"WebPage\",\"@id\":\"https:\/\/www.festivalvedy.sk\/wp2\/26-rocnik-festivalu-vedy-a-techniky-zacina\/\",\"url\":\"https:\/\/www.festivalvedy.sk\/wp2\/26-rocnik-festivalu-vedy-a-techniky-zacina\/\",\"name\":\"26. ro\u010dn\u00edk Festivalu vedy a techniky za\u010d\u00edna - Festival vedy a techniky AMAVET\",\"isPartOf\":{\"@id\":\"https:\/\/www.festivalvedy.sk\/wp2\/#website\"},\"primaryImageOfPage\":{\"@id\":\"https:\/\/www.festivalvedy.sk\/wp2\/26-rocnik-festivalu-vedy-a-techniky-zacina\/#primaryimage\"},\"image\":{\"@id\":\"https:\/\/www.festivalvedy.sk\/wp2\/26-rocnik-festivalu-vedy-a-techniky-zacina\/#primaryimage\"},\"thumbnailUrl\":\"https:\/\/www.festivalvedy.sk\/wp2\/wp-content\/uploads\/2022\/02\/cropped-fvat-ochranna-zona.png\",\"datePublished\":\"2023-08-14T09:28:06+00:00\",\"dateModified\":\"2023-08-14T09:32:47+00:00\",\"breadcrumb\":{\"@id\":\"https:\/\/www.festivalvedy.sk\/wp2\/26-rocnik-festivalu-vedy-a-techniky-zacina\/#breadcrumb\"},\"inLanguage\":\"sk-SK\",\"potentialAction\":[{\"@type\":\"ReadAction\",\"target\":[\"https:\/\/www.festivalvedy.sk\/wp2\/26-rocnik-festivalu-vedy-a-techniky-zacina\/\"]}]},{\"@type\":\"ImageObject\",\"inLanguage\":\"sk-SK\",\"@id\":\"https:\/\/www.festivalvedy.sk\/wp2\/26-rocnik-festivalu-vedy-a-techniky-zacina\/#primaryimage\",\"url\":\"https:\/\/www.festivalvedy.sk\/wp2\/wp-content\/uploads\/2022\/02\/cropped-fvat-ochranna-zona.png\",\"contentUrl\":\"https:\/\/www.festivalvedy.sk\/wp2\/wp-content\/uploads\/2022\/02\/cropped-fvat-ochranna-zona.png\",\"width\":1190,\"height\":357},{\"@type\":\"BreadcrumbList\",\"@id\":\"https:\/\/www.festivalvedy.sk\/wp2\/26-rocnik-festivalu-vedy-a-techniky-zacina\/#breadcrumb\",\"itemListElement\":[{\"@type\":\"ListItem\",\"position\":1,\"name\":\"Home\",\"item\":\"https:\/\/www.festivalvedy.sk\/wp2\/\"},{\"@type\":\"ListItem\",\"position\":2,\"name\":\"26. ro\u010dn\u00edk Festivalu vedy a techniky za\u010d\u00edna\"}]},{\"@type\":\"WebSite\",\"@id\":\"https:\/\/www.festivalvedy.sk\/wp2\/#website\",\"url\":\"https:\/\/www.festivalvedy.sk\/wp2\/\",\"name\":\"Festival vedy a techniky AMAVET\",\"description\":\"AMAVET - Asoci\u00e1cia pre ml\u00e1de\u017e, vedu a techniku\",\"publisher\":{\"@id\":\"https:\/\/www.festivalvedy.sk\/wp2\/#organization\"},\"potentialAction\":[{\"@type\":\"SearchAction\",\"target\":{\"@type\":\"EntryPoint\",\"urlTemplate\":\"https:\/\/www.festivalvedy.sk\/wp2\/?s={search_term_string}\"},\"query-input\":{\"@type\":\"PropertyValueSpecification\",\"valueRequired\":true,\"valueName\":\"search_term_string\"}}],\"inLanguage\":\"sk-SK\"},{\"@type\":\"Organization\",\"@id\":\"https:\/\/www.festivalvedy.sk\/wp2\/#organization\",\"name\":\"Festival vedy a techniky AMAVET\",\"url\":\"https:\/\/www.festivalvedy.sk\/wp2\/\",\"logo\":{\"@type\":\"ImageObject\",\"inLanguage\":\"sk-SK\",\"@id\":\"https:\/\/www.festivalvedy.sk\/wp2\/#\/schema\/logo\/image\/\",\"url\":\"https:\/\/www.festivalvedy.sk\/wp2\/wp-content\/uploads\/2022\/02\/cropped-fvat-ochranna-zona.png\",\"contentUrl\":\"https:\/\/www.festivalvedy.sk\/wp2\/wp-content\/uploads\/2022\/02\/cropped-fvat-ochranna-zona.png\",\"width\":1190,\"height\":357,\"caption\":\"Festival vedy a techniky AMAVET\"},\"image\":{\"@id\":\"https:\/\/www.festivalvedy.sk\/wp2\/#\/schema\/logo\/image\/\"}},{\"@type\":\"Person\",\"@id\":\"https:\/\/www.festivalvedy.sk\/wp2\/#\/schema\/person\/f6c2e17170a626260fe38db97ed0a1f5\",\"name\":\"Redakcia\",\"image\":{\"@type\":\"ImageObject\",\"inLanguage\":\"sk-SK\",\"@id\":\"https:\/\/secure.gravatar.com\/avatar\/2f7c312d560e25e8eb59b6b53cadd5dc16b39f25bac1c7d0a221dafd9c91fae9?s=96&d=mm&r=g\",\"url\":\"https:\/\/secure.gravatar.com\/avatar\/2f7c312d560e25e8eb59b6b53cadd5dc16b39f25bac1c7d0a221dafd9c91fae9?s=96&d=mm&r=g\",\"contentUrl\":\"https:\/\/secure.gravatar.com\/avatar\/2f7c312d560e25e8eb59b6b53cadd5dc16b39f25bac1c7d0a221dafd9c91fae9?s=96&d=mm&r=g\",\"caption\":\"Redakcia\"},\"url\":\"https:\/\/www.festivalvedy.sk\/wp2\/author\/fvatadmin\/\"}]}<\/script>\n<!-- \/ Yoast SEO plugin. -->","yoast_head_json":{"title":"26. ro\u010dn\u00edk Festivalu vedy a techniky za\u010d\u00edna - Festival vedy a techniky AMAVET","robots":{"index":"index","follow":"follow","max-snippet":"max-snippet:-1","max-image-preview":"max-image-preview:large","max-video-preview":"max-video-preview:-1"},"canonical":"https:\/\/www.festivalvedy.sk\/wp2\/26-rocnik-festivalu-vedy-a-techniky-zacina\/","og_locale":"sk_SK","og_type":"article","og_title":"26. ro\u010dn\u00edk Festivalu vedy a techniky za\u010d\u00edna - Festival vedy a techniky AMAVET","og_description":"Asoci\u00e1cia pre ml\u00e1de\u017e, vedu a techniku (AMAVET) sp\u00fa\u0161\u0165a krajsk\u00e9 kol\u00e1 s\u00fa\u0165a\u017ee Festival vedy a techniky AMAVET (FVAT), na ktor\u00e9 srde\u010dne poz\u00fdva \u017eiakov so svojimi ved\u00e1torsk\u00fdmi projektami. \u017diaci II. stup\u0148a z\u00e1kladn\u00fdch \u0161k\u00f4l a \u017eiaci stredn\u00fdch \u0161k\u00f4l z cel\u00e9ho Slovenska m\u00f4\u017eu svoje projekty prihlasova\u0165 do 4. okt\u00f3bra 2023 (vr\u00e1tane). &nbsp; Ved\u00e1torsk\u00fd projekt je v\u00fdstupom samostatnej b\u00e1date\u013eskej \u010dinnosti [&hellip;]","og_url":"https:\/\/www.festivalvedy.sk\/wp2\/26-rocnik-festivalu-vedy-a-techniky-zacina\/","og_site_name":"Festival vedy a techniky AMAVET","article_published_time":"2023-08-14T09:28:06+00:00","article_modified_time":"2023-08-14T09:32:47+00:00","og_image":[{"width":1190,"height":357,"url":"https:\/\/www.festivalvedy.sk\/wp2\/wp-content\/uploads\/2022\/02\/cropped-fvat-ochranna-zona.png","type":"image\/png"}],"author":"Redakcia","twitter_card":"summary_large_image","twitter_misc":{"Autor":"Redakcia","Predpokladan\u00fd \u010das \u010d\u00edtania":"2 min\u00faty"},"schema":{"@context":"https:\/\/schema.org","@graph":[{"@type":"Article","@id":"https:\/\/www.festivalvedy.sk\/wp2\/26-rocnik-festivalu-vedy-a-techniky-zacina\/#article","isPartOf":{"@id":"https:\/\/www.festivalvedy.sk\/wp2\/26-rocnik-festivalu-vedy-a-techniky-zacina\/"},"author":{"name":"Redakcia","@id":"https:\/\/www.festivalvedy.sk\/wp2\/#\/schema\/person\/f6c2e17170a626260fe38db97ed0a1f5"},"headline":"26. ro\u010dn\u00edk Festivalu vedy a techniky za\u010d\u00edna","datePublished":"2023-08-14T09:28:06+00:00","dateModified":"2023-08-14T09:32:47+00:00","mainEntityOfPage":{"@id":"https:\/\/www.festivalvedy.sk\/wp2\/26-rocnik-festivalu-vedy-a-techniky-zacina\/"},"wordCount":248,"publisher":{"@id":"https:\/\/www.festivalvedy.sk\/wp2\/#organization"},"image":{"@id":"https:\/\/www.festivalvedy.sk\/wp2\/26-rocnik-festivalu-vedy-a-techniky-zacina\/#primaryimage"},"thumbnailUrl":"https:\/\/www.festivalvedy.sk\/wp2\/wp-content\/uploads\/2022\/02\/cropped-fvat-ochranna-zona.png","articleSection":["Novinky"],"inLanguage":"sk-SK"},{"@type":"WebPage","@id":"https:\/\/www.festivalvedy.sk\/wp2\/26-rocnik-festivalu-vedy-a-techniky-zacina\/","url":"https:\/\/www.festivalvedy.sk\/wp2\/26-rocnik-festivalu-vedy-a-techniky-zacina\/","name":"26. ro\u010dn\u00edk Festivalu vedy a techniky za\u010d\u00edna - Festival vedy a techniky AMAVET","isPartOf":{"@id":"https:\/\/www.festivalvedy.sk\/wp2\/#website"},"primaryImageOfPage":{"@id":"https:\/\/www.festivalvedy.sk\/wp2\/26-rocnik-festivalu-vedy-a-techniky-zacina\/#primaryimage"},"image":{"@id":"https:\/\/www.festivalvedy.sk\/wp2\/26-rocnik-festivalu-vedy-a-techniky-zacina\/#primaryimage"},"thumbnailUrl":"https:\/\/www.festivalvedy.sk\/wp2\/wp-content\/uploads\/2022\/02\/cropped-fvat-ochranna-zona.png","datePublished":"2023-08-14T09:28:06+00:00","dateModified":"2023-08-14T09:32:47+00:00","breadcrumb":{"@id":"https:\/\/www.festivalvedy.sk\/wp2\/26-rocnik-festivalu-vedy-a-techniky-zacina\/#breadcrumb"},"inLanguage":"sk-SK","potentialAction":[{"@type":"ReadAction","target":["https:\/\/www.festivalvedy.sk\/wp2\/26-rocnik-festivalu-vedy-a-techniky-zacina\/"]}]},{"@type":"ImageObject","inLanguage":"sk-SK","@id":"https:\/\/www.festivalvedy.sk\/wp2\/26-rocnik-festivalu-vedy-a-techniky-zacina\/#primaryimage","url":"https:\/\/www.festivalvedy.sk\/wp2\/wp-content\/uploads\/2022\/02\/cropped-fvat-ochranna-zona.png","contentUrl":"https:\/\/www.festivalvedy.sk\/wp2\/wp-content\/uploads\/2022\/02\/cropped-fvat-ochranna-zona.png","width":1190,"height":357},{"@type":"BreadcrumbList","@id":"https:\/\/www.festivalvedy.sk\/wp2\/26-rocnik-festivalu-vedy-a-techniky-zacina\/#breadcrumb","itemListElement":[{"@type":"ListItem","position":1,"name":"Home","item":"https:\/\/www.festivalvedy.sk\/wp2\/"},{"@type":"ListItem","position":2,"name":"26. ro\u010dn\u00edk Festivalu vedy a techniky za\u010d\u00edna"}]},{"@type":"WebSite","@id":"https:\/\/www.festivalvedy.sk\/wp2\/#website","url":"https:\/\/www.festivalvedy.sk\/wp2\/","name":"Festival vedy a techniky AMAVET","description":"AMAVET - Asoci\u00e1cia pre ml\u00e1de\u017e, vedu a techniku","publisher":{"@id":"https:\/\/www.festivalvedy.sk\/wp2\/#organization"},"potentialAction":[{"@type":"SearchAction","target":{"@type":"EntryPoint","urlTemplate":"https:\/\/www.festivalvedy.sk\/wp2\/?s={search_term_string}"},"query-input":{"@type":"PropertyValueSpecification","valueRequired":true,"valueName":"search_term_string"}}],"inLanguage":"sk-SK"},{"@type":"Organization","@id":"https:\/\/www.festivalvedy.sk\/wp2\/#organization","name":"Festival vedy a techniky AMAVET","url":"https:\/\/www.festivalvedy.sk\/wp2\/","logo":{"@type":"ImageObject","inLanguage":"sk-SK","@id":"https:\/\/www.festivalvedy.sk\/wp2\/#\/schema\/logo\/image\/","url":"https:\/\/www.festivalvedy.sk\/wp2\/wp-content\/uploads\/2022\/02\/cropped-fvat-ochranna-zona.png","contentUrl":"https:\/\/www.festivalvedy.sk\/wp2\/wp-content\/uploads\/2022\/02\/cropped-fvat-ochranna-zona.png","width":1190,"height":357,"caption":"Festival vedy a techniky AMAVET"},"image":{"@id":"https:\/\/www.festivalvedy.sk\/wp2\/#\/schema\/logo\/image\/"}},{"@type":"Person","@id":"https:\/\/www.festivalvedy.sk\/wp2\/#\/schema\/person\/f6c2e17170a626260fe38db97ed0a1f5","name":"Redakcia","image":{"@type":"ImageObject","inLanguage":"sk-SK","@id":"https:\/\/secure.gravatar.com\/avatar\/2f7c312d560e25e8eb59b6b53cadd5dc16b39f25bac1c7d0a221dafd9c91fae9?s=96&d=mm&r=g","url":"https:\/\/secure.gravatar.com\/avatar\/2f7c312d560e25e8eb59b6b53cadd5dc16b39f25bac1c7d0a221dafd9c91fae9?s=96&d=mm&r=g","contentUrl":"https:\/\/secure.gravatar.com\/avatar\/2f7c312d560e25e8eb59b6b53cadd5dc16b39f25bac1c7d0a221dafd9c91fae9?s=96&d=mm&r=g","caption":"Redakcia"},"url":"https:\/\/www.festivalvedy.sk\/wp2\/author\/fvatadmin\/"}]}},"_links":{"self":[{"href":"https:\/\/www.festivalvedy.sk\/wp2\/wp-json\/wp\/v2\/posts\/3849","targetHints":{"allow":["GET"]}}],"collection":[{"href":"https:\/\/www.festivalvedy.sk\/wp2\/wp-json\/wp\/v2\/posts"}],"about":[{"href":"https:\/\/www.festivalvedy.sk\/wp2\/wp-json\/wp\/v2\/types\/post"}],"author":[{"embeddable":true,"href":"https:\/\/www.festivalvedy.sk\/wp2\/wp-json\/wp\/v2\/users\/1"}],"replies":[{"embeddable":true,"href":"https:\/\/www.festivalvedy.sk\/wp2\/wp-json\/wp\/v2\/comments?post=3849"}],"version-history":[{"count":2,"href":"https:\/\/www.festivalvedy.sk\/wp2\/wp-json\/wp\/v2\/posts\/3849\/revisions"}],"predecessor-version":[{"id":3852,"href":"https:\/\/www.festivalvedy.sk\/wp2\/wp-json\/wp\/v2\/posts\/3849\/revisions\/3852"}],"wp:featuredmedia":[{"embeddable":true,"href":"https:\/\/www.festivalvedy.sk\/wp2\/wp-json\/wp\/v2\/media\/3156"}],"wp:attachment":[{"href":"https:\/\/www.festivalvedy.sk\/wp2\/wp-json\/wp\/v2\/media?parent=3849"}],"wp:term":[{"taxonomy":"category","embeddable":true,"href":"https:\/\/www.festivalvedy.sk\/wp2\/wp-json\/wp\/v2\/categories?post=3849"},{"taxonomy":"post_tag","embeddable":true,"href":"https:\/\/www.festivalvedy.sk\/wp2\/wp-json\/wp\/v2\/tags?post=3849"}],"curies":[{"name":"wp","href":"https:\/\/api.w.org\/{rel}","templated":true}]}}