{"id":4422,"date":"2024-06-11T14:09:32","date_gmt":"2024-06-11T12:09:32","guid":{"rendered":"https:\/\/www.festivalvedy.sk\/wp2\/?p=4422"},"modified":"2024-06-11T14:22:02","modified_gmt":"2024-06-11T12:22:02","slug":"exporecerca-jove-v-barcelone","status":"publish","type":"post","link":"https:\/\/www.festivalvedy.sk\/wp2\/exporecerca-jove-v-barcelone\/","title":{"rendered":"Exporecerca Jove v Barcelone"},"content":{"rendered":"<section class=\"kc-elm kc-css-358816 kc_row\"><div class=\"kc-row-container  kc-container\"><div class=\"kc-wrap-columns\"><div class=\"kc-elm kc-css-927446 kc_col-sm-12 kc_column kc_col-sm-12\"><div class=\"kc-col-container\"><div class=\"kc-elm kc-css-618950 kc_shortcode kc_single_image\">\n\n        <img decoding=\"async\" src=\"https:\/\/www.festivalvedy.sk\/wp2\/wp-content\/uploads\/2024\/06\/IMG-20240308-WA0140.jpg\" class=\"\" alt=\"\" \/>    <\/div>\n<div class=\"kc-elm kc-css-47821 kc_text_block\"><\/p>\n<p><strong>V\u00ed\u0165azka Festivalu vedy a\u00a0techniky AMAVET 2023 Dominika \u017d\u00e1\u010dikov\u00e1 sa nominovala na medzin\u00e1rodn\u00e9 podujatie Exporecerca Jove, ktor\u00e9 sa uskuto\u010dnilo 6. a\u017e 10. marca 2024 v\u00a0Barcelone. Ako tam bolo a\u00a0ak\u00e9 dojmy si odn\u00e1\u0161a z\u00a0reprezent\u00e1cie Asoci\u00e1cie pre ml\u00e1de\u017e, vedu a\u00a0techniku (AMAVET)? <\/strong><span id=\"more-8655\"><\/span><\/p>\n<p><em>\u201eExporecerca Jove je medzin\u00e1rodn\u00fd v\u00fdskumn\u00fd ve\u013etrh, ve\u013emi podobn\u00fd n\u00e1\u0161mu slovensk\u00e9mu Festivalu vedy a\u00a0techniky AMAVET. Ka\u017ed\u00fd s\u00fa\u0165a\u017eiaci m\u00e1 svoj prezenta\u010dn\u00fd st\u00e1nok pre poster a m\u00e1 pr\u00edle\u017eitos\u0165 prezentova\u0165 svoju pr\u00e1cu nielen porotcom, ale aj verejnosti, vr\u00e1tane \u017eiakov z\u00e1kladn\u00fdch a stredn\u00fdch \u0161k\u00f4l.\u00a0<\/em><\/p>\n<p><em>\u00a0<\/em><em>S\u00fa\u010das\u0165ou programu boli okrem prezentovania a hodnotenia aj r\u00f4zne aktivity. Prv\u00fd de\u0148, ktor\u00fd mal sl\u00fa\u017ei\u0165 na zoznamovanie a pr\u00edpravu st\u00e1nkov, sa konala aj oslava 25. v\u00fdro\u010dia s\u00fa\u0165a\u017ee. Nasleduj\u00faci de\u0148, vo \u0161tvrtok, ke\u010f sa za\u010dalo prezentovanie, sme mali pr\u00edle\u017eitos\u0165 si po dokon\u010den\u00ed prezent\u00e1cie vypo\u010du\u0165 prezent\u00e1cie ostatn\u00fdch s\u00fa\u0165a\u017eiacich v r\u00e1mci peer presentations. V piatok sme mali doobeda predn\u00e1\u0161ku spojen\u00fa s diskusiou od dvoch vedk\u00fd\u0148 na t\u00e9mu komunik\u00e1cia a prezentovanie, kde sme sa na oslavu d\u0148a \u017eien taktie\u017e rozpr\u00e1vali na t\u00e9mu \u017eien vo vede. Po poobed\u0148aj\u0161om prezentovan\u00ed sme sa ako s\u00fa\u010das\u0165 programu i\u0161li pozrie\u0165 do Poble Espanyol, \u010do je architektonick\u00e9 m\u00fazeum pod hol\u00fdm nebom zobrazuj\u00face architekt\u00faru \u0160panielska. Posledn\u00fd de\u0148 prezentovania sme mali po obede rozchod v m\u00fazeu Comsocaixa, kde prebehlo aj vyhodnotenie.\u00a0<\/em><\/p>\n<p><em>Po programe sme ka\u017ed\u00fd ve\u010der a pred odletom objavovali mesto a nav\u0161t\u00edvili sme zn\u00e1me turistick\u00e9 miesta Barcelony.\u00a0<\/em><\/p>\n<p><em>Prezentovanie som si ve\u013emi u\u017e\u00edvala, preto\u017ee som mala mo\u017enos\u0165 si zopakova\u0165 z\u00e1\u017eitok z\u00a0Festivalu vedy a\u00a0techniky AMAVET, ale tentokr\u00e1t v medzin\u00e1rodnom prostred\u00ed. Dostala som rady od r\u00f4znych porotcov do bud\u00facna, za ktor\u00e9 som ve\u013emi v\u010fa\u010dn\u00e1 a pomohlo mi to s prekon\u00e1van\u00edm strachu z vystupovania pred \u013eu\u010fmi. Spoznala som ve\u013ea skvel\u00fdch talentovan\u00fdch mlad\u00fdch \u013eud\u00ed z \u0160panielska, \u010c\u00edny, \u0160vaj\u010diarska, Turecka a \u010fal\u0161\u00edch, a na\u0161la si nov\u00fdch kamar\u00e1tov, s ktor\u00fdmi som na\u010falej v kontakte. Tie\u017e som si precvi\u010dila angli\u010dtinu, nako\u013eko to bol jedin\u00fd jazyk, v ktorom som sa dorozumievala (Duolingo mi za tie tri mesiace nepomohol dosta\u0165 sa na konverza\u010dn\u00fa \u00farove\u0148 \u0161paniel\u010diny).\u00a0<\/em><\/p>\n<p><em>V bl\u00edzkej bud\u00facnosti ma \u010dakaj\u00fa maturity a potom prij\u00edma\u010dky na vysok\u00fa \u0161kolu. Rada by som ostala v oblasti vedy, bu\u010f v medic\u00edne alebo farm\u00e1cii. Pobyt v \u0160panielsku som si nesmierne u\u017eila a som ve\u013emi v\u010fa\u010dn\u00e1, \u017ee som sa toho, v\u010faka AMAVET-u, mohla z\u00fa\u010dastni\u0165.<\/em><\/p>\n<p><em>Za finan\u010dn\u00fa podporu tejto cesty \u010fakujeme Nada\u010dn\u00e9mu fondu man\u017eelov Taba\u010dikov, ktor\u00e9 spravuje Ob\u010dianske zdru\u017eenie priate\u013eov dej\u00edn, techniky a\u00a0vyn\u00e1lezov.\u201c<br \/><\/em><\/p>\n<\/p>\n<div id=\"simple-translate\" class=\"simple-translate-dark-theme\">\n<div>\n<div class=\"simple-translate-button isShow\" style=\"background-image: url(&#039;moz-extension:\/\/622988c2-2bbf-408f-b48a-2f1b037181ab\/icons\/512.png&#039;); height: 22px; width: 22px; top: 34px; left: 21px;\">\u00a0<\/div>\n<div class=\"simple-translate-panel \" style=\"width: 300px; height: 200px; top: 0px; left: 0px; font-size: 13px;\">\n<div class=\"simple-translate-result-wrapper\" style=\"overflow: hidden;\">\n<div class=\"simple-translate-move\" draggable=\"true\">\u00a0<\/div>\n<div class=\"simple-translate-result-contents\">\n<p class=\"simple-translate-result\" dir=\"auto\">\n<p class=\"simple-translate-candidate\" dir=\"auto\">\n<\/div>\n<\/div>\n<\/div>\n<\/div>\n<\/div>\n<p>\n<\/div><div class=\"kc-elm kc-css-586597 kc_shortcode kc_single_image\">\n\n        <img decoding=\"async\" src=\"https:\/\/www.festivalvedy.sk\/wp2\/wp-content\/uploads\/2024\/06\/IMG-20240308-WA0088.jpg\" class=\"\" alt=\"\" \/>    <\/div>\n<\/div><\/div><\/div><\/div><\/section>\n","protected":false},"excerpt":{"rendered":"","protected":false},"author":3,"featured_media":4424,"comment_status":"closed","ping_status":"closed","sticky":false,"template":"","format":"standard","meta":{"om_disable_all_campaigns":false,"_monsterinsights_skip_tracking":false,"_uf_show_specific_survey":0,"_uf_disable_surveys":false,"footnotes":""},"categories":[33,32,5],"tags":[],"class_list":["post-4422","post","type-post","status-publish","format-standard","has-post-thumbnail","hentry","category-novinky","category-vitazi-v-zahranici","category-sutaze-v-zahranici"],"yoast_head":"<!-- This site is optimized with the Yoast SEO plugin v27.2 - https:\/\/yoast.com\/product\/yoast-seo-wordpress\/ -->\n<title>Exporecerca Jove v Barcelone - Festival vedy a techniky AMAVET<\/title>\n<meta name=\"robots\" content=\"index, follow, max-snippet:-1, max-image-preview:large, max-video-preview:-1\" \/>\n<link rel=\"canonical\" href=\"https:\/\/www.festivalvedy.sk\/wp2\/exporecerca-jove-v-barcelone\/\" \/>\n<meta property=\"og:locale\" content=\"sk_SK\" \/>\n<meta property=\"og:type\" content=\"article\" \/>\n<meta property=\"og:title\" content=\"Exporecerca Jove v Barcelone - Festival vedy a techniky AMAVET\" \/>\n<meta property=\"og:description\" content=\"V\u00ed\u0165azka Festivalu vedy a\u00a0techniky AMAVET 2023 Dominika \u017d\u00e1\u010dikov\u00e1 sa nominovala na medzin\u00e1rodn\u00e9 podujatie Exporecerca Jove, ktor\u00e9 sa uskuto\u010dnilo 6. a\u017e 10. marca 2024 v\u00a0Barcelone. Ako tam bolo a\u00a0ak\u00e9 dojmy si odn\u00e1\u0161a z\u00a0reprezent\u00e1cie Asoci\u00e1cie pre ml\u00e1de\u017e, vedu a\u00a0techniku (AMAVET)? \u201eExporecerca Jove je medzin\u00e1rodn\u00fd v\u00fdskumn\u00fd ve\u013etrh, ve\u013emi podobn\u00fd n\u00e1\u0161mu slovensk\u00e9mu Festivalu vedy a\u00a0techniky AMAVET. Ka\u017ed\u00fd s\u00fa\u0165a\u017eiaci m\u00e1 [&hellip;]\" \/>\n<meta property=\"og:url\" content=\"https:\/\/www.festivalvedy.sk\/wp2\/exporecerca-jove-v-barcelone\/\" \/>\n<meta property=\"og:site_name\" content=\"Festival vedy a techniky AMAVET\" \/>\n<meta property=\"article:published_time\" content=\"2024-06-11T12:09:32+00:00\" \/>\n<meta property=\"article:modified_time\" content=\"2024-06-11T12:22:02+00:00\" \/>\n<meta property=\"og:image\" content=\"https:\/\/www.festivalvedy.sk\/wp2\/wp-content\/uploads\/2024\/06\/IMG-20240308-WA0140.jpg\" \/>\n\t<meta property=\"og:image:width\" content=\"1126\" \/>\n\t<meta property=\"og:image:height\" content=\"2000\" \/>\n\t<meta property=\"og:image:type\" content=\"image\/jpeg\" \/>\n<meta name=\"author\" content=\"cichova@amavet.sk\" \/>\n<meta name=\"twitter:card\" content=\"summary_large_image\" \/>\n<meta name=\"twitter:label1\" content=\"Autor\" \/>\n\t<meta name=\"twitter:data1\" content=\"cichova@amavet.sk\" \/>\n\t<meta name=\"twitter:label2\" content=\"Predpokladan\u00fd \u010das \u010d\u00edtania\" \/>\n\t<meta name=\"twitter:data2\" content=\"3 min\u00faty\" \/>\n<script type=\"application\/ld+json\" class=\"yoast-schema-graph\">{\"@context\":\"https:\/\/schema.org\",\"@graph\":[{\"@type\":\"Article\",\"@id\":\"https:\/\/www.festivalvedy.sk\/wp2\/exporecerca-jove-v-barcelone\/#article\",\"isPartOf\":{\"@id\":\"https:\/\/www.festivalvedy.sk\/wp2\/exporecerca-jove-v-barcelone\/\"},\"author\":{\"name\":\"cichova@amavet.sk\",\"@id\":\"https:\/\/www.festivalvedy.sk\/wp2\/#\/schema\/person\/7875f2822eb6744f8a6b8da979bb4d70\"},\"headline\":\"Exporecerca Jove v Barcelone\",\"datePublished\":\"2024-06-11T12:09:32+00:00\",\"dateModified\":\"2024-06-11T12:22:02+00:00\",\"mainEntityOfPage\":{\"@id\":\"https:\/\/www.festivalvedy.sk\/wp2\/exporecerca-jove-v-barcelone\/\"},\"wordCount\":501,\"publisher\":{\"@id\":\"https:\/\/www.festivalvedy.sk\/wp2\/#organization\"},\"image\":{\"@id\":\"https:\/\/www.festivalvedy.sk\/wp2\/exporecerca-jove-v-barcelone\/#primaryimage\"},\"thumbnailUrl\":\"https:\/\/www.festivalvedy.sk\/wp2\/wp-content\/uploads\/2024\/06\/IMG-20240308-WA0140.jpg\",\"articleSection\":[\"Novinky\",\"Reprezentovali n\u00e1s\",\"S\u00fa\u0165a\u017ee v zahrani\u010d\u00ed\"],\"inLanguage\":\"sk-SK\"},{\"@type\":\"WebPage\",\"@id\":\"https:\/\/www.festivalvedy.sk\/wp2\/exporecerca-jove-v-barcelone\/\",\"url\":\"https:\/\/www.festivalvedy.sk\/wp2\/exporecerca-jove-v-barcelone\/\",\"name\":\"Exporecerca Jove v Barcelone - Festival vedy a techniky AMAVET\",\"isPartOf\":{\"@id\":\"https:\/\/www.festivalvedy.sk\/wp2\/#website\"},\"primaryImageOfPage\":{\"@id\":\"https:\/\/www.festivalvedy.sk\/wp2\/exporecerca-jove-v-barcelone\/#primaryimage\"},\"image\":{\"@id\":\"https:\/\/www.festivalvedy.sk\/wp2\/exporecerca-jove-v-barcelone\/#primaryimage\"},\"thumbnailUrl\":\"https:\/\/www.festivalvedy.sk\/wp2\/wp-content\/uploads\/2024\/06\/IMG-20240308-WA0140.jpg\",\"datePublished\":\"2024-06-11T12:09:32+00:00\",\"dateModified\":\"2024-06-11T12:22:02+00:00\",\"breadcrumb\":{\"@id\":\"https:\/\/www.festivalvedy.sk\/wp2\/exporecerca-jove-v-barcelone\/#breadcrumb\"},\"inLanguage\":\"sk-SK\",\"potentialAction\":[{\"@type\":\"ReadAction\",\"target\":[\"https:\/\/www.festivalvedy.sk\/wp2\/exporecerca-jove-v-barcelone\/\"]}]},{\"@type\":\"ImageObject\",\"inLanguage\":\"sk-SK\",\"@id\":\"https:\/\/www.festivalvedy.sk\/wp2\/exporecerca-jove-v-barcelone\/#primaryimage\",\"url\":\"https:\/\/www.festivalvedy.sk\/wp2\/wp-content\/uploads\/2024\/06\/IMG-20240308-WA0140.jpg\",\"contentUrl\":\"https:\/\/www.festivalvedy.sk\/wp2\/wp-content\/uploads\/2024\/06\/IMG-20240308-WA0140.jpg\",\"width\":1126,\"height\":2000},{\"@type\":\"BreadcrumbList\",\"@id\":\"https:\/\/www.festivalvedy.sk\/wp2\/exporecerca-jove-v-barcelone\/#breadcrumb\",\"itemListElement\":[{\"@type\":\"ListItem\",\"position\":1,\"name\":\"Home\",\"item\":\"https:\/\/www.festivalvedy.sk\/wp2\/\"},{\"@type\":\"ListItem\",\"position\":2,\"name\":\"Exporecerca Jove v Barcelone\"}]},{\"@type\":\"WebSite\",\"@id\":\"https:\/\/www.festivalvedy.sk\/wp2\/#website\",\"url\":\"https:\/\/www.festivalvedy.sk\/wp2\/\",\"name\":\"Festival vedy a techniky AMAVET\",\"description\":\"AMAVET - Asoci\u00e1cia pre ml\u00e1de\u017e, vedu a techniku\",\"publisher\":{\"@id\":\"https:\/\/www.festivalvedy.sk\/wp2\/#organization\"},\"potentialAction\":[{\"@type\":\"SearchAction\",\"target\":{\"@type\":\"EntryPoint\",\"urlTemplate\":\"https:\/\/www.festivalvedy.sk\/wp2\/?s={search_term_string}\"},\"query-input\":{\"@type\":\"PropertyValueSpecification\",\"valueRequired\":true,\"valueName\":\"search_term_string\"}}],\"inLanguage\":\"sk-SK\"},{\"@type\":\"Organization\",\"@id\":\"https:\/\/www.festivalvedy.sk\/wp2\/#organization\",\"name\":\"Festival vedy a techniky AMAVET\",\"url\":\"https:\/\/www.festivalvedy.sk\/wp2\/\",\"logo\":{\"@type\":\"ImageObject\",\"inLanguage\":\"sk-SK\",\"@id\":\"https:\/\/www.festivalvedy.sk\/wp2\/#\/schema\/logo\/image\/\",\"url\":\"https:\/\/www.festivalvedy.sk\/wp2\/wp-content\/uploads\/2022\/02\/cropped-fvat-ochranna-zona.png\",\"contentUrl\":\"https:\/\/www.festivalvedy.sk\/wp2\/wp-content\/uploads\/2022\/02\/cropped-fvat-ochranna-zona.png\",\"width\":1190,\"height\":357,\"caption\":\"Festival vedy a techniky AMAVET\"},\"image\":{\"@id\":\"https:\/\/www.festivalvedy.sk\/wp2\/#\/schema\/logo\/image\/\"}},{\"@type\":\"Person\",\"@id\":\"https:\/\/www.festivalvedy.sk\/wp2\/#\/schema\/person\/7875f2822eb6744f8a6b8da979bb4d70\",\"name\":\"cichova@amavet.sk\",\"image\":{\"@type\":\"ImageObject\",\"inLanguage\":\"sk-SK\",\"@id\":\"https:\/\/secure.gravatar.com\/avatar\/6227f01bf3909de753b0c67135a8bcd4eb2f9674d0dc3890077f42d17beffba8?s=96&d=mm&r=g\",\"url\":\"https:\/\/secure.gravatar.com\/avatar\/6227f01bf3909de753b0c67135a8bcd4eb2f9674d0dc3890077f42d17beffba8?s=96&d=mm&r=g\",\"contentUrl\":\"https:\/\/secure.gravatar.com\/avatar\/6227f01bf3909de753b0c67135a8bcd4eb2f9674d0dc3890077f42d17beffba8?s=96&d=mm&r=g\",\"caption\":\"cichova@amavet.sk\"},\"url\":\"https:\/\/www.festivalvedy.sk\/wp2\/author\/cichovaamavet-sk\/\"}]}<\/script>\n<!-- \/ Yoast SEO plugin. -->","yoast_head_json":{"title":"Exporecerca Jove v Barcelone - Festival vedy a techniky AMAVET","robots":{"index":"index","follow":"follow","max-snippet":"max-snippet:-1","max-image-preview":"max-image-preview:large","max-video-preview":"max-video-preview:-1"},"canonical":"https:\/\/www.festivalvedy.sk\/wp2\/exporecerca-jove-v-barcelone\/","og_locale":"sk_SK","og_type":"article","og_title":"Exporecerca Jove v Barcelone - Festival vedy a techniky AMAVET","og_description":"V\u00ed\u0165azka Festivalu vedy a\u00a0techniky AMAVET 2023 Dominika \u017d\u00e1\u010dikov\u00e1 sa nominovala na medzin\u00e1rodn\u00e9 podujatie Exporecerca Jove, ktor\u00e9 sa uskuto\u010dnilo 6. a\u017e 10. marca 2024 v\u00a0Barcelone. Ako tam bolo a\u00a0ak\u00e9 dojmy si odn\u00e1\u0161a z\u00a0reprezent\u00e1cie Asoci\u00e1cie pre ml\u00e1de\u017e, vedu a\u00a0techniku (AMAVET)? \u201eExporecerca Jove je medzin\u00e1rodn\u00fd v\u00fdskumn\u00fd ve\u013etrh, ve\u013emi podobn\u00fd n\u00e1\u0161mu slovensk\u00e9mu Festivalu vedy a\u00a0techniky AMAVET. Ka\u017ed\u00fd s\u00fa\u0165a\u017eiaci m\u00e1 [&hellip;]","og_url":"https:\/\/www.festivalvedy.sk\/wp2\/exporecerca-jove-v-barcelone\/","og_site_name":"Festival vedy a techniky AMAVET","article_published_time":"2024-06-11T12:09:32+00:00","article_modified_time":"2024-06-11T12:22:02+00:00","og_image":[{"width":1126,"height":2000,"url":"https:\/\/www.festivalvedy.sk\/wp2\/wp-content\/uploads\/2024\/06\/IMG-20240308-WA0140.jpg","type":"image\/jpeg"}],"author":"cichova@amavet.sk","twitter_card":"summary_large_image","twitter_misc":{"Autor":"cichova@amavet.sk","Predpokladan\u00fd \u010das \u010d\u00edtania":"3 min\u00faty"},"schema":{"@context":"https:\/\/schema.org","@graph":[{"@type":"Article","@id":"https:\/\/www.festivalvedy.sk\/wp2\/exporecerca-jove-v-barcelone\/#article","isPartOf":{"@id":"https:\/\/www.festivalvedy.sk\/wp2\/exporecerca-jove-v-barcelone\/"},"author":{"name":"cichova@amavet.sk","@id":"https:\/\/www.festivalvedy.sk\/wp2\/#\/schema\/person\/7875f2822eb6744f8a6b8da979bb4d70"},"headline":"Exporecerca Jove v Barcelone","datePublished":"2024-06-11T12:09:32+00:00","dateModified":"2024-06-11T12:22:02+00:00","mainEntityOfPage":{"@id":"https:\/\/www.festivalvedy.sk\/wp2\/exporecerca-jove-v-barcelone\/"},"wordCount":501,"publisher":{"@id":"https:\/\/www.festivalvedy.sk\/wp2\/#organization"},"image":{"@id":"https:\/\/www.festivalvedy.sk\/wp2\/exporecerca-jove-v-barcelone\/#primaryimage"},"thumbnailUrl":"https:\/\/www.festivalvedy.sk\/wp2\/wp-content\/uploads\/2024\/06\/IMG-20240308-WA0140.jpg","articleSection":["Novinky","Reprezentovali n\u00e1s","S\u00fa\u0165a\u017ee v zahrani\u010d\u00ed"],"inLanguage":"sk-SK"},{"@type":"WebPage","@id":"https:\/\/www.festivalvedy.sk\/wp2\/exporecerca-jove-v-barcelone\/","url":"https:\/\/www.festivalvedy.sk\/wp2\/exporecerca-jove-v-barcelone\/","name":"Exporecerca Jove v Barcelone - Festival vedy a techniky AMAVET","isPartOf":{"@id":"https:\/\/www.festivalvedy.sk\/wp2\/#website"},"primaryImageOfPage":{"@id":"https:\/\/www.festivalvedy.sk\/wp2\/exporecerca-jove-v-barcelone\/#primaryimage"},"image":{"@id":"https:\/\/www.festivalvedy.sk\/wp2\/exporecerca-jove-v-barcelone\/#primaryimage"},"thumbnailUrl":"https:\/\/www.festivalvedy.sk\/wp2\/wp-content\/uploads\/2024\/06\/IMG-20240308-WA0140.jpg","datePublished":"2024-06-11T12:09:32+00:00","dateModified":"2024-06-11T12:22:02+00:00","breadcrumb":{"@id":"https:\/\/www.festivalvedy.sk\/wp2\/exporecerca-jove-v-barcelone\/#breadcrumb"},"inLanguage":"sk-SK","potentialAction":[{"@type":"ReadAction","target":["https:\/\/www.festivalvedy.sk\/wp2\/exporecerca-jove-v-barcelone\/"]}]},{"@type":"ImageObject","inLanguage":"sk-SK","@id":"https:\/\/www.festivalvedy.sk\/wp2\/exporecerca-jove-v-barcelone\/#primaryimage","url":"https:\/\/www.festivalvedy.sk\/wp2\/wp-content\/uploads\/2024\/06\/IMG-20240308-WA0140.jpg","contentUrl":"https:\/\/www.festivalvedy.sk\/wp2\/wp-content\/uploads\/2024\/06\/IMG-20240308-WA0140.jpg","width":1126,"height":2000},{"@type":"BreadcrumbList","@id":"https:\/\/www.festivalvedy.sk\/wp2\/exporecerca-jove-v-barcelone\/#breadcrumb","itemListElement":[{"@type":"ListItem","position":1,"name":"Home","item":"https:\/\/www.festivalvedy.sk\/wp2\/"},{"@type":"ListItem","position":2,"name":"Exporecerca Jove v Barcelone"}]},{"@type":"WebSite","@id":"https:\/\/www.festivalvedy.sk\/wp2\/#website","url":"https:\/\/www.festivalvedy.sk\/wp2\/","name":"Festival vedy a techniky AMAVET","description":"AMAVET - Asoci\u00e1cia pre ml\u00e1de\u017e, vedu a techniku","publisher":{"@id":"https:\/\/www.festivalvedy.sk\/wp2\/#organization"},"potentialAction":[{"@type":"SearchAction","target":{"@type":"EntryPoint","urlTemplate":"https:\/\/www.festivalvedy.sk\/wp2\/?s={search_term_string}"},"query-input":{"@type":"PropertyValueSpecification","valueRequired":true,"valueName":"search_term_string"}}],"inLanguage":"sk-SK"},{"@type":"Organization","@id":"https:\/\/www.festivalvedy.sk\/wp2\/#organization","name":"Festival vedy a techniky AMAVET","url":"https:\/\/www.festivalvedy.sk\/wp2\/","logo":{"@type":"ImageObject","inLanguage":"sk-SK","@id":"https:\/\/www.festivalvedy.sk\/wp2\/#\/schema\/logo\/image\/","url":"https:\/\/www.festivalvedy.sk\/wp2\/wp-content\/uploads\/2022\/02\/cropped-fvat-ochranna-zona.png","contentUrl":"https:\/\/www.festivalvedy.sk\/wp2\/wp-content\/uploads\/2022\/02\/cropped-fvat-ochranna-zona.png","width":1190,"height":357,"caption":"Festival vedy a techniky AMAVET"},"image":{"@id":"https:\/\/www.festivalvedy.sk\/wp2\/#\/schema\/logo\/image\/"}},{"@type":"Person","@id":"https:\/\/www.festivalvedy.sk\/wp2\/#\/schema\/person\/7875f2822eb6744f8a6b8da979bb4d70","name":"cichova@amavet.sk","image":{"@type":"ImageObject","inLanguage":"sk-SK","@id":"https:\/\/secure.gravatar.com\/avatar\/6227f01bf3909de753b0c67135a8bcd4eb2f9674d0dc3890077f42d17beffba8?s=96&d=mm&r=g","url":"https:\/\/secure.gravatar.com\/avatar\/6227f01bf3909de753b0c67135a8bcd4eb2f9674d0dc3890077f42d17beffba8?s=96&d=mm&r=g","contentUrl":"https:\/\/secure.gravatar.com\/avatar\/6227f01bf3909de753b0c67135a8bcd4eb2f9674d0dc3890077f42d17beffba8?s=96&d=mm&r=g","caption":"cichova@amavet.sk"},"url":"https:\/\/www.festivalvedy.sk\/wp2\/author\/cichovaamavet-sk\/"}]}},"_links":{"self":[{"href":"https:\/\/www.festivalvedy.sk\/wp2\/wp-json\/wp\/v2\/posts\/4422","targetHints":{"allow":["GET"]}}],"collection":[{"href":"https:\/\/www.festivalvedy.sk\/wp2\/wp-json\/wp\/v2\/posts"}],"about":[{"href":"https:\/\/www.festivalvedy.sk\/wp2\/wp-json\/wp\/v2\/types\/post"}],"author":[{"embeddable":true,"href":"https:\/\/www.festivalvedy.sk\/wp2\/wp-json\/wp\/v2\/users\/3"}],"replies":[{"embeddable":true,"href":"https:\/\/www.festivalvedy.sk\/wp2\/wp-json\/wp\/v2\/comments?post=4422"}],"version-history":[{"count":3,"href":"https:\/\/www.festivalvedy.sk\/wp2\/wp-json\/wp\/v2\/posts\/4422\/revisions"}],"predecessor-version":[{"id":4427,"href":"https:\/\/www.festivalvedy.sk\/wp2\/wp-json\/wp\/v2\/posts\/4422\/revisions\/4427"}],"wp:featuredmedia":[{"embeddable":true,"href":"https:\/\/www.festivalvedy.sk\/wp2\/wp-json\/wp\/v2\/media\/4424"}],"wp:attachment":[{"href":"https:\/\/www.festivalvedy.sk\/wp2\/wp-json\/wp\/v2\/media?parent=4422"}],"wp:term":[{"taxonomy":"category","embeddable":true,"href":"https:\/\/www.festivalvedy.sk\/wp2\/wp-json\/wp\/v2\/categories?post=4422"},{"taxonomy":"post_tag","embeddable":true,"href":"https:\/\/www.festivalvedy.sk\/wp2\/wp-json\/wp\/v2\/tags?post=4422"}],"curies":[{"name":"wp","href":"https:\/\/api.w.org\/{rel}","templated":true}]}}