{"id":4435,"date":"2024-06-11T14:36:14","date_gmt":"2024-06-11T12:36:14","guid":{"rendered":"https:\/\/www.festivalvedy.sk\/wp2\/?p=4435"},"modified":"2024-06-12T07:40:37","modified_gmt":"2024-06-12T05:40:37","slug":"festival-vedy-a-techniky-2024-v-pardubiciach","status":"publish","type":"post","link":"https:\/\/www.festivalvedy.sk\/wp2\/festival-vedy-a-techniky-2024-v-pardubiciach\/","title":{"rendered":"Festival vedy a techniky 2024 v Pardubiciach"},"content":{"rendered":"<section class=\"kc-elm kc-css-517131 kc_row\"><div class=\"kc-row-container  kc-container\"><div class=\"kc-wrap-columns\"><div class=\"kc-elm kc-css-451939 kc_col-sm-12 kc_column kc_col-sm-12\"><div class=\"kc-col-container\"><div class=\"kc-elm kc-css-574787 kc_text_block\"><\/p>\n<figure class=\"wp-block-image size-large\"><img loading=\"lazy\" decoding=\"async\" width=\"768\" height=\"1024\" src=\"https:\/\/www.festivalvedy.sk\/wp2\/wp-content\/uploads\/2024\/06\/IMG_20240308_120119_HDR-scaled-1-768x1024.jpg\" alt=\"\" class=\"wp-image-4436\" srcset=\"https:\/\/www.festivalvedy.sk\/wp2\/wp-content\/uploads\/2024\/06\/IMG_20240308_120119_HDR-scaled-1-768x1024.jpg 768w, https:\/\/www.festivalvedy.sk\/wp2\/wp-content\/uploads\/2024\/06\/IMG_20240308_120119_HDR-scaled-1-225x300.jpg 225w, https:\/\/www.festivalvedy.sk\/wp2\/wp-content\/uploads\/2024\/06\/IMG_20240308_120119_HDR-scaled-1-1152x1536.jpg 1152w, https:\/\/www.festivalvedy.sk\/wp2\/wp-content\/uploads\/2024\/06\/IMG_20240308_120119_HDR-scaled-1-1536x2048.jpg 1536w, https:\/\/www.festivalvedy.sk\/wp2\/wp-content\/uploads\/2024\/06\/IMG_20240308_120119_HDR-scaled-1.jpg 1920w\" sizes=\"auto, (max-width: 768px) 100vw, 768px\" \/><\/figure><\/p>\n<\/div><div class=\"kc-elm kc-css-423111 kc_text_block\"><p><strong>Od 6. do 8. marca 2024 sa \u0161tudentky sekundy osemro\u010dn\u00e9ho gymn\u00e1zia Katol\u00edckej spojenej \u0161koly sv. Mikul\u00e1\u0161a a\u00a0\u010dlenky AMAVET klubu 957 v\u00a0Pre\u0161ove Vikt\u00f3ria Onuferov\u00e1 a\u00a0Juliana Lichv\u00e1rov\u00e1 z\u00fa\u010dastnili Festivalu vedy a\u00a0technicky \u010cR v\u00a0Pardubiciach. Post\u00fapili do \u010ciech z celoslovensk\u00e9ho fin\u00e1le\u00a0 Festivalu\u00a0 vedy a\u00a0techniky AMAVET 2023 v\u00a0Bratislave.<\/strong><span id=\"more-8632\"><\/span><\/p>\n<p>Po pricestovan\u00ed a\u00a0prezret\u00ed priestorov v\u00fdstavn\u00e9ho centra Aurelium si nain\u0161talovali podklady k projektu. Samotn\u00e1 s\u00fa\u0165a\u017e prebiehala v\u00a0d\u0148och 7. a 8. marca 2024. Na \u00favod, po priv\u00edtan\u00ed, bola predstaven\u00e1 odborn\u00e1 porota zlo\u017een\u00e1 z\u00a0pedag\u00f3gov vysok\u00fdch a\u00a0stredn\u00fdch \u0161k\u00f4l, z\u00e1stupcov mesta a\u00a0kraja. S\u00fa\u0165a\u017eilo sa v\u00a0dvoch oblastiach \u2013 junior (\u0161tudenti z\u00e1kladn\u00fdch \u0161k\u00f4l) a\u00a0stredo\u0161kol\u00e1k (\u0161tudenti stredn\u00fdch \u0161k\u00f4l). Celkovo bolo odprezentovan\u00fdch 110 projektov, z\u00a0toho 60 pre z\u00e1kladn\u00e9 \u0161koly, 47 pre stredn\u00e9 \u0161koly, 2 \u0161peci\u00e1lne projekty a\u00a01 nes\u00fa\u0165a\u017en\u00fd medzin\u00e1rodn\u00fd projekt \u2013 projekt na\u0161ich diev\u010dat.<\/p>\n<p>Porotcovia sa zastavovali pri s\u00fa\u0165a\u017eiacich, p\u00fdtali sa ich r\u00f4zne dopl\u0148uj\u00face ot\u00e1zky a\u00a0s\u00fa\u0165a\u017eiaci sa sna\u017eili svojimi prezent\u00e1ciami a odpove\u010fami porotcov \u00a0zauja\u0165 a\u00a0presved\u010di\u0165, \u017ee ich projekt je ten NAJ. <strong>Slovensk\u00e9 diev\u010dat\u00e1 prezentovali svoj projekt pedag\u00f3gom, ktor\u00ed boli ich prezent\u00e1ciou nad\u0161en\u00ed. Vraj to bol projekt na \u00farovni stredo\u0161kol\u00e1kov.<\/strong> \u00a0Piatok bol de\u0148 ur\u010den\u00fd pre prezent\u00e1ciu pred \u0161irokou verejnos\u0165ou. V\u00a0tento de\u0148 prezentovali diev\u010dat\u00e1 projekt aj pred ostatn\u00fdmi \u0161tudentmi, hlavne z\u00a0radu stredo\u0161kol\u00e1kov, ktor\u00fdch t\u00e9ma a\u00a0spracovanie projektu zaujalo. Ve\u013ek\u00fd dojem zanechali aj u\u00a0minuloro\u010dn\u00e9ho v\u00ed\u0165aza Festivalu vedy a\u00a0techniky \u010cR, ktor\u00fd post\u00fapil na medzin\u00e1rodn\u00fa s\u00fa\u0165a\u017e v\u00a0Dallase. Dal z\u00e1rove\u0148 diev\u010dat\u00e1m n\u00e1mety, ako postupova\u0165 pri tvorbe a prezent\u00e1ci\u00e1ch projektov v\u00a0nasleduj\u00facich rokoch.<\/p>\n<p><strong>T\u00e1to s\u00fa\u0165a\u017e odstr\u00e1nila z\u00e1brany, nau\u010dila diev\u010dat\u00e1 reagova\u0165 aj v\u00a0inom cudzojazy\u010dnom prostred\u00ed. Bolo neskuto\u010dne mil\u00e9 pozorova\u0165 ako sa zb\u00farala jazykov\u00e1 bari\u00e9ra a\u00a0diev\u010dat\u00e1 s\u00a0porotcami, hos\u0165ami\u00a0 a\u00a0 \u0161tudentmi diskutovali bez probl\u00e9mov. Zdokonalili sa v\u00a0prezent\u00e1cii a\u00a0diskusii s\u00a0odborn\u00edkmi.<\/strong><\/p>\n<p>Tento pobyt vyu\u017eili aj na spozn\u00e1vanie hist\u00f3rie a kult\u00fary mesta Pardubice a\u00a0jeho okolia. Najviac ich zaujalo n\u00e1mestie s\u00a0pe\u0161ou z\u00f3nou za Zelenou br\u00e1nou pri mestskom magistr\u00e1te a\u00a0kostolom sv. Bartolomeja. Mesto zn\u00e1me pern\u00edkmi m\u00e1 svoje zauj\u00edmav\u00e9 historick\u00e9 \u010daro.\u00a0 Nemenej zauj\u00edmav\u00e1 bola ja obhliadka Pardubick\u00e9ho z\u00e1mku s\u00a0jeho neoby\u010dajn\u00fdmi obyvate\u013emi \u2013 p\u00e1vmi. Aj mestsk\u00e9 divadlo so svojou nezvy\u010dajnou historickou architekt\u00farou bolo prijemn\u00fdm spestren\u00edm pobytu. Samozrejme nevynechali ani n\u00e1v\u0161tevu obchod\u00edka s\u00a0tradi\u010dn\u00fdmi Pardubick\u00fdmi pern\u00edkmi.<\/p>\n<p>Po\u010fakovanie patr\u00ed pani E. Onuferovej za sprievod diev\u010dat, organiz\u00e1torovi s\u00fa\u0165a\u017ee p\u00e1novi Med\u0159ick\u00e9mu \u00a0a\u00a0jeho asistentke Lucii Lov\u00e1cz za starostlivos\u0165 po\u010das s\u00fa\u0165a\u017ee a\u00a0AMAVET-u, ktor\u00e9 t\u00fato cestu umo\u017enilo a podporilo.<\/p>\n<p><strong>\u00a0<\/strong><\/p><\/p>\n<\/div><div class=\"kc-elm kc-css-609948 kc_shortcode kc_single_image\">\n\n        <img decoding=\"async\" src=\"https:\/\/www.festivalvedy.sk\/wp2\/wp-content\/uploads\/2024\/06\/IMG_20240307_114443-scaled.jpg\" class=\"\" alt=\"\" \/>    <\/div>\n<div class=\"kc-elm kc-css-903277 kc_shortcode kc_single_image\">\n\n        <img decoding=\"async\" src=\"https:\/\/www.festivalvedy.sk\/wp2\/wp-content\/uploads\/2024\/06\/IMG_20240307_103900-scaled.jpg\" class=\"\" alt=\"\" \/>    <\/div>\n<\/div><\/div><\/div><\/div><\/section>","protected":false},"excerpt":{"rendered":"","protected":false},"author":3,"featured_media":4438,"comment_status":"closed","ping_status":"closed","sticky":false,"template":"","format":"standard","meta":{"om_disable_all_campaigns":false,"_monsterinsights_skip_tracking":false,"_monsterinsights_sitenote_active":false,"_monsterinsights_sitenote_note":"","_monsterinsights_sitenote_category":0,"_uf_show_specific_survey":0,"_uf_disable_surveys":false,"footnotes":""},"categories":[1,33,32,5],"tags":[],"class_list":["post-4435","post","type-post","status-publish","format-standard","has-post-thumbnail","hentry","category-nezaradene","category-novinky","category-vitazi-v-zahranici","category-sutaze-v-zahranici"],"yoast_head":"<!-- This site is optimized with the Yoast SEO plugin v27.2 - https:\/\/yoast.com\/product\/yoast-seo-wordpress\/ -->\n<title>Festival vedy a techniky 2024 v Pardubiciach - Festival vedy a techniky AMAVET<\/title>\n<meta name=\"robots\" content=\"index, follow, max-snippet:-1, max-image-preview:large, max-video-preview:-1\" \/>\n<link rel=\"canonical\" href=\"https:\/\/www.festivalvedy.sk\/wp2\/festival-vedy-a-techniky-2024-v-pardubiciach\/\" \/>\n<meta property=\"og:locale\" content=\"sk_SK\" \/>\n<meta property=\"og:type\" content=\"article\" \/>\n<meta property=\"og:title\" content=\"Festival vedy a techniky 2024 v Pardubiciach - Festival vedy a techniky AMAVET\" \/>\n<meta property=\"og:description\" content=\"Od 6. do 8. marca 2024 sa \u0161tudentky sekundy osemro\u010dn\u00e9ho gymn\u00e1zia Katol\u00edckej spojenej \u0161koly sv. Mikul\u00e1\u0161a a\u00a0\u010dlenky AMAVET klubu 957 v\u00a0Pre\u0161ove Vikt\u00f3ria Onuferov\u00e1 a\u00a0Juliana Lichv\u00e1rov\u00e1 z\u00fa\u010dastnili Festivalu vedy a\u00a0technicky \u010cR v\u00a0Pardubiciach. Post\u00fapili do \u010ciech z celoslovensk\u00e9ho fin\u00e1le\u00a0 Festivalu\u00a0 vedy a\u00a0techniky AMAVET 2023 v\u00a0Bratislave. Po pricestovan\u00ed a\u00a0prezret\u00ed priestorov v\u00fdstavn\u00e9ho centra Aurelium si nain\u0161talovali podklady k projektu. [&hellip;]\" \/>\n<meta property=\"og:url\" content=\"https:\/\/www.festivalvedy.sk\/wp2\/festival-vedy-a-techniky-2024-v-pardubiciach\/\" \/>\n<meta property=\"og:site_name\" content=\"Festival vedy a techniky AMAVET\" \/>\n<meta property=\"article:published_time\" content=\"2024-06-11T12:36:14+00:00\" \/>\n<meta property=\"article:modified_time\" content=\"2024-06-12T05:40:37+00:00\" \/>\n<meta property=\"og:image\" content=\"https:\/\/www.festivalvedy.sk\/wp2\/wp-content\/uploads\/2024\/06\/IMG_20240307_103900-scaled.jpg\" \/>\n\t<meta property=\"og:image:width\" content=\"1920\" \/>\n\t<meta property=\"og:image:height\" content=\"2560\" \/>\n\t<meta property=\"og:image:type\" content=\"image\/jpeg\" \/>\n<meta name=\"author\" content=\"cichova@amavet.sk\" \/>\n<meta name=\"twitter:card\" content=\"summary_large_image\" \/>\n<meta name=\"twitter:label1\" content=\"Autor\" \/>\n\t<meta name=\"twitter:data1\" content=\"cichova@amavet.sk\" \/>\n\t<meta name=\"twitter:label2\" content=\"Predpokladan\u00fd \u010das \u010d\u00edtania\" \/>\n\t<meta name=\"twitter:data2\" content=\"3 min\u00faty\" \/>\n<script type=\"application\/ld+json\" class=\"yoast-schema-graph\">{\"@context\":\"https:\/\/schema.org\",\"@graph\":[{\"@type\":\"Article\",\"@id\":\"https:\/\/www.festivalvedy.sk\/wp2\/festival-vedy-a-techniky-2024-v-pardubiciach\/#article\",\"isPartOf\":{\"@id\":\"https:\/\/www.festivalvedy.sk\/wp2\/festival-vedy-a-techniky-2024-v-pardubiciach\/\"},\"author\":{\"name\":\"cichova@amavet.sk\",\"@id\":\"https:\/\/www.festivalvedy.sk\/wp2\/#\/schema\/person\/7875f2822eb6744f8a6b8da979bb4d70\"},\"headline\":\"Festival vedy a techniky 2024 v Pardubiciach\",\"datePublished\":\"2024-06-11T12:36:14+00:00\",\"dateModified\":\"2024-06-12T05:40:37+00:00\",\"mainEntityOfPage\":{\"@id\":\"https:\/\/www.festivalvedy.sk\/wp2\/festival-vedy-a-techniky-2024-v-pardubiciach\/\"},\"wordCount\":516,\"publisher\":{\"@id\":\"https:\/\/www.festivalvedy.sk\/wp2\/#organization\"},\"image\":{\"@id\":\"https:\/\/www.festivalvedy.sk\/wp2\/festival-vedy-a-techniky-2024-v-pardubiciach\/#primaryimage\"},\"thumbnailUrl\":\"https:\/\/www.festivalvedy.sk\/wp2\/wp-content\/uploads\/2024\/06\/IMG_20240307_103900-scaled.jpg\",\"articleSection\":{\"1\":\"Novinky\",\"2\":\"Reprezentovali n\u00e1s\",\"3\":\"S\u00fa\u0165a\u017ee v zahrani\u010d\u00ed\"},\"inLanguage\":\"sk-SK\"},{\"@type\":\"WebPage\",\"@id\":\"https:\/\/www.festivalvedy.sk\/wp2\/festival-vedy-a-techniky-2024-v-pardubiciach\/\",\"url\":\"https:\/\/www.festivalvedy.sk\/wp2\/festival-vedy-a-techniky-2024-v-pardubiciach\/\",\"name\":\"Festival vedy a techniky 2024 v Pardubiciach - Festival vedy a techniky AMAVET\",\"isPartOf\":{\"@id\":\"https:\/\/www.festivalvedy.sk\/wp2\/#website\"},\"primaryImageOfPage\":{\"@id\":\"https:\/\/www.festivalvedy.sk\/wp2\/festival-vedy-a-techniky-2024-v-pardubiciach\/#primaryimage\"},\"image\":{\"@id\":\"https:\/\/www.festivalvedy.sk\/wp2\/festival-vedy-a-techniky-2024-v-pardubiciach\/#primaryimage\"},\"thumbnailUrl\":\"https:\/\/www.festivalvedy.sk\/wp2\/wp-content\/uploads\/2024\/06\/IMG_20240307_103900-scaled.jpg\",\"datePublished\":\"2024-06-11T12:36:14+00:00\",\"dateModified\":\"2024-06-12T05:40:37+00:00\",\"breadcrumb\":{\"@id\":\"https:\/\/www.festivalvedy.sk\/wp2\/festival-vedy-a-techniky-2024-v-pardubiciach\/#breadcrumb\"},\"inLanguage\":\"sk-SK\",\"potentialAction\":[{\"@type\":\"ReadAction\",\"target\":[\"https:\/\/www.festivalvedy.sk\/wp2\/festival-vedy-a-techniky-2024-v-pardubiciach\/\"]}]},{\"@type\":\"ImageObject\",\"inLanguage\":\"sk-SK\",\"@id\":\"https:\/\/www.festivalvedy.sk\/wp2\/festival-vedy-a-techniky-2024-v-pardubiciach\/#primaryimage\",\"url\":\"https:\/\/www.festivalvedy.sk\/wp2\/wp-content\/uploads\/2024\/06\/IMG_20240307_103900-scaled.jpg\",\"contentUrl\":\"https:\/\/www.festivalvedy.sk\/wp2\/wp-content\/uploads\/2024\/06\/IMG_20240307_103900-scaled.jpg\",\"width\":1920,\"height\":2560},{\"@type\":\"BreadcrumbList\",\"@id\":\"https:\/\/www.festivalvedy.sk\/wp2\/festival-vedy-a-techniky-2024-v-pardubiciach\/#breadcrumb\",\"itemListElement\":[{\"@type\":\"ListItem\",\"position\":1,\"name\":\"Home\",\"item\":\"https:\/\/www.festivalvedy.sk\/wp2\/\"},{\"@type\":\"ListItem\",\"position\":2,\"name\":\"Festival vedy a techniky 2024 v Pardubiciach\"}]},{\"@type\":\"WebSite\",\"@id\":\"https:\/\/www.festivalvedy.sk\/wp2\/#website\",\"url\":\"https:\/\/www.festivalvedy.sk\/wp2\/\",\"name\":\"Festival vedy a techniky AMAVET\",\"description\":\"AMAVET - Asoci\u00e1cia pre ml\u00e1de\u017e, vedu a techniku\",\"publisher\":{\"@id\":\"https:\/\/www.festivalvedy.sk\/wp2\/#organization\"},\"potentialAction\":[{\"@type\":\"SearchAction\",\"target\":{\"@type\":\"EntryPoint\",\"urlTemplate\":\"https:\/\/www.festivalvedy.sk\/wp2\/?s={search_term_string}\"},\"query-input\":{\"@type\":\"PropertyValueSpecification\",\"valueRequired\":true,\"valueName\":\"search_term_string\"}}],\"inLanguage\":\"sk-SK\"},{\"@type\":\"Organization\",\"@id\":\"https:\/\/www.festivalvedy.sk\/wp2\/#organization\",\"name\":\"Festival vedy a techniky AMAVET\",\"url\":\"https:\/\/www.festivalvedy.sk\/wp2\/\",\"logo\":{\"@type\":\"ImageObject\",\"inLanguage\":\"sk-SK\",\"@id\":\"https:\/\/www.festivalvedy.sk\/wp2\/#\/schema\/logo\/image\/\",\"url\":\"https:\/\/www.festivalvedy.sk\/wp2\/wp-content\/uploads\/2022\/02\/cropped-fvat-ochranna-zona.png\",\"contentUrl\":\"https:\/\/www.festivalvedy.sk\/wp2\/wp-content\/uploads\/2022\/02\/cropped-fvat-ochranna-zona.png\",\"width\":1190,\"height\":357,\"caption\":\"Festival vedy a techniky AMAVET\"},\"image\":{\"@id\":\"https:\/\/www.festivalvedy.sk\/wp2\/#\/schema\/logo\/image\/\"}},{\"@type\":\"Person\",\"@id\":\"https:\/\/www.festivalvedy.sk\/wp2\/#\/schema\/person\/7875f2822eb6744f8a6b8da979bb4d70\",\"name\":\"cichova@amavet.sk\",\"image\":{\"@type\":\"ImageObject\",\"inLanguage\":\"sk-SK\",\"@id\":\"https:\/\/secure.gravatar.com\/avatar\/6227f01bf3909de753b0c67135a8bcd4eb2f9674d0dc3890077f42d17beffba8?s=96&d=mm&r=g\",\"url\":\"https:\/\/secure.gravatar.com\/avatar\/6227f01bf3909de753b0c67135a8bcd4eb2f9674d0dc3890077f42d17beffba8?s=96&d=mm&r=g\",\"contentUrl\":\"https:\/\/secure.gravatar.com\/avatar\/6227f01bf3909de753b0c67135a8bcd4eb2f9674d0dc3890077f42d17beffba8?s=96&d=mm&r=g\",\"caption\":\"cichova@amavet.sk\"},\"url\":\"https:\/\/www.festivalvedy.sk\/wp2\/author\/cichovaamavet-sk\/\"}]}<\/script>\n<!-- \/ Yoast SEO plugin. -->","yoast_head_json":{"title":"Festival vedy a techniky 2024 v Pardubiciach - Festival vedy a techniky AMAVET","robots":{"index":"index","follow":"follow","max-snippet":"max-snippet:-1","max-image-preview":"max-image-preview:large","max-video-preview":"max-video-preview:-1"},"canonical":"https:\/\/www.festivalvedy.sk\/wp2\/festival-vedy-a-techniky-2024-v-pardubiciach\/","og_locale":"sk_SK","og_type":"article","og_title":"Festival vedy a techniky 2024 v Pardubiciach - Festival vedy a techniky AMAVET","og_description":"Od 6. do 8. marca 2024 sa \u0161tudentky sekundy osemro\u010dn\u00e9ho gymn\u00e1zia Katol\u00edckej spojenej \u0161koly sv. Mikul\u00e1\u0161a a\u00a0\u010dlenky AMAVET klubu 957 v\u00a0Pre\u0161ove Vikt\u00f3ria Onuferov\u00e1 a\u00a0Juliana Lichv\u00e1rov\u00e1 z\u00fa\u010dastnili Festivalu vedy a\u00a0technicky \u010cR v\u00a0Pardubiciach. Post\u00fapili do \u010ciech z celoslovensk\u00e9ho fin\u00e1le\u00a0 Festivalu\u00a0 vedy a\u00a0techniky AMAVET 2023 v\u00a0Bratislave. Po pricestovan\u00ed a\u00a0prezret\u00ed priestorov v\u00fdstavn\u00e9ho centra Aurelium si nain\u0161talovali podklady k projektu. [&hellip;]","og_url":"https:\/\/www.festivalvedy.sk\/wp2\/festival-vedy-a-techniky-2024-v-pardubiciach\/","og_site_name":"Festival vedy a techniky AMAVET","article_published_time":"2024-06-11T12:36:14+00:00","article_modified_time":"2024-06-12T05:40:37+00:00","og_image":[{"width":1920,"height":2560,"url":"https:\/\/www.festivalvedy.sk\/wp2\/wp-content\/uploads\/2024\/06\/IMG_20240307_103900-scaled.jpg","type":"image\/jpeg"}],"author":"cichova@amavet.sk","twitter_card":"summary_large_image","twitter_misc":{"Autor":"cichova@amavet.sk","Predpokladan\u00fd \u010das \u010d\u00edtania":"3 min\u00faty"},"schema":{"@context":"https:\/\/schema.org","@graph":[{"@type":"Article","@id":"https:\/\/www.festivalvedy.sk\/wp2\/festival-vedy-a-techniky-2024-v-pardubiciach\/#article","isPartOf":{"@id":"https:\/\/www.festivalvedy.sk\/wp2\/festival-vedy-a-techniky-2024-v-pardubiciach\/"},"author":{"name":"cichova@amavet.sk","@id":"https:\/\/www.festivalvedy.sk\/wp2\/#\/schema\/person\/7875f2822eb6744f8a6b8da979bb4d70"},"headline":"Festival vedy a techniky 2024 v Pardubiciach","datePublished":"2024-06-11T12:36:14+00:00","dateModified":"2024-06-12T05:40:37+00:00","mainEntityOfPage":{"@id":"https:\/\/www.festivalvedy.sk\/wp2\/festival-vedy-a-techniky-2024-v-pardubiciach\/"},"wordCount":516,"publisher":{"@id":"https:\/\/www.festivalvedy.sk\/wp2\/#organization"},"image":{"@id":"https:\/\/www.festivalvedy.sk\/wp2\/festival-vedy-a-techniky-2024-v-pardubiciach\/#primaryimage"},"thumbnailUrl":"https:\/\/www.festivalvedy.sk\/wp2\/wp-content\/uploads\/2024\/06\/IMG_20240307_103900-scaled.jpg","articleSection":{"1":"Novinky","2":"Reprezentovali n\u00e1s","3":"S\u00fa\u0165a\u017ee v zahrani\u010d\u00ed"},"inLanguage":"sk-SK"},{"@type":"WebPage","@id":"https:\/\/www.festivalvedy.sk\/wp2\/festival-vedy-a-techniky-2024-v-pardubiciach\/","url":"https:\/\/www.festivalvedy.sk\/wp2\/festival-vedy-a-techniky-2024-v-pardubiciach\/","name":"Festival vedy a techniky 2024 v Pardubiciach - Festival vedy a techniky AMAVET","isPartOf":{"@id":"https:\/\/www.festivalvedy.sk\/wp2\/#website"},"primaryImageOfPage":{"@id":"https:\/\/www.festivalvedy.sk\/wp2\/festival-vedy-a-techniky-2024-v-pardubiciach\/#primaryimage"},"image":{"@id":"https:\/\/www.festivalvedy.sk\/wp2\/festival-vedy-a-techniky-2024-v-pardubiciach\/#primaryimage"},"thumbnailUrl":"https:\/\/www.festivalvedy.sk\/wp2\/wp-content\/uploads\/2024\/06\/IMG_20240307_103900-scaled.jpg","datePublished":"2024-06-11T12:36:14+00:00","dateModified":"2024-06-12T05:40:37+00:00","breadcrumb":{"@id":"https:\/\/www.festivalvedy.sk\/wp2\/festival-vedy-a-techniky-2024-v-pardubiciach\/#breadcrumb"},"inLanguage":"sk-SK","potentialAction":[{"@type":"ReadAction","target":["https:\/\/www.festivalvedy.sk\/wp2\/festival-vedy-a-techniky-2024-v-pardubiciach\/"]}]},{"@type":"ImageObject","inLanguage":"sk-SK","@id":"https:\/\/www.festivalvedy.sk\/wp2\/festival-vedy-a-techniky-2024-v-pardubiciach\/#primaryimage","url":"https:\/\/www.festivalvedy.sk\/wp2\/wp-content\/uploads\/2024\/06\/IMG_20240307_103900-scaled.jpg","contentUrl":"https:\/\/www.festivalvedy.sk\/wp2\/wp-content\/uploads\/2024\/06\/IMG_20240307_103900-scaled.jpg","width":1920,"height":2560},{"@type":"BreadcrumbList","@id":"https:\/\/www.festivalvedy.sk\/wp2\/festival-vedy-a-techniky-2024-v-pardubiciach\/#breadcrumb","itemListElement":[{"@type":"ListItem","position":1,"name":"Home","item":"https:\/\/www.festivalvedy.sk\/wp2\/"},{"@type":"ListItem","position":2,"name":"Festival vedy a techniky 2024 v Pardubiciach"}]},{"@type":"WebSite","@id":"https:\/\/www.festivalvedy.sk\/wp2\/#website","url":"https:\/\/www.festivalvedy.sk\/wp2\/","name":"Festival vedy a techniky AMAVET","description":"AMAVET - Asoci\u00e1cia pre ml\u00e1de\u017e, vedu a techniku","publisher":{"@id":"https:\/\/www.festivalvedy.sk\/wp2\/#organization"},"potentialAction":[{"@type":"SearchAction","target":{"@type":"EntryPoint","urlTemplate":"https:\/\/www.festivalvedy.sk\/wp2\/?s={search_term_string}"},"query-input":{"@type":"PropertyValueSpecification","valueRequired":true,"valueName":"search_term_string"}}],"inLanguage":"sk-SK"},{"@type":"Organization","@id":"https:\/\/www.festivalvedy.sk\/wp2\/#organization","name":"Festival vedy a techniky AMAVET","url":"https:\/\/www.festivalvedy.sk\/wp2\/","logo":{"@type":"ImageObject","inLanguage":"sk-SK","@id":"https:\/\/www.festivalvedy.sk\/wp2\/#\/schema\/logo\/image\/","url":"https:\/\/www.festivalvedy.sk\/wp2\/wp-content\/uploads\/2022\/02\/cropped-fvat-ochranna-zona.png","contentUrl":"https:\/\/www.festivalvedy.sk\/wp2\/wp-content\/uploads\/2022\/02\/cropped-fvat-ochranna-zona.png","width":1190,"height":357,"caption":"Festival vedy a techniky AMAVET"},"image":{"@id":"https:\/\/www.festivalvedy.sk\/wp2\/#\/schema\/logo\/image\/"}},{"@type":"Person","@id":"https:\/\/www.festivalvedy.sk\/wp2\/#\/schema\/person\/7875f2822eb6744f8a6b8da979bb4d70","name":"cichova@amavet.sk","image":{"@type":"ImageObject","inLanguage":"sk-SK","@id":"https:\/\/secure.gravatar.com\/avatar\/6227f01bf3909de753b0c67135a8bcd4eb2f9674d0dc3890077f42d17beffba8?s=96&d=mm&r=g","url":"https:\/\/secure.gravatar.com\/avatar\/6227f01bf3909de753b0c67135a8bcd4eb2f9674d0dc3890077f42d17beffba8?s=96&d=mm&r=g","contentUrl":"https:\/\/secure.gravatar.com\/avatar\/6227f01bf3909de753b0c67135a8bcd4eb2f9674d0dc3890077f42d17beffba8?s=96&d=mm&r=g","caption":"cichova@amavet.sk"},"url":"https:\/\/www.festivalvedy.sk\/wp2\/author\/cichovaamavet-sk\/"}]}},"_links":{"self":[{"href":"https:\/\/www.festivalvedy.sk\/wp2\/wp-json\/wp\/v2\/posts\/4435","targetHints":{"allow":["GET"]}}],"collection":[{"href":"https:\/\/www.festivalvedy.sk\/wp2\/wp-json\/wp\/v2\/posts"}],"about":[{"href":"https:\/\/www.festivalvedy.sk\/wp2\/wp-json\/wp\/v2\/types\/post"}],"author":[{"embeddable":true,"href":"https:\/\/www.festivalvedy.sk\/wp2\/wp-json\/wp\/v2\/users\/3"}],"replies":[{"embeddable":true,"href":"https:\/\/www.festivalvedy.sk\/wp2\/wp-json\/wp\/v2\/comments?post=4435"}],"version-history":[{"count":4,"href":"https:\/\/www.festivalvedy.sk\/wp2\/wp-json\/wp\/v2\/posts\/4435\/revisions"}],"predecessor-version":[{"id":4444,"href":"https:\/\/www.festivalvedy.sk\/wp2\/wp-json\/wp\/v2\/posts\/4435\/revisions\/4444"}],"wp:featuredmedia":[{"embeddable":true,"href":"https:\/\/www.festivalvedy.sk\/wp2\/wp-json\/wp\/v2\/media\/4438"}],"wp:attachment":[{"href":"https:\/\/www.festivalvedy.sk\/wp2\/wp-json\/wp\/v2\/media?parent=4435"}],"wp:term":[{"taxonomy":"category","embeddable":true,"href":"https:\/\/www.festivalvedy.sk\/wp2\/wp-json\/wp\/v2\/categories?post=4435"},{"taxonomy":"post_tag","embeddable":true,"href":"https:\/\/www.festivalvedy.sk\/wp2\/wp-json\/wp\/v2\/tags?post=4435"}],"curies":[{"name":"wp","href":"https:\/\/api.w.org\/{rel}","templated":true}]}}