{"id":4446,"date":"2024-06-12T09:25:04","date_gmt":"2024-06-12T07:25:04","guid":{"rendered":"https:\/\/www.festivalvedy.sk\/wp2\/?p=4446"},"modified":"2024-06-12T09:25:33","modified_gmt":"2024-06-12T07:25:33","slug":"vedecky-talent-sav-z-amavet-u-vitazom-na-svetovej-sutazi-v-usa","status":"publish","type":"post","link":"https:\/\/www.festivalvedy.sk\/wp2\/vedecky-talent-sav-z-amavet-u-vitazom-na-svetovej-sutazi-v-usa\/","title":{"rendered":"Vedeck\u00fd talent SAV z\u00a0AMAVET-u v\u00ed\u0165azom na svetovej s\u00fa\u0165a\u017ei v USA"},"content":{"rendered":"<section class=\"kc-elm kc-css-767410 kc_row\"><div class=\"kc-row-container  kc-container\"><div class=\"kc-wrap-columns\"><div class=\"kc-elm kc-css-199883 kc_col-sm-12 kc_column kc_col-sm-12\"><div class=\"kc-col-container\"><div class=\"kc-elm kc-css-125959 kc_text_block\"><\/p>\n<figure class=\"wp-block-image size-large\"><img loading=\"lazy\" decoding=\"async\" width=\"1024\" height=\"768\" src=\"https:\/\/www.festivalvedy.sk\/wp2\/wp-content\/uploads\/2024\/06\/IMG_1849-1024x768.jpg\" alt=\"\" class=\"wp-image-4447\" srcset=\"https:\/\/www.festivalvedy.sk\/wp2\/wp-content\/uploads\/2024\/06\/IMG_1849-1024x768.jpg 1024w, https:\/\/www.festivalvedy.sk\/wp2\/wp-content\/uploads\/2024\/06\/IMG_1849-300x225.jpg 300w, https:\/\/www.festivalvedy.sk\/wp2\/wp-content\/uploads\/2024\/06\/IMG_1849-768x576.jpg 768w, https:\/\/www.festivalvedy.sk\/wp2\/wp-content\/uploads\/2024\/06\/IMG_1849.jpg 1500w\" sizes=\"auto, (max-width: 1024px) 100vw, 1024px\" \/><\/figure><\/p>\n<\/div><div class=\"kc-elm kc-css-569518 kc_text_block\"><p>Finalista Festivalu vedy a techniky AMAVET z\u00a0roku 2023 Michal Laj\u010diak dosiahol svoj cie\u013e by\u0165 najlep\u0161\u00ed!<\/p>\n<p>Deviateho m\u00e1ja som p\u00edsal v\u00a0tla\u010dovej inform\u00e1cii pred najprest\u00ed\u017enej\u0161ou projektovou s\u00fa\u0165a\u017eou stredo\u0161kol\u00e1kov Regeneron ISEF 2024 (Regeneron International Science and Engineering Fair 2024) o\u00a0mlad\u00fdch reprezentantoch AMAVET-u a\u00a0Slovenska. O\u00a0jednom z\u00a0nich som nap\u00edsal: \u201eMichal Laj\u010diak je zo Strednej priemyselnej \u0161koly v Dubnici nad V\u00e1hom. U\u017e na krajskom kole Festivalu vedy a\u00a0techniky AMAVET minul\u00fd rok v\u00a0Partiz\u00e1nskom mi s\u00a0patri\u010dnou d\u00e1vkou sebad\u00f4very povedal, nielen\u017ee post\u00fapi na celoslovensk\u00e9 fin\u00e1le do Bratislavy, ale v\u0161etko preto urob\u00ed, aby jeho projekt bol najlep\u0161\u00ed a\u00a0jeho amb\u00edciou bolo u\u017e vtedy, aby post\u00fapil aj do USA. Tento svoj cie\u013e v\u00a0minulom roku dosiahol a\u00a0v\u00a0sobotu tam aj odlieta.\u201c<\/p>\n<p>MICHAL LAJ\u010cIAK nielen \u0161\u0165astlivo doletel na s\u00fa\u0165a\u017e, ale tam aj \u201evyletel\u201c na najvy\u0161\u0161iu prie\u010dku! V\u00a0kateg\u00f3rii Robotics and Intelligent Machines zv\u00ed\u0165azil s\u00a0projektom \u201eN\u00e1vrh syst\u00e9mov na riadenie robotick\u00e9ho roja\u201c. Minul\u00fd t\u00fd\u017ede\u0148 sa konala v Los Angeles, California, USA, najprest\u00ed\u017enej\u0161ia projektov\u00e1 s\u00fa\u0165a\u017e stredo\u0161kol\u00e1kov Regeneron ISEF 2024. Na s\u00fa\u0165a\u017ei sa z\u00fa\u010dastnilo 1699 \u017eiakov zo 67 kraj\u00edn z\u00a0cel\u00e9ho sveta s\u00a01357 vedeck\u00fdmi projektami. V\u00a0takejto<br \/>konkurencii ide pre n\u00e1\u0161ho amave\u0165\u00e1ka, Slov\u00e1ka z\u00a0Dubnice nad V\u00e1hom, o\u00a0mimoriadny \u00faspech!<\/p>\n<p>Ak p\u00ed\u0161em o\u00a0mimoriadnom \u00faspechu, nie je to nad s\u00e1dzka, ale fakt! Uvediem v\u00e1m aj jeden argument \u2013 pr\u00edklad: V\u00a0roku 1958 zv\u00ed\u0165azil na ISEF aj neskor\u0161\u00ed nosite\u013e Nobelovej ceny za fyziku v\u00a0roku 2017 Ameri\u010dan Kip Thorne&#8230; \u017deby cesta k\u00a0\u201enobelovke\u201c viedla od AMAVET-u cez ISEF?! Uvid\u00edme ako sa osemn\u00e1s\u0165ro\u010dn\u00fd mlad\u00fd cti\u017eiadostiv\u00fd Slov\u00e1k posunie v\u00a0profesion\u00e1lnom \u017eivote. Ur\u010dite v\u0161ak m\u00f4\u017eeme kon\u0161tatova\u0165, nielen na pr\u00edklade Michala, \u017ee Slovensko m\u00e1 ve\u013ek\u00fd potenci\u00e1l \u00faspe\u0161n\u00fdch mlad\u00fdch \u013eud\u00ed!<\/p>\n<p>Ako pre\u017e\u00edva \u00faspech Michal? \u201e\u00da\u010das\u0165 na s\u00fa\u0165a\u017ei ISEF mi priniesla kopu z\u00e1\u017eitkov a sk\u00fasenost\u00ed. \u010ci u\u017e s poznan\u00edm mno\u017estva skvel\u00fdch \u013eud\u00ed z r\u00f4znych kraj\u00edn a kult\u00far, ktor\u00ed maj\u00fa podobn\u00fd mindset ako ja, ale aj mo\u017enos\u0165 prezentova\u0165 svoj projekt v cudzom jazyku pred svetovou hodnotiacou komisiou, \u010do je super sk\u00fasenos\u0165 do bud\u00facna. Jeden zo z\u00e1\u017eitkov bol potlesk po hodnoten\u00ed, kedy sme z haly vy\u0161li obklopen\u00ed \u013eu\u010fmi (u\u010dite\u013emi, mentormi, dobrovo\u013en\u00edkmi), ktor\u00ed n\u00e1m tlieskali a vytv\u00e1rali tak absol\u00fatne skvel\u00fd pocit. Z turistick\u00fdch z\u00e1\u017eitkov ma najviac zaujal Universal Studios, kde sme i\u0161li priamo zo s\u00fa\u0165a\u017ei. Bolo to super odreagovanie na r\u00f4znych atrakci\u00e1ch po<br \/>vyhodnoten\u00ed. Z\u00e1\u017eitkov v\u0161ak bolo ve\u013emi, ve\u013emi ve\u013ea a nedaj\u00fa sa tu v\u0161etky spomen\u00fa\u0165, ale prekvapilo ma tie\u017e hodnotenie a to ako milo a pozit\u00edvne pristupovali hodnotitelia k jednotliv\u00fdm projektom. Najkraj\u0161\u00edm z\u00e1\u017eitkom v\u0161ak bola v\u00fdhra. V\u00ed\u0165azstvo na ISEF-e pre m\u0148a znamen\u00e1 splnen\u00fd sen, ale aj cie\u013e, ktor\u00fd som si stanovil pred pr\u00edpravou. Otv\u00e1raj\u00fa sa mi teraz nov\u00e9 mo\u017enosti, kam sa posun\u00fa\u0165, \u010di u\u017e formou \u0161t\u00fadia alebo rozv\u00edjanie projektu \u010falej do podnikate\u013eskej sf\u00e9ry. Celkovo si mysl\u00edm, \u017ee moja v\u00fdhra je d\u00f4kazom toho, \u017ee pracova\u0165 na nie\u010dom, \u010do m\u00e1 zmysel sa oplat\u00ed a treba vydr\u017ea\u0165, a\u017e k\u00fdm sa nedostav\u00ed o\u010dak\u00e1van\u00fd v\u00fdsledok.\u201c<\/p>\n<p>Sprievod na\u0161im reprezentantom robil aj RNDr. Mari\u00e1n Babin\u010d\u00e1k, PhD., extern\u00fd spolupracovn\u00edk AMAVET-u a \u010clen odbornej hodnotiacej komisie na Festivale vedy a techniky AMAVET, Senior Scientist v RICB DIAGNOSTICS AG, \u0160vaj\u010diarsko. Ako hodnot\u00ed Michalov \u00faspech? \u201eV\u00ed\u0165azstvo Michalovho projektu na svetovo najv\u00e4\u010d\u0161ej a najprest\u00ed\u017enej\u0161ej s\u00fa\u0165a\u017ei stredo\u0161kol\u00e1kov Regeneron ISEF je obrovsk\u00fdm \u00faspechom. Tento rok som sa z\u00fa\u010dastnil aj ako hodnotite\u013e a m\u00f4\u017eem poveda\u0165, \u017ee projekty, ale aj hodnotenie na slovenskom Festivale vedy a techniky AMAVET ur\u010dite dosahuj\u00fa medzin\u00e1rodn\u00fa \u00farove\u0148. Obrovsk\u00e1 v\u010faka patr\u00ed aj v\u0161etk\u00fdm u\u010dite\u013eom, mentorom, \u010dlenom hodnotiacej komisie, ale aj partnerom, ktor\u00fd svojou energiou a \u010dasom pom\u00e1haj\u00fa (nielen) na\u0161im v\u00ed\u0165azom r\u00e1s\u0165, by\u0165 \u00faspe\u0161n\u00ed a tak reprezentova\u0165 AMAVET, svoju \u0161kolu aj Slovensko. Michalov \u00faspech m\u00f4\u017ee by\u0165 pre v\u0161etk\u00fdch, u\u010dite\u013eov aj \u0161tudentov, povzbuden\u00edm, posilnen\u00edm a d\u00f4kazom, \u017ee m\u00e1 zmysel pracova\u0165.\u201c<\/p>\n<p>\u010eal\u0161\u00ed na\u0161i reprezentanti Alex Kanderka a Jozef Jabczun z AMAVET klubu 957 pri Gymn\u00e1ziu sv. Mikul\u00e1\u0161a v\u00a0Pre\u0161ove prezentovali svoj projekt v\u00a0kateg\u00f3rii Environmental Engineering (ENEV). Aj ke\u010f tentokr\u00e1t sa neumiestnili, z\u00e1\u017eitky si odniesli.<\/p>\n<p>Jozef Jabczun: \u201eISEF bol fakt skvel\u00fd. Stretol som ve\u013ek\u00e9 mno\u017estvo ve\u013emi mil\u00fdch a kompetentn\u00fdch \u013eud\u00ed. Taktie\u017e som z\u00edskal d\u00f4le\u017eit\u00fd feedback na moju pr\u00e1cu. Zauj\u00edmav\u00fd bol v\u00fdlet do Universal Studios. Pre\u0161li sme tam v\u0161etky atrakcie a dokonca sa mohli aj najes\u0165 zadarmo. Ur\u010dite by som i\u0161iel znova.\u201c<\/p>\n<p>Alex Kanderka: \u201eBolo by n\u00e1ro\u010dn\u00e9 vybra\u0165 iba jednu vec, preto\u017ee za t\u00fd\u017ede\u0148 obklopen\u00fd takmer 1700 \u00fa\u010dastn\u00edkmi zo 67 kraj\u00edn \u010dlovek za\u017eije naozaj ve\u013ea! \u00da\u010das\u0165 na ISEF-e ma presved\u010dila o jednom d\u00f4le\u017eitom bode &#8211; venova\u0165 sa vede m\u00e1 hlbok\u00fd v\u00fdznam. Veda nepozn\u00e1 hranice, sp\u00e1ja \u013eud\u00ed, vedcov z rozli\u010dn\u00fdch prostred\u00ed, n\u00e1rodnost\u00ed a kult\u00far, dokonca aj t\u00fdch s \u00faplne odli\u0161n\u00fdmi n\u00e1zormi a postojmi, ktor\u00ed by si mo\u017eno inak nikdy nena\u0161li cestu k vz\u00e1jomn\u00e9mu porozumeniu. Vedeck\u00e9 poznanie v\u0161ak vytv\u00e1raj\u00fa priestor, kde t\u00e1to rozmanitos\u0165 nevedie k sporom, ale naopak pom\u00e1ha n\u00e1js\u0165 jedine\u010dn\u00e9 rie\u0161enia probl\u00e9mov, ktor\u00e9 tr\u00e1pia \u013eudstvo, a prispieva k udr\u017eate\u013enej bud\u00facnosti. Najlep\u0161\u00ed z\u00e1\u017eitok bol pre m\u0148a asi, ke\u010f sme v stredu po n\u00e1ro\u010dnom hodnoten\u00ed opustili halu a \u010dakal na n\u00e1s z\u00e1stup stoviek u\u010dite\u013eov, rodi\u010dov, dobrovo\u013en\u00edkov a in\u00fdch \u00fa\u010dastn\u00edkov, ktor\u00ed n\u00e1m darovali obrovsk\u00fd potlesk. Bol po\u010fakovan\u00edm nielen za podan\u00fd v\u00fdkon v ten de\u0148, ale hlavne za nieko\u013ekoro\u010dn\u00fa snahu posun\u00fa\u0165 vedeck\u00e9 poznanie v na\u0161ich odboroch vpred. Los Angeles Convention Center sme teda opustili ako skuto\u010dn\u00e9 hollywoodske hviezdy a presunuli sa do z\u00e1bavn\u00e9ho parku Universal Studios, kde u\u017e na n\u00e1s \u010dakal pestr\u00fd program.\u201c<\/p>\n<p>Treba zd\u00f4razni\u0165, \u017ee v\u0161etci traja reprezentanti AMAVET-u a\u00a0Slovenska dostali na FVAT AMAVET 2023 ocenenie Vedeck\u00fd talent Slovenskej akad\u00e9mie vied a\u00a0v\u010faka podpore SAV mohla Asoci\u00e1cia pre ml\u00e1de\u017e, vedu a\u00a0techniku vysla\u0165 siln\u00fa deleg\u00e1ciu s\u00fa\u0165a\u017eiacich na najprest\u00ed\u017enej\u0161iu svetov\u00fa s\u00fa\u0165a\u017e stredo\u0161kol\u00e1kov a\u00a0dosiahnu\u0165 \u00fa\u017easn\u00fd svetov\u00fd \u00faspech!<\/p>\n<\/div><div class=\"kc-image-gallery kc-elm kc-css-786798\">\n<div class=\"kc_image_gallery kc-carousel-image kc-grid \">\n<div class=\"item-grid grid-4\"><img decoding=\"async\" src=\"https:\/\/www.festivalvedy.sk\/wp2\/wp-content\/uploads\/2024\/06\/IMG_7015.jpg\" alt=\"\"\/><\/div><div class=\"item-grid grid-4\"><img decoding=\"async\" src=\"https:\/\/www.festivalvedy.sk\/wp2\/wp-content\/uploads\/2024\/06\/IMG_6922.jpg\" alt=\"\"\/><\/div><div class=\"item-grid grid-4\"><img decoding=\"async\" src=\"https:\/\/www.festivalvedy.sk\/wp2\/wp-content\/uploads\/2024\/06\/IMG_6913.jpg\" alt=\"\"\/><\/div><div class=\"item-grid grid-4\"><img decoding=\"async\" src=\"https:\/\/www.festivalvedy.sk\/wp2\/wp-content\/uploads\/2024\/06\/IMG_6912.jpg\" alt=\"\"\/><\/div><div class=\"item-grid grid-4\"><img decoding=\"async\" src=\"https:\/\/www.festivalvedy.sk\/wp2\/wp-content\/uploads\/2024\/06\/IMG_6826.jpg\" alt=\"\"\/><\/div><div class=\"item-grid grid-4\"><img decoding=\"async\" src=\"https:\/\/www.festivalvedy.sk\/wp2\/wp-content\/uploads\/2024\/06\/IMG_6822.jpg\" alt=\"\"\/><\/div><div class=\"item-grid grid-4\"><img decoding=\"async\" src=\"https:\/\/www.festivalvedy.sk\/wp2\/wp-content\/uploads\/2024\/06\/IMG_6817.jpg\" alt=\"\"\/><\/div><div class=\"item-grid grid-4\"><img decoding=\"async\" src=\"https:\/\/www.festivalvedy.sk\/wp2\/wp-content\/uploads\/2024\/06\/IMG_2681.jpg\" alt=\"\"\/><\/div><div class=\"item-grid grid-4\"><img decoding=\"async\" src=\"https:\/\/www.festivalvedy.sk\/wp2\/wp-content\/uploads\/2024\/06\/IMG_2543.jpg\" alt=\"\"\/><\/div><div class=\"item-grid grid-4\"><img decoding=\"async\" src=\"https:\/\/www.festivalvedy.sk\/wp2\/wp-content\/uploads\/2024\/06\/IMG_2436.jpg\" alt=\"\"\/><\/div><div class=\"item-grid grid-4\"><img decoding=\"async\" src=\"https:\/\/www.festivalvedy.sk\/wp2\/wp-content\/uploads\/2024\/06\/IMG_2414.jpg\" alt=\"\"\/><\/div><div class=\"item-grid grid-4\"><img decoding=\"async\" src=\"https:\/\/www.festivalvedy.sk\/wp2\/wp-content\/uploads\/2024\/06\/IMG_1849-1.jpg\" alt=\"\"\/><\/div><div class=\"item-grid grid-4\"><img decoding=\"async\" src=\"https:\/\/www.festivalvedy.sk\/wp2\/wp-content\/uploads\/2024\/06\/IMG_1844.jpg\" alt=\"\"\/><\/div><div class=\"item-grid grid-4\"><img decoding=\"async\" src=\"https:\/\/www.festivalvedy.sk\/wp2\/wp-content\/uploads\/2024\/06\/IMG_1815.jpg\" alt=\"\"\/><\/div><div class=\"item-grid grid-4\"><img decoding=\"async\" src=\"https:\/\/www.festivalvedy.sk\/wp2\/wp-content\/uploads\/2024\/06\/IMG_1810.jpg\" alt=\"\"\/><\/div><div class=\"item-grid grid-4\"><img decoding=\"async\" src=\"https:\/\/www.festivalvedy.sk\/wp2\/wp-content\/uploads\/2024\/06\/IMG_1781.jpg\" alt=\"\"\/><\/div><div class=\"item-grid grid-4\"><img decoding=\"async\" src=\"https:\/\/www.festivalvedy.sk\/wp2\/wp-content\/uploads\/2024\/06\/IMG_1766.jpg\" alt=\"\"\/><\/div><div class=\"item-grid grid-4\"><img decoding=\"async\" src=\"https:\/\/www.festivalvedy.sk\/wp2\/wp-content\/uploads\/2024\/06\/IMG_1756.jpg\" alt=\"\"\/><\/div><div class=\"item-grid grid-4\"><img decoding=\"async\" src=\"https:\/\/www.festivalvedy.sk\/wp2\/wp-content\/uploads\/2024\/06\/IMG_1753.jpg\" alt=\"\"\/><\/div><div class=\"item-grid grid-4\"><img decoding=\"async\" src=\"https:\/\/www.festivalvedy.sk\/wp2\/wp-content\/uploads\/2024\/06\/IMG_1740.jpg\" alt=\"\"\/><\/div><div class=\"item-grid grid-4\"><img decoding=\"async\" src=\"https:\/\/www.festivalvedy.sk\/wp2\/wp-content\/uploads\/2024\/06\/IMG_1676.jpg\" alt=\"\"\/><\/div><div class=\"item-grid grid-4\"><img decoding=\"async\" src=\"https:\/\/www.festivalvedy.sk\/wp2\/wp-content\/uploads\/2024\/06\/IMG_1165.jpg\" alt=\"\"\/><\/div><div class=\"item-grid grid-4\"><img decoding=\"async\" src=\"https:\/\/www.festivalvedy.sk\/wp2\/wp-content\/uploads\/2024\/06\/IMG_1139.jpg\" alt=\"\"\/><\/div><div class=\"item-grid grid-4\"><img decoding=\"async\" src=\"https:\/\/www.festivalvedy.sk\/wp2\/wp-content\/uploads\/2024\/06\/IMG_1132.jpg\" alt=\"\"\/><\/div><div class=\"item-grid grid-4\"><img decoding=\"async\" src=\"https:\/\/www.festivalvedy.sk\/wp2\/wp-content\/uploads\/2024\/06\/IMG_1119.jpg\" alt=\"\"\/><\/div><div class=\"item-grid grid-4\"><img decoding=\"async\" src=\"https:\/\/www.festivalvedy.sk\/wp2\/wp-content\/uploads\/2024\/06\/IMG_1100.jpg\" alt=\"\"\/><\/div><div class=\"item-grid grid-4\"><img decoding=\"async\" src=\"https:\/\/www.festivalvedy.sk\/wp2\/wp-content\/uploads\/2024\/06\/IMG_1090.jpg\" alt=\"\"\/><\/div><div class=\"item-grid grid-4\"><img decoding=\"async\" src=\"https:\/\/www.festivalvedy.sk\/wp2\/wp-content\/uploads\/2024\/06\/IMG_1079.jpg\" alt=\"\"\/><\/div><div class=\"item-grid grid-4\"><img decoding=\"async\" src=\"https:\/\/www.festivalvedy.sk\/wp2\/wp-content\/uploads\/2024\/06\/IMG_0970.jpg\" alt=\"\"\/><\/div><\/div>\n<\/div><\/div><\/div><\/div><\/div><\/section>","protected":false},"excerpt":{"rendered":"","protected":false},"author":3,"featured_media":4464,"comment_status":"closed","ping_status":"closed","sticky":false,"template":"","format":"standard","meta":{"om_disable_all_campaigns":false,"_monsterinsights_skip_tracking":false,"_monsterinsights_sitenote_active":false,"_monsterinsights_sitenote_note":"","_monsterinsights_sitenote_category":0,"_uf_show_specific_survey":0,"_uf_disable_surveys":false,"footnotes":""},"categories":[33,32,5],"tags":[],"class_list":["post-4446","post","type-post","status-publish","format-standard","has-post-thumbnail","hentry","category-novinky","category-vitazi-v-zahranici","category-sutaze-v-zahranici"],"yoast_head":"<!-- This site is optimized with the Yoast SEO plugin v27.2 - https:\/\/yoast.com\/product\/yoast-seo-wordpress\/ -->\n<title>Vedeck\u00fd talent SAV z\u00a0AMAVET-u v\u00ed\u0165azom na svetovej s\u00fa\u0165a\u017ei v USA - Festival vedy a techniky AMAVET<\/title>\n<meta name=\"robots\" content=\"index, follow, max-snippet:-1, max-image-preview:large, max-video-preview:-1\" \/>\n<link rel=\"canonical\" href=\"https:\/\/www.festivalvedy.sk\/wp2\/vedecky-talent-sav-z-amavet-u-vitazom-na-svetovej-sutazi-v-usa\/\" \/>\n<meta property=\"og:locale\" content=\"sk_SK\" \/>\n<meta property=\"og:type\" content=\"article\" \/>\n<meta property=\"og:title\" content=\"Vedeck\u00fd talent SAV z\u00a0AMAVET-u v\u00ed\u0165azom na svetovej s\u00fa\u0165a\u017ei v USA - Festival vedy a techniky AMAVET\" \/>\n<meta property=\"og:description\" content=\"Finalista Festivalu vedy a techniky AMAVET z\u00a0roku 2023 Michal Laj\u010diak dosiahol svoj cie\u013e by\u0165 najlep\u0161\u00ed! Deviateho m\u00e1ja som p\u00edsal v\u00a0tla\u010dovej inform\u00e1cii pred najprest\u00ed\u017enej\u0161ou projektovou s\u00fa\u0165a\u017eou stredo\u0161kol\u00e1kov Regeneron ISEF 2024 (Regeneron International Science and Engineering Fair 2024) o\u00a0mlad\u00fdch reprezentantoch AMAVET-u a\u00a0Slovenska. O\u00a0jednom z\u00a0nich som nap\u00edsal: \u201eMichal Laj\u010diak je zo Strednej priemyselnej \u0161koly v Dubnici nad V\u00e1hom. [&hellip;]\" \/>\n<meta property=\"og:url\" content=\"https:\/\/www.festivalvedy.sk\/wp2\/vedecky-talent-sav-z-amavet-u-vitazom-na-svetovej-sutazi-v-usa\/\" \/>\n<meta property=\"og:site_name\" content=\"Festival vedy a techniky AMAVET\" \/>\n<meta property=\"article:published_time\" content=\"2024-06-12T07:25:04+00:00\" \/>\n<meta property=\"article:modified_time\" content=\"2024-06-12T07:25:33+00:00\" \/>\n<meta property=\"og:image\" content=\"https:\/\/www.festivalvedy.sk\/wp2\/wp-content\/uploads\/2024\/06\/IMG_1815.jpg\" \/>\n\t<meta property=\"og:image:width\" content=\"1500\" \/>\n\t<meta property=\"og:image:height\" content=\"1125\" \/>\n\t<meta property=\"og:image:type\" content=\"image\/jpeg\" \/>\n<meta name=\"author\" content=\"cichova@amavet.sk\" \/>\n<meta name=\"twitter:card\" content=\"summary_large_image\" \/>\n<meta name=\"twitter:label1\" content=\"Autor\" \/>\n\t<meta name=\"twitter:data1\" content=\"cichova@amavet.sk\" \/>\n\t<meta name=\"twitter:label2\" content=\"Predpokladan\u00fd \u010das \u010d\u00edtania\" \/>\n\t<meta name=\"twitter:data2\" content=\"6 min\u00fat\" \/>\n<script type=\"application\/ld+json\" class=\"yoast-schema-graph\">{\"@context\":\"https:\/\/schema.org\",\"@graph\":[{\"@type\":\"Article\",\"@id\":\"https:\/\/www.festivalvedy.sk\/wp2\/vedecky-talent-sav-z-amavet-u-vitazom-na-svetovej-sutazi-v-usa\/#article\",\"isPartOf\":{\"@id\":\"https:\/\/www.festivalvedy.sk\/wp2\/vedecky-talent-sav-z-amavet-u-vitazom-na-svetovej-sutazi-v-usa\/\"},\"author\":{\"name\":\"cichova@amavet.sk\",\"@id\":\"https:\/\/www.festivalvedy.sk\/wp2\/#\/schema\/person\/7875f2822eb6744f8a6b8da979bb4d70\"},\"headline\":\"Vedeck\u00fd talent SAV z\u00a0AMAVET-u v\u00ed\u0165azom na svetovej s\u00fa\u0165a\u017ei v USA\",\"datePublished\":\"2024-06-12T07:25:04+00:00\",\"dateModified\":\"2024-06-12T07:25:33+00:00\",\"mainEntityOfPage\":{\"@id\":\"https:\/\/www.festivalvedy.sk\/wp2\/vedecky-talent-sav-z-amavet-u-vitazom-na-svetovej-sutazi-v-usa\/\"},\"wordCount\":1159,\"publisher\":{\"@id\":\"https:\/\/www.festivalvedy.sk\/wp2\/#organization\"},\"image\":{\"@id\":\"https:\/\/www.festivalvedy.sk\/wp2\/vedecky-talent-sav-z-amavet-u-vitazom-na-svetovej-sutazi-v-usa\/#primaryimage\"},\"thumbnailUrl\":\"https:\/\/www.festivalvedy.sk\/wp2\/wp-content\/uploads\/2024\/06\/IMG_1815.jpg\",\"articleSection\":[\"Novinky\",\"Reprezentovali n\u00e1s\",\"S\u00fa\u0165a\u017ee v zahrani\u010d\u00ed\"],\"inLanguage\":\"sk-SK\"},{\"@type\":\"WebPage\",\"@id\":\"https:\/\/www.festivalvedy.sk\/wp2\/vedecky-talent-sav-z-amavet-u-vitazom-na-svetovej-sutazi-v-usa\/\",\"url\":\"https:\/\/www.festivalvedy.sk\/wp2\/vedecky-talent-sav-z-amavet-u-vitazom-na-svetovej-sutazi-v-usa\/\",\"name\":\"Vedeck\u00fd talent SAV z\u00a0AMAVET-u v\u00ed\u0165azom na svetovej s\u00fa\u0165a\u017ei v USA - Festival vedy a techniky AMAVET\",\"isPartOf\":{\"@id\":\"https:\/\/www.festivalvedy.sk\/wp2\/#website\"},\"primaryImageOfPage\":{\"@id\":\"https:\/\/www.festivalvedy.sk\/wp2\/vedecky-talent-sav-z-amavet-u-vitazom-na-svetovej-sutazi-v-usa\/#primaryimage\"},\"image\":{\"@id\":\"https:\/\/www.festivalvedy.sk\/wp2\/vedecky-talent-sav-z-amavet-u-vitazom-na-svetovej-sutazi-v-usa\/#primaryimage\"},\"thumbnailUrl\":\"https:\/\/www.festivalvedy.sk\/wp2\/wp-content\/uploads\/2024\/06\/IMG_1815.jpg\",\"datePublished\":\"2024-06-12T07:25:04+00:00\",\"dateModified\":\"2024-06-12T07:25:33+00:00\",\"breadcrumb\":{\"@id\":\"https:\/\/www.festivalvedy.sk\/wp2\/vedecky-talent-sav-z-amavet-u-vitazom-na-svetovej-sutazi-v-usa\/#breadcrumb\"},\"inLanguage\":\"sk-SK\",\"potentialAction\":[{\"@type\":\"ReadAction\",\"target\":[\"https:\/\/www.festivalvedy.sk\/wp2\/vedecky-talent-sav-z-amavet-u-vitazom-na-svetovej-sutazi-v-usa\/\"]}]},{\"@type\":\"ImageObject\",\"inLanguage\":\"sk-SK\",\"@id\":\"https:\/\/www.festivalvedy.sk\/wp2\/vedecky-talent-sav-z-amavet-u-vitazom-na-svetovej-sutazi-v-usa\/#primaryimage\",\"url\":\"https:\/\/www.festivalvedy.sk\/wp2\/wp-content\/uploads\/2024\/06\/IMG_1815.jpg\",\"contentUrl\":\"https:\/\/www.festivalvedy.sk\/wp2\/wp-content\/uploads\/2024\/06\/IMG_1815.jpg\",\"width\":1500,\"height\":1125},{\"@type\":\"BreadcrumbList\",\"@id\":\"https:\/\/www.festivalvedy.sk\/wp2\/vedecky-talent-sav-z-amavet-u-vitazom-na-svetovej-sutazi-v-usa\/#breadcrumb\",\"itemListElement\":[{\"@type\":\"ListItem\",\"position\":1,\"name\":\"Home\",\"item\":\"https:\/\/www.festivalvedy.sk\/wp2\/\"},{\"@type\":\"ListItem\",\"position\":2,\"name\":\"Vedeck\u00fd talent SAV z\u00a0AMAVET-u v\u00ed\u0165azom na svetovej s\u00fa\u0165a\u017ei v USA\"}]},{\"@type\":\"WebSite\",\"@id\":\"https:\/\/www.festivalvedy.sk\/wp2\/#website\",\"url\":\"https:\/\/www.festivalvedy.sk\/wp2\/\",\"name\":\"Festival vedy a techniky AMAVET\",\"description\":\"AMAVET - Asoci\u00e1cia pre ml\u00e1de\u017e, vedu a techniku\",\"publisher\":{\"@id\":\"https:\/\/www.festivalvedy.sk\/wp2\/#organization\"},\"potentialAction\":[{\"@type\":\"SearchAction\",\"target\":{\"@type\":\"EntryPoint\",\"urlTemplate\":\"https:\/\/www.festivalvedy.sk\/wp2\/?s={search_term_string}\"},\"query-input\":{\"@type\":\"PropertyValueSpecification\",\"valueRequired\":true,\"valueName\":\"search_term_string\"}}],\"inLanguage\":\"sk-SK\"},{\"@type\":\"Organization\",\"@id\":\"https:\/\/www.festivalvedy.sk\/wp2\/#organization\",\"name\":\"Festival vedy a techniky AMAVET\",\"url\":\"https:\/\/www.festivalvedy.sk\/wp2\/\",\"logo\":{\"@type\":\"ImageObject\",\"inLanguage\":\"sk-SK\",\"@id\":\"https:\/\/www.festivalvedy.sk\/wp2\/#\/schema\/logo\/image\/\",\"url\":\"https:\/\/www.festivalvedy.sk\/wp2\/wp-content\/uploads\/2022\/02\/cropped-fvat-ochranna-zona.png\",\"contentUrl\":\"https:\/\/www.festivalvedy.sk\/wp2\/wp-content\/uploads\/2022\/02\/cropped-fvat-ochranna-zona.png\",\"width\":1190,\"height\":357,\"caption\":\"Festival vedy a techniky AMAVET\"},\"image\":{\"@id\":\"https:\/\/www.festivalvedy.sk\/wp2\/#\/schema\/logo\/image\/\"}},{\"@type\":\"Person\",\"@id\":\"https:\/\/www.festivalvedy.sk\/wp2\/#\/schema\/person\/7875f2822eb6744f8a6b8da979bb4d70\",\"name\":\"cichova@amavet.sk\",\"image\":{\"@type\":\"ImageObject\",\"inLanguage\":\"sk-SK\",\"@id\":\"https:\/\/secure.gravatar.com\/avatar\/6227f01bf3909de753b0c67135a8bcd4eb2f9674d0dc3890077f42d17beffba8?s=96&d=mm&r=g\",\"url\":\"https:\/\/secure.gravatar.com\/avatar\/6227f01bf3909de753b0c67135a8bcd4eb2f9674d0dc3890077f42d17beffba8?s=96&d=mm&r=g\",\"contentUrl\":\"https:\/\/secure.gravatar.com\/avatar\/6227f01bf3909de753b0c67135a8bcd4eb2f9674d0dc3890077f42d17beffba8?s=96&d=mm&r=g\",\"caption\":\"cichova@amavet.sk\"},\"url\":\"https:\/\/www.festivalvedy.sk\/wp2\/author\/cichovaamavet-sk\/\"}]}<\/script>\n<!-- \/ Yoast SEO plugin. -->","yoast_head_json":{"title":"Vedeck\u00fd talent SAV z\u00a0AMAVET-u v\u00ed\u0165azom na svetovej s\u00fa\u0165a\u017ei v USA - Festival vedy a techniky AMAVET","robots":{"index":"index","follow":"follow","max-snippet":"max-snippet:-1","max-image-preview":"max-image-preview:large","max-video-preview":"max-video-preview:-1"},"canonical":"https:\/\/www.festivalvedy.sk\/wp2\/vedecky-talent-sav-z-amavet-u-vitazom-na-svetovej-sutazi-v-usa\/","og_locale":"sk_SK","og_type":"article","og_title":"Vedeck\u00fd talent SAV z\u00a0AMAVET-u v\u00ed\u0165azom na svetovej s\u00fa\u0165a\u017ei v USA - Festival vedy a techniky AMAVET","og_description":"Finalista Festivalu vedy a techniky AMAVET z\u00a0roku 2023 Michal Laj\u010diak dosiahol svoj cie\u013e by\u0165 najlep\u0161\u00ed! Deviateho m\u00e1ja som p\u00edsal v\u00a0tla\u010dovej inform\u00e1cii pred najprest\u00ed\u017enej\u0161ou projektovou s\u00fa\u0165a\u017eou stredo\u0161kol\u00e1kov Regeneron ISEF 2024 (Regeneron International Science and Engineering Fair 2024) o\u00a0mlad\u00fdch reprezentantoch AMAVET-u a\u00a0Slovenska. O\u00a0jednom z\u00a0nich som nap\u00edsal: \u201eMichal Laj\u010diak je zo Strednej priemyselnej \u0161koly v Dubnici nad V\u00e1hom. [&hellip;]","og_url":"https:\/\/www.festivalvedy.sk\/wp2\/vedecky-talent-sav-z-amavet-u-vitazom-na-svetovej-sutazi-v-usa\/","og_site_name":"Festival vedy a techniky AMAVET","article_published_time":"2024-06-12T07:25:04+00:00","article_modified_time":"2024-06-12T07:25:33+00:00","og_image":[{"width":1500,"height":1125,"url":"https:\/\/www.festivalvedy.sk\/wp2\/wp-content\/uploads\/2024\/06\/IMG_1815.jpg","type":"image\/jpeg"}],"author":"cichova@amavet.sk","twitter_card":"summary_large_image","twitter_misc":{"Autor":"cichova@amavet.sk","Predpokladan\u00fd \u010das \u010d\u00edtania":"6 min\u00fat"},"schema":{"@context":"https:\/\/schema.org","@graph":[{"@type":"Article","@id":"https:\/\/www.festivalvedy.sk\/wp2\/vedecky-talent-sav-z-amavet-u-vitazom-na-svetovej-sutazi-v-usa\/#article","isPartOf":{"@id":"https:\/\/www.festivalvedy.sk\/wp2\/vedecky-talent-sav-z-amavet-u-vitazom-na-svetovej-sutazi-v-usa\/"},"author":{"name":"cichova@amavet.sk","@id":"https:\/\/www.festivalvedy.sk\/wp2\/#\/schema\/person\/7875f2822eb6744f8a6b8da979bb4d70"},"headline":"Vedeck\u00fd talent SAV z\u00a0AMAVET-u v\u00ed\u0165azom na svetovej s\u00fa\u0165a\u017ei v USA","datePublished":"2024-06-12T07:25:04+00:00","dateModified":"2024-06-12T07:25:33+00:00","mainEntityOfPage":{"@id":"https:\/\/www.festivalvedy.sk\/wp2\/vedecky-talent-sav-z-amavet-u-vitazom-na-svetovej-sutazi-v-usa\/"},"wordCount":1159,"publisher":{"@id":"https:\/\/www.festivalvedy.sk\/wp2\/#organization"},"image":{"@id":"https:\/\/www.festivalvedy.sk\/wp2\/vedecky-talent-sav-z-amavet-u-vitazom-na-svetovej-sutazi-v-usa\/#primaryimage"},"thumbnailUrl":"https:\/\/www.festivalvedy.sk\/wp2\/wp-content\/uploads\/2024\/06\/IMG_1815.jpg","articleSection":["Novinky","Reprezentovali n\u00e1s","S\u00fa\u0165a\u017ee v zahrani\u010d\u00ed"],"inLanguage":"sk-SK"},{"@type":"WebPage","@id":"https:\/\/www.festivalvedy.sk\/wp2\/vedecky-talent-sav-z-amavet-u-vitazom-na-svetovej-sutazi-v-usa\/","url":"https:\/\/www.festivalvedy.sk\/wp2\/vedecky-talent-sav-z-amavet-u-vitazom-na-svetovej-sutazi-v-usa\/","name":"Vedeck\u00fd talent SAV z\u00a0AMAVET-u v\u00ed\u0165azom na svetovej s\u00fa\u0165a\u017ei v USA - Festival vedy a techniky AMAVET","isPartOf":{"@id":"https:\/\/www.festivalvedy.sk\/wp2\/#website"},"primaryImageOfPage":{"@id":"https:\/\/www.festivalvedy.sk\/wp2\/vedecky-talent-sav-z-amavet-u-vitazom-na-svetovej-sutazi-v-usa\/#primaryimage"},"image":{"@id":"https:\/\/www.festivalvedy.sk\/wp2\/vedecky-talent-sav-z-amavet-u-vitazom-na-svetovej-sutazi-v-usa\/#primaryimage"},"thumbnailUrl":"https:\/\/www.festivalvedy.sk\/wp2\/wp-content\/uploads\/2024\/06\/IMG_1815.jpg","datePublished":"2024-06-12T07:25:04+00:00","dateModified":"2024-06-12T07:25:33+00:00","breadcrumb":{"@id":"https:\/\/www.festivalvedy.sk\/wp2\/vedecky-talent-sav-z-amavet-u-vitazom-na-svetovej-sutazi-v-usa\/#breadcrumb"},"inLanguage":"sk-SK","potentialAction":[{"@type":"ReadAction","target":["https:\/\/www.festivalvedy.sk\/wp2\/vedecky-talent-sav-z-amavet-u-vitazom-na-svetovej-sutazi-v-usa\/"]}]},{"@type":"ImageObject","inLanguage":"sk-SK","@id":"https:\/\/www.festivalvedy.sk\/wp2\/vedecky-talent-sav-z-amavet-u-vitazom-na-svetovej-sutazi-v-usa\/#primaryimage","url":"https:\/\/www.festivalvedy.sk\/wp2\/wp-content\/uploads\/2024\/06\/IMG_1815.jpg","contentUrl":"https:\/\/www.festivalvedy.sk\/wp2\/wp-content\/uploads\/2024\/06\/IMG_1815.jpg","width":1500,"height":1125},{"@type":"BreadcrumbList","@id":"https:\/\/www.festivalvedy.sk\/wp2\/vedecky-talent-sav-z-amavet-u-vitazom-na-svetovej-sutazi-v-usa\/#breadcrumb","itemListElement":[{"@type":"ListItem","position":1,"name":"Home","item":"https:\/\/www.festivalvedy.sk\/wp2\/"},{"@type":"ListItem","position":2,"name":"Vedeck\u00fd talent SAV z\u00a0AMAVET-u v\u00ed\u0165azom na svetovej s\u00fa\u0165a\u017ei v USA"}]},{"@type":"WebSite","@id":"https:\/\/www.festivalvedy.sk\/wp2\/#website","url":"https:\/\/www.festivalvedy.sk\/wp2\/","name":"Festival vedy a techniky AMAVET","description":"AMAVET - Asoci\u00e1cia pre ml\u00e1de\u017e, vedu a techniku","publisher":{"@id":"https:\/\/www.festivalvedy.sk\/wp2\/#organization"},"potentialAction":[{"@type":"SearchAction","target":{"@type":"EntryPoint","urlTemplate":"https:\/\/www.festivalvedy.sk\/wp2\/?s={search_term_string}"},"query-input":{"@type":"PropertyValueSpecification","valueRequired":true,"valueName":"search_term_string"}}],"inLanguage":"sk-SK"},{"@type":"Organization","@id":"https:\/\/www.festivalvedy.sk\/wp2\/#organization","name":"Festival vedy a techniky AMAVET","url":"https:\/\/www.festivalvedy.sk\/wp2\/","logo":{"@type":"ImageObject","inLanguage":"sk-SK","@id":"https:\/\/www.festivalvedy.sk\/wp2\/#\/schema\/logo\/image\/","url":"https:\/\/www.festivalvedy.sk\/wp2\/wp-content\/uploads\/2022\/02\/cropped-fvat-ochranna-zona.png","contentUrl":"https:\/\/www.festivalvedy.sk\/wp2\/wp-content\/uploads\/2022\/02\/cropped-fvat-ochranna-zona.png","width":1190,"height":357,"caption":"Festival vedy a techniky AMAVET"},"image":{"@id":"https:\/\/www.festivalvedy.sk\/wp2\/#\/schema\/logo\/image\/"}},{"@type":"Person","@id":"https:\/\/www.festivalvedy.sk\/wp2\/#\/schema\/person\/7875f2822eb6744f8a6b8da979bb4d70","name":"cichova@amavet.sk","image":{"@type":"ImageObject","inLanguage":"sk-SK","@id":"https:\/\/secure.gravatar.com\/avatar\/6227f01bf3909de753b0c67135a8bcd4eb2f9674d0dc3890077f42d17beffba8?s=96&d=mm&r=g","url":"https:\/\/secure.gravatar.com\/avatar\/6227f01bf3909de753b0c67135a8bcd4eb2f9674d0dc3890077f42d17beffba8?s=96&d=mm&r=g","contentUrl":"https:\/\/secure.gravatar.com\/avatar\/6227f01bf3909de753b0c67135a8bcd4eb2f9674d0dc3890077f42d17beffba8?s=96&d=mm&r=g","caption":"cichova@amavet.sk"},"url":"https:\/\/www.festivalvedy.sk\/wp2\/author\/cichovaamavet-sk\/"}]}},"_links":{"self":[{"href":"https:\/\/www.festivalvedy.sk\/wp2\/wp-json\/wp\/v2\/posts\/4446","targetHints":{"allow":["GET"]}}],"collection":[{"href":"https:\/\/www.festivalvedy.sk\/wp2\/wp-json\/wp\/v2\/posts"}],"about":[{"href":"https:\/\/www.festivalvedy.sk\/wp2\/wp-json\/wp\/v2\/types\/post"}],"author":[{"embeddable":true,"href":"https:\/\/www.festivalvedy.sk\/wp2\/wp-json\/wp\/v2\/users\/3"}],"replies":[{"embeddable":true,"href":"https:\/\/www.festivalvedy.sk\/wp2\/wp-json\/wp\/v2\/comments?post=4446"}],"version-history":[{"count":3,"href":"https:\/\/www.festivalvedy.sk\/wp2\/wp-json\/wp\/v2\/posts\/4446\/revisions"}],"predecessor-version":[{"id":4479,"href":"https:\/\/www.festivalvedy.sk\/wp2\/wp-json\/wp\/v2\/posts\/4446\/revisions\/4479"}],"wp:featuredmedia":[{"embeddable":true,"href":"https:\/\/www.festivalvedy.sk\/wp2\/wp-json\/wp\/v2\/media\/4464"}],"wp:attachment":[{"href":"https:\/\/www.festivalvedy.sk\/wp2\/wp-json\/wp\/v2\/media?parent=4446"}],"wp:term":[{"taxonomy":"category","embeddable":true,"href":"https:\/\/www.festivalvedy.sk\/wp2\/wp-json\/wp\/v2\/categories?post=4446"},{"taxonomy":"post_tag","embeddable":true,"href":"https:\/\/www.festivalvedy.sk\/wp2\/wp-json\/wp\/v2\/tags?post=4446"}],"curies":[{"name":"wp","href":"https:\/\/api.w.org\/{rel}","templated":true}]}}