{"id":4480,"date":"2024-06-18T14:55:05","date_gmt":"2024-06-18T12:55:05","guid":{"rendered":"https:\/\/www.festivalvedy.sk\/wp2\/?p=4480"},"modified":"2024-06-18T14:56:09","modified_gmt":"2024-06-18T12:56:09","slug":"zlata-medaila-z-londyna-pre-sarah-krupsovu-z-amavet-u","status":"publish","type":"post","link":"https:\/\/www.festivalvedy.sk\/wp2\/zlata-medaila-z-londyna-pre-sarah-krupsovu-z-amavet-u\/","title":{"rendered":"Zlat\u00e1 medaila z\u00a0Lond\u00fdna pre Sarah Krup\u0161ov\u00fa z\u00a0AMAVET-u"},"content":{"rendered":"<section class=\"kc-elm kc-css-844977 kc_row\"><div class=\"kc-row-container  kc-container\"><div class=\"kc-wrap-columns\"><div class=\"kc-elm kc-css-266394 kc_column kc_col-sm-12\"><div class=\"kc-col-container\"><div class=\"kc-elm kc-css-195085 kc_text_block\"><\/p>\n<p>Matej Gur\u0148ak, ved\u00faci deleg\u00e1cie AMAVET-u na International Greenwich Olympiad v\u00a0Lond\u00fdne n\u00e1m nap\u00edsal priamo z\u00a0letiska:<span id=\"more-8909\"><\/span><\/p>\n<p><strong><em>\u201eDo s\u00fa\u0165a\u017ee International Greenwich Olympiad sme sa tento<br \/>rok zapojili v\u00f4bec po prv\u00fdkr\u00e1t, a preto je obrovsk\u00fdm \u00faspechom, \u017ee sa<br \/>Sarah s\u00a0jej projektom podarilo uspie\u0165 a z\u00edska\u0165 hne\u010f zlat\u00fa medailu<br \/>v\u00a0kateg\u00f3rii Engineering. Tento ro\u010dn\u00edk medzin\u00e1rodnej s\u00fa\u0165a\u017ee je iba tret\u00edm<br \/> od vzniku v\u00a0roku 2022, no napriek tomu sa ho z\u00fa\u010dastnilo prezen\u010dne, ako<br \/>aj v\u00a0online forme a\u017e <\/em><\/strong><strong><em>449 <\/em><\/strong><strong><em>\u0161tudentov z 34 kraj\u00edn sveta<\/em><\/strong><strong><em>.<br \/> Medzi \u010dlenmi hodnotiacej komisie v\u00a0ka\u017edej kateg\u00f3rii boli popredn\u00ed vedci<br \/> z\u00a0britsk\u00fdch univerz\u00edt, ktor\u00ed d\u00f4kladne zhodnotili projekty a poskytli<br \/>\u0161tudentom cenn\u00fa sp\u00e4tn\u00fa v\u00e4zbu. S\u00fa\u010das\u0165ou programu bola okrem viacdennej<br \/>prehliadky Lond\u00fdna aj exkurzia do Oxfordu a\u00a0ve\u013ea spolo\u010densk\u00fdch aktiv\u00edt.<br \/>Celkovo tak mali \u0161tudenti okrem prezentovania svojich projektov a<br \/>spozn\u00e1vania Lond\u00fdna aj mo\u017enos\u0165 spozna\u0165 sa navz\u00e1jom a\u00a0na\u010derpa\u0165 ve\u013ea<br \/>in\u0161pir\u00e1cie do bud\u00facnosti. Odbornos\u0165 komisie,\u00a0ve\u013ek\u00fa medzin\u00e1rodn\u00fa \u00fa\u010das\u0165<br \/>a\u00a0sprievodn\u00fd program vn\u00edmam ako hlavn\u00e9 prednosti tejto s\u00fa\u0165a\u017ee, ktor\u00e9<br \/>m\u00f4\u017eu v bud\u00facnosti vyu\u017ei\u0165 \u010fal\u0161\u00ed \u00fa\u010dastn\u00edci zo Slovenska.\u201c<\/em><\/strong><\/p>\n<p>S\u00a0ak\u00fdmi pocitmi odch\u00e1dzala v\u00ed\u0165azka Sarah Krup\u0161ov\u00e1?<\/p>\n<p><strong><em>\u201e\u00da\u010das\u0165 na International Greenwich Olympiad bola pre m\u0148a<br \/>nezabudnute\u013en\u00fdm z\u00e1\u017eitkom. Najviac sa mi p\u00e1\u010dila samotn\u00e1 prezent\u00e1cia<br \/>projektu v anglickom jazyku pred odbornou svetovou komisiou, s ktorou<br \/>som okrem prec\u00edzneho hodnotenia mala mo\u017enos\u0165 bli\u017e\u0161ie diskutova\u0165 o<br \/>praktickej aplik\u00e1cii m\u00f4jho projektu v\u00a0akademickej, ako aj komer\u010dnej<br \/>sf\u00e9re. Ve\u013ek\u00fdm pr\u00ednosom bol pre m\u0148a najm\u00e4 ich otvoren\u00fd pr\u00edstup, z ktor\u00e9ho<br \/> bolo pozna\u0165, \u017ee s\u00fa\u0165a\u017eiacich skuto\u010dne vn\u00edmaj\u00fa ako ,,rovnocenn\u00fdch<br \/>kolegov\u201d. Po samotnom s\u00fa\u0165a\u017een\u00ed som si ve\u013emi u\u017eila v\u00fdlety po ikonick\u00fdch<br \/>\u010dastiach Lond\u00fdna ako aj n\u00e1v\u0161tevu Oxfordu a Oxford University. Ako<br \/>nad\u0161enca vedy a z\u00e1rove\u0148 umenia bola pre m\u0148a prech\u00e1dzka po majest\u00e1tnom<br \/>historickom kampuse a pracovisku mnoh\u00fdch \u00faspe\u0161n\u00fdch vedcov in\u0161piruj\u00facim<br \/>z\u00e1\u017eitkom. Skvel\u00e9 momenty som pre\u017eila tie\u017e v kruhu ostatn\u00fdch s\u00fa\u0165a\u017eiacich z<br \/> r\u00f4znych k\u00fatov sveta. Okrem nov\u00fdch vedomost\u00ed oh\u013eadom ich kult\u00fary mi<br \/>spolo\u010dn\u00e9 chv\u00edle umo\u017enili vybudova\u0165 nov\u00e9 kontakty a priate\u013estv\u00e1. Po plne<br \/>nabitom t\u00fd\u017edni s\u00fa\u0165a\u017ee a aktiv\u00edt bol pre m\u0148a nezabudnute\u013en\u00fdm z\u00e1\u017eitkom<br \/>z\u00e1vere\u010dn\u00fd ceremoni\u00e1l a udelenie zlatej medaile. Bol to skuto\u010dne<br \/>mimoriadny okamih st\u00e1\u0165 na p\u00f3diu bok po boku s v\u00ed\u0165azmi v \u010fal\u0161\u00edch<br \/>kateg\u00f3ri\u00e1ch. Aj ke\u010f z\u00e1vere\u010dn\u00fd ceremoni\u00e1l bol samotn\u00fdm ukon\u010den\u00edm s\u00fa\u0165a\u017ee,<br \/>chv\u00edle, ktor\u00e9 som na IGO pre\u017eila, ma naplnili motiv\u00e1ciou pracova\u0165 na<br \/>\u010fal\u0161\u00edch zauj\u00edmav\u00fdch projektoch. Pr\u00e1ve preto tie\u017e ver\u00edm, \u017ee aj tieto moje<br \/> sk\u00fasenosti dok\u00e1\u017eu in\u0161pirova\u0165 ostatn\u00fdch \u0161tudentov v realiz\u00e1cii ich<br \/>kreativity, \u010di u\u017e vo vede alebo umen\u00ed, najd\u00f4le\u017eitej\u0161ie je<br \/>za\u010da\u0165\u00a0a\u00a0vytrva\u0165.\u201c<\/em><\/strong><\/p>\n<\/p>\n<p>\n<\/div><div class=\"kc-image-gallery kc-elm kc-css-633346\">\n<div class=\"kc_image_gallery kc-carousel-image kc-grid \">\n<div class=\"item-grid grid-6\"><img decoding=\"async\" src=\"https:\/\/www.festivalvedy.sk\/wp2\/wp-content\/uploads\/2024\/06\/IMG_20240611_100910352-scaled.jpg\" alt=\"\"\/><\/div><div class=\"item-grid grid-6\"><img decoding=\"async\" src=\"https:\/\/www.festivalvedy.sk\/wp2\/wp-content\/uploads\/2024\/06\/IMG_20240610_172142176-scaled.jpg\" alt=\"\"\/><\/div><div class=\"item-grid grid-6\"><img decoding=\"async\" src=\"https:\/\/www.festivalvedy.sk\/wp2\/wp-content\/uploads\/2024\/06\/IMG_20240610_164313516-scaled.jpg\" alt=\"\"\/><\/div><div class=\"item-grid grid-6\"><img decoding=\"async\" src=\"https:\/\/www.festivalvedy.sk\/wp2\/wp-content\/uploads\/2024\/06\/IMG_20240611_101215065-scaled.jpg\" alt=\"\"\/><\/div><\/div>\n<\/div><\/div><\/div><\/div><\/div><\/section>\n","protected":false},"excerpt":{"rendered":"","protected":false},"author":3,"featured_media":4492,"comment_status":"closed","ping_status":"closed","sticky":false,"template":"","format":"standard","meta":{"om_disable_all_campaigns":false,"_monsterinsights_skip_tracking":false,"_monsterinsights_sitenote_active":false,"_monsterinsights_sitenote_note":"","_monsterinsights_sitenote_category":0,"_uf_show_specific_survey":0,"_uf_disable_surveys":false,"footnotes":""},"categories":[1,33,32,5],"tags":[],"class_list":["post-4480","post","type-post","status-publish","format-standard","has-post-thumbnail","hentry","category-nezaradene","category-novinky","category-vitazi-v-zahranici","category-sutaze-v-zahranici"],"yoast_head":"<!-- This site is optimized with the Yoast SEO plugin v27.2 - https:\/\/yoast.com\/product\/yoast-seo-wordpress\/ -->\n<title>Zlat\u00e1 medaila z\u00a0Lond\u00fdna pre Sarah Krup\u0161ov\u00fa z\u00a0AMAVET-u - Festival vedy a techniky AMAVET<\/title>\n<meta name=\"robots\" content=\"index, follow, max-snippet:-1, max-image-preview:large, max-video-preview:-1\" \/>\n<link rel=\"canonical\" href=\"https:\/\/www.festivalvedy.sk\/wp2\/zlata-medaila-z-londyna-pre-sarah-krupsovu-z-amavet-u\/\" \/>\n<meta property=\"og:locale\" content=\"sk_SK\" \/>\n<meta property=\"og:type\" content=\"article\" \/>\n<meta property=\"og:title\" content=\"Zlat\u00e1 medaila z\u00a0Lond\u00fdna pre Sarah Krup\u0161ov\u00fa z\u00a0AMAVET-u - Festival vedy a techniky AMAVET\" \/>\n<meta property=\"og:description\" content=\"Matej Gur\u0148ak, ved\u00faci deleg\u00e1cie AMAVET-u na International Greenwich Olympiad v\u00a0Lond\u00fdne n\u00e1m nap\u00edsal priamo z\u00a0letiska: \u201eDo s\u00fa\u0165a\u017ee International Greenwich Olympiad sme sa tentorok zapojili v\u00f4bec po prv\u00fdkr\u00e1t, a preto je obrovsk\u00fdm \u00faspechom, \u017ee saSarah s\u00a0jej projektom podarilo uspie\u0165 a z\u00edska\u0165 hne\u010f zlat\u00fa medailuv\u00a0kateg\u00f3rii Engineering. Tento ro\u010dn\u00edk medzin\u00e1rodnej s\u00fa\u0165a\u017ee je iba tret\u00edm od vzniku v\u00a0roku 2022, no [&hellip;]\" \/>\n<meta property=\"og:url\" content=\"https:\/\/www.festivalvedy.sk\/wp2\/zlata-medaila-z-londyna-pre-sarah-krupsovu-z-amavet-u\/\" \/>\n<meta property=\"og:site_name\" content=\"Festival vedy a techniky AMAVET\" \/>\n<meta property=\"article:published_time\" content=\"2024-06-18T12:55:05+00:00\" \/>\n<meta property=\"article:modified_time\" content=\"2024-06-18T12:56:09+00:00\" \/>\n<meta property=\"og:image\" content=\"https:\/\/www.festivalvedy.sk\/wp2\/wp-content\/uploads\/2024\/06\/IMG_20240614_200253099_HDR-scaled.jpg\" \/>\n\t<meta property=\"og:image:width\" content=\"2560\" \/>\n\t<meta property=\"og:image:height\" content=\"1920\" \/>\n\t<meta property=\"og:image:type\" content=\"image\/jpeg\" \/>\n<meta name=\"author\" content=\"cichova@amavet.sk\" \/>\n<meta name=\"twitter:card\" content=\"summary_large_image\" \/>\n<meta name=\"twitter:label1\" content=\"Autor\" \/>\n\t<meta name=\"twitter:data1\" content=\"cichova@amavet.sk\" \/>\n\t<meta name=\"twitter:label2\" content=\"Predpokladan\u00fd \u010das \u010d\u00edtania\" \/>\n\t<meta name=\"twitter:data2\" content=\"3 min\u00faty\" \/>\n<script type=\"application\/ld+json\" class=\"yoast-schema-graph\">{\"@context\":\"https:\/\/schema.org\",\"@graph\":[{\"@type\":\"Article\",\"@id\":\"https:\/\/www.festivalvedy.sk\/wp2\/zlata-medaila-z-londyna-pre-sarah-krupsovu-z-amavet-u\/#article\",\"isPartOf\":{\"@id\":\"https:\/\/www.festivalvedy.sk\/wp2\/zlata-medaila-z-londyna-pre-sarah-krupsovu-z-amavet-u\/\"},\"author\":{\"name\":\"cichova@amavet.sk\",\"@id\":\"https:\/\/www.festivalvedy.sk\/wp2\/#\/schema\/person\/7875f2822eb6744f8a6b8da979bb4d70\"},\"headline\":\"Zlat\u00e1 medaila z\u00a0Lond\u00fdna pre Sarah Krup\u0161ov\u00fa z\u00a0AMAVET-u\",\"datePublished\":\"2024-06-18T12:55:05+00:00\",\"dateModified\":\"2024-06-18T12:56:09+00:00\",\"mainEntityOfPage\":{\"@id\":\"https:\/\/www.festivalvedy.sk\/wp2\/zlata-medaila-z-londyna-pre-sarah-krupsovu-z-amavet-u\/\"},\"wordCount\":531,\"publisher\":{\"@id\":\"https:\/\/www.festivalvedy.sk\/wp2\/#organization\"},\"image\":{\"@id\":\"https:\/\/www.festivalvedy.sk\/wp2\/zlata-medaila-z-londyna-pre-sarah-krupsovu-z-amavet-u\/#primaryimage\"},\"thumbnailUrl\":\"https:\/\/www.festivalvedy.sk\/wp2\/wp-content\/uploads\/2024\/06\/IMG_20240614_200253099_HDR-scaled.jpg\",\"articleSection\":{\"1\":\"Novinky\",\"2\":\"Reprezentovali n\u00e1s\",\"3\":\"S\u00fa\u0165a\u017ee v zahrani\u010d\u00ed\"},\"inLanguage\":\"sk-SK\"},{\"@type\":\"WebPage\",\"@id\":\"https:\/\/www.festivalvedy.sk\/wp2\/zlata-medaila-z-londyna-pre-sarah-krupsovu-z-amavet-u\/\",\"url\":\"https:\/\/www.festivalvedy.sk\/wp2\/zlata-medaila-z-londyna-pre-sarah-krupsovu-z-amavet-u\/\",\"name\":\"Zlat\u00e1 medaila z\u00a0Lond\u00fdna pre Sarah Krup\u0161ov\u00fa z\u00a0AMAVET-u - Festival vedy a techniky AMAVET\",\"isPartOf\":{\"@id\":\"https:\/\/www.festivalvedy.sk\/wp2\/#website\"},\"primaryImageOfPage\":{\"@id\":\"https:\/\/www.festivalvedy.sk\/wp2\/zlata-medaila-z-londyna-pre-sarah-krupsovu-z-amavet-u\/#primaryimage\"},\"image\":{\"@id\":\"https:\/\/www.festivalvedy.sk\/wp2\/zlata-medaila-z-londyna-pre-sarah-krupsovu-z-amavet-u\/#primaryimage\"},\"thumbnailUrl\":\"https:\/\/www.festivalvedy.sk\/wp2\/wp-content\/uploads\/2024\/06\/IMG_20240614_200253099_HDR-scaled.jpg\",\"datePublished\":\"2024-06-18T12:55:05+00:00\",\"dateModified\":\"2024-06-18T12:56:09+00:00\",\"breadcrumb\":{\"@id\":\"https:\/\/www.festivalvedy.sk\/wp2\/zlata-medaila-z-londyna-pre-sarah-krupsovu-z-amavet-u\/#breadcrumb\"},\"inLanguage\":\"sk-SK\",\"potentialAction\":[{\"@type\":\"ReadAction\",\"target\":[\"https:\/\/www.festivalvedy.sk\/wp2\/zlata-medaila-z-londyna-pre-sarah-krupsovu-z-amavet-u\/\"]}]},{\"@type\":\"ImageObject\",\"inLanguage\":\"sk-SK\",\"@id\":\"https:\/\/www.festivalvedy.sk\/wp2\/zlata-medaila-z-londyna-pre-sarah-krupsovu-z-amavet-u\/#primaryimage\",\"url\":\"https:\/\/www.festivalvedy.sk\/wp2\/wp-content\/uploads\/2024\/06\/IMG_20240614_200253099_HDR-scaled.jpg\",\"contentUrl\":\"https:\/\/www.festivalvedy.sk\/wp2\/wp-content\/uploads\/2024\/06\/IMG_20240614_200253099_HDR-scaled.jpg\",\"width\":2560,\"height\":1920},{\"@type\":\"BreadcrumbList\",\"@id\":\"https:\/\/www.festivalvedy.sk\/wp2\/zlata-medaila-z-londyna-pre-sarah-krupsovu-z-amavet-u\/#breadcrumb\",\"itemListElement\":[{\"@type\":\"ListItem\",\"position\":1,\"name\":\"Home\",\"item\":\"https:\/\/www.festivalvedy.sk\/wp2\/\"},{\"@type\":\"ListItem\",\"position\":2,\"name\":\"Zlat\u00e1 medaila z\u00a0Lond\u00fdna pre Sarah Krup\u0161ov\u00fa z\u00a0AMAVET-u\"}]},{\"@type\":\"WebSite\",\"@id\":\"https:\/\/www.festivalvedy.sk\/wp2\/#website\",\"url\":\"https:\/\/www.festivalvedy.sk\/wp2\/\",\"name\":\"Festival vedy a techniky AMAVET\",\"description\":\"AMAVET - Asoci\u00e1cia pre ml\u00e1de\u017e, vedu a techniku\",\"publisher\":{\"@id\":\"https:\/\/www.festivalvedy.sk\/wp2\/#organization\"},\"potentialAction\":[{\"@type\":\"SearchAction\",\"target\":{\"@type\":\"EntryPoint\",\"urlTemplate\":\"https:\/\/www.festivalvedy.sk\/wp2\/?s={search_term_string}\"},\"query-input\":{\"@type\":\"PropertyValueSpecification\",\"valueRequired\":true,\"valueName\":\"search_term_string\"}}],\"inLanguage\":\"sk-SK\"},{\"@type\":\"Organization\",\"@id\":\"https:\/\/www.festivalvedy.sk\/wp2\/#organization\",\"name\":\"Festival vedy a techniky AMAVET\",\"url\":\"https:\/\/www.festivalvedy.sk\/wp2\/\",\"logo\":{\"@type\":\"ImageObject\",\"inLanguage\":\"sk-SK\",\"@id\":\"https:\/\/www.festivalvedy.sk\/wp2\/#\/schema\/logo\/image\/\",\"url\":\"https:\/\/www.festivalvedy.sk\/wp2\/wp-content\/uploads\/2022\/02\/cropped-fvat-ochranna-zona.png\",\"contentUrl\":\"https:\/\/www.festivalvedy.sk\/wp2\/wp-content\/uploads\/2022\/02\/cropped-fvat-ochranna-zona.png\",\"width\":1190,\"height\":357,\"caption\":\"Festival vedy a techniky AMAVET\"},\"image\":{\"@id\":\"https:\/\/www.festivalvedy.sk\/wp2\/#\/schema\/logo\/image\/\"}},{\"@type\":\"Person\",\"@id\":\"https:\/\/www.festivalvedy.sk\/wp2\/#\/schema\/person\/7875f2822eb6744f8a6b8da979bb4d70\",\"name\":\"cichova@amavet.sk\",\"image\":{\"@type\":\"ImageObject\",\"inLanguage\":\"sk-SK\",\"@id\":\"https:\/\/secure.gravatar.com\/avatar\/6227f01bf3909de753b0c67135a8bcd4eb2f9674d0dc3890077f42d17beffba8?s=96&d=mm&r=g\",\"url\":\"https:\/\/secure.gravatar.com\/avatar\/6227f01bf3909de753b0c67135a8bcd4eb2f9674d0dc3890077f42d17beffba8?s=96&d=mm&r=g\",\"contentUrl\":\"https:\/\/secure.gravatar.com\/avatar\/6227f01bf3909de753b0c67135a8bcd4eb2f9674d0dc3890077f42d17beffba8?s=96&d=mm&r=g\",\"caption\":\"cichova@amavet.sk\"},\"url\":\"https:\/\/www.festivalvedy.sk\/wp2\/author\/cichovaamavet-sk\/\"}]}<\/script>\n<!-- \/ Yoast SEO plugin. -->","yoast_head_json":{"title":"Zlat\u00e1 medaila z\u00a0Lond\u00fdna pre Sarah Krup\u0161ov\u00fa z\u00a0AMAVET-u - Festival vedy a techniky AMAVET","robots":{"index":"index","follow":"follow","max-snippet":"max-snippet:-1","max-image-preview":"max-image-preview:large","max-video-preview":"max-video-preview:-1"},"canonical":"https:\/\/www.festivalvedy.sk\/wp2\/zlata-medaila-z-londyna-pre-sarah-krupsovu-z-amavet-u\/","og_locale":"sk_SK","og_type":"article","og_title":"Zlat\u00e1 medaila z\u00a0Lond\u00fdna pre Sarah Krup\u0161ov\u00fa z\u00a0AMAVET-u - Festival vedy a techniky AMAVET","og_description":"Matej Gur\u0148ak, ved\u00faci deleg\u00e1cie AMAVET-u na International Greenwich Olympiad v\u00a0Lond\u00fdne n\u00e1m nap\u00edsal priamo z\u00a0letiska: \u201eDo s\u00fa\u0165a\u017ee International Greenwich Olympiad sme sa tentorok zapojili v\u00f4bec po prv\u00fdkr\u00e1t, a preto je obrovsk\u00fdm \u00faspechom, \u017ee saSarah s\u00a0jej projektom podarilo uspie\u0165 a z\u00edska\u0165 hne\u010f zlat\u00fa medailuv\u00a0kateg\u00f3rii Engineering. Tento ro\u010dn\u00edk medzin\u00e1rodnej s\u00fa\u0165a\u017ee je iba tret\u00edm od vzniku v\u00a0roku 2022, no [&hellip;]","og_url":"https:\/\/www.festivalvedy.sk\/wp2\/zlata-medaila-z-londyna-pre-sarah-krupsovu-z-amavet-u\/","og_site_name":"Festival vedy a techniky AMAVET","article_published_time":"2024-06-18T12:55:05+00:00","article_modified_time":"2024-06-18T12:56:09+00:00","og_image":[{"width":2560,"height":1920,"url":"https:\/\/www.festivalvedy.sk\/wp2\/wp-content\/uploads\/2024\/06\/IMG_20240614_200253099_HDR-scaled.jpg","type":"image\/jpeg"}],"author":"cichova@amavet.sk","twitter_card":"summary_large_image","twitter_misc":{"Autor":"cichova@amavet.sk","Predpokladan\u00fd \u010das \u010d\u00edtania":"3 min\u00faty"},"schema":{"@context":"https:\/\/schema.org","@graph":[{"@type":"Article","@id":"https:\/\/www.festivalvedy.sk\/wp2\/zlata-medaila-z-londyna-pre-sarah-krupsovu-z-amavet-u\/#article","isPartOf":{"@id":"https:\/\/www.festivalvedy.sk\/wp2\/zlata-medaila-z-londyna-pre-sarah-krupsovu-z-amavet-u\/"},"author":{"name":"cichova@amavet.sk","@id":"https:\/\/www.festivalvedy.sk\/wp2\/#\/schema\/person\/7875f2822eb6744f8a6b8da979bb4d70"},"headline":"Zlat\u00e1 medaila z\u00a0Lond\u00fdna pre Sarah Krup\u0161ov\u00fa z\u00a0AMAVET-u","datePublished":"2024-06-18T12:55:05+00:00","dateModified":"2024-06-18T12:56:09+00:00","mainEntityOfPage":{"@id":"https:\/\/www.festivalvedy.sk\/wp2\/zlata-medaila-z-londyna-pre-sarah-krupsovu-z-amavet-u\/"},"wordCount":531,"publisher":{"@id":"https:\/\/www.festivalvedy.sk\/wp2\/#organization"},"image":{"@id":"https:\/\/www.festivalvedy.sk\/wp2\/zlata-medaila-z-londyna-pre-sarah-krupsovu-z-amavet-u\/#primaryimage"},"thumbnailUrl":"https:\/\/www.festivalvedy.sk\/wp2\/wp-content\/uploads\/2024\/06\/IMG_20240614_200253099_HDR-scaled.jpg","articleSection":{"1":"Novinky","2":"Reprezentovali n\u00e1s","3":"S\u00fa\u0165a\u017ee v zahrani\u010d\u00ed"},"inLanguage":"sk-SK"},{"@type":"WebPage","@id":"https:\/\/www.festivalvedy.sk\/wp2\/zlata-medaila-z-londyna-pre-sarah-krupsovu-z-amavet-u\/","url":"https:\/\/www.festivalvedy.sk\/wp2\/zlata-medaila-z-londyna-pre-sarah-krupsovu-z-amavet-u\/","name":"Zlat\u00e1 medaila z\u00a0Lond\u00fdna pre Sarah Krup\u0161ov\u00fa z\u00a0AMAVET-u - Festival vedy a techniky AMAVET","isPartOf":{"@id":"https:\/\/www.festivalvedy.sk\/wp2\/#website"},"primaryImageOfPage":{"@id":"https:\/\/www.festivalvedy.sk\/wp2\/zlata-medaila-z-londyna-pre-sarah-krupsovu-z-amavet-u\/#primaryimage"},"image":{"@id":"https:\/\/www.festivalvedy.sk\/wp2\/zlata-medaila-z-londyna-pre-sarah-krupsovu-z-amavet-u\/#primaryimage"},"thumbnailUrl":"https:\/\/www.festivalvedy.sk\/wp2\/wp-content\/uploads\/2024\/06\/IMG_20240614_200253099_HDR-scaled.jpg","datePublished":"2024-06-18T12:55:05+00:00","dateModified":"2024-06-18T12:56:09+00:00","breadcrumb":{"@id":"https:\/\/www.festivalvedy.sk\/wp2\/zlata-medaila-z-londyna-pre-sarah-krupsovu-z-amavet-u\/#breadcrumb"},"inLanguage":"sk-SK","potentialAction":[{"@type":"ReadAction","target":["https:\/\/www.festivalvedy.sk\/wp2\/zlata-medaila-z-londyna-pre-sarah-krupsovu-z-amavet-u\/"]}]},{"@type":"ImageObject","inLanguage":"sk-SK","@id":"https:\/\/www.festivalvedy.sk\/wp2\/zlata-medaila-z-londyna-pre-sarah-krupsovu-z-amavet-u\/#primaryimage","url":"https:\/\/www.festivalvedy.sk\/wp2\/wp-content\/uploads\/2024\/06\/IMG_20240614_200253099_HDR-scaled.jpg","contentUrl":"https:\/\/www.festivalvedy.sk\/wp2\/wp-content\/uploads\/2024\/06\/IMG_20240614_200253099_HDR-scaled.jpg","width":2560,"height":1920},{"@type":"BreadcrumbList","@id":"https:\/\/www.festivalvedy.sk\/wp2\/zlata-medaila-z-londyna-pre-sarah-krupsovu-z-amavet-u\/#breadcrumb","itemListElement":[{"@type":"ListItem","position":1,"name":"Home","item":"https:\/\/www.festivalvedy.sk\/wp2\/"},{"@type":"ListItem","position":2,"name":"Zlat\u00e1 medaila z\u00a0Lond\u00fdna pre Sarah Krup\u0161ov\u00fa z\u00a0AMAVET-u"}]},{"@type":"WebSite","@id":"https:\/\/www.festivalvedy.sk\/wp2\/#website","url":"https:\/\/www.festivalvedy.sk\/wp2\/","name":"Festival vedy a techniky AMAVET","description":"AMAVET - Asoci\u00e1cia pre ml\u00e1de\u017e, vedu a techniku","publisher":{"@id":"https:\/\/www.festivalvedy.sk\/wp2\/#organization"},"potentialAction":[{"@type":"SearchAction","target":{"@type":"EntryPoint","urlTemplate":"https:\/\/www.festivalvedy.sk\/wp2\/?s={search_term_string}"},"query-input":{"@type":"PropertyValueSpecification","valueRequired":true,"valueName":"search_term_string"}}],"inLanguage":"sk-SK"},{"@type":"Organization","@id":"https:\/\/www.festivalvedy.sk\/wp2\/#organization","name":"Festival vedy a techniky AMAVET","url":"https:\/\/www.festivalvedy.sk\/wp2\/","logo":{"@type":"ImageObject","inLanguage":"sk-SK","@id":"https:\/\/www.festivalvedy.sk\/wp2\/#\/schema\/logo\/image\/","url":"https:\/\/www.festivalvedy.sk\/wp2\/wp-content\/uploads\/2022\/02\/cropped-fvat-ochranna-zona.png","contentUrl":"https:\/\/www.festivalvedy.sk\/wp2\/wp-content\/uploads\/2022\/02\/cropped-fvat-ochranna-zona.png","width":1190,"height":357,"caption":"Festival vedy a techniky AMAVET"},"image":{"@id":"https:\/\/www.festivalvedy.sk\/wp2\/#\/schema\/logo\/image\/"}},{"@type":"Person","@id":"https:\/\/www.festivalvedy.sk\/wp2\/#\/schema\/person\/7875f2822eb6744f8a6b8da979bb4d70","name":"cichova@amavet.sk","image":{"@type":"ImageObject","inLanguage":"sk-SK","@id":"https:\/\/secure.gravatar.com\/avatar\/6227f01bf3909de753b0c67135a8bcd4eb2f9674d0dc3890077f42d17beffba8?s=96&d=mm&r=g","url":"https:\/\/secure.gravatar.com\/avatar\/6227f01bf3909de753b0c67135a8bcd4eb2f9674d0dc3890077f42d17beffba8?s=96&d=mm&r=g","contentUrl":"https:\/\/secure.gravatar.com\/avatar\/6227f01bf3909de753b0c67135a8bcd4eb2f9674d0dc3890077f42d17beffba8?s=96&d=mm&r=g","caption":"cichova@amavet.sk"},"url":"https:\/\/www.festivalvedy.sk\/wp2\/author\/cichovaamavet-sk\/"}]}},"_links":{"self":[{"href":"https:\/\/www.festivalvedy.sk\/wp2\/wp-json\/wp\/v2\/posts\/4480","targetHints":{"allow":["GET"]}}],"collection":[{"href":"https:\/\/www.festivalvedy.sk\/wp2\/wp-json\/wp\/v2\/posts"}],"about":[{"href":"https:\/\/www.festivalvedy.sk\/wp2\/wp-json\/wp\/v2\/types\/post"}],"author":[{"embeddable":true,"href":"https:\/\/www.festivalvedy.sk\/wp2\/wp-json\/wp\/v2\/users\/3"}],"replies":[{"embeddable":true,"href":"https:\/\/www.festivalvedy.sk\/wp2\/wp-json\/wp\/v2\/comments?post=4480"}],"version-history":[{"count":3,"href":"https:\/\/www.festivalvedy.sk\/wp2\/wp-json\/wp\/v2\/posts\/4480\/revisions"}],"predecessor-version":[{"id":4494,"href":"https:\/\/www.festivalvedy.sk\/wp2\/wp-json\/wp\/v2\/posts\/4480\/revisions\/4494"}],"wp:featuredmedia":[{"embeddable":true,"href":"https:\/\/www.festivalvedy.sk\/wp2\/wp-json\/wp\/v2\/media\/4492"}],"wp:attachment":[{"href":"https:\/\/www.festivalvedy.sk\/wp2\/wp-json\/wp\/v2\/media?parent=4480"}],"wp:term":[{"taxonomy":"category","embeddable":true,"href":"https:\/\/www.festivalvedy.sk\/wp2\/wp-json\/wp\/v2\/categories?post=4480"},{"taxonomy":"post_tag","embeddable":true,"href":"https:\/\/www.festivalvedy.sk\/wp2\/wp-json\/wp\/v2\/tags?post=4480"}],"curies":[{"name":"wp","href":"https:\/\/api.w.org\/{rel}","templated":true}]}}