{"id":4580,"date":"2024-07-30T14:30:52","date_gmt":"2024-07-30T12:30:52","guid":{"rendered":"https:\/\/www.festivalvedy.sk\/wp2\/?p=4580"},"modified":"2024-07-30T14:37:10","modified_gmt":"2024-07-30T12:37:10","slug":"vitazka-festivalu-vedy-a-techniky-amavet-izabela-maria-haskova-v-relacii-zlate-talenty-so-zlaticou","status":"publish","type":"post","link":"https:\/\/www.festivalvedy.sk\/wp2\/vitazka-festivalu-vedy-a-techniky-amavet-izabela-maria-haskova-v-relacii-zlate-talenty-so-zlaticou\/","title":{"rendered":"V\u00ed\u0165azka Festivalu vedy a techniky AMAVET Izabela M\u00e1ria Ha\u0161kov\u00e1 v rel\u00e1ci\u00ed Zlat\u00e9 Talenty so Zlaticou"},"content":{"rendered":"<section class=\"kc-elm kc-css-44029 kc_row\"><div class=\"kc-row-container  kc-container\"><div class=\"kc-wrap-columns\"><div class=\"kc-elm kc-css-138085 kc_column kc_col-sm-12\"><div class=\"kc-col-container\"><div class=\"kc-elm kc-css-353261 kc_text_block\"><\/p>\n<p>Izabela M\u00e1ria Ha\u0161kov\u00e1 sa z\u00fa\u010dastnila so svoj\u00edm projektom Testovanie n\u00e1strojov na \u0161t\u00fadium molekul\u00e1rnych sign\u00e1lov, celotelovej odpovede na cvi\u010denie najprv na Krajskom kole Festivalu vedy a techniky AMAVET pre Bratislavsk\u00fd a trnavsk\u00fd kraj odkia\u013e post\u00fapila na celo\u0161t\u00e1tne fin\u00e1le. Po dvoch d\u0148och prezent\u00e1cie svojho projektu, odborn\u00e1 hodnotiaca komisia nominovala Izabelin projekt na medzin\u00e1rodn\u00fa vedeck\u00fa s\u00fa\u0165a\u017e pre stredo\u0161kol\u00e1kov Genius Olympiad, kde prezentovala svoj projekt v kateg\u00f3ri\u00ed science. Z\u00edskala strieborn\u00fa medailu. Izabele dr\u017e\u00edme palce pri dosiahnut\u00ed v\u0161etk\u00fdch cie\u013eov<\/p>\n<p>\n<\/div>\n\t<div class=\"kc-elm kc-css-522874 kc_shortcode kc_video_play kc_video_wrapper\" data-video=\"https:\/\/www.youtube.com\/watch?v=UUFY91safqg\" data-width=\"600\" data-height=\"338.983050847\" data-fullwidth=\"\" data-autoplay=\"\" data-loop=\"yes\" data-control=\"yes\" data-related=\"\" data-showinfo=\"\" data-kc-video-mute=\"\">\n\t\t\t<\/div>\n\n<\/div><\/div><\/div><\/div><\/section>\n","protected":false},"excerpt":{"rendered":"","protected":false},"author":3,"featured_media":4583,"comment_status":"closed","ping_status":"closed","sticky":false,"template":"","format":"standard","meta":{"om_disable_all_campaigns":false,"_monsterinsights_skip_tracking":false,"_monsterinsights_sitenote_active":false,"_monsterinsights_sitenote_note":"","_monsterinsights_sitenote_category":0,"_uf_show_specific_survey":0,"_uf_disable_surveys":false,"footnotes":""},"categories":[31,1,33,32],"tags":[],"class_list":["post-4580","post","type-post","status-publish","format-standard","has-post-thumbnail","hentry","category-archiv-projektov","category-nezaradene","category-novinky","category-vitazi-v-zahranici"],"yoast_head":"<!-- This site is optimized with the Yoast SEO plugin v27.2 - https:\/\/yoast.com\/product\/yoast-seo-wordpress\/ -->\n<title>V\u00ed\u0165azka Festivalu vedy a techniky AMAVET Izabela M\u00e1ria Ha\u0161kov\u00e1 v rel\u00e1ci\u00ed Zlat\u00e9 Talenty so Zlaticou - Festival vedy a techniky AMAVET<\/title>\n<meta name=\"robots\" content=\"index, follow, max-snippet:-1, max-image-preview:large, max-video-preview:-1\" \/>\n<link rel=\"canonical\" href=\"https:\/\/www.festivalvedy.sk\/wp2\/vitazka-festivalu-vedy-a-techniky-amavet-izabela-maria-haskova-v-relacii-zlate-talenty-so-zlaticou\/\" \/>\n<meta property=\"og:locale\" content=\"sk_SK\" \/>\n<meta property=\"og:type\" content=\"article\" \/>\n<meta property=\"og:title\" content=\"V\u00ed\u0165azka Festivalu vedy a techniky AMAVET Izabela M\u00e1ria Ha\u0161kov\u00e1 v rel\u00e1ci\u00ed Zlat\u00e9 Talenty so Zlaticou - Festival vedy a techniky AMAVET\" \/>\n<meta property=\"og:description\" content=\"Izabela M\u00e1ria Ha\u0161kov\u00e1 sa z\u00fa\u010dastnila so svoj\u00edm projektom Testovanie n\u00e1strojov na \u0161t\u00fadium molekul\u00e1rnych sign\u00e1lov, celotelovej odpovede na cvi\u010denie najprv na Krajskom kole Festivalu vedy a techniky AMAVET pre Bratislavsk\u00fd a trnavsk\u00fd kraj odkia\u013e post\u00fapila na celo\u0161t\u00e1tne fin\u00e1le. Po dvoch d\u0148och prezent\u00e1cie svojho projektu, odborn\u00e1 hodnotiaca komisia nominovala Izabelin projekt na medzin\u00e1rodn\u00fa vedeck\u00fa s\u00fa\u0165a\u017e pre stredo\u0161kol\u00e1kov [&hellip;]\" \/>\n<meta property=\"og:url\" content=\"https:\/\/www.festivalvedy.sk\/wp2\/vitazka-festivalu-vedy-a-techniky-amavet-izabela-maria-haskova-v-relacii-zlate-talenty-so-zlaticou\/\" \/>\n<meta property=\"og:site_name\" content=\"Festival vedy a techniky AMAVET\" \/>\n<meta property=\"article:published_time\" content=\"2024-07-30T12:30:52+00:00\" \/>\n<meta property=\"article:modified_time\" content=\"2024-07-30T12:37:10+00:00\" \/>\n<meta property=\"og:image\" content=\"https:\/\/www.festivalvedy.sk\/wp2\/wp-content\/uploads\/2024\/07\/Snimka-obrazovky-2024-07-30-143351.png\" \/>\n\t<meta property=\"og:image:width\" content=\"1191\" \/>\n\t<meta property=\"og:image:height\" content=\"635\" \/>\n\t<meta property=\"og:image:type\" content=\"image\/png\" \/>\n<meta name=\"author\" content=\"cichova@amavet.sk\" \/>\n<meta name=\"twitter:card\" content=\"summary_large_image\" \/>\n<meta name=\"twitter:label1\" content=\"Autor\" \/>\n\t<meta name=\"twitter:data1\" content=\"cichova@amavet.sk\" \/>\n\t<meta name=\"twitter:label2\" content=\"Predpokladan\u00fd \u010das \u010d\u00edtania\" \/>\n\t<meta name=\"twitter:data2\" content=\"1 min\u00fata\" \/>\n<script type=\"application\/ld+json\" class=\"yoast-schema-graph\">{\"@context\":\"https:\/\/schema.org\",\"@graph\":[{\"@type\":\"Article\",\"@id\":\"https:\/\/www.festivalvedy.sk\/wp2\/vitazka-festivalu-vedy-a-techniky-amavet-izabela-maria-haskova-v-relacii-zlate-talenty-so-zlaticou\/#article\",\"isPartOf\":{\"@id\":\"https:\/\/www.festivalvedy.sk\/wp2\/vitazka-festivalu-vedy-a-techniky-amavet-izabela-maria-haskova-v-relacii-zlate-talenty-so-zlaticou\/\"},\"author\":{\"name\":\"cichova@amavet.sk\",\"@id\":\"https:\/\/www.festivalvedy.sk\/wp2\/#\/schema\/person\/7875f2822eb6744f8a6b8da979bb4d70\"},\"headline\":\"V\u00ed\u0165azka Festivalu vedy a techniky AMAVET Izabela M\u00e1ria Ha\u0161kov\u00e1 v rel\u00e1ci\u00ed Zlat\u00e9 Talenty so Zlaticou\",\"datePublished\":\"2024-07-30T12:30:52+00:00\",\"dateModified\":\"2024-07-30T12:37:10+00:00\",\"mainEntityOfPage\":{\"@id\":\"https:\/\/www.festivalvedy.sk\/wp2\/vitazka-festivalu-vedy-a-techniky-amavet-izabela-maria-haskova-v-relacii-zlate-talenty-so-zlaticou\/\"},\"wordCount\":118,\"publisher\":{\"@id\":\"https:\/\/www.festivalvedy.sk\/wp2\/#organization\"},\"image\":{\"@id\":\"https:\/\/www.festivalvedy.sk\/wp2\/vitazka-festivalu-vedy-a-techniky-amavet-izabela-maria-haskova-v-relacii-zlate-talenty-so-zlaticou\/#primaryimage\"},\"thumbnailUrl\":\"https:\/\/www.festivalvedy.sk\/wp2\/wp-content\/uploads\/2024\/07\/Snimka-obrazovky-2024-07-30-143351.png\",\"articleSection\":{\"0\":\"Arch\u00edv projektov\",\"2\":\"Novinky\",\"3\":\"Reprezentovali n\u00e1s\"},\"inLanguage\":\"sk-SK\"},{\"@type\":\"WebPage\",\"@id\":\"https:\/\/www.festivalvedy.sk\/wp2\/vitazka-festivalu-vedy-a-techniky-amavet-izabela-maria-haskova-v-relacii-zlate-talenty-so-zlaticou\/\",\"url\":\"https:\/\/www.festivalvedy.sk\/wp2\/vitazka-festivalu-vedy-a-techniky-amavet-izabela-maria-haskova-v-relacii-zlate-talenty-so-zlaticou\/\",\"name\":\"V\u00ed\u0165azka Festivalu vedy a techniky AMAVET Izabela M\u00e1ria Ha\u0161kov\u00e1 v rel\u00e1ci\u00ed Zlat\u00e9 Talenty so Zlaticou - Festival vedy a techniky AMAVET\",\"isPartOf\":{\"@id\":\"https:\/\/www.festivalvedy.sk\/wp2\/#website\"},\"primaryImageOfPage\":{\"@id\":\"https:\/\/www.festivalvedy.sk\/wp2\/vitazka-festivalu-vedy-a-techniky-amavet-izabela-maria-haskova-v-relacii-zlate-talenty-so-zlaticou\/#primaryimage\"},\"image\":{\"@id\":\"https:\/\/www.festivalvedy.sk\/wp2\/vitazka-festivalu-vedy-a-techniky-amavet-izabela-maria-haskova-v-relacii-zlate-talenty-so-zlaticou\/#primaryimage\"},\"thumbnailUrl\":\"https:\/\/www.festivalvedy.sk\/wp2\/wp-content\/uploads\/2024\/07\/Snimka-obrazovky-2024-07-30-143351.png\",\"datePublished\":\"2024-07-30T12:30:52+00:00\",\"dateModified\":\"2024-07-30T12:37:10+00:00\",\"breadcrumb\":{\"@id\":\"https:\/\/www.festivalvedy.sk\/wp2\/vitazka-festivalu-vedy-a-techniky-amavet-izabela-maria-haskova-v-relacii-zlate-talenty-so-zlaticou\/#breadcrumb\"},\"inLanguage\":\"sk-SK\",\"potentialAction\":[{\"@type\":\"ReadAction\",\"target\":[\"https:\/\/www.festivalvedy.sk\/wp2\/vitazka-festivalu-vedy-a-techniky-amavet-izabela-maria-haskova-v-relacii-zlate-talenty-so-zlaticou\/\"]}]},{\"@type\":\"ImageObject\",\"inLanguage\":\"sk-SK\",\"@id\":\"https:\/\/www.festivalvedy.sk\/wp2\/vitazka-festivalu-vedy-a-techniky-amavet-izabela-maria-haskova-v-relacii-zlate-talenty-so-zlaticou\/#primaryimage\",\"url\":\"https:\/\/www.festivalvedy.sk\/wp2\/wp-content\/uploads\/2024\/07\/Snimka-obrazovky-2024-07-30-143351.png\",\"contentUrl\":\"https:\/\/www.festivalvedy.sk\/wp2\/wp-content\/uploads\/2024\/07\/Snimka-obrazovky-2024-07-30-143351.png\",\"width\":1191,\"height\":635},{\"@type\":\"BreadcrumbList\",\"@id\":\"https:\/\/www.festivalvedy.sk\/wp2\/vitazka-festivalu-vedy-a-techniky-amavet-izabela-maria-haskova-v-relacii-zlate-talenty-so-zlaticou\/#breadcrumb\",\"itemListElement\":[{\"@type\":\"ListItem\",\"position\":1,\"name\":\"Home\",\"item\":\"https:\/\/www.festivalvedy.sk\/wp2\/\"},{\"@type\":\"ListItem\",\"position\":2,\"name\":\"V\u00ed\u0165azka Festivalu vedy a techniky AMAVET Izabela M\u00e1ria Ha\u0161kov\u00e1 v rel\u00e1ci\u00ed Zlat\u00e9 Talenty so Zlaticou\"}]},{\"@type\":\"WebSite\",\"@id\":\"https:\/\/www.festivalvedy.sk\/wp2\/#website\",\"url\":\"https:\/\/www.festivalvedy.sk\/wp2\/\",\"name\":\"Festival vedy a techniky AMAVET\",\"description\":\"AMAVET - Asoci\u00e1cia pre ml\u00e1de\u017e, vedu a techniku\",\"publisher\":{\"@id\":\"https:\/\/www.festivalvedy.sk\/wp2\/#organization\"},\"potentialAction\":[{\"@type\":\"SearchAction\",\"target\":{\"@type\":\"EntryPoint\",\"urlTemplate\":\"https:\/\/www.festivalvedy.sk\/wp2\/?s={search_term_string}\"},\"query-input\":{\"@type\":\"PropertyValueSpecification\",\"valueRequired\":true,\"valueName\":\"search_term_string\"}}],\"inLanguage\":\"sk-SK\"},{\"@type\":\"Organization\",\"@id\":\"https:\/\/www.festivalvedy.sk\/wp2\/#organization\",\"name\":\"Festival vedy a techniky AMAVET\",\"url\":\"https:\/\/www.festivalvedy.sk\/wp2\/\",\"logo\":{\"@type\":\"ImageObject\",\"inLanguage\":\"sk-SK\",\"@id\":\"https:\/\/www.festivalvedy.sk\/wp2\/#\/schema\/logo\/image\/\",\"url\":\"https:\/\/www.festivalvedy.sk\/wp2\/wp-content\/uploads\/2022\/02\/cropped-fvat-ochranna-zona.png\",\"contentUrl\":\"https:\/\/www.festivalvedy.sk\/wp2\/wp-content\/uploads\/2022\/02\/cropped-fvat-ochranna-zona.png\",\"width\":1190,\"height\":357,\"caption\":\"Festival vedy a techniky AMAVET\"},\"image\":{\"@id\":\"https:\/\/www.festivalvedy.sk\/wp2\/#\/schema\/logo\/image\/\"}},{\"@type\":\"Person\",\"@id\":\"https:\/\/www.festivalvedy.sk\/wp2\/#\/schema\/person\/7875f2822eb6744f8a6b8da979bb4d70\",\"name\":\"cichova@amavet.sk\",\"image\":{\"@type\":\"ImageObject\",\"inLanguage\":\"sk-SK\",\"@id\":\"https:\/\/secure.gravatar.com\/avatar\/6227f01bf3909de753b0c67135a8bcd4eb2f9674d0dc3890077f42d17beffba8?s=96&d=mm&r=g\",\"url\":\"https:\/\/secure.gravatar.com\/avatar\/6227f01bf3909de753b0c67135a8bcd4eb2f9674d0dc3890077f42d17beffba8?s=96&d=mm&r=g\",\"contentUrl\":\"https:\/\/secure.gravatar.com\/avatar\/6227f01bf3909de753b0c67135a8bcd4eb2f9674d0dc3890077f42d17beffba8?s=96&d=mm&r=g\",\"caption\":\"cichova@amavet.sk\"},\"url\":\"https:\/\/www.festivalvedy.sk\/wp2\/author\/cichovaamavet-sk\/\"}]}<\/script>\n<!-- \/ Yoast SEO plugin. -->","yoast_head_json":{"title":"V\u00ed\u0165azka Festivalu vedy a techniky AMAVET Izabela M\u00e1ria Ha\u0161kov\u00e1 v rel\u00e1ci\u00ed Zlat\u00e9 Talenty so Zlaticou - Festival vedy a techniky AMAVET","robots":{"index":"index","follow":"follow","max-snippet":"max-snippet:-1","max-image-preview":"max-image-preview:large","max-video-preview":"max-video-preview:-1"},"canonical":"https:\/\/www.festivalvedy.sk\/wp2\/vitazka-festivalu-vedy-a-techniky-amavet-izabela-maria-haskova-v-relacii-zlate-talenty-so-zlaticou\/","og_locale":"sk_SK","og_type":"article","og_title":"V\u00ed\u0165azka Festivalu vedy a techniky AMAVET Izabela M\u00e1ria Ha\u0161kov\u00e1 v rel\u00e1ci\u00ed Zlat\u00e9 Talenty so Zlaticou - Festival vedy a techniky AMAVET","og_description":"Izabela M\u00e1ria Ha\u0161kov\u00e1 sa z\u00fa\u010dastnila so svoj\u00edm projektom Testovanie n\u00e1strojov na \u0161t\u00fadium molekul\u00e1rnych sign\u00e1lov, celotelovej odpovede na cvi\u010denie najprv na Krajskom kole Festivalu vedy a techniky AMAVET pre Bratislavsk\u00fd a trnavsk\u00fd kraj odkia\u013e post\u00fapila na celo\u0161t\u00e1tne fin\u00e1le. Po dvoch d\u0148och prezent\u00e1cie svojho projektu, odborn\u00e1 hodnotiaca komisia nominovala Izabelin projekt na medzin\u00e1rodn\u00fa vedeck\u00fa s\u00fa\u0165a\u017e pre stredo\u0161kol\u00e1kov [&hellip;]","og_url":"https:\/\/www.festivalvedy.sk\/wp2\/vitazka-festivalu-vedy-a-techniky-amavet-izabela-maria-haskova-v-relacii-zlate-talenty-so-zlaticou\/","og_site_name":"Festival vedy a techniky AMAVET","article_published_time":"2024-07-30T12:30:52+00:00","article_modified_time":"2024-07-30T12:37:10+00:00","og_image":[{"width":1191,"height":635,"url":"https:\/\/www.festivalvedy.sk\/wp2\/wp-content\/uploads\/2024\/07\/Snimka-obrazovky-2024-07-30-143351.png","type":"image\/png"}],"author":"cichova@amavet.sk","twitter_card":"summary_large_image","twitter_misc":{"Autor":"cichova@amavet.sk","Predpokladan\u00fd \u010das \u010d\u00edtania":"1 min\u00fata"},"schema":{"@context":"https:\/\/schema.org","@graph":[{"@type":"Article","@id":"https:\/\/www.festivalvedy.sk\/wp2\/vitazka-festivalu-vedy-a-techniky-amavet-izabela-maria-haskova-v-relacii-zlate-talenty-so-zlaticou\/#article","isPartOf":{"@id":"https:\/\/www.festivalvedy.sk\/wp2\/vitazka-festivalu-vedy-a-techniky-amavet-izabela-maria-haskova-v-relacii-zlate-talenty-so-zlaticou\/"},"author":{"name":"cichova@amavet.sk","@id":"https:\/\/www.festivalvedy.sk\/wp2\/#\/schema\/person\/7875f2822eb6744f8a6b8da979bb4d70"},"headline":"V\u00ed\u0165azka Festivalu vedy a techniky AMAVET Izabela M\u00e1ria Ha\u0161kov\u00e1 v rel\u00e1ci\u00ed Zlat\u00e9 Talenty so Zlaticou","datePublished":"2024-07-30T12:30:52+00:00","dateModified":"2024-07-30T12:37:10+00:00","mainEntityOfPage":{"@id":"https:\/\/www.festivalvedy.sk\/wp2\/vitazka-festivalu-vedy-a-techniky-amavet-izabela-maria-haskova-v-relacii-zlate-talenty-so-zlaticou\/"},"wordCount":118,"publisher":{"@id":"https:\/\/www.festivalvedy.sk\/wp2\/#organization"},"image":{"@id":"https:\/\/www.festivalvedy.sk\/wp2\/vitazka-festivalu-vedy-a-techniky-amavet-izabela-maria-haskova-v-relacii-zlate-talenty-so-zlaticou\/#primaryimage"},"thumbnailUrl":"https:\/\/www.festivalvedy.sk\/wp2\/wp-content\/uploads\/2024\/07\/Snimka-obrazovky-2024-07-30-143351.png","articleSection":{"0":"Arch\u00edv projektov","2":"Novinky","3":"Reprezentovali n\u00e1s"},"inLanguage":"sk-SK"},{"@type":"WebPage","@id":"https:\/\/www.festivalvedy.sk\/wp2\/vitazka-festivalu-vedy-a-techniky-amavet-izabela-maria-haskova-v-relacii-zlate-talenty-so-zlaticou\/","url":"https:\/\/www.festivalvedy.sk\/wp2\/vitazka-festivalu-vedy-a-techniky-amavet-izabela-maria-haskova-v-relacii-zlate-talenty-so-zlaticou\/","name":"V\u00ed\u0165azka Festivalu vedy a techniky AMAVET Izabela M\u00e1ria Ha\u0161kov\u00e1 v rel\u00e1ci\u00ed Zlat\u00e9 Talenty so Zlaticou - Festival vedy a techniky AMAVET","isPartOf":{"@id":"https:\/\/www.festivalvedy.sk\/wp2\/#website"},"primaryImageOfPage":{"@id":"https:\/\/www.festivalvedy.sk\/wp2\/vitazka-festivalu-vedy-a-techniky-amavet-izabela-maria-haskova-v-relacii-zlate-talenty-so-zlaticou\/#primaryimage"},"image":{"@id":"https:\/\/www.festivalvedy.sk\/wp2\/vitazka-festivalu-vedy-a-techniky-amavet-izabela-maria-haskova-v-relacii-zlate-talenty-so-zlaticou\/#primaryimage"},"thumbnailUrl":"https:\/\/www.festivalvedy.sk\/wp2\/wp-content\/uploads\/2024\/07\/Snimka-obrazovky-2024-07-30-143351.png","datePublished":"2024-07-30T12:30:52+00:00","dateModified":"2024-07-30T12:37:10+00:00","breadcrumb":{"@id":"https:\/\/www.festivalvedy.sk\/wp2\/vitazka-festivalu-vedy-a-techniky-amavet-izabela-maria-haskova-v-relacii-zlate-talenty-so-zlaticou\/#breadcrumb"},"inLanguage":"sk-SK","potentialAction":[{"@type":"ReadAction","target":["https:\/\/www.festivalvedy.sk\/wp2\/vitazka-festivalu-vedy-a-techniky-amavet-izabela-maria-haskova-v-relacii-zlate-talenty-so-zlaticou\/"]}]},{"@type":"ImageObject","inLanguage":"sk-SK","@id":"https:\/\/www.festivalvedy.sk\/wp2\/vitazka-festivalu-vedy-a-techniky-amavet-izabela-maria-haskova-v-relacii-zlate-talenty-so-zlaticou\/#primaryimage","url":"https:\/\/www.festivalvedy.sk\/wp2\/wp-content\/uploads\/2024\/07\/Snimka-obrazovky-2024-07-30-143351.png","contentUrl":"https:\/\/www.festivalvedy.sk\/wp2\/wp-content\/uploads\/2024\/07\/Snimka-obrazovky-2024-07-30-143351.png","width":1191,"height":635},{"@type":"BreadcrumbList","@id":"https:\/\/www.festivalvedy.sk\/wp2\/vitazka-festivalu-vedy-a-techniky-amavet-izabela-maria-haskova-v-relacii-zlate-talenty-so-zlaticou\/#breadcrumb","itemListElement":[{"@type":"ListItem","position":1,"name":"Home","item":"https:\/\/www.festivalvedy.sk\/wp2\/"},{"@type":"ListItem","position":2,"name":"V\u00ed\u0165azka Festivalu vedy a techniky AMAVET Izabela M\u00e1ria Ha\u0161kov\u00e1 v rel\u00e1ci\u00ed Zlat\u00e9 Talenty so Zlaticou"}]},{"@type":"WebSite","@id":"https:\/\/www.festivalvedy.sk\/wp2\/#website","url":"https:\/\/www.festivalvedy.sk\/wp2\/","name":"Festival vedy a techniky AMAVET","description":"AMAVET - Asoci\u00e1cia pre ml\u00e1de\u017e, vedu a techniku","publisher":{"@id":"https:\/\/www.festivalvedy.sk\/wp2\/#organization"},"potentialAction":[{"@type":"SearchAction","target":{"@type":"EntryPoint","urlTemplate":"https:\/\/www.festivalvedy.sk\/wp2\/?s={search_term_string}"},"query-input":{"@type":"PropertyValueSpecification","valueRequired":true,"valueName":"search_term_string"}}],"inLanguage":"sk-SK"},{"@type":"Organization","@id":"https:\/\/www.festivalvedy.sk\/wp2\/#organization","name":"Festival vedy a techniky AMAVET","url":"https:\/\/www.festivalvedy.sk\/wp2\/","logo":{"@type":"ImageObject","inLanguage":"sk-SK","@id":"https:\/\/www.festivalvedy.sk\/wp2\/#\/schema\/logo\/image\/","url":"https:\/\/www.festivalvedy.sk\/wp2\/wp-content\/uploads\/2022\/02\/cropped-fvat-ochranna-zona.png","contentUrl":"https:\/\/www.festivalvedy.sk\/wp2\/wp-content\/uploads\/2022\/02\/cropped-fvat-ochranna-zona.png","width":1190,"height":357,"caption":"Festival vedy a techniky AMAVET"},"image":{"@id":"https:\/\/www.festivalvedy.sk\/wp2\/#\/schema\/logo\/image\/"}},{"@type":"Person","@id":"https:\/\/www.festivalvedy.sk\/wp2\/#\/schema\/person\/7875f2822eb6744f8a6b8da979bb4d70","name":"cichova@amavet.sk","image":{"@type":"ImageObject","inLanguage":"sk-SK","@id":"https:\/\/secure.gravatar.com\/avatar\/6227f01bf3909de753b0c67135a8bcd4eb2f9674d0dc3890077f42d17beffba8?s=96&d=mm&r=g","url":"https:\/\/secure.gravatar.com\/avatar\/6227f01bf3909de753b0c67135a8bcd4eb2f9674d0dc3890077f42d17beffba8?s=96&d=mm&r=g","contentUrl":"https:\/\/secure.gravatar.com\/avatar\/6227f01bf3909de753b0c67135a8bcd4eb2f9674d0dc3890077f42d17beffba8?s=96&d=mm&r=g","caption":"cichova@amavet.sk"},"url":"https:\/\/www.festivalvedy.sk\/wp2\/author\/cichovaamavet-sk\/"}]}},"_links":{"self":[{"href":"https:\/\/www.festivalvedy.sk\/wp2\/wp-json\/wp\/v2\/posts\/4580","targetHints":{"allow":["GET"]}}],"collection":[{"href":"https:\/\/www.festivalvedy.sk\/wp2\/wp-json\/wp\/v2\/posts"}],"about":[{"href":"https:\/\/www.festivalvedy.sk\/wp2\/wp-json\/wp\/v2\/types\/post"}],"author":[{"embeddable":true,"href":"https:\/\/www.festivalvedy.sk\/wp2\/wp-json\/wp\/v2\/users\/3"}],"replies":[{"embeddable":true,"href":"https:\/\/www.festivalvedy.sk\/wp2\/wp-json\/wp\/v2\/comments?post=4580"}],"version-history":[{"count":3,"href":"https:\/\/www.festivalvedy.sk\/wp2\/wp-json\/wp\/v2\/posts\/4580\/revisions"}],"predecessor-version":[{"id":4584,"href":"https:\/\/www.festivalvedy.sk\/wp2\/wp-json\/wp\/v2\/posts\/4580\/revisions\/4584"}],"wp:featuredmedia":[{"embeddable":true,"href":"https:\/\/www.festivalvedy.sk\/wp2\/wp-json\/wp\/v2\/media\/4583"}],"wp:attachment":[{"href":"https:\/\/www.festivalvedy.sk\/wp2\/wp-json\/wp\/v2\/media?parent=4580"}],"wp:term":[{"taxonomy":"category","embeddable":true,"href":"https:\/\/www.festivalvedy.sk\/wp2\/wp-json\/wp\/v2\/categories?post=4580"},{"taxonomy":"post_tag","embeddable":true,"href":"https:\/\/www.festivalvedy.sk\/wp2\/wp-json\/wp\/v2\/tags?post=4580"}],"curies":[{"name":"wp","href":"https:\/\/api.w.org\/{rel}","templated":true}]}}