{"id":5038,"date":"2025-04-24T11:28:59","date_gmt":"2025-04-24T09:28:59","guid":{"rendered":"https:\/\/www.festivalvedy.sk\/wp2\/?p=5038"},"modified":"2025-04-24T11:30:08","modified_gmt":"2025-04-24T09:30:08","slug":"slovenske-uspechy-vitazov-festivalu-vedy-a-techniky-amavet-na-sutazi-exporecerca-jove-v-barcelone","status":"publish","type":"post","link":"https:\/\/www.festivalvedy.sk\/wp2\/slovenske-uspechy-vitazov-festivalu-vedy-a-techniky-amavet-na-sutazi-exporecerca-jove-v-barcelone\/","title":{"rendered":"Slovensk\u00e9 \u00faspechy v\u00ed\u0165azov Festivalu vedy a techniky AMAVET na s\u00fa\u0165a\u017ei Exporecerca Jove v Barcelone"},"content":{"rendered":"<section class=\"kc-elm kc-css-259175 kc_row\"><div class=\"kc-row-container  kc-container\"><div class=\"kc-wrap-columns\"><div class=\"kc-elm kc-css-203063 kc_col-sm-12 kc_column kc_col-sm-12\"><div class=\"kc-col-container\"><div class=\"kc-elm kc_text_block\"><\/p>\n<p><strong>V priebehu marca 2025 sa v\u00ed\u0165azi Festivalu vedy a techniky AMAVET z\u00fa\u010dastnili zahrani\u010dnej s\u00fa\u0165a\u017ee Exporecerca Jove v Barcelone, kde dosiahli pozoruhodn\u00e9 \u00faspechy. Mat\u00fa\u0161 Kva\u0161\u0148ovsk\u00fd so svoj\u00edm projektom Anal\u00fdza a mapovanie nemeck\u00e9ho obrann\u00e9ho syst\u00e9mu z 2. svetovej vojny v regi\u00f3ne Kysuce obsadil v zahrani\u010dnej kateg\u00f3rii vynikaj\u00face 2. miesto. V\u00fdborne si po\u010d\u00ednali aj s\u00farodenci Alexandra Polanov\u00e1 a D\u00e1vid Polan, ktor\u00ed si v rovnakej kateg\u00f3rii odniesli 3. miesto za projekt Tradi\u010dn\u00e9 n\u00e1poje ako mo\u017en\u00fd sp\u00f4sob ochrany \u013eud\u00ed pred napadnut\u00edm klie\u0161\u0165om.<\/strong><\/p>\n<\/p>\n<p><strong>D\u00e1vid Polan<\/strong> hodnot\u00ed svoj pobyt na s\u00fa\u0165a\u017ei ako nezabudnute\u013en\u00fa sk\u00fasenos\u0165. <strong><em>\u201eMal som mo\u017enos\u0165 spozna\u0165 \u013eud\u00ed z r\u00f4znych kraj\u00edn, vymeni\u0165 si s nimi poznatky a in\u0161pir\u00e1cie a z\u00e1rove\u0148 na\u010derpa\u0165 nov\u00e9 vedomosti,\u201c<\/em><\/strong> hovor\u00ed D\u00e1vid. Pod\u013ea jeho slov v medzin\u00e1rodnej kateg\u00f3ri\u00ed s\u00fa\u0165a\u017eili v\u00fdhercovia z celo\u0161t\u00e1tnych k\u00f4l, pri\u010dom v celej s\u00fa\u0165a\u017ei dominovali technicky zameran\u00e9 projekty, a\u017e n\u00e1sledne biologick\u00e9 t\u00e9my.<\/p>\n<\/p>\n<p><strong>Alexandra Polanov\u00e1<\/strong> zdie\u013ea podobn\u00e9 nad\u0161enie: <strong><em>\u201eExporecerca Jove bola pre m\u0148a jedine\u010dnou sk\u00fasenos\u0165ou. Najviac sa mi p\u00e1\u010dilo, \u017ee s\u00fa\u0165a\u017e bola nielen o samotnej prezent\u00e1cii projektov, ale aj o interakcii so \u0161tudentmi z r\u00f4znych \u0161k\u00f4l, ktor\u00ed prejavovali skuto\u010dn\u00fd z\u00e1ujem o vedeck\u00e9 t\u00e9my. Museli si dokonca vybera\u0165 projekty, ktor\u00e9 ich najviac zaujali, a podrobnej\u0161ie sa s nimi oboznamova\u0165. V\u010faka tomu boli ve\u013emi komunikat\u00edvni, \u010do vytvorilo skvel\u00fa atmosf\u00e9ru pln\u00fa in\u0161pir\u00e1cie.\u201c<\/em><\/strong><\/p>\n<\/p>\n<p><strong><em>\u201eS\u00fa\u0165a\u017e sama o sebe bola super. P\u00e1\u010dilo sa mi, \u017ee tam chodilo ve\u013emi ve\u013ea \u0161k\u00f4l a \u017eiakov, ktor\u00ed tam pri\u0161li nabra\u0165 motiv\u00e1ciu a my\u0161lienky na ich projekty,\u201c<\/em><\/strong> prid\u00e1va svoje dojmy <strong>Mat\u00fa\u0161.<\/strong><\/p>\n<\/p>\n<p><strong>Deleg\u00e1t za AMAVET Ondrej \u015akor\u0148ak<\/strong>, ktor\u00fd \u0161tudentov sprev\u00e1dzal, dop\u013a\u0148a: <strong><em>\u201eV d\u0148och od 5. do 9. marca sme sa ako slovensk\u00e1 deleg\u00e1cia z\u00fa\u010dastnili zahrani\u010dnej s\u00fa\u0165a\u017ee XXVI Exporecerca Jove v Barcelone. Obidva na\u0161e projekty zo\u017eali \u00faspech, ke\u010f sme si domov odniesli skvel\u00e9 druh\u00e9 a tretie miesto v medzin\u00e1rodnej kateg\u00f3ri\u00ed, \u010do jasne dokazuje potenci\u00e1l na\u0161ich \u0161tudentov obst\u00e1\u0165 aj v tvrdej medzin\u00e1rodnej konkurencii v zahrani\u010d\u00ed. Samotn\u00e1 s\u00fa\u0165a\u017e ma o\u010darila nielen vysokou \u00farov\u0148ou projektov a \u00fa\u010das\u0165ou z cel\u00e9ho sveta, ale predov\u0161etk\u00fdm obrovsk\u00fdm z\u00e1ujmom zo strany \u0161panielskych \u0161k\u00f4l. Takmer neust\u00e1le boli v hale pr\u00edtomn\u00e9 cel\u00e9 triedy \u0161tudentov, ktor\u00ed \u017eivou interakciou s vystavovate\u013emi, ot\u00e1zkami a hlasovan\u00edm akt\u00edvne spoluvytv\u00e1rali atmosf\u00e9ru podujatia.\u201c<\/em><\/strong><\/p>\n<\/p>\n<p><strong>Barcelona o\u010dami mlad\u00fdch vedcov<\/strong><\/p>\n<\/p>\n<p>Okrem samotnej s\u00fa\u0165a\u017ee si na\u0161i reprezentanti odniesli aj siln\u00e9 dojmy z pobytu v Barcelone. <em>\u201eBarcelona je n\u00e1dhern\u00e9 mesto s bohatou hist\u00f3riou a jedine\u010dnou atmosf\u00e9rou. Jej \u00fazke uli\u010dky, pamiatky a nezamenite\u013en\u00e1 architekt\u00fara sa mi ve\u013emi p\u00e1\u010dili,\u201c<\/em> <strong>opisuje D\u00e1vid<\/strong>, ktor\u00fd ocenil aj mo\u017enos\u0165 nahliadnu\u0165 do \u0161panielskej kult\u00fary a spozna\u0165 miestnu mentalitu.<\/p>\n<\/p>\n<p><strong>Alexandra dod\u00e1va:<\/strong> <em>\u201eBarcelona ma o\u010darila svojou architekt\u00farou a atmosf\u00e9rou. Pamiatky, ktor\u00e9 sme videli, boli n\u00e1dhern\u00e9 a dodali cel\u00e9mu pobytu jedine\u010dn\u00fd charakter. Hoci sme mali len obmedzen\u00fd \u010das na spozn\u00e1vanie mesta, st\u00e1lo to za to.\u201c<\/em><\/p>\n<\/p>\n<p>\u201e\u010co sa t\u00fdka Barcelony, bola kr\u00e1sna \u2013 \u010di u\u017e prostredie, alebo aj pamiatky. Ur\u010dite sa tam niekedy vr\u00e1tim znovu a ur\u010dite by som Barcelonu ako mesto odporu\u010dil aj ostatn\u00fdm,\u201c <strong><em>s\u00fahlas\u00ed Mat\u00fa\u0161.<\/em><\/strong><\/p>\n<\/p>\n<p><em>\u201eBarcelona n\u00e1m poskytla nielen mo\u017enos\u0165 s\u00fa\u0165a\u017ei\u0165, ale aj pr\u00edle\u017eitos\u0165 obdivova\u0165 jej n\u00e1dhern\u00fa architekt\u00faru a kult\u00faru. Bol to t\u00fd\u017ede\u0148 pln\u00fd \u00faspechov, in\u0161pir\u00e1cie a nezabudnute\u013en\u00fdch z\u00e1\u017eitkov.\u201c <\/em><strong>uzatv\u00e1ra deleg\u00e1t AMAVET-u.<\/strong><\/p>\n<\/p>\n<p><strong>Odkaz bud\u00facim finalistom Festivalu vedy a&nbsp;techniky AMAVET<\/strong><\/p>\n<\/p>\n<p>Na\u0161i \u00faspe\u0161n\u00ed mlad\u00ed vedci maj\u00fa jasn\u00fd odkaz pre v\u0161etk\u00fdch, ktor\u00ed uva\u017euj\u00fa o \u00fa\u010dasti na Festivale vedy a techniky AMAVET (FVAT).<\/p>\n<\/p>\n<p><strong><em>\u201eNebojte sa prihl\u00e1si\u0165 do slovensk\u00e9ho kola FVAT AMAVET. T\u00e1to s\u00fa\u0165a\u017e v\u00e1m prinesie nielen cenn\u00e9 sk\u00fasenosti a nov\u00e9 vedomosti, ale aj mo\u017enos\u0165 spozna\u0165 rovnako nad\u0161en\u00fdch a talentovan\u00fdch \u0161tudentov,\u201c<\/em><\/strong> povzbudzuje D\u00e1vid. <strong><em>\u201eD\u00f4le\u017eit\u00e9 je nevzd\u00e1va\u0165 sa, aj ke\u010f situ\u00e1cia nie je v\u017edy ide\u00e1lna. Vytrvalos\u0165 a chu\u0165 poda\u0165 \u010do najlep\u0161\u00ed v\u00fdkon sa ur\u010dite vyplatia.\u201c<\/em><\/strong><\/p>\n<\/p>\n<p>Alexandra odpor\u00fa\u010da: <strong><em>\u201eBud\u00facim finalistom FVAT AMAVET by som ur\u010dite odporu\u010dila neb\u00e1\u0165 sa a naplno sa venova\u0165 tomu, \u010do ich bav\u00ed. Ke\u010f \u010dlovek pracuje na nie\u010dom s nad\u0161en\u00edm, v\u00fdsledky sa dostavia. Z\u00e1rove\u0148 by som ich povzbudila, aby sa neb\u00e1li prezentova\u0165 svoje projekty s rados\u0165ou a sebavedom\u00edm \u2013 pr\u00e1ve to rob\u00ed ve\u013ek\u00fd rozdiel.\u201c<\/em><\/strong><\/p>\n<\/p>\n<p>Mat\u00fa\u0161 zd\u00f4raz\u0148uje: <strong><em>\u201eMakajte na veciach, ktor\u00e9 v\u00e1s bavia, a najm\u00e4 sa nebojte prezentova\u0165, lebo to je v danom momente najd\u00f4le\u017eitej\u0161ia \u010das\u0165 cel\u00e9ho projektu. Ak si nemysl\u00edte, \u017ee m\u00e1te dostato\u010dne dobr\u00fd projekt a neviete, \u010di sa prihl\u00e1si\u0165 \u2013 cho\u010fte do toho, m\u00f4\u017eete z toho len profitova\u0165. Ak nepost\u00fapite, nevad\u00ed, na projekte popracujete a o rok to vyjde.\u201c<\/em><\/strong><\/p>\n<\/p>\n<p>Deleg\u00e1t AMAVET-u uzatv\u00e1ra: <strong><em>\u201ePreto by som chcel povzbudi\u0165 v\u0161etky \u0161koly a v\u0161etk\u00fdch potenci\u00e1lnych \u00fa\u010dastn\u00edkov, aby sa neb\u00e1li zapoji\u0165 do Festivalu vedy a techniky AMAVET alebo pre mlad\u0161\u00edch do Festivalu \u0161tyroch \u017eivlov AMAVET. Sk\u00fa\u0161ajte, experimentujte a pom\u00e1hajte tak pos\u00fava\u0165 potenci\u00e1l Slovenska st\u00e1le \u010falej!\u201c<\/em><\/strong><\/p>\n<\/p>\n<p><strong>Pr\u00edbehy na\u0161ich mlad\u00fdch vedcov ukazuj\u00fa, \u017ee odvaha, vytrvalos\u0165 a v\u00e1\u0161e\u0148 pre vedu otv\u00e1raj\u00fa br\u00e1ny k medzin\u00e1rodn\u00fdm \u00faspechom. Ich cesta z&nbsp;Festivalu vedy a techniky AMAVET a\u017e po medzin\u00e1rodn\u00e9 ocenenie v Barcelone je in\u0161pir\u00e1ciou pre \u010fal\u0161ie gener\u00e1cie. <u>Dokazuj\u00fa, \u017ee slovensk\u00fd talent m\u00e1 svoje miesto na svetovej vedeckej sc\u00e9ne a \u017ee za ka\u017ed\u00fdm \u00faspechom stoj\u00ed ochota vytrvalo pracova\u0165 na svojich snoch. Nech s\u00fa ich v\u00fdsledky povzbuden\u00edm pre v\u0161etk\u00fdch mlad\u00fdch \u013eud\u00ed, ktor\u00ed sa neboja sn\u00edva\u0165 ve\u013ek\u00e9 sny a robi\u0165 mal\u00e9 kroky k ich naplneniu.<\/u><\/strong><\/p>\n<\/p>\n<figure class=\"wp-block-gallery has-nested-images columns-default is-cropped wp-block-gallery-1 is-layout-flex wp-block-gallery-is-layout-flex\">\n<figure class=\"wp-block-image size-large\"><img loading=\"lazy\" decoding=\"async\" width=\"1024\" height=\"769\" data-id=\"5040\" src=\"https:\/\/www.festivalvedy.sk\/wp2\/wp-content\/uploads\/2025\/04\/IMG_20250305_214331-1024x769.jpg\" alt=\"\" class=\"wp-image-5040\" srcset=\"https:\/\/www.festivalvedy.sk\/wp2\/wp-content\/uploads\/2025\/04\/IMG_20250305_214331-1024x769.jpg 1024w, https:\/\/www.festivalvedy.sk\/wp2\/wp-content\/uploads\/2025\/04\/IMG_20250305_214331-300x225.jpg 300w, https:\/\/www.festivalvedy.sk\/wp2\/wp-content\/uploads\/2025\/04\/IMG_20250305_214331-768x577.jpg 768w, https:\/\/www.festivalvedy.sk\/wp2\/wp-content\/uploads\/2025\/04\/IMG_20250305_214331-1536x1153.jpg 1536w, https:\/\/www.festivalvedy.sk\/wp2\/wp-content\/uploads\/2025\/04\/IMG_20250305_214331-2048x1538.jpg 2048w\" sizes=\"auto, (max-width: 1024px) 100vw, 1024px\" \/><\/figure>\n<\/p>\n<figure class=\"wp-block-image size-large\"><img loading=\"lazy\" decoding=\"async\" width=\"769\" height=\"1024\" data-id=\"5041\" src=\"https:\/\/www.festivalvedy.sk\/wp2\/wp-content\/uploads\/2025\/04\/IMG_20250306_100509-769x1024.jpg\" alt=\"\" class=\"wp-image-5041\" srcset=\"https:\/\/www.festivalvedy.sk\/wp2\/wp-content\/uploads\/2025\/04\/IMG_20250306_100509-769x1024.jpg 769w, https:\/\/www.festivalvedy.sk\/wp2\/wp-content\/uploads\/2025\/04\/IMG_20250306_100509-225x300.jpg 225w, https:\/\/www.festivalvedy.sk\/wp2\/wp-content\/uploads\/2025\/04\/IMG_20250306_100509-768x1023.jpg 768w, https:\/\/www.festivalvedy.sk\/wp2\/wp-content\/uploads\/2025\/04\/IMG_20250306_100509-1153x1536.jpg 1153w, https:\/\/www.festivalvedy.sk\/wp2\/wp-content\/uploads\/2025\/04\/IMG_20250306_100509-1538x2048.jpg 1538w, https:\/\/www.festivalvedy.sk\/wp2\/wp-content\/uploads\/2025\/04\/IMG_20250306_100509-scaled.jpg 1922w\" sizes=\"auto, (max-width: 769px) 100vw, 769px\" \/><\/figure>\n<\/p>\n<figure class=\"wp-block-image size-large\"><img loading=\"lazy\" decoding=\"async\" width=\"769\" height=\"1024\" data-id=\"5042\" src=\"https:\/\/www.festivalvedy.sk\/wp2\/wp-content\/uploads\/2025\/04\/IMG_20250306_100701-769x1024.jpg\" alt=\"\" class=\"wp-image-5042\" srcset=\"https:\/\/www.festivalvedy.sk\/wp2\/wp-content\/uploads\/2025\/04\/IMG_20250306_100701-769x1024.jpg 769w, https:\/\/www.festivalvedy.sk\/wp2\/wp-content\/uploads\/2025\/04\/IMG_20250306_100701-225x300.jpg 225w, https:\/\/www.festivalvedy.sk\/wp2\/wp-content\/uploads\/2025\/04\/IMG_20250306_100701-768x1023.jpg 768w, https:\/\/www.festivalvedy.sk\/wp2\/wp-content\/uploads\/2025\/04\/IMG_20250306_100701-1153x1536.jpg 1153w, https:\/\/www.festivalvedy.sk\/wp2\/wp-content\/uploads\/2025\/04\/IMG_20250306_100701-1538x2048.jpg 1538w, https:\/\/www.festivalvedy.sk\/wp2\/wp-content\/uploads\/2025\/04\/IMG_20250306_100701-scaled.jpg 1922w\" sizes=\"auto, (max-width: 769px) 100vw, 769px\" \/><\/figure>\n<\/p>\n<figure class=\"wp-block-image size-large\"><img loading=\"lazy\" decoding=\"async\" width=\"1024\" height=\"769\" data-id=\"5039\" src=\"https:\/\/www.festivalvedy.sk\/wp2\/wp-content\/uploads\/2025\/04\/IMG_20250308_210455-1024x769.jpg\" alt=\"\" class=\"wp-image-5039\" srcset=\"https:\/\/www.festivalvedy.sk\/wp2\/wp-content\/uploads\/2025\/04\/IMG_20250308_210455-1024x769.jpg 1024w, https:\/\/www.festivalvedy.sk\/wp2\/wp-content\/uploads\/2025\/04\/IMG_20250308_210455-300x225.jpg 300w, https:\/\/www.festivalvedy.sk\/wp2\/wp-content\/uploads\/2025\/04\/IMG_20250308_210455-768x577.jpg 768w, https:\/\/www.festivalvedy.sk\/wp2\/wp-content\/uploads\/2025\/04\/IMG_20250308_210455-1536x1153.jpg 1536w, https:\/\/www.festivalvedy.sk\/wp2\/wp-content\/uploads\/2025\/04\/IMG_20250308_210455-2048x1538.jpg 2048w\" sizes=\"auto, (max-width: 1024px) 100vw, 1024px\" \/><\/figure>\n<\/figure>\n<\/div><\/div><\/div><\/div><\/div><\/section>","protected":false},"excerpt":{"rendered":"","protected":false},"author":3,"featured_media":5014,"comment_status":"closed","ping_status":"closed","sticky":false,"template":"","format":"standard","meta":{"om_disable_all_campaigns":false,"_monsterinsights_skip_tracking":false,"_monsterinsights_sitenote_active":false,"_monsterinsights_sitenote_note":"","_monsterinsights_sitenote_category":0,"_uf_show_specific_survey":0,"_uf_disable_surveys":false,"footnotes":""},"categories":[33,32,5],"tags":[],"class_list":["post-5038","post","type-post","status-publish","format-standard","has-post-thumbnail","hentry","category-novinky","category-vitazi-v-zahranici","category-sutaze-v-zahranici"],"yoast_head":"<!-- This site is optimized with the Yoast SEO plugin v27.2 - https:\/\/yoast.com\/product\/yoast-seo-wordpress\/ -->\n<title>Slovensk\u00e9 \u00faspechy v\u00ed\u0165azov Festivalu vedy a techniky AMAVET na s\u00fa\u0165a\u017ei Exporecerca Jove v Barcelone - Festival vedy a techniky AMAVET<\/title>\n<meta name=\"robots\" content=\"index, follow, max-snippet:-1, max-image-preview:large, max-video-preview:-1\" \/>\n<link rel=\"canonical\" href=\"https:\/\/www.festivalvedy.sk\/wp2\/slovenske-uspechy-vitazov-festivalu-vedy-a-techniky-amavet-na-sutazi-exporecerca-jove-v-barcelone\/\" \/>\n<meta property=\"og:locale\" content=\"sk_SK\" \/>\n<meta property=\"og:type\" content=\"article\" \/>\n<meta property=\"og:title\" content=\"Slovensk\u00e9 \u00faspechy v\u00ed\u0165azov Festivalu vedy a techniky AMAVET na s\u00fa\u0165a\u017ei Exporecerca Jove v Barcelone - Festival vedy a techniky AMAVET\" \/>\n<meta property=\"og:description\" content=\"V priebehu marca 2025 sa v\u00ed\u0165azi Festivalu vedy a techniky AMAVET z\u00fa\u010dastnili zahrani\u010dnej s\u00fa\u0165a\u017ee Exporecerca Jove v Barcelone, kde dosiahli pozoruhodn\u00e9 \u00faspechy. Mat\u00fa\u0161 Kva\u0161\u0148ovsk\u00fd so svoj\u00edm projektom Anal\u00fdza a mapovanie nemeck\u00e9ho obrann\u00e9ho syst\u00e9mu z 2. svetovej vojny v regi\u00f3ne Kysuce obsadil v zahrani\u010dnej kateg\u00f3rii vynikaj\u00face 2. miesto. V\u00fdborne si po\u010d\u00ednali aj s\u00farodenci Alexandra Polanov\u00e1 a [&hellip;]\" \/>\n<meta property=\"og:url\" content=\"https:\/\/www.festivalvedy.sk\/wp2\/slovenske-uspechy-vitazov-festivalu-vedy-a-techniky-amavet-na-sutazi-exporecerca-jove-v-barcelone\/\" \/>\n<meta property=\"og:site_name\" content=\"Festival vedy a techniky AMAVET\" \/>\n<meta property=\"article:published_time\" content=\"2025-04-24T09:28:59+00:00\" \/>\n<meta property=\"article:modified_time\" content=\"2025-04-24T09:30:08+00:00\" \/>\n<meta property=\"og:image\" content=\"https:\/\/www.festivalvedy.sk\/wp2\/wp-content\/uploads\/2024\/12\/FVAT_2024_292.jpg\" \/>\n\t<meta property=\"og:image:width\" content=\"1500\" \/>\n\t<meta property=\"og:image:height\" content=\"1000\" \/>\n\t<meta property=\"og:image:type\" content=\"image\/jpeg\" \/>\n<meta name=\"author\" content=\"cichova@amavet.sk\" \/>\n<meta name=\"twitter:card\" content=\"summary_large_image\" \/>\n<meta name=\"twitter:label1\" content=\"Autor\" \/>\n\t<meta name=\"twitter:data1\" content=\"cichova@amavet.sk\" \/>\n\t<meta name=\"twitter:label2\" content=\"Predpokladan\u00fd \u010das \u010d\u00edtania\" \/>\n\t<meta name=\"twitter:data2\" content=\"6 min\u00fat\" \/>\n<script type=\"application\/ld+json\" class=\"yoast-schema-graph\">{\"@context\":\"https:\/\/schema.org\",\"@graph\":[{\"@type\":\"Article\",\"@id\":\"https:\/\/www.festivalvedy.sk\/wp2\/slovenske-uspechy-vitazov-festivalu-vedy-a-techniky-amavet-na-sutazi-exporecerca-jove-v-barcelone\/#article\",\"isPartOf\":{\"@id\":\"https:\/\/www.festivalvedy.sk\/wp2\/slovenske-uspechy-vitazov-festivalu-vedy-a-techniky-amavet-na-sutazi-exporecerca-jove-v-barcelone\/\"},\"author\":{\"name\":\"cichova@amavet.sk\",\"@id\":\"https:\/\/www.festivalvedy.sk\/wp2\/#\/schema\/person\/7875f2822eb6744f8a6b8da979bb4d70\"},\"headline\":\"Slovensk\u00e9 \u00faspechy v\u00ed\u0165azov Festivalu vedy a techniky AMAVET na s\u00fa\u0165a\u017ei Exporecerca Jove v Barcelone\",\"datePublished\":\"2025-04-24T09:28:59+00:00\",\"dateModified\":\"2025-04-24T09:30:08+00:00\",\"mainEntityOfPage\":{\"@id\":\"https:\/\/www.festivalvedy.sk\/wp2\/slovenske-uspechy-vitazov-festivalu-vedy-a-techniky-amavet-na-sutazi-exporecerca-jove-v-barcelone\/\"},\"wordCount\":1054,\"publisher\":{\"@id\":\"https:\/\/www.festivalvedy.sk\/wp2\/#organization\"},\"image\":{\"@id\":\"https:\/\/www.festivalvedy.sk\/wp2\/slovenske-uspechy-vitazov-festivalu-vedy-a-techniky-amavet-na-sutazi-exporecerca-jove-v-barcelone\/#primaryimage\"},\"thumbnailUrl\":\"https:\/\/www.festivalvedy.sk\/wp2\/wp-content\/uploads\/2024\/12\/FVAT_2024_292.jpg\",\"articleSection\":[\"Novinky\",\"Reprezentovali n\u00e1s\",\"S\u00fa\u0165a\u017ee v zahrani\u010d\u00ed\"],\"inLanguage\":\"sk-SK\"},{\"@type\":\"WebPage\",\"@id\":\"https:\/\/www.festivalvedy.sk\/wp2\/slovenske-uspechy-vitazov-festivalu-vedy-a-techniky-amavet-na-sutazi-exporecerca-jove-v-barcelone\/\",\"url\":\"https:\/\/www.festivalvedy.sk\/wp2\/slovenske-uspechy-vitazov-festivalu-vedy-a-techniky-amavet-na-sutazi-exporecerca-jove-v-barcelone\/\",\"name\":\"Slovensk\u00e9 \u00faspechy v\u00ed\u0165azov Festivalu vedy a techniky AMAVET na s\u00fa\u0165a\u017ei Exporecerca Jove v Barcelone - Festival vedy a techniky AMAVET\",\"isPartOf\":{\"@id\":\"https:\/\/www.festivalvedy.sk\/wp2\/#website\"},\"primaryImageOfPage\":{\"@id\":\"https:\/\/www.festivalvedy.sk\/wp2\/slovenske-uspechy-vitazov-festivalu-vedy-a-techniky-amavet-na-sutazi-exporecerca-jove-v-barcelone\/#primaryimage\"},\"image\":{\"@id\":\"https:\/\/www.festivalvedy.sk\/wp2\/slovenske-uspechy-vitazov-festivalu-vedy-a-techniky-amavet-na-sutazi-exporecerca-jove-v-barcelone\/#primaryimage\"},\"thumbnailUrl\":\"https:\/\/www.festivalvedy.sk\/wp2\/wp-content\/uploads\/2024\/12\/FVAT_2024_292.jpg\",\"datePublished\":\"2025-04-24T09:28:59+00:00\",\"dateModified\":\"2025-04-24T09:30:08+00:00\",\"breadcrumb\":{\"@id\":\"https:\/\/www.festivalvedy.sk\/wp2\/slovenske-uspechy-vitazov-festivalu-vedy-a-techniky-amavet-na-sutazi-exporecerca-jove-v-barcelone\/#breadcrumb\"},\"inLanguage\":\"sk-SK\",\"potentialAction\":[{\"@type\":\"ReadAction\",\"target\":[\"https:\/\/www.festivalvedy.sk\/wp2\/slovenske-uspechy-vitazov-festivalu-vedy-a-techniky-amavet-na-sutazi-exporecerca-jove-v-barcelone\/\"]}]},{\"@type\":\"ImageObject\",\"inLanguage\":\"sk-SK\",\"@id\":\"https:\/\/www.festivalvedy.sk\/wp2\/slovenske-uspechy-vitazov-festivalu-vedy-a-techniky-amavet-na-sutazi-exporecerca-jove-v-barcelone\/#primaryimage\",\"url\":\"https:\/\/www.festivalvedy.sk\/wp2\/wp-content\/uploads\/2024\/12\/FVAT_2024_292.jpg\",\"contentUrl\":\"https:\/\/www.festivalvedy.sk\/wp2\/wp-content\/uploads\/2024\/12\/FVAT_2024_292.jpg\",\"width\":1500,\"height\":1000},{\"@type\":\"BreadcrumbList\",\"@id\":\"https:\/\/www.festivalvedy.sk\/wp2\/slovenske-uspechy-vitazov-festivalu-vedy-a-techniky-amavet-na-sutazi-exporecerca-jove-v-barcelone\/#breadcrumb\",\"itemListElement\":[{\"@type\":\"ListItem\",\"position\":1,\"name\":\"Home\",\"item\":\"https:\/\/www.festivalvedy.sk\/wp2\/\"},{\"@type\":\"ListItem\",\"position\":2,\"name\":\"Slovensk\u00e9 \u00faspechy v\u00ed\u0165azov Festivalu vedy a techniky AMAVET na s\u00fa\u0165a\u017ei Exporecerca Jove v Barcelone\"}]},{\"@type\":\"WebSite\",\"@id\":\"https:\/\/www.festivalvedy.sk\/wp2\/#website\",\"url\":\"https:\/\/www.festivalvedy.sk\/wp2\/\",\"name\":\"Festival vedy a techniky AMAVET\",\"description\":\"AMAVET - Asoci\u00e1cia pre ml\u00e1de\u017e, vedu a techniku\",\"publisher\":{\"@id\":\"https:\/\/www.festivalvedy.sk\/wp2\/#organization\"},\"potentialAction\":[{\"@type\":\"SearchAction\",\"target\":{\"@type\":\"EntryPoint\",\"urlTemplate\":\"https:\/\/www.festivalvedy.sk\/wp2\/?s={search_term_string}\"},\"query-input\":{\"@type\":\"PropertyValueSpecification\",\"valueRequired\":true,\"valueName\":\"search_term_string\"}}],\"inLanguage\":\"sk-SK\"},{\"@type\":\"Organization\",\"@id\":\"https:\/\/www.festivalvedy.sk\/wp2\/#organization\",\"name\":\"Festival vedy a techniky AMAVET\",\"url\":\"https:\/\/www.festivalvedy.sk\/wp2\/\",\"logo\":{\"@type\":\"ImageObject\",\"inLanguage\":\"sk-SK\",\"@id\":\"https:\/\/www.festivalvedy.sk\/wp2\/#\/schema\/logo\/image\/\",\"url\":\"https:\/\/www.festivalvedy.sk\/wp2\/wp-content\/uploads\/2022\/02\/cropped-fvat-ochranna-zona.png\",\"contentUrl\":\"https:\/\/www.festivalvedy.sk\/wp2\/wp-content\/uploads\/2022\/02\/cropped-fvat-ochranna-zona.png\",\"width\":1190,\"height\":357,\"caption\":\"Festival vedy a techniky AMAVET\"},\"image\":{\"@id\":\"https:\/\/www.festivalvedy.sk\/wp2\/#\/schema\/logo\/image\/\"}},{\"@type\":\"Person\",\"@id\":\"https:\/\/www.festivalvedy.sk\/wp2\/#\/schema\/person\/7875f2822eb6744f8a6b8da979bb4d70\",\"name\":\"cichova@amavet.sk\",\"image\":{\"@type\":\"ImageObject\",\"inLanguage\":\"sk-SK\",\"@id\":\"https:\/\/secure.gravatar.com\/avatar\/6227f01bf3909de753b0c67135a8bcd4eb2f9674d0dc3890077f42d17beffba8?s=96&d=mm&r=g\",\"url\":\"https:\/\/secure.gravatar.com\/avatar\/6227f01bf3909de753b0c67135a8bcd4eb2f9674d0dc3890077f42d17beffba8?s=96&d=mm&r=g\",\"contentUrl\":\"https:\/\/secure.gravatar.com\/avatar\/6227f01bf3909de753b0c67135a8bcd4eb2f9674d0dc3890077f42d17beffba8?s=96&d=mm&r=g\",\"caption\":\"cichova@amavet.sk\"},\"url\":\"https:\/\/www.festivalvedy.sk\/wp2\/author\/cichovaamavet-sk\/\"}]}<\/script>\n<!-- \/ Yoast SEO plugin. -->","yoast_head_json":{"title":"Slovensk\u00e9 \u00faspechy v\u00ed\u0165azov Festivalu vedy a techniky AMAVET na s\u00fa\u0165a\u017ei Exporecerca Jove v Barcelone - Festival vedy a techniky AMAVET","robots":{"index":"index","follow":"follow","max-snippet":"max-snippet:-1","max-image-preview":"max-image-preview:large","max-video-preview":"max-video-preview:-1"},"canonical":"https:\/\/www.festivalvedy.sk\/wp2\/slovenske-uspechy-vitazov-festivalu-vedy-a-techniky-amavet-na-sutazi-exporecerca-jove-v-barcelone\/","og_locale":"sk_SK","og_type":"article","og_title":"Slovensk\u00e9 \u00faspechy v\u00ed\u0165azov Festivalu vedy a techniky AMAVET na s\u00fa\u0165a\u017ei Exporecerca Jove v Barcelone - Festival vedy a techniky AMAVET","og_description":"V priebehu marca 2025 sa v\u00ed\u0165azi Festivalu vedy a techniky AMAVET z\u00fa\u010dastnili zahrani\u010dnej s\u00fa\u0165a\u017ee Exporecerca Jove v Barcelone, kde dosiahli pozoruhodn\u00e9 \u00faspechy. Mat\u00fa\u0161 Kva\u0161\u0148ovsk\u00fd so svoj\u00edm projektom Anal\u00fdza a mapovanie nemeck\u00e9ho obrann\u00e9ho syst\u00e9mu z 2. svetovej vojny v regi\u00f3ne Kysuce obsadil v zahrani\u010dnej kateg\u00f3rii vynikaj\u00face 2. miesto. V\u00fdborne si po\u010d\u00ednali aj s\u00farodenci Alexandra Polanov\u00e1 a [&hellip;]","og_url":"https:\/\/www.festivalvedy.sk\/wp2\/slovenske-uspechy-vitazov-festivalu-vedy-a-techniky-amavet-na-sutazi-exporecerca-jove-v-barcelone\/","og_site_name":"Festival vedy a techniky AMAVET","article_published_time":"2025-04-24T09:28:59+00:00","article_modified_time":"2025-04-24T09:30:08+00:00","og_image":[{"width":1500,"height":1000,"url":"https:\/\/www.festivalvedy.sk\/wp2\/wp-content\/uploads\/2024\/12\/FVAT_2024_292.jpg","type":"image\/jpeg"}],"author":"cichova@amavet.sk","twitter_card":"summary_large_image","twitter_misc":{"Autor":"cichova@amavet.sk","Predpokladan\u00fd \u010das \u010d\u00edtania":"6 min\u00fat"},"schema":{"@context":"https:\/\/schema.org","@graph":[{"@type":"Article","@id":"https:\/\/www.festivalvedy.sk\/wp2\/slovenske-uspechy-vitazov-festivalu-vedy-a-techniky-amavet-na-sutazi-exporecerca-jove-v-barcelone\/#article","isPartOf":{"@id":"https:\/\/www.festivalvedy.sk\/wp2\/slovenske-uspechy-vitazov-festivalu-vedy-a-techniky-amavet-na-sutazi-exporecerca-jove-v-barcelone\/"},"author":{"name":"cichova@amavet.sk","@id":"https:\/\/www.festivalvedy.sk\/wp2\/#\/schema\/person\/7875f2822eb6744f8a6b8da979bb4d70"},"headline":"Slovensk\u00e9 \u00faspechy v\u00ed\u0165azov Festivalu vedy a techniky AMAVET na s\u00fa\u0165a\u017ei Exporecerca Jove v Barcelone","datePublished":"2025-04-24T09:28:59+00:00","dateModified":"2025-04-24T09:30:08+00:00","mainEntityOfPage":{"@id":"https:\/\/www.festivalvedy.sk\/wp2\/slovenske-uspechy-vitazov-festivalu-vedy-a-techniky-amavet-na-sutazi-exporecerca-jove-v-barcelone\/"},"wordCount":1054,"publisher":{"@id":"https:\/\/www.festivalvedy.sk\/wp2\/#organization"},"image":{"@id":"https:\/\/www.festivalvedy.sk\/wp2\/slovenske-uspechy-vitazov-festivalu-vedy-a-techniky-amavet-na-sutazi-exporecerca-jove-v-barcelone\/#primaryimage"},"thumbnailUrl":"https:\/\/www.festivalvedy.sk\/wp2\/wp-content\/uploads\/2024\/12\/FVAT_2024_292.jpg","articleSection":["Novinky","Reprezentovali n\u00e1s","S\u00fa\u0165a\u017ee v zahrani\u010d\u00ed"],"inLanguage":"sk-SK"},{"@type":"WebPage","@id":"https:\/\/www.festivalvedy.sk\/wp2\/slovenske-uspechy-vitazov-festivalu-vedy-a-techniky-amavet-na-sutazi-exporecerca-jove-v-barcelone\/","url":"https:\/\/www.festivalvedy.sk\/wp2\/slovenske-uspechy-vitazov-festivalu-vedy-a-techniky-amavet-na-sutazi-exporecerca-jove-v-barcelone\/","name":"Slovensk\u00e9 \u00faspechy v\u00ed\u0165azov Festivalu vedy a techniky AMAVET na s\u00fa\u0165a\u017ei Exporecerca Jove v Barcelone - Festival vedy a techniky AMAVET","isPartOf":{"@id":"https:\/\/www.festivalvedy.sk\/wp2\/#website"},"primaryImageOfPage":{"@id":"https:\/\/www.festivalvedy.sk\/wp2\/slovenske-uspechy-vitazov-festivalu-vedy-a-techniky-amavet-na-sutazi-exporecerca-jove-v-barcelone\/#primaryimage"},"image":{"@id":"https:\/\/www.festivalvedy.sk\/wp2\/slovenske-uspechy-vitazov-festivalu-vedy-a-techniky-amavet-na-sutazi-exporecerca-jove-v-barcelone\/#primaryimage"},"thumbnailUrl":"https:\/\/www.festivalvedy.sk\/wp2\/wp-content\/uploads\/2024\/12\/FVAT_2024_292.jpg","datePublished":"2025-04-24T09:28:59+00:00","dateModified":"2025-04-24T09:30:08+00:00","breadcrumb":{"@id":"https:\/\/www.festivalvedy.sk\/wp2\/slovenske-uspechy-vitazov-festivalu-vedy-a-techniky-amavet-na-sutazi-exporecerca-jove-v-barcelone\/#breadcrumb"},"inLanguage":"sk-SK","potentialAction":[{"@type":"ReadAction","target":["https:\/\/www.festivalvedy.sk\/wp2\/slovenske-uspechy-vitazov-festivalu-vedy-a-techniky-amavet-na-sutazi-exporecerca-jove-v-barcelone\/"]}]},{"@type":"ImageObject","inLanguage":"sk-SK","@id":"https:\/\/www.festivalvedy.sk\/wp2\/slovenske-uspechy-vitazov-festivalu-vedy-a-techniky-amavet-na-sutazi-exporecerca-jove-v-barcelone\/#primaryimage","url":"https:\/\/www.festivalvedy.sk\/wp2\/wp-content\/uploads\/2024\/12\/FVAT_2024_292.jpg","contentUrl":"https:\/\/www.festivalvedy.sk\/wp2\/wp-content\/uploads\/2024\/12\/FVAT_2024_292.jpg","width":1500,"height":1000},{"@type":"BreadcrumbList","@id":"https:\/\/www.festivalvedy.sk\/wp2\/slovenske-uspechy-vitazov-festivalu-vedy-a-techniky-amavet-na-sutazi-exporecerca-jove-v-barcelone\/#breadcrumb","itemListElement":[{"@type":"ListItem","position":1,"name":"Home","item":"https:\/\/www.festivalvedy.sk\/wp2\/"},{"@type":"ListItem","position":2,"name":"Slovensk\u00e9 \u00faspechy v\u00ed\u0165azov Festivalu vedy a techniky AMAVET na s\u00fa\u0165a\u017ei Exporecerca Jove v Barcelone"}]},{"@type":"WebSite","@id":"https:\/\/www.festivalvedy.sk\/wp2\/#website","url":"https:\/\/www.festivalvedy.sk\/wp2\/","name":"Festival vedy a techniky AMAVET","description":"AMAVET - Asoci\u00e1cia pre ml\u00e1de\u017e, vedu a techniku","publisher":{"@id":"https:\/\/www.festivalvedy.sk\/wp2\/#organization"},"potentialAction":[{"@type":"SearchAction","target":{"@type":"EntryPoint","urlTemplate":"https:\/\/www.festivalvedy.sk\/wp2\/?s={search_term_string}"},"query-input":{"@type":"PropertyValueSpecification","valueRequired":true,"valueName":"search_term_string"}}],"inLanguage":"sk-SK"},{"@type":"Organization","@id":"https:\/\/www.festivalvedy.sk\/wp2\/#organization","name":"Festival vedy a techniky AMAVET","url":"https:\/\/www.festivalvedy.sk\/wp2\/","logo":{"@type":"ImageObject","inLanguage":"sk-SK","@id":"https:\/\/www.festivalvedy.sk\/wp2\/#\/schema\/logo\/image\/","url":"https:\/\/www.festivalvedy.sk\/wp2\/wp-content\/uploads\/2022\/02\/cropped-fvat-ochranna-zona.png","contentUrl":"https:\/\/www.festivalvedy.sk\/wp2\/wp-content\/uploads\/2022\/02\/cropped-fvat-ochranna-zona.png","width":1190,"height":357,"caption":"Festival vedy a techniky AMAVET"},"image":{"@id":"https:\/\/www.festivalvedy.sk\/wp2\/#\/schema\/logo\/image\/"}},{"@type":"Person","@id":"https:\/\/www.festivalvedy.sk\/wp2\/#\/schema\/person\/7875f2822eb6744f8a6b8da979bb4d70","name":"cichova@amavet.sk","image":{"@type":"ImageObject","inLanguage":"sk-SK","@id":"https:\/\/secure.gravatar.com\/avatar\/6227f01bf3909de753b0c67135a8bcd4eb2f9674d0dc3890077f42d17beffba8?s=96&d=mm&r=g","url":"https:\/\/secure.gravatar.com\/avatar\/6227f01bf3909de753b0c67135a8bcd4eb2f9674d0dc3890077f42d17beffba8?s=96&d=mm&r=g","contentUrl":"https:\/\/secure.gravatar.com\/avatar\/6227f01bf3909de753b0c67135a8bcd4eb2f9674d0dc3890077f42d17beffba8?s=96&d=mm&r=g","caption":"cichova@amavet.sk"},"url":"https:\/\/www.festivalvedy.sk\/wp2\/author\/cichovaamavet-sk\/"}]}},"_links":{"self":[{"href":"https:\/\/www.festivalvedy.sk\/wp2\/wp-json\/wp\/v2\/posts\/5038","targetHints":{"allow":["GET"]}}],"collection":[{"href":"https:\/\/www.festivalvedy.sk\/wp2\/wp-json\/wp\/v2\/posts"}],"about":[{"href":"https:\/\/www.festivalvedy.sk\/wp2\/wp-json\/wp\/v2\/types\/post"}],"author":[{"embeddable":true,"href":"https:\/\/www.festivalvedy.sk\/wp2\/wp-json\/wp\/v2\/users\/3"}],"replies":[{"embeddable":true,"href":"https:\/\/www.festivalvedy.sk\/wp2\/wp-json\/wp\/v2\/comments?post=5038"}],"version-history":[{"count":2,"href":"https:\/\/www.festivalvedy.sk\/wp2\/wp-json\/wp\/v2\/posts\/5038\/revisions"}],"predecessor-version":[{"id":5044,"href":"https:\/\/www.festivalvedy.sk\/wp2\/wp-json\/wp\/v2\/posts\/5038\/revisions\/5044"}],"wp:featuredmedia":[{"embeddable":true,"href":"https:\/\/www.festivalvedy.sk\/wp2\/wp-json\/wp\/v2\/media\/5014"}],"wp:attachment":[{"href":"https:\/\/www.festivalvedy.sk\/wp2\/wp-json\/wp\/v2\/media?parent=5038"}],"wp:term":[{"taxonomy":"category","embeddable":true,"href":"https:\/\/www.festivalvedy.sk\/wp2\/wp-json\/wp\/v2\/categories?post=5038"},{"taxonomy":"post_tag","embeddable":true,"href":"https:\/\/www.festivalvedy.sk\/wp2\/wp-json\/wp\/v2\/tags?post=5038"}],"curies":[{"name":"wp","href":"https:\/\/api.w.org\/{rel}","templated":true}]}}