{"id":5063,"date":"2025-06-18T08:45:32","date_gmt":"2025-06-18T06:45:32","guid":{"rendered":"https:\/\/www.festivalvedy.sk\/wp2\/?p=5063"},"modified":"2025-06-18T08:45:32","modified_gmt":"2025-06-18T06:45:32","slug":"absolutny-vitaz-svetovej-sutaze-regeneron-isef-2025","status":"publish","type":"post","link":"https:\/\/www.festivalvedy.sk\/wp2\/absolutny-vitaz-svetovej-sutaze-regeneron-isef-2025\/","title":{"rendered":"Absol\u00fatny v\u00ed\u0165az svetovej s\u00fa\u0165a\u017ee Regeneron ISEF 2025"},"content":{"rendered":"<section class=\"kc-elm kc-css-530597 kc_row\"><div class=\"kc-row-container  kc-container\"><div class=\"kc-wrap-columns\"><div class=\"kc-elm kc-css-147537 kc_col-sm-12 kc_column kc_col-sm-12\"><div class=\"kc-col-container\"><div class=\"kc-elm kc-css-630198 kc_text_block\"><\/p>\n<h2 class=\"py-4 text-bodybold14\">Historick\u00fd \u00faspech slovensk\u00fdch mlad\u00fdch vedcov na najprest\u00ed\u017enej\u0161ej vedeckej s\u00fa\u0165a\u017ei stredo\u0161kol\u00e1kov<\/h2>\n<p class=\"pb-2\">Dev\u00e4tn\u00e1s\u0165ro\u010dn\u00fd <strong>Adam Koval\u010d\u00edk z Duloviec<\/strong> sa zap\u00edsal zlat\u00fdmi p\u00edsmenami do hist\u00f3rie slovenskej vedy! Na 75. ro\u010dn\u00edku najprest\u00ed\u017enej\u0161ej medzin\u00e1rodnej vedeckej s\u00fa\u0165a\u017ee stredo\u0161kol\u00e1kov <strong>Regeneron ISEF 2025<\/strong> v Columbuse (Ohio, USA) z\u00edskal hlavn\u00fa cenu <strong>George D. Yancopoulos Innovator Award s finan\u010dnou odmenou 100 000 dol\u00e1rov<\/strong>.<\/p>\n<p class=\"pb-2\">Mlad\u00fd slovensk\u00fd vedec vyvinul prelomov\u00fd liek, ktor\u00fd dok\u00e1\u017ee zastavi\u0165 kop\u00edrovanie g\u00e9nov v\u00edrusmi a efekt\u00edvne kontrolova\u0165 infekcie. Tento revolu\u010dn\u00fd projekt zaujal odborn\u00fa porotu nato\u013eko, \u017ee sa Adam stal absol\u00fatnym v\u00ed\u0165azom celej s\u00fa\u0165a\u017ee, kde s\u00fa\u0165a\u017eilo takmer 1 700 mlad\u00fdch vedcov z viac ako 60 kraj\u00edn sveta.<\/p>\n<blockquote>\n<p class=\"pb-2\">&#8222;Dev\u00e4tn\u00e1s\u0165ro\u010dn\u00fd Adam Koval\u010d\u00edk z\u00edskal na najv\u00e4\u010d\u0161ej svetovej predvysoko\u0161kolskej s\u00fa\u0165a\u017ei v oblasti STEM v Columbuse v \u0161t\u00e1te Ohio hlavn\u00fa cenu v hodnote 100 000 dol\u00e1rov za v\u00fdvoj lieku, ktor\u00fd dok\u00e1\u017ee zastavi\u0165 kop\u00edrovanie g\u00e9nov v\u00edrusmi a kontrolova\u0165 infekcie,&#8220; uv\u00e1dza ofici\u00e1lna tla\u010dov\u00e1 spr\u00e1va Regeneron ISEF.<\/p>\n<\/blockquote>\n<h2 class=\"py-4 text-bodybold14\">Festival vedy a techniky AMAVET &#8211; odrazov\u00fd most\u00edk k svetov\u00e9mu \u00faspechu<\/h2>\n<p class=\"pb-2\">Adam Koval\u010d\u00edk reprezentoval Slovensko a Asoci\u00e1ciu pre ml\u00e1de\u017e, vedu a techniku (AMAVET) po tom, \u010do zv\u00ed\u0165azil na dom\u00e1com <strong>Festivale vedy a techniky AMAVET 2024<\/strong> ako &#8222;<strong>Vedeck\u00fd talent SAV<\/strong>&#8222;. Pr\u00e1ve t\u00e1to celo\u0161t\u00e1tna s\u00fa\u0165a\u017e mu otvorila dvere na svetov\u00fa s\u00fa\u0165a\u017e mlad\u00fdch vedcov v USA.<\/p>\n<p class=\"pb-2\">Na svetovej s\u00fa\u0165a\u017ei Adam za\u017eiaril aj v kateg\u00f3rii Chemistry, kde z\u00edskal:<\/p>\n<ul>\n<li class=\"pb-2\">1. miesto v kateg\u00f3rii Chemistry<\/li>\n<li>2. miesto od American Chemical Society<\/li>\n<\/ul>\n<ul class=\"marker:text-green list-outside list-disc text-deeplyneutral-800 dark:text-deeplyneutral-50\">\n<li>1. miesto od The Drug, Chemical &amp; Associated Technologies Association<\/li>\n<\/ul>\n<h2 class=\"py-4 text-bodybold14\">\u010eal\u0161ie v\u00fdznamn\u00e9 \u00faspechy slovenskej deleg\u00e1cie<\/h2>\n<p class=\"pb-2\">Slovensko malo na s\u00fa\u0165a\u017ei e\u0161te jednu z\u00e1stupky\u0148u z AMAVET-u. <strong>Anna Podmanick\u00e1<\/strong> excelovala v kateg\u00f3rii Environmental Engineering, kde z\u00edskala:<\/p>\n<ul class=\"marker:text-green list-outside list-disc text-deeplyneutral-800 dark:text-deeplyneutral-50\">\n<li>1. miesto v \u0161peci\u00e1lnej cene King Abdulazis &amp; his Companions Foundation for Giftedness and Creativity<\/li>\n<li>4. miesto v hlavnej kateg\u00f3rii Environmental Engineering<\/li>\n<\/ul>\n<p class=\"pb-2\">Obe ocenenia potvrdzuj\u00fa mimoriadnu kvalitu slovensk\u00fdch vedeck\u00fdch projektov a s\u00fa d\u00f4kazom, \u017ee aj mal\u00e1 krajina m\u00f4\u017ee vychov\u00e1va\u0165 \u0161pi\u010dkov\u00fdch mlad\u00fdch vedcov.<\/p>\n<h2 class=\"py-4 text-bodybold14\">AMAVET systematicky podporuje mlad\u00e9 talenty<\/h2>\n<p class=\"pb-2\">Tento bezprecedentn\u00fd \u00faspech slovensk\u00fdch stredo\u0161kol\u00e1kov dokazuje, \u017ee na Slovensku existuje obrovsk\u00fd potenci\u00e1l mlad\u00fdch vedeck\u00fdch talentov. Asoci\u00e1cia pre ml\u00e1de\u017e, vedu a techniku (AMAVET) systematicky vyh\u013ead\u00e1va a podporuje tieto talenty prostredn\u00edctvom Festivalu vedy a techniky AMAVET a \u010fal\u0161\u00edch aktiv\u00edt.<\/p>\n<p class=\"pb-2\">&#8222;Na Slovensku objavujeme obrovsk\u00fd potenci\u00e1l talentov, \u010do dokazuj\u00fa aj tieto \u00faspechy na medzin\u00e1rodnej sc\u00e9ne,&#8220; uv\u00e1dza AMAVET. &#8222;Festival vedy a techniky AMAVET je k\u013e\u00fa\u010dovou platformou, ktor\u00e1 mlad\u00fdm vedcom otv\u00e1ra dvere do sveta \u0161pi\u010dkovej vedy a v\u00fdskumu.&#8220;<\/p>\n<p class=\"pb-2\">Na 75. ro\u010dn\u00edku Regeneron ISEF 2025 bolo celkovo rozdelen\u00fdch viac ako 9 mili\u00f3nov dol\u00e1rov v cen\u00e1ch a \u0161tipendi\u00e1ch, pri\u010dom najv\u00e4\u010d\u0161\u00ed v\u00ed\u0165azi boli ocenen\u00ed po\u010das dvoch sl\u00e1vnostn\u00fdch cerem\u00f3ni\u00ed: \u0160peci\u00e1lne ceny 15. m\u00e1ja a Ve\u013ek\u00e9 odovzd\u00e1vanie cien 16. m\u00e1ja 2025.<\/p>\n<h2 class=\"py-4 text-bodybold14\">Zapojte sa aj vy do bud\u00faceho ro\u010dn\u00edka Festivalu vedy a techniky AMAVET<\/h2>\n<p class=\"pb-2\">Ak m\u00e1te z\u00e1ujem o vedu a v\u00fdskum, in\u0161pirujte sa \u00faspechom Adama Koval\u010d\u00edka a Anny Podmanickej a zapojte sa do \u010fal\u0161ieho ro\u010dn\u00edka Festivalu vedy a techniky AMAVET. Mo\u017eno pr\u00e1ve vy budete nasleduj\u00facim slovensk\u00fdm z\u00e1stupcom na svetovej vedeckej s\u00fa\u0165a\u017ei Regeneron ISEF.<\/p>\n<\/p>\n<p>\n<\/div><div class=\"kc-image-gallery kc-elm kc-css-573155\">\n<div class=\"kc_image_gallery kc-carousel-image kc-grid \">\n<div class=\"item-grid grid-4\"><img decoding=\"async\" src=\"https:\/\/www.festivalvedy.sk\/wp2\/wp-content\/uploads\/2025\/06\/KRA_3935_edit.jpg\" alt=\"\"\/><\/div><div class=\"item-grid grid-4\"><img decoding=\"async\" src=\"https:\/\/www.festivalvedy.sk\/wp2\/wp-content\/uploads\/2025\/06\/IMG_6855.jpg\" alt=\"\"\/><\/div><div class=\"item-grid grid-4\"><img decoding=\"async\" src=\"https:\/\/www.festivalvedy.sk\/wp2\/wp-content\/uploads\/2025\/06\/IMG_6854.jpg\" alt=\"\"\/><\/div><div class=\"item-grid grid-4\"><img decoding=\"async\" src=\"https:\/\/www.festivalvedy.sk\/wp2\/wp-content\/uploads\/2025\/06\/IMG_6850.jpg\" alt=\"\"\/><\/div><div class=\"item-grid grid-4\"><img decoding=\"async\" src=\"https:\/\/www.festivalvedy.sk\/wp2\/wp-content\/uploads\/2025\/06\/IMG_6843.jpg\" alt=\"\"\/><\/div><div class=\"item-grid grid-4\"><img decoding=\"async\" src=\"https:\/\/www.festivalvedy.sk\/wp2\/wp-content\/uploads\/2025\/06\/IMG_6842.jpg\" alt=\"\"\/><\/div><div class=\"item-grid grid-4\"><img decoding=\"async\" src=\"https:\/\/www.festivalvedy.sk\/wp2\/wp-content\/uploads\/2025\/06\/IMG_6832.jpg\" alt=\"\"\/><\/div><div class=\"item-grid grid-4\"><img decoding=\"async\" src=\"https:\/\/www.festivalvedy.sk\/wp2\/wp-content\/uploads\/2025\/06\/IMG_6831.jpg\" alt=\"\"\/><\/div><div class=\"item-grid grid-4\"><img decoding=\"async\" src=\"https:\/\/www.festivalvedy.sk\/wp2\/wp-content\/uploads\/2025\/06\/IMG_7226.jpg\" alt=\"\"\/><\/div><div class=\"item-grid grid-4\"><img decoding=\"async\" src=\"https:\/\/www.festivalvedy.sk\/wp2\/wp-content\/uploads\/2025\/06\/IMG_7201.jpg\" alt=\"\"\/><\/div><div class=\"item-grid grid-4\"><img decoding=\"async\" src=\"https:\/\/www.festivalvedy.sk\/wp2\/wp-content\/uploads\/2025\/06\/IMG_7191.jpg\" alt=\"\"\/><\/div><div class=\"item-grid grid-4\"><img decoding=\"async\" src=\"https:\/\/www.festivalvedy.sk\/wp2\/wp-content\/uploads\/2025\/06\/IMG_7179.jpg\" alt=\"\"\/><\/div><div class=\"item-grid grid-4\"><img decoding=\"async\" src=\"https:\/\/www.festivalvedy.sk\/wp2\/wp-content\/uploads\/2025\/06\/IMG_7173.jpg\" alt=\"\"\/><\/div><div class=\"item-grid grid-4\"><img decoding=\"async\" src=\"https:\/\/www.festivalvedy.sk\/wp2\/wp-content\/uploads\/2025\/06\/IMG_7145.jpg\" alt=\"\"\/><\/div><\/div>\n<\/div><\/div><\/div><\/div><\/div><\/section>\n","protected":false},"excerpt":{"rendered":"","protected":false},"author":3,"featured_media":5077,"comment_status":"closed","ping_status":"closed","sticky":false,"template":"","format":"standard","meta":{"om_disable_all_campaigns":false,"_monsterinsights_skip_tracking":false,"_monsterinsights_sitenote_active":false,"_monsterinsights_sitenote_note":"","_monsterinsights_sitenote_category":0,"_uf_show_specific_survey":0,"_uf_disable_surveys":false,"footnotes":""},"categories":[1,33,32,5],"tags":[],"class_list":["post-5063","post","type-post","status-publish","format-standard","has-post-thumbnail","hentry","category-nezaradene","category-novinky","category-vitazi-v-zahranici","category-sutaze-v-zahranici"],"yoast_head":"<!-- This site is optimized with the Yoast SEO plugin v27.2 - https:\/\/yoast.com\/product\/yoast-seo-wordpress\/ -->\n<title>Absol\u00fatny v\u00ed\u0165az svetovej s\u00fa\u0165a\u017ee Regeneron ISEF 2025 - Festival vedy a techniky AMAVET<\/title>\n<meta name=\"robots\" content=\"index, follow, max-snippet:-1, max-image-preview:large, max-video-preview:-1\" \/>\n<link rel=\"canonical\" href=\"https:\/\/www.festivalvedy.sk\/wp2\/absolutny-vitaz-svetovej-sutaze-regeneron-isef-2025\/\" \/>\n<meta property=\"og:locale\" content=\"sk_SK\" \/>\n<meta property=\"og:type\" content=\"article\" \/>\n<meta property=\"og:title\" content=\"Absol\u00fatny v\u00ed\u0165az svetovej s\u00fa\u0165a\u017ee Regeneron ISEF 2025 - Festival vedy a techniky AMAVET\" \/>\n<meta property=\"og:description\" content=\"Historick\u00fd \u00faspech slovensk\u00fdch mlad\u00fdch vedcov na najprest\u00ed\u017enej\u0161ej vedeckej s\u00fa\u0165a\u017ei stredo\u0161kol\u00e1kov Dev\u00e4tn\u00e1s\u0165ro\u010dn\u00fd Adam Koval\u010d\u00edk z Duloviec sa zap\u00edsal zlat\u00fdmi p\u00edsmenami do hist\u00f3rie slovenskej vedy! Na 75. ro\u010dn\u00edku najprest\u00ed\u017enej\u0161ej medzin\u00e1rodnej vedeckej s\u00fa\u0165a\u017ee stredo\u0161kol\u00e1kov Regeneron ISEF 2025 v Columbuse (Ohio, USA) z\u00edskal hlavn\u00fa cenu George D. Yancopoulos Innovator Award s finan\u010dnou odmenou 100 000 dol\u00e1rov. Mlad\u00fd slovensk\u00fd vedec [&hellip;]\" \/>\n<meta property=\"og:url\" content=\"https:\/\/www.festivalvedy.sk\/wp2\/absolutny-vitaz-svetovej-sutaze-regeneron-isef-2025\/\" \/>\n<meta property=\"og:site_name\" content=\"Festival vedy a techniky AMAVET\" \/>\n<meta property=\"article:published_time\" content=\"2025-06-18T06:45:32+00:00\" \/>\n<meta property=\"og:image\" content=\"https:\/\/www.festivalvedy.sk\/wp2\/wp-content\/uploads\/2025\/06\/KRA_3935_edit.jpg\" \/>\n\t<meta property=\"og:image:width\" content=\"1500\" \/>\n\t<meta property=\"og:image:height\" content=\"1000\" \/>\n\t<meta property=\"og:image:type\" content=\"image\/jpeg\" \/>\n<meta name=\"author\" content=\"cichova@amavet.sk\" \/>\n<meta name=\"twitter:card\" content=\"summary_large_image\" \/>\n<meta name=\"twitter:label1\" content=\"Autor\" \/>\n\t<meta name=\"twitter:data1\" content=\"cichova@amavet.sk\" \/>\n<script type=\"application\/ld+json\" class=\"yoast-schema-graph\">{\"@context\":\"https:\/\/schema.org\",\"@graph\":[{\"@type\":\"Article\",\"@id\":\"https:\/\/www.festivalvedy.sk\/wp2\/absolutny-vitaz-svetovej-sutaze-regeneron-isef-2025\/#article\",\"isPartOf\":{\"@id\":\"https:\/\/www.festivalvedy.sk\/wp2\/absolutny-vitaz-svetovej-sutaze-regeneron-isef-2025\/\"},\"author\":{\"name\":\"cichova@amavet.sk\",\"@id\":\"https:\/\/www.festivalvedy.sk\/wp2\/#\/schema\/person\/7875f2822eb6744f8a6b8da979bb4d70\"},\"headline\":\"Absol\u00fatny v\u00ed\u0165az svetovej s\u00fa\u0165a\u017ee Regeneron ISEF 2025\",\"datePublished\":\"2025-06-18T06:45:32+00:00\",\"mainEntityOfPage\":{\"@id\":\"https:\/\/www.festivalvedy.sk\/wp2\/absolutny-vitaz-svetovej-sutaze-regeneron-isef-2025\/\"},\"wordCount\":606,\"publisher\":{\"@id\":\"https:\/\/www.festivalvedy.sk\/wp2\/#organization\"},\"image\":{\"@id\":\"https:\/\/www.festivalvedy.sk\/wp2\/absolutny-vitaz-svetovej-sutaze-regeneron-isef-2025\/#primaryimage\"},\"thumbnailUrl\":\"https:\/\/www.festivalvedy.sk\/wp2\/wp-content\/uploads\/2025\/06\/KRA_3935_edit.jpg\",\"articleSection\":{\"1\":\"Novinky\",\"2\":\"Reprezentovali n\u00e1s\",\"3\":\"S\u00fa\u0165a\u017ee v zahrani\u010d\u00ed\"},\"inLanguage\":\"sk-SK\"},{\"@type\":\"WebPage\",\"@id\":\"https:\/\/www.festivalvedy.sk\/wp2\/absolutny-vitaz-svetovej-sutaze-regeneron-isef-2025\/\",\"url\":\"https:\/\/www.festivalvedy.sk\/wp2\/absolutny-vitaz-svetovej-sutaze-regeneron-isef-2025\/\",\"name\":\"Absol\u00fatny v\u00ed\u0165az svetovej s\u00fa\u0165a\u017ee Regeneron ISEF 2025 - Festival vedy a techniky AMAVET\",\"isPartOf\":{\"@id\":\"https:\/\/www.festivalvedy.sk\/wp2\/#website\"},\"primaryImageOfPage\":{\"@id\":\"https:\/\/www.festivalvedy.sk\/wp2\/absolutny-vitaz-svetovej-sutaze-regeneron-isef-2025\/#primaryimage\"},\"image\":{\"@id\":\"https:\/\/www.festivalvedy.sk\/wp2\/absolutny-vitaz-svetovej-sutaze-regeneron-isef-2025\/#primaryimage\"},\"thumbnailUrl\":\"https:\/\/www.festivalvedy.sk\/wp2\/wp-content\/uploads\/2025\/06\/KRA_3935_edit.jpg\",\"datePublished\":\"2025-06-18T06:45:32+00:00\",\"breadcrumb\":{\"@id\":\"https:\/\/www.festivalvedy.sk\/wp2\/absolutny-vitaz-svetovej-sutaze-regeneron-isef-2025\/#breadcrumb\"},\"inLanguage\":\"sk-SK\",\"potentialAction\":[{\"@type\":\"ReadAction\",\"target\":[\"https:\/\/www.festivalvedy.sk\/wp2\/absolutny-vitaz-svetovej-sutaze-regeneron-isef-2025\/\"]}]},{\"@type\":\"ImageObject\",\"inLanguage\":\"sk-SK\",\"@id\":\"https:\/\/www.festivalvedy.sk\/wp2\/absolutny-vitaz-svetovej-sutaze-regeneron-isef-2025\/#primaryimage\",\"url\":\"https:\/\/www.festivalvedy.sk\/wp2\/wp-content\/uploads\/2025\/06\/KRA_3935_edit.jpg\",\"contentUrl\":\"https:\/\/www.festivalvedy.sk\/wp2\/wp-content\/uploads\/2025\/06\/KRA_3935_edit.jpg\",\"width\":1500,\"height\":1000,\"caption\":\"Congratulations to the winners of the 2025 Regeneron International Science and Fair!\"},{\"@type\":\"BreadcrumbList\",\"@id\":\"https:\/\/www.festivalvedy.sk\/wp2\/absolutny-vitaz-svetovej-sutaze-regeneron-isef-2025\/#breadcrumb\",\"itemListElement\":[{\"@type\":\"ListItem\",\"position\":1,\"name\":\"Home\",\"item\":\"https:\/\/www.festivalvedy.sk\/wp2\/\"},{\"@type\":\"ListItem\",\"position\":2,\"name\":\"Absol\u00fatny v\u00ed\u0165az svetovej s\u00fa\u0165a\u017ee Regeneron ISEF 2025\"}]},{\"@type\":\"WebSite\",\"@id\":\"https:\/\/www.festivalvedy.sk\/wp2\/#website\",\"url\":\"https:\/\/www.festivalvedy.sk\/wp2\/\",\"name\":\"Festival vedy a techniky AMAVET\",\"description\":\"AMAVET - Asoci\u00e1cia pre ml\u00e1de\u017e, vedu a techniku\",\"publisher\":{\"@id\":\"https:\/\/www.festivalvedy.sk\/wp2\/#organization\"},\"potentialAction\":[{\"@type\":\"SearchAction\",\"target\":{\"@type\":\"EntryPoint\",\"urlTemplate\":\"https:\/\/www.festivalvedy.sk\/wp2\/?s={search_term_string}\"},\"query-input\":{\"@type\":\"PropertyValueSpecification\",\"valueRequired\":true,\"valueName\":\"search_term_string\"}}],\"inLanguage\":\"sk-SK\"},{\"@type\":\"Organization\",\"@id\":\"https:\/\/www.festivalvedy.sk\/wp2\/#organization\",\"name\":\"Festival vedy a techniky AMAVET\",\"url\":\"https:\/\/www.festivalvedy.sk\/wp2\/\",\"logo\":{\"@type\":\"ImageObject\",\"inLanguage\":\"sk-SK\",\"@id\":\"https:\/\/www.festivalvedy.sk\/wp2\/#\/schema\/logo\/image\/\",\"url\":\"https:\/\/www.festivalvedy.sk\/wp2\/wp-content\/uploads\/2022\/02\/cropped-fvat-ochranna-zona.png\",\"contentUrl\":\"https:\/\/www.festivalvedy.sk\/wp2\/wp-content\/uploads\/2022\/02\/cropped-fvat-ochranna-zona.png\",\"width\":1190,\"height\":357,\"caption\":\"Festival vedy a techniky AMAVET\"},\"image\":{\"@id\":\"https:\/\/www.festivalvedy.sk\/wp2\/#\/schema\/logo\/image\/\"}},{\"@type\":\"Person\",\"@id\":\"https:\/\/www.festivalvedy.sk\/wp2\/#\/schema\/person\/7875f2822eb6744f8a6b8da979bb4d70\",\"name\":\"cichova@amavet.sk\",\"image\":{\"@type\":\"ImageObject\",\"inLanguage\":\"sk-SK\",\"@id\":\"https:\/\/secure.gravatar.com\/avatar\/6227f01bf3909de753b0c67135a8bcd4eb2f9674d0dc3890077f42d17beffba8?s=96&d=mm&r=g\",\"url\":\"https:\/\/secure.gravatar.com\/avatar\/6227f01bf3909de753b0c67135a8bcd4eb2f9674d0dc3890077f42d17beffba8?s=96&d=mm&r=g\",\"contentUrl\":\"https:\/\/secure.gravatar.com\/avatar\/6227f01bf3909de753b0c67135a8bcd4eb2f9674d0dc3890077f42d17beffba8?s=96&d=mm&r=g\",\"caption\":\"cichova@amavet.sk\"},\"url\":\"https:\/\/www.festivalvedy.sk\/wp2\/author\/cichovaamavet-sk\/\"}]}<\/script>\n<!-- \/ Yoast SEO plugin. -->","yoast_head_json":{"title":"Absol\u00fatny v\u00ed\u0165az svetovej s\u00fa\u0165a\u017ee Regeneron ISEF 2025 - Festival vedy a techniky AMAVET","robots":{"index":"index","follow":"follow","max-snippet":"max-snippet:-1","max-image-preview":"max-image-preview:large","max-video-preview":"max-video-preview:-1"},"canonical":"https:\/\/www.festivalvedy.sk\/wp2\/absolutny-vitaz-svetovej-sutaze-regeneron-isef-2025\/","og_locale":"sk_SK","og_type":"article","og_title":"Absol\u00fatny v\u00ed\u0165az svetovej s\u00fa\u0165a\u017ee Regeneron ISEF 2025 - Festival vedy a techniky AMAVET","og_description":"Historick\u00fd \u00faspech slovensk\u00fdch mlad\u00fdch vedcov na najprest\u00ed\u017enej\u0161ej vedeckej s\u00fa\u0165a\u017ei stredo\u0161kol\u00e1kov Dev\u00e4tn\u00e1s\u0165ro\u010dn\u00fd Adam Koval\u010d\u00edk z Duloviec sa zap\u00edsal zlat\u00fdmi p\u00edsmenami do hist\u00f3rie slovenskej vedy! Na 75. ro\u010dn\u00edku najprest\u00ed\u017enej\u0161ej medzin\u00e1rodnej vedeckej s\u00fa\u0165a\u017ee stredo\u0161kol\u00e1kov Regeneron ISEF 2025 v Columbuse (Ohio, USA) z\u00edskal hlavn\u00fa cenu George D. Yancopoulos Innovator Award s finan\u010dnou odmenou 100 000 dol\u00e1rov. Mlad\u00fd slovensk\u00fd vedec [&hellip;]","og_url":"https:\/\/www.festivalvedy.sk\/wp2\/absolutny-vitaz-svetovej-sutaze-regeneron-isef-2025\/","og_site_name":"Festival vedy a techniky AMAVET","article_published_time":"2025-06-18T06:45:32+00:00","og_image":[{"width":1500,"height":1000,"url":"https:\/\/www.festivalvedy.sk\/wp2\/wp-content\/uploads\/2025\/06\/KRA_3935_edit.jpg","type":"image\/jpeg"}],"author":"cichova@amavet.sk","twitter_card":"summary_large_image","twitter_misc":{"Autor":"cichova@amavet.sk"},"schema":{"@context":"https:\/\/schema.org","@graph":[{"@type":"Article","@id":"https:\/\/www.festivalvedy.sk\/wp2\/absolutny-vitaz-svetovej-sutaze-regeneron-isef-2025\/#article","isPartOf":{"@id":"https:\/\/www.festivalvedy.sk\/wp2\/absolutny-vitaz-svetovej-sutaze-regeneron-isef-2025\/"},"author":{"name":"cichova@amavet.sk","@id":"https:\/\/www.festivalvedy.sk\/wp2\/#\/schema\/person\/7875f2822eb6744f8a6b8da979bb4d70"},"headline":"Absol\u00fatny v\u00ed\u0165az svetovej s\u00fa\u0165a\u017ee Regeneron ISEF 2025","datePublished":"2025-06-18T06:45:32+00:00","mainEntityOfPage":{"@id":"https:\/\/www.festivalvedy.sk\/wp2\/absolutny-vitaz-svetovej-sutaze-regeneron-isef-2025\/"},"wordCount":606,"publisher":{"@id":"https:\/\/www.festivalvedy.sk\/wp2\/#organization"},"image":{"@id":"https:\/\/www.festivalvedy.sk\/wp2\/absolutny-vitaz-svetovej-sutaze-regeneron-isef-2025\/#primaryimage"},"thumbnailUrl":"https:\/\/www.festivalvedy.sk\/wp2\/wp-content\/uploads\/2025\/06\/KRA_3935_edit.jpg","articleSection":{"1":"Novinky","2":"Reprezentovali n\u00e1s","3":"S\u00fa\u0165a\u017ee v zahrani\u010d\u00ed"},"inLanguage":"sk-SK"},{"@type":"WebPage","@id":"https:\/\/www.festivalvedy.sk\/wp2\/absolutny-vitaz-svetovej-sutaze-regeneron-isef-2025\/","url":"https:\/\/www.festivalvedy.sk\/wp2\/absolutny-vitaz-svetovej-sutaze-regeneron-isef-2025\/","name":"Absol\u00fatny v\u00ed\u0165az svetovej s\u00fa\u0165a\u017ee Regeneron ISEF 2025 - Festival vedy a techniky AMAVET","isPartOf":{"@id":"https:\/\/www.festivalvedy.sk\/wp2\/#website"},"primaryImageOfPage":{"@id":"https:\/\/www.festivalvedy.sk\/wp2\/absolutny-vitaz-svetovej-sutaze-regeneron-isef-2025\/#primaryimage"},"image":{"@id":"https:\/\/www.festivalvedy.sk\/wp2\/absolutny-vitaz-svetovej-sutaze-regeneron-isef-2025\/#primaryimage"},"thumbnailUrl":"https:\/\/www.festivalvedy.sk\/wp2\/wp-content\/uploads\/2025\/06\/KRA_3935_edit.jpg","datePublished":"2025-06-18T06:45:32+00:00","breadcrumb":{"@id":"https:\/\/www.festivalvedy.sk\/wp2\/absolutny-vitaz-svetovej-sutaze-regeneron-isef-2025\/#breadcrumb"},"inLanguage":"sk-SK","potentialAction":[{"@type":"ReadAction","target":["https:\/\/www.festivalvedy.sk\/wp2\/absolutny-vitaz-svetovej-sutaze-regeneron-isef-2025\/"]}]},{"@type":"ImageObject","inLanguage":"sk-SK","@id":"https:\/\/www.festivalvedy.sk\/wp2\/absolutny-vitaz-svetovej-sutaze-regeneron-isef-2025\/#primaryimage","url":"https:\/\/www.festivalvedy.sk\/wp2\/wp-content\/uploads\/2025\/06\/KRA_3935_edit.jpg","contentUrl":"https:\/\/www.festivalvedy.sk\/wp2\/wp-content\/uploads\/2025\/06\/KRA_3935_edit.jpg","width":1500,"height":1000,"caption":"Congratulations to the winners of the 2025 Regeneron International Science and Fair!"},{"@type":"BreadcrumbList","@id":"https:\/\/www.festivalvedy.sk\/wp2\/absolutny-vitaz-svetovej-sutaze-regeneron-isef-2025\/#breadcrumb","itemListElement":[{"@type":"ListItem","position":1,"name":"Home","item":"https:\/\/www.festivalvedy.sk\/wp2\/"},{"@type":"ListItem","position":2,"name":"Absol\u00fatny v\u00ed\u0165az svetovej s\u00fa\u0165a\u017ee Regeneron ISEF 2025"}]},{"@type":"WebSite","@id":"https:\/\/www.festivalvedy.sk\/wp2\/#website","url":"https:\/\/www.festivalvedy.sk\/wp2\/","name":"Festival vedy a techniky AMAVET","description":"AMAVET - Asoci\u00e1cia pre ml\u00e1de\u017e, vedu a techniku","publisher":{"@id":"https:\/\/www.festivalvedy.sk\/wp2\/#organization"},"potentialAction":[{"@type":"SearchAction","target":{"@type":"EntryPoint","urlTemplate":"https:\/\/www.festivalvedy.sk\/wp2\/?s={search_term_string}"},"query-input":{"@type":"PropertyValueSpecification","valueRequired":true,"valueName":"search_term_string"}}],"inLanguage":"sk-SK"},{"@type":"Organization","@id":"https:\/\/www.festivalvedy.sk\/wp2\/#organization","name":"Festival vedy a techniky AMAVET","url":"https:\/\/www.festivalvedy.sk\/wp2\/","logo":{"@type":"ImageObject","inLanguage":"sk-SK","@id":"https:\/\/www.festivalvedy.sk\/wp2\/#\/schema\/logo\/image\/","url":"https:\/\/www.festivalvedy.sk\/wp2\/wp-content\/uploads\/2022\/02\/cropped-fvat-ochranna-zona.png","contentUrl":"https:\/\/www.festivalvedy.sk\/wp2\/wp-content\/uploads\/2022\/02\/cropped-fvat-ochranna-zona.png","width":1190,"height":357,"caption":"Festival vedy a techniky AMAVET"},"image":{"@id":"https:\/\/www.festivalvedy.sk\/wp2\/#\/schema\/logo\/image\/"}},{"@type":"Person","@id":"https:\/\/www.festivalvedy.sk\/wp2\/#\/schema\/person\/7875f2822eb6744f8a6b8da979bb4d70","name":"cichova@amavet.sk","image":{"@type":"ImageObject","inLanguage":"sk-SK","@id":"https:\/\/secure.gravatar.com\/avatar\/6227f01bf3909de753b0c67135a8bcd4eb2f9674d0dc3890077f42d17beffba8?s=96&d=mm&r=g","url":"https:\/\/secure.gravatar.com\/avatar\/6227f01bf3909de753b0c67135a8bcd4eb2f9674d0dc3890077f42d17beffba8?s=96&d=mm&r=g","contentUrl":"https:\/\/secure.gravatar.com\/avatar\/6227f01bf3909de753b0c67135a8bcd4eb2f9674d0dc3890077f42d17beffba8?s=96&d=mm&r=g","caption":"cichova@amavet.sk"},"url":"https:\/\/www.festivalvedy.sk\/wp2\/author\/cichovaamavet-sk\/"}]}},"_links":{"self":[{"href":"https:\/\/www.festivalvedy.sk\/wp2\/wp-json\/wp\/v2\/posts\/5063","targetHints":{"allow":["GET"]}}],"collection":[{"href":"https:\/\/www.festivalvedy.sk\/wp2\/wp-json\/wp\/v2\/posts"}],"about":[{"href":"https:\/\/www.festivalvedy.sk\/wp2\/wp-json\/wp\/v2\/types\/post"}],"author":[{"embeddable":true,"href":"https:\/\/www.festivalvedy.sk\/wp2\/wp-json\/wp\/v2\/users\/3"}],"replies":[{"embeddable":true,"href":"https:\/\/www.festivalvedy.sk\/wp2\/wp-json\/wp\/v2\/comments?post=5063"}],"version-history":[{"count":1,"href":"https:\/\/www.festivalvedy.sk\/wp2\/wp-json\/wp\/v2\/posts\/5063\/revisions"}],"predecessor-version":[{"id":5078,"href":"https:\/\/www.festivalvedy.sk\/wp2\/wp-json\/wp\/v2\/posts\/5063\/revisions\/5078"}],"wp:featuredmedia":[{"embeddable":true,"href":"https:\/\/www.festivalvedy.sk\/wp2\/wp-json\/wp\/v2\/media\/5077"}],"wp:attachment":[{"href":"https:\/\/www.festivalvedy.sk\/wp2\/wp-json\/wp\/v2\/media?parent=5063"}],"wp:term":[{"taxonomy":"category","embeddable":true,"href":"https:\/\/www.festivalvedy.sk\/wp2\/wp-json\/wp\/v2\/categories?post=5063"},{"taxonomy":"post_tag","embeddable":true,"href":"https:\/\/www.festivalvedy.sk\/wp2\/wp-json\/wp\/v2\/tags?post=5063"}],"curies":[{"name":"wp","href":"https:\/\/api.w.org\/{rel}","templated":true}]}}