{"id":5079,"date":"2025-06-18T09:12:37","date_gmt":"2025-06-18T07:12:37","guid":{"rendered":"https:\/\/www.festivalvedy.sk\/wp2\/?p=5079"},"modified":"2025-06-18T13:01:20","modified_gmt":"2025-06-18T11:01:20","slug":"mladi-slovenski-vedci-pri-niagarskych-vodopadoch-uspesna-reprezentacia-na-genius-olympiad-vdaka-slovenskym-elektrarnam","status":"publish","type":"post","link":"https:\/\/www.festivalvedy.sk\/wp2\/mladi-slovenski-vedci-pri-niagarskych-vodopadoch-uspesna-reprezentacia-na-genius-olympiad-vdaka-slovenskym-elektrarnam\/","title":{"rendered":"Mlad\u00ed slovensk\u00ed vedci pri Niagarsk\u00fdch vodop\u00e1doch: \u00daspe\u0161n\u00e1 reprezent\u00e1cia na Genius Olympiad v\u010faka Slovensk\u00fdm elektr\u00e1r\u0148am"},"content":{"rendered":"<section class=\"kc-elm kc-css-739951 kc_row\"><div class=\"kc-row-container  kc-container\"><div class=\"kc-wrap-columns\"><div class=\"kc-elm kc-css-911239 kc_col-sm-12 kc_column kc_col-sm-12\"><div class=\"kc-col-container\"><div class=\"kc-elm kc-css-814545 kc_text_block\"><\/p>\n<p class=\"pb-2\">Festival vedy a techniky AMAVET op\u00e4\u0165 dok\u00e1zal, \u017ee slovensk\u00e9 vedeck\u00e9 talenty patria do svetovej \u0161pi\u010dky. Na\u0161a reprezentantka Alexandra Drgo\u0148ov\u00e1 z Gymn\u00e1zia Janka Kr\u00e1\u013ea v Zlat\u00fdch Moravciach sa z\u00fa\u010dastnila prest\u00ed\u017enej medzin\u00e1rodnej s\u00fa\u0165a\u017ee Genius Olympiad 2024 v USA, a to v\u010faka podpore <a href=\"https:\/\/www.seas.sk\/\">Slovensk\u00fdch elektr\u00e1rn\u00ed<\/a>.<\/p>\n<p class=\"pb-2\"><img loading=\"lazy\" decoding=\"async\" class=\"alignnone \" src=\"https:\/\/www.festivalvedy.sk\/wp2\/wp-content\/uploads\/2025\/06\/SE-WEB.png\" alt=\"\" width=\"190\" height=\"120\"><\/p>\n<\/p>\n<h2 class=\"py-4 text-bodybold14\">Festival vedy a techniky AMAVET otv\u00e1ra slovensk\u00fdm \u0161tudentom dvere do sveta<\/h2>\n<p class=\"pb-2\">Alexandra, ako v\u00ed\u0165azka n\u00e1rodn\u00e9ho kola Festivalu vedy a techniky AMAVET, dostala pr\u00edle\u017eitos\u0165 prezentova\u0165 svoj v\u00fdnimo\u010dn\u00fd vedeck\u00fd projekt na medzin\u00e1rodnej platforme. Jej v\u00fdskum s n\u00e1zvom &#8222;Anal\u00fdza r\u00e1dioizotopov vo vzork\u00e1ch vody z okolia jadrovej elektr\u00e1rne&#8220; sa zameral na meranie pr\u00edtomnosti r\u00e1dioizotopov vo vzork\u00e1ch vody z pitn\u00fdch zdrojov v ochrannej z\u00f3ne jadrovej elektr\u00e1rne Mochovce. S\u00fa\u010das\u0165ou jej komplexnej pr\u00e1ce bolo aj sledovanie \u010dasov\u00e9ho v\u00fdvoja pH vody a prieskum o verejnom povedom\u00ed v oblasti jadrovej energetiky.<\/p>\n<p class=\"pb-2\">Genius Olympiad, ktor\u00e1 sa konala na Technologickom in\u0161tit\u00fate v Rochestri (RIT), tento rok priv\u00edtala v kateg\u00f3rii Veda a\u017e 498 projektov zo 69 kraj\u00edn sveta. T\u00e1to impozantn\u00e1 medzin\u00e1rodn\u00e1 s\u00fa\u0165a\u017e, organizovan\u00e1 spolo\u010dnos\u0165ou Terra Science and Education pod veden\u00edm Dr. Fehmiho Damkaciho, predstavuje jednu z najv\u00fdznamnej\u0161\u00edch platforiem pre mlad\u00fdch vedcov glob\u00e1lneho rozmeru.<\/p>\n<h2 class=\"py-4 text-bodybold14\">AMAVET podporuje mlad\u00e9 vedeck\u00e9 talenty na medzin\u00e1rodnej sc\u00e9ne<\/h2>\n<p class=\"pb-2\">Slovensk\u00fa deleg\u00e1ciu viedol Dr. Michal Zaja\u010dek, astrofyzik z Pr\u00edrodovedeckej fakulty Masarykovej univerzity a dlhoro\u010dn\u00fd spolupracovn\u00edk Asoci\u00e1cie pre ml\u00e1de\u017e, vedu a techniku AMAVET. Po\u010das t\u00fd\u017ed\u0148ov\u00e9ho programu Alexandra z\u00edskala neocenite\u013en\u00e9 sk\u00fasenosti, ktor\u00e9 v\u00fdrazne obohatili jej vedeck\u00fd rozh\u013ead a in\u0161pirovali ju k \u010fal\u0161iemu b\u00e1daniu.<\/p>\n<p class=\"pb-2\">Program olympi\u00e1dy bol nabit\u00fd vedeck\u00fdmi aj kult\u00farnymi aktivitami. Alexandra \u00faspe\u0161ne prezentovala svoj projekt medzin\u00e1rodnej odbornej komisii, z\u00fa\u010dastnila sa odborn\u00fdch predn\u00e1\u0161ok a nadviazala kontakty s mlad\u00fdmi vedcami z cel\u00e9ho sveta. Mimoriadny \u00faspech zo\u017eala aj jej ve\u010dern\u00e1 tane\u010dn\u00e1 choreografia, v ktorej origin\u00e1lne sk\u013abila slovensk\u00e9 \u013eudov\u00e9 prvky s modernou hudbou, \u010d\u00edm v\u00fdnimo\u010dne reprezentovala na\u0161u kult\u00faru.<\/p>\n<h2 class=\"py-4 text-bodybold14\">Festival vedy a techniky AMAVET: odrazov\u00fd most\u00edk k svetov\u00fdm vedeck\u00fdm podujatiam<\/h2>\n<p class=\"pb-2\">Jedn\u00fdm z vrcholov programu bola n\u00e1v\u0161teva svetozn\u00e1mych Niagarsk\u00fdch vodop\u00e1dov, kde slovensk\u00e1 deleg\u00e1cia za\u017eila plavbu na legend\u00e1rnej lodi Maid of the Mist a objavila Cave of the Winds &#8211; unik\u00e1tny syst\u00e9m chodn\u00edkov priamo pod vodop\u00e1dmi. Pri soche Nikolu Teslu si na\u0161i reprezentanti pripomenuli historick\u00fd v\u00fdznam tohto miesta pre v\u00fdvoj elektrotechniky &#8211; pr\u00e1ve tu Tesla a Westinghouse vyvinuli prv\u00e9 gener\u00e1tory na striedav\u00fd pr\u00fad, \u010do revolu\u010dne zmenilo distrib\u00faciu elektrickej energie po celom svete.<\/p>\n<p class=\"pb-2\">Po\u010das z\u00e1vere\u010dn\u00fdch dn\u00ed stihla Alexandra s Dr. Zaja\u010dkom nav\u0161t\u00edvi\u0165 dom zakladate\u013ea firmy KODAK a obdivova\u0165 centrum Rochestru s impozantn\u00fdm vodop\u00e1dom High Falls. Pri n\u00e1vrate do Eur\u00f3py si z kr\u00e1tkeho pobytu vo Washingtone DC odniesli aj siln\u00e9 dojmy z hlavn\u00e9ho mesta USA.<\/p>\n<h2 class=\"py-4 text-bodybold14\">AMAVET a Slovensk\u00e9 elektr\u00e1rne: partnerstvo pre bud\u00facnos\u0165 mlad\u00fdch vedcov<\/h2>\n<p class=\"pb-2\">Genius Olympiad predstavuje unik\u00e1tnu platformu, kde rast\u00fa bud\u00faci l\u00eddri schopn\u00ed rie\u0161i\u0165 glob\u00e1lne environment\u00e1lne a energetick\u00e9 v\u00fdzvy. Pr\u00e1ve tak\u00e9to medzin\u00e1rodn\u00e9 sk\u00fasenosti formuj\u00fa nov\u00fa gener\u00e1ciu slovensk\u00fdch vedcov a inov\u00e1torov, ktor\u00ed bud\u00fa v bud\u00facnosti rie\u0161i\u0165 najn\u00e1ro\u010dnej\u0161ie glob\u00e1lne probl\u00e9my.<\/p>\n<p class=\"pb-2\">Slovensk\u00e1 deleg\u00e1cia vyjadruje svoju hlbok\u00fa v\u010fa\u010dnos\u0165 Slovensk\u00fdm elektr\u00e1r\u0148am za ich sponzorstvo, v\u010faka ktor\u00e9mu sa Alexandra mohla z\u00fa\u010dastni\u0165 tejto prest\u00ed\u017enej medzin\u00e1rodnej s\u00fa\u0165a\u017ee. Symbolick\u00e1 je najm\u00e4 s\u00favislos\u0165 medzi zameran\u00edm Alexandrinho projektu a \u010dinnos\u0165ou Slovensk\u00fdch elektr\u00e1rn\u00ed, \u010do pod\u010diarkuje v\u00fdznam tak\u00fdchto partnerstiev pri podpore mlad\u00fdch vedeck\u00fdch talentov.<\/p>\n<p class=\"pb-2\">Ve\u013ek\u00e9 po\u010fakovanie patr\u00ed tie\u017e Cene Christiane a Vlada Taba\u010dik, ktor\u00ed svojou podporou rovnako prispeli k tomu, aby mlad\u00ed slovensk\u00ed vedci mohli reprezentova\u0165 na\u0161u krajinu na svetovej \u00farovni a prin\u00e1\u0161a\u0165 domov cenn\u00e9 sk\u00fasenosti a in\u0161pir\u00e1cie pre bud\u00facnos\u0165.<\/p>\n<p class=\"pb-2\">V\u010faka tak\u00fdmto partnerstv\u00e1m m\u00f4\u017ee Festival vedy a techniky AMAVET na\u010falej objavova\u0165 a rozv\u00edja\u0165 vedeck\u00e9 talenty slovensk\u00fdch \u0161tudentov, ktor\u00ed n\u00e1s bud\u00fa reprezentova\u0165 na najv\u00fdznamnej\u0161\u00edch medzin\u00e1rodn\u00fdch podujatiach a prin\u00e1\u0161a\u0165 inovat\u00edvne rie\u0161enia pre lep\u0161iu bud\u00facnos\u0165.<\/p>\n<p class=\"pb-2\">\n<\/div><div class=\"kc-image-gallery kc-elm kc-css-410608\">\n<div class=\"kc_image_gallery kc-carousel-image kc-grid \">\n<div class=\"item-grid grid-4\"><img decoding=\"async\" src=\"https:\/\/www.festivalvedy.sk\/wp2\/wp-content\/uploads\/2025\/06\/WhatsApp-Image-2025-06-11-at-00.28.59.jpg\" alt=\"\"\/><\/div><div class=\"item-grid grid-4\"><img decoding=\"async\" src=\"https:\/\/www.festivalvedy.sk\/wp2\/wp-content\/uploads\/2025\/06\/IMG-20250615-WA0001.jpg\" alt=\"\"\/><\/div><div class=\"item-grid grid-4\"><img decoding=\"async\" src=\"https:\/\/www.festivalvedy.sk\/wp2\/wp-content\/uploads\/2025\/06\/IMG-20250612-WA0029.jpg\" alt=\"\"\/><\/div><div class=\"item-grid grid-4\"><img decoding=\"async\" src=\"https:\/\/www.festivalvedy.sk\/wp2\/wp-content\/uploads\/2025\/06\/IMG-20250612-WA0024.jpg\" alt=\"\"\/><\/div><div class=\"item-grid grid-4\"><img decoding=\"async\" src=\"https:\/\/www.festivalvedy.sk\/wp2\/wp-content\/uploads\/2025\/06\/IMG-20250611-WA0008.jpg\" alt=\"\"\/><\/div><div class=\"item-grid grid-4\"><img decoding=\"async\" src=\"https:\/\/www.festivalvedy.sk\/wp2\/wp-content\/uploads\/2025\/06\/1000021512.jpg\" alt=\"\"\/><\/div><div class=\"item-grid grid-4\"><img decoding=\"async\" src=\"https:\/\/www.festivalvedy.sk\/wp2\/wp-content\/uploads\/2025\/06\/20250613_173446.jpg\" alt=\"\"\/><\/div><div class=\"item-grid grid-4\"><img decoding=\"async\" src=\"https:\/\/www.festivalvedy.sk\/wp2\/wp-content\/uploads\/2025\/06\/20250610_175058.jpg\" alt=\"\"\/><\/div><div class=\"item-grid grid-4\"><img decoding=\"async\" src=\"https:\/\/www.festivalvedy.sk\/wp2\/wp-content\/uploads\/2025\/06\/2025_genius_post1.png\" alt=\"\"\/><\/div><\/div>\n<\/div><\/div><\/div><\/div><\/div><\/section>\n","protected":false},"excerpt":{"rendered":"","protected":false},"author":3,"featured_media":5088,"comment_status":"closed","ping_status":"closed","sticky":false,"template":"","format":"standard","meta":{"om_disable_all_campaigns":false,"_monsterinsights_skip_tracking":false,"_monsterinsights_sitenote_active":false,"_monsterinsights_sitenote_note":"","_monsterinsights_sitenote_category":0,"_uf_show_specific_survey":0,"_uf_disable_surveys":false,"footnotes":""},"categories":[1,33,32,5],"tags":[],"class_list":["post-5079","post","type-post","status-publish","format-standard","has-post-thumbnail","hentry","category-nezaradene","category-novinky","category-vitazi-v-zahranici","category-sutaze-v-zahranici"],"yoast_head":"<!-- This site is optimized with the Yoast SEO plugin v27.2 - https:\/\/yoast.com\/product\/yoast-seo-wordpress\/ -->\n<title>Mlad\u00ed slovensk\u00ed vedci pri Niagarsk\u00fdch vodop\u00e1doch: \u00daspe\u0161n\u00e1 reprezent\u00e1cia na Genius Olympiad v\u010faka Slovensk\u00fdm elektr\u00e1r\u0148am - Festival vedy a techniky AMAVET<\/title>\n<meta name=\"robots\" content=\"index, follow, max-snippet:-1, max-image-preview:large, max-video-preview:-1\" \/>\n<link rel=\"canonical\" href=\"https:\/\/www.festivalvedy.sk\/wp2\/mladi-slovenski-vedci-pri-niagarskych-vodopadoch-uspesna-reprezentacia-na-genius-olympiad-vdaka-slovenskym-elektrarnam\/\" \/>\n<meta property=\"og:locale\" content=\"sk_SK\" \/>\n<meta property=\"og:type\" content=\"article\" \/>\n<meta property=\"og:title\" content=\"Mlad\u00ed slovensk\u00ed vedci pri Niagarsk\u00fdch vodop\u00e1doch: \u00daspe\u0161n\u00e1 reprezent\u00e1cia na Genius Olympiad v\u010faka Slovensk\u00fdm elektr\u00e1r\u0148am - Festival vedy a techniky AMAVET\" \/>\n<meta property=\"og:description\" content=\"Festival vedy a techniky AMAVET op\u00e4\u0165 dok\u00e1zal, \u017ee slovensk\u00e9 vedeck\u00e9 talenty patria do svetovej \u0161pi\u010dky. Na\u0161a reprezentantka Alexandra Drgo\u0148ov\u00e1 z Gymn\u00e1zia Janka Kr\u00e1\u013ea v Zlat\u00fdch Moravciach sa z\u00fa\u010dastnila prest\u00ed\u017enej medzin\u00e1rodnej s\u00fa\u0165a\u017ee Genius Olympiad 2024 v USA, a to v\u010faka podpore Slovensk\u00fdch elektr\u00e1rn\u00ed. Festival vedy a techniky AMAVET otv\u00e1ra slovensk\u00fdm \u0161tudentom dvere do sveta Alexandra, ako [&hellip;]\" \/>\n<meta property=\"og:url\" content=\"https:\/\/www.festivalvedy.sk\/wp2\/mladi-slovenski-vedci-pri-niagarskych-vodopadoch-uspesna-reprezentacia-na-genius-olympiad-vdaka-slovenskym-elektrarnam\/\" \/>\n<meta property=\"og:site_name\" content=\"Festival vedy a techniky AMAVET\" \/>\n<meta property=\"article:published_time\" content=\"2025-06-18T07:12:37+00:00\" \/>\n<meta property=\"article:modified_time\" content=\"2025-06-18T11:01:20+00:00\" \/>\n<meta property=\"og:image\" content=\"https:\/\/www.festivalvedy.sk\/wp2\/wp-content\/uploads\/2025\/06\/WhatsApp-Image-2025-06-11-at-00.28.59.jpg\" \/>\n\t<meta property=\"og:image:width\" content=\"1500\" \/>\n\t<meta property=\"og:image:height\" content=\"2000\" \/>\n\t<meta property=\"og:image:type\" content=\"image\/jpeg\" \/>\n<meta name=\"author\" content=\"cichova@amavet.sk\" \/>\n<meta name=\"twitter:card\" content=\"summary_large_image\" \/>\n<meta name=\"twitter:label1\" content=\"Autor\" \/>\n\t<meta name=\"twitter:data1\" content=\"cichova@amavet.sk\" \/>\n\t<meta name=\"twitter:label2\" content=\"Predpokladan\u00fd \u010das \u010d\u00edtania\" \/>\n\t<meta name=\"twitter:data2\" content=\"4 min\u00faty\" \/>\n<script type=\"application\/ld+json\" class=\"yoast-schema-graph\">{\"@context\":\"https:\/\/schema.org\",\"@graph\":[{\"@type\":\"Article\",\"@id\":\"https:\/\/www.festivalvedy.sk\/wp2\/mladi-slovenski-vedci-pri-niagarskych-vodopadoch-uspesna-reprezentacia-na-genius-olympiad-vdaka-slovenskym-elektrarnam\/#article\",\"isPartOf\":{\"@id\":\"https:\/\/www.festivalvedy.sk\/wp2\/mladi-slovenski-vedci-pri-niagarskych-vodopadoch-uspesna-reprezentacia-na-genius-olympiad-vdaka-slovenskym-elektrarnam\/\"},\"author\":{\"name\":\"cichova@amavet.sk\",\"@id\":\"https:\/\/www.festivalvedy.sk\/wp2\/#\/schema\/person\/7875f2822eb6744f8a6b8da979bb4d70\"},\"headline\":\"Mlad\u00ed slovensk\u00ed vedci pri Niagarsk\u00fdch vodop\u00e1doch: \u00daspe\u0161n\u00e1 reprezent\u00e1cia na Genius Olympiad v\u010faka Slovensk\u00fdm elektr\u00e1r\u0148am\",\"datePublished\":\"2025-06-18T07:12:37+00:00\",\"dateModified\":\"2025-06-18T11:01:20+00:00\",\"mainEntityOfPage\":{\"@id\":\"https:\/\/www.festivalvedy.sk\/wp2\/mladi-slovenski-vedci-pri-niagarskych-vodopadoch-uspesna-reprezentacia-na-genius-olympiad-vdaka-slovenskym-elektrarnam\/\"},\"wordCount\":778,\"publisher\":{\"@id\":\"https:\/\/www.festivalvedy.sk\/wp2\/#organization\"},\"image\":{\"@id\":\"https:\/\/www.festivalvedy.sk\/wp2\/mladi-slovenski-vedci-pri-niagarskych-vodopadoch-uspesna-reprezentacia-na-genius-olympiad-vdaka-slovenskym-elektrarnam\/#primaryimage\"},\"thumbnailUrl\":\"https:\/\/www.festivalvedy.sk\/wp2\/wp-content\/uploads\/2025\/06\/WhatsApp-Image-2025-06-11-at-00.28.59.jpg\",\"articleSection\":{\"1\":\"Novinky\",\"2\":\"Reprezentovali n\u00e1s\",\"3\":\"S\u00fa\u0165a\u017ee v zahrani\u010d\u00ed\"},\"inLanguage\":\"sk-SK\"},{\"@type\":\"WebPage\",\"@id\":\"https:\/\/www.festivalvedy.sk\/wp2\/mladi-slovenski-vedci-pri-niagarskych-vodopadoch-uspesna-reprezentacia-na-genius-olympiad-vdaka-slovenskym-elektrarnam\/\",\"url\":\"https:\/\/www.festivalvedy.sk\/wp2\/mladi-slovenski-vedci-pri-niagarskych-vodopadoch-uspesna-reprezentacia-na-genius-olympiad-vdaka-slovenskym-elektrarnam\/\",\"name\":\"Mlad\u00ed slovensk\u00ed vedci pri Niagarsk\u00fdch vodop\u00e1doch: \u00daspe\u0161n\u00e1 reprezent\u00e1cia na Genius Olympiad v\u010faka Slovensk\u00fdm elektr\u00e1r\u0148am - Festival vedy a techniky AMAVET\",\"isPartOf\":{\"@id\":\"https:\/\/www.festivalvedy.sk\/wp2\/#website\"},\"primaryImageOfPage\":{\"@id\":\"https:\/\/www.festivalvedy.sk\/wp2\/mladi-slovenski-vedci-pri-niagarskych-vodopadoch-uspesna-reprezentacia-na-genius-olympiad-vdaka-slovenskym-elektrarnam\/#primaryimage\"},\"image\":{\"@id\":\"https:\/\/www.festivalvedy.sk\/wp2\/mladi-slovenski-vedci-pri-niagarskych-vodopadoch-uspesna-reprezentacia-na-genius-olympiad-vdaka-slovenskym-elektrarnam\/#primaryimage\"},\"thumbnailUrl\":\"https:\/\/www.festivalvedy.sk\/wp2\/wp-content\/uploads\/2025\/06\/WhatsApp-Image-2025-06-11-at-00.28.59.jpg\",\"datePublished\":\"2025-06-18T07:12:37+00:00\",\"dateModified\":\"2025-06-18T11:01:20+00:00\",\"breadcrumb\":{\"@id\":\"https:\/\/www.festivalvedy.sk\/wp2\/mladi-slovenski-vedci-pri-niagarskych-vodopadoch-uspesna-reprezentacia-na-genius-olympiad-vdaka-slovenskym-elektrarnam\/#breadcrumb\"},\"inLanguage\":\"sk-SK\",\"potentialAction\":[{\"@type\":\"ReadAction\",\"target\":[\"https:\/\/www.festivalvedy.sk\/wp2\/mladi-slovenski-vedci-pri-niagarskych-vodopadoch-uspesna-reprezentacia-na-genius-olympiad-vdaka-slovenskym-elektrarnam\/\"]}]},{\"@type\":\"ImageObject\",\"inLanguage\":\"sk-SK\",\"@id\":\"https:\/\/www.festivalvedy.sk\/wp2\/mladi-slovenski-vedci-pri-niagarskych-vodopadoch-uspesna-reprezentacia-na-genius-olympiad-vdaka-slovenskym-elektrarnam\/#primaryimage\",\"url\":\"https:\/\/www.festivalvedy.sk\/wp2\/wp-content\/uploads\/2025\/06\/WhatsApp-Image-2025-06-11-at-00.28.59.jpg\",\"contentUrl\":\"https:\/\/www.festivalvedy.sk\/wp2\/wp-content\/uploads\/2025\/06\/WhatsApp-Image-2025-06-11-at-00.28.59.jpg\",\"width\":1500,\"height\":2000},{\"@type\":\"BreadcrumbList\",\"@id\":\"https:\/\/www.festivalvedy.sk\/wp2\/mladi-slovenski-vedci-pri-niagarskych-vodopadoch-uspesna-reprezentacia-na-genius-olympiad-vdaka-slovenskym-elektrarnam\/#breadcrumb\",\"itemListElement\":[{\"@type\":\"ListItem\",\"position\":1,\"name\":\"Home\",\"item\":\"https:\/\/www.festivalvedy.sk\/wp2\/\"},{\"@type\":\"ListItem\",\"position\":2,\"name\":\"Mlad\u00ed slovensk\u00ed vedci pri Niagarsk\u00fdch vodop\u00e1doch: \u00daspe\u0161n\u00e1 reprezent\u00e1cia na Genius Olympiad v\u010faka Slovensk\u00fdm elektr\u00e1r\u0148am\"}]},{\"@type\":\"WebSite\",\"@id\":\"https:\/\/www.festivalvedy.sk\/wp2\/#website\",\"url\":\"https:\/\/www.festivalvedy.sk\/wp2\/\",\"name\":\"Festival vedy a techniky AMAVET\",\"description\":\"AMAVET - Asoci\u00e1cia pre ml\u00e1de\u017e, vedu a techniku\",\"publisher\":{\"@id\":\"https:\/\/www.festivalvedy.sk\/wp2\/#organization\"},\"potentialAction\":[{\"@type\":\"SearchAction\",\"target\":{\"@type\":\"EntryPoint\",\"urlTemplate\":\"https:\/\/www.festivalvedy.sk\/wp2\/?s={search_term_string}\"},\"query-input\":{\"@type\":\"PropertyValueSpecification\",\"valueRequired\":true,\"valueName\":\"search_term_string\"}}],\"inLanguage\":\"sk-SK\"},{\"@type\":\"Organization\",\"@id\":\"https:\/\/www.festivalvedy.sk\/wp2\/#organization\",\"name\":\"Festival vedy a techniky AMAVET\",\"url\":\"https:\/\/www.festivalvedy.sk\/wp2\/\",\"logo\":{\"@type\":\"ImageObject\",\"inLanguage\":\"sk-SK\",\"@id\":\"https:\/\/www.festivalvedy.sk\/wp2\/#\/schema\/logo\/image\/\",\"url\":\"https:\/\/www.festivalvedy.sk\/wp2\/wp-content\/uploads\/2022\/02\/cropped-fvat-ochranna-zona.png\",\"contentUrl\":\"https:\/\/www.festivalvedy.sk\/wp2\/wp-content\/uploads\/2022\/02\/cropped-fvat-ochranna-zona.png\",\"width\":1190,\"height\":357,\"caption\":\"Festival vedy a techniky AMAVET\"},\"image\":{\"@id\":\"https:\/\/www.festivalvedy.sk\/wp2\/#\/schema\/logo\/image\/\"}},{\"@type\":\"Person\",\"@id\":\"https:\/\/www.festivalvedy.sk\/wp2\/#\/schema\/person\/7875f2822eb6744f8a6b8da979bb4d70\",\"name\":\"cichova@amavet.sk\",\"image\":{\"@type\":\"ImageObject\",\"inLanguage\":\"sk-SK\",\"@id\":\"https:\/\/secure.gravatar.com\/avatar\/6227f01bf3909de753b0c67135a8bcd4eb2f9674d0dc3890077f42d17beffba8?s=96&d=mm&r=g\",\"url\":\"https:\/\/secure.gravatar.com\/avatar\/6227f01bf3909de753b0c67135a8bcd4eb2f9674d0dc3890077f42d17beffba8?s=96&d=mm&r=g\",\"contentUrl\":\"https:\/\/secure.gravatar.com\/avatar\/6227f01bf3909de753b0c67135a8bcd4eb2f9674d0dc3890077f42d17beffba8?s=96&d=mm&r=g\",\"caption\":\"cichova@amavet.sk\"},\"url\":\"https:\/\/www.festivalvedy.sk\/wp2\/author\/cichovaamavet-sk\/\"}]}<\/script>\n<!-- \/ Yoast SEO plugin. -->","yoast_head_json":{"title":"Mlad\u00ed slovensk\u00ed vedci pri Niagarsk\u00fdch vodop\u00e1doch: \u00daspe\u0161n\u00e1 reprezent\u00e1cia na Genius Olympiad v\u010faka Slovensk\u00fdm elektr\u00e1r\u0148am - Festival vedy a techniky AMAVET","robots":{"index":"index","follow":"follow","max-snippet":"max-snippet:-1","max-image-preview":"max-image-preview:large","max-video-preview":"max-video-preview:-1"},"canonical":"https:\/\/www.festivalvedy.sk\/wp2\/mladi-slovenski-vedci-pri-niagarskych-vodopadoch-uspesna-reprezentacia-na-genius-olympiad-vdaka-slovenskym-elektrarnam\/","og_locale":"sk_SK","og_type":"article","og_title":"Mlad\u00ed slovensk\u00ed vedci pri Niagarsk\u00fdch vodop\u00e1doch: \u00daspe\u0161n\u00e1 reprezent\u00e1cia na Genius Olympiad v\u010faka Slovensk\u00fdm elektr\u00e1r\u0148am - Festival vedy a techniky AMAVET","og_description":"Festival vedy a techniky AMAVET op\u00e4\u0165 dok\u00e1zal, \u017ee slovensk\u00e9 vedeck\u00e9 talenty patria do svetovej \u0161pi\u010dky. Na\u0161a reprezentantka Alexandra Drgo\u0148ov\u00e1 z Gymn\u00e1zia Janka Kr\u00e1\u013ea v Zlat\u00fdch Moravciach sa z\u00fa\u010dastnila prest\u00ed\u017enej medzin\u00e1rodnej s\u00fa\u0165a\u017ee Genius Olympiad 2024 v USA, a to v\u010faka podpore Slovensk\u00fdch elektr\u00e1rn\u00ed. Festival vedy a techniky AMAVET otv\u00e1ra slovensk\u00fdm \u0161tudentom dvere do sveta Alexandra, ako [&hellip;]","og_url":"https:\/\/www.festivalvedy.sk\/wp2\/mladi-slovenski-vedci-pri-niagarskych-vodopadoch-uspesna-reprezentacia-na-genius-olympiad-vdaka-slovenskym-elektrarnam\/","og_site_name":"Festival vedy a techniky AMAVET","article_published_time":"2025-06-18T07:12:37+00:00","article_modified_time":"2025-06-18T11:01:20+00:00","og_image":[{"width":1500,"height":2000,"url":"https:\/\/www.festivalvedy.sk\/wp2\/wp-content\/uploads\/2025\/06\/WhatsApp-Image-2025-06-11-at-00.28.59.jpg","type":"image\/jpeg"}],"author":"cichova@amavet.sk","twitter_card":"summary_large_image","twitter_misc":{"Autor":"cichova@amavet.sk","Predpokladan\u00fd \u010das \u010d\u00edtania":"4 min\u00faty"},"schema":{"@context":"https:\/\/schema.org","@graph":[{"@type":"Article","@id":"https:\/\/www.festivalvedy.sk\/wp2\/mladi-slovenski-vedci-pri-niagarskych-vodopadoch-uspesna-reprezentacia-na-genius-olympiad-vdaka-slovenskym-elektrarnam\/#article","isPartOf":{"@id":"https:\/\/www.festivalvedy.sk\/wp2\/mladi-slovenski-vedci-pri-niagarskych-vodopadoch-uspesna-reprezentacia-na-genius-olympiad-vdaka-slovenskym-elektrarnam\/"},"author":{"name":"cichova@amavet.sk","@id":"https:\/\/www.festivalvedy.sk\/wp2\/#\/schema\/person\/7875f2822eb6744f8a6b8da979bb4d70"},"headline":"Mlad\u00ed slovensk\u00ed vedci pri Niagarsk\u00fdch vodop\u00e1doch: \u00daspe\u0161n\u00e1 reprezent\u00e1cia na Genius Olympiad v\u010faka Slovensk\u00fdm elektr\u00e1r\u0148am","datePublished":"2025-06-18T07:12:37+00:00","dateModified":"2025-06-18T11:01:20+00:00","mainEntityOfPage":{"@id":"https:\/\/www.festivalvedy.sk\/wp2\/mladi-slovenski-vedci-pri-niagarskych-vodopadoch-uspesna-reprezentacia-na-genius-olympiad-vdaka-slovenskym-elektrarnam\/"},"wordCount":778,"publisher":{"@id":"https:\/\/www.festivalvedy.sk\/wp2\/#organization"},"image":{"@id":"https:\/\/www.festivalvedy.sk\/wp2\/mladi-slovenski-vedci-pri-niagarskych-vodopadoch-uspesna-reprezentacia-na-genius-olympiad-vdaka-slovenskym-elektrarnam\/#primaryimage"},"thumbnailUrl":"https:\/\/www.festivalvedy.sk\/wp2\/wp-content\/uploads\/2025\/06\/WhatsApp-Image-2025-06-11-at-00.28.59.jpg","articleSection":{"1":"Novinky","2":"Reprezentovali n\u00e1s","3":"S\u00fa\u0165a\u017ee v zahrani\u010d\u00ed"},"inLanguage":"sk-SK"},{"@type":"WebPage","@id":"https:\/\/www.festivalvedy.sk\/wp2\/mladi-slovenski-vedci-pri-niagarskych-vodopadoch-uspesna-reprezentacia-na-genius-olympiad-vdaka-slovenskym-elektrarnam\/","url":"https:\/\/www.festivalvedy.sk\/wp2\/mladi-slovenski-vedci-pri-niagarskych-vodopadoch-uspesna-reprezentacia-na-genius-olympiad-vdaka-slovenskym-elektrarnam\/","name":"Mlad\u00ed slovensk\u00ed vedci pri Niagarsk\u00fdch vodop\u00e1doch: \u00daspe\u0161n\u00e1 reprezent\u00e1cia na Genius Olympiad v\u010faka Slovensk\u00fdm elektr\u00e1r\u0148am - Festival vedy a techniky AMAVET","isPartOf":{"@id":"https:\/\/www.festivalvedy.sk\/wp2\/#website"},"primaryImageOfPage":{"@id":"https:\/\/www.festivalvedy.sk\/wp2\/mladi-slovenski-vedci-pri-niagarskych-vodopadoch-uspesna-reprezentacia-na-genius-olympiad-vdaka-slovenskym-elektrarnam\/#primaryimage"},"image":{"@id":"https:\/\/www.festivalvedy.sk\/wp2\/mladi-slovenski-vedci-pri-niagarskych-vodopadoch-uspesna-reprezentacia-na-genius-olympiad-vdaka-slovenskym-elektrarnam\/#primaryimage"},"thumbnailUrl":"https:\/\/www.festivalvedy.sk\/wp2\/wp-content\/uploads\/2025\/06\/WhatsApp-Image-2025-06-11-at-00.28.59.jpg","datePublished":"2025-06-18T07:12:37+00:00","dateModified":"2025-06-18T11:01:20+00:00","breadcrumb":{"@id":"https:\/\/www.festivalvedy.sk\/wp2\/mladi-slovenski-vedci-pri-niagarskych-vodopadoch-uspesna-reprezentacia-na-genius-olympiad-vdaka-slovenskym-elektrarnam\/#breadcrumb"},"inLanguage":"sk-SK","potentialAction":[{"@type":"ReadAction","target":["https:\/\/www.festivalvedy.sk\/wp2\/mladi-slovenski-vedci-pri-niagarskych-vodopadoch-uspesna-reprezentacia-na-genius-olympiad-vdaka-slovenskym-elektrarnam\/"]}]},{"@type":"ImageObject","inLanguage":"sk-SK","@id":"https:\/\/www.festivalvedy.sk\/wp2\/mladi-slovenski-vedci-pri-niagarskych-vodopadoch-uspesna-reprezentacia-na-genius-olympiad-vdaka-slovenskym-elektrarnam\/#primaryimage","url":"https:\/\/www.festivalvedy.sk\/wp2\/wp-content\/uploads\/2025\/06\/WhatsApp-Image-2025-06-11-at-00.28.59.jpg","contentUrl":"https:\/\/www.festivalvedy.sk\/wp2\/wp-content\/uploads\/2025\/06\/WhatsApp-Image-2025-06-11-at-00.28.59.jpg","width":1500,"height":2000},{"@type":"BreadcrumbList","@id":"https:\/\/www.festivalvedy.sk\/wp2\/mladi-slovenski-vedci-pri-niagarskych-vodopadoch-uspesna-reprezentacia-na-genius-olympiad-vdaka-slovenskym-elektrarnam\/#breadcrumb","itemListElement":[{"@type":"ListItem","position":1,"name":"Home","item":"https:\/\/www.festivalvedy.sk\/wp2\/"},{"@type":"ListItem","position":2,"name":"Mlad\u00ed slovensk\u00ed vedci pri Niagarsk\u00fdch vodop\u00e1doch: \u00daspe\u0161n\u00e1 reprezent\u00e1cia na Genius Olympiad v\u010faka Slovensk\u00fdm elektr\u00e1r\u0148am"}]},{"@type":"WebSite","@id":"https:\/\/www.festivalvedy.sk\/wp2\/#website","url":"https:\/\/www.festivalvedy.sk\/wp2\/","name":"Festival vedy a techniky AMAVET","description":"AMAVET - Asoci\u00e1cia pre ml\u00e1de\u017e, vedu a techniku","publisher":{"@id":"https:\/\/www.festivalvedy.sk\/wp2\/#organization"},"potentialAction":[{"@type":"SearchAction","target":{"@type":"EntryPoint","urlTemplate":"https:\/\/www.festivalvedy.sk\/wp2\/?s={search_term_string}"},"query-input":{"@type":"PropertyValueSpecification","valueRequired":true,"valueName":"search_term_string"}}],"inLanguage":"sk-SK"},{"@type":"Organization","@id":"https:\/\/www.festivalvedy.sk\/wp2\/#organization","name":"Festival vedy a techniky AMAVET","url":"https:\/\/www.festivalvedy.sk\/wp2\/","logo":{"@type":"ImageObject","inLanguage":"sk-SK","@id":"https:\/\/www.festivalvedy.sk\/wp2\/#\/schema\/logo\/image\/","url":"https:\/\/www.festivalvedy.sk\/wp2\/wp-content\/uploads\/2022\/02\/cropped-fvat-ochranna-zona.png","contentUrl":"https:\/\/www.festivalvedy.sk\/wp2\/wp-content\/uploads\/2022\/02\/cropped-fvat-ochranna-zona.png","width":1190,"height":357,"caption":"Festival vedy a techniky AMAVET"},"image":{"@id":"https:\/\/www.festivalvedy.sk\/wp2\/#\/schema\/logo\/image\/"}},{"@type":"Person","@id":"https:\/\/www.festivalvedy.sk\/wp2\/#\/schema\/person\/7875f2822eb6744f8a6b8da979bb4d70","name":"cichova@amavet.sk","image":{"@type":"ImageObject","inLanguage":"sk-SK","@id":"https:\/\/secure.gravatar.com\/avatar\/6227f01bf3909de753b0c67135a8bcd4eb2f9674d0dc3890077f42d17beffba8?s=96&d=mm&r=g","url":"https:\/\/secure.gravatar.com\/avatar\/6227f01bf3909de753b0c67135a8bcd4eb2f9674d0dc3890077f42d17beffba8?s=96&d=mm&r=g","contentUrl":"https:\/\/secure.gravatar.com\/avatar\/6227f01bf3909de753b0c67135a8bcd4eb2f9674d0dc3890077f42d17beffba8?s=96&d=mm&r=g","caption":"cichova@amavet.sk"},"url":"https:\/\/www.festivalvedy.sk\/wp2\/author\/cichovaamavet-sk\/"}]}},"_links":{"self":[{"href":"https:\/\/www.festivalvedy.sk\/wp2\/wp-json\/wp\/v2\/posts\/5079","targetHints":{"allow":["GET"]}}],"collection":[{"href":"https:\/\/www.festivalvedy.sk\/wp2\/wp-json\/wp\/v2\/posts"}],"about":[{"href":"https:\/\/www.festivalvedy.sk\/wp2\/wp-json\/wp\/v2\/types\/post"}],"author":[{"embeddable":true,"href":"https:\/\/www.festivalvedy.sk\/wp2\/wp-json\/wp\/v2\/users\/3"}],"replies":[{"embeddable":true,"href":"https:\/\/www.festivalvedy.sk\/wp2\/wp-json\/wp\/v2\/comments?post=5079"}],"version-history":[{"count":3,"href":"https:\/\/www.festivalvedy.sk\/wp2\/wp-json\/wp\/v2\/posts\/5079\/revisions"}],"predecessor-version":[{"id":5095,"href":"https:\/\/www.festivalvedy.sk\/wp2\/wp-json\/wp\/v2\/posts\/5079\/revisions\/5095"}],"wp:featuredmedia":[{"embeddable":true,"href":"https:\/\/www.festivalvedy.sk\/wp2\/wp-json\/wp\/v2\/media\/5088"}],"wp:attachment":[{"href":"https:\/\/www.festivalvedy.sk\/wp2\/wp-json\/wp\/v2\/media?parent=5079"}],"wp:term":[{"taxonomy":"category","embeddable":true,"href":"https:\/\/www.festivalvedy.sk\/wp2\/wp-json\/wp\/v2\/categories?post=5079"},{"taxonomy":"post_tag","embeddable":true,"href":"https:\/\/www.festivalvedy.sk\/wp2\/wp-json\/wp\/v2\/tags?post=5079"}],"curies":[{"name":"wp","href":"https:\/\/api.w.org\/{rel}","templated":true}]}}