{"id":5217,"date":"2025-11-14T09:02:18","date_gmt":"2025-11-14T08:02:18","guid":{"rendered":"https:\/\/www.festivalvedy.sk\/wp2\/?p=5217"},"modified":"2025-11-14T09:02:18","modified_gmt":"2025-11-14T08:02:18","slug":"vitazka-festivalu-vedy-a-techniky-amavet-nezahalala-ani-pocas-letnych-prazdnin","status":"publish","type":"post","link":"https:\/\/www.festivalvedy.sk\/wp2\/vitazka-festivalu-vedy-a-techniky-amavet-nezahalala-ani-pocas-letnych-prazdnin\/","title":{"rendered":"V\u00ed\u0165azka Festivalu vedy a techniky AMAVET nezah\u00e1\u013eala ani po\u010das letn\u00fdch pr\u00e1zdnin"},"content":{"rendered":"<p><section class=\"kc-elm kc_row\"><div class=\"kc-row-container  kc-container\"><div class=\"kc-wrap-columns\"><div class=\"kc-elm kc_column kc_col-sm-12\"><div class=\"kc-col-container\"><div class=\"kc-elm kc-css-8016 kc_text_block\"><\/p>\n<p><strong>\u013dudmila Kva\u0161\u0148ovsk\u00e1 na medzin\u00e1rodnej ceste za poznan\u00edm<\/strong><\/p>\n<p>\u013dudmila Kva\u0161\u0148ovsk\u00e1 je v\u00ed\u0165azka z <strong>Festivalu vedy a techniky AMAVET<\/strong> na Slovensku aj v zahrani\u010d\u00ed. Jej cesta za\u010dala na Festivale vedy atechniky AMAVET 2022, ktor\u00fd jej otvoril dvere do sveta prest\u00ed\u017enych medzin\u00e1rodn\u00fdch s\u00fa\u0165a\u017e\u00ed a \u0161tudijn\u00fdch pobytov. Festival AMAVET, zn\u00e1my ako laborat\u00f3tium mlad\u00fdch vedeck\u00fdch talentov, umo\u017enil \u013dudmile prv\u00fdkr\u00e1t za\u017eiari\u0165 auk\u00e1za\u0165 svoj potenci\u00e1l \u0161irokej verejnosti.<\/p>\n<p>Na Festivale vedy a techniky AMAVET 2022 \u013dudmila oslnila odborn\u00fa hodnotiacu komisiu svoj\u00edm v\u00fdnimo\u010dn\u00fdm projektom, v\u010faka \u010domu z\u00edskala mo\u017enos\u0165 z\u00fa\u010dastni\u0165 sa na <strong>svetovom fin\u00e1le Regeneron ISEF 2023<\/strong>, kde si vybojovala \u0161tvrt\u00e9 miesto. Toto v\u00fdznamn\u00e9 umiestnenie len posilnilo jej odhodlanie a motiv\u00e1ciu pokra\u010dova\u0165 v ceste za vedeck\u00fdmi objavmi. \u010eal\u0161\u00edm krokom na jej \u00faspe\u0161nej ceste bola \u00fa\u010das\u0165 na Eur\u00f3pskej s\u00fa\u0165a\u017ei mlad\u00fdch vedcov EUCYS 2024 v po\u013esk\u00fdch Katoviciach v\u010faka postupu z Festivalu vedy a techniky AMAVET 2023. \u013dudmilin projekt si z\u00edskal medzin\u00e1rodn\u00e9 uznanie a priniesol jej dve \u0161peci\u00e1lne ceny \u2013 <strong>CNIC Prize a World Expo Osaka Prize<\/strong>. Tieto ocenenia jej umo\u017enili absolvova\u0165 letn\u00e9 \u0161tudijn\u00e9 pobyty, ktor\u00e9 jej otvorili nov\u00e9 obzory a poskytli jedine\u010dn\u00e9 sk\u00fasenosti. Prv\u00e1 zast\u00e1vka jej letn\u00e9ho putovania bola v Madride, kde vr\u00e1mci CNIC Prize str\u00e1vila t\u00fd\u017ede\u0148 v N\u00e1rodnom centre pre kardiovaskul\u00e1rny v\u00fdskum (CNIC). T\u00e1to in\u0161tit\u00facia je zn\u00e1ma svojou \u0161pi\u010dkovou v\u00fdskumnou pr\u00e1cou a vzdel\u00e1vac\u00edmi programami. \u013dudmila sa z\u00fa\u010dastnila programu AC\u00c9RCATE, ktor\u00fd jej umo\u017enil prenikn\u00fa\u0165 do sveta vedeck\u00fdch metodol\u00f3gi\u00ed na deviatich technick\u00fdch oddeleniach. Okrem toho sa z\u00fa\u010dastnila semin\u00e1rov a exkurzi\u00ed do zvierac\u00edch a klinick\u00fdch zariaden\u00ed, \u010do jej poskytlo komplexn\u00fd poh\u013ead na aktu\u00e1lny stav kardiovaskul\u00e1rneho v\u00fdskumu.<\/p>\n<p>Pr\u00edle\u017eitos\u0165 stretn\u00fa\u0165 sa a diskutova\u0165 s v\u00fdznamn\u00fdmi odborn\u00edkmi, ako s\u00fa Dr. Valent\u00edn Fuster a Dr. Mar\u00eda \u00c1ngeles Moro S\u00e1nchez, bola neocenite\u013enou s\u00fa\u010das\u0165ou jej n\u00e1v\u0161tevy. Ka\u017ed\u00fd ve\u010der jej program dop\u013a\u0148ali kult\u00farne aktivity, ktor\u00e9 jej umo\u017enili objavova\u0165 kr\u00e1sy Madridu. Nasleduj\u00facou zast\u00e1vkou bola Osaka v Japonsku, kde \u013dudmila reprezentovala Eur\u00f3psku komisiu na Svetovej v\u00fdstave Expo. T\u00e1to udalos\u0165 je jedine\u010dnou platformou na prezent\u00e1ciu inov\u00e1ci\u00ed a kult\u00farneho dedi\u010dstva z cel\u00e9ho sveta. \u013dudmila tu mala pr\u00edle\u017eitos\u0165 prezentova\u0165 svoj v\u00fdskum na diskusnom podujat\u00ed v E\u00da pavil\u00f3ne. Okrem toho nav\u0161t\u00edvila mno\u017estvo pavil\u00f3nov, pri\u010dom najviac ju zaujali nemeck\u00fd a po\u013esk\u00fd pavil\u00f3n, ktor\u00e9 pon\u00fakali fascinuj\u00face poh\u013eady na technologick\u00e9 a vedeck\u00e9 pokroky. Po\u010das svojho pobytu cestovala aj do Tokia, kde nav\u0161t\u00edvila v\u00fdznamn\u00e9 v\u00fdskumn\u00e9 in\u0161tit\u00facie patriace pod Keio a Tokyo univerzity a stretla sa so z\u00e1stupcami deleg\u00e1cie E\u00da v Japonsku. Tieto zahrani\u010dn\u00e9 sk\u00fasenosti priniesli \u013dudmile nielen nov\u00e9 vedomosti a kontakty, ale aj jedine\u010dn\u00e9 cestovate\u013esk\u00e9 z\u00e1\u017eitky, ktor\u00e9 ur\u010dite vyu\u017eije vo svojej kari\u00e9re.<\/p>\n<p>Festival vedy a techniky AMAVET bol pre \u013dudmilu odrazov\u00fdm most\u00edkom, ktor\u00fd jej poskytol platformu na prezent\u00e1ciu jej talentu a schopnost\u00ed. Sme nesmierne hrd\u00ed na to, \u017ee pr\u00e1ve v\u010faka n\u00e1\u0161mu festivalu sa mlad\u00ed vedci ako \u013dudmila m\u00f4\u017eu rozv\u00edja\u0165 a dosahova\u0165 \u00faspechy na svetovej \u00farovni. \u013dudmilin pr\u00edbeh je d\u00f4kazom toho, \u017ee s odhodlan\u00edm a v\u00e1\u0161\u0148ou mo\u017eno prekona\u0165 hranice a dosiahnu\u0165 ve\u013ek\u00e9 veci. Sledujeme jej kari\u00e9ru s nad\u0161en\u00edm a ver\u00edme, \u017ee jej pr\u00edbeh bude in\u0161pir\u00e1ciou pre \u010fal\u0161\u00edch mlad\u00fdch vedcov, ktor\u00ed sn\u00edvaj\u00fa o tom, \u017ee raz zanechaj\u00fa svoju stopu vo vedeckom svete.<\/p>\n<p>\u013dudmila Kva\u0161\u0148ovsk\u00e1, Barbora C\u00edchov\u00e1<\/p>\n<p>\n<\/div><\/div><\/div><\/div><\/div><\/section><section class=\"kc-elm kc_row\"><div class=\"kc-row-container  kc-container\"><div class=\"kc-wrap-columns\"><div class=\"kc-elm kc-css-792054 kc_col-sm-12 kc_column kc_col-sm-12\"><div class=\"kc-col-container\"><div class=\"kc-elm kc-css-547519\">\n\t<div class=\"kc-carousel_images kc-elm kc-css-547519\">\n\t\n\t\t<div class=\"kc-carousel-images owl-carousel-images kc-sync1 \" data-owl-i-options='{\"items\":\"3\",\"tablet\":\"2\",\"mobile\":\"1\",\"speed\":\"500\",\"navigation\":\"\",\"pagination\":\"yes\",\"autoheight\":\"\",\"progressbar\":\"\",\"delay\":\"8\",\"autoplay\":\"yes\",\"showthumb\":\"\",\"num_thumb\":\"5\"}'>\n\t\n\t\t\t\t\t<div class=\"item\">\n\t\n\t\t\t\t\t\t\t<img decoding=\"async\" src=\"https:\/\/www.festivalvedy.sk\/wp2\/wp-content\/uploads\/2025\/11\/WhatsApp-Image-2025-08-29-at-21.32.4221.jpeg\"  alt=\"\"\/>\n\t\n\t\t\t\t\n\t\t\t<\/div>\n\t\n\t\t\t\t\t<div class=\"item\">\n\t\n\t\t\t\t\t\t\t<img decoding=\"async\" src=\"https:\/\/www.festivalvedy.sk\/wp2\/wp-content\/uploads\/2025\/11\/WhatsApp-Image-2025-08-29-at-21.32.4211.jpeg\"  alt=\"\"\/>\n\t\n\t\t\t\t\n\t\t\t<\/div>\n\t\n\t\t\t\t\t<div class=\"item\">\n\t\n\t\t\t\t\t\t\t<img decoding=\"async\" src=\"https:\/\/www.festivalvedy.sk\/wp2\/wp-content\/uploads\/2025\/11\/WhatsApp-Image-2025-08-29-at-21.32.423.jpeg\"  alt=\"\"\/>\n\t\n\t\t\t\t\n\t\t\t<\/div>\n\t\n\t\t\t\t\t<div class=\"item\">\n\t\n\t\t\t\t\t\t\t<img decoding=\"async\" src=\"https:\/\/www.festivalvedy.sk\/wp2\/wp-content\/uploads\/2025\/11\/WhatsApp-Image-2025-08-29-at-21.32.4011.jpeg\"  alt=\"\"\/>\n\t\n\t\t\t\t\n\t\t\t<\/div>\n\t\n\t\t\t\t\t<div class=\"item\">\n\t\n\t\t\t\t\t\t\t<img decoding=\"async\" src=\"https:\/\/www.festivalvedy.sk\/wp2\/wp-content\/uploads\/2025\/11\/WhatsApp-Image-2025-08-29-at-21.32.391.jpeg\"  alt=\"\"\/>\n\t\n\t\t\t\t\n\t\t\t<\/div>\n\t\n\t\t\t\n\t\t<\/div>\n\t\n\t\t\t<\/div>\n<\/div>\n<\/div><\/div><\/div><\/div><\/section><\/p>\n","protected":false},"excerpt":{"rendered":"","protected":false},"author":3,"featured_media":5223,"comment_status":"closed","ping_status":"closed","sticky":false,"template":"","format":"standard","meta":{"om_disable_all_campaigns":false,"_monsterinsights_skip_tracking":false,"_monsterinsights_sitenote_active":false,"_monsterinsights_sitenote_note":"","_monsterinsights_sitenote_category":0,"_uf_show_specific_survey":0,"_uf_disable_surveys":false,"footnotes":""},"categories":[1,33,32],"tags":[],"class_list":["post-5217","post","type-post","status-publish","format-standard","has-post-thumbnail","hentry","category-nezaradene","category-novinky","category-vitazi-v-zahranici"],"yoast_head":"<!-- This site is optimized with the Yoast SEO plugin v27.2 - https:\/\/yoast.com\/product\/yoast-seo-wordpress\/ -->\n<title>V\u00ed\u0165azka Festivalu vedy a techniky AMAVET nezah\u00e1\u013eala ani po\u010das letn\u00fdch pr\u00e1zdnin - Festival vedy a techniky AMAVET<\/title>\n<meta name=\"robots\" content=\"index, follow, max-snippet:-1, max-image-preview:large, max-video-preview:-1\" \/>\n<link rel=\"canonical\" href=\"https:\/\/www.festivalvedy.sk\/wp2\/vitazka-festivalu-vedy-a-techniky-amavet-nezahalala-ani-pocas-letnych-prazdnin\/\" \/>\n<meta property=\"og:locale\" content=\"sk_SK\" \/>\n<meta property=\"og:type\" content=\"article\" \/>\n<meta property=\"og:title\" content=\"V\u00ed\u0165azka Festivalu vedy a techniky AMAVET nezah\u00e1\u013eala ani po\u010das letn\u00fdch pr\u00e1zdnin - Festival vedy a techniky AMAVET\" \/>\n<meta property=\"og:description\" content=\"\u013dudmila Kva\u0161\u0148ovsk\u00e1 na medzin\u00e1rodnej ceste za poznan\u00edm \u013dudmila Kva\u0161\u0148ovsk\u00e1 je v\u00ed\u0165azka z Festivalu vedy a techniky AMAVET na Slovensku aj v zahrani\u010d\u00ed. Jej cesta za\u010dala na Festivale vedy atechniky AMAVET 2022, ktor\u00fd jej otvoril dvere do sveta prest\u00ed\u017enych medzin\u00e1rodn\u00fdch s\u00fa\u0165a\u017e\u00ed a \u0161tudijn\u00fdch pobytov. Festival AMAVET, zn\u00e1my ako laborat\u00f3tium mlad\u00fdch vedeck\u00fdch talentov, umo\u017enil \u013dudmile prv\u00fdkr\u00e1t za\u017eiari\u0165 [&hellip;]\" \/>\n<meta property=\"og:url\" content=\"https:\/\/www.festivalvedy.sk\/wp2\/vitazka-festivalu-vedy-a-techniky-amavet-nezahalala-ani-pocas-letnych-prazdnin\/\" \/>\n<meta property=\"og:site_name\" content=\"Festival vedy a techniky AMAVET\" \/>\n<meta property=\"article:published_time\" content=\"2025-11-14T08:02:18+00:00\" \/>\n<meta property=\"og:image\" content=\"https:\/\/www.festivalvedy.sk\/wp2\/wp-content\/uploads\/2025\/11\/WhatsApp-Image-2025-08-29-at-21.32.4221.jpeg\" \/>\n\t<meta property=\"og:image:width\" content=\"1600\" \/>\n\t<meta property=\"og:image:height\" content=\"1066\" \/>\n\t<meta property=\"og:image:type\" content=\"image\/jpeg\" \/>\n<meta name=\"author\" content=\"cichova@amavet.sk\" \/>\n<meta name=\"twitter:card\" content=\"summary_large_image\" \/>\n<meta name=\"twitter:label1\" content=\"Autor\" \/>\n\t<meta name=\"twitter:data1\" content=\"cichova@amavet.sk\" \/>\n\t<meta name=\"twitter:label2\" content=\"Predpokladan\u00fd \u010das \u010d\u00edtania\" \/>\n\t<meta name=\"twitter:data2\" content=\"3 min\u00faty\" \/>\n<script type=\"application\/ld+json\" class=\"yoast-schema-graph\">{\"@context\":\"https:\/\/schema.org\",\"@graph\":[{\"@type\":\"Article\",\"@id\":\"https:\/\/www.festivalvedy.sk\/wp2\/vitazka-festivalu-vedy-a-techniky-amavet-nezahalala-ani-pocas-letnych-prazdnin\/#article\",\"isPartOf\":{\"@id\":\"https:\/\/www.festivalvedy.sk\/wp2\/vitazka-festivalu-vedy-a-techniky-amavet-nezahalala-ani-pocas-letnych-prazdnin\/\"},\"author\":{\"name\":\"cichova@amavet.sk\",\"@id\":\"https:\/\/www.festivalvedy.sk\/wp2\/#\/schema\/person\/7875f2822eb6744f8a6b8da979bb4d70\"},\"headline\":\"V\u00ed\u0165azka Festivalu vedy a techniky AMAVET nezah\u00e1\u013eala ani po\u010das letn\u00fdch pr\u00e1zdnin\",\"datePublished\":\"2025-11-14T08:02:18+00:00\",\"mainEntityOfPage\":{\"@id\":\"https:\/\/www.festivalvedy.sk\/wp2\/vitazka-festivalu-vedy-a-techniky-amavet-nezahalala-ani-pocas-letnych-prazdnin\/\"},\"wordCount\":660,\"publisher\":{\"@id\":\"https:\/\/www.festivalvedy.sk\/wp2\/#organization\"},\"image\":{\"@id\":\"https:\/\/www.festivalvedy.sk\/wp2\/vitazka-festivalu-vedy-a-techniky-amavet-nezahalala-ani-pocas-letnych-prazdnin\/#primaryimage\"},\"thumbnailUrl\":\"https:\/\/www.festivalvedy.sk\/wp2\/wp-content\/uploads\/2025\/11\/WhatsApp-Image-2025-08-29-at-21.32.4221.jpeg\",\"articleSection\":{\"1\":\"Novinky\",\"2\":\"Reprezentovali n\u00e1s\"},\"inLanguage\":\"sk-SK\"},{\"@type\":\"WebPage\",\"@id\":\"https:\/\/www.festivalvedy.sk\/wp2\/vitazka-festivalu-vedy-a-techniky-amavet-nezahalala-ani-pocas-letnych-prazdnin\/\",\"url\":\"https:\/\/www.festivalvedy.sk\/wp2\/vitazka-festivalu-vedy-a-techniky-amavet-nezahalala-ani-pocas-letnych-prazdnin\/\",\"name\":\"V\u00ed\u0165azka Festivalu vedy a techniky AMAVET nezah\u00e1\u013eala ani po\u010das letn\u00fdch pr\u00e1zdnin - Festival vedy a techniky AMAVET\",\"isPartOf\":{\"@id\":\"https:\/\/www.festivalvedy.sk\/wp2\/#website\"},\"primaryImageOfPage\":{\"@id\":\"https:\/\/www.festivalvedy.sk\/wp2\/vitazka-festivalu-vedy-a-techniky-amavet-nezahalala-ani-pocas-letnych-prazdnin\/#primaryimage\"},\"image\":{\"@id\":\"https:\/\/www.festivalvedy.sk\/wp2\/vitazka-festivalu-vedy-a-techniky-amavet-nezahalala-ani-pocas-letnych-prazdnin\/#primaryimage\"},\"thumbnailUrl\":\"https:\/\/www.festivalvedy.sk\/wp2\/wp-content\/uploads\/2025\/11\/WhatsApp-Image-2025-08-29-at-21.32.4221.jpeg\",\"datePublished\":\"2025-11-14T08:02:18+00:00\",\"breadcrumb\":{\"@id\":\"https:\/\/www.festivalvedy.sk\/wp2\/vitazka-festivalu-vedy-a-techniky-amavet-nezahalala-ani-pocas-letnych-prazdnin\/#breadcrumb\"},\"inLanguage\":\"sk-SK\",\"potentialAction\":[{\"@type\":\"ReadAction\",\"target\":[\"https:\/\/www.festivalvedy.sk\/wp2\/vitazka-festivalu-vedy-a-techniky-amavet-nezahalala-ani-pocas-letnych-prazdnin\/\"]}]},{\"@type\":\"ImageObject\",\"inLanguage\":\"sk-SK\",\"@id\":\"https:\/\/www.festivalvedy.sk\/wp2\/vitazka-festivalu-vedy-a-techniky-amavet-nezahalala-ani-pocas-letnych-prazdnin\/#primaryimage\",\"url\":\"https:\/\/www.festivalvedy.sk\/wp2\/wp-content\/uploads\/2025\/11\/WhatsApp-Image-2025-08-29-at-21.32.4221.jpeg\",\"contentUrl\":\"https:\/\/www.festivalvedy.sk\/wp2\/wp-content\/uploads\/2025\/11\/WhatsApp-Image-2025-08-29-at-21.32.4221.jpeg\",\"width\":1600,\"height\":1066},{\"@type\":\"BreadcrumbList\",\"@id\":\"https:\/\/www.festivalvedy.sk\/wp2\/vitazka-festivalu-vedy-a-techniky-amavet-nezahalala-ani-pocas-letnych-prazdnin\/#breadcrumb\",\"itemListElement\":[{\"@type\":\"ListItem\",\"position\":1,\"name\":\"Home\",\"item\":\"https:\/\/www.festivalvedy.sk\/wp2\/\"},{\"@type\":\"ListItem\",\"position\":2,\"name\":\"V\u00ed\u0165azka Festivalu vedy a techniky AMAVET nezah\u00e1\u013eala ani po\u010das letn\u00fdch pr\u00e1zdnin\"}]},{\"@type\":\"WebSite\",\"@id\":\"https:\/\/www.festivalvedy.sk\/wp2\/#website\",\"url\":\"https:\/\/www.festivalvedy.sk\/wp2\/\",\"name\":\"Festival vedy a techniky AMAVET\",\"description\":\"AMAVET - Asoci\u00e1cia pre ml\u00e1de\u017e, vedu a techniku\",\"publisher\":{\"@id\":\"https:\/\/www.festivalvedy.sk\/wp2\/#organization\"},\"potentialAction\":[{\"@type\":\"SearchAction\",\"target\":{\"@type\":\"EntryPoint\",\"urlTemplate\":\"https:\/\/www.festivalvedy.sk\/wp2\/?s={search_term_string}\"},\"query-input\":{\"@type\":\"PropertyValueSpecification\",\"valueRequired\":true,\"valueName\":\"search_term_string\"}}],\"inLanguage\":\"sk-SK\"},{\"@type\":\"Organization\",\"@id\":\"https:\/\/www.festivalvedy.sk\/wp2\/#organization\",\"name\":\"Festival vedy a techniky AMAVET\",\"url\":\"https:\/\/www.festivalvedy.sk\/wp2\/\",\"logo\":{\"@type\":\"ImageObject\",\"inLanguage\":\"sk-SK\",\"@id\":\"https:\/\/www.festivalvedy.sk\/wp2\/#\/schema\/logo\/image\/\",\"url\":\"https:\/\/www.festivalvedy.sk\/wp2\/wp-content\/uploads\/2022\/02\/cropped-fvat-ochranna-zona.png\",\"contentUrl\":\"https:\/\/www.festivalvedy.sk\/wp2\/wp-content\/uploads\/2022\/02\/cropped-fvat-ochranna-zona.png\",\"width\":1190,\"height\":357,\"caption\":\"Festival vedy a techniky AMAVET\"},\"image\":{\"@id\":\"https:\/\/www.festivalvedy.sk\/wp2\/#\/schema\/logo\/image\/\"}},{\"@type\":\"Person\",\"@id\":\"https:\/\/www.festivalvedy.sk\/wp2\/#\/schema\/person\/7875f2822eb6744f8a6b8da979bb4d70\",\"name\":\"cichova@amavet.sk\",\"image\":{\"@type\":\"ImageObject\",\"inLanguage\":\"sk-SK\",\"@id\":\"https:\/\/secure.gravatar.com\/avatar\/6227f01bf3909de753b0c67135a8bcd4eb2f9674d0dc3890077f42d17beffba8?s=96&d=mm&r=g\",\"url\":\"https:\/\/secure.gravatar.com\/avatar\/6227f01bf3909de753b0c67135a8bcd4eb2f9674d0dc3890077f42d17beffba8?s=96&d=mm&r=g\",\"contentUrl\":\"https:\/\/secure.gravatar.com\/avatar\/6227f01bf3909de753b0c67135a8bcd4eb2f9674d0dc3890077f42d17beffba8?s=96&d=mm&r=g\",\"caption\":\"cichova@amavet.sk\"},\"url\":\"https:\/\/www.festivalvedy.sk\/wp2\/author\/cichovaamavet-sk\/\"}]}<\/script>\n<!-- \/ Yoast SEO plugin. -->","yoast_head_json":{"title":"V\u00ed\u0165azka Festivalu vedy a techniky AMAVET nezah\u00e1\u013eala ani po\u010das letn\u00fdch pr\u00e1zdnin - Festival vedy a techniky AMAVET","robots":{"index":"index","follow":"follow","max-snippet":"max-snippet:-1","max-image-preview":"max-image-preview:large","max-video-preview":"max-video-preview:-1"},"canonical":"https:\/\/www.festivalvedy.sk\/wp2\/vitazka-festivalu-vedy-a-techniky-amavet-nezahalala-ani-pocas-letnych-prazdnin\/","og_locale":"sk_SK","og_type":"article","og_title":"V\u00ed\u0165azka Festivalu vedy a techniky AMAVET nezah\u00e1\u013eala ani po\u010das letn\u00fdch pr\u00e1zdnin - Festival vedy a techniky AMAVET","og_description":"\u013dudmila Kva\u0161\u0148ovsk\u00e1 na medzin\u00e1rodnej ceste za poznan\u00edm \u013dudmila Kva\u0161\u0148ovsk\u00e1 je v\u00ed\u0165azka z Festivalu vedy a techniky AMAVET na Slovensku aj v zahrani\u010d\u00ed. Jej cesta za\u010dala na Festivale vedy atechniky AMAVET 2022, ktor\u00fd jej otvoril dvere do sveta prest\u00ed\u017enych medzin\u00e1rodn\u00fdch s\u00fa\u0165a\u017e\u00ed a \u0161tudijn\u00fdch pobytov. Festival AMAVET, zn\u00e1my ako laborat\u00f3tium mlad\u00fdch vedeck\u00fdch talentov, umo\u017enil \u013dudmile prv\u00fdkr\u00e1t za\u017eiari\u0165 [&hellip;]","og_url":"https:\/\/www.festivalvedy.sk\/wp2\/vitazka-festivalu-vedy-a-techniky-amavet-nezahalala-ani-pocas-letnych-prazdnin\/","og_site_name":"Festival vedy a techniky AMAVET","article_published_time":"2025-11-14T08:02:18+00:00","og_image":[{"width":1600,"height":1066,"url":"https:\/\/www.festivalvedy.sk\/wp2\/wp-content\/uploads\/2025\/11\/WhatsApp-Image-2025-08-29-at-21.32.4221.jpeg","type":"image\/jpeg"}],"author":"cichova@amavet.sk","twitter_card":"summary_large_image","twitter_misc":{"Autor":"cichova@amavet.sk","Predpokladan\u00fd \u010das \u010d\u00edtania":"3 min\u00faty"},"schema":{"@context":"https:\/\/schema.org","@graph":[{"@type":"Article","@id":"https:\/\/www.festivalvedy.sk\/wp2\/vitazka-festivalu-vedy-a-techniky-amavet-nezahalala-ani-pocas-letnych-prazdnin\/#article","isPartOf":{"@id":"https:\/\/www.festivalvedy.sk\/wp2\/vitazka-festivalu-vedy-a-techniky-amavet-nezahalala-ani-pocas-letnych-prazdnin\/"},"author":{"name":"cichova@amavet.sk","@id":"https:\/\/www.festivalvedy.sk\/wp2\/#\/schema\/person\/7875f2822eb6744f8a6b8da979bb4d70"},"headline":"V\u00ed\u0165azka Festivalu vedy a techniky AMAVET nezah\u00e1\u013eala ani po\u010das letn\u00fdch pr\u00e1zdnin","datePublished":"2025-11-14T08:02:18+00:00","mainEntityOfPage":{"@id":"https:\/\/www.festivalvedy.sk\/wp2\/vitazka-festivalu-vedy-a-techniky-amavet-nezahalala-ani-pocas-letnych-prazdnin\/"},"wordCount":660,"publisher":{"@id":"https:\/\/www.festivalvedy.sk\/wp2\/#organization"},"image":{"@id":"https:\/\/www.festivalvedy.sk\/wp2\/vitazka-festivalu-vedy-a-techniky-amavet-nezahalala-ani-pocas-letnych-prazdnin\/#primaryimage"},"thumbnailUrl":"https:\/\/www.festivalvedy.sk\/wp2\/wp-content\/uploads\/2025\/11\/WhatsApp-Image-2025-08-29-at-21.32.4221.jpeg","articleSection":{"1":"Novinky","2":"Reprezentovali n\u00e1s"},"inLanguage":"sk-SK"},{"@type":"WebPage","@id":"https:\/\/www.festivalvedy.sk\/wp2\/vitazka-festivalu-vedy-a-techniky-amavet-nezahalala-ani-pocas-letnych-prazdnin\/","url":"https:\/\/www.festivalvedy.sk\/wp2\/vitazka-festivalu-vedy-a-techniky-amavet-nezahalala-ani-pocas-letnych-prazdnin\/","name":"V\u00ed\u0165azka Festivalu vedy a techniky AMAVET nezah\u00e1\u013eala ani po\u010das letn\u00fdch pr\u00e1zdnin - Festival vedy a techniky AMAVET","isPartOf":{"@id":"https:\/\/www.festivalvedy.sk\/wp2\/#website"},"primaryImageOfPage":{"@id":"https:\/\/www.festivalvedy.sk\/wp2\/vitazka-festivalu-vedy-a-techniky-amavet-nezahalala-ani-pocas-letnych-prazdnin\/#primaryimage"},"image":{"@id":"https:\/\/www.festivalvedy.sk\/wp2\/vitazka-festivalu-vedy-a-techniky-amavet-nezahalala-ani-pocas-letnych-prazdnin\/#primaryimage"},"thumbnailUrl":"https:\/\/www.festivalvedy.sk\/wp2\/wp-content\/uploads\/2025\/11\/WhatsApp-Image-2025-08-29-at-21.32.4221.jpeg","datePublished":"2025-11-14T08:02:18+00:00","breadcrumb":{"@id":"https:\/\/www.festivalvedy.sk\/wp2\/vitazka-festivalu-vedy-a-techniky-amavet-nezahalala-ani-pocas-letnych-prazdnin\/#breadcrumb"},"inLanguage":"sk-SK","potentialAction":[{"@type":"ReadAction","target":["https:\/\/www.festivalvedy.sk\/wp2\/vitazka-festivalu-vedy-a-techniky-amavet-nezahalala-ani-pocas-letnych-prazdnin\/"]}]},{"@type":"ImageObject","inLanguage":"sk-SK","@id":"https:\/\/www.festivalvedy.sk\/wp2\/vitazka-festivalu-vedy-a-techniky-amavet-nezahalala-ani-pocas-letnych-prazdnin\/#primaryimage","url":"https:\/\/www.festivalvedy.sk\/wp2\/wp-content\/uploads\/2025\/11\/WhatsApp-Image-2025-08-29-at-21.32.4221.jpeg","contentUrl":"https:\/\/www.festivalvedy.sk\/wp2\/wp-content\/uploads\/2025\/11\/WhatsApp-Image-2025-08-29-at-21.32.4221.jpeg","width":1600,"height":1066},{"@type":"BreadcrumbList","@id":"https:\/\/www.festivalvedy.sk\/wp2\/vitazka-festivalu-vedy-a-techniky-amavet-nezahalala-ani-pocas-letnych-prazdnin\/#breadcrumb","itemListElement":[{"@type":"ListItem","position":1,"name":"Home","item":"https:\/\/www.festivalvedy.sk\/wp2\/"},{"@type":"ListItem","position":2,"name":"V\u00ed\u0165azka Festivalu vedy a techniky AMAVET nezah\u00e1\u013eala ani po\u010das letn\u00fdch pr\u00e1zdnin"}]},{"@type":"WebSite","@id":"https:\/\/www.festivalvedy.sk\/wp2\/#website","url":"https:\/\/www.festivalvedy.sk\/wp2\/","name":"Festival vedy a techniky AMAVET","description":"AMAVET - Asoci\u00e1cia pre ml\u00e1de\u017e, vedu a techniku","publisher":{"@id":"https:\/\/www.festivalvedy.sk\/wp2\/#organization"},"potentialAction":[{"@type":"SearchAction","target":{"@type":"EntryPoint","urlTemplate":"https:\/\/www.festivalvedy.sk\/wp2\/?s={search_term_string}"},"query-input":{"@type":"PropertyValueSpecification","valueRequired":true,"valueName":"search_term_string"}}],"inLanguage":"sk-SK"},{"@type":"Organization","@id":"https:\/\/www.festivalvedy.sk\/wp2\/#organization","name":"Festival vedy a techniky AMAVET","url":"https:\/\/www.festivalvedy.sk\/wp2\/","logo":{"@type":"ImageObject","inLanguage":"sk-SK","@id":"https:\/\/www.festivalvedy.sk\/wp2\/#\/schema\/logo\/image\/","url":"https:\/\/www.festivalvedy.sk\/wp2\/wp-content\/uploads\/2022\/02\/cropped-fvat-ochranna-zona.png","contentUrl":"https:\/\/www.festivalvedy.sk\/wp2\/wp-content\/uploads\/2022\/02\/cropped-fvat-ochranna-zona.png","width":1190,"height":357,"caption":"Festival vedy a techniky AMAVET"},"image":{"@id":"https:\/\/www.festivalvedy.sk\/wp2\/#\/schema\/logo\/image\/"}},{"@type":"Person","@id":"https:\/\/www.festivalvedy.sk\/wp2\/#\/schema\/person\/7875f2822eb6744f8a6b8da979bb4d70","name":"cichova@amavet.sk","image":{"@type":"ImageObject","inLanguage":"sk-SK","@id":"https:\/\/secure.gravatar.com\/avatar\/6227f01bf3909de753b0c67135a8bcd4eb2f9674d0dc3890077f42d17beffba8?s=96&d=mm&r=g","url":"https:\/\/secure.gravatar.com\/avatar\/6227f01bf3909de753b0c67135a8bcd4eb2f9674d0dc3890077f42d17beffba8?s=96&d=mm&r=g","contentUrl":"https:\/\/secure.gravatar.com\/avatar\/6227f01bf3909de753b0c67135a8bcd4eb2f9674d0dc3890077f42d17beffba8?s=96&d=mm&r=g","caption":"cichova@amavet.sk"},"url":"https:\/\/www.festivalvedy.sk\/wp2\/author\/cichovaamavet-sk\/"}]}},"_links":{"self":[{"href":"https:\/\/www.festivalvedy.sk\/wp2\/wp-json\/wp\/v2\/posts\/5217","targetHints":{"allow":["GET"]}}],"collection":[{"href":"https:\/\/www.festivalvedy.sk\/wp2\/wp-json\/wp\/v2\/posts"}],"about":[{"href":"https:\/\/www.festivalvedy.sk\/wp2\/wp-json\/wp\/v2\/types\/post"}],"author":[{"embeddable":true,"href":"https:\/\/www.festivalvedy.sk\/wp2\/wp-json\/wp\/v2\/users\/3"}],"replies":[{"embeddable":true,"href":"https:\/\/www.festivalvedy.sk\/wp2\/wp-json\/wp\/v2\/comments?post=5217"}],"version-history":[{"count":3,"href":"https:\/\/www.festivalvedy.sk\/wp2\/wp-json\/wp\/v2\/posts\/5217\/revisions"}],"predecessor-version":[{"id":5226,"href":"https:\/\/www.festivalvedy.sk\/wp2\/wp-json\/wp\/v2\/posts\/5217\/revisions\/5226"}],"wp:featuredmedia":[{"embeddable":true,"href":"https:\/\/www.festivalvedy.sk\/wp2\/wp-json\/wp\/v2\/media\/5223"}],"wp:attachment":[{"href":"https:\/\/www.festivalvedy.sk\/wp2\/wp-json\/wp\/v2\/media?parent=5217"}],"wp:term":[{"taxonomy":"category","embeddable":true,"href":"https:\/\/www.festivalvedy.sk\/wp2\/wp-json\/wp\/v2\/categories?post=5217"},{"taxonomy":"post_tag","embeddable":true,"href":"https:\/\/www.festivalvedy.sk\/wp2\/wp-json\/wp\/v2\/tags?post=5217"}],"curies":[{"name":"wp","href":"https:\/\/api.w.org\/{rel}","templated":true}]}}