{"id":5227,"date":"2025-11-14T09:11:02","date_gmt":"2025-11-14T08:11:02","guid":{"rendered":"https:\/\/www.festivalvedy.sk\/wp2\/?p=5227"},"modified":"2025-11-14T09:14:20","modified_gmt":"2025-11-14T08:14:20","slug":"cesta-slovenskych-vitazov-festivalu-vedy-a-techniky-amavet-na-eucys-2025-v-rige","status":"publish","type":"post","link":"https:\/\/www.festivalvedy.sk\/wp2\/cesta-slovenskych-vitazov-festivalu-vedy-a-techniky-amavet-na-eucys-2025-v-rige\/","title":{"rendered":"Cesta slovensk\u00fdch v\u00ed\u0165azov Festivalu vedy a techniky AMAVET na EUCYS 2025 v Rige"},"content":{"rendered":"<section class=\"kc-elm kc-css-367878 kc_row\"><div class=\"kc-row-container  kc-container\"><div class=\"kc-wrap-columns\"><div class=\"kc-elm kc-css-731459 kc_column kc_col-sm-12\"><div class=\"kc-col-container\"><div class=\"kc-elm kc-css-650801 kc_text_block\"><\/p>\n<p>V\u00ed\u0165azi Festivalu vedy a techniky AMAVET 2024, Martin Zayonc a Igor Vi\u0161\u0148ovsk\u00fd, za\u017eili v\u00fdnimo\u010dn\u00fa cestu na 36. ro\u010dn\u00edk European Union Contest for Young Scientists (EUCYS), ktor\u00fd sa konal od 15. do 20. septembra 2025 v hlavnom meste Loty\u0161ska, Rige. Slovensko a AMAVET reprezentovali s projektom \u201eFutbalov\u00ed roboti\u201c. Obaja \u00fa\u010dastn\u00edci sa podelili o svoje dojmy a sk\u00fasenosti z tohto prest\u00ed\u017eneho podujatia.<span id=\"more-10701\"><\/span><\/p>\n<p><strong>Najv\u00e4\u010d\u0161ie z\u00e1\u017eitky z EUCYS 2025<\/strong><\/p>\n<p><strong>Igor Vi\u0161\u0148ovsk\u00fd<\/strong> spom\u00edna, \u017ee najsilnej\u0161\u00edm z\u00e1\u017eitkom bola pr\u00e1ve atmosf\u00e9ra po\u010das prezent\u00e1ci\u00ed. Mo\u017enos\u0165 predstavi\u0165 svoj projekt odbornej porote a s\u00fa\u0165a\u017eiacim z r\u00f4znych kraj\u00edn bola pre neho ve\u013emi in\u0161pirat\u00edvna. <em>\u201eBolo v\u00fdnimo\u010dn\u00e9 by\u0165 s\u00fa\u010das\u0165ou jednej ve\u013ekej vedeckej komunity,\u201c<\/em> povedal. Sl\u00e1vnostn\u00fd ceremoni\u00e1l mu pripomenul, ak\u00e9 d\u00f4le\u017eit\u00e9 je by\u0165 s\u00fa\u010das\u0165ou takejto komunity.<\/p>\n<p><strong>Martin Zayonc <\/strong>naopak vyzdvihol spozn\u00e1vanie ostatn\u00fdch s\u00fa\u0165a\u017eiacich a ich projekty. <em>\u201eKa\u017ed\u00fd z nich pracoval na \u00faplne inom projekte, a bolo zauj\u00edmav\u00e9 vidie\u0165, ako r\u00f4zne pr\u00edstupy a n\u00e1pady m\u00f4\u017eu vies\u0165 k inovat\u00edvnym rie\u0161eniam,\u201c <\/em>dodal Martin.<\/p>\n<p><strong>Osobn\u00fd a vedeck\u00fd rast<\/strong><\/p>\n<p>EUCYS 2025 priniesol obom \u00fa\u010dastn\u00edkom mno\u017estvo sk\u00fasenost\u00ed, ktor\u00e9 ich posunuli nielen v oblasti vedy, ale aj osobnostne. Igor zd\u00f4raznil, \u017ee ich t\u00e1to sk\u00fasenos\u0165 nau\u010dila lep\u0161ej komunik\u00e1cii v\u00fdsledkov ich pr\u00e1ce a obhajobe pred porotou. <em>\u201ePriniesla n\u00e1m sebavedomie a motiv\u00e1ciu pokra\u010dova\u0165 \u010falej,\u201c<\/em> dodal. Martin na druhej strane z\u00edskal cenn\u00e9 rady od porotcov, ktor\u00e9 mu pomohli vidie\u0165, ako \u010falej rozv\u00edja\u0165 a zlep\u0161ova\u0165 svoj projekt.<\/p>\n<p><strong>Odpor\u00fa\u010dania pre bud\u00facich v\u00ed\u0165azov FVAT<\/strong><\/p>\n<p>Obaja v\u00ed\u0165azi sa zhoduj\u00fa, \u017ee pre bud\u00facich \u00fa\u010dastn\u00edkov podobn\u00fdch s\u00fa\u0165a\u017e\u00ed je d\u00f4le\u017eit\u00e9 veri\u0165 vo svoj projekt a neb\u00e1\u0165 sa konkurencie. <em>\u201eKa\u017ed\u00fd n\u00e1pad m\u00e1 svoju hodnotu, ak je spracovan\u00fd s nad\u0161en\u00edm a d\u00f4slednos\u0165ou,\u201c <\/em>tvrd\u00ed Igor. Martin odpor\u00fa\u010da z\u00fa\u010dastni\u0165 sa podobn\u00fdch s\u00fa\u0165a\u017e\u00ed, preto\u017ee s\u00fa jedine\u010dn\u00fdm z\u00e1\u017eitkom pln\u00fdm sk\u00fasenost\u00ed a nov\u00fdch kontaktov. <em>\u201eTreba sa neb\u00e1\u0165 p\u00fdta\u0165 a experimentova\u0165,\u201c<\/em> dod\u00e1va s \u00fasmevom.<\/p>\n<p><strong>\u00da\u017easn\u00fd dojem z podujatia<\/strong><\/p>\n<p><strong>Deleg\u00e1tka za AMAVET, Mgr. M\u00e1ria Babin\u010d\u00e1kov\u00e1 Ph.D.,<\/strong> ocenila vysok\u00fa \u00farove\u0148 organiz\u00e1cie a p\u00f4sobiv\u00e9 kult\u00farne vyst\u00fapenia, ktor\u00e9 doplnili cel\u00fd z\u00e1\u017eitok z EUCYS 2025. <em>\u201eS\u00fa\u0165a\u017eiaci zo 40 kraj\u00edn prezentovali 90 projektov pred 21 vedcami a odborn\u00edkmi z celej Eur\u00f3py,\u201c<\/em> poznamenala. Toto podujatie poskytlo \u00fa\u010dastn\u00edkom nielen pr\u00edle\u017eitos\u0165 uk\u00e1za\u0165 svoje inovat\u00edvne n\u00e1pady, ale aj nadviaza\u0165 nov\u00e9 priate\u013estv\u00e1 a na\u010derpa\u0165 in\u0161pir\u00e1ciu pre ich \u010fal\u0161iu kari\u00e9ru a \u017eivot. Igor a Martin si zo s\u00fa\u0165a\u017ee odniesli mno\u017estvo nezabudnute\u013en\u00fdch z\u00e1\u017eitkov, v\u010faka ktor\u00fdm Slovensko op\u00e4\u0165 potvrdilo svoju pr\u00edtomnos\u0165 medzi mlad\u00fdmi vedeck\u00fdmi talentami v Eur\u00f3pe.<\/p>\n<p>Barbora C\u00edchov\u00e1<\/p>\n<p>\n<\/div><div class=\"kc-image-gallery kc-elm kc-css-784065\">\n<div class=\"kc_image_gallery kc-carousel-image kc-grid \">\n<div class=\"item-grid grid-4\"><img decoding=\"async\" src=\"https:\/\/www.festivalvedy.sk\/wp2\/wp-content\/uploads\/2025\/11\/54797198896_03c820005d_q1.jpg\" alt=\"\"\/><\/div><div class=\"item-grid grid-4\"><img decoding=\"async\" src=\"https:\/\/www.festivalvedy.sk\/wp2\/wp-content\/uploads\/2025\/11\/54797534580_e6bcc8edcb_q1.jpg\" alt=\"\"\/><\/div><div class=\"item-grid grid-4\"><img decoding=\"async\" src=\"https:\/\/www.festivalvedy.sk\/wp2\/wp-content\/uploads\/2025\/11\/54797536220_27dba41203_q1.jpg\" alt=\"\"\/><\/div><div class=\"item-grid grid-4\"><img decoding=\"async\" src=\"https:\/\/www.festivalvedy.sk\/wp2\/wp-content\/uploads\/2025\/11\/54797449843_311803db77_q1.jpg\" alt=\"\"\/><\/div><\/div>\n<\/div><\/div><\/div><\/div><\/div><\/section>\n","protected":false},"excerpt":{"rendered":"","protected":false},"author":3,"featured_media":5233,"comment_status":"closed","ping_status":"closed","sticky":false,"template":"","format":"standard","meta":{"om_disable_all_campaigns":false,"_monsterinsights_skip_tracking":false,"_monsterinsights_sitenote_active":false,"_monsterinsights_sitenote_note":"","_monsterinsights_sitenote_category":0,"_uf_show_specific_survey":0,"_uf_disable_surveys":false,"footnotes":""},"categories":[1,33,32,5],"tags":[],"class_list":["post-5227","post","type-post","status-publish","format-standard","has-post-thumbnail","hentry","category-nezaradene","category-novinky","category-vitazi-v-zahranici","category-sutaze-v-zahranici"],"yoast_head":"<!-- This site is optimized with the Yoast SEO plugin v27.2 - https:\/\/yoast.com\/product\/yoast-seo-wordpress\/ -->\n<title>Cesta slovensk\u00fdch v\u00ed\u0165azov Festivalu vedy a techniky AMAVET na EUCYS 2025 v Rige - Festival vedy a techniky AMAVET<\/title>\n<meta name=\"robots\" content=\"index, follow, max-snippet:-1, max-image-preview:large, max-video-preview:-1\" \/>\n<link rel=\"canonical\" href=\"https:\/\/www.festivalvedy.sk\/wp2\/cesta-slovenskych-vitazov-festivalu-vedy-a-techniky-amavet-na-eucys-2025-v-rige\/\" \/>\n<meta property=\"og:locale\" content=\"sk_SK\" \/>\n<meta property=\"og:type\" content=\"article\" \/>\n<meta property=\"og:title\" content=\"Cesta slovensk\u00fdch v\u00ed\u0165azov Festivalu vedy a techniky AMAVET na EUCYS 2025 v Rige - Festival vedy a techniky AMAVET\" \/>\n<meta property=\"og:description\" content=\"V\u00ed\u0165azi Festivalu vedy a techniky AMAVET 2024, Martin Zayonc a Igor Vi\u0161\u0148ovsk\u00fd, za\u017eili v\u00fdnimo\u010dn\u00fa cestu na 36. ro\u010dn\u00edk European Union Contest for Young Scientists (EUCYS), ktor\u00fd sa konal od 15. do 20. septembra 2025 v hlavnom meste Loty\u0161ska, Rige. Slovensko a AMAVET reprezentovali s projektom \u201eFutbalov\u00ed roboti\u201c. Obaja \u00fa\u010dastn\u00edci sa podelili o svoje dojmy a [&hellip;]\" \/>\n<meta property=\"og:url\" content=\"https:\/\/www.festivalvedy.sk\/wp2\/cesta-slovenskych-vitazov-festivalu-vedy-a-techniky-amavet-na-eucys-2025-v-rige\/\" \/>\n<meta property=\"og:site_name\" content=\"Festival vedy a techniky AMAVET\" \/>\n<meta property=\"article:published_time\" content=\"2025-11-14T08:11:02+00:00\" \/>\n<meta property=\"article:modified_time\" content=\"2025-11-14T08:14:20+00:00\" \/>\n<meta property=\"og:image\" content=\"https:\/\/www.festivalvedy.sk\/wp2\/wp-content\/uploads\/2025\/11\/54798953932_cfcb001707_k1.jpg\" \/>\n\t<meta property=\"og:image:width\" content=\"2048\" \/>\n\t<meta property=\"og:image:height\" content=\"1365\" \/>\n\t<meta property=\"og:image:type\" content=\"image\/jpeg\" \/>\n<meta name=\"author\" content=\"cichova@amavet.sk\" \/>\n<meta name=\"twitter:card\" content=\"summary_large_image\" \/>\n<meta name=\"twitter:label1\" content=\"Autor\" \/>\n\t<meta name=\"twitter:data1\" content=\"cichova@amavet.sk\" \/>\n\t<meta name=\"twitter:label2\" content=\"Predpokladan\u00fd \u010das \u010d\u00edtania\" \/>\n\t<meta name=\"twitter:data2\" content=\"3 min\u00faty\" \/>\n<script type=\"application\/ld+json\" class=\"yoast-schema-graph\">{\"@context\":\"https:\/\/schema.org\",\"@graph\":[{\"@type\":\"Article\",\"@id\":\"https:\/\/www.festivalvedy.sk\/wp2\/cesta-slovenskych-vitazov-festivalu-vedy-a-techniky-amavet-na-eucys-2025-v-rige\/#article\",\"isPartOf\":{\"@id\":\"https:\/\/www.festivalvedy.sk\/wp2\/cesta-slovenskych-vitazov-festivalu-vedy-a-techniky-amavet-na-eucys-2025-v-rige\/\"},\"author\":{\"name\":\"cichova@amavet.sk\",\"@id\":\"https:\/\/www.festivalvedy.sk\/wp2\/#\/schema\/person\/7875f2822eb6744f8a6b8da979bb4d70\"},\"headline\":\"Cesta slovensk\u00fdch v\u00ed\u0165azov Festivalu vedy a techniky AMAVET na EUCYS 2025 v Rige\",\"datePublished\":\"2025-11-14T08:11:02+00:00\",\"dateModified\":\"2025-11-14T08:14:20+00:00\",\"mainEntityOfPage\":{\"@id\":\"https:\/\/www.festivalvedy.sk\/wp2\/cesta-slovenskych-vitazov-festivalu-vedy-a-techniky-amavet-na-eucys-2025-v-rige\/\"},\"wordCount\":505,\"publisher\":{\"@id\":\"https:\/\/www.festivalvedy.sk\/wp2\/#organization\"},\"image\":{\"@id\":\"https:\/\/www.festivalvedy.sk\/wp2\/cesta-slovenskych-vitazov-festivalu-vedy-a-techniky-amavet-na-eucys-2025-v-rige\/#primaryimage\"},\"thumbnailUrl\":\"https:\/\/www.festivalvedy.sk\/wp2\/wp-content\/uploads\/2025\/11\/54798953932_cfcb001707_k1.jpg\",\"articleSection\":{\"1\":\"Novinky\",\"2\":\"Reprezentovali n\u00e1s\",\"3\":\"S\u00fa\u0165a\u017ee v zahrani\u010d\u00ed\"},\"inLanguage\":\"sk-SK\"},{\"@type\":\"WebPage\",\"@id\":\"https:\/\/www.festivalvedy.sk\/wp2\/cesta-slovenskych-vitazov-festivalu-vedy-a-techniky-amavet-na-eucys-2025-v-rige\/\",\"url\":\"https:\/\/www.festivalvedy.sk\/wp2\/cesta-slovenskych-vitazov-festivalu-vedy-a-techniky-amavet-na-eucys-2025-v-rige\/\",\"name\":\"Cesta slovensk\u00fdch v\u00ed\u0165azov Festivalu vedy a techniky AMAVET na EUCYS 2025 v Rige - Festival vedy a techniky AMAVET\",\"isPartOf\":{\"@id\":\"https:\/\/www.festivalvedy.sk\/wp2\/#website\"},\"primaryImageOfPage\":{\"@id\":\"https:\/\/www.festivalvedy.sk\/wp2\/cesta-slovenskych-vitazov-festivalu-vedy-a-techniky-amavet-na-eucys-2025-v-rige\/#primaryimage\"},\"image\":{\"@id\":\"https:\/\/www.festivalvedy.sk\/wp2\/cesta-slovenskych-vitazov-festivalu-vedy-a-techniky-amavet-na-eucys-2025-v-rige\/#primaryimage\"},\"thumbnailUrl\":\"https:\/\/www.festivalvedy.sk\/wp2\/wp-content\/uploads\/2025\/11\/54798953932_cfcb001707_k1.jpg\",\"datePublished\":\"2025-11-14T08:11:02+00:00\",\"dateModified\":\"2025-11-14T08:14:20+00:00\",\"breadcrumb\":{\"@id\":\"https:\/\/www.festivalvedy.sk\/wp2\/cesta-slovenskych-vitazov-festivalu-vedy-a-techniky-amavet-na-eucys-2025-v-rige\/#breadcrumb\"},\"inLanguage\":\"sk-SK\",\"potentialAction\":[{\"@type\":\"ReadAction\",\"target\":[\"https:\/\/www.festivalvedy.sk\/wp2\/cesta-slovenskych-vitazov-festivalu-vedy-a-techniky-amavet-na-eucys-2025-v-rige\/\"]}]},{\"@type\":\"ImageObject\",\"inLanguage\":\"sk-SK\",\"@id\":\"https:\/\/www.festivalvedy.sk\/wp2\/cesta-slovenskych-vitazov-festivalu-vedy-a-techniky-amavet-na-eucys-2025-v-rige\/#primaryimage\",\"url\":\"https:\/\/www.festivalvedy.sk\/wp2\/wp-content\/uploads\/2025\/11\/54798953932_cfcb001707_k1.jpg\",\"contentUrl\":\"https:\/\/www.festivalvedy.sk\/wp2\/wp-content\/uploads\/2025\/11\/54798953932_cfcb001707_k1.jpg\",\"width\":2048,\"height\":1365},{\"@type\":\"BreadcrumbList\",\"@id\":\"https:\/\/www.festivalvedy.sk\/wp2\/cesta-slovenskych-vitazov-festivalu-vedy-a-techniky-amavet-na-eucys-2025-v-rige\/#breadcrumb\",\"itemListElement\":[{\"@type\":\"ListItem\",\"position\":1,\"name\":\"Home\",\"item\":\"https:\/\/www.festivalvedy.sk\/wp2\/\"},{\"@type\":\"ListItem\",\"position\":2,\"name\":\"Cesta slovensk\u00fdch v\u00ed\u0165azov Festivalu vedy a techniky AMAVET na EUCYS 2025 v Rige\"}]},{\"@type\":\"WebSite\",\"@id\":\"https:\/\/www.festivalvedy.sk\/wp2\/#website\",\"url\":\"https:\/\/www.festivalvedy.sk\/wp2\/\",\"name\":\"Festival vedy a techniky AMAVET\",\"description\":\"AMAVET - Asoci\u00e1cia pre ml\u00e1de\u017e, vedu a techniku\",\"publisher\":{\"@id\":\"https:\/\/www.festivalvedy.sk\/wp2\/#organization\"},\"potentialAction\":[{\"@type\":\"SearchAction\",\"target\":{\"@type\":\"EntryPoint\",\"urlTemplate\":\"https:\/\/www.festivalvedy.sk\/wp2\/?s={search_term_string}\"},\"query-input\":{\"@type\":\"PropertyValueSpecification\",\"valueRequired\":true,\"valueName\":\"search_term_string\"}}],\"inLanguage\":\"sk-SK\"},{\"@type\":\"Organization\",\"@id\":\"https:\/\/www.festivalvedy.sk\/wp2\/#organization\",\"name\":\"Festival vedy a techniky AMAVET\",\"url\":\"https:\/\/www.festivalvedy.sk\/wp2\/\",\"logo\":{\"@type\":\"ImageObject\",\"inLanguage\":\"sk-SK\",\"@id\":\"https:\/\/www.festivalvedy.sk\/wp2\/#\/schema\/logo\/image\/\",\"url\":\"https:\/\/www.festivalvedy.sk\/wp2\/wp-content\/uploads\/2022\/02\/cropped-fvat-ochranna-zona.png\",\"contentUrl\":\"https:\/\/www.festivalvedy.sk\/wp2\/wp-content\/uploads\/2022\/02\/cropped-fvat-ochranna-zona.png\",\"width\":1190,\"height\":357,\"caption\":\"Festival vedy a techniky AMAVET\"},\"image\":{\"@id\":\"https:\/\/www.festivalvedy.sk\/wp2\/#\/schema\/logo\/image\/\"}},{\"@type\":\"Person\",\"@id\":\"https:\/\/www.festivalvedy.sk\/wp2\/#\/schema\/person\/7875f2822eb6744f8a6b8da979bb4d70\",\"name\":\"cichova@amavet.sk\",\"image\":{\"@type\":\"ImageObject\",\"inLanguage\":\"sk-SK\",\"@id\":\"https:\/\/secure.gravatar.com\/avatar\/6227f01bf3909de753b0c67135a8bcd4eb2f9674d0dc3890077f42d17beffba8?s=96&d=mm&r=g\",\"url\":\"https:\/\/secure.gravatar.com\/avatar\/6227f01bf3909de753b0c67135a8bcd4eb2f9674d0dc3890077f42d17beffba8?s=96&d=mm&r=g\",\"contentUrl\":\"https:\/\/secure.gravatar.com\/avatar\/6227f01bf3909de753b0c67135a8bcd4eb2f9674d0dc3890077f42d17beffba8?s=96&d=mm&r=g\",\"caption\":\"cichova@amavet.sk\"},\"url\":\"https:\/\/www.festivalvedy.sk\/wp2\/author\/cichovaamavet-sk\/\"}]}<\/script>\n<!-- \/ Yoast SEO plugin. -->","yoast_head_json":{"title":"Cesta slovensk\u00fdch v\u00ed\u0165azov Festivalu vedy a techniky AMAVET na EUCYS 2025 v Rige - Festival vedy a techniky AMAVET","robots":{"index":"index","follow":"follow","max-snippet":"max-snippet:-1","max-image-preview":"max-image-preview:large","max-video-preview":"max-video-preview:-1"},"canonical":"https:\/\/www.festivalvedy.sk\/wp2\/cesta-slovenskych-vitazov-festivalu-vedy-a-techniky-amavet-na-eucys-2025-v-rige\/","og_locale":"sk_SK","og_type":"article","og_title":"Cesta slovensk\u00fdch v\u00ed\u0165azov Festivalu vedy a techniky AMAVET na EUCYS 2025 v Rige - Festival vedy a techniky AMAVET","og_description":"V\u00ed\u0165azi Festivalu vedy a techniky AMAVET 2024, Martin Zayonc a Igor Vi\u0161\u0148ovsk\u00fd, za\u017eili v\u00fdnimo\u010dn\u00fa cestu na 36. ro\u010dn\u00edk European Union Contest for Young Scientists (EUCYS), ktor\u00fd sa konal od 15. do 20. septembra 2025 v hlavnom meste Loty\u0161ska, Rige. Slovensko a AMAVET reprezentovali s projektom \u201eFutbalov\u00ed roboti\u201c. Obaja \u00fa\u010dastn\u00edci sa podelili o svoje dojmy a [&hellip;]","og_url":"https:\/\/www.festivalvedy.sk\/wp2\/cesta-slovenskych-vitazov-festivalu-vedy-a-techniky-amavet-na-eucys-2025-v-rige\/","og_site_name":"Festival vedy a techniky AMAVET","article_published_time":"2025-11-14T08:11:02+00:00","article_modified_time":"2025-11-14T08:14:20+00:00","og_image":[{"width":2048,"height":1365,"url":"https:\/\/www.festivalvedy.sk\/wp2\/wp-content\/uploads\/2025\/11\/54798953932_cfcb001707_k1.jpg","type":"image\/jpeg"}],"author":"cichova@amavet.sk","twitter_card":"summary_large_image","twitter_misc":{"Autor":"cichova@amavet.sk","Predpokladan\u00fd \u010das \u010d\u00edtania":"3 min\u00faty"},"schema":{"@context":"https:\/\/schema.org","@graph":[{"@type":"Article","@id":"https:\/\/www.festivalvedy.sk\/wp2\/cesta-slovenskych-vitazov-festivalu-vedy-a-techniky-amavet-na-eucys-2025-v-rige\/#article","isPartOf":{"@id":"https:\/\/www.festivalvedy.sk\/wp2\/cesta-slovenskych-vitazov-festivalu-vedy-a-techniky-amavet-na-eucys-2025-v-rige\/"},"author":{"name":"cichova@amavet.sk","@id":"https:\/\/www.festivalvedy.sk\/wp2\/#\/schema\/person\/7875f2822eb6744f8a6b8da979bb4d70"},"headline":"Cesta slovensk\u00fdch v\u00ed\u0165azov Festivalu vedy a techniky AMAVET na EUCYS 2025 v Rige","datePublished":"2025-11-14T08:11:02+00:00","dateModified":"2025-11-14T08:14:20+00:00","mainEntityOfPage":{"@id":"https:\/\/www.festivalvedy.sk\/wp2\/cesta-slovenskych-vitazov-festivalu-vedy-a-techniky-amavet-na-eucys-2025-v-rige\/"},"wordCount":505,"publisher":{"@id":"https:\/\/www.festivalvedy.sk\/wp2\/#organization"},"image":{"@id":"https:\/\/www.festivalvedy.sk\/wp2\/cesta-slovenskych-vitazov-festivalu-vedy-a-techniky-amavet-na-eucys-2025-v-rige\/#primaryimage"},"thumbnailUrl":"https:\/\/www.festivalvedy.sk\/wp2\/wp-content\/uploads\/2025\/11\/54798953932_cfcb001707_k1.jpg","articleSection":{"1":"Novinky","2":"Reprezentovali n\u00e1s","3":"S\u00fa\u0165a\u017ee v zahrani\u010d\u00ed"},"inLanguage":"sk-SK"},{"@type":"WebPage","@id":"https:\/\/www.festivalvedy.sk\/wp2\/cesta-slovenskych-vitazov-festivalu-vedy-a-techniky-amavet-na-eucys-2025-v-rige\/","url":"https:\/\/www.festivalvedy.sk\/wp2\/cesta-slovenskych-vitazov-festivalu-vedy-a-techniky-amavet-na-eucys-2025-v-rige\/","name":"Cesta slovensk\u00fdch v\u00ed\u0165azov Festivalu vedy a techniky AMAVET na EUCYS 2025 v Rige - Festival vedy a techniky AMAVET","isPartOf":{"@id":"https:\/\/www.festivalvedy.sk\/wp2\/#website"},"primaryImageOfPage":{"@id":"https:\/\/www.festivalvedy.sk\/wp2\/cesta-slovenskych-vitazov-festivalu-vedy-a-techniky-amavet-na-eucys-2025-v-rige\/#primaryimage"},"image":{"@id":"https:\/\/www.festivalvedy.sk\/wp2\/cesta-slovenskych-vitazov-festivalu-vedy-a-techniky-amavet-na-eucys-2025-v-rige\/#primaryimage"},"thumbnailUrl":"https:\/\/www.festivalvedy.sk\/wp2\/wp-content\/uploads\/2025\/11\/54798953932_cfcb001707_k1.jpg","datePublished":"2025-11-14T08:11:02+00:00","dateModified":"2025-11-14T08:14:20+00:00","breadcrumb":{"@id":"https:\/\/www.festivalvedy.sk\/wp2\/cesta-slovenskych-vitazov-festivalu-vedy-a-techniky-amavet-na-eucys-2025-v-rige\/#breadcrumb"},"inLanguage":"sk-SK","potentialAction":[{"@type":"ReadAction","target":["https:\/\/www.festivalvedy.sk\/wp2\/cesta-slovenskych-vitazov-festivalu-vedy-a-techniky-amavet-na-eucys-2025-v-rige\/"]}]},{"@type":"ImageObject","inLanguage":"sk-SK","@id":"https:\/\/www.festivalvedy.sk\/wp2\/cesta-slovenskych-vitazov-festivalu-vedy-a-techniky-amavet-na-eucys-2025-v-rige\/#primaryimage","url":"https:\/\/www.festivalvedy.sk\/wp2\/wp-content\/uploads\/2025\/11\/54798953932_cfcb001707_k1.jpg","contentUrl":"https:\/\/www.festivalvedy.sk\/wp2\/wp-content\/uploads\/2025\/11\/54798953932_cfcb001707_k1.jpg","width":2048,"height":1365},{"@type":"BreadcrumbList","@id":"https:\/\/www.festivalvedy.sk\/wp2\/cesta-slovenskych-vitazov-festivalu-vedy-a-techniky-amavet-na-eucys-2025-v-rige\/#breadcrumb","itemListElement":[{"@type":"ListItem","position":1,"name":"Home","item":"https:\/\/www.festivalvedy.sk\/wp2\/"},{"@type":"ListItem","position":2,"name":"Cesta slovensk\u00fdch v\u00ed\u0165azov Festivalu vedy a techniky AMAVET na EUCYS 2025 v Rige"}]},{"@type":"WebSite","@id":"https:\/\/www.festivalvedy.sk\/wp2\/#website","url":"https:\/\/www.festivalvedy.sk\/wp2\/","name":"Festival vedy a techniky AMAVET","description":"AMAVET - Asoci\u00e1cia pre ml\u00e1de\u017e, vedu a techniku","publisher":{"@id":"https:\/\/www.festivalvedy.sk\/wp2\/#organization"},"potentialAction":[{"@type":"SearchAction","target":{"@type":"EntryPoint","urlTemplate":"https:\/\/www.festivalvedy.sk\/wp2\/?s={search_term_string}"},"query-input":{"@type":"PropertyValueSpecification","valueRequired":true,"valueName":"search_term_string"}}],"inLanguage":"sk-SK"},{"@type":"Organization","@id":"https:\/\/www.festivalvedy.sk\/wp2\/#organization","name":"Festival vedy a techniky AMAVET","url":"https:\/\/www.festivalvedy.sk\/wp2\/","logo":{"@type":"ImageObject","inLanguage":"sk-SK","@id":"https:\/\/www.festivalvedy.sk\/wp2\/#\/schema\/logo\/image\/","url":"https:\/\/www.festivalvedy.sk\/wp2\/wp-content\/uploads\/2022\/02\/cropped-fvat-ochranna-zona.png","contentUrl":"https:\/\/www.festivalvedy.sk\/wp2\/wp-content\/uploads\/2022\/02\/cropped-fvat-ochranna-zona.png","width":1190,"height":357,"caption":"Festival vedy a techniky AMAVET"},"image":{"@id":"https:\/\/www.festivalvedy.sk\/wp2\/#\/schema\/logo\/image\/"}},{"@type":"Person","@id":"https:\/\/www.festivalvedy.sk\/wp2\/#\/schema\/person\/7875f2822eb6744f8a6b8da979bb4d70","name":"cichova@amavet.sk","image":{"@type":"ImageObject","inLanguage":"sk-SK","@id":"https:\/\/secure.gravatar.com\/avatar\/6227f01bf3909de753b0c67135a8bcd4eb2f9674d0dc3890077f42d17beffba8?s=96&d=mm&r=g","url":"https:\/\/secure.gravatar.com\/avatar\/6227f01bf3909de753b0c67135a8bcd4eb2f9674d0dc3890077f42d17beffba8?s=96&d=mm&r=g","contentUrl":"https:\/\/secure.gravatar.com\/avatar\/6227f01bf3909de753b0c67135a8bcd4eb2f9674d0dc3890077f42d17beffba8?s=96&d=mm&r=g","caption":"cichova@amavet.sk"},"url":"https:\/\/www.festivalvedy.sk\/wp2\/author\/cichovaamavet-sk\/"}]}},"_links":{"self":[{"href":"https:\/\/www.festivalvedy.sk\/wp2\/wp-json\/wp\/v2\/posts\/5227","targetHints":{"allow":["GET"]}}],"collection":[{"href":"https:\/\/www.festivalvedy.sk\/wp2\/wp-json\/wp\/v2\/posts"}],"about":[{"href":"https:\/\/www.festivalvedy.sk\/wp2\/wp-json\/wp\/v2\/types\/post"}],"author":[{"embeddable":true,"href":"https:\/\/www.festivalvedy.sk\/wp2\/wp-json\/wp\/v2\/users\/3"}],"replies":[{"embeddable":true,"href":"https:\/\/www.festivalvedy.sk\/wp2\/wp-json\/wp\/v2\/comments?post=5227"}],"version-history":[{"count":4,"href":"https:\/\/www.festivalvedy.sk\/wp2\/wp-json\/wp\/v2\/posts\/5227\/revisions"}],"predecessor-version":[{"id":5236,"href":"https:\/\/www.festivalvedy.sk\/wp2\/wp-json\/wp\/v2\/posts\/5227\/revisions\/5236"}],"wp:featuredmedia":[{"embeddable":true,"href":"https:\/\/www.festivalvedy.sk\/wp2\/wp-json\/wp\/v2\/media\/5233"}],"wp:attachment":[{"href":"https:\/\/www.festivalvedy.sk\/wp2\/wp-json\/wp\/v2\/media?parent=5227"}],"wp:term":[{"taxonomy":"category","embeddable":true,"href":"https:\/\/www.festivalvedy.sk\/wp2\/wp-json\/wp\/v2\/categories?post=5227"},{"taxonomy":"post_tag","embeddable":true,"href":"https:\/\/www.festivalvedy.sk\/wp2\/wp-json\/wp\/v2\/tags?post=5227"}],"curies":[{"name":"wp","href":"https:\/\/api.w.org\/{rel}","templated":true}]}}