{"id":5243,"date":"2025-11-14T09:21:19","date_gmt":"2025-11-14T08:21:19","guid":{"rendered":"https:\/\/www.festivalvedy.sk\/wp2\/?p=5243"},"modified":"2025-11-14T09:24:48","modified_gmt":"2025-11-14T08:24:48","slug":"nezabudnutelna-cesta-vitazov-fvat-na-milset-esi-2025","status":"publish","type":"post","link":"https:\/\/www.festivalvedy.sk\/wp2\/nezabudnutelna-cesta-vitazov-fvat-na-milset-esi-2025\/","title":{"rendered":"Nezabudnute\u013en\u00e1 cesta v\u00ed\u0165azov FVAT na MILSET ESI 2025"},"content":{"rendered":"<section class=\"kc-elm kc-css-442642 kc_row\"><div class=\"kc-row-container  kc-container\"><div class=\"kc-wrap-columns\"><div class=\"kc-elm kc-css-263936 kc_column kc_col-sm-12\"><div class=\"kc-col-container\"><div class=\"kc-elm kc-css-201543 kc_text_block\"><\/p>\n<p><strong>Na prelome septembra a okt\u00f3bra sa uskuto\u010dnila posledn\u00e1 cesta v\u00ed\u0165azov Festivalu vedy a techniky AMAVET 2024, ktor\u00e1 smerovala do Abu Dhabi. Deleg\u00e1cia AMAVET-u sa z\u00fa\u010dastnila na prest\u00ed\u017enej medzin\u00e1rodnej s\u00fa\u0165a\u017ei MILSET Expo-Sciences International (ESI) 2025 v Spojen\u00fdch arabsk\u00fdch emir\u00e1toch. Podujatie pril\u00e1kalo mlad\u00fdch vedcov a inov\u00e1torov z viac ako 70 kraj\u00edn sveta, ktor\u00ed mali pr\u00edle\u017eitos\u0165 predstavi\u0165 svoje projekty, vymeni\u0165 si sk\u00fasenosti a za\u017ei\u0165 atmosf\u00e9ru vedeckej komunity na glob\u00e1lnej \u00farovni.<\/strong><span id=\"more-10692\"><\/span><\/p>\n<p><strong>Ved\u00faci deleg\u00e1cie Samuel Smoter vyzdvihol<\/strong>, \u017ee \u00fa\u010das\u0165 na ESI 2025 bola pre na\u0161ich \u0161tudentov jedine\u010dnou pr\u00edle\u017eitos\u0165ou. T\u00fd\u017ede\u0148 pln\u00fd prezent\u00e1ci\u00ed, workshopov a kult\u00farnych podujat\u00ed ich nielen obohatil o nov\u00e9 poznatky, ale aj pribl\u00ed\u017eil k rozmanit\u00fdm kult\u00faram a my\u0161lienkam z cel\u00e9ho sveta. Na\u0161i \u0161tudenti s hrdos\u0165ou prezentovali svoje projekty vo ve\u013ekom v\u00fdstavnom centre ADNEC, kde sa s nimi zozn\u00e1mili nielen n\u00e1v\u0161tevn\u00edci, ale aj odborn\u00edci z r\u00f4znych oblast\u00ed. Okrem vedeck\u00e9ho programu za\u017eili aj nezabudnute\u013en\u00e9 Safari na p\u00fa\u0161ti, \u010do dodalo celej v\u00fdprave osobit\u00fd rozmer.<\/p>\n<p><strong>Samuel Adamus<\/strong> op\u00edsal svoju \u00fa\u010das\u0165 na MILSET ESI 2025 ako v\u00fdnimo\u010dn\u00fa pr\u00edle\u017eitos\u0165. Spoznal mno\u017estvo in\u0161pirat\u00edvnych \u013eud\u00ed z cel\u00e9ho sveta, obozn\u00e1mil sa s r\u00f4znorod\u00fdmi kult\u00farami a pr\u00edstupmi k vede. Prezent\u00e1cia jeho projektu mu poskytla cenn\u00fa sp\u00e4tn\u00fa v\u00e4zbu a in\u0161pir\u00e1ciu na \u010fal\u0161\u00ed rozvoj. Aj ja som bol nad\u0161en\u00fd zo Safari.<\/p>\n<p><strong>Jozef Jabczun<\/strong> pova\u017euje svoju \u00fa\u010das\u0165 na ESI 2025 za mimoriadny z\u00e1\u017eitok. Prezent\u00e1cia vlastn\u00e9ho projektu mu priniesla cenn\u00e9 sk\u00fasenosti a sp\u00e4tn\u00fa v\u00e4zbu od odborn\u00edkov aj rovesn\u00edkov. V\u010faka stretnutiam s \u010fal\u0161\u00edmi nad\u0161encami pr\u00edrodn\u00fdch vied na\u010derpal nov\u00e9 poznatky a n\u00e1pady. Celkov\u00e1 atmosf\u00e9ra podujatia, priate\u013esk\u00e9 prostredie a sprievodn\u00fd program boli v\u00fdborn\u00e9.<\/p>\n<p><strong>\u00da\u010das\u0165 na MILSET ESI 2025 bola pre v\u0161etk\u00fdch z\u00fa\u010dastnen\u00fdch nielen ve\u013ekou vedeckou sk\u00fasenos\u0165ou, ale aj motiv\u00e1ciou pre \u010fal\u0161\u00ed rozvoj a osobnostn\u00fd rast. Na\u0161i \u0161tudenti sa vr\u00e1tili domov pln\u00ed nov\u00fdch n\u00e1padov a z\u00e1\u017eitkov, ktor\u00e9 ur\u010dite vyu\u017eij\u00fa vo svojej bud\u00facej kari\u00e9re. Na z\u00e1ver by sme chceli srde\u010dne po\u010fakova\u0165 Nad\u00e1cii ESET za ich finan\u010dn\u00fa podporu, ktor\u00e1 umo\u017enila t\u00fato nezabudnute\u013en\u00fa cestu a prispela k \u00faspechu na\u0161ich mlad\u00fdch vedcov na medzin\u00e1rodnej sc\u00e9ne.<\/strong><\/p>\n<p>Barbora C\u00edchov\u00e1, Samuel Smoter<\/p>\n<p>\n<\/div><div class=\"kc-image-gallery kc-elm kc-css-263025\">\n<div class=\"kc_image_gallery kc-carousel-image kc-grid \">\n<div class=\"item-grid grid-4\"><img decoding=\"async\" src=\"https:\/\/www.festivalvedy.sk\/wp2\/wp-content\/uploads\/2025\/11\/WhatsApp-Image-2025-10-07-at-07.56.24.jpeg\" alt=\"\"\/><\/div><div class=\"item-grid grid-4\"><img decoding=\"async\" src=\"https:\/\/www.festivalvedy.sk\/wp2\/wp-content\/uploads\/2025\/11\/WhatsApp-Image-2025-10-07-at-07.56.242.jpeg\" alt=\"\"\/><\/div><div class=\"item-grid grid-4\"><img decoding=\"async\" src=\"https:\/\/www.festivalvedy.sk\/wp2\/wp-content\/uploads\/2025\/11\/WhatsApp-Image-2025-10-07-at-07.56.241.jpeg\" alt=\"\"\/><\/div><div class=\"item-grid grid-4\"><img decoding=\"async\" src=\"https:\/\/www.festivalvedy.sk\/wp2\/wp-content\/uploads\/2025\/11\/WhatsApp-Image-2025-10-07-at-07.56.23.jpeg\" alt=\"\"\/><\/div><div class=\"item-grid grid-4\"><img decoding=\"async\" src=\"https:\/\/www.festivalvedy.sk\/wp2\/wp-content\/uploads\/2025\/11\/WhatsApp-Image-2025-10-07-at-07.56.235.jpeg\" alt=\"\"\/><\/div><div class=\"item-grid grid-4\"><img decoding=\"async\" src=\"https:\/\/www.festivalvedy.sk\/wp2\/wp-content\/uploads\/2025\/11\/WhatsApp-Image-2025-10-07-at-07.56.234.jpeg\" alt=\"\"\/><\/div><div class=\"item-grid grid-4\"><img decoding=\"async\" src=\"https:\/\/www.festivalvedy.sk\/wp2\/wp-content\/uploads\/2025\/11\/WhatsApp-Image-2025-10-07-at-07.56.233.jpeg\" alt=\"\"\/><\/div><div class=\"item-grid grid-4\"><img decoding=\"async\" src=\"https:\/\/www.festivalvedy.sk\/wp2\/wp-content\/uploads\/2025\/11\/WhatsApp-Image-2025-10-07-at-07.56.232.jpeg\" alt=\"\"\/><\/div><div class=\"item-grid grid-4\"><img decoding=\"async\" src=\"https:\/\/www.festivalvedy.sk\/wp2\/wp-content\/uploads\/2025\/11\/WhatsApp-Image-2025-10-07-at-07.56.231.jpeg\" alt=\"\"\/><\/div><div class=\"item-grid grid-4\"><img decoding=\"async\" src=\"https:\/\/www.festivalvedy.sk\/wp2\/wp-content\/uploads\/2025\/11\/WhatsApp-Image-2025-10-07-at-07.56.22.jpeg\" alt=\"\"\/><\/div><div class=\"item-grid grid-4\"><img decoding=\"async\" src=\"https:\/\/www.festivalvedy.sk\/wp2\/wp-content\/uploads\/2025\/11\/WhatsApp-Image-2025-10-07-at-07.56.222.jpeg\" alt=\"\"\/><\/div><div class=\"item-grid grid-4\"><img decoding=\"async\" src=\"https:\/\/www.festivalvedy.sk\/wp2\/wp-content\/uploads\/2025\/11\/WhatsApp-Image-2025-10-07-at-07.56.221.jpeg\" alt=\"\"\/><\/div><\/div>\n<\/div><\/div><\/div><\/div><\/div><\/section>\n","protected":false},"excerpt":{"rendered":"","protected":false},"author":3,"featured_media":5247,"comment_status":"closed","ping_status":"closed","sticky":false,"template":"","format":"standard","meta":{"om_disable_all_campaigns":false,"_monsterinsights_skip_tracking":false,"_monsterinsights_sitenote_active":false,"_monsterinsights_sitenote_note":"","_monsterinsights_sitenote_category":0,"_uf_show_specific_survey":0,"_uf_disable_surveys":false,"footnotes":""},"categories":[1,33,32,5],"tags":[],"class_list":["post-5243","post","type-post","status-publish","format-standard","has-post-thumbnail","hentry","category-nezaradene","category-novinky","category-vitazi-v-zahranici","category-sutaze-v-zahranici"],"yoast_head":"<!-- This site is optimized with the Yoast SEO plugin v27.2 - https:\/\/yoast.com\/product\/yoast-seo-wordpress\/ -->\n<title>Nezabudnute\u013en\u00e1 cesta v\u00ed\u0165azov FVAT na MILSET ESI 2025 - Festival vedy a techniky AMAVET<\/title>\n<meta name=\"robots\" content=\"index, follow, max-snippet:-1, max-image-preview:large, max-video-preview:-1\" \/>\n<link rel=\"canonical\" href=\"https:\/\/www.festivalvedy.sk\/wp2\/nezabudnutelna-cesta-vitazov-fvat-na-milset-esi-2025\/\" \/>\n<meta property=\"og:locale\" content=\"sk_SK\" \/>\n<meta property=\"og:type\" content=\"article\" \/>\n<meta property=\"og:title\" content=\"Nezabudnute\u013en\u00e1 cesta v\u00ed\u0165azov FVAT na MILSET ESI 2025 - Festival vedy a techniky AMAVET\" \/>\n<meta property=\"og:description\" content=\"Na prelome septembra a okt\u00f3bra sa uskuto\u010dnila posledn\u00e1 cesta v\u00ed\u0165azov Festivalu vedy a techniky AMAVET 2024, ktor\u00e1 smerovala do Abu Dhabi. Deleg\u00e1cia AMAVET-u sa z\u00fa\u010dastnila na prest\u00ed\u017enej medzin\u00e1rodnej s\u00fa\u0165a\u017ei MILSET Expo-Sciences International (ESI) 2025 v Spojen\u00fdch arabsk\u00fdch emir\u00e1toch. Podujatie pril\u00e1kalo mlad\u00fdch vedcov a inov\u00e1torov z viac ako 70 kraj\u00edn sveta, ktor\u00ed mali pr\u00edle\u017eitos\u0165 predstavi\u0165 svoje [&hellip;]\" \/>\n<meta property=\"og:url\" content=\"https:\/\/www.festivalvedy.sk\/wp2\/nezabudnutelna-cesta-vitazov-fvat-na-milset-esi-2025\/\" \/>\n<meta property=\"og:site_name\" content=\"Festival vedy a techniky AMAVET\" \/>\n<meta property=\"article:published_time\" content=\"2025-11-14T08:21:19+00:00\" \/>\n<meta property=\"article:modified_time\" content=\"2025-11-14T08:24:48+00:00\" \/>\n<meta property=\"og:image\" content=\"https:\/\/www.festivalvedy.sk\/wp2\/wp-content\/uploads\/2025\/11\/WhatsApp-Image-2025-10-07-at-07.56.22.jpeg\" \/>\n\t<meta property=\"og:image:width\" content=\"1200\" \/>\n\t<meta property=\"og:image:height\" content=\"1600\" \/>\n\t<meta property=\"og:image:type\" content=\"image\/jpeg\" \/>\n<meta name=\"author\" content=\"cichova@amavet.sk\" \/>\n<meta name=\"twitter:card\" content=\"summary_large_image\" \/>\n<meta name=\"twitter:label1\" content=\"Autor\" \/>\n\t<meta name=\"twitter:data1\" content=\"cichova@amavet.sk\" \/>\n\t<meta name=\"twitter:label2\" content=\"Predpokladan\u00fd \u010das \u010d\u00edtania\" \/>\n\t<meta name=\"twitter:data2\" content=\"2 min\u00faty\" \/>\n<script type=\"application\/ld+json\" class=\"yoast-schema-graph\">{\"@context\":\"https:\/\/schema.org\",\"@graph\":[{\"@type\":\"Article\",\"@id\":\"https:\/\/www.festivalvedy.sk\/wp2\/nezabudnutelna-cesta-vitazov-fvat-na-milset-esi-2025\/#article\",\"isPartOf\":{\"@id\":\"https:\/\/www.festivalvedy.sk\/wp2\/nezabudnutelna-cesta-vitazov-fvat-na-milset-esi-2025\/\"},\"author\":{\"name\":\"cichova@amavet.sk\",\"@id\":\"https:\/\/www.festivalvedy.sk\/wp2\/#\/schema\/person\/7875f2822eb6744f8a6b8da979bb4d70\"},\"headline\":\"Nezabudnute\u013en\u00e1 cesta v\u00ed\u0165azov FVAT na MILSET ESI 2025\",\"datePublished\":\"2025-11-14T08:21:19+00:00\",\"dateModified\":\"2025-11-14T08:24:48+00:00\",\"mainEntityOfPage\":{\"@id\":\"https:\/\/www.festivalvedy.sk\/wp2\/nezabudnutelna-cesta-vitazov-fvat-na-milset-esi-2025\/\"},\"wordCount\":436,\"publisher\":{\"@id\":\"https:\/\/www.festivalvedy.sk\/wp2\/#organization\"},\"image\":{\"@id\":\"https:\/\/www.festivalvedy.sk\/wp2\/nezabudnutelna-cesta-vitazov-fvat-na-milset-esi-2025\/#primaryimage\"},\"thumbnailUrl\":\"https:\/\/www.festivalvedy.sk\/wp2\/wp-content\/uploads\/2025\/11\/WhatsApp-Image-2025-10-07-at-07.56.22.jpeg\",\"articleSection\":{\"1\":\"Novinky\",\"2\":\"Reprezentovali n\u00e1s\",\"3\":\"S\u00fa\u0165a\u017ee v zahrani\u010d\u00ed\"},\"inLanguage\":\"sk-SK\"},{\"@type\":\"WebPage\",\"@id\":\"https:\/\/www.festivalvedy.sk\/wp2\/nezabudnutelna-cesta-vitazov-fvat-na-milset-esi-2025\/\",\"url\":\"https:\/\/www.festivalvedy.sk\/wp2\/nezabudnutelna-cesta-vitazov-fvat-na-milset-esi-2025\/\",\"name\":\"Nezabudnute\u013en\u00e1 cesta v\u00ed\u0165azov FVAT na MILSET ESI 2025 - Festival vedy a techniky AMAVET\",\"isPartOf\":{\"@id\":\"https:\/\/www.festivalvedy.sk\/wp2\/#website\"},\"primaryImageOfPage\":{\"@id\":\"https:\/\/www.festivalvedy.sk\/wp2\/nezabudnutelna-cesta-vitazov-fvat-na-milset-esi-2025\/#primaryimage\"},\"image\":{\"@id\":\"https:\/\/www.festivalvedy.sk\/wp2\/nezabudnutelna-cesta-vitazov-fvat-na-milset-esi-2025\/#primaryimage\"},\"thumbnailUrl\":\"https:\/\/www.festivalvedy.sk\/wp2\/wp-content\/uploads\/2025\/11\/WhatsApp-Image-2025-10-07-at-07.56.22.jpeg\",\"datePublished\":\"2025-11-14T08:21:19+00:00\",\"dateModified\":\"2025-11-14T08:24:48+00:00\",\"breadcrumb\":{\"@id\":\"https:\/\/www.festivalvedy.sk\/wp2\/nezabudnutelna-cesta-vitazov-fvat-na-milset-esi-2025\/#breadcrumb\"},\"inLanguage\":\"sk-SK\",\"potentialAction\":[{\"@type\":\"ReadAction\",\"target\":[\"https:\/\/www.festivalvedy.sk\/wp2\/nezabudnutelna-cesta-vitazov-fvat-na-milset-esi-2025\/\"]}]},{\"@type\":\"ImageObject\",\"inLanguage\":\"sk-SK\",\"@id\":\"https:\/\/www.festivalvedy.sk\/wp2\/nezabudnutelna-cesta-vitazov-fvat-na-milset-esi-2025\/#primaryimage\",\"url\":\"https:\/\/www.festivalvedy.sk\/wp2\/wp-content\/uploads\/2025\/11\/WhatsApp-Image-2025-10-07-at-07.56.22.jpeg\",\"contentUrl\":\"https:\/\/www.festivalvedy.sk\/wp2\/wp-content\/uploads\/2025\/11\/WhatsApp-Image-2025-10-07-at-07.56.22.jpeg\",\"width\":1200,\"height\":1600},{\"@type\":\"BreadcrumbList\",\"@id\":\"https:\/\/www.festivalvedy.sk\/wp2\/nezabudnutelna-cesta-vitazov-fvat-na-milset-esi-2025\/#breadcrumb\",\"itemListElement\":[{\"@type\":\"ListItem\",\"position\":1,\"name\":\"Home\",\"item\":\"https:\/\/www.festivalvedy.sk\/wp2\/\"},{\"@type\":\"ListItem\",\"position\":2,\"name\":\"Nezabudnute\u013en\u00e1 cesta v\u00ed\u0165azov FVAT na MILSET ESI 2025\"}]},{\"@type\":\"WebSite\",\"@id\":\"https:\/\/www.festivalvedy.sk\/wp2\/#website\",\"url\":\"https:\/\/www.festivalvedy.sk\/wp2\/\",\"name\":\"Festival vedy a techniky AMAVET\",\"description\":\"AMAVET - Asoci\u00e1cia pre ml\u00e1de\u017e, vedu a techniku\",\"publisher\":{\"@id\":\"https:\/\/www.festivalvedy.sk\/wp2\/#organization\"},\"potentialAction\":[{\"@type\":\"SearchAction\",\"target\":{\"@type\":\"EntryPoint\",\"urlTemplate\":\"https:\/\/www.festivalvedy.sk\/wp2\/?s={search_term_string}\"},\"query-input\":{\"@type\":\"PropertyValueSpecification\",\"valueRequired\":true,\"valueName\":\"search_term_string\"}}],\"inLanguage\":\"sk-SK\"},{\"@type\":\"Organization\",\"@id\":\"https:\/\/www.festivalvedy.sk\/wp2\/#organization\",\"name\":\"Festival vedy a techniky AMAVET\",\"url\":\"https:\/\/www.festivalvedy.sk\/wp2\/\",\"logo\":{\"@type\":\"ImageObject\",\"inLanguage\":\"sk-SK\",\"@id\":\"https:\/\/www.festivalvedy.sk\/wp2\/#\/schema\/logo\/image\/\",\"url\":\"https:\/\/www.festivalvedy.sk\/wp2\/wp-content\/uploads\/2022\/02\/cropped-fvat-ochranna-zona.png\",\"contentUrl\":\"https:\/\/www.festivalvedy.sk\/wp2\/wp-content\/uploads\/2022\/02\/cropped-fvat-ochranna-zona.png\",\"width\":1190,\"height\":357,\"caption\":\"Festival vedy a techniky AMAVET\"},\"image\":{\"@id\":\"https:\/\/www.festivalvedy.sk\/wp2\/#\/schema\/logo\/image\/\"}},{\"@type\":\"Person\",\"@id\":\"https:\/\/www.festivalvedy.sk\/wp2\/#\/schema\/person\/7875f2822eb6744f8a6b8da979bb4d70\",\"name\":\"cichova@amavet.sk\",\"image\":{\"@type\":\"ImageObject\",\"inLanguage\":\"sk-SK\",\"@id\":\"https:\/\/secure.gravatar.com\/avatar\/6227f01bf3909de753b0c67135a8bcd4eb2f9674d0dc3890077f42d17beffba8?s=96&d=mm&r=g\",\"url\":\"https:\/\/secure.gravatar.com\/avatar\/6227f01bf3909de753b0c67135a8bcd4eb2f9674d0dc3890077f42d17beffba8?s=96&d=mm&r=g\",\"contentUrl\":\"https:\/\/secure.gravatar.com\/avatar\/6227f01bf3909de753b0c67135a8bcd4eb2f9674d0dc3890077f42d17beffba8?s=96&d=mm&r=g\",\"caption\":\"cichova@amavet.sk\"},\"url\":\"https:\/\/www.festivalvedy.sk\/wp2\/author\/cichovaamavet-sk\/\"}]}<\/script>\n<!-- \/ Yoast SEO plugin. -->","yoast_head_json":{"title":"Nezabudnute\u013en\u00e1 cesta v\u00ed\u0165azov FVAT na MILSET ESI 2025 - Festival vedy a techniky AMAVET","robots":{"index":"index","follow":"follow","max-snippet":"max-snippet:-1","max-image-preview":"max-image-preview:large","max-video-preview":"max-video-preview:-1"},"canonical":"https:\/\/www.festivalvedy.sk\/wp2\/nezabudnutelna-cesta-vitazov-fvat-na-milset-esi-2025\/","og_locale":"sk_SK","og_type":"article","og_title":"Nezabudnute\u013en\u00e1 cesta v\u00ed\u0165azov FVAT na MILSET ESI 2025 - Festival vedy a techniky AMAVET","og_description":"Na prelome septembra a okt\u00f3bra sa uskuto\u010dnila posledn\u00e1 cesta v\u00ed\u0165azov Festivalu vedy a techniky AMAVET 2024, ktor\u00e1 smerovala do Abu Dhabi. Deleg\u00e1cia AMAVET-u sa z\u00fa\u010dastnila na prest\u00ed\u017enej medzin\u00e1rodnej s\u00fa\u0165a\u017ei MILSET Expo-Sciences International (ESI) 2025 v Spojen\u00fdch arabsk\u00fdch emir\u00e1toch. Podujatie pril\u00e1kalo mlad\u00fdch vedcov a inov\u00e1torov z viac ako 70 kraj\u00edn sveta, ktor\u00ed mali pr\u00edle\u017eitos\u0165 predstavi\u0165 svoje [&hellip;]","og_url":"https:\/\/www.festivalvedy.sk\/wp2\/nezabudnutelna-cesta-vitazov-fvat-na-milset-esi-2025\/","og_site_name":"Festival vedy a techniky AMAVET","article_published_time":"2025-11-14T08:21:19+00:00","article_modified_time":"2025-11-14T08:24:48+00:00","og_image":[{"width":1200,"height":1600,"url":"https:\/\/www.festivalvedy.sk\/wp2\/wp-content\/uploads\/2025\/11\/WhatsApp-Image-2025-10-07-at-07.56.22.jpeg","type":"image\/jpeg"}],"author":"cichova@amavet.sk","twitter_card":"summary_large_image","twitter_misc":{"Autor":"cichova@amavet.sk","Predpokladan\u00fd \u010das \u010d\u00edtania":"2 min\u00faty"},"schema":{"@context":"https:\/\/schema.org","@graph":[{"@type":"Article","@id":"https:\/\/www.festivalvedy.sk\/wp2\/nezabudnutelna-cesta-vitazov-fvat-na-milset-esi-2025\/#article","isPartOf":{"@id":"https:\/\/www.festivalvedy.sk\/wp2\/nezabudnutelna-cesta-vitazov-fvat-na-milset-esi-2025\/"},"author":{"name":"cichova@amavet.sk","@id":"https:\/\/www.festivalvedy.sk\/wp2\/#\/schema\/person\/7875f2822eb6744f8a6b8da979bb4d70"},"headline":"Nezabudnute\u013en\u00e1 cesta v\u00ed\u0165azov FVAT na MILSET ESI 2025","datePublished":"2025-11-14T08:21:19+00:00","dateModified":"2025-11-14T08:24:48+00:00","mainEntityOfPage":{"@id":"https:\/\/www.festivalvedy.sk\/wp2\/nezabudnutelna-cesta-vitazov-fvat-na-milset-esi-2025\/"},"wordCount":436,"publisher":{"@id":"https:\/\/www.festivalvedy.sk\/wp2\/#organization"},"image":{"@id":"https:\/\/www.festivalvedy.sk\/wp2\/nezabudnutelna-cesta-vitazov-fvat-na-milset-esi-2025\/#primaryimage"},"thumbnailUrl":"https:\/\/www.festivalvedy.sk\/wp2\/wp-content\/uploads\/2025\/11\/WhatsApp-Image-2025-10-07-at-07.56.22.jpeg","articleSection":{"1":"Novinky","2":"Reprezentovali n\u00e1s","3":"S\u00fa\u0165a\u017ee v zahrani\u010d\u00ed"},"inLanguage":"sk-SK"},{"@type":"WebPage","@id":"https:\/\/www.festivalvedy.sk\/wp2\/nezabudnutelna-cesta-vitazov-fvat-na-milset-esi-2025\/","url":"https:\/\/www.festivalvedy.sk\/wp2\/nezabudnutelna-cesta-vitazov-fvat-na-milset-esi-2025\/","name":"Nezabudnute\u013en\u00e1 cesta v\u00ed\u0165azov FVAT na MILSET ESI 2025 - Festival vedy a techniky AMAVET","isPartOf":{"@id":"https:\/\/www.festivalvedy.sk\/wp2\/#website"},"primaryImageOfPage":{"@id":"https:\/\/www.festivalvedy.sk\/wp2\/nezabudnutelna-cesta-vitazov-fvat-na-milset-esi-2025\/#primaryimage"},"image":{"@id":"https:\/\/www.festivalvedy.sk\/wp2\/nezabudnutelna-cesta-vitazov-fvat-na-milset-esi-2025\/#primaryimage"},"thumbnailUrl":"https:\/\/www.festivalvedy.sk\/wp2\/wp-content\/uploads\/2025\/11\/WhatsApp-Image-2025-10-07-at-07.56.22.jpeg","datePublished":"2025-11-14T08:21:19+00:00","dateModified":"2025-11-14T08:24:48+00:00","breadcrumb":{"@id":"https:\/\/www.festivalvedy.sk\/wp2\/nezabudnutelna-cesta-vitazov-fvat-na-milset-esi-2025\/#breadcrumb"},"inLanguage":"sk-SK","potentialAction":[{"@type":"ReadAction","target":["https:\/\/www.festivalvedy.sk\/wp2\/nezabudnutelna-cesta-vitazov-fvat-na-milset-esi-2025\/"]}]},{"@type":"ImageObject","inLanguage":"sk-SK","@id":"https:\/\/www.festivalvedy.sk\/wp2\/nezabudnutelna-cesta-vitazov-fvat-na-milset-esi-2025\/#primaryimage","url":"https:\/\/www.festivalvedy.sk\/wp2\/wp-content\/uploads\/2025\/11\/WhatsApp-Image-2025-10-07-at-07.56.22.jpeg","contentUrl":"https:\/\/www.festivalvedy.sk\/wp2\/wp-content\/uploads\/2025\/11\/WhatsApp-Image-2025-10-07-at-07.56.22.jpeg","width":1200,"height":1600},{"@type":"BreadcrumbList","@id":"https:\/\/www.festivalvedy.sk\/wp2\/nezabudnutelna-cesta-vitazov-fvat-na-milset-esi-2025\/#breadcrumb","itemListElement":[{"@type":"ListItem","position":1,"name":"Home","item":"https:\/\/www.festivalvedy.sk\/wp2\/"},{"@type":"ListItem","position":2,"name":"Nezabudnute\u013en\u00e1 cesta v\u00ed\u0165azov FVAT na MILSET ESI 2025"}]},{"@type":"WebSite","@id":"https:\/\/www.festivalvedy.sk\/wp2\/#website","url":"https:\/\/www.festivalvedy.sk\/wp2\/","name":"Festival vedy a techniky AMAVET","description":"AMAVET - Asoci\u00e1cia pre ml\u00e1de\u017e, vedu a techniku","publisher":{"@id":"https:\/\/www.festivalvedy.sk\/wp2\/#organization"},"potentialAction":[{"@type":"SearchAction","target":{"@type":"EntryPoint","urlTemplate":"https:\/\/www.festivalvedy.sk\/wp2\/?s={search_term_string}"},"query-input":{"@type":"PropertyValueSpecification","valueRequired":true,"valueName":"search_term_string"}}],"inLanguage":"sk-SK"},{"@type":"Organization","@id":"https:\/\/www.festivalvedy.sk\/wp2\/#organization","name":"Festival vedy a techniky AMAVET","url":"https:\/\/www.festivalvedy.sk\/wp2\/","logo":{"@type":"ImageObject","inLanguage":"sk-SK","@id":"https:\/\/www.festivalvedy.sk\/wp2\/#\/schema\/logo\/image\/","url":"https:\/\/www.festivalvedy.sk\/wp2\/wp-content\/uploads\/2022\/02\/cropped-fvat-ochranna-zona.png","contentUrl":"https:\/\/www.festivalvedy.sk\/wp2\/wp-content\/uploads\/2022\/02\/cropped-fvat-ochranna-zona.png","width":1190,"height":357,"caption":"Festival vedy a techniky AMAVET"},"image":{"@id":"https:\/\/www.festivalvedy.sk\/wp2\/#\/schema\/logo\/image\/"}},{"@type":"Person","@id":"https:\/\/www.festivalvedy.sk\/wp2\/#\/schema\/person\/7875f2822eb6744f8a6b8da979bb4d70","name":"cichova@amavet.sk","image":{"@type":"ImageObject","inLanguage":"sk-SK","@id":"https:\/\/secure.gravatar.com\/avatar\/6227f01bf3909de753b0c67135a8bcd4eb2f9674d0dc3890077f42d17beffba8?s=96&d=mm&r=g","url":"https:\/\/secure.gravatar.com\/avatar\/6227f01bf3909de753b0c67135a8bcd4eb2f9674d0dc3890077f42d17beffba8?s=96&d=mm&r=g","contentUrl":"https:\/\/secure.gravatar.com\/avatar\/6227f01bf3909de753b0c67135a8bcd4eb2f9674d0dc3890077f42d17beffba8?s=96&d=mm&r=g","caption":"cichova@amavet.sk"},"url":"https:\/\/www.festivalvedy.sk\/wp2\/author\/cichovaamavet-sk\/"}]}},"_links":{"self":[{"href":"https:\/\/www.festivalvedy.sk\/wp2\/wp-json\/wp\/v2\/posts\/5243","targetHints":{"allow":["GET"]}}],"collection":[{"href":"https:\/\/www.festivalvedy.sk\/wp2\/wp-json\/wp\/v2\/posts"}],"about":[{"href":"https:\/\/www.festivalvedy.sk\/wp2\/wp-json\/wp\/v2\/types\/post"}],"author":[{"embeddable":true,"href":"https:\/\/www.festivalvedy.sk\/wp2\/wp-json\/wp\/v2\/users\/3"}],"replies":[{"embeddable":true,"href":"https:\/\/www.festivalvedy.sk\/wp2\/wp-json\/wp\/v2\/comments?post=5243"}],"version-history":[{"count":3,"href":"https:\/\/www.festivalvedy.sk\/wp2\/wp-json\/wp\/v2\/posts\/5243\/revisions"}],"predecessor-version":[{"id":5258,"href":"https:\/\/www.festivalvedy.sk\/wp2\/wp-json\/wp\/v2\/posts\/5243\/revisions\/5258"}],"wp:featuredmedia":[{"embeddable":true,"href":"https:\/\/www.festivalvedy.sk\/wp2\/wp-json\/wp\/v2\/media\/5247"}],"wp:attachment":[{"href":"https:\/\/www.festivalvedy.sk\/wp2\/wp-json\/wp\/v2\/media?parent=5243"}],"wp:term":[{"taxonomy":"category","embeddable":true,"href":"https:\/\/www.festivalvedy.sk\/wp2\/wp-json\/wp\/v2\/categories?post=5243"},{"taxonomy":"post_tag","embeddable":true,"href":"https:\/\/www.festivalvedy.sk\/wp2\/wp-json\/wp\/v2\/tags?post=5243"}],"curies":[{"name":"wp","href":"https:\/\/api.w.org\/{rel}","templated":true}]}}