{"id":5259,"date":"2025-11-18T14:48:58","date_gmt":"2025-11-18T13:48:58","guid":{"rendered":"https:\/\/www.festivalvedy.sk\/wp2\/?p=5259"},"modified":"2025-11-19T08:38:47","modified_gmt":"2025-11-19T07:38:47","slug":"festival-vedy-a-techniky-amavet-2025-otvoril-tyzden-vedy-a-techniky-na-slovensku","status":"publish","type":"post","link":"https:\/\/www.festivalvedy.sk\/wp2\/festival-vedy-a-techniky-amavet-2025-otvoril-tyzden-vedy-a-techniky-na-slovensku\/","title":{"rendered":"Festival vedy a techniky AMAVET 2025 otvoril T\u00fd\u017ede\u0148 vedy a techniky na Slovensku"},"content":{"rendered":"<section class=\"kc-elm kc-css-655284 kc_row\"><div class=\"kc-row-container  kc-container\"><div class=\"kc-wrap-columns\"><div class=\"kc-elm kc-css-148486 kc_column kc_col-sm-12\"><div class=\"kc-col-container\"><div class=\"kc-elm kc-css-224710 kc_text_block\"><\/p>\n<p class=\"MsoNormal\">Atmosf\u00e9ru nad\u0161enia, zvedavosti a excelentnej mladej energie priniesol do Bratislavy 28. ro\u010dn\u00edk Festivalu vedy a techniky AMAVET, ktor\u00fd sl\u00e1vnostne otvoril T\u00fd\u017ede\u0148 vedy a techniky na Slovensku. Po\u010das ceremoni\u00e1lu Ministerstvo \u0161kolstva, v\u00fdskumu, v\u00fdvoja a ml\u00e1de\u017ee SR v spolupr\u00e1ci s Franc\u00fazskym ve\u013evyslanectvom na Slovensku odovzdalo Cenu Milana Rastislava \u0160tef\u00e1nika \u2013<br \/>prest\u00ed\u017ene uznanie, ktor\u00e9 pod\u010diarklo v\u00fdznam vedeckej pr\u00e1ce a medzin\u00e1rodnej spolupr\u00e1ce.<\/p>\n<p class=\"MsoNormal\">Hne\u010f po ofici\u00e1lnom otvoren\u00ed sa do pr\u00e1ce pustilo 81 \u017eiakov, preva\u017ene zo stredn\u00fdch \u0161k\u00f4l, so 60 origin\u00e1lnymi projektmi naprie\u010d vedecko\u2011technick\u00fdmi discipl\u00ednami. Po cel\u00fd de\u0148 im venovalo pozornos\u0165 27 odborn\u00edkov z univerz\u00edt, Slovenskej akad\u00e9mie vied aj aplika\u010dnej praxe. Finalisti z\u00edskavali kvalitn\u00fa sp\u00e4tn\u00fa v\u00e4zbu, cenn\u00e9 odpor\u00fa\u010dania a nadv\u00e4zovali nov\u00e9 kontakty so svojimi<br \/>rovesn\u00edkmi i mentormi.<\/p>\n<p class=\"MsoNormal\">Druh\u00fd de\u0148 patril in\u0161pirat\u00edvnym science talks \u2013 rozhovorom v\u00ed\u0165azov FVAT, ktor\u00ed v uplynulom obdob\u00ed reprezentovali Slovensko na prest\u00ed\u017enych svetov\u00fdch s\u00fa\u0165a\u017eiach a prehliadkach. Otvorene hovorili o programe svojich zahrani\u010dn\u00fdch pobytov, o zru\u010dnostiach a sk\u00fasenostiach, ktor\u00e9 nadobudli, aj o tom, ako ich t\u00e1to jedine\u010dn\u00e1 cesta posunula vpred v osobnom i profesion\u00e1lnom<br \/>raste. Program obohatila predn\u00e1\u0161ka Mgr. Martina Macka na t\u00e9mu du\u0161evn\u00e9ho vlastn\u00edctva a vyvrcholen\u00edm sprievodn\u00e9ho programu bol energick\u00fd Science Slam v podan\u00ed Veroniky Nagy Trembo\u0161ovej, Mateja Ra\u010dick\u00e9ho a Filipa Kv\u011bto\u0148a.<\/p>\n<p class=\"MsoNormal\">Vyvrcholenie festivalu prinieslo o\u010dak\u00e1van\u00e9 vyhl\u00e1senie v\u00fdsledkov a nomin\u00e1ci\u00ed na medzin\u00e1rodn\u00e9 s\u00fa\u0165a\u017ee, kde sa v\u00ed\u0165azn\u00e9 projekty a ich autori stan\u00fa v roku 2026 ambas\u00e1dormi slovenskej mladej vedy. Em\u00f3cie, nap\u00e4tie a rados\u0165 z \u00faspechu sprev\u00e1dzali ka\u017ed\u00fd okamih odovzd\u00e1vania cien \u2013 a pr\u00e1vom. Za ka\u017ed\u00fdm projektom s\u00fa mesiace pr\u00e1ce, objavovania a vytrvalosti.<\/p>\n<p class=\"MsoNormal\">Odborn\u00fa \u010das\u0165 podujatia zabezpe\u010dili: <a href=\"https:\/\/www.sav.sk\/\" target=\"_blank\" rel=\"noopener\">Slovensk\u00e1 akad\u00e9mia vied<\/a>,<a href=\"https:\/\/www.uniza.sk\/index.php\" target=\"_blank\" rel=\"noopener\"> \u017dilinsk\u00e1 univerzita v \u017diline<\/a>, <a href=\"https:\/\/www.upjs.sk\/prirodovedecka-fakulta\/\" target=\"_blank\" rel=\"noopener\">Pr\u00edrodovedeck\u00e1 fakulta Univerzity Pavla Jozefa \u0160af\u00e1rika v Ko\u0161iciach<\/a>, <a href=\"https:\/\/www.stuba.sk\/\" target=\"_blank\" rel=\"noopener\">Slovensk\u00e1 technick\u00e1 univerzita v Bratislave<\/a>, <a href=\"https:\/\/fns.uniba.sk\/\" target=\"_blank\" rel=\"noopener\">Pr\u00edrodovedeck\u00e1 fakulta Univerzity Komensk\u00e9ho v Bratislave<\/a> a <a href=\"https:\/\/www.tuke.sk\/sk\" target=\"_blank\" rel=\"noopener\">Technick\u00e1 univerzita v Ko\u0161iciach<\/a>.<\/p>\n<p class=\"MsoNormal\">Z\u00e1znamy z k\u013e\u00fa\u010dov\u00fdch momentov festivalu s\u00fa k dispoz\u00edcii online: sl\u00e1vnostn\u00e9 otvorenie, science talks \u2013 pr\u00edbehy v\u00ed\u0165azov FVAT a<br \/>vyhodnotenie s odovzd\u00e1van\u00edm cien n\u00e1jdete na str\u00e1nke: <a href=\"https:\/\/www.festivalvedy.sk\/wp2\/fvat-amavet-2025-nazivo\/\">https:\/\/www.festivalvedy.sk\/wp2\/fvat-amavet-2025-nazivo\/<\/a>.<br \/>Na tom istom odkaze s\u00fa dostupn\u00e9 aj pr\u00edlohy: Sum\u00e1r projektov FVAT 2025 a v\u00fdsledkov\u00e1 listina v\u00ed\u0165azov a reprezentantov pre rok 2026.<\/p>\n<p class=\"MsoNormal\">Fantastick\u00fd 28. ro\u010dn\u00edk Festivalu vedy a techniky AMAVET sa uskuto\u010dnil v\u010faka podpore partnerov: <a href=\"https:\/\/www.sav.sk\/\" target=\"_blank\" rel=\"noopener\">Slovensk\u00e1 akad\u00e9mia vied<\/a>, <a href=\"https:\/\/www.vseholding.sk\/vseh\/domov\/nadacia-vse\/!ut\/p\/z1\/lZBNC4JAEIZ_jVdn3Ei2bmtfFEUSiLaX0NhWY3VlNf37SV0SxGpuMzzPC_MChwh4ETeZjOtMF7Hq9jN3LzOkSLYUHd8_ILpsTRbLFSXoEAhfAPaGoXci3gRxcyTA__c_k37zRwA-Hh8CH0D6H3zL2AGXSifvuliRTKgEbsRNGGHsh-nOaV2X1dxCC9u2taXWUgn7qnMLh5RUVzVEfRLKPAgivE9Vs2dP50CNhQ!!\/dz\/d5\/L2dBISEvZ0FBIS9nQSEh\/\" target=\"_blank\" rel=\"noopener\">Nad\u00e1cia VSE<\/a>, <a href=\"https:\/\/nadacia.allianz.sk\/\" target=\"_blank\" rel=\"noopener\">Nad\u00e1cia Allianz<\/a>, <a href=\"https:\/\/www.cvtisr.sk\/\" target=\"_blank\" rel=\"noopener\">Centrum vedecko\u2011technick\u00fdch inform\u00e1ci\u00ed SR<\/a>, <a href=\"https:\/\/colab.sk\/\" target=\"_blank\" rel=\"noopener\">COLAB<\/a>, <a href=\"https:\/\/bratislava.sk\/\" target=\"_blank\" rel=\"noopener\">Mesto Bratislava<\/a> a <a href=\"https:\/\/www.jankorec.sk\/\" target=\"_blank\" rel=\"noopener\">Nad\u00e1cia J\u00e1na Korca<\/a>. Podujatie z\u00e1rove\u0148 podporili aj: <a href=\"https:\/\/aquapro.sk\/\" target=\"_blank\" rel=\"noopener\">Aqua Pro<\/a>, <a href=\"https:\/\/www.martinus.sk\/\" target=\"_blank\" rel=\"noopener\">Martinus<\/a>, <a href=\"https:\/\/www.kvantled.sk\/\" target=\"_blank\" rel=\"noopener\">KVANT LED obrazovky<\/a>, RKS, <a href=\"https:\/\/www.konzervatorium.sk\/\" target=\"_blank\" rel=\"noopener\">Konzervat\u00f3rium Tolst\u00e9ho v Bratislave<\/a>, <a href=\"https:\/\/www.szusslovenskygrob.sk\/\" target=\"_blank\" rel=\"noopener\">S\u00fakromn\u00e1 z\u00e1kladn\u00e1 umeleck\u00e1 \u0161kola Slovensk\u00fd Grob<\/a> a Ob\u010dianske zdru\u017eenie priate\u013eov<br \/>dej\u00edn techniky a vyn\u00e1lezov.<\/p>\n<p class=\"MsoNormal\">\u010eakujeme v\u0161etk\u00fdm partnerom, odborn\u00fdm garantom, u\u010dite\u013eom a dobrovo\u013en\u00edkom za to, \u017ee pom\u00e1haj\u00fa r\u00e1s\u0165 novej gener\u00e1cii vedcov, inov\u00e1torov a tvorcov bud\u00facnosti. Te\u0161\u00edme sa na \u010fal\u0161\u00ed ro\u010dn\u00edk!<\/p>\n<p>\n<\/div><div class=\"kc-image-gallery kc-elm kc-css-612943\">\n<div class=\"kc_image_gallery kc-carousel-image kc-grid \">\n<div class=\"item-grid grid-4\"><img decoding=\"async\" src=\"https:\/\/www.festivalvedy.sk\/wp2\/wp-content\/uploads\/2025\/11\/Festival-vedy-a-techniky_08.jpg\" alt=\"\"\/><\/div><div class=\"item-grid grid-4\"><img decoding=\"async\" src=\"https:\/\/www.festivalvedy.sk\/wp2\/wp-content\/uploads\/2025\/11\/Festival-vedy-a-techniky_07.jpg\" alt=\"\"\/><\/div><div class=\"item-grid grid-4\"><img decoding=\"async\" src=\"https:\/\/www.festivalvedy.sk\/wp2\/wp-content\/uploads\/2025\/11\/Festival-vedy-a-techniky_05.jpg\" alt=\"\"\/><\/div><div class=\"item-grid grid-4\"><img decoding=\"async\" src=\"https:\/\/www.festivalvedy.sk\/wp2\/wp-content\/uploads\/2025\/11\/Festival-vedy-a-techniky_04.jpg\" alt=\"\"\/><\/div><div class=\"item-grid grid-4\"><img decoding=\"async\" src=\"https:\/\/www.festivalvedy.sk\/wp2\/wp-content\/uploads\/2025\/11\/Festival-vedy-a-techniky_03.jpg\" alt=\"\"\/><\/div><div class=\"item-grid grid-4\"><img decoding=\"async\" src=\"https:\/\/www.festivalvedy.sk\/wp2\/wp-content\/uploads\/2025\/11\/Festival-vedy-a-techniky_02.jpg\" alt=\"\"\/><\/div><div class=\"item-grid grid-4\"><img decoding=\"async\" src=\"https:\/\/www.festivalvedy.sk\/wp2\/wp-content\/uploads\/2025\/11\/Festival-vedy-a-techniky_01.jpg\" alt=\"\"\/><\/div><div class=\"item-grid grid-4\"><img decoding=\"async\" src=\"https:\/\/www.festivalvedy.sk\/wp2\/wp-content\/uploads\/2025\/11\/Festival-vedy-a-techniky_06.jpg\" alt=\"\"\/><\/div><\/div>\n<\/div><\/div><\/div><\/div><\/div><\/section>\n","protected":false},"excerpt":{"rendered":"","protected":false},"author":3,"featured_media":5267,"comment_status":"closed","ping_status":"closed","sticky":false,"template":"","format":"standard","meta":{"om_disable_all_campaigns":false,"_monsterinsights_skip_tracking":false,"_monsterinsights_sitenote_active":false,"_monsterinsights_sitenote_note":"","_monsterinsights_sitenote_category":0,"_uf_show_specific_survey":0,"_uf_disable_surveys":false,"footnotes":""},"categories":[1,33],"tags":[],"class_list":["post-5259","post","type-post","status-publish","format-standard","has-post-thumbnail","hentry","category-nezaradene","category-novinky"],"yoast_head":"<!-- This site is optimized with the Yoast SEO plugin v27.2 - https:\/\/yoast.com\/product\/yoast-seo-wordpress\/ -->\n<title>Festival vedy a techniky AMAVET 2025 otvoril T\u00fd\u017ede\u0148 vedy a techniky na Slovensku - Festival vedy a techniky AMAVET<\/title>\n<meta name=\"robots\" content=\"index, follow, max-snippet:-1, max-image-preview:large, max-video-preview:-1\" \/>\n<link rel=\"canonical\" href=\"https:\/\/www.festivalvedy.sk\/wp2\/festival-vedy-a-techniky-amavet-2025-otvoril-tyzden-vedy-a-techniky-na-slovensku\/\" \/>\n<meta property=\"og:locale\" content=\"sk_SK\" \/>\n<meta property=\"og:type\" content=\"article\" \/>\n<meta property=\"og:title\" content=\"Festival vedy a techniky AMAVET 2025 otvoril T\u00fd\u017ede\u0148 vedy a techniky na Slovensku - Festival vedy a techniky AMAVET\" \/>\n<meta property=\"og:description\" content=\"Atmosf\u00e9ru nad\u0161enia, zvedavosti a excelentnej mladej energie priniesol do Bratislavy 28. ro\u010dn\u00edk Festivalu vedy a techniky AMAVET, ktor\u00fd sl\u00e1vnostne otvoril T\u00fd\u017ede\u0148 vedy a techniky na Slovensku. Po\u010das ceremoni\u00e1lu Ministerstvo \u0161kolstva, v\u00fdskumu, v\u00fdvoja a ml\u00e1de\u017ee SR v spolupr\u00e1ci s Franc\u00fazskym ve\u013evyslanectvom na Slovensku odovzdalo Cenu Milana Rastislava \u0160tef\u00e1nika \u2013prest\u00ed\u017ene uznanie, ktor\u00e9 pod\u010diarklo v\u00fdznam vedeckej pr\u00e1ce a [&hellip;]\" \/>\n<meta property=\"og:url\" content=\"https:\/\/www.festivalvedy.sk\/wp2\/festival-vedy-a-techniky-amavet-2025-otvoril-tyzden-vedy-a-techniky-na-slovensku\/\" \/>\n<meta property=\"og:site_name\" content=\"Festival vedy a techniky AMAVET\" \/>\n<meta property=\"article:published_time\" content=\"2025-11-18T13:48:58+00:00\" \/>\n<meta property=\"article:modified_time\" content=\"2025-11-19T07:38:47+00:00\" \/>\n<meta property=\"og:image\" content=\"https:\/\/www.festivalvedy.sk\/wp2\/wp-content\/uploads\/2025\/11\/Festival-vedy-a-techniky_07.jpg\" \/>\n\t<meta property=\"og:image:width\" content=\"1500\" \/>\n\t<meta property=\"og:image:height\" content=\"1000\" \/>\n\t<meta property=\"og:image:type\" content=\"image\/jpeg\" \/>\n<meta name=\"author\" content=\"cichova@amavet.sk\" \/>\n<meta name=\"twitter:card\" content=\"summary_large_image\" \/>\n<meta name=\"twitter:label1\" content=\"Autor\" \/>\n\t<meta name=\"twitter:data1\" content=\"cichova@amavet.sk\" \/>\n\t<meta name=\"twitter:label2\" content=\"Predpokladan\u00fd \u010das \u010d\u00edtania\" \/>\n\t<meta name=\"twitter:data2\" content=\"3 min\u00faty\" \/>\n<script type=\"application\/ld+json\" class=\"yoast-schema-graph\">{\"@context\":\"https:\/\/schema.org\",\"@graph\":[{\"@type\":\"Article\",\"@id\":\"https:\/\/www.festivalvedy.sk\/wp2\/festival-vedy-a-techniky-amavet-2025-otvoril-tyzden-vedy-a-techniky-na-slovensku\/#article\",\"isPartOf\":{\"@id\":\"https:\/\/www.festivalvedy.sk\/wp2\/festival-vedy-a-techniky-amavet-2025-otvoril-tyzden-vedy-a-techniky-na-slovensku\/\"},\"author\":{\"name\":\"cichova@amavet.sk\",\"@id\":\"https:\/\/www.festivalvedy.sk\/wp2\/#\/schema\/person\/7875f2822eb6744f8a6b8da979bb4d70\"},\"headline\":\"Festival vedy a techniky AMAVET 2025 otvoril T\u00fd\u017ede\u0148 vedy a techniky na Slovensku\",\"datePublished\":\"2025-11-18T13:48:58+00:00\",\"dateModified\":\"2025-11-19T07:38:47+00:00\",\"mainEntityOfPage\":{\"@id\":\"https:\/\/www.festivalvedy.sk\/wp2\/festival-vedy-a-techniky-amavet-2025-otvoril-tyzden-vedy-a-techniky-na-slovensku\/\"},\"wordCount\":554,\"publisher\":{\"@id\":\"https:\/\/www.festivalvedy.sk\/wp2\/#organization\"},\"image\":{\"@id\":\"https:\/\/www.festivalvedy.sk\/wp2\/festival-vedy-a-techniky-amavet-2025-otvoril-tyzden-vedy-a-techniky-na-slovensku\/#primaryimage\"},\"thumbnailUrl\":\"https:\/\/www.festivalvedy.sk\/wp2\/wp-content\/uploads\/2025\/11\/Festival-vedy-a-techniky_07.jpg\",\"articleSection\":{\"1\":\"Novinky\"},\"inLanguage\":\"sk-SK\"},{\"@type\":\"WebPage\",\"@id\":\"https:\/\/www.festivalvedy.sk\/wp2\/festival-vedy-a-techniky-amavet-2025-otvoril-tyzden-vedy-a-techniky-na-slovensku\/\",\"url\":\"https:\/\/www.festivalvedy.sk\/wp2\/festival-vedy-a-techniky-amavet-2025-otvoril-tyzden-vedy-a-techniky-na-slovensku\/\",\"name\":\"Festival vedy a techniky AMAVET 2025 otvoril T\u00fd\u017ede\u0148 vedy a techniky na Slovensku - Festival vedy a techniky AMAVET\",\"isPartOf\":{\"@id\":\"https:\/\/www.festivalvedy.sk\/wp2\/#website\"},\"primaryImageOfPage\":{\"@id\":\"https:\/\/www.festivalvedy.sk\/wp2\/festival-vedy-a-techniky-amavet-2025-otvoril-tyzden-vedy-a-techniky-na-slovensku\/#primaryimage\"},\"image\":{\"@id\":\"https:\/\/www.festivalvedy.sk\/wp2\/festival-vedy-a-techniky-amavet-2025-otvoril-tyzden-vedy-a-techniky-na-slovensku\/#primaryimage\"},\"thumbnailUrl\":\"https:\/\/www.festivalvedy.sk\/wp2\/wp-content\/uploads\/2025\/11\/Festival-vedy-a-techniky_07.jpg\",\"datePublished\":\"2025-11-18T13:48:58+00:00\",\"dateModified\":\"2025-11-19T07:38:47+00:00\",\"breadcrumb\":{\"@id\":\"https:\/\/www.festivalvedy.sk\/wp2\/festival-vedy-a-techniky-amavet-2025-otvoril-tyzden-vedy-a-techniky-na-slovensku\/#breadcrumb\"},\"inLanguage\":\"sk-SK\",\"potentialAction\":[{\"@type\":\"ReadAction\",\"target\":[\"https:\/\/www.festivalvedy.sk\/wp2\/festival-vedy-a-techniky-amavet-2025-otvoril-tyzden-vedy-a-techniky-na-slovensku\/\"]}]},{\"@type\":\"ImageObject\",\"inLanguage\":\"sk-SK\",\"@id\":\"https:\/\/www.festivalvedy.sk\/wp2\/festival-vedy-a-techniky-amavet-2025-otvoril-tyzden-vedy-a-techniky-na-slovensku\/#primaryimage\",\"url\":\"https:\/\/www.festivalvedy.sk\/wp2\/wp-content\/uploads\/2025\/11\/Festival-vedy-a-techniky_07.jpg\",\"contentUrl\":\"https:\/\/www.festivalvedy.sk\/wp2\/wp-content\/uploads\/2025\/11\/Festival-vedy-a-techniky_07.jpg\",\"width\":1500,\"height\":1000},{\"@type\":\"BreadcrumbList\",\"@id\":\"https:\/\/www.festivalvedy.sk\/wp2\/festival-vedy-a-techniky-amavet-2025-otvoril-tyzden-vedy-a-techniky-na-slovensku\/#breadcrumb\",\"itemListElement\":[{\"@type\":\"ListItem\",\"position\":1,\"name\":\"Home\",\"item\":\"https:\/\/www.festivalvedy.sk\/wp2\/\"},{\"@type\":\"ListItem\",\"position\":2,\"name\":\"Festival vedy a techniky AMAVET 2025 otvoril T\u00fd\u017ede\u0148 vedy a techniky na Slovensku\"}]},{\"@type\":\"WebSite\",\"@id\":\"https:\/\/www.festivalvedy.sk\/wp2\/#website\",\"url\":\"https:\/\/www.festivalvedy.sk\/wp2\/\",\"name\":\"Festival vedy a techniky AMAVET\",\"description\":\"AMAVET - Asoci\u00e1cia pre ml\u00e1de\u017e, vedu a techniku\",\"publisher\":{\"@id\":\"https:\/\/www.festivalvedy.sk\/wp2\/#organization\"},\"potentialAction\":[{\"@type\":\"SearchAction\",\"target\":{\"@type\":\"EntryPoint\",\"urlTemplate\":\"https:\/\/www.festivalvedy.sk\/wp2\/?s={search_term_string}\"},\"query-input\":{\"@type\":\"PropertyValueSpecification\",\"valueRequired\":true,\"valueName\":\"search_term_string\"}}],\"inLanguage\":\"sk-SK\"},{\"@type\":\"Organization\",\"@id\":\"https:\/\/www.festivalvedy.sk\/wp2\/#organization\",\"name\":\"Festival vedy a techniky AMAVET\",\"url\":\"https:\/\/www.festivalvedy.sk\/wp2\/\",\"logo\":{\"@type\":\"ImageObject\",\"inLanguage\":\"sk-SK\",\"@id\":\"https:\/\/www.festivalvedy.sk\/wp2\/#\/schema\/logo\/image\/\",\"url\":\"https:\/\/www.festivalvedy.sk\/wp2\/wp-content\/uploads\/2022\/02\/cropped-fvat-ochranna-zona.png\",\"contentUrl\":\"https:\/\/www.festivalvedy.sk\/wp2\/wp-content\/uploads\/2022\/02\/cropped-fvat-ochranna-zona.png\",\"width\":1190,\"height\":357,\"caption\":\"Festival vedy a techniky AMAVET\"},\"image\":{\"@id\":\"https:\/\/www.festivalvedy.sk\/wp2\/#\/schema\/logo\/image\/\"}},{\"@type\":\"Person\",\"@id\":\"https:\/\/www.festivalvedy.sk\/wp2\/#\/schema\/person\/7875f2822eb6744f8a6b8da979bb4d70\",\"name\":\"cichova@amavet.sk\",\"image\":{\"@type\":\"ImageObject\",\"inLanguage\":\"sk-SK\",\"@id\":\"https:\/\/secure.gravatar.com\/avatar\/6227f01bf3909de753b0c67135a8bcd4eb2f9674d0dc3890077f42d17beffba8?s=96&d=mm&r=g\",\"url\":\"https:\/\/secure.gravatar.com\/avatar\/6227f01bf3909de753b0c67135a8bcd4eb2f9674d0dc3890077f42d17beffba8?s=96&d=mm&r=g\",\"contentUrl\":\"https:\/\/secure.gravatar.com\/avatar\/6227f01bf3909de753b0c67135a8bcd4eb2f9674d0dc3890077f42d17beffba8?s=96&d=mm&r=g\",\"caption\":\"cichova@amavet.sk\"},\"url\":\"https:\/\/www.festivalvedy.sk\/wp2\/author\/cichovaamavet-sk\/\"}]}<\/script>\n<!-- \/ Yoast SEO plugin. -->","yoast_head_json":{"title":"Festival vedy a techniky AMAVET 2025 otvoril T\u00fd\u017ede\u0148 vedy a techniky na Slovensku - Festival vedy a techniky AMAVET","robots":{"index":"index","follow":"follow","max-snippet":"max-snippet:-1","max-image-preview":"max-image-preview:large","max-video-preview":"max-video-preview:-1"},"canonical":"https:\/\/www.festivalvedy.sk\/wp2\/festival-vedy-a-techniky-amavet-2025-otvoril-tyzden-vedy-a-techniky-na-slovensku\/","og_locale":"sk_SK","og_type":"article","og_title":"Festival vedy a techniky AMAVET 2025 otvoril T\u00fd\u017ede\u0148 vedy a techniky na Slovensku - Festival vedy a techniky AMAVET","og_description":"Atmosf\u00e9ru nad\u0161enia, zvedavosti a excelentnej mladej energie priniesol do Bratislavy 28. ro\u010dn\u00edk Festivalu vedy a techniky AMAVET, ktor\u00fd sl\u00e1vnostne otvoril T\u00fd\u017ede\u0148 vedy a techniky na Slovensku. Po\u010das ceremoni\u00e1lu Ministerstvo \u0161kolstva, v\u00fdskumu, v\u00fdvoja a ml\u00e1de\u017ee SR v spolupr\u00e1ci s Franc\u00fazskym ve\u013evyslanectvom na Slovensku odovzdalo Cenu Milana Rastislava \u0160tef\u00e1nika \u2013prest\u00ed\u017ene uznanie, ktor\u00e9 pod\u010diarklo v\u00fdznam vedeckej pr\u00e1ce a [&hellip;]","og_url":"https:\/\/www.festivalvedy.sk\/wp2\/festival-vedy-a-techniky-amavet-2025-otvoril-tyzden-vedy-a-techniky-na-slovensku\/","og_site_name":"Festival vedy a techniky AMAVET","article_published_time":"2025-11-18T13:48:58+00:00","article_modified_time":"2025-11-19T07:38:47+00:00","og_image":[{"width":1500,"height":1000,"url":"https:\/\/www.festivalvedy.sk\/wp2\/wp-content\/uploads\/2025\/11\/Festival-vedy-a-techniky_07.jpg","type":"image\/jpeg"}],"author":"cichova@amavet.sk","twitter_card":"summary_large_image","twitter_misc":{"Autor":"cichova@amavet.sk","Predpokladan\u00fd \u010das \u010d\u00edtania":"3 min\u00faty"},"schema":{"@context":"https:\/\/schema.org","@graph":[{"@type":"Article","@id":"https:\/\/www.festivalvedy.sk\/wp2\/festival-vedy-a-techniky-amavet-2025-otvoril-tyzden-vedy-a-techniky-na-slovensku\/#article","isPartOf":{"@id":"https:\/\/www.festivalvedy.sk\/wp2\/festival-vedy-a-techniky-amavet-2025-otvoril-tyzden-vedy-a-techniky-na-slovensku\/"},"author":{"name":"cichova@amavet.sk","@id":"https:\/\/www.festivalvedy.sk\/wp2\/#\/schema\/person\/7875f2822eb6744f8a6b8da979bb4d70"},"headline":"Festival vedy a techniky AMAVET 2025 otvoril T\u00fd\u017ede\u0148 vedy a techniky na Slovensku","datePublished":"2025-11-18T13:48:58+00:00","dateModified":"2025-11-19T07:38:47+00:00","mainEntityOfPage":{"@id":"https:\/\/www.festivalvedy.sk\/wp2\/festival-vedy-a-techniky-amavet-2025-otvoril-tyzden-vedy-a-techniky-na-slovensku\/"},"wordCount":554,"publisher":{"@id":"https:\/\/www.festivalvedy.sk\/wp2\/#organization"},"image":{"@id":"https:\/\/www.festivalvedy.sk\/wp2\/festival-vedy-a-techniky-amavet-2025-otvoril-tyzden-vedy-a-techniky-na-slovensku\/#primaryimage"},"thumbnailUrl":"https:\/\/www.festivalvedy.sk\/wp2\/wp-content\/uploads\/2025\/11\/Festival-vedy-a-techniky_07.jpg","articleSection":{"1":"Novinky"},"inLanguage":"sk-SK"},{"@type":"WebPage","@id":"https:\/\/www.festivalvedy.sk\/wp2\/festival-vedy-a-techniky-amavet-2025-otvoril-tyzden-vedy-a-techniky-na-slovensku\/","url":"https:\/\/www.festivalvedy.sk\/wp2\/festival-vedy-a-techniky-amavet-2025-otvoril-tyzden-vedy-a-techniky-na-slovensku\/","name":"Festival vedy a techniky AMAVET 2025 otvoril T\u00fd\u017ede\u0148 vedy a techniky na Slovensku - Festival vedy a techniky AMAVET","isPartOf":{"@id":"https:\/\/www.festivalvedy.sk\/wp2\/#website"},"primaryImageOfPage":{"@id":"https:\/\/www.festivalvedy.sk\/wp2\/festival-vedy-a-techniky-amavet-2025-otvoril-tyzden-vedy-a-techniky-na-slovensku\/#primaryimage"},"image":{"@id":"https:\/\/www.festivalvedy.sk\/wp2\/festival-vedy-a-techniky-amavet-2025-otvoril-tyzden-vedy-a-techniky-na-slovensku\/#primaryimage"},"thumbnailUrl":"https:\/\/www.festivalvedy.sk\/wp2\/wp-content\/uploads\/2025\/11\/Festival-vedy-a-techniky_07.jpg","datePublished":"2025-11-18T13:48:58+00:00","dateModified":"2025-11-19T07:38:47+00:00","breadcrumb":{"@id":"https:\/\/www.festivalvedy.sk\/wp2\/festival-vedy-a-techniky-amavet-2025-otvoril-tyzden-vedy-a-techniky-na-slovensku\/#breadcrumb"},"inLanguage":"sk-SK","potentialAction":[{"@type":"ReadAction","target":["https:\/\/www.festivalvedy.sk\/wp2\/festival-vedy-a-techniky-amavet-2025-otvoril-tyzden-vedy-a-techniky-na-slovensku\/"]}]},{"@type":"ImageObject","inLanguage":"sk-SK","@id":"https:\/\/www.festivalvedy.sk\/wp2\/festival-vedy-a-techniky-amavet-2025-otvoril-tyzden-vedy-a-techniky-na-slovensku\/#primaryimage","url":"https:\/\/www.festivalvedy.sk\/wp2\/wp-content\/uploads\/2025\/11\/Festival-vedy-a-techniky_07.jpg","contentUrl":"https:\/\/www.festivalvedy.sk\/wp2\/wp-content\/uploads\/2025\/11\/Festival-vedy-a-techniky_07.jpg","width":1500,"height":1000},{"@type":"BreadcrumbList","@id":"https:\/\/www.festivalvedy.sk\/wp2\/festival-vedy-a-techniky-amavet-2025-otvoril-tyzden-vedy-a-techniky-na-slovensku\/#breadcrumb","itemListElement":[{"@type":"ListItem","position":1,"name":"Home","item":"https:\/\/www.festivalvedy.sk\/wp2\/"},{"@type":"ListItem","position":2,"name":"Festival vedy a techniky AMAVET 2025 otvoril T\u00fd\u017ede\u0148 vedy a techniky na Slovensku"}]},{"@type":"WebSite","@id":"https:\/\/www.festivalvedy.sk\/wp2\/#website","url":"https:\/\/www.festivalvedy.sk\/wp2\/","name":"Festival vedy a techniky AMAVET","description":"AMAVET - Asoci\u00e1cia pre ml\u00e1de\u017e, vedu a techniku","publisher":{"@id":"https:\/\/www.festivalvedy.sk\/wp2\/#organization"},"potentialAction":[{"@type":"SearchAction","target":{"@type":"EntryPoint","urlTemplate":"https:\/\/www.festivalvedy.sk\/wp2\/?s={search_term_string}"},"query-input":{"@type":"PropertyValueSpecification","valueRequired":true,"valueName":"search_term_string"}}],"inLanguage":"sk-SK"},{"@type":"Organization","@id":"https:\/\/www.festivalvedy.sk\/wp2\/#organization","name":"Festival vedy a techniky AMAVET","url":"https:\/\/www.festivalvedy.sk\/wp2\/","logo":{"@type":"ImageObject","inLanguage":"sk-SK","@id":"https:\/\/www.festivalvedy.sk\/wp2\/#\/schema\/logo\/image\/","url":"https:\/\/www.festivalvedy.sk\/wp2\/wp-content\/uploads\/2022\/02\/cropped-fvat-ochranna-zona.png","contentUrl":"https:\/\/www.festivalvedy.sk\/wp2\/wp-content\/uploads\/2022\/02\/cropped-fvat-ochranna-zona.png","width":1190,"height":357,"caption":"Festival vedy a techniky AMAVET"},"image":{"@id":"https:\/\/www.festivalvedy.sk\/wp2\/#\/schema\/logo\/image\/"}},{"@type":"Person","@id":"https:\/\/www.festivalvedy.sk\/wp2\/#\/schema\/person\/7875f2822eb6744f8a6b8da979bb4d70","name":"cichova@amavet.sk","image":{"@type":"ImageObject","inLanguage":"sk-SK","@id":"https:\/\/secure.gravatar.com\/avatar\/6227f01bf3909de753b0c67135a8bcd4eb2f9674d0dc3890077f42d17beffba8?s=96&d=mm&r=g","url":"https:\/\/secure.gravatar.com\/avatar\/6227f01bf3909de753b0c67135a8bcd4eb2f9674d0dc3890077f42d17beffba8?s=96&d=mm&r=g","contentUrl":"https:\/\/secure.gravatar.com\/avatar\/6227f01bf3909de753b0c67135a8bcd4eb2f9674d0dc3890077f42d17beffba8?s=96&d=mm&r=g","caption":"cichova@amavet.sk"},"url":"https:\/\/www.festivalvedy.sk\/wp2\/author\/cichovaamavet-sk\/"}]}},"_links":{"self":[{"href":"https:\/\/www.festivalvedy.sk\/wp2\/wp-json\/wp\/v2\/posts\/5259","targetHints":{"allow":["GET"]}}],"collection":[{"href":"https:\/\/www.festivalvedy.sk\/wp2\/wp-json\/wp\/v2\/posts"}],"about":[{"href":"https:\/\/www.festivalvedy.sk\/wp2\/wp-json\/wp\/v2\/types\/post"}],"author":[{"embeddable":true,"href":"https:\/\/www.festivalvedy.sk\/wp2\/wp-json\/wp\/v2\/users\/3"}],"replies":[{"embeddable":true,"href":"https:\/\/www.festivalvedy.sk\/wp2\/wp-json\/wp\/v2\/comments?post=5259"}],"version-history":[{"count":6,"href":"https:\/\/www.festivalvedy.sk\/wp2\/wp-json\/wp\/v2\/posts\/5259\/revisions"}],"predecessor-version":[{"id":5277,"href":"https:\/\/www.festivalvedy.sk\/wp2\/wp-json\/wp\/v2\/posts\/5259\/revisions\/5277"}],"wp:featuredmedia":[{"embeddable":true,"href":"https:\/\/www.festivalvedy.sk\/wp2\/wp-json\/wp\/v2\/media\/5267"}],"wp:attachment":[{"href":"https:\/\/www.festivalvedy.sk\/wp2\/wp-json\/wp\/v2\/media?parent=5259"}],"wp:term":[{"taxonomy":"category","embeddable":true,"href":"https:\/\/www.festivalvedy.sk\/wp2\/wp-json\/wp\/v2\/categories?post=5259"},{"taxonomy":"post_tag","embeddable":true,"href":"https:\/\/www.festivalvedy.sk\/wp2\/wp-json\/wp\/v2\/tags?post=5259"}],"curies":[{"name":"wp","href":"https:\/\/api.w.org\/{rel}","templated":true}]}}