{"id":763,"date":"2019-09-18T12:45:34","date_gmt":"2019-09-18T10:45:34","guid":{"rendered":"https:\/\/www.festivalvedy.sk\/wp2\/testovanie-antimikrobialnej-aktivity-ludskeho-katelicidinu-na-vybranych-bakteriach\/"},"modified":"2019-09-18T12:45:34","modified_gmt":"2019-09-18T10:45:34","slug":"testovanie-antimikrobialnej-aktivity-ludskeho-katelicidinu-na-vybranych-bakteriach","status":"publish","type":"post","link":"https:\/\/www.festivalvedy.sk\/wp2\/testovanie-antimikrobialnej-aktivity-ludskeho-katelicidinu-na-vybranych-bakteriach\/","title":{"rendered":"Testovanie antimikrobi\u00e1lnej aktivity \u013eudsk\u00e9ho katelicid\u00ednu na vybran\u00fdch bakt\u00e9ri\u00e1ch"},"content":{"rendered":"<p>Autor\/autori: Lucia Krahulcov\u00e1, Andrej Szab\u00f3<\/p>\n<p>V snahe nau\u010di\u0165 sa ve\u013ea zauj\u00edmav\u00fdch poznatkov a z\u00edska\u0165 nov\u00e9 laborat\u00f3rne sk\u00fasenosti sme testovali antimikrobi\u00e1lny \u00fa\u010dinok \u013eudsk\u00e9ho katelicid\u00ednu proti bakt\u00e9ri\u00e1m, ktor\u00e9 sp\u00f4sobuj\u00fa urogenit\u00e1lne ochorenia. Pou\u017eili sme antimikrobi\u00e1lnu dif\u00faznu sk\u00fa\u0161ku ako met\u00f3du, ktor\u00e1 dok\u00e1zala mera\u0165 efekt\u00edvnos\u0165 katelicid\u00ednu vo\u010di bakt\u00e9ri\u00e1m. Antimikrobi\u00e1lny \u00fa\u010dinok \u013eudsk\u00e9ho katelicidinu sme preuk\u00e1zali u 75% druhov vybran\u00fdch bakt\u00e9ri\u00ed a 86,7% kme\u0148ov. Proteus vulgaris a Morganella morganii sa uk\u00e1zali ako bakt\u00e9rie, ktor\u00e9 s\u00fa odoln\u00e9 vo\u010di LL-37. Ur\u010dili sme minim\u00e1lne inhibi\u010dn\u00e9 koncentr\u00e1cie katelicid\u00ednu (MIC), ktor\u00e9 boli u ka\u017ed\u00e9ho druhu in\u00e9. Zistili sme, \u017ee Citrobacter koseri m\u00e1 MIC iba 1,29 \u03bcg.ml-1, \u010do je najlep\u0161\u00ed v\u00fdsledok medzi v\u0161etk\u00fdmi vybran\u00fdmi druhmi. Najvy\u0161\u0161iu MIC mal rod Klebsiella, Klebsiella oxytoca 23,61 \u03bcg.ml-1 a Klebsiella pneumoniae 24,85 \u03bcg.ml-1.<\/p>\n","protected":false},"excerpt":{"rendered":"<p>Autor\/autori: Lucia Krahulcov\u00e1, Andrej Szab\u00f3 V snahe nau\u010di\u0165 sa ve\u013ea zauj\u00edmav\u00fdch poznatkov a z\u00edska\u0165 nov\u00e9 laborat\u00f3rne sk\u00fasenosti sme testovali antimikrobi\u00e1lny \u00fa\u010dinok \u013eudsk\u00e9ho katelicid\u00ednu proti bakt\u00e9ri\u00e1m, ktor\u00e9 sp\u00f4sobuj\u00fa urogenit\u00e1lne ochorenia. Pou\u017eili sme antimikrobi\u00e1lnu dif\u00faznu sk\u00fa\u0161ku ako met\u00f3du, ktor\u00e1 dok\u00e1zala mera\u0165 efekt\u00edvnos\u0165 katelicid\u00ednu vo\u010di bakt\u00e9ri\u00e1m. Antimikrobi\u00e1lny \u00fa\u010dinok \u013eudsk\u00e9ho katelicidinu sme preuk\u00e1zali u 75% druhov vybran\u00fdch bakt\u00e9ri\u00ed a [&hellip;]<\/p>\n","protected":false},"author":1,"featured_media":0,"comment_status":"open","ping_status":"open","sticky":false,"template":"","format":"standard","meta":{"om_disable_all_campaigns":false,"_monsterinsights_skip_tracking":false,"_monsterinsights_sitenote_active":false,"_monsterinsights_sitenote_note":"","_monsterinsights_sitenote_category":0,"_uf_show_specific_survey":0,"_uf_disable_surveys":false,"footnotes":""},"categories":[6,12],"tags":[8,13],"class_list":["post-763","post","type-post","status-publish","format-standard","hentry","category-6","category-biologia","tag-8","tag-biologia"],"yoast_head":"<!-- This site is optimized with the Yoast SEO plugin v27.2 - https:\/\/yoast.com\/product\/yoast-seo-wordpress\/ -->\n<title>Testovanie antimikrobi\u00e1lnej aktivity \u013eudsk\u00e9ho katelicid\u00ednu na vybran\u00fdch bakt\u00e9ri\u00e1ch - Festival vedy a techniky AMAVET<\/title>\n<meta name=\"robots\" content=\"index, follow, max-snippet:-1, max-image-preview:large, max-video-preview:-1\" \/>\n<link rel=\"canonical\" href=\"https:\/\/www.festivalvedy.sk\/wp2\/testovanie-antimikrobialnej-aktivity-ludskeho-katelicidinu-na-vybranych-bakteriach\/\" \/>\n<meta property=\"og:locale\" content=\"sk_SK\" \/>\n<meta property=\"og:type\" content=\"article\" \/>\n<meta property=\"og:title\" content=\"Testovanie antimikrobi\u00e1lnej aktivity \u013eudsk\u00e9ho katelicid\u00ednu na vybran\u00fdch bakt\u00e9ri\u00e1ch - Festival vedy a techniky AMAVET\" \/>\n<meta property=\"og:description\" content=\"Autor\/autori: Lucia Krahulcov\u00e1, Andrej Szab\u00f3 V snahe nau\u010di\u0165 sa ve\u013ea zauj\u00edmav\u00fdch poznatkov a z\u00edska\u0165 nov\u00e9 laborat\u00f3rne sk\u00fasenosti sme testovali antimikrobi\u00e1lny \u00fa\u010dinok \u013eudsk\u00e9ho katelicid\u00ednu proti bakt\u00e9ri\u00e1m, ktor\u00e9 sp\u00f4sobuj\u00fa urogenit\u00e1lne ochorenia. Pou\u017eili sme antimikrobi\u00e1lnu dif\u00faznu sk\u00fa\u0161ku ako met\u00f3du, ktor\u00e1 dok\u00e1zala mera\u0165 efekt\u00edvnos\u0165 katelicid\u00ednu vo\u010di bakt\u00e9ri\u00e1m. Antimikrobi\u00e1lny \u00fa\u010dinok \u013eudsk\u00e9ho katelicidinu sme preuk\u00e1zali u 75% druhov vybran\u00fdch bakt\u00e9ri\u00ed a [&hellip;]\" \/>\n<meta property=\"og:url\" content=\"https:\/\/www.festivalvedy.sk\/wp2\/testovanie-antimikrobialnej-aktivity-ludskeho-katelicidinu-na-vybranych-bakteriach\/\" \/>\n<meta property=\"og:site_name\" content=\"Festival vedy a techniky AMAVET\" \/>\n<meta property=\"article:published_time\" content=\"2019-09-18T10:45:34+00:00\" \/>\n<meta name=\"author\" content=\"Redakcia\" \/>\n<meta name=\"twitter:card\" content=\"summary_large_image\" \/>\n<meta name=\"twitter:label1\" content=\"Autor\" \/>\n\t<meta name=\"twitter:data1\" content=\"Redakcia\" \/>\n\t<meta name=\"twitter:label2\" content=\"Predpokladan\u00fd \u010das \u010d\u00edtania\" \/>\n\t<meta name=\"twitter:data2\" content=\"1 min\u00fata\" \/>\n<script type=\"application\/ld+json\" class=\"yoast-schema-graph\">{\"@context\":\"https:\/\/schema.org\",\"@graph\":[{\"@type\":\"Article\",\"@id\":\"https:\/\/www.festivalvedy.sk\/wp2\/testovanie-antimikrobialnej-aktivity-ludskeho-katelicidinu-na-vybranych-bakteriach\/#article\",\"isPartOf\":{\"@id\":\"https:\/\/www.festivalvedy.sk\/wp2\/testovanie-antimikrobialnej-aktivity-ludskeho-katelicidinu-na-vybranych-bakteriach\/\"},\"author\":{\"name\":\"Redakcia\",\"@id\":\"https:\/\/www.festivalvedy.sk\/wp2\/#\/schema\/person\/f6c2e17170a626260fe38db97ed0a1f5\"},\"headline\":\"Testovanie antimikrobi\u00e1lnej aktivity \u013eudsk\u00e9ho katelicid\u00ednu na vybran\u00fdch bakt\u00e9ri\u00e1ch\",\"datePublished\":\"2019-09-18T10:45:34+00:00\",\"mainEntityOfPage\":{\"@id\":\"https:\/\/www.festivalvedy.sk\/wp2\/testovanie-antimikrobialnej-aktivity-ludskeho-katelicidinu-na-vybranych-bakteriach\/\"},\"wordCount\":175,\"commentCount\":0,\"publisher\":{\"@id\":\"https:\/\/www.festivalvedy.sk\/wp2\/#organization\"},\"keywords\":[\"2019\",\"Biol\u00f3gia\"],\"articleSection\":[\"Arch\u00edv 2018\",\"Biol\u00f3gia\"],\"inLanguage\":\"sk-SK\"},{\"@type\":\"WebPage\",\"@id\":\"https:\/\/www.festivalvedy.sk\/wp2\/testovanie-antimikrobialnej-aktivity-ludskeho-katelicidinu-na-vybranych-bakteriach\/\",\"url\":\"https:\/\/www.festivalvedy.sk\/wp2\/testovanie-antimikrobialnej-aktivity-ludskeho-katelicidinu-na-vybranych-bakteriach\/\",\"name\":\"Testovanie antimikrobi\u00e1lnej aktivity \u013eudsk\u00e9ho katelicid\u00ednu na vybran\u00fdch bakt\u00e9ri\u00e1ch - Festival vedy a techniky AMAVET\",\"isPartOf\":{\"@id\":\"https:\/\/www.festivalvedy.sk\/wp2\/#website\"},\"datePublished\":\"2019-09-18T10:45:34+00:00\",\"breadcrumb\":{\"@id\":\"https:\/\/www.festivalvedy.sk\/wp2\/testovanie-antimikrobialnej-aktivity-ludskeho-katelicidinu-na-vybranych-bakteriach\/#breadcrumb\"},\"inLanguage\":\"sk-SK\",\"potentialAction\":[{\"@type\":\"ReadAction\",\"target\":[\"https:\/\/www.festivalvedy.sk\/wp2\/testovanie-antimikrobialnej-aktivity-ludskeho-katelicidinu-na-vybranych-bakteriach\/\"]}]},{\"@type\":\"BreadcrumbList\",\"@id\":\"https:\/\/www.festivalvedy.sk\/wp2\/testovanie-antimikrobialnej-aktivity-ludskeho-katelicidinu-na-vybranych-bakteriach\/#breadcrumb\",\"itemListElement\":[{\"@type\":\"ListItem\",\"position\":1,\"name\":\"Home\",\"item\":\"https:\/\/www.festivalvedy.sk\/wp2\/\"},{\"@type\":\"ListItem\",\"position\":2,\"name\":\"Testovanie antimikrobi\u00e1lnej aktivity \u013eudsk\u00e9ho katelicid\u00ednu na vybran\u00fdch bakt\u00e9ri\u00e1ch\"}]},{\"@type\":\"WebSite\",\"@id\":\"https:\/\/www.festivalvedy.sk\/wp2\/#website\",\"url\":\"https:\/\/www.festivalvedy.sk\/wp2\/\",\"name\":\"Festival vedy a techniky AMAVET\",\"description\":\"AMAVET - Asoci\u00e1cia pre ml\u00e1de\u017e, vedu a techniku\",\"publisher\":{\"@id\":\"https:\/\/www.festivalvedy.sk\/wp2\/#organization\"},\"potentialAction\":[{\"@type\":\"SearchAction\",\"target\":{\"@type\":\"EntryPoint\",\"urlTemplate\":\"https:\/\/www.festivalvedy.sk\/wp2\/?s={search_term_string}\"},\"query-input\":{\"@type\":\"PropertyValueSpecification\",\"valueRequired\":true,\"valueName\":\"search_term_string\"}}],\"inLanguage\":\"sk-SK\"},{\"@type\":\"Organization\",\"@id\":\"https:\/\/www.festivalvedy.sk\/wp2\/#organization\",\"name\":\"Festival vedy a techniky AMAVET\",\"url\":\"https:\/\/www.festivalvedy.sk\/wp2\/\",\"logo\":{\"@type\":\"ImageObject\",\"inLanguage\":\"sk-SK\",\"@id\":\"https:\/\/www.festivalvedy.sk\/wp2\/#\/schema\/logo\/image\/\",\"url\":\"https:\/\/www.festivalvedy.sk\/wp2\/wp-content\/uploads\/2022\/02\/cropped-fvat-ochranna-zona.png\",\"contentUrl\":\"https:\/\/www.festivalvedy.sk\/wp2\/wp-content\/uploads\/2022\/02\/cropped-fvat-ochranna-zona.png\",\"width\":1190,\"height\":357,\"caption\":\"Festival vedy a techniky AMAVET\"},\"image\":{\"@id\":\"https:\/\/www.festivalvedy.sk\/wp2\/#\/schema\/logo\/image\/\"}},{\"@type\":\"Person\",\"@id\":\"https:\/\/www.festivalvedy.sk\/wp2\/#\/schema\/person\/f6c2e17170a626260fe38db97ed0a1f5\",\"name\":\"Redakcia\",\"image\":{\"@type\":\"ImageObject\",\"inLanguage\":\"sk-SK\",\"@id\":\"https:\/\/secure.gravatar.com\/avatar\/2f7c312d560e25e8eb59b6b53cadd5dc16b39f25bac1c7d0a221dafd9c91fae9?s=96&d=mm&r=g\",\"url\":\"https:\/\/secure.gravatar.com\/avatar\/2f7c312d560e25e8eb59b6b53cadd5dc16b39f25bac1c7d0a221dafd9c91fae9?s=96&d=mm&r=g\",\"contentUrl\":\"https:\/\/secure.gravatar.com\/avatar\/2f7c312d560e25e8eb59b6b53cadd5dc16b39f25bac1c7d0a221dafd9c91fae9?s=96&d=mm&r=g\",\"caption\":\"Redakcia\"},\"url\":\"https:\/\/www.festivalvedy.sk\/wp2\/author\/fvatadmin\/\"}]}<\/script>\n<!-- \/ Yoast SEO plugin. -->","yoast_head_json":{"title":"Testovanie antimikrobi\u00e1lnej aktivity \u013eudsk\u00e9ho katelicid\u00ednu na vybran\u00fdch bakt\u00e9ri\u00e1ch - Festival vedy a techniky AMAVET","robots":{"index":"index","follow":"follow","max-snippet":"max-snippet:-1","max-image-preview":"max-image-preview:large","max-video-preview":"max-video-preview:-1"},"canonical":"https:\/\/www.festivalvedy.sk\/wp2\/testovanie-antimikrobialnej-aktivity-ludskeho-katelicidinu-na-vybranych-bakteriach\/","og_locale":"sk_SK","og_type":"article","og_title":"Testovanie antimikrobi\u00e1lnej aktivity \u013eudsk\u00e9ho katelicid\u00ednu na vybran\u00fdch bakt\u00e9ri\u00e1ch - Festival vedy a techniky AMAVET","og_description":"Autor\/autori: Lucia Krahulcov\u00e1, Andrej Szab\u00f3 V snahe nau\u010di\u0165 sa ve\u013ea zauj\u00edmav\u00fdch poznatkov a z\u00edska\u0165 nov\u00e9 laborat\u00f3rne sk\u00fasenosti sme testovali antimikrobi\u00e1lny \u00fa\u010dinok \u013eudsk\u00e9ho katelicid\u00ednu proti bakt\u00e9ri\u00e1m, ktor\u00e9 sp\u00f4sobuj\u00fa urogenit\u00e1lne ochorenia. Pou\u017eili sme antimikrobi\u00e1lnu dif\u00faznu sk\u00fa\u0161ku ako met\u00f3du, ktor\u00e1 dok\u00e1zala mera\u0165 efekt\u00edvnos\u0165 katelicid\u00ednu vo\u010di bakt\u00e9ri\u00e1m. Antimikrobi\u00e1lny \u00fa\u010dinok \u013eudsk\u00e9ho katelicidinu sme preuk\u00e1zali u 75% druhov vybran\u00fdch bakt\u00e9ri\u00ed a [&hellip;]","og_url":"https:\/\/www.festivalvedy.sk\/wp2\/testovanie-antimikrobialnej-aktivity-ludskeho-katelicidinu-na-vybranych-bakteriach\/","og_site_name":"Festival vedy a techniky AMAVET","article_published_time":"2019-09-18T10:45:34+00:00","author":"Redakcia","twitter_card":"summary_large_image","twitter_misc":{"Autor":"Redakcia","Predpokladan\u00fd \u010das \u010d\u00edtania":"1 min\u00fata"},"schema":{"@context":"https:\/\/schema.org","@graph":[{"@type":"Article","@id":"https:\/\/www.festivalvedy.sk\/wp2\/testovanie-antimikrobialnej-aktivity-ludskeho-katelicidinu-na-vybranych-bakteriach\/#article","isPartOf":{"@id":"https:\/\/www.festivalvedy.sk\/wp2\/testovanie-antimikrobialnej-aktivity-ludskeho-katelicidinu-na-vybranych-bakteriach\/"},"author":{"name":"Redakcia","@id":"https:\/\/www.festivalvedy.sk\/wp2\/#\/schema\/person\/f6c2e17170a626260fe38db97ed0a1f5"},"headline":"Testovanie antimikrobi\u00e1lnej aktivity \u013eudsk\u00e9ho katelicid\u00ednu na vybran\u00fdch bakt\u00e9ri\u00e1ch","datePublished":"2019-09-18T10:45:34+00:00","mainEntityOfPage":{"@id":"https:\/\/www.festivalvedy.sk\/wp2\/testovanie-antimikrobialnej-aktivity-ludskeho-katelicidinu-na-vybranych-bakteriach\/"},"wordCount":175,"commentCount":0,"publisher":{"@id":"https:\/\/www.festivalvedy.sk\/wp2\/#organization"},"keywords":["2019","Biol\u00f3gia"],"articleSection":["Arch\u00edv 2018","Biol\u00f3gia"],"inLanguage":"sk-SK"},{"@type":"WebPage","@id":"https:\/\/www.festivalvedy.sk\/wp2\/testovanie-antimikrobialnej-aktivity-ludskeho-katelicidinu-na-vybranych-bakteriach\/","url":"https:\/\/www.festivalvedy.sk\/wp2\/testovanie-antimikrobialnej-aktivity-ludskeho-katelicidinu-na-vybranych-bakteriach\/","name":"Testovanie antimikrobi\u00e1lnej aktivity \u013eudsk\u00e9ho katelicid\u00ednu na vybran\u00fdch bakt\u00e9ri\u00e1ch - Festival vedy a techniky AMAVET","isPartOf":{"@id":"https:\/\/www.festivalvedy.sk\/wp2\/#website"},"datePublished":"2019-09-18T10:45:34+00:00","breadcrumb":{"@id":"https:\/\/www.festivalvedy.sk\/wp2\/testovanie-antimikrobialnej-aktivity-ludskeho-katelicidinu-na-vybranych-bakteriach\/#breadcrumb"},"inLanguage":"sk-SK","potentialAction":[{"@type":"ReadAction","target":["https:\/\/www.festivalvedy.sk\/wp2\/testovanie-antimikrobialnej-aktivity-ludskeho-katelicidinu-na-vybranych-bakteriach\/"]}]},{"@type":"BreadcrumbList","@id":"https:\/\/www.festivalvedy.sk\/wp2\/testovanie-antimikrobialnej-aktivity-ludskeho-katelicidinu-na-vybranych-bakteriach\/#breadcrumb","itemListElement":[{"@type":"ListItem","position":1,"name":"Home","item":"https:\/\/www.festivalvedy.sk\/wp2\/"},{"@type":"ListItem","position":2,"name":"Testovanie antimikrobi\u00e1lnej aktivity \u013eudsk\u00e9ho katelicid\u00ednu na vybran\u00fdch bakt\u00e9ri\u00e1ch"}]},{"@type":"WebSite","@id":"https:\/\/www.festivalvedy.sk\/wp2\/#website","url":"https:\/\/www.festivalvedy.sk\/wp2\/","name":"Festival vedy a techniky AMAVET","description":"AMAVET - Asoci\u00e1cia pre ml\u00e1de\u017e, vedu a techniku","publisher":{"@id":"https:\/\/www.festivalvedy.sk\/wp2\/#organization"},"potentialAction":[{"@type":"SearchAction","target":{"@type":"EntryPoint","urlTemplate":"https:\/\/www.festivalvedy.sk\/wp2\/?s={search_term_string}"},"query-input":{"@type":"PropertyValueSpecification","valueRequired":true,"valueName":"search_term_string"}}],"inLanguage":"sk-SK"},{"@type":"Organization","@id":"https:\/\/www.festivalvedy.sk\/wp2\/#organization","name":"Festival vedy a techniky AMAVET","url":"https:\/\/www.festivalvedy.sk\/wp2\/","logo":{"@type":"ImageObject","inLanguage":"sk-SK","@id":"https:\/\/www.festivalvedy.sk\/wp2\/#\/schema\/logo\/image\/","url":"https:\/\/www.festivalvedy.sk\/wp2\/wp-content\/uploads\/2022\/02\/cropped-fvat-ochranna-zona.png","contentUrl":"https:\/\/www.festivalvedy.sk\/wp2\/wp-content\/uploads\/2022\/02\/cropped-fvat-ochranna-zona.png","width":1190,"height":357,"caption":"Festival vedy a techniky AMAVET"},"image":{"@id":"https:\/\/www.festivalvedy.sk\/wp2\/#\/schema\/logo\/image\/"}},{"@type":"Person","@id":"https:\/\/www.festivalvedy.sk\/wp2\/#\/schema\/person\/f6c2e17170a626260fe38db97ed0a1f5","name":"Redakcia","image":{"@type":"ImageObject","inLanguage":"sk-SK","@id":"https:\/\/secure.gravatar.com\/avatar\/2f7c312d560e25e8eb59b6b53cadd5dc16b39f25bac1c7d0a221dafd9c91fae9?s=96&d=mm&r=g","url":"https:\/\/secure.gravatar.com\/avatar\/2f7c312d560e25e8eb59b6b53cadd5dc16b39f25bac1c7d0a221dafd9c91fae9?s=96&d=mm&r=g","contentUrl":"https:\/\/secure.gravatar.com\/avatar\/2f7c312d560e25e8eb59b6b53cadd5dc16b39f25bac1c7d0a221dafd9c91fae9?s=96&d=mm&r=g","caption":"Redakcia"},"url":"https:\/\/www.festivalvedy.sk\/wp2\/author\/fvatadmin\/"}]}},"_links":{"self":[{"href":"https:\/\/www.festivalvedy.sk\/wp2\/wp-json\/wp\/v2\/posts\/763","targetHints":{"allow":["GET"]}}],"collection":[{"href":"https:\/\/www.festivalvedy.sk\/wp2\/wp-json\/wp\/v2\/posts"}],"about":[{"href":"https:\/\/www.festivalvedy.sk\/wp2\/wp-json\/wp\/v2\/types\/post"}],"author":[{"embeddable":true,"href":"https:\/\/www.festivalvedy.sk\/wp2\/wp-json\/wp\/v2\/users\/1"}],"replies":[{"embeddable":true,"href":"https:\/\/www.festivalvedy.sk\/wp2\/wp-json\/wp\/v2\/comments?post=763"}],"version-history":[{"count":0,"href":"https:\/\/www.festivalvedy.sk\/wp2\/wp-json\/wp\/v2\/posts\/763\/revisions"}],"wp:attachment":[{"href":"https:\/\/www.festivalvedy.sk\/wp2\/wp-json\/wp\/v2\/media?parent=763"}],"wp:term":[{"taxonomy":"category","embeddable":true,"href":"https:\/\/www.festivalvedy.sk\/wp2\/wp-json\/wp\/v2\/categories?post=763"},{"taxonomy":"post_tag","embeddable":true,"href":"https:\/\/www.festivalvedy.sk\/wp2\/wp-json\/wp\/v2\/tags?post=763"}],"curies":[{"name":"wp","href":"https:\/\/api.w.org\/{rel}","templated":true}]}}