{"id":771,"date":"2019-09-18T12:45:34","date_gmt":"2019-09-18T10:45:34","guid":{"rendered":"https:\/\/www.festivalvedy.sk\/wp2\/krivenie-chrbtice\/"},"modified":"2019-09-18T12:45:34","modified_gmt":"2019-09-18T10:45:34","slug":"krivenie-chrbtice","status":"publish","type":"post","link":"https:\/\/www.festivalvedy.sk\/wp2\/krivenie-chrbtice\/","title":{"rendered":"Krivenie chrbtice"},"content":{"rendered":"<p>Autor\/autori: Krist\u00edna Kri\u017eanov\u00e1, Denisa Luka\u010dovi\u010dov\u00e1<\/p>\n<p>Pr\u00e1ca prezentuje t\u00e9mu o probl\u00e9moch s chrbticou, konkr\u00e9tne o jej kriven\u00ed, respekt\u00edve skoli\u00f3ze. Mali sme ve\u013ea ot\u00e1zok: Pre\u010do doch\u00e1dza ku kriveniu chrbtice? Kto m\u00e1 naj\u010dastej\u0161ie kriv\u00fd chrb\u00e1t a pre\u010do? Ak\u00e9 s\u00fa sp\u00f4soby na jeho vylie\u010denie? D\u00e1 sa to v\u00f4bec lie\u010di\u0165? \u010co je to korzet? Je viac druhov korzetu, \u010di len jeden? &#8230;<br \/>\nOdpovede na na\u0161e ot\u00e1zky sme z\u00edskali: h\u013eadan\u00edm na  internete, na\u0161im vlastn\u00fdm pozorovan\u00edm a poraden\u00edm sa s na\u0161imi lek\u00e1rmi.<br \/>\nZistili sme, \u017ee chrb\u00e1t sa kriv\u00ed ke\u010f \u013eudia napr. krivo sedia , hrbia sa, nosia \u0161kolsk\u00fa ta\u0161ku na jednom pleci, spadn\u00fa a silno sa udr\u00fa do chrbta. Kriv\u00ed sa hlavne diev\u010dat\u00e1m, ke\u010f r\u00fdchlej\u0161ie rast\u00fa. Na vyrovnanie chrbta pom\u00e1ha pl\u00e1vanie, cvi\u010denie cvikov na chrb\u00e1t, jazda na koni, joga. Ak to nepom\u00f4\u017ee nasleduje nosenie korzetu alebo oper\u00e1cia. Pozor, n\u00e1znakom krivenia chrbta je aj jeho boles\u0165.<\/p>\n","protected":false},"excerpt":{"rendered":"<p>Autor\/autori: Krist\u00edna Kri\u017eanov\u00e1, Denisa Luka\u010dovi\u010dov\u00e1 Pr\u00e1ca prezentuje t\u00e9mu o probl\u00e9moch s chrbticou, konkr\u00e9tne o jej kriven\u00ed, respekt\u00edve skoli\u00f3ze. Mali sme ve\u013ea ot\u00e1zok: Pre\u010do doch\u00e1dza ku kriveniu chrbtice? Kto m\u00e1 naj\u010dastej\u0161ie kriv\u00fd chrb\u00e1t a pre\u010do? Ak\u00e9 s\u00fa sp\u00f4soby na jeho vylie\u010denie? D\u00e1 sa to v\u00f4bec lie\u010di\u0165? \u010co je to korzet? Je viac druhov korzetu, \u010di len [&hellip;]<\/p>\n","protected":false},"author":1,"featured_media":0,"comment_status":"open","ping_status":"open","sticky":false,"template":"","format":"standard","meta":{"om_disable_all_campaigns":false,"_monsterinsights_skip_tracking":false,"_monsterinsights_sitenote_active":false,"_monsterinsights_sitenote_note":"","_monsterinsights_sitenote_category":0,"_uf_show_specific_survey":0,"_uf_disable_surveys":false,"footnotes":""},"categories":[6,10],"tags":[8,11],"class_list":["post-771","post","type-post","status-publish","format-standard","hentry","category-6","category-medicina-a-zdravotnictvo","tag-8","tag-medicina-a-zdravotnictvo"],"yoast_head":"<!-- This site is optimized with the Yoast SEO plugin v27.2 - https:\/\/yoast.com\/product\/yoast-seo-wordpress\/ -->\n<title>Krivenie chrbtice - Festival vedy a techniky AMAVET<\/title>\n<meta name=\"robots\" content=\"index, follow, max-snippet:-1, max-image-preview:large, max-video-preview:-1\" \/>\n<link rel=\"canonical\" href=\"https:\/\/www.festivalvedy.sk\/wp2\/krivenie-chrbtice\/\" \/>\n<meta property=\"og:locale\" content=\"sk_SK\" \/>\n<meta property=\"og:type\" content=\"article\" \/>\n<meta property=\"og:title\" content=\"Krivenie chrbtice - Festival vedy a techniky AMAVET\" \/>\n<meta property=\"og:description\" content=\"Autor\/autori: Krist\u00edna Kri\u017eanov\u00e1, Denisa Luka\u010dovi\u010dov\u00e1 Pr\u00e1ca prezentuje t\u00e9mu o probl\u00e9moch s chrbticou, konkr\u00e9tne o jej kriven\u00ed, respekt\u00edve skoli\u00f3ze. Mali sme ve\u013ea ot\u00e1zok: Pre\u010do doch\u00e1dza ku kriveniu chrbtice? Kto m\u00e1 naj\u010dastej\u0161ie kriv\u00fd chrb\u00e1t a pre\u010do? Ak\u00e9 s\u00fa sp\u00f4soby na jeho vylie\u010denie? D\u00e1 sa to v\u00f4bec lie\u010di\u0165? \u010co je to korzet? Je viac druhov korzetu, \u010di len [&hellip;]\" \/>\n<meta property=\"og:url\" content=\"https:\/\/www.festivalvedy.sk\/wp2\/krivenie-chrbtice\/\" \/>\n<meta property=\"og:site_name\" content=\"Festival vedy a techniky AMAVET\" \/>\n<meta property=\"article:published_time\" content=\"2019-09-18T10:45:34+00:00\" \/>\n<meta name=\"author\" content=\"Redakcia\" \/>\n<meta name=\"twitter:card\" content=\"summary_large_image\" \/>\n<meta name=\"twitter:label1\" content=\"Autor\" \/>\n\t<meta name=\"twitter:data1\" content=\"Redakcia\" \/>\n\t<meta name=\"twitter:label2\" content=\"Predpokladan\u00fd \u010das \u010d\u00edtania\" \/>\n\t<meta name=\"twitter:data2\" content=\"1 min\u00fata\" \/>\n<script type=\"application\/ld+json\" class=\"yoast-schema-graph\">{\"@context\":\"https:\/\/schema.org\",\"@graph\":[{\"@type\":\"Article\",\"@id\":\"https:\/\/www.festivalvedy.sk\/wp2\/krivenie-chrbtice\/#article\",\"isPartOf\":{\"@id\":\"https:\/\/www.festivalvedy.sk\/wp2\/krivenie-chrbtice\/\"},\"author\":{\"name\":\"Redakcia\",\"@id\":\"https:\/\/www.festivalvedy.sk\/wp2\/#\/schema\/person\/f6c2e17170a626260fe38db97ed0a1f5\"},\"headline\":\"Krivenie chrbtice\",\"datePublished\":\"2019-09-18T10:45:34+00:00\",\"mainEntityOfPage\":{\"@id\":\"https:\/\/www.festivalvedy.sk\/wp2\/krivenie-chrbtice\/\"},\"wordCount\":185,\"commentCount\":0,\"publisher\":{\"@id\":\"https:\/\/www.festivalvedy.sk\/wp2\/#organization\"},\"keywords\":[\"2019\",\"Medic\u00edna a zdravotn\u00edctvo\"],\"articleSection\":[\"Arch\u00edv 2018\",\"Medic\u00edna a zdravotn\u00edctvo\"],\"inLanguage\":\"sk-SK\"},{\"@type\":\"WebPage\",\"@id\":\"https:\/\/www.festivalvedy.sk\/wp2\/krivenie-chrbtice\/\",\"url\":\"https:\/\/www.festivalvedy.sk\/wp2\/krivenie-chrbtice\/\",\"name\":\"Krivenie chrbtice - Festival vedy a techniky AMAVET\",\"isPartOf\":{\"@id\":\"https:\/\/www.festivalvedy.sk\/wp2\/#website\"},\"datePublished\":\"2019-09-18T10:45:34+00:00\",\"breadcrumb\":{\"@id\":\"https:\/\/www.festivalvedy.sk\/wp2\/krivenie-chrbtice\/#breadcrumb\"},\"inLanguage\":\"sk-SK\",\"potentialAction\":[{\"@type\":\"ReadAction\",\"target\":[\"https:\/\/www.festivalvedy.sk\/wp2\/krivenie-chrbtice\/\"]}]},{\"@type\":\"BreadcrumbList\",\"@id\":\"https:\/\/www.festivalvedy.sk\/wp2\/krivenie-chrbtice\/#breadcrumb\",\"itemListElement\":[{\"@type\":\"ListItem\",\"position\":1,\"name\":\"Home\",\"item\":\"https:\/\/www.festivalvedy.sk\/wp2\/\"},{\"@type\":\"ListItem\",\"position\":2,\"name\":\"Krivenie chrbtice\"}]},{\"@type\":\"WebSite\",\"@id\":\"https:\/\/www.festivalvedy.sk\/wp2\/#website\",\"url\":\"https:\/\/www.festivalvedy.sk\/wp2\/\",\"name\":\"Festival vedy a techniky AMAVET\",\"description\":\"AMAVET - Asoci\u00e1cia pre ml\u00e1de\u017e, vedu a techniku\",\"publisher\":{\"@id\":\"https:\/\/www.festivalvedy.sk\/wp2\/#organization\"},\"potentialAction\":[{\"@type\":\"SearchAction\",\"target\":{\"@type\":\"EntryPoint\",\"urlTemplate\":\"https:\/\/www.festivalvedy.sk\/wp2\/?s={search_term_string}\"},\"query-input\":{\"@type\":\"PropertyValueSpecification\",\"valueRequired\":true,\"valueName\":\"search_term_string\"}}],\"inLanguage\":\"sk-SK\"},{\"@type\":\"Organization\",\"@id\":\"https:\/\/www.festivalvedy.sk\/wp2\/#organization\",\"name\":\"Festival vedy a techniky AMAVET\",\"url\":\"https:\/\/www.festivalvedy.sk\/wp2\/\",\"logo\":{\"@type\":\"ImageObject\",\"inLanguage\":\"sk-SK\",\"@id\":\"https:\/\/www.festivalvedy.sk\/wp2\/#\/schema\/logo\/image\/\",\"url\":\"https:\/\/www.festivalvedy.sk\/wp2\/wp-content\/uploads\/2022\/02\/cropped-fvat-ochranna-zona.png\",\"contentUrl\":\"https:\/\/www.festivalvedy.sk\/wp2\/wp-content\/uploads\/2022\/02\/cropped-fvat-ochranna-zona.png\",\"width\":1190,\"height\":357,\"caption\":\"Festival vedy a techniky AMAVET\"},\"image\":{\"@id\":\"https:\/\/www.festivalvedy.sk\/wp2\/#\/schema\/logo\/image\/\"}},{\"@type\":\"Person\",\"@id\":\"https:\/\/www.festivalvedy.sk\/wp2\/#\/schema\/person\/f6c2e17170a626260fe38db97ed0a1f5\",\"name\":\"Redakcia\",\"image\":{\"@type\":\"ImageObject\",\"inLanguage\":\"sk-SK\",\"@id\":\"https:\/\/secure.gravatar.com\/avatar\/2f7c312d560e25e8eb59b6b53cadd5dc16b39f25bac1c7d0a221dafd9c91fae9?s=96&d=mm&r=g\",\"url\":\"https:\/\/secure.gravatar.com\/avatar\/2f7c312d560e25e8eb59b6b53cadd5dc16b39f25bac1c7d0a221dafd9c91fae9?s=96&d=mm&r=g\",\"contentUrl\":\"https:\/\/secure.gravatar.com\/avatar\/2f7c312d560e25e8eb59b6b53cadd5dc16b39f25bac1c7d0a221dafd9c91fae9?s=96&d=mm&r=g\",\"caption\":\"Redakcia\"},\"url\":\"https:\/\/www.festivalvedy.sk\/wp2\/author\/fvatadmin\/\"}]}<\/script>\n<!-- \/ Yoast SEO plugin. -->","yoast_head_json":{"title":"Krivenie chrbtice - Festival vedy a techniky AMAVET","robots":{"index":"index","follow":"follow","max-snippet":"max-snippet:-1","max-image-preview":"max-image-preview:large","max-video-preview":"max-video-preview:-1"},"canonical":"https:\/\/www.festivalvedy.sk\/wp2\/krivenie-chrbtice\/","og_locale":"sk_SK","og_type":"article","og_title":"Krivenie chrbtice - Festival vedy a techniky AMAVET","og_description":"Autor\/autori: Krist\u00edna Kri\u017eanov\u00e1, Denisa Luka\u010dovi\u010dov\u00e1 Pr\u00e1ca prezentuje t\u00e9mu o probl\u00e9moch s chrbticou, konkr\u00e9tne o jej kriven\u00ed, respekt\u00edve skoli\u00f3ze. Mali sme ve\u013ea ot\u00e1zok: Pre\u010do doch\u00e1dza ku kriveniu chrbtice? Kto m\u00e1 naj\u010dastej\u0161ie kriv\u00fd chrb\u00e1t a pre\u010do? Ak\u00e9 s\u00fa sp\u00f4soby na jeho vylie\u010denie? D\u00e1 sa to v\u00f4bec lie\u010di\u0165? \u010co je to korzet? Je viac druhov korzetu, \u010di len [&hellip;]","og_url":"https:\/\/www.festivalvedy.sk\/wp2\/krivenie-chrbtice\/","og_site_name":"Festival vedy a techniky AMAVET","article_published_time":"2019-09-18T10:45:34+00:00","author":"Redakcia","twitter_card":"summary_large_image","twitter_misc":{"Autor":"Redakcia","Predpokladan\u00fd \u010das \u010d\u00edtania":"1 min\u00fata"},"schema":{"@context":"https:\/\/schema.org","@graph":[{"@type":"Article","@id":"https:\/\/www.festivalvedy.sk\/wp2\/krivenie-chrbtice\/#article","isPartOf":{"@id":"https:\/\/www.festivalvedy.sk\/wp2\/krivenie-chrbtice\/"},"author":{"name":"Redakcia","@id":"https:\/\/www.festivalvedy.sk\/wp2\/#\/schema\/person\/f6c2e17170a626260fe38db97ed0a1f5"},"headline":"Krivenie chrbtice","datePublished":"2019-09-18T10:45:34+00:00","mainEntityOfPage":{"@id":"https:\/\/www.festivalvedy.sk\/wp2\/krivenie-chrbtice\/"},"wordCount":185,"commentCount":0,"publisher":{"@id":"https:\/\/www.festivalvedy.sk\/wp2\/#organization"},"keywords":["2019","Medic\u00edna a zdravotn\u00edctvo"],"articleSection":["Arch\u00edv 2018","Medic\u00edna a zdravotn\u00edctvo"],"inLanguage":"sk-SK"},{"@type":"WebPage","@id":"https:\/\/www.festivalvedy.sk\/wp2\/krivenie-chrbtice\/","url":"https:\/\/www.festivalvedy.sk\/wp2\/krivenie-chrbtice\/","name":"Krivenie chrbtice - Festival vedy a techniky AMAVET","isPartOf":{"@id":"https:\/\/www.festivalvedy.sk\/wp2\/#website"},"datePublished":"2019-09-18T10:45:34+00:00","breadcrumb":{"@id":"https:\/\/www.festivalvedy.sk\/wp2\/krivenie-chrbtice\/#breadcrumb"},"inLanguage":"sk-SK","potentialAction":[{"@type":"ReadAction","target":["https:\/\/www.festivalvedy.sk\/wp2\/krivenie-chrbtice\/"]}]},{"@type":"BreadcrumbList","@id":"https:\/\/www.festivalvedy.sk\/wp2\/krivenie-chrbtice\/#breadcrumb","itemListElement":[{"@type":"ListItem","position":1,"name":"Home","item":"https:\/\/www.festivalvedy.sk\/wp2\/"},{"@type":"ListItem","position":2,"name":"Krivenie chrbtice"}]},{"@type":"WebSite","@id":"https:\/\/www.festivalvedy.sk\/wp2\/#website","url":"https:\/\/www.festivalvedy.sk\/wp2\/","name":"Festival vedy a techniky AMAVET","description":"AMAVET - Asoci\u00e1cia pre ml\u00e1de\u017e, vedu a techniku","publisher":{"@id":"https:\/\/www.festivalvedy.sk\/wp2\/#organization"},"potentialAction":[{"@type":"SearchAction","target":{"@type":"EntryPoint","urlTemplate":"https:\/\/www.festivalvedy.sk\/wp2\/?s={search_term_string}"},"query-input":{"@type":"PropertyValueSpecification","valueRequired":true,"valueName":"search_term_string"}}],"inLanguage":"sk-SK"},{"@type":"Organization","@id":"https:\/\/www.festivalvedy.sk\/wp2\/#organization","name":"Festival vedy a techniky AMAVET","url":"https:\/\/www.festivalvedy.sk\/wp2\/","logo":{"@type":"ImageObject","inLanguage":"sk-SK","@id":"https:\/\/www.festivalvedy.sk\/wp2\/#\/schema\/logo\/image\/","url":"https:\/\/www.festivalvedy.sk\/wp2\/wp-content\/uploads\/2022\/02\/cropped-fvat-ochranna-zona.png","contentUrl":"https:\/\/www.festivalvedy.sk\/wp2\/wp-content\/uploads\/2022\/02\/cropped-fvat-ochranna-zona.png","width":1190,"height":357,"caption":"Festival vedy a techniky AMAVET"},"image":{"@id":"https:\/\/www.festivalvedy.sk\/wp2\/#\/schema\/logo\/image\/"}},{"@type":"Person","@id":"https:\/\/www.festivalvedy.sk\/wp2\/#\/schema\/person\/f6c2e17170a626260fe38db97ed0a1f5","name":"Redakcia","image":{"@type":"ImageObject","inLanguage":"sk-SK","@id":"https:\/\/secure.gravatar.com\/avatar\/2f7c312d560e25e8eb59b6b53cadd5dc16b39f25bac1c7d0a221dafd9c91fae9?s=96&d=mm&r=g","url":"https:\/\/secure.gravatar.com\/avatar\/2f7c312d560e25e8eb59b6b53cadd5dc16b39f25bac1c7d0a221dafd9c91fae9?s=96&d=mm&r=g","contentUrl":"https:\/\/secure.gravatar.com\/avatar\/2f7c312d560e25e8eb59b6b53cadd5dc16b39f25bac1c7d0a221dafd9c91fae9?s=96&d=mm&r=g","caption":"Redakcia"},"url":"https:\/\/www.festivalvedy.sk\/wp2\/author\/fvatadmin\/"}]}},"_links":{"self":[{"href":"https:\/\/www.festivalvedy.sk\/wp2\/wp-json\/wp\/v2\/posts\/771","targetHints":{"allow":["GET"]}}],"collection":[{"href":"https:\/\/www.festivalvedy.sk\/wp2\/wp-json\/wp\/v2\/posts"}],"about":[{"href":"https:\/\/www.festivalvedy.sk\/wp2\/wp-json\/wp\/v2\/types\/post"}],"author":[{"embeddable":true,"href":"https:\/\/www.festivalvedy.sk\/wp2\/wp-json\/wp\/v2\/users\/1"}],"replies":[{"embeddable":true,"href":"https:\/\/www.festivalvedy.sk\/wp2\/wp-json\/wp\/v2\/comments?post=771"}],"version-history":[{"count":0,"href":"https:\/\/www.festivalvedy.sk\/wp2\/wp-json\/wp\/v2\/posts\/771\/revisions"}],"wp:attachment":[{"href":"https:\/\/www.festivalvedy.sk\/wp2\/wp-json\/wp\/v2\/media?parent=771"}],"wp:term":[{"taxonomy":"category","embeddable":true,"href":"https:\/\/www.festivalvedy.sk\/wp2\/wp-json\/wp\/v2\/categories?post=771"},{"taxonomy":"post_tag","embeddable":true,"href":"https:\/\/www.festivalvedy.sk\/wp2\/wp-json\/wp\/v2\/tags?post=771"}],"curies":[{"name":"wp","href":"https:\/\/api.w.org\/{rel}","templated":true}]}}