{"id":774,"date":"2019-09-18T12:45:34","date_gmt":"2019-09-18T10:45:34","guid":{"rendered":"https:\/\/www.festivalvedy.sk\/wp2\/zachranarska-trikoptera\/"},"modified":"2019-09-18T12:45:34","modified_gmt":"2019-09-18T10:45:34","slug":"zachranarska-trikoptera","status":"publish","type":"post","link":"https:\/\/www.festivalvedy.sk\/wp2\/zachranarska-trikoptera\/","title":{"rendered":"Z\u00e1chran\u00e1rska Trikopt\u00e9ra"},"content":{"rendered":"<p>Autor\/autori: Adri\u00e1n Ka\u0161t\u00edl, Erick Voz\u00e1r<\/p>\n<p>N\u00e1\u0161 projekt sa zaober\u00e1 pomocou z\u00e1chrann\u00fdm zlo\u017ek\u00e1m. Preto sme navrhli univerz\u00e1lnu z\u00e1chran\u00e1rsku trikopteru. Navrhli sme ju tak, aby bola \u010do najviac cenovo dostupn\u00e1. Na v\u00fdrobu viacer\u00fdch komponentov sme vyu\u017eili 3D tla\u010diare\u0148. Na na\u0161u trikopteru sme vymysleli syst\u00e9m univerz\u00e1lnych modulov, aby sa dalo zmeni\u0165 vyu\u017eitie dronu pre r\u00f4zne situ\u00e1cie. Vymysleli sme zatia\u013e 5 r\u00f4znych modulov a ka\u017ed\u00fd z nich ma in\u00fa funkciu: koleso pre topiacich (na\u0161a trikoptera dok\u00e1\u017ee dosiahnu\u0165 aj \u0165a\u017eko pr\u00edstupn\u00e9 miesta a aj vo ve\u013emi siln\u00fdch pr\u00fadoch dok\u00e1\u017ee pod\u013ea vzdialenosti dosiahnu\u0165 miesto topiaceho do 30 sek\u00fand), prenosn\u00e1 lek\u00e1rni\u010dka (pre r\u00fdchle doru\u010denie lek\u00e1rni\u010dky), vysiela\u010dka na lane (pre lep\u0161iu komunik\u00e1ciu so z\u00e1chran\u00e1rmi z nedostupn\u00fdch miest), kamera pre pomoc pol\u00edcii (pre sledovanie zlo\u010dincov, bez toho aby o tom vedeli &#8211; vybavenie pr\u00eddavn\u00fdm modulom s externou bat\u00e9riou pre dlh\u0161iu vydr\u017e pri sledovan\u00ed), modul pln\u00fd retardantu pre pomoc hasi\u010dom (vyu\u017eite\u013en\u00e9 ak by mali hasi\u010di viacero dronov pre v\u00e4\u010d\u0161ie mno\u017estvo hasiacej l\u00e1tky).<br \/>\nPri \u00faspechu n\u00e1\u0161ho projektu by na\u0161a trikoptera mohla u\u013eah\u010di\u0165 ve\u013ea \u013eudom pr\u00e1cu, a zachr\u00e1ni\u0165 mnoho \u017eivotov.<\/p>\n","protected":false},"excerpt":{"rendered":"<p>Autor\/autori: Adri\u00e1n Ka\u0161t\u00edl, Erick Voz\u00e1r N\u00e1\u0161 projekt sa zaober\u00e1 pomocou z\u00e1chrann\u00fdm zlo\u017ek\u00e1m. Preto sme navrhli univerz\u00e1lnu z\u00e1chran\u00e1rsku trikopteru. Navrhli sme ju tak, aby bola \u010do najviac cenovo dostupn\u00e1. Na v\u00fdrobu viacer\u00fdch komponentov sme vyu\u017eili 3D tla\u010diare\u0148. Na na\u0161u trikopteru sme vymysleli syst\u00e9m univerz\u00e1lnych modulov, aby sa dalo zmeni\u0165 vyu\u017eitie dronu pre r\u00f4zne situ\u00e1cie. Vymysleli sme [&hellip;]<\/p>\n","protected":false},"author":1,"featured_media":0,"comment_status":"open","ping_status":"open","sticky":false,"template":"","format":"standard","meta":{"om_disable_all_campaigns":false,"_monsterinsights_skip_tracking":false,"_monsterinsights_sitenote_active":false,"_monsterinsights_sitenote_note":"","_monsterinsights_sitenote_category":0,"_uf_show_specific_survey":0,"_uf_disable_surveys":false,"footnotes":""},"categories":[6,20],"tags":[8,21],"class_list":["post-774","post","type-post","status-publish","format-standard","hentry","category-6","category-elektrina-a-mechanika","tag-8","tag-elektrina-a-mechanika"],"yoast_head":"<!-- This site is optimized with the Yoast SEO plugin v27.2 - https:\/\/yoast.com\/product\/yoast-seo-wordpress\/ -->\n<title>Z\u00e1chran\u00e1rska Trikopt\u00e9ra - Festival vedy a techniky AMAVET<\/title>\n<meta name=\"robots\" content=\"index, follow, max-snippet:-1, max-image-preview:large, max-video-preview:-1\" \/>\n<link rel=\"canonical\" href=\"https:\/\/www.festivalvedy.sk\/wp2\/zachranarska-trikoptera\/\" \/>\n<meta property=\"og:locale\" content=\"sk_SK\" \/>\n<meta property=\"og:type\" content=\"article\" \/>\n<meta property=\"og:title\" content=\"Z\u00e1chran\u00e1rska Trikopt\u00e9ra - Festival vedy a techniky AMAVET\" \/>\n<meta property=\"og:description\" content=\"Autor\/autori: Adri\u00e1n Ka\u0161t\u00edl, Erick Voz\u00e1r N\u00e1\u0161 projekt sa zaober\u00e1 pomocou z\u00e1chrann\u00fdm zlo\u017ek\u00e1m. Preto sme navrhli univerz\u00e1lnu z\u00e1chran\u00e1rsku trikopteru. Navrhli sme ju tak, aby bola \u010do najviac cenovo dostupn\u00e1. Na v\u00fdrobu viacer\u00fdch komponentov sme vyu\u017eili 3D tla\u010diare\u0148. Na na\u0161u trikopteru sme vymysleli syst\u00e9m univerz\u00e1lnych modulov, aby sa dalo zmeni\u0165 vyu\u017eitie dronu pre r\u00f4zne situ\u00e1cie. Vymysleli sme [&hellip;]\" \/>\n<meta property=\"og:url\" content=\"https:\/\/www.festivalvedy.sk\/wp2\/zachranarska-trikoptera\/\" \/>\n<meta property=\"og:site_name\" content=\"Festival vedy a techniky AMAVET\" \/>\n<meta property=\"article:published_time\" content=\"2019-09-18T10:45:34+00:00\" \/>\n<meta name=\"author\" content=\"Redakcia\" \/>\n<meta name=\"twitter:card\" content=\"summary_large_image\" \/>\n<meta name=\"twitter:label1\" content=\"Autor\" \/>\n\t<meta name=\"twitter:data1\" content=\"Redakcia\" \/>\n\t<meta name=\"twitter:label2\" content=\"Predpokladan\u00fd \u010das \u010d\u00edtania\" \/>\n\t<meta name=\"twitter:data2\" content=\"1 min\u00fata\" \/>\n<script type=\"application\/ld+json\" class=\"yoast-schema-graph\">{\"@context\":\"https:\/\/schema.org\",\"@graph\":[{\"@type\":\"Article\",\"@id\":\"https:\/\/www.festivalvedy.sk\/wp2\/zachranarska-trikoptera\/#article\",\"isPartOf\":{\"@id\":\"https:\/\/www.festivalvedy.sk\/wp2\/zachranarska-trikoptera\/\"},\"author\":{\"name\":\"Redakcia\",\"@id\":\"https:\/\/www.festivalvedy.sk\/wp2\/#\/schema\/person\/f6c2e17170a626260fe38db97ed0a1f5\"},\"headline\":\"Z\u00e1chran\u00e1rska Trikopt\u00e9ra\",\"datePublished\":\"2019-09-18T10:45:34+00:00\",\"mainEntityOfPage\":{\"@id\":\"https:\/\/www.festivalvedy.sk\/wp2\/zachranarska-trikoptera\/\"},\"wordCount\":237,\"commentCount\":0,\"publisher\":{\"@id\":\"https:\/\/www.festivalvedy.sk\/wp2\/#organization\"},\"keywords\":[\"2019\",\"Elektrina a mechanika\"],\"articleSection\":[\"Arch\u00edv 2018\",\"Elektrina a mechanika\"],\"inLanguage\":\"sk-SK\"},{\"@type\":\"WebPage\",\"@id\":\"https:\/\/www.festivalvedy.sk\/wp2\/zachranarska-trikoptera\/\",\"url\":\"https:\/\/www.festivalvedy.sk\/wp2\/zachranarska-trikoptera\/\",\"name\":\"Z\u00e1chran\u00e1rska Trikopt\u00e9ra - Festival vedy a techniky AMAVET\",\"isPartOf\":{\"@id\":\"https:\/\/www.festivalvedy.sk\/wp2\/#website\"},\"datePublished\":\"2019-09-18T10:45:34+00:00\",\"breadcrumb\":{\"@id\":\"https:\/\/www.festivalvedy.sk\/wp2\/zachranarska-trikoptera\/#breadcrumb\"},\"inLanguage\":\"sk-SK\",\"potentialAction\":[{\"@type\":\"ReadAction\",\"target\":[\"https:\/\/www.festivalvedy.sk\/wp2\/zachranarska-trikoptera\/\"]}]},{\"@type\":\"BreadcrumbList\",\"@id\":\"https:\/\/www.festivalvedy.sk\/wp2\/zachranarska-trikoptera\/#breadcrumb\",\"itemListElement\":[{\"@type\":\"ListItem\",\"position\":1,\"name\":\"Home\",\"item\":\"https:\/\/www.festivalvedy.sk\/wp2\/\"},{\"@type\":\"ListItem\",\"position\":2,\"name\":\"Z\u00e1chran\u00e1rska Trikopt\u00e9ra\"}]},{\"@type\":\"WebSite\",\"@id\":\"https:\/\/www.festivalvedy.sk\/wp2\/#website\",\"url\":\"https:\/\/www.festivalvedy.sk\/wp2\/\",\"name\":\"Festival vedy a techniky AMAVET\",\"description\":\"AMAVET - Asoci\u00e1cia pre ml\u00e1de\u017e, vedu a techniku\",\"publisher\":{\"@id\":\"https:\/\/www.festivalvedy.sk\/wp2\/#organization\"},\"potentialAction\":[{\"@type\":\"SearchAction\",\"target\":{\"@type\":\"EntryPoint\",\"urlTemplate\":\"https:\/\/www.festivalvedy.sk\/wp2\/?s={search_term_string}\"},\"query-input\":{\"@type\":\"PropertyValueSpecification\",\"valueRequired\":true,\"valueName\":\"search_term_string\"}}],\"inLanguage\":\"sk-SK\"},{\"@type\":\"Organization\",\"@id\":\"https:\/\/www.festivalvedy.sk\/wp2\/#organization\",\"name\":\"Festival vedy a techniky AMAVET\",\"url\":\"https:\/\/www.festivalvedy.sk\/wp2\/\",\"logo\":{\"@type\":\"ImageObject\",\"inLanguage\":\"sk-SK\",\"@id\":\"https:\/\/www.festivalvedy.sk\/wp2\/#\/schema\/logo\/image\/\",\"url\":\"https:\/\/www.festivalvedy.sk\/wp2\/wp-content\/uploads\/2022\/02\/cropped-fvat-ochranna-zona.png\",\"contentUrl\":\"https:\/\/www.festivalvedy.sk\/wp2\/wp-content\/uploads\/2022\/02\/cropped-fvat-ochranna-zona.png\",\"width\":1190,\"height\":357,\"caption\":\"Festival vedy a techniky AMAVET\"},\"image\":{\"@id\":\"https:\/\/www.festivalvedy.sk\/wp2\/#\/schema\/logo\/image\/\"}},{\"@type\":\"Person\",\"@id\":\"https:\/\/www.festivalvedy.sk\/wp2\/#\/schema\/person\/f6c2e17170a626260fe38db97ed0a1f5\",\"name\":\"Redakcia\",\"image\":{\"@type\":\"ImageObject\",\"inLanguage\":\"sk-SK\",\"@id\":\"https:\/\/secure.gravatar.com\/avatar\/2f7c312d560e25e8eb59b6b53cadd5dc16b39f25bac1c7d0a221dafd9c91fae9?s=96&d=mm&r=g\",\"url\":\"https:\/\/secure.gravatar.com\/avatar\/2f7c312d560e25e8eb59b6b53cadd5dc16b39f25bac1c7d0a221dafd9c91fae9?s=96&d=mm&r=g\",\"contentUrl\":\"https:\/\/secure.gravatar.com\/avatar\/2f7c312d560e25e8eb59b6b53cadd5dc16b39f25bac1c7d0a221dafd9c91fae9?s=96&d=mm&r=g\",\"caption\":\"Redakcia\"},\"url\":\"https:\/\/www.festivalvedy.sk\/wp2\/author\/fvatadmin\/\"}]}<\/script>\n<!-- \/ Yoast SEO plugin. -->","yoast_head_json":{"title":"Z\u00e1chran\u00e1rska Trikopt\u00e9ra - Festival vedy a techniky AMAVET","robots":{"index":"index","follow":"follow","max-snippet":"max-snippet:-1","max-image-preview":"max-image-preview:large","max-video-preview":"max-video-preview:-1"},"canonical":"https:\/\/www.festivalvedy.sk\/wp2\/zachranarska-trikoptera\/","og_locale":"sk_SK","og_type":"article","og_title":"Z\u00e1chran\u00e1rska Trikopt\u00e9ra - Festival vedy a techniky AMAVET","og_description":"Autor\/autori: Adri\u00e1n Ka\u0161t\u00edl, Erick Voz\u00e1r N\u00e1\u0161 projekt sa zaober\u00e1 pomocou z\u00e1chrann\u00fdm zlo\u017ek\u00e1m. Preto sme navrhli univerz\u00e1lnu z\u00e1chran\u00e1rsku trikopteru. Navrhli sme ju tak, aby bola \u010do najviac cenovo dostupn\u00e1. Na v\u00fdrobu viacer\u00fdch komponentov sme vyu\u017eili 3D tla\u010diare\u0148. Na na\u0161u trikopteru sme vymysleli syst\u00e9m univerz\u00e1lnych modulov, aby sa dalo zmeni\u0165 vyu\u017eitie dronu pre r\u00f4zne situ\u00e1cie. Vymysleli sme [&hellip;]","og_url":"https:\/\/www.festivalvedy.sk\/wp2\/zachranarska-trikoptera\/","og_site_name":"Festival vedy a techniky AMAVET","article_published_time":"2019-09-18T10:45:34+00:00","author":"Redakcia","twitter_card":"summary_large_image","twitter_misc":{"Autor":"Redakcia","Predpokladan\u00fd \u010das \u010d\u00edtania":"1 min\u00fata"},"schema":{"@context":"https:\/\/schema.org","@graph":[{"@type":"Article","@id":"https:\/\/www.festivalvedy.sk\/wp2\/zachranarska-trikoptera\/#article","isPartOf":{"@id":"https:\/\/www.festivalvedy.sk\/wp2\/zachranarska-trikoptera\/"},"author":{"name":"Redakcia","@id":"https:\/\/www.festivalvedy.sk\/wp2\/#\/schema\/person\/f6c2e17170a626260fe38db97ed0a1f5"},"headline":"Z\u00e1chran\u00e1rska Trikopt\u00e9ra","datePublished":"2019-09-18T10:45:34+00:00","mainEntityOfPage":{"@id":"https:\/\/www.festivalvedy.sk\/wp2\/zachranarska-trikoptera\/"},"wordCount":237,"commentCount":0,"publisher":{"@id":"https:\/\/www.festivalvedy.sk\/wp2\/#organization"},"keywords":["2019","Elektrina a mechanika"],"articleSection":["Arch\u00edv 2018","Elektrina a mechanika"],"inLanguage":"sk-SK"},{"@type":"WebPage","@id":"https:\/\/www.festivalvedy.sk\/wp2\/zachranarska-trikoptera\/","url":"https:\/\/www.festivalvedy.sk\/wp2\/zachranarska-trikoptera\/","name":"Z\u00e1chran\u00e1rska Trikopt\u00e9ra - Festival vedy a techniky AMAVET","isPartOf":{"@id":"https:\/\/www.festivalvedy.sk\/wp2\/#website"},"datePublished":"2019-09-18T10:45:34+00:00","breadcrumb":{"@id":"https:\/\/www.festivalvedy.sk\/wp2\/zachranarska-trikoptera\/#breadcrumb"},"inLanguage":"sk-SK","potentialAction":[{"@type":"ReadAction","target":["https:\/\/www.festivalvedy.sk\/wp2\/zachranarska-trikoptera\/"]}]},{"@type":"BreadcrumbList","@id":"https:\/\/www.festivalvedy.sk\/wp2\/zachranarska-trikoptera\/#breadcrumb","itemListElement":[{"@type":"ListItem","position":1,"name":"Home","item":"https:\/\/www.festivalvedy.sk\/wp2\/"},{"@type":"ListItem","position":2,"name":"Z\u00e1chran\u00e1rska Trikopt\u00e9ra"}]},{"@type":"WebSite","@id":"https:\/\/www.festivalvedy.sk\/wp2\/#website","url":"https:\/\/www.festivalvedy.sk\/wp2\/","name":"Festival vedy a techniky AMAVET","description":"AMAVET - Asoci\u00e1cia pre ml\u00e1de\u017e, vedu a techniku","publisher":{"@id":"https:\/\/www.festivalvedy.sk\/wp2\/#organization"},"potentialAction":[{"@type":"SearchAction","target":{"@type":"EntryPoint","urlTemplate":"https:\/\/www.festivalvedy.sk\/wp2\/?s={search_term_string}"},"query-input":{"@type":"PropertyValueSpecification","valueRequired":true,"valueName":"search_term_string"}}],"inLanguage":"sk-SK"},{"@type":"Organization","@id":"https:\/\/www.festivalvedy.sk\/wp2\/#organization","name":"Festival vedy a techniky AMAVET","url":"https:\/\/www.festivalvedy.sk\/wp2\/","logo":{"@type":"ImageObject","inLanguage":"sk-SK","@id":"https:\/\/www.festivalvedy.sk\/wp2\/#\/schema\/logo\/image\/","url":"https:\/\/www.festivalvedy.sk\/wp2\/wp-content\/uploads\/2022\/02\/cropped-fvat-ochranna-zona.png","contentUrl":"https:\/\/www.festivalvedy.sk\/wp2\/wp-content\/uploads\/2022\/02\/cropped-fvat-ochranna-zona.png","width":1190,"height":357,"caption":"Festival vedy a techniky AMAVET"},"image":{"@id":"https:\/\/www.festivalvedy.sk\/wp2\/#\/schema\/logo\/image\/"}},{"@type":"Person","@id":"https:\/\/www.festivalvedy.sk\/wp2\/#\/schema\/person\/f6c2e17170a626260fe38db97ed0a1f5","name":"Redakcia","image":{"@type":"ImageObject","inLanguage":"sk-SK","@id":"https:\/\/secure.gravatar.com\/avatar\/2f7c312d560e25e8eb59b6b53cadd5dc16b39f25bac1c7d0a221dafd9c91fae9?s=96&d=mm&r=g","url":"https:\/\/secure.gravatar.com\/avatar\/2f7c312d560e25e8eb59b6b53cadd5dc16b39f25bac1c7d0a221dafd9c91fae9?s=96&d=mm&r=g","contentUrl":"https:\/\/secure.gravatar.com\/avatar\/2f7c312d560e25e8eb59b6b53cadd5dc16b39f25bac1c7d0a221dafd9c91fae9?s=96&d=mm&r=g","caption":"Redakcia"},"url":"https:\/\/www.festivalvedy.sk\/wp2\/author\/fvatadmin\/"}]}},"_links":{"self":[{"href":"https:\/\/www.festivalvedy.sk\/wp2\/wp-json\/wp\/v2\/posts\/774","targetHints":{"allow":["GET"]}}],"collection":[{"href":"https:\/\/www.festivalvedy.sk\/wp2\/wp-json\/wp\/v2\/posts"}],"about":[{"href":"https:\/\/www.festivalvedy.sk\/wp2\/wp-json\/wp\/v2\/types\/post"}],"author":[{"embeddable":true,"href":"https:\/\/www.festivalvedy.sk\/wp2\/wp-json\/wp\/v2\/users\/1"}],"replies":[{"embeddable":true,"href":"https:\/\/www.festivalvedy.sk\/wp2\/wp-json\/wp\/v2\/comments?post=774"}],"version-history":[{"count":0,"href":"https:\/\/www.festivalvedy.sk\/wp2\/wp-json\/wp\/v2\/posts\/774\/revisions"}],"wp:attachment":[{"href":"https:\/\/www.festivalvedy.sk\/wp2\/wp-json\/wp\/v2\/media?parent=774"}],"wp:term":[{"taxonomy":"category","embeddable":true,"href":"https:\/\/www.festivalvedy.sk\/wp2\/wp-json\/wp\/v2\/categories?post=774"},{"taxonomy":"post_tag","embeddable":true,"href":"https:\/\/www.festivalvedy.sk\/wp2\/wp-json\/wp\/v2\/tags?post=774"}],"curies":[{"name":"wp","href":"https:\/\/api.w.org\/{rel}","templated":true}]}}