{"id":777,"date":"2019-09-18T12:45:34","date_gmt":"2019-09-18T10:45:34","guid":{"rendered":"https:\/\/www.festivalvedy.sk\/wp2\/vplyv-hudby-na-rastliny\/"},"modified":"2019-09-18T12:45:34","modified_gmt":"2019-09-18T10:45:34","slug":"vplyv-hudby-na-rastliny","status":"publish","type":"post","link":"https:\/\/www.festivalvedy.sk\/wp2\/vplyv-hudby-na-rastliny\/","title":{"rendered":"Vplyv hudby na rastliny"},"content":{"rendered":"<p>Autor\/autori: Marek Chrenko, Filip Bella<\/p>\n<p>Ve\u013emi n\u00e1s zauj\u00edmala t\u00e9ma, ak\u00fd je vplyv hudby na rastliny. Hudba od po\u010diatku mala prinies\u0165 \u010dloveku psychologick\u00fd stav blaha. Napr\u00edklad Mozartova hudba pom\u00e1ha pri srdcov\u00fdch ochoreniach. T\u00e1to t\u00e9ma ma ve\u013emi zaujala z tohto d\u00f4vodu, \u017ee hudba m\u00f4\u017ee ma\u0165 blahod\u00e1rne \u00fa\u010dinky pre \u010dloveka, ale aj pre in\u00fa biologick\u00fa formu. Taktie\u017e pred ned\u00e1vnom som sledoval dokument\u00e1rny film ktor\u00fd mal, op\u00e4\u0165 nov\u00e9 mo\u017enosti pestovania rastl\u00edn. Tak som sa rozhodol s moj\u00edm spolu\u017eiakom Filipom realizova\u0165 tento projekt. M\u00e1me v pl\u00e1ne aplikova\u0165 p\u00e4\u0165 rastl\u00edn jednej odrody na p\u00e4\u0165 \u017e\u00e1nrov hudby. A to s\u00fa : klasick\u00e1 hudba, rockov\u00e1 hudba, repov\u00e1 hudba, jazzova hudba a popul\u00e1rna hudba a e\u0161te prid\u00e1me jednu rastlinu ktor\u00e1 nebude vystaven\u00e1 p\u00f4sobeniu \u017eiadnej hudby. Jedna rastlina bude vystaven\u00e1 hudbe po dobu dvadsa\u0165 \u0161tyri hod\u00edn. Na\u0161\u00edm cie\u013eom je aplikova\u0165 a overi\u0165 poznatky americk\u00fdch vedcov z dokument\u00e1rneho filmu.<\/p>\n","protected":false},"excerpt":{"rendered":"<p>Autor\/autori: Marek Chrenko, Filip Bella Ve\u013emi n\u00e1s zauj\u00edmala t\u00e9ma, ak\u00fd je vplyv hudby na rastliny. Hudba od po\u010diatku mala prinies\u0165 \u010dloveku psychologick\u00fd stav blaha. Napr\u00edklad Mozartova hudba pom\u00e1ha pri srdcov\u00fdch ochoreniach. T\u00e1to t\u00e9ma ma ve\u013emi zaujala z tohto d\u00f4vodu, \u017ee hudba m\u00f4\u017ee ma\u0165 blahod\u00e1rne \u00fa\u010dinky pre \u010dloveka, ale aj pre in\u00fa biologick\u00fa formu. Taktie\u017e pred [&hellip;]<\/p>\n","protected":false},"author":1,"featured_media":0,"comment_status":"open","ping_status":"open","sticky":false,"template":"","format":"standard","meta":{"om_disable_all_campaigns":false,"_monsterinsights_skip_tracking":false,"_monsterinsights_sitenote_active":false,"_monsterinsights_sitenote_note":"","_monsterinsights_sitenote_category":0,"_uf_show_specific_survey":0,"_uf_disable_surveys":false,"footnotes":""},"categories":[6,12],"tags":[8,13],"class_list":["post-777","post","type-post","status-publish","format-standard","hentry","category-6","category-biologia","tag-8","tag-biologia"],"yoast_head":"<!-- This site is optimized with the Yoast SEO plugin v27.2 - https:\/\/yoast.com\/product\/yoast-seo-wordpress\/ -->\n<title>Vplyv hudby na rastliny - Festival vedy a techniky AMAVET<\/title>\n<meta name=\"robots\" content=\"index, follow, max-snippet:-1, max-image-preview:large, max-video-preview:-1\" \/>\n<link rel=\"canonical\" href=\"https:\/\/www.festivalvedy.sk\/wp2\/vplyv-hudby-na-rastliny\/\" \/>\n<meta property=\"og:locale\" content=\"sk_SK\" \/>\n<meta property=\"og:type\" content=\"article\" \/>\n<meta property=\"og:title\" content=\"Vplyv hudby na rastliny - Festival vedy a techniky AMAVET\" \/>\n<meta property=\"og:description\" content=\"Autor\/autori: Marek Chrenko, Filip Bella Ve\u013emi n\u00e1s zauj\u00edmala t\u00e9ma, ak\u00fd je vplyv hudby na rastliny. Hudba od po\u010diatku mala prinies\u0165 \u010dloveku psychologick\u00fd stav blaha. Napr\u00edklad Mozartova hudba pom\u00e1ha pri srdcov\u00fdch ochoreniach. T\u00e1to t\u00e9ma ma ve\u013emi zaujala z tohto d\u00f4vodu, \u017ee hudba m\u00f4\u017ee ma\u0165 blahod\u00e1rne \u00fa\u010dinky pre \u010dloveka, ale aj pre in\u00fa biologick\u00fa formu. Taktie\u017e pred [&hellip;]\" \/>\n<meta property=\"og:url\" content=\"https:\/\/www.festivalvedy.sk\/wp2\/vplyv-hudby-na-rastliny\/\" \/>\n<meta property=\"og:site_name\" content=\"Festival vedy a techniky AMAVET\" \/>\n<meta property=\"article:published_time\" content=\"2019-09-18T10:45:34+00:00\" \/>\n<meta name=\"author\" content=\"Redakcia\" \/>\n<meta name=\"twitter:card\" content=\"summary_large_image\" \/>\n<meta name=\"twitter:label1\" content=\"Autor\" \/>\n\t<meta name=\"twitter:data1\" content=\"Redakcia\" \/>\n\t<meta name=\"twitter:label2\" content=\"Predpokladan\u00fd \u010das \u010d\u00edtania\" \/>\n\t<meta name=\"twitter:data2\" content=\"1 min\u00fata\" \/>\n<script type=\"application\/ld+json\" class=\"yoast-schema-graph\">{\"@context\":\"https:\/\/schema.org\",\"@graph\":[{\"@type\":\"Article\",\"@id\":\"https:\/\/www.festivalvedy.sk\/wp2\/vplyv-hudby-na-rastliny\/#article\",\"isPartOf\":{\"@id\":\"https:\/\/www.festivalvedy.sk\/wp2\/vplyv-hudby-na-rastliny\/\"},\"author\":{\"name\":\"Redakcia\",\"@id\":\"https:\/\/www.festivalvedy.sk\/wp2\/#\/schema\/person\/f6c2e17170a626260fe38db97ed0a1f5\"},\"headline\":\"Vplyv hudby na rastliny\",\"datePublished\":\"2019-09-18T10:45:34+00:00\",\"mainEntityOfPage\":{\"@id\":\"https:\/\/www.festivalvedy.sk\/wp2\/vplyv-hudby-na-rastliny\/\"},\"wordCount\":174,\"commentCount\":0,\"publisher\":{\"@id\":\"https:\/\/www.festivalvedy.sk\/wp2\/#organization\"},\"keywords\":[\"2019\",\"Biol\u00f3gia\"],\"articleSection\":[\"Arch\u00edv 2018\",\"Biol\u00f3gia\"],\"inLanguage\":\"sk-SK\"},{\"@type\":\"WebPage\",\"@id\":\"https:\/\/www.festivalvedy.sk\/wp2\/vplyv-hudby-na-rastliny\/\",\"url\":\"https:\/\/www.festivalvedy.sk\/wp2\/vplyv-hudby-na-rastliny\/\",\"name\":\"Vplyv hudby na rastliny - Festival vedy a techniky AMAVET\",\"isPartOf\":{\"@id\":\"https:\/\/www.festivalvedy.sk\/wp2\/#website\"},\"datePublished\":\"2019-09-18T10:45:34+00:00\",\"breadcrumb\":{\"@id\":\"https:\/\/www.festivalvedy.sk\/wp2\/vplyv-hudby-na-rastliny\/#breadcrumb\"},\"inLanguage\":\"sk-SK\",\"potentialAction\":[{\"@type\":\"ReadAction\",\"target\":[\"https:\/\/www.festivalvedy.sk\/wp2\/vplyv-hudby-na-rastliny\/\"]}]},{\"@type\":\"BreadcrumbList\",\"@id\":\"https:\/\/www.festivalvedy.sk\/wp2\/vplyv-hudby-na-rastliny\/#breadcrumb\",\"itemListElement\":[{\"@type\":\"ListItem\",\"position\":1,\"name\":\"Home\",\"item\":\"https:\/\/www.festivalvedy.sk\/wp2\/\"},{\"@type\":\"ListItem\",\"position\":2,\"name\":\"Vplyv hudby na rastliny\"}]},{\"@type\":\"WebSite\",\"@id\":\"https:\/\/www.festivalvedy.sk\/wp2\/#website\",\"url\":\"https:\/\/www.festivalvedy.sk\/wp2\/\",\"name\":\"Festival vedy a techniky AMAVET\",\"description\":\"AMAVET - Asoci\u00e1cia pre ml\u00e1de\u017e, vedu a techniku\",\"publisher\":{\"@id\":\"https:\/\/www.festivalvedy.sk\/wp2\/#organization\"},\"potentialAction\":[{\"@type\":\"SearchAction\",\"target\":{\"@type\":\"EntryPoint\",\"urlTemplate\":\"https:\/\/www.festivalvedy.sk\/wp2\/?s={search_term_string}\"},\"query-input\":{\"@type\":\"PropertyValueSpecification\",\"valueRequired\":true,\"valueName\":\"search_term_string\"}}],\"inLanguage\":\"sk-SK\"},{\"@type\":\"Organization\",\"@id\":\"https:\/\/www.festivalvedy.sk\/wp2\/#organization\",\"name\":\"Festival vedy a techniky AMAVET\",\"url\":\"https:\/\/www.festivalvedy.sk\/wp2\/\",\"logo\":{\"@type\":\"ImageObject\",\"inLanguage\":\"sk-SK\",\"@id\":\"https:\/\/www.festivalvedy.sk\/wp2\/#\/schema\/logo\/image\/\",\"url\":\"https:\/\/www.festivalvedy.sk\/wp2\/wp-content\/uploads\/2022\/02\/cropped-fvat-ochranna-zona.png\",\"contentUrl\":\"https:\/\/www.festivalvedy.sk\/wp2\/wp-content\/uploads\/2022\/02\/cropped-fvat-ochranna-zona.png\",\"width\":1190,\"height\":357,\"caption\":\"Festival vedy a techniky AMAVET\"},\"image\":{\"@id\":\"https:\/\/www.festivalvedy.sk\/wp2\/#\/schema\/logo\/image\/\"}},{\"@type\":\"Person\",\"@id\":\"https:\/\/www.festivalvedy.sk\/wp2\/#\/schema\/person\/f6c2e17170a626260fe38db97ed0a1f5\",\"name\":\"Redakcia\",\"image\":{\"@type\":\"ImageObject\",\"inLanguage\":\"sk-SK\",\"@id\":\"https:\/\/secure.gravatar.com\/avatar\/2f7c312d560e25e8eb59b6b53cadd5dc16b39f25bac1c7d0a221dafd9c91fae9?s=96&d=mm&r=g\",\"url\":\"https:\/\/secure.gravatar.com\/avatar\/2f7c312d560e25e8eb59b6b53cadd5dc16b39f25bac1c7d0a221dafd9c91fae9?s=96&d=mm&r=g\",\"contentUrl\":\"https:\/\/secure.gravatar.com\/avatar\/2f7c312d560e25e8eb59b6b53cadd5dc16b39f25bac1c7d0a221dafd9c91fae9?s=96&d=mm&r=g\",\"caption\":\"Redakcia\"},\"url\":\"https:\/\/www.festivalvedy.sk\/wp2\/author\/fvatadmin\/\"}]}<\/script>\n<!-- \/ Yoast SEO plugin. -->","yoast_head_json":{"title":"Vplyv hudby na rastliny - Festival vedy a techniky AMAVET","robots":{"index":"index","follow":"follow","max-snippet":"max-snippet:-1","max-image-preview":"max-image-preview:large","max-video-preview":"max-video-preview:-1"},"canonical":"https:\/\/www.festivalvedy.sk\/wp2\/vplyv-hudby-na-rastliny\/","og_locale":"sk_SK","og_type":"article","og_title":"Vplyv hudby na rastliny - Festival vedy a techniky AMAVET","og_description":"Autor\/autori: Marek Chrenko, Filip Bella Ve\u013emi n\u00e1s zauj\u00edmala t\u00e9ma, ak\u00fd je vplyv hudby na rastliny. Hudba od po\u010diatku mala prinies\u0165 \u010dloveku psychologick\u00fd stav blaha. Napr\u00edklad Mozartova hudba pom\u00e1ha pri srdcov\u00fdch ochoreniach. T\u00e1to t\u00e9ma ma ve\u013emi zaujala z tohto d\u00f4vodu, \u017ee hudba m\u00f4\u017ee ma\u0165 blahod\u00e1rne \u00fa\u010dinky pre \u010dloveka, ale aj pre in\u00fa biologick\u00fa formu. Taktie\u017e pred [&hellip;]","og_url":"https:\/\/www.festivalvedy.sk\/wp2\/vplyv-hudby-na-rastliny\/","og_site_name":"Festival vedy a techniky AMAVET","article_published_time":"2019-09-18T10:45:34+00:00","author":"Redakcia","twitter_card":"summary_large_image","twitter_misc":{"Autor":"Redakcia","Predpokladan\u00fd \u010das \u010d\u00edtania":"1 min\u00fata"},"schema":{"@context":"https:\/\/schema.org","@graph":[{"@type":"Article","@id":"https:\/\/www.festivalvedy.sk\/wp2\/vplyv-hudby-na-rastliny\/#article","isPartOf":{"@id":"https:\/\/www.festivalvedy.sk\/wp2\/vplyv-hudby-na-rastliny\/"},"author":{"name":"Redakcia","@id":"https:\/\/www.festivalvedy.sk\/wp2\/#\/schema\/person\/f6c2e17170a626260fe38db97ed0a1f5"},"headline":"Vplyv hudby na rastliny","datePublished":"2019-09-18T10:45:34+00:00","mainEntityOfPage":{"@id":"https:\/\/www.festivalvedy.sk\/wp2\/vplyv-hudby-na-rastliny\/"},"wordCount":174,"commentCount":0,"publisher":{"@id":"https:\/\/www.festivalvedy.sk\/wp2\/#organization"},"keywords":["2019","Biol\u00f3gia"],"articleSection":["Arch\u00edv 2018","Biol\u00f3gia"],"inLanguage":"sk-SK"},{"@type":"WebPage","@id":"https:\/\/www.festivalvedy.sk\/wp2\/vplyv-hudby-na-rastliny\/","url":"https:\/\/www.festivalvedy.sk\/wp2\/vplyv-hudby-na-rastliny\/","name":"Vplyv hudby na rastliny - Festival vedy a techniky AMAVET","isPartOf":{"@id":"https:\/\/www.festivalvedy.sk\/wp2\/#website"},"datePublished":"2019-09-18T10:45:34+00:00","breadcrumb":{"@id":"https:\/\/www.festivalvedy.sk\/wp2\/vplyv-hudby-na-rastliny\/#breadcrumb"},"inLanguage":"sk-SK","potentialAction":[{"@type":"ReadAction","target":["https:\/\/www.festivalvedy.sk\/wp2\/vplyv-hudby-na-rastliny\/"]}]},{"@type":"BreadcrumbList","@id":"https:\/\/www.festivalvedy.sk\/wp2\/vplyv-hudby-na-rastliny\/#breadcrumb","itemListElement":[{"@type":"ListItem","position":1,"name":"Home","item":"https:\/\/www.festivalvedy.sk\/wp2\/"},{"@type":"ListItem","position":2,"name":"Vplyv hudby na rastliny"}]},{"@type":"WebSite","@id":"https:\/\/www.festivalvedy.sk\/wp2\/#website","url":"https:\/\/www.festivalvedy.sk\/wp2\/","name":"Festival vedy a techniky AMAVET","description":"AMAVET - Asoci\u00e1cia pre ml\u00e1de\u017e, vedu a techniku","publisher":{"@id":"https:\/\/www.festivalvedy.sk\/wp2\/#organization"},"potentialAction":[{"@type":"SearchAction","target":{"@type":"EntryPoint","urlTemplate":"https:\/\/www.festivalvedy.sk\/wp2\/?s={search_term_string}"},"query-input":{"@type":"PropertyValueSpecification","valueRequired":true,"valueName":"search_term_string"}}],"inLanguage":"sk-SK"},{"@type":"Organization","@id":"https:\/\/www.festivalvedy.sk\/wp2\/#organization","name":"Festival vedy a techniky AMAVET","url":"https:\/\/www.festivalvedy.sk\/wp2\/","logo":{"@type":"ImageObject","inLanguage":"sk-SK","@id":"https:\/\/www.festivalvedy.sk\/wp2\/#\/schema\/logo\/image\/","url":"https:\/\/www.festivalvedy.sk\/wp2\/wp-content\/uploads\/2022\/02\/cropped-fvat-ochranna-zona.png","contentUrl":"https:\/\/www.festivalvedy.sk\/wp2\/wp-content\/uploads\/2022\/02\/cropped-fvat-ochranna-zona.png","width":1190,"height":357,"caption":"Festival vedy a techniky AMAVET"},"image":{"@id":"https:\/\/www.festivalvedy.sk\/wp2\/#\/schema\/logo\/image\/"}},{"@type":"Person","@id":"https:\/\/www.festivalvedy.sk\/wp2\/#\/schema\/person\/f6c2e17170a626260fe38db97ed0a1f5","name":"Redakcia","image":{"@type":"ImageObject","inLanguage":"sk-SK","@id":"https:\/\/secure.gravatar.com\/avatar\/2f7c312d560e25e8eb59b6b53cadd5dc16b39f25bac1c7d0a221dafd9c91fae9?s=96&d=mm&r=g","url":"https:\/\/secure.gravatar.com\/avatar\/2f7c312d560e25e8eb59b6b53cadd5dc16b39f25bac1c7d0a221dafd9c91fae9?s=96&d=mm&r=g","contentUrl":"https:\/\/secure.gravatar.com\/avatar\/2f7c312d560e25e8eb59b6b53cadd5dc16b39f25bac1c7d0a221dafd9c91fae9?s=96&d=mm&r=g","caption":"Redakcia"},"url":"https:\/\/www.festivalvedy.sk\/wp2\/author\/fvatadmin\/"}]}},"_links":{"self":[{"href":"https:\/\/www.festivalvedy.sk\/wp2\/wp-json\/wp\/v2\/posts\/777","targetHints":{"allow":["GET"]}}],"collection":[{"href":"https:\/\/www.festivalvedy.sk\/wp2\/wp-json\/wp\/v2\/posts"}],"about":[{"href":"https:\/\/www.festivalvedy.sk\/wp2\/wp-json\/wp\/v2\/types\/post"}],"author":[{"embeddable":true,"href":"https:\/\/www.festivalvedy.sk\/wp2\/wp-json\/wp\/v2\/users\/1"}],"replies":[{"embeddable":true,"href":"https:\/\/www.festivalvedy.sk\/wp2\/wp-json\/wp\/v2\/comments?post=777"}],"version-history":[{"count":0,"href":"https:\/\/www.festivalvedy.sk\/wp2\/wp-json\/wp\/v2\/posts\/777\/revisions"}],"wp:attachment":[{"href":"https:\/\/www.festivalvedy.sk\/wp2\/wp-json\/wp\/v2\/media?parent=777"}],"wp:term":[{"taxonomy":"category","embeddable":true,"href":"https:\/\/www.festivalvedy.sk\/wp2\/wp-json\/wp\/v2\/categories?post=777"},{"taxonomy":"post_tag","embeddable":true,"href":"https:\/\/www.festivalvedy.sk\/wp2\/wp-json\/wp\/v2\/tags?post=777"}],"curies":[{"name":"wp","href":"https:\/\/api.w.org\/{rel}","templated":true}]}}