{"id":783,"date":"2019-09-18T12:45:35","date_gmt":"2019-09-18T10:45:35","guid":{"rendered":"https:\/\/www.festivalvedy.sk\/wp2\/polder\/"},"modified":"2019-09-18T12:45:35","modified_gmt":"2019-09-18T10:45:35","slug":"polder","status":"publish","type":"post","link":"https:\/\/www.festivalvedy.sk\/wp2\/polder\/","title":{"rendered":"Polder"},"content":{"rendered":"<p>Autor\/autori: Martin Pucl\u00edk, Kamila Vl\u010dkov\u00e1<\/p>\n<p>Pre splnenie stanoven\u00e9ho cie\u013ea &#8222;vypracova\u0165 n\u00e1vrh na odstr\u00e1nenie zat\u00e1pania Ra\u010dianskej ulice pri pr\u00edvalov\u00fdch da\u017e\u010foch&#8220;, sme pou\u017eili spracovan\u00e9 \u00fadaje zo zamerania such\u00e9ho poldra na Hradskom potoku Kl\u00e1tova Nov\u00e1 Ves. Jednotliv\u00e9 vrstvy, potrebn\u00e9 pre tvorbu modelu poldra v mierke 1:1000 sme z\u00edskali z vypracovan\u00e9ho tachymetrick\u00e9ho pl\u00e1nu. Vrstevnice sme skop\u00edrovali na papiere A3, prilepili na f\u00f3liu a z jednotliv\u00fdch vrstiev sme zlepili priestorov\u00fd model. Vyhotoven\u00fd model sme byu\u017eili na overenie odtekania vody z prieto\u010dn\u00e9ho poldra cez prepadov\u00fa \u0161achtu. Princ\u00edp prepadov\u00e9ho poldra upravili nasledovne:<br \/>\n&#8211; navrhujeme umiestni\u0165 do tr\u00e1vnatej \u010dasti cesty umelohmotn\u00fa n\u00e1dr\u017e na da\u017e\u010fov\u00fa vodu<br \/>\n&#8211; namiesto prepadovej \u0161achty do n\u00e1dr\u017ee upevni\u0165 obrubn\u00edkov\u00e9 kanaliza\u010dn\u00e9 vpuste, ktor\u00e9 da\u017e\u010fov\u00fa vodu odved\u00fa do n\u00e1dr\u017ee<br \/>\n&#8211; Ve\u013ekos\u0165 n\u00e1dr\u017ee prisp\u00f4sobi\u0165 ploche tr\u00e1vnat\u00e9ho ostrov\u010deka a objemu da\u017e\u010fovej vody<br \/>\n&#8211; n\u00e1dr\u017e pripoji\u0165 na kanaliza\u010dn\u00fa vpus\u0165<\/p>\n","protected":false},"excerpt":{"rendered":"<p>Autor\/autori: Martin Pucl\u00edk, Kamila Vl\u010dkov\u00e1 Pre splnenie stanoven\u00e9ho cie\u013ea &#8222;vypracova\u0165 n\u00e1vrh na odstr\u00e1nenie zat\u00e1pania Ra\u010dianskej ulice pri pr\u00edvalov\u00fdch da\u017e\u010foch&#8220;, sme pou\u017eili spracovan\u00e9 \u00fadaje zo zamerania such\u00e9ho poldra na Hradskom potoku Kl\u00e1tova Nov\u00e1 Ves. Jednotliv\u00e9 vrstvy, potrebn\u00e9 pre tvorbu modelu poldra v mierke 1:1000 sme z\u00edskali z vypracovan\u00e9ho tachymetrick\u00e9ho pl\u00e1nu. Vrstevnice sme skop\u00edrovali na papiere A3, [&hellip;]<\/p>\n","protected":false},"author":1,"featured_media":0,"comment_status":"open","ping_status":"open","sticky":false,"template":"","format":"standard","meta":{"om_disable_all_campaigns":false,"_monsterinsights_skip_tracking":false,"_monsterinsights_sitenote_active":false,"_monsterinsights_sitenote_note":"","_monsterinsights_sitenote_category":0,"_uf_show_specific_survey":0,"_uf_disable_surveys":false,"footnotes":""},"categories":[6,24],"tags":[8,25],"class_list":["post-783","post","type-post","status-publish","format-standard","hentry","category-6","category-geovedy","tag-8","tag-geovedy"],"yoast_head":"<!-- This site is optimized with the Yoast SEO plugin v27.2 - https:\/\/yoast.com\/product\/yoast-seo-wordpress\/ -->\n<title>Polder - Festival vedy a techniky AMAVET<\/title>\n<meta name=\"robots\" content=\"index, follow, max-snippet:-1, max-image-preview:large, max-video-preview:-1\" \/>\n<link rel=\"canonical\" href=\"https:\/\/www.festivalvedy.sk\/wp2\/polder\/\" \/>\n<meta property=\"og:locale\" content=\"sk_SK\" \/>\n<meta property=\"og:type\" content=\"article\" \/>\n<meta property=\"og:title\" content=\"Polder - Festival vedy a techniky AMAVET\" \/>\n<meta property=\"og:description\" content=\"Autor\/autori: Martin Pucl\u00edk, Kamila Vl\u010dkov\u00e1 Pre splnenie stanoven\u00e9ho cie\u013ea &#8222;vypracova\u0165 n\u00e1vrh na odstr\u00e1nenie zat\u00e1pania Ra\u010dianskej ulice pri pr\u00edvalov\u00fdch da\u017e\u010foch&#8220;, sme pou\u017eili spracovan\u00e9 \u00fadaje zo zamerania such\u00e9ho poldra na Hradskom potoku Kl\u00e1tova Nov\u00e1 Ves. Jednotliv\u00e9 vrstvy, potrebn\u00e9 pre tvorbu modelu poldra v mierke 1:1000 sme z\u00edskali z vypracovan\u00e9ho tachymetrick\u00e9ho pl\u00e1nu. Vrstevnice sme skop\u00edrovali na papiere A3, [&hellip;]\" \/>\n<meta property=\"og:url\" content=\"https:\/\/www.festivalvedy.sk\/wp2\/polder\/\" \/>\n<meta property=\"og:site_name\" content=\"Festival vedy a techniky AMAVET\" \/>\n<meta property=\"article:published_time\" content=\"2019-09-18T10:45:35+00:00\" \/>\n<meta name=\"author\" content=\"Redakcia\" \/>\n<meta name=\"twitter:card\" content=\"summary_large_image\" \/>\n<meta name=\"twitter:label1\" content=\"Autor\" \/>\n\t<meta name=\"twitter:data1\" content=\"Redakcia\" \/>\n\t<meta name=\"twitter:label2\" content=\"Predpokladan\u00fd \u010das \u010d\u00edtania\" \/>\n\t<meta name=\"twitter:data2\" content=\"1 min\u00fata\" \/>\n<script type=\"application\/ld+json\" class=\"yoast-schema-graph\">{\"@context\":\"https:\/\/schema.org\",\"@graph\":[{\"@type\":\"Article\",\"@id\":\"https:\/\/www.festivalvedy.sk\/wp2\/polder\/#article\",\"isPartOf\":{\"@id\":\"https:\/\/www.festivalvedy.sk\/wp2\/polder\/\"},\"author\":{\"name\":\"Redakcia\",\"@id\":\"https:\/\/www.festivalvedy.sk\/wp2\/#\/schema\/person\/f6c2e17170a626260fe38db97ed0a1f5\"},\"headline\":\"Polder\",\"datePublished\":\"2019-09-18T10:45:35+00:00\",\"mainEntityOfPage\":{\"@id\":\"https:\/\/www.festivalvedy.sk\/wp2\/polder\/\"},\"wordCount\":177,\"commentCount\":0,\"publisher\":{\"@id\":\"https:\/\/www.festivalvedy.sk\/wp2\/#organization\"},\"keywords\":[\"2019\",\"Geovedy\"],\"articleSection\":[\"Arch\u00edv 2018\",\"Geovedy\"],\"inLanguage\":\"sk-SK\"},{\"@type\":\"WebPage\",\"@id\":\"https:\/\/www.festivalvedy.sk\/wp2\/polder\/\",\"url\":\"https:\/\/www.festivalvedy.sk\/wp2\/polder\/\",\"name\":\"Polder - Festival vedy a techniky AMAVET\",\"isPartOf\":{\"@id\":\"https:\/\/www.festivalvedy.sk\/wp2\/#website\"},\"datePublished\":\"2019-09-18T10:45:35+00:00\",\"breadcrumb\":{\"@id\":\"https:\/\/www.festivalvedy.sk\/wp2\/polder\/#breadcrumb\"},\"inLanguage\":\"sk-SK\",\"potentialAction\":[{\"@type\":\"ReadAction\",\"target\":[\"https:\/\/www.festivalvedy.sk\/wp2\/polder\/\"]}]},{\"@type\":\"BreadcrumbList\",\"@id\":\"https:\/\/www.festivalvedy.sk\/wp2\/polder\/#breadcrumb\",\"itemListElement\":[{\"@type\":\"ListItem\",\"position\":1,\"name\":\"Home\",\"item\":\"https:\/\/www.festivalvedy.sk\/wp2\/\"},{\"@type\":\"ListItem\",\"position\":2,\"name\":\"Polder\"}]},{\"@type\":\"WebSite\",\"@id\":\"https:\/\/www.festivalvedy.sk\/wp2\/#website\",\"url\":\"https:\/\/www.festivalvedy.sk\/wp2\/\",\"name\":\"Festival vedy a techniky AMAVET\",\"description\":\"AMAVET - Asoci\u00e1cia pre ml\u00e1de\u017e, vedu a techniku\",\"publisher\":{\"@id\":\"https:\/\/www.festivalvedy.sk\/wp2\/#organization\"},\"potentialAction\":[{\"@type\":\"SearchAction\",\"target\":{\"@type\":\"EntryPoint\",\"urlTemplate\":\"https:\/\/www.festivalvedy.sk\/wp2\/?s={search_term_string}\"},\"query-input\":{\"@type\":\"PropertyValueSpecification\",\"valueRequired\":true,\"valueName\":\"search_term_string\"}}],\"inLanguage\":\"sk-SK\"},{\"@type\":\"Organization\",\"@id\":\"https:\/\/www.festivalvedy.sk\/wp2\/#organization\",\"name\":\"Festival vedy a techniky AMAVET\",\"url\":\"https:\/\/www.festivalvedy.sk\/wp2\/\",\"logo\":{\"@type\":\"ImageObject\",\"inLanguage\":\"sk-SK\",\"@id\":\"https:\/\/www.festivalvedy.sk\/wp2\/#\/schema\/logo\/image\/\",\"url\":\"https:\/\/www.festivalvedy.sk\/wp2\/wp-content\/uploads\/2022\/02\/cropped-fvat-ochranna-zona.png\",\"contentUrl\":\"https:\/\/www.festivalvedy.sk\/wp2\/wp-content\/uploads\/2022\/02\/cropped-fvat-ochranna-zona.png\",\"width\":1190,\"height\":357,\"caption\":\"Festival vedy a techniky AMAVET\"},\"image\":{\"@id\":\"https:\/\/www.festivalvedy.sk\/wp2\/#\/schema\/logo\/image\/\"}},{\"@type\":\"Person\",\"@id\":\"https:\/\/www.festivalvedy.sk\/wp2\/#\/schema\/person\/f6c2e17170a626260fe38db97ed0a1f5\",\"name\":\"Redakcia\",\"image\":{\"@type\":\"ImageObject\",\"inLanguage\":\"sk-SK\",\"@id\":\"https:\/\/secure.gravatar.com\/avatar\/2f7c312d560e25e8eb59b6b53cadd5dc16b39f25bac1c7d0a221dafd9c91fae9?s=96&d=mm&r=g\",\"url\":\"https:\/\/secure.gravatar.com\/avatar\/2f7c312d560e25e8eb59b6b53cadd5dc16b39f25bac1c7d0a221dafd9c91fae9?s=96&d=mm&r=g\",\"contentUrl\":\"https:\/\/secure.gravatar.com\/avatar\/2f7c312d560e25e8eb59b6b53cadd5dc16b39f25bac1c7d0a221dafd9c91fae9?s=96&d=mm&r=g\",\"caption\":\"Redakcia\"},\"url\":\"https:\/\/www.festivalvedy.sk\/wp2\/author\/fvatadmin\/\"}]}<\/script>\n<!-- \/ Yoast SEO plugin. -->","yoast_head_json":{"title":"Polder - Festival vedy a techniky AMAVET","robots":{"index":"index","follow":"follow","max-snippet":"max-snippet:-1","max-image-preview":"max-image-preview:large","max-video-preview":"max-video-preview:-1"},"canonical":"https:\/\/www.festivalvedy.sk\/wp2\/polder\/","og_locale":"sk_SK","og_type":"article","og_title":"Polder - Festival vedy a techniky AMAVET","og_description":"Autor\/autori: Martin Pucl\u00edk, Kamila Vl\u010dkov\u00e1 Pre splnenie stanoven\u00e9ho cie\u013ea &#8222;vypracova\u0165 n\u00e1vrh na odstr\u00e1nenie zat\u00e1pania Ra\u010dianskej ulice pri pr\u00edvalov\u00fdch da\u017e\u010foch&#8220;, sme pou\u017eili spracovan\u00e9 \u00fadaje zo zamerania such\u00e9ho poldra na Hradskom potoku Kl\u00e1tova Nov\u00e1 Ves. Jednotliv\u00e9 vrstvy, potrebn\u00e9 pre tvorbu modelu poldra v mierke 1:1000 sme z\u00edskali z vypracovan\u00e9ho tachymetrick\u00e9ho pl\u00e1nu. Vrstevnice sme skop\u00edrovali na papiere A3, [&hellip;]","og_url":"https:\/\/www.festivalvedy.sk\/wp2\/polder\/","og_site_name":"Festival vedy a techniky AMAVET","article_published_time":"2019-09-18T10:45:35+00:00","author":"Redakcia","twitter_card":"summary_large_image","twitter_misc":{"Autor":"Redakcia","Predpokladan\u00fd \u010das \u010d\u00edtania":"1 min\u00fata"},"schema":{"@context":"https:\/\/schema.org","@graph":[{"@type":"Article","@id":"https:\/\/www.festivalvedy.sk\/wp2\/polder\/#article","isPartOf":{"@id":"https:\/\/www.festivalvedy.sk\/wp2\/polder\/"},"author":{"name":"Redakcia","@id":"https:\/\/www.festivalvedy.sk\/wp2\/#\/schema\/person\/f6c2e17170a626260fe38db97ed0a1f5"},"headline":"Polder","datePublished":"2019-09-18T10:45:35+00:00","mainEntityOfPage":{"@id":"https:\/\/www.festivalvedy.sk\/wp2\/polder\/"},"wordCount":177,"commentCount":0,"publisher":{"@id":"https:\/\/www.festivalvedy.sk\/wp2\/#organization"},"keywords":["2019","Geovedy"],"articleSection":["Arch\u00edv 2018","Geovedy"],"inLanguage":"sk-SK"},{"@type":"WebPage","@id":"https:\/\/www.festivalvedy.sk\/wp2\/polder\/","url":"https:\/\/www.festivalvedy.sk\/wp2\/polder\/","name":"Polder - Festival vedy a techniky AMAVET","isPartOf":{"@id":"https:\/\/www.festivalvedy.sk\/wp2\/#website"},"datePublished":"2019-09-18T10:45:35+00:00","breadcrumb":{"@id":"https:\/\/www.festivalvedy.sk\/wp2\/polder\/#breadcrumb"},"inLanguage":"sk-SK","potentialAction":[{"@type":"ReadAction","target":["https:\/\/www.festivalvedy.sk\/wp2\/polder\/"]}]},{"@type":"BreadcrumbList","@id":"https:\/\/www.festivalvedy.sk\/wp2\/polder\/#breadcrumb","itemListElement":[{"@type":"ListItem","position":1,"name":"Home","item":"https:\/\/www.festivalvedy.sk\/wp2\/"},{"@type":"ListItem","position":2,"name":"Polder"}]},{"@type":"WebSite","@id":"https:\/\/www.festivalvedy.sk\/wp2\/#website","url":"https:\/\/www.festivalvedy.sk\/wp2\/","name":"Festival vedy a techniky AMAVET","description":"AMAVET - Asoci\u00e1cia pre ml\u00e1de\u017e, vedu a techniku","publisher":{"@id":"https:\/\/www.festivalvedy.sk\/wp2\/#organization"},"potentialAction":[{"@type":"SearchAction","target":{"@type":"EntryPoint","urlTemplate":"https:\/\/www.festivalvedy.sk\/wp2\/?s={search_term_string}"},"query-input":{"@type":"PropertyValueSpecification","valueRequired":true,"valueName":"search_term_string"}}],"inLanguage":"sk-SK"},{"@type":"Organization","@id":"https:\/\/www.festivalvedy.sk\/wp2\/#organization","name":"Festival vedy a techniky AMAVET","url":"https:\/\/www.festivalvedy.sk\/wp2\/","logo":{"@type":"ImageObject","inLanguage":"sk-SK","@id":"https:\/\/www.festivalvedy.sk\/wp2\/#\/schema\/logo\/image\/","url":"https:\/\/www.festivalvedy.sk\/wp2\/wp-content\/uploads\/2022\/02\/cropped-fvat-ochranna-zona.png","contentUrl":"https:\/\/www.festivalvedy.sk\/wp2\/wp-content\/uploads\/2022\/02\/cropped-fvat-ochranna-zona.png","width":1190,"height":357,"caption":"Festival vedy a techniky AMAVET"},"image":{"@id":"https:\/\/www.festivalvedy.sk\/wp2\/#\/schema\/logo\/image\/"}},{"@type":"Person","@id":"https:\/\/www.festivalvedy.sk\/wp2\/#\/schema\/person\/f6c2e17170a626260fe38db97ed0a1f5","name":"Redakcia","image":{"@type":"ImageObject","inLanguage":"sk-SK","@id":"https:\/\/secure.gravatar.com\/avatar\/2f7c312d560e25e8eb59b6b53cadd5dc16b39f25bac1c7d0a221dafd9c91fae9?s=96&d=mm&r=g","url":"https:\/\/secure.gravatar.com\/avatar\/2f7c312d560e25e8eb59b6b53cadd5dc16b39f25bac1c7d0a221dafd9c91fae9?s=96&d=mm&r=g","contentUrl":"https:\/\/secure.gravatar.com\/avatar\/2f7c312d560e25e8eb59b6b53cadd5dc16b39f25bac1c7d0a221dafd9c91fae9?s=96&d=mm&r=g","caption":"Redakcia"},"url":"https:\/\/www.festivalvedy.sk\/wp2\/author\/fvatadmin\/"}]}},"_links":{"self":[{"href":"https:\/\/www.festivalvedy.sk\/wp2\/wp-json\/wp\/v2\/posts\/783","targetHints":{"allow":["GET"]}}],"collection":[{"href":"https:\/\/www.festivalvedy.sk\/wp2\/wp-json\/wp\/v2\/posts"}],"about":[{"href":"https:\/\/www.festivalvedy.sk\/wp2\/wp-json\/wp\/v2\/types\/post"}],"author":[{"embeddable":true,"href":"https:\/\/www.festivalvedy.sk\/wp2\/wp-json\/wp\/v2\/users\/1"}],"replies":[{"embeddable":true,"href":"https:\/\/www.festivalvedy.sk\/wp2\/wp-json\/wp\/v2\/comments?post=783"}],"version-history":[{"count":0,"href":"https:\/\/www.festivalvedy.sk\/wp2\/wp-json\/wp\/v2\/posts\/783\/revisions"}],"wp:attachment":[{"href":"https:\/\/www.festivalvedy.sk\/wp2\/wp-json\/wp\/v2\/media?parent=783"}],"wp:term":[{"taxonomy":"category","embeddable":true,"href":"https:\/\/www.festivalvedy.sk\/wp2\/wp-json\/wp\/v2\/categories?post=783"},{"taxonomy":"post_tag","embeddable":true,"href":"https:\/\/www.festivalvedy.sk\/wp2\/wp-json\/wp\/v2\/tags?post=783"}],"curies":[{"name":"wp","href":"https:\/\/api.w.org\/{rel}","templated":true}]}}