{"id":784,"date":"2019-09-18T12:45:35","date_gmt":"2019-09-18T10:45:35","guid":{"rendered":"https:\/\/www.festivalvedy.sk\/wp2\/solarne-panely\/"},"modified":"2019-09-18T12:45:35","modified_gmt":"2019-09-18T10:45:35","slug":"solarne-panely","status":"publish","type":"post","link":"https:\/\/www.festivalvedy.sk\/wp2\/solarne-panely\/","title":{"rendered":"Sol\u00e1rne panely"},"content":{"rendered":"<p>Autor\/autori: Patr\u00edcia Hudecov\u00e1, Kl\u00e1ra Barto\u0161ov\u00e1<\/p>\n<p>Abstrakt<br \/>\nZaujali n\u00e1s inform\u00e1cie, \u017ee do piatich rokov sa m\u00e1 na Sahare vybudova\u0165 obrovsk\u00e1 sol\u00e1rna \u201efarma\u201c, ktor\u00e1 by sa pod\u013ea o\u010dak\u00e1vanej \u00faspe\u0161nosti mala v priebehu \u010fal\u0161\u00edch rokov zna\u010dne rozr\u00e1s\u0165. Ak by len 1% najv\u00e4\u010d\u0161ej p\u00fa\u0161te na svete bolo pokryt\u00e9 sol\u00e1rnymi panelmi, vedeli by vygenerova\u0165 to\u013eko energie, \u017ee by dok\u00e1zala z\u00e1sobi\u0165 cel\u00fd svet! My sme sa zamerali na vyu\u017eitie saharsk\u00e9ho piesku pod sol\u00e1rnymi panelmi. Cie\u013eom pr\u00e1ce bolo zisti\u0165, \u010di je mo\u017en\u00e9, aby pod sol\u00e1rnymi panelmi r\u00e1stli rastliny. Ke\u010f\u017ee sme pokus testovali v podmienkach mierneho podnebn\u00e9ho p\u00e1sma, bolo potrebn\u00e9 nasimulova\u0165 pomocou sklen\u00edkov\u00e9ho efektu podmienky, ak\u00e9 by mohli by\u0165 na Sahare. Postupovali sme nasledovne: najsk\u00f4r sme na dno plastovej f\u013ea\u0161e nasypali vrstvu piesku, na ktor\u00fa sme n\u00e1sledne dali vrstvu hliny, aby mohla rastlina \u010derpa\u0165 \u017eiviny z p\u00f4dy. Pre nasimulovanie podzemnej vody na Sahare sme syst\u00e9m zaliali vodou, zasadili tr\u00e1vu a pozorovali po dobu jedn\u00e9ho mesiaca. U\u017e v priebehu nieko\u013ek\u00fdch dn\u00ed sa v sk\u00famavke nahromadilo 9 ml vody. Dospeli sme k z\u00e1veru, ktor\u00fd potvrdil na\u0161e o\u010dak\u00e1vania, \u017ee rast rastl\u00edn, v na\u0161om pr\u00edpade tr\u00e1vy, by bol pod sol\u00e1rnymi panelmi mo\u017en\u00fd v d\u00f4sledku kondenz\u00e1cie vodnej pary na spodnej \u010dasti sol\u00e1rnych panelov a n\u00e1sledn\u00e9ho samozavla\u017eovania touto rosou.<\/p>\n","protected":false},"excerpt":{"rendered":"<p>Autor\/autori: Patr\u00edcia Hudecov\u00e1, Kl\u00e1ra Barto\u0161ov\u00e1 Abstrakt Zaujali n\u00e1s inform\u00e1cie, \u017ee do piatich rokov sa m\u00e1 na Sahare vybudova\u0165 obrovsk\u00e1 sol\u00e1rna \u201efarma\u201c, ktor\u00e1 by sa pod\u013ea o\u010dak\u00e1vanej \u00faspe\u0161nosti mala v priebehu \u010fal\u0161\u00edch rokov zna\u010dne rozr\u00e1s\u0165. Ak by len 1% najv\u00e4\u010d\u0161ej p\u00fa\u0161te na svete bolo pokryt\u00e9 sol\u00e1rnymi panelmi, vedeli by vygenerova\u0165 to\u013eko energie, \u017ee by dok\u00e1zala z\u00e1sobi\u0165 [&hellip;]<\/p>\n","protected":false},"author":1,"featured_media":0,"comment_status":"open","ping_status":"open","sticky":false,"template":"","format":"standard","meta":{"om_disable_all_campaigns":false,"_monsterinsights_skip_tracking":false,"_monsterinsights_sitenote_active":false,"_monsterinsights_sitenote_note":"","_monsterinsights_sitenote_category":0,"_uf_show_specific_survey":0,"_uf_disable_surveys":false,"footnotes":""},"categories":[6,14],"tags":[8,15],"class_list":["post-784","post","type-post","status-publish","format-standard","hentry","category-6","category-fyzika-a-astronomia","tag-8","tag-fyzika-a-astronomia"],"yoast_head":"<!-- This site is optimized with the Yoast SEO plugin v27.2 - https:\/\/yoast.com\/product\/yoast-seo-wordpress\/ -->\n<title>Sol\u00e1rne panely - Festival vedy a techniky AMAVET<\/title>\n<meta name=\"robots\" content=\"index, follow, max-snippet:-1, max-image-preview:large, max-video-preview:-1\" \/>\n<link rel=\"canonical\" href=\"https:\/\/www.festivalvedy.sk\/wp2\/solarne-panely\/\" \/>\n<meta property=\"og:locale\" content=\"sk_SK\" \/>\n<meta property=\"og:type\" content=\"article\" \/>\n<meta property=\"og:title\" content=\"Sol\u00e1rne panely - Festival vedy a techniky AMAVET\" \/>\n<meta property=\"og:description\" content=\"Autor\/autori: Patr\u00edcia Hudecov\u00e1, Kl\u00e1ra Barto\u0161ov\u00e1 Abstrakt Zaujali n\u00e1s inform\u00e1cie, \u017ee do piatich rokov sa m\u00e1 na Sahare vybudova\u0165 obrovsk\u00e1 sol\u00e1rna \u201efarma\u201c, ktor\u00e1 by sa pod\u013ea o\u010dak\u00e1vanej \u00faspe\u0161nosti mala v priebehu \u010fal\u0161\u00edch rokov zna\u010dne rozr\u00e1s\u0165. Ak by len 1% najv\u00e4\u010d\u0161ej p\u00fa\u0161te na svete bolo pokryt\u00e9 sol\u00e1rnymi panelmi, vedeli by vygenerova\u0165 to\u013eko energie, \u017ee by dok\u00e1zala z\u00e1sobi\u0165 [&hellip;]\" \/>\n<meta property=\"og:url\" content=\"https:\/\/www.festivalvedy.sk\/wp2\/solarne-panely\/\" \/>\n<meta property=\"og:site_name\" content=\"Festival vedy a techniky AMAVET\" \/>\n<meta property=\"article:published_time\" content=\"2019-09-18T10:45:35+00:00\" \/>\n<meta name=\"author\" content=\"Redakcia\" \/>\n<meta name=\"twitter:card\" content=\"summary_large_image\" \/>\n<meta name=\"twitter:label1\" content=\"Autor\" \/>\n\t<meta name=\"twitter:data1\" content=\"Redakcia\" \/>\n\t<meta name=\"twitter:label2\" content=\"Predpokladan\u00fd \u010das \u010d\u00edtania\" \/>\n\t<meta name=\"twitter:data2\" content=\"1 min\u00fata\" \/>\n<script type=\"application\/ld+json\" class=\"yoast-schema-graph\">{\"@context\":\"https:\/\/schema.org\",\"@graph\":[{\"@type\":\"Article\",\"@id\":\"https:\/\/www.festivalvedy.sk\/wp2\/solarne-panely\/#article\",\"isPartOf\":{\"@id\":\"https:\/\/www.festivalvedy.sk\/wp2\/solarne-panely\/\"},\"author\":{\"name\":\"Redakcia\",\"@id\":\"https:\/\/www.festivalvedy.sk\/wp2\/#\/schema\/person\/f6c2e17170a626260fe38db97ed0a1f5\"},\"headline\":\"Sol\u00e1rne panely\",\"datePublished\":\"2019-09-18T10:45:35+00:00\",\"mainEntityOfPage\":{\"@id\":\"https:\/\/www.festivalvedy.sk\/wp2\/solarne-panely\/\"},\"wordCount\":256,\"commentCount\":0,\"publisher\":{\"@id\":\"https:\/\/www.festivalvedy.sk\/wp2\/#organization\"},\"keywords\":[\"2019\",\"Fyzika a astron\u00f3mia\"],\"articleSection\":[\"Arch\u00edv 2018\",\"Fyzika a astron\u00f3mia\"],\"inLanguage\":\"sk-SK\"},{\"@type\":\"WebPage\",\"@id\":\"https:\/\/www.festivalvedy.sk\/wp2\/solarne-panely\/\",\"url\":\"https:\/\/www.festivalvedy.sk\/wp2\/solarne-panely\/\",\"name\":\"Sol\u00e1rne panely - Festival vedy a techniky AMAVET\",\"isPartOf\":{\"@id\":\"https:\/\/www.festivalvedy.sk\/wp2\/#website\"},\"datePublished\":\"2019-09-18T10:45:35+00:00\",\"breadcrumb\":{\"@id\":\"https:\/\/www.festivalvedy.sk\/wp2\/solarne-panely\/#breadcrumb\"},\"inLanguage\":\"sk-SK\",\"potentialAction\":[{\"@type\":\"ReadAction\",\"target\":[\"https:\/\/www.festivalvedy.sk\/wp2\/solarne-panely\/\"]}]},{\"@type\":\"BreadcrumbList\",\"@id\":\"https:\/\/www.festivalvedy.sk\/wp2\/solarne-panely\/#breadcrumb\",\"itemListElement\":[{\"@type\":\"ListItem\",\"position\":1,\"name\":\"Home\",\"item\":\"https:\/\/www.festivalvedy.sk\/wp2\/\"},{\"@type\":\"ListItem\",\"position\":2,\"name\":\"Sol\u00e1rne panely\"}]},{\"@type\":\"WebSite\",\"@id\":\"https:\/\/www.festivalvedy.sk\/wp2\/#website\",\"url\":\"https:\/\/www.festivalvedy.sk\/wp2\/\",\"name\":\"Festival vedy a techniky AMAVET\",\"description\":\"AMAVET - Asoci\u00e1cia pre ml\u00e1de\u017e, vedu a techniku\",\"publisher\":{\"@id\":\"https:\/\/www.festivalvedy.sk\/wp2\/#organization\"},\"potentialAction\":[{\"@type\":\"SearchAction\",\"target\":{\"@type\":\"EntryPoint\",\"urlTemplate\":\"https:\/\/www.festivalvedy.sk\/wp2\/?s={search_term_string}\"},\"query-input\":{\"@type\":\"PropertyValueSpecification\",\"valueRequired\":true,\"valueName\":\"search_term_string\"}}],\"inLanguage\":\"sk-SK\"},{\"@type\":\"Organization\",\"@id\":\"https:\/\/www.festivalvedy.sk\/wp2\/#organization\",\"name\":\"Festival vedy a techniky AMAVET\",\"url\":\"https:\/\/www.festivalvedy.sk\/wp2\/\",\"logo\":{\"@type\":\"ImageObject\",\"inLanguage\":\"sk-SK\",\"@id\":\"https:\/\/www.festivalvedy.sk\/wp2\/#\/schema\/logo\/image\/\",\"url\":\"https:\/\/www.festivalvedy.sk\/wp2\/wp-content\/uploads\/2022\/02\/cropped-fvat-ochranna-zona.png\",\"contentUrl\":\"https:\/\/www.festivalvedy.sk\/wp2\/wp-content\/uploads\/2022\/02\/cropped-fvat-ochranna-zona.png\",\"width\":1190,\"height\":357,\"caption\":\"Festival vedy a techniky AMAVET\"},\"image\":{\"@id\":\"https:\/\/www.festivalvedy.sk\/wp2\/#\/schema\/logo\/image\/\"}},{\"@type\":\"Person\",\"@id\":\"https:\/\/www.festivalvedy.sk\/wp2\/#\/schema\/person\/f6c2e17170a626260fe38db97ed0a1f5\",\"name\":\"Redakcia\",\"image\":{\"@type\":\"ImageObject\",\"inLanguage\":\"sk-SK\",\"@id\":\"https:\/\/secure.gravatar.com\/avatar\/2f7c312d560e25e8eb59b6b53cadd5dc16b39f25bac1c7d0a221dafd9c91fae9?s=96&d=mm&r=g\",\"url\":\"https:\/\/secure.gravatar.com\/avatar\/2f7c312d560e25e8eb59b6b53cadd5dc16b39f25bac1c7d0a221dafd9c91fae9?s=96&d=mm&r=g\",\"contentUrl\":\"https:\/\/secure.gravatar.com\/avatar\/2f7c312d560e25e8eb59b6b53cadd5dc16b39f25bac1c7d0a221dafd9c91fae9?s=96&d=mm&r=g\",\"caption\":\"Redakcia\"},\"url\":\"https:\/\/www.festivalvedy.sk\/wp2\/author\/fvatadmin\/\"}]}<\/script>\n<!-- \/ Yoast SEO plugin. -->","yoast_head_json":{"title":"Sol\u00e1rne panely - Festival vedy a techniky AMAVET","robots":{"index":"index","follow":"follow","max-snippet":"max-snippet:-1","max-image-preview":"max-image-preview:large","max-video-preview":"max-video-preview:-1"},"canonical":"https:\/\/www.festivalvedy.sk\/wp2\/solarne-panely\/","og_locale":"sk_SK","og_type":"article","og_title":"Sol\u00e1rne panely - Festival vedy a techniky AMAVET","og_description":"Autor\/autori: Patr\u00edcia Hudecov\u00e1, Kl\u00e1ra Barto\u0161ov\u00e1 Abstrakt Zaujali n\u00e1s inform\u00e1cie, \u017ee do piatich rokov sa m\u00e1 na Sahare vybudova\u0165 obrovsk\u00e1 sol\u00e1rna \u201efarma\u201c, ktor\u00e1 by sa pod\u013ea o\u010dak\u00e1vanej \u00faspe\u0161nosti mala v priebehu \u010fal\u0161\u00edch rokov zna\u010dne rozr\u00e1s\u0165. Ak by len 1% najv\u00e4\u010d\u0161ej p\u00fa\u0161te na svete bolo pokryt\u00e9 sol\u00e1rnymi panelmi, vedeli by vygenerova\u0165 to\u013eko energie, \u017ee by dok\u00e1zala z\u00e1sobi\u0165 [&hellip;]","og_url":"https:\/\/www.festivalvedy.sk\/wp2\/solarne-panely\/","og_site_name":"Festival vedy a techniky AMAVET","article_published_time":"2019-09-18T10:45:35+00:00","author":"Redakcia","twitter_card":"summary_large_image","twitter_misc":{"Autor":"Redakcia","Predpokladan\u00fd \u010das \u010d\u00edtania":"1 min\u00fata"},"schema":{"@context":"https:\/\/schema.org","@graph":[{"@type":"Article","@id":"https:\/\/www.festivalvedy.sk\/wp2\/solarne-panely\/#article","isPartOf":{"@id":"https:\/\/www.festivalvedy.sk\/wp2\/solarne-panely\/"},"author":{"name":"Redakcia","@id":"https:\/\/www.festivalvedy.sk\/wp2\/#\/schema\/person\/f6c2e17170a626260fe38db97ed0a1f5"},"headline":"Sol\u00e1rne panely","datePublished":"2019-09-18T10:45:35+00:00","mainEntityOfPage":{"@id":"https:\/\/www.festivalvedy.sk\/wp2\/solarne-panely\/"},"wordCount":256,"commentCount":0,"publisher":{"@id":"https:\/\/www.festivalvedy.sk\/wp2\/#organization"},"keywords":["2019","Fyzika a astron\u00f3mia"],"articleSection":["Arch\u00edv 2018","Fyzika a astron\u00f3mia"],"inLanguage":"sk-SK"},{"@type":"WebPage","@id":"https:\/\/www.festivalvedy.sk\/wp2\/solarne-panely\/","url":"https:\/\/www.festivalvedy.sk\/wp2\/solarne-panely\/","name":"Sol\u00e1rne panely - Festival vedy a techniky AMAVET","isPartOf":{"@id":"https:\/\/www.festivalvedy.sk\/wp2\/#website"},"datePublished":"2019-09-18T10:45:35+00:00","breadcrumb":{"@id":"https:\/\/www.festivalvedy.sk\/wp2\/solarne-panely\/#breadcrumb"},"inLanguage":"sk-SK","potentialAction":[{"@type":"ReadAction","target":["https:\/\/www.festivalvedy.sk\/wp2\/solarne-panely\/"]}]},{"@type":"BreadcrumbList","@id":"https:\/\/www.festivalvedy.sk\/wp2\/solarne-panely\/#breadcrumb","itemListElement":[{"@type":"ListItem","position":1,"name":"Home","item":"https:\/\/www.festivalvedy.sk\/wp2\/"},{"@type":"ListItem","position":2,"name":"Sol\u00e1rne panely"}]},{"@type":"WebSite","@id":"https:\/\/www.festivalvedy.sk\/wp2\/#website","url":"https:\/\/www.festivalvedy.sk\/wp2\/","name":"Festival vedy a techniky AMAVET","description":"AMAVET - Asoci\u00e1cia pre ml\u00e1de\u017e, vedu a techniku","publisher":{"@id":"https:\/\/www.festivalvedy.sk\/wp2\/#organization"},"potentialAction":[{"@type":"SearchAction","target":{"@type":"EntryPoint","urlTemplate":"https:\/\/www.festivalvedy.sk\/wp2\/?s={search_term_string}"},"query-input":{"@type":"PropertyValueSpecification","valueRequired":true,"valueName":"search_term_string"}}],"inLanguage":"sk-SK"},{"@type":"Organization","@id":"https:\/\/www.festivalvedy.sk\/wp2\/#organization","name":"Festival vedy a techniky AMAVET","url":"https:\/\/www.festivalvedy.sk\/wp2\/","logo":{"@type":"ImageObject","inLanguage":"sk-SK","@id":"https:\/\/www.festivalvedy.sk\/wp2\/#\/schema\/logo\/image\/","url":"https:\/\/www.festivalvedy.sk\/wp2\/wp-content\/uploads\/2022\/02\/cropped-fvat-ochranna-zona.png","contentUrl":"https:\/\/www.festivalvedy.sk\/wp2\/wp-content\/uploads\/2022\/02\/cropped-fvat-ochranna-zona.png","width":1190,"height":357,"caption":"Festival vedy a techniky AMAVET"},"image":{"@id":"https:\/\/www.festivalvedy.sk\/wp2\/#\/schema\/logo\/image\/"}},{"@type":"Person","@id":"https:\/\/www.festivalvedy.sk\/wp2\/#\/schema\/person\/f6c2e17170a626260fe38db97ed0a1f5","name":"Redakcia","image":{"@type":"ImageObject","inLanguage":"sk-SK","@id":"https:\/\/secure.gravatar.com\/avatar\/2f7c312d560e25e8eb59b6b53cadd5dc16b39f25bac1c7d0a221dafd9c91fae9?s=96&d=mm&r=g","url":"https:\/\/secure.gravatar.com\/avatar\/2f7c312d560e25e8eb59b6b53cadd5dc16b39f25bac1c7d0a221dafd9c91fae9?s=96&d=mm&r=g","contentUrl":"https:\/\/secure.gravatar.com\/avatar\/2f7c312d560e25e8eb59b6b53cadd5dc16b39f25bac1c7d0a221dafd9c91fae9?s=96&d=mm&r=g","caption":"Redakcia"},"url":"https:\/\/www.festivalvedy.sk\/wp2\/author\/fvatadmin\/"}]}},"_links":{"self":[{"href":"https:\/\/www.festivalvedy.sk\/wp2\/wp-json\/wp\/v2\/posts\/784","targetHints":{"allow":["GET"]}}],"collection":[{"href":"https:\/\/www.festivalvedy.sk\/wp2\/wp-json\/wp\/v2\/posts"}],"about":[{"href":"https:\/\/www.festivalvedy.sk\/wp2\/wp-json\/wp\/v2\/types\/post"}],"author":[{"embeddable":true,"href":"https:\/\/www.festivalvedy.sk\/wp2\/wp-json\/wp\/v2\/users\/1"}],"replies":[{"embeddable":true,"href":"https:\/\/www.festivalvedy.sk\/wp2\/wp-json\/wp\/v2\/comments?post=784"}],"version-history":[{"count":0,"href":"https:\/\/www.festivalvedy.sk\/wp2\/wp-json\/wp\/v2\/posts\/784\/revisions"}],"wp:attachment":[{"href":"https:\/\/www.festivalvedy.sk\/wp2\/wp-json\/wp\/v2\/media?parent=784"}],"wp:term":[{"taxonomy":"category","embeddable":true,"href":"https:\/\/www.festivalvedy.sk\/wp2\/wp-json\/wp\/v2\/categories?post=784"},{"taxonomy":"post_tag","embeddable":true,"href":"https:\/\/www.festivalvedy.sk\/wp2\/wp-json\/wp\/v2\/tags?post=784"}],"curies":[{"name":"wp","href":"https:\/\/api.w.org\/{rel}","templated":true}]}}