{"id":785,"date":"2019-09-18T12:45:35","date_gmt":"2019-09-18T10:45:35","guid":{"rendered":"https:\/\/www.festivalvedy.sk\/wp2\/fytoterapeuticka-liecba-akne\/"},"modified":"2019-09-18T12:45:35","modified_gmt":"2019-09-18T10:45:35","slug":"fytoterapeuticka-liecba-akne","status":"publish","type":"post","link":"https:\/\/www.festivalvedy.sk\/wp2\/fytoterapeuticka-liecba-akne\/","title":{"rendered":"Fytoterapeutick\u00e1 lie\u010dba akn\u00e9"},"content":{"rendered":"<p>Autor\/autori: Lenka Siv\u00e1, Krist\u00edna Benadov\u00e1<\/p>\n<p>Akn\u00e9 je ko\u017en\u00e9 ochorenie, ktor\u00e9 \u010dasto dok\u00e1\u017ee pacientovi znepr\u00edjem\u0148ova\u0165 \u017eivot nie len kv\u00f4li estetick\u00e9mu v\u00fdzoru, ale taktie\u017e aj kv\u00f4li bolestiv\u00fdm z\u00e1palom alebo nepr\u00edjemn\u00e9mu svrbeniu. Ka\u017ed\u00e1 lie\u010dba na pacienta zaber\u00e1  individu\u00e1lne. My sme sa zamerali pr\u00e1ve na fytoterapiu.<br \/>\nProstredn\u00edctvom herb\u00e1ru sme vytvorili kr\u00e1tky zoznam lie\u010div\u00fdch rastl\u00edn \u00fa\u010dinn\u00fdch proti tomuto ochoreniu. Zhroma\u017eden\u00e9 bylinky sme spracovali do mast\u00ed, tinkt\u00far a \u010dajov. Pripraven\u00e9 produkty sme aplikovali na akn\u00f3znu ple\u0165 a pozorovali v\u00fdsledky. Porovnali sme \u00fa\u010dinky fytoterapie a terapie pomocou antibiot\u00edk alebo pomocou in\u00fdch synteticky vyroben\u00fdch lie\u010div.<br \/>\nLie\u010dba prostredn\u00edctvom lie\u010div\u00fdch byl\u00edn je zd\u013ahavej\u0161ia, ale ove\u013ea menej za\u0165a\u017euje organizmus. Ak sa na ko\u017ei prejavuj\u00fa siln\u00e9 z\u00e1paly je vhodnej\u0161ie nasadi\u0165 chemoteraputick\u00fa lie\u010dbu, ktor\u00e9 v\u0161ak m\u00f4\u017eu sp\u00f4sobi\u0165 tr\u00e1viace probl\u00e9my, hormon\u00e1lne zmeny, mal\u00e1tnos\u0165 \u010di probl\u00e9my s pe\u010de\u0148ou. Preto nie je vhodn\u00e9 tak\u00e9to lieky u\u017e\u00edva\u0165 dlhodobo a vhodnej\u0161ie je kombinova\u0165 ich s lie\u010div\u00fdmi rastlinami.<br \/>\nNa na\u0161om pacientovi sa fytoterapia preuk\u00e1zala \u00fa\u010dinn\u00e1. Postihnut\u00e9 oblasti sa behom dvoch mesiacoch v\u00fdrazne zlep\u0161ili. Z\u00e1palove prejavy za\u010dili mizn\u00fa\u0165, nevyskytli sa ani alergick\u00e9 reakcie, ko\u017ea nebola ani pr\u00edli\u017e mastn\u00e1 a ani s\u00facha. Pacient sa c\u00edtil spokojn\u00fd, ved\u013eaj\u0161ie \u00fa\u010dinky byl\u00edn upravili taktie\u017e i probl\u00e9my s tr\u00e1ven\u00edm a dokonca aj niektor\u00e9 alergie.<\/p>\n","protected":false},"excerpt":{"rendered":"<p>Autor\/autori: Lenka Siv\u00e1, Krist\u00edna Benadov\u00e1 Akn\u00e9 je ko\u017en\u00e9 ochorenie, ktor\u00e9 \u010dasto dok\u00e1\u017ee pacientovi znepr\u00edjem\u0148ova\u0165 \u017eivot nie len kv\u00f4li estetick\u00e9mu v\u00fdzoru, ale taktie\u017e aj kv\u00f4li bolestiv\u00fdm z\u00e1palom alebo nepr\u00edjemn\u00e9mu svrbeniu. Ka\u017ed\u00e1 lie\u010dba na pacienta zaber\u00e1 individu\u00e1lne. My sme sa zamerali pr\u00e1ve na fytoterapiu. Prostredn\u00edctvom herb\u00e1ru sme vytvorili kr\u00e1tky zoznam lie\u010div\u00fdch rastl\u00edn \u00fa\u010dinn\u00fdch proti tomuto ochoreniu. Zhroma\u017eden\u00e9 [&hellip;]<\/p>\n","protected":false},"author":1,"featured_media":0,"comment_status":"open","ping_status":"open","sticky":false,"template":"","format":"standard","meta":{"om_disable_all_campaigns":false,"_monsterinsights_skip_tracking":false,"_monsterinsights_sitenote_active":false,"_monsterinsights_sitenote_note":"","_monsterinsights_sitenote_category":0,"_uf_show_specific_survey":0,"_uf_disable_surveys":false,"footnotes":""},"categories":[6,10],"tags":[8,11],"class_list":["post-785","post","type-post","status-publish","format-standard","hentry","category-6","category-medicina-a-zdravotnictvo","tag-8","tag-medicina-a-zdravotnictvo"],"yoast_head":"<!-- This site is optimized with the Yoast SEO plugin v27.2 - https:\/\/yoast.com\/product\/yoast-seo-wordpress\/ -->\n<title>Fytoterapeutick\u00e1 lie\u010dba akn\u00e9 - Festival vedy a techniky AMAVET<\/title>\n<meta name=\"robots\" content=\"index, follow, max-snippet:-1, max-image-preview:large, max-video-preview:-1\" \/>\n<link rel=\"canonical\" href=\"https:\/\/www.festivalvedy.sk\/wp2\/fytoterapeuticka-liecba-akne\/\" \/>\n<meta property=\"og:locale\" content=\"sk_SK\" \/>\n<meta property=\"og:type\" content=\"article\" \/>\n<meta property=\"og:title\" content=\"Fytoterapeutick\u00e1 lie\u010dba akn\u00e9 - Festival vedy a techniky AMAVET\" \/>\n<meta property=\"og:description\" content=\"Autor\/autori: Lenka Siv\u00e1, Krist\u00edna Benadov\u00e1 Akn\u00e9 je ko\u017en\u00e9 ochorenie, ktor\u00e9 \u010dasto dok\u00e1\u017ee pacientovi znepr\u00edjem\u0148ova\u0165 \u017eivot nie len kv\u00f4li estetick\u00e9mu v\u00fdzoru, ale taktie\u017e aj kv\u00f4li bolestiv\u00fdm z\u00e1palom alebo nepr\u00edjemn\u00e9mu svrbeniu. Ka\u017ed\u00e1 lie\u010dba na pacienta zaber\u00e1 individu\u00e1lne. My sme sa zamerali pr\u00e1ve na fytoterapiu. Prostredn\u00edctvom herb\u00e1ru sme vytvorili kr\u00e1tky zoznam lie\u010div\u00fdch rastl\u00edn \u00fa\u010dinn\u00fdch proti tomuto ochoreniu. Zhroma\u017eden\u00e9 [&hellip;]\" \/>\n<meta property=\"og:url\" content=\"https:\/\/www.festivalvedy.sk\/wp2\/fytoterapeuticka-liecba-akne\/\" \/>\n<meta property=\"og:site_name\" content=\"Festival vedy a techniky AMAVET\" \/>\n<meta property=\"article:published_time\" content=\"2019-09-18T10:45:35+00:00\" \/>\n<meta name=\"author\" content=\"Redakcia\" \/>\n<meta name=\"twitter:card\" content=\"summary_large_image\" \/>\n<meta name=\"twitter:label1\" content=\"Autor\" \/>\n\t<meta name=\"twitter:data1\" content=\"Redakcia\" \/>\n\t<meta name=\"twitter:label2\" content=\"Predpokladan\u00fd \u010das \u010d\u00edtania\" \/>\n\t<meta name=\"twitter:data2\" content=\"1 min\u00fata\" \/>\n<script type=\"application\/ld+json\" class=\"yoast-schema-graph\">{\"@context\":\"https:\/\/schema.org\",\"@graph\":[{\"@type\":\"Article\",\"@id\":\"https:\/\/www.festivalvedy.sk\/wp2\/fytoterapeuticka-liecba-akne\/#article\",\"isPartOf\":{\"@id\":\"https:\/\/www.festivalvedy.sk\/wp2\/fytoterapeuticka-liecba-akne\/\"},\"author\":{\"name\":\"Redakcia\",\"@id\":\"https:\/\/www.festivalvedy.sk\/wp2\/#\/schema\/person\/f6c2e17170a626260fe38db97ed0a1f5\"},\"headline\":\"Fytoterapeutick\u00e1 lie\u010dba akn\u00e9\",\"datePublished\":\"2019-09-18T10:45:35+00:00\",\"mainEntityOfPage\":{\"@id\":\"https:\/\/www.festivalvedy.sk\/wp2\/fytoterapeuticka-liecba-akne\/\"},\"wordCount\":271,\"commentCount\":0,\"publisher\":{\"@id\":\"https:\/\/www.festivalvedy.sk\/wp2\/#organization\"},\"keywords\":[\"2019\",\"Medic\u00edna a zdravotn\u00edctvo\"],\"articleSection\":[\"Arch\u00edv 2018\",\"Medic\u00edna a zdravotn\u00edctvo\"],\"inLanguage\":\"sk-SK\"},{\"@type\":\"WebPage\",\"@id\":\"https:\/\/www.festivalvedy.sk\/wp2\/fytoterapeuticka-liecba-akne\/\",\"url\":\"https:\/\/www.festivalvedy.sk\/wp2\/fytoterapeuticka-liecba-akne\/\",\"name\":\"Fytoterapeutick\u00e1 lie\u010dba akn\u00e9 - Festival vedy a techniky AMAVET\",\"isPartOf\":{\"@id\":\"https:\/\/www.festivalvedy.sk\/wp2\/#website\"},\"datePublished\":\"2019-09-18T10:45:35+00:00\",\"breadcrumb\":{\"@id\":\"https:\/\/www.festivalvedy.sk\/wp2\/fytoterapeuticka-liecba-akne\/#breadcrumb\"},\"inLanguage\":\"sk-SK\",\"potentialAction\":[{\"@type\":\"ReadAction\",\"target\":[\"https:\/\/www.festivalvedy.sk\/wp2\/fytoterapeuticka-liecba-akne\/\"]}]},{\"@type\":\"BreadcrumbList\",\"@id\":\"https:\/\/www.festivalvedy.sk\/wp2\/fytoterapeuticka-liecba-akne\/#breadcrumb\",\"itemListElement\":[{\"@type\":\"ListItem\",\"position\":1,\"name\":\"Home\",\"item\":\"https:\/\/www.festivalvedy.sk\/wp2\/\"},{\"@type\":\"ListItem\",\"position\":2,\"name\":\"Fytoterapeutick\u00e1 lie\u010dba akn\u00e9\"}]},{\"@type\":\"WebSite\",\"@id\":\"https:\/\/www.festivalvedy.sk\/wp2\/#website\",\"url\":\"https:\/\/www.festivalvedy.sk\/wp2\/\",\"name\":\"Festival vedy a techniky AMAVET\",\"description\":\"AMAVET - Asoci\u00e1cia pre ml\u00e1de\u017e, vedu a techniku\",\"publisher\":{\"@id\":\"https:\/\/www.festivalvedy.sk\/wp2\/#organization\"},\"potentialAction\":[{\"@type\":\"SearchAction\",\"target\":{\"@type\":\"EntryPoint\",\"urlTemplate\":\"https:\/\/www.festivalvedy.sk\/wp2\/?s={search_term_string}\"},\"query-input\":{\"@type\":\"PropertyValueSpecification\",\"valueRequired\":true,\"valueName\":\"search_term_string\"}}],\"inLanguage\":\"sk-SK\"},{\"@type\":\"Organization\",\"@id\":\"https:\/\/www.festivalvedy.sk\/wp2\/#organization\",\"name\":\"Festival vedy a techniky AMAVET\",\"url\":\"https:\/\/www.festivalvedy.sk\/wp2\/\",\"logo\":{\"@type\":\"ImageObject\",\"inLanguage\":\"sk-SK\",\"@id\":\"https:\/\/www.festivalvedy.sk\/wp2\/#\/schema\/logo\/image\/\",\"url\":\"https:\/\/www.festivalvedy.sk\/wp2\/wp-content\/uploads\/2022\/02\/cropped-fvat-ochranna-zona.png\",\"contentUrl\":\"https:\/\/www.festivalvedy.sk\/wp2\/wp-content\/uploads\/2022\/02\/cropped-fvat-ochranna-zona.png\",\"width\":1190,\"height\":357,\"caption\":\"Festival vedy a techniky AMAVET\"},\"image\":{\"@id\":\"https:\/\/www.festivalvedy.sk\/wp2\/#\/schema\/logo\/image\/\"}},{\"@type\":\"Person\",\"@id\":\"https:\/\/www.festivalvedy.sk\/wp2\/#\/schema\/person\/f6c2e17170a626260fe38db97ed0a1f5\",\"name\":\"Redakcia\",\"image\":{\"@type\":\"ImageObject\",\"inLanguage\":\"sk-SK\",\"@id\":\"https:\/\/secure.gravatar.com\/avatar\/2f7c312d560e25e8eb59b6b53cadd5dc16b39f25bac1c7d0a221dafd9c91fae9?s=96&d=mm&r=g\",\"url\":\"https:\/\/secure.gravatar.com\/avatar\/2f7c312d560e25e8eb59b6b53cadd5dc16b39f25bac1c7d0a221dafd9c91fae9?s=96&d=mm&r=g\",\"contentUrl\":\"https:\/\/secure.gravatar.com\/avatar\/2f7c312d560e25e8eb59b6b53cadd5dc16b39f25bac1c7d0a221dafd9c91fae9?s=96&d=mm&r=g\",\"caption\":\"Redakcia\"},\"url\":\"https:\/\/www.festivalvedy.sk\/wp2\/author\/fvatadmin\/\"}]}<\/script>\n<!-- \/ Yoast SEO plugin. -->","yoast_head_json":{"title":"Fytoterapeutick\u00e1 lie\u010dba akn\u00e9 - Festival vedy a techniky AMAVET","robots":{"index":"index","follow":"follow","max-snippet":"max-snippet:-1","max-image-preview":"max-image-preview:large","max-video-preview":"max-video-preview:-1"},"canonical":"https:\/\/www.festivalvedy.sk\/wp2\/fytoterapeuticka-liecba-akne\/","og_locale":"sk_SK","og_type":"article","og_title":"Fytoterapeutick\u00e1 lie\u010dba akn\u00e9 - Festival vedy a techniky AMAVET","og_description":"Autor\/autori: Lenka Siv\u00e1, Krist\u00edna Benadov\u00e1 Akn\u00e9 je ko\u017en\u00e9 ochorenie, ktor\u00e9 \u010dasto dok\u00e1\u017ee pacientovi znepr\u00edjem\u0148ova\u0165 \u017eivot nie len kv\u00f4li estetick\u00e9mu v\u00fdzoru, ale taktie\u017e aj kv\u00f4li bolestiv\u00fdm z\u00e1palom alebo nepr\u00edjemn\u00e9mu svrbeniu. Ka\u017ed\u00e1 lie\u010dba na pacienta zaber\u00e1 individu\u00e1lne. My sme sa zamerali pr\u00e1ve na fytoterapiu. Prostredn\u00edctvom herb\u00e1ru sme vytvorili kr\u00e1tky zoznam lie\u010div\u00fdch rastl\u00edn \u00fa\u010dinn\u00fdch proti tomuto ochoreniu. Zhroma\u017eden\u00e9 [&hellip;]","og_url":"https:\/\/www.festivalvedy.sk\/wp2\/fytoterapeuticka-liecba-akne\/","og_site_name":"Festival vedy a techniky AMAVET","article_published_time":"2019-09-18T10:45:35+00:00","author":"Redakcia","twitter_card":"summary_large_image","twitter_misc":{"Autor":"Redakcia","Predpokladan\u00fd \u010das \u010d\u00edtania":"1 min\u00fata"},"schema":{"@context":"https:\/\/schema.org","@graph":[{"@type":"Article","@id":"https:\/\/www.festivalvedy.sk\/wp2\/fytoterapeuticka-liecba-akne\/#article","isPartOf":{"@id":"https:\/\/www.festivalvedy.sk\/wp2\/fytoterapeuticka-liecba-akne\/"},"author":{"name":"Redakcia","@id":"https:\/\/www.festivalvedy.sk\/wp2\/#\/schema\/person\/f6c2e17170a626260fe38db97ed0a1f5"},"headline":"Fytoterapeutick\u00e1 lie\u010dba akn\u00e9","datePublished":"2019-09-18T10:45:35+00:00","mainEntityOfPage":{"@id":"https:\/\/www.festivalvedy.sk\/wp2\/fytoterapeuticka-liecba-akne\/"},"wordCount":271,"commentCount":0,"publisher":{"@id":"https:\/\/www.festivalvedy.sk\/wp2\/#organization"},"keywords":["2019","Medic\u00edna a zdravotn\u00edctvo"],"articleSection":["Arch\u00edv 2018","Medic\u00edna a zdravotn\u00edctvo"],"inLanguage":"sk-SK"},{"@type":"WebPage","@id":"https:\/\/www.festivalvedy.sk\/wp2\/fytoterapeuticka-liecba-akne\/","url":"https:\/\/www.festivalvedy.sk\/wp2\/fytoterapeuticka-liecba-akne\/","name":"Fytoterapeutick\u00e1 lie\u010dba akn\u00e9 - Festival vedy a techniky AMAVET","isPartOf":{"@id":"https:\/\/www.festivalvedy.sk\/wp2\/#website"},"datePublished":"2019-09-18T10:45:35+00:00","breadcrumb":{"@id":"https:\/\/www.festivalvedy.sk\/wp2\/fytoterapeuticka-liecba-akne\/#breadcrumb"},"inLanguage":"sk-SK","potentialAction":[{"@type":"ReadAction","target":["https:\/\/www.festivalvedy.sk\/wp2\/fytoterapeuticka-liecba-akne\/"]}]},{"@type":"BreadcrumbList","@id":"https:\/\/www.festivalvedy.sk\/wp2\/fytoterapeuticka-liecba-akne\/#breadcrumb","itemListElement":[{"@type":"ListItem","position":1,"name":"Home","item":"https:\/\/www.festivalvedy.sk\/wp2\/"},{"@type":"ListItem","position":2,"name":"Fytoterapeutick\u00e1 lie\u010dba akn\u00e9"}]},{"@type":"WebSite","@id":"https:\/\/www.festivalvedy.sk\/wp2\/#website","url":"https:\/\/www.festivalvedy.sk\/wp2\/","name":"Festival vedy a techniky AMAVET","description":"AMAVET - Asoci\u00e1cia pre ml\u00e1de\u017e, vedu a techniku","publisher":{"@id":"https:\/\/www.festivalvedy.sk\/wp2\/#organization"},"potentialAction":[{"@type":"SearchAction","target":{"@type":"EntryPoint","urlTemplate":"https:\/\/www.festivalvedy.sk\/wp2\/?s={search_term_string}"},"query-input":{"@type":"PropertyValueSpecification","valueRequired":true,"valueName":"search_term_string"}}],"inLanguage":"sk-SK"},{"@type":"Organization","@id":"https:\/\/www.festivalvedy.sk\/wp2\/#organization","name":"Festival vedy a techniky AMAVET","url":"https:\/\/www.festivalvedy.sk\/wp2\/","logo":{"@type":"ImageObject","inLanguage":"sk-SK","@id":"https:\/\/www.festivalvedy.sk\/wp2\/#\/schema\/logo\/image\/","url":"https:\/\/www.festivalvedy.sk\/wp2\/wp-content\/uploads\/2022\/02\/cropped-fvat-ochranna-zona.png","contentUrl":"https:\/\/www.festivalvedy.sk\/wp2\/wp-content\/uploads\/2022\/02\/cropped-fvat-ochranna-zona.png","width":1190,"height":357,"caption":"Festival vedy a techniky AMAVET"},"image":{"@id":"https:\/\/www.festivalvedy.sk\/wp2\/#\/schema\/logo\/image\/"}},{"@type":"Person","@id":"https:\/\/www.festivalvedy.sk\/wp2\/#\/schema\/person\/f6c2e17170a626260fe38db97ed0a1f5","name":"Redakcia","image":{"@type":"ImageObject","inLanguage":"sk-SK","@id":"https:\/\/secure.gravatar.com\/avatar\/2f7c312d560e25e8eb59b6b53cadd5dc16b39f25bac1c7d0a221dafd9c91fae9?s=96&d=mm&r=g","url":"https:\/\/secure.gravatar.com\/avatar\/2f7c312d560e25e8eb59b6b53cadd5dc16b39f25bac1c7d0a221dafd9c91fae9?s=96&d=mm&r=g","contentUrl":"https:\/\/secure.gravatar.com\/avatar\/2f7c312d560e25e8eb59b6b53cadd5dc16b39f25bac1c7d0a221dafd9c91fae9?s=96&d=mm&r=g","caption":"Redakcia"},"url":"https:\/\/www.festivalvedy.sk\/wp2\/author\/fvatadmin\/"}]}},"_links":{"self":[{"href":"https:\/\/www.festivalvedy.sk\/wp2\/wp-json\/wp\/v2\/posts\/785","targetHints":{"allow":["GET"]}}],"collection":[{"href":"https:\/\/www.festivalvedy.sk\/wp2\/wp-json\/wp\/v2\/posts"}],"about":[{"href":"https:\/\/www.festivalvedy.sk\/wp2\/wp-json\/wp\/v2\/types\/post"}],"author":[{"embeddable":true,"href":"https:\/\/www.festivalvedy.sk\/wp2\/wp-json\/wp\/v2\/users\/1"}],"replies":[{"embeddable":true,"href":"https:\/\/www.festivalvedy.sk\/wp2\/wp-json\/wp\/v2\/comments?post=785"}],"version-history":[{"count":0,"href":"https:\/\/www.festivalvedy.sk\/wp2\/wp-json\/wp\/v2\/posts\/785\/revisions"}],"wp:attachment":[{"href":"https:\/\/www.festivalvedy.sk\/wp2\/wp-json\/wp\/v2\/media?parent=785"}],"wp:term":[{"taxonomy":"category","embeddable":true,"href":"https:\/\/www.festivalvedy.sk\/wp2\/wp-json\/wp\/v2\/categories?post=785"},{"taxonomy":"post_tag","embeddable":true,"href":"https:\/\/www.festivalvedy.sk\/wp2\/wp-json\/wp\/v2\/tags?post=785"}],"curies":[{"name":"wp","href":"https:\/\/api.w.org\/{rel}","templated":true}]}}