{"id":792,"date":"2019-09-18T12:45:35","date_gmt":"2019-09-18T10:45:35","guid":{"rendered":"https:\/\/www.festivalvedy.sk\/wp2\/veterna-turbina\/"},"modified":"2019-09-18T12:45:35","modified_gmt":"2019-09-18T10:45:35","slug":"veterna-turbina","status":"publish","type":"post","link":"https:\/\/www.festivalvedy.sk\/wp2\/veterna-turbina\/","title":{"rendered":"Vetern\u00e1 turb\u00edna"},"content":{"rendered":"<p>Autor\/autori: Martin Hron\u010dek, Matej Bele\u0161<\/p>\n<p>Elektrick\u00e1 energia je u\u017e v na\u0161ich kon\u010din\u00e1ch be\u017en\u00e1 no aj tak sa n\u00e1jdu miesta kde nie je. Ako cie\u013e sme si stanovili vymyslie\u0165 sp\u00f4sob ako privies\u0165 elektrick\u00fa energiu do t\u00fdchto oblast\u00ed. Pri realiz\u00e1ci\u00ed projektu sme si stanovili aj tieto podmienky: spravi\u0165 to z odpadu a s be\u017en\u00fdm n\u00e1rad\u00edm. Po\u010das v\u00fdroby n\u00e1\u0161ho prototypu sme vymysleli pl\u00e1n ako efekt\u00edvne vyrobi\u0165 samotn\u00fa turb\u00ednu, pl\u00e1n predpokladan\u00e9ho predaja a stanovili sme aj pl\u00e1n zostavenia. Samotn\u00e1 turb\u00edna sa sklad\u00e1 z \u010dast\u00ed: stojan, gener\u00e1tor elektrick\u00e9ho pr\u00fadu a vrtu\u013ea. Pri stavbe sme postupovali: z L profilu sme vyrobili stojan a z dvoch r\u00far sme vyrobili nosn\u00edk, pripevnili sme hrub\u00fd plech ako z\u00e1klad pre gener\u00e1tor elektrickej energie, ktor\u00fd sme vyrobili, vyrobili sme z\u00e1klad vrtule a cel\u00e9 sme to poskladali. Popri tom sme dbali aj na estetick\u00fa str\u00e1nku. Turb\u00edna je vo f\u00e1ze prototypu pri\u010dom mechanick\u00e1 \u010das\u0165 je vo fin\u00e1lnej podobe a elektrick\u00e1 je e\u0161te vo f\u00e1ze v\u00fdvoja<\/p>\n","protected":false},"excerpt":{"rendered":"<p>Autor\/autori: Martin Hron\u010dek, Matej Bele\u0161 Elektrick\u00e1 energia je u\u017e v na\u0161ich kon\u010din\u00e1ch be\u017en\u00e1 no aj tak sa n\u00e1jdu miesta kde nie je. Ako cie\u013e sme si stanovili vymyslie\u0165 sp\u00f4sob ako privies\u0165 elektrick\u00fa energiu do t\u00fdchto oblast\u00ed. Pri realiz\u00e1ci\u00ed projektu sme si stanovili aj tieto podmienky: spravi\u0165 to z odpadu a s be\u017en\u00fdm n\u00e1rad\u00edm. Po\u010das v\u00fdroby [&hellip;]<\/p>\n","protected":false},"author":1,"featured_media":0,"comment_status":"open","ping_status":"open","sticky":false,"template":"","format":"standard","meta":{"om_disable_all_campaigns":false,"_monsterinsights_skip_tracking":false,"_monsterinsights_sitenote_active":false,"_monsterinsights_sitenote_note":"","_monsterinsights_sitenote_category":0,"_uf_show_specific_survey":0,"_uf_disable_surveys":false,"footnotes":""},"categories":[6,20],"tags":[8,21],"class_list":["post-792","post","type-post","status-publish","format-standard","hentry","category-6","category-elektrina-a-mechanika","tag-8","tag-elektrina-a-mechanika"],"yoast_head":"<!-- This site is optimized with the Yoast SEO plugin v27.2 - https:\/\/yoast.com\/product\/yoast-seo-wordpress\/ -->\n<title>Vetern\u00e1 turb\u00edna - Festival vedy a techniky AMAVET<\/title>\n<meta name=\"robots\" content=\"index, follow, max-snippet:-1, max-image-preview:large, max-video-preview:-1\" \/>\n<link rel=\"canonical\" href=\"https:\/\/www.festivalvedy.sk\/wp2\/veterna-turbina\/\" \/>\n<meta property=\"og:locale\" content=\"sk_SK\" \/>\n<meta property=\"og:type\" content=\"article\" \/>\n<meta property=\"og:title\" content=\"Vetern\u00e1 turb\u00edna - Festival vedy a techniky AMAVET\" \/>\n<meta property=\"og:description\" content=\"Autor\/autori: Martin Hron\u010dek, Matej Bele\u0161 Elektrick\u00e1 energia je u\u017e v na\u0161ich kon\u010din\u00e1ch be\u017en\u00e1 no aj tak sa n\u00e1jdu miesta kde nie je. Ako cie\u013e sme si stanovili vymyslie\u0165 sp\u00f4sob ako privies\u0165 elektrick\u00fa energiu do t\u00fdchto oblast\u00ed. Pri realiz\u00e1ci\u00ed projektu sme si stanovili aj tieto podmienky: spravi\u0165 to z odpadu a s be\u017en\u00fdm n\u00e1rad\u00edm. Po\u010das v\u00fdroby [&hellip;]\" \/>\n<meta property=\"og:url\" content=\"https:\/\/www.festivalvedy.sk\/wp2\/veterna-turbina\/\" \/>\n<meta property=\"og:site_name\" content=\"Festival vedy a techniky AMAVET\" \/>\n<meta property=\"article:published_time\" content=\"2019-09-18T10:45:35+00:00\" \/>\n<meta name=\"author\" content=\"Redakcia\" \/>\n<meta name=\"twitter:card\" content=\"summary_large_image\" \/>\n<meta name=\"twitter:label1\" content=\"Autor\" \/>\n\t<meta name=\"twitter:data1\" content=\"Redakcia\" \/>\n\t<meta name=\"twitter:label2\" content=\"Predpokladan\u00fd \u010das \u010d\u00edtania\" \/>\n\t<meta name=\"twitter:data2\" content=\"1 min\u00fata\" \/>\n<script type=\"application\/ld+json\" class=\"yoast-schema-graph\">{\"@context\":\"https:\/\/schema.org\",\"@graph\":[{\"@type\":\"Article\",\"@id\":\"https:\/\/www.festivalvedy.sk\/wp2\/veterna-turbina\/#article\",\"isPartOf\":{\"@id\":\"https:\/\/www.festivalvedy.sk\/wp2\/veterna-turbina\/\"},\"author\":{\"name\":\"Redakcia\",\"@id\":\"https:\/\/www.festivalvedy.sk\/wp2\/#\/schema\/person\/f6c2e17170a626260fe38db97ed0a1f5\"},\"headline\":\"Vetern\u00e1 turb\u00edna\",\"datePublished\":\"2019-09-18T10:45:35+00:00\",\"mainEntityOfPage\":{\"@id\":\"https:\/\/www.festivalvedy.sk\/wp2\/veterna-turbina\/\"},\"wordCount\":196,\"commentCount\":0,\"publisher\":{\"@id\":\"https:\/\/www.festivalvedy.sk\/wp2\/#organization\"},\"keywords\":[\"2019\",\"Elektrina a mechanika\"],\"articleSection\":[\"Arch\u00edv 2018\",\"Elektrina a mechanika\"],\"inLanguage\":\"sk-SK\"},{\"@type\":\"WebPage\",\"@id\":\"https:\/\/www.festivalvedy.sk\/wp2\/veterna-turbina\/\",\"url\":\"https:\/\/www.festivalvedy.sk\/wp2\/veterna-turbina\/\",\"name\":\"Vetern\u00e1 turb\u00edna - Festival vedy a techniky AMAVET\",\"isPartOf\":{\"@id\":\"https:\/\/www.festivalvedy.sk\/wp2\/#website\"},\"datePublished\":\"2019-09-18T10:45:35+00:00\",\"breadcrumb\":{\"@id\":\"https:\/\/www.festivalvedy.sk\/wp2\/veterna-turbina\/#breadcrumb\"},\"inLanguage\":\"sk-SK\",\"potentialAction\":[{\"@type\":\"ReadAction\",\"target\":[\"https:\/\/www.festivalvedy.sk\/wp2\/veterna-turbina\/\"]}]},{\"@type\":\"BreadcrumbList\",\"@id\":\"https:\/\/www.festivalvedy.sk\/wp2\/veterna-turbina\/#breadcrumb\",\"itemListElement\":[{\"@type\":\"ListItem\",\"position\":1,\"name\":\"Home\",\"item\":\"https:\/\/www.festivalvedy.sk\/wp2\/\"},{\"@type\":\"ListItem\",\"position\":2,\"name\":\"Vetern\u00e1 turb\u00edna\"}]},{\"@type\":\"WebSite\",\"@id\":\"https:\/\/www.festivalvedy.sk\/wp2\/#website\",\"url\":\"https:\/\/www.festivalvedy.sk\/wp2\/\",\"name\":\"Festival vedy a techniky AMAVET\",\"description\":\"AMAVET - Asoci\u00e1cia pre ml\u00e1de\u017e, vedu a techniku\",\"publisher\":{\"@id\":\"https:\/\/www.festivalvedy.sk\/wp2\/#organization\"},\"potentialAction\":[{\"@type\":\"SearchAction\",\"target\":{\"@type\":\"EntryPoint\",\"urlTemplate\":\"https:\/\/www.festivalvedy.sk\/wp2\/?s={search_term_string}\"},\"query-input\":{\"@type\":\"PropertyValueSpecification\",\"valueRequired\":true,\"valueName\":\"search_term_string\"}}],\"inLanguage\":\"sk-SK\"},{\"@type\":\"Organization\",\"@id\":\"https:\/\/www.festivalvedy.sk\/wp2\/#organization\",\"name\":\"Festival vedy a techniky AMAVET\",\"url\":\"https:\/\/www.festivalvedy.sk\/wp2\/\",\"logo\":{\"@type\":\"ImageObject\",\"inLanguage\":\"sk-SK\",\"@id\":\"https:\/\/www.festivalvedy.sk\/wp2\/#\/schema\/logo\/image\/\",\"url\":\"https:\/\/www.festivalvedy.sk\/wp2\/wp-content\/uploads\/2022\/02\/cropped-fvat-ochranna-zona.png\",\"contentUrl\":\"https:\/\/www.festivalvedy.sk\/wp2\/wp-content\/uploads\/2022\/02\/cropped-fvat-ochranna-zona.png\",\"width\":1190,\"height\":357,\"caption\":\"Festival vedy a techniky AMAVET\"},\"image\":{\"@id\":\"https:\/\/www.festivalvedy.sk\/wp2\/#\/schema\/logo\/image\/\"}},{\"@type\":\"Person\",\"@id\":\"https:\/\/www.festivalvedy.sk\/wp2\/#\/schema\/person\/f6c2e17170a626260fe38db97ed0a1f5\",\"name\":\"Redakcia\",\"image\":{\"@type\":\"ImageObject\",\"inLanguage\":\"sk-SK\",\"@id\":\"https:\/\/secure.gravatar.com\/avatar\/2f7c312d560e25e8eb59b6b53cadd5dc16b39f25bac1c7d0a221dafd9c91fae9?s=96&d=mm&r=g\",\"url\":\"https:\/\/secure.gravatar.com\/avatar\/2f7c312d560e25e8eb59b6b53cadd5dc16b39f25bac1c7d0a221dafd9c91fae9?s=96&d=mm&r=g\",\"contentUrl\":\"https:\/\/secure.gravatar.com\/avatar\/2f7c312d560e25e8eb59b6b53cadd5dc16b39f25bac1c7d0a221dafd9c91fae9?s=96&d=mm&r=g\",\"caption\":\"Redakcia\"},\"url\":\"https:\/\/www.festivalvedy.sk\/wp2\/author\/fvatadmin\/\"}]}<\/script>\n<!-- \/ Yoast SEO plugin. -->","yoast_head_json":{"title":"Vetern\u00e1 turb\u00edna - Festival vedy a techniky AMAVET","robots":{"index":"index","follow":"follow","max-snippet":"max-snippet:-1","max-image-preview":"max-image-preview:large","max-video-preview":"max-video-preview:-1"},"canonical":"https:\/\/www.festivalvedy.sk\/wp2\/veterna-turbina\/","og_locale":"sk_SK","og_type":"article","og_title":"Vetern\u00e1 turb\u00edna - Festival vedy a techniky AMAVET","og_description":"Autor\/autori: Martin Hron\u010dek, Matej Bele\u0161 Elektrick\u00e1 energia je u\u017e v na\u0161ich kon\u010din\u00e1ch be\u017en\u00e1 no aj tak sa n\u00e1jdu miesta kde nie je. Ako cie\u013e sme si stanovili vymyslie\u0165 sp\u00f4sob ako privies\u0165 elektrick\u00fa energiu do t\u00fdchto oblast\u00ed. Pri realiz\u00e1ci\u00ed projektu sme si stanovili aj tieto podmienky: spravi\u0165 to z odpadu a s be\u017en\u00fdm n\u00e1rad\u00edm. Po\u010das v\u00fdroby [&hellip;]","og_url":"https:\/\/www.festivalvedy.sk\/wp2\/veterna-turbina\/","og_site_name":"Festival vedy a techniky AMAVET","article_published_time":"2019-09-18T10:45:35+00:00","author":"Redakcia","twitter_card":"summary_large_image","twitter_misc":{"Autor":"Redakcia","Predpokladan\u00fd \u010das \u010d\u00edtania":"1 min\u00fata"},"schema":{"@context":"https:\/\/schema.org","@graph":[{"@type":"Article","@id":"https:\/\/www.festivalvedy.sk\/wp2\/veterna-turbina\/#article","isPartOf":{"@id":"https:\/\/www.festivalvedy.sk\/wp2\/veterna-turbina\/"},"author":{"name":"Redakcia","@id":"https:\/\/www.festivalvedy.sk\/wp2\/#\/schema\/person\/f6c2e17170a626260fe38db97ed0a1f5"},"headline":"Vetern\u00e1 turb\u00edna","datePublished":"2019-09-18T10:45:35+00:00","mainEntityOfPage":{"@id":"https:\/\/www.festivalvedy.sk\/wp2\/veterna-turbina\/"},"wordCount":196,"commentCount":0,"publisher":{"@id":"https:\/\/www.festivalvedy.sk\/wp2\/#organization"},"keywords":["2019","Elektrina a mechanika"],"articleSection":["Arch\u00edv 2018","Elektrina a mechanika"],"inLanguage":"sk-SK"},{"@type":"WebPage","@id":"https:\/\/www.festivalvedy.sk\/wp2\/veterna-turbina\/","url":"https:\/\/www.festivalvedy.sk\/wp2\/veterna-turbina\/","name":"Vetern\u00e1 turb\u00edna - Festival vedy a techniky AMAVET","isPartOf":{"@id":"https:\/\/www.festivalvedy.sk\/wp2\/#website"},"datePublished":"2019-09-18T10:45:35+00:00","breadcrumb":{"@id":"https:\/\/www.festivalvedy.sk\/wp2\/veterna-turbina\/#breadcrumb"},"inLanguage":"sk-SK","potentialAction":[{"@type":"ReadAction","target":["https:\/\/www.festivalvedy.sk\/wp2\/veterna-turbina\/"]}]},{"@type":"BreadcrumbList","@id":"https:\/\/www.festivalvedy.sk\/wp2\/veterna-turbina\/#breadcrumb","itemListElement":[{"@type":"ListItem","position":1,"name":"Home","item":"https:\/\/www.festivalvedy.sk\/wp2\/"},{"@type":"ListItem","position":2,"name":"Vetern\u00e1 turb\u00edna"}]},{"@type":"WebSite","@id":"https:\/\/www.festivalvedy.sk\/wp2\/#website","url":"https:\/\/www.festivalvedy.sk\/wp2\/","name":"Festival vedy a techniky AMAVET","description":"AMAVET - Asoci\u00e1cia pre ml\u00e1de\u017e, vedu a techniku","publisher":{"@id":"https:\/\/www.festivalvedy.sk\/wp2\/#organization"},"potentialAction":[{"@type":"SearchAction","target":{"@type":"EntryPoint","urlTemplate":"https:\/\/www.festivalvedy.sk\/wp2\/?s={search_term_string}"},"query-input":{"@type":"PropertyValueSpecification","valueRequired":true,"valueName":"search_term_string"}}],"inLanguage":"sk-SK"},{"@type":"Organization","@id":"https:\/\/www.festivalvedy.sk\/wp2\/#organization","name":"Festival vedy a techniky AMAVET","url":"https:\/\/www.festivalvedy.sk\/wp2\/","logo":{"@type":"ImageObject","inLanguage":"sk-SK","@id":"https:\/\/www.festivalvedy.sk\/wp2\/#\/schema\/logo\/image\/","url":"https:\/\/www.festivalvedy.sk\/wp2\/wp-content\/uploads\/2022\/02\/cropped-fvat-ochranna-zona.png","contentUrl":"https:\/\/www.festivalvedy.sk\/wp2\/wp-content\/uploads\/2022\/02\/cropped-fvat-ochranna-zona.png","width":1190,"height":357,"caption":"Festival vedy a techniky AMAVET"},"image":{"@id":"https:\/\/www.festivalvedy.sk\/wp2\/#\/schema\/logo\/image\/"}},{"@type":"Person","@id":"https:\/\/www.festivalvedy.sk\/wp2\/#\/schema\/person\/f6c2e17170a626260fe38db97ed0a1f5","name":"Redakcia","image":{"@type":"ImageObject","inLanguage":"sk-SK","@id":"https:\/\/secure.gravatar.com\/avatar\/2f7c312d560e25e8eb59b6b53cadd5dc16b39f25bac1c7d0a221dafd9c91fae9?s=96&d=mm&r=g","url":"https:\/\/secure.gravatar.com\/avatar\/2f7c312d560e25e8eb59b6b53cadd5dc16b39f25bac1c7d0a221dafd9c91fae9?s=96&d=mm&r=g","contentUrl":"https:\/\/secure.gravatar.com\/avatar\/2f7c312d560e25e8eb59b6b53cadd5dc16b39f25bac1c7d0a221dafd9c91fae9?s=96&d=mm&r=g","caption":"Redakcia"},"url":"https:\/\/www.festivalvedy.sk\/wp2\/author\/fvatadmin\/"}]}},"_links":{"self":[{"href":"https:\/\/www.festivalvedy.sk\/wp2\/wp-json\/wp\/v2\/posts\/792","targetHints":{"allow":["GET"]}}],"collection":[{"href":"https:\/\/www.festivalvedy.sk\/wp2\/wp-json\/wp\/v2\/posts"}],"about":[{"href":"https:\/\/www.festivalvedy.sk\/wp2\/wp-json\/wp\/v2\/types\/post"}],"author":[{"embeddable":true,"href":"https:\/\/www.festivalvedy.sk\/wp2\/wp-json\/wp\/v2\/users\/1"}],"replies":[{"embeddable":true,"href":"https:\/\/www.festivalvedy.sk\/wp2\/wp-json\/wp\/v2\/comments?post=792"}],"version-history":[{"count":0,"href":"https:\/\/www.festivalvedy.sk\/wp2\/wp-json\/wp\/v2\/posts\/792\/revisions"}],"wp:attachment":[{"href":"https:\/\/www.festivalvedy.sk\/wp2\/wp-json\/wp\/v2\/media?parent=792"}],"wp:term":[{"taxonomy":"category","embeddable":true,"href":"https:\/\/www.festivalvedy.sk\/wp2\/wp-json\/wp\/v2\/categories?post=792"},{"taxonomy":"post_tag","embeddable":true,"href":"https:\/\/www.festivalvedy.sk\/wp2\/wp-json\/wp\/v2\/tags?post=792"}],"curies":[{"name":"wp","href":"https:\/\/api.w.org\/{rel}","templated":true}]}}