{"id":800,"date":"2019-09-18T12:45:35","date_gmt":"2019-09-18T10:45:35","guid":{"rendered":"https:\/\/www.festivalvedy.sk\/wp2\/ucinky-extraktov-amarantu-na-mikroorganizmy\/"},"modified":"2019-09-18T12:45:35","modified_gmt":"2019-09-18T10:45:35","slug":"ucinky-extraktov-amarantu-na-mikroorganizmy","status":"publish","type":"post","link":"https:\/\/www.festivalvedy.sk\/wp2\/ucinky-extraktov-amarantu-na-mikroorganizmy\/","title":{"rendered":"\u00da\u010dinky extraktov Amarantu na mikroorganizmy"},"content":{"rendered":"<p>Autor\/autori: Patr\u00edcia Mikulov\u00e1, Nina Nem\u010d\u00edkov\u00e1<\/p>\n<p>V poslednej dobe sa st\u00e1va amarant, slovensky L\u00e1skavec, a v\u00fdrobky z neho viac vyu\u017e\u00edvan\u00fdmi nielen v potravin\u00e1rstve ale aj vo farm\u00e1cii, \u010di v kozmetike. Jeho lie\u010div\u00e9 \u00fa\u010dinky s\u00fa vhodn\u00e9 najm\u00e4 pri lie\u010den\u00ed z\u00e1pchy, pri prevencii rakoviny hrub\u00e9ho \u010dreva a pri hemoroidoch. Pou\u017e\u00edvaj\u00fa ho ako \u0161portovci ako v\u00fd\u017eivov\u00fa jednotku pre rast svalov. My sme sa rozhodli zisti\u0165, ak\u00e9 u\u010dinky maj\u00fa extrakty amarantov\u00fdch semia\u010dok na mikroorganizmy. Pokusy sme sa vykon\u00e1vali na \u010drievi\u010dkach, kvasin\u00e1ch\u00a0 a plesniach. V\u00fdsledky sme sk\u00famali\u00a0 pod<br \/>\n\u0161kolsk\u00fdm mikroskopom. Nesk\u00f4r sme sk\u00famali, \u010di m\u00e1 olej z amarantov\u00fdch semia\u010dok, v\u00fdluh z amarantov\u00fdch semia\u010dok a tinkt\u00fara z nich a tak isto, \u010di samotn\u00e9 semia\u010dka maj\u00fa antioxida\u010dn\u00e9 \u00fa\u010dinky. Tieto pokusy boli roben\u00e9 pomocou fehlingovho roztoku. V\u00fdsledky t\u00fdchto pokusov sme uvideli v na\u0161om projekte.<\/p>\n","protected":false},"excerpt":{"rendered":"<p>Autor\/autori: Patr\u00edcia Mikulov\u00e1, Nina Nem\u010d\u00edkov\u00e1 V poslednej dobe sa st\u00e1va amarant, slovensky L\u00e1skavec, a v\u00fdrobky z neho viac vyu\u017e\u00edvan\u00fdmi nielen v potravin\u00e1rstve ale aj vo farm\u00e1cii, \u010di v kozmetike. Jeho lie\u010div\u00e9 \u00fa\u010dinky s\u00fa vhodn\u00e9 najm\u00e4 pri lie\u010den\u00ed z\u00e1pchy, pri prevencii rakoviny hrub\u00e9ho \u010dreva a pri hemoroidoch. Pou\u017e\u00edvaj\u00fa ho ako \u0161portovci ako v\u00fd\u017eivov\u00fa jednotku pre rast [&hellip;]<\/p>\n","protected":false},"author":1,"featured_media":0,"comment_status":"open","ping_status":"open","sticky":false,"template":"","format":"standard","meta":{"om_disable_all_campaigns":false,"_monsterinsights_skip_tracking":false,"_monsterinsights_sitenote_active":false,"_monsterinsights_sitenote_note":"","_monsterinsights_sitenote_category":0,"_uf_show_specific_survey":0,"_uf_disable_surveys":false,"footnotes":""},"categories":[6,12],"tags":[8,13],"class_list":["post-800","post","type-post","status-publish","format-standard","hentry","category-6","category-biologia","tag-8","tag-biologia"],"yoast_head":"<!-- This site is optimized with the Yoast SEO plugin v27.2 - https:\/\/yoast.com\/product\/yoast-seo-wordpress\/ -->\n<title>\u00da\u010dinky extraktov Amarantu na mikroorganizmy - Festival vedy a techniky AMAVET<\/title>\n<meta name=\"robots\" content=\"index, follow, max-snippet:-1, max-image-preview:large, max-video-preview:-1\" \/>\n<link rel=\"canonical\" href=\"https:\/\/www.festivalvedy.sk\/wp2\/ucinky-extraktov-amarantu-na-mikroorganizmy\/\" \/>\n<meta property=\"og:locale\" content=\"sk_SK\" \/>\n<meta property=\"og:type\" content=\"article\" \/>\n<meta property=\"og:title\" content=\"\u00da\u010dinky extraktov Amarantu na mikroorganizmy - Festival vedy a techniky AMAVET\" \/>\n<meta property=\"og:description\" content=\"Autor\/autori: Patr\u00edcia Mikulov\u00e1, Nina Nem\u010d\u00edkov\u00e1 V poslednej dobe sa st\u00e1va amarant, slovensky L\u00e1skavec, a v\u00fdrobky z neho viac vyu\u017e\u00edvan\u00fdmi nielen v potravin\u00e1rstve ale aj vo farm\u00e1cii, \u010di v kozmetike. Jeho lie\u010div\u00e9 \u00fa\u010dinky s\u00fa vhodn\u00e9 najm\u00e4 pri lie\u010den\u00ed z\u00e1pchy, pri prevencii rakoviny hrub\u00e9ho \u010dreva a pri hemoroidoch. Pou\u017e\u00edvaj\u00fa ho ako \u0161portovci ako v\u00fd\u017eivov\u00fa jednotku pre rast [&hellip;]\" \/>\n<meta property=\"og:url\" content=\"https:\/\/www.festivalvedy.sk\/wp2\/ucinky-extraktov-amarantu-na-mikroorganizmy\/\" \/>\n<meta property=\"og:site_name\" content=\"Festival vedy a techniky AMAVET\" \/>\n<meta property=\"article:published_time\" content=\"2019-09-18T10:45:35+00:00\" \/>\n<meta name=\"author\" content=\"Redakcia\" \/>\n<meta name=\"twitter:card\" content=\"summary_large_image\" \/>\n<meta name=\"twitter:label1\" content=\"Autor\" \/>\n\t<meta name=\"twitter:data1\" content=\"Redakcia\" \/>\n\t<meta name=\"twitter:label2\" content=\"Predpokladan\u00fd \u010das \u010d\u00edtania\" \/>\n\t<meta name=\"twitter:data2\" content=\"1 min\u00fata\" \/>\n<script type=\"application\/ld+json\" class=\"yoast-schema-graph\">{\"@context\":\"https:\/\/schema.org\",\"@graph\":[{\"@type\":\"Article\",\"@id\":\"https:\/\/www.festivalvedy.sk\/wp2\/ucinky-extraktov-amarantu-na-mikroorganizmy\/#article\",\"isPartOf\":{\"@id\":\"https:\/\/www.festivalvedy.sk\/wp2\/ucinky-extraktov-amarantu-na-mikroorganizmy\/\"},\"author\":{\"name\":\"Redakcia\",\"@id\":\"https:\/\/www.festivalvedy.sk\/wp2\/#\/schema\/person\/f6c2e17170a626260fe38db97ed0a1f5\"},\"headline\":\"\u00da\u010dinky extraktov Amarantu na mikroorganizmy\",\"datePublished\":\"2019-09-18T10:45:35+00:00\",\"mainEntityOfPage\":{\"@id\":\"https:\/\/www.festivalvedy.sk\/wp2\/ucinky-extraktov-amarantu-na-mikroorganizmy\/\"},\"wordCount\":168,\"commentCount\":0,\"publisher\":{\"@id\":\"https:\/\/www.festivalvedy.sk\/wp2\/#organization\"},\"keywords\":[\"2019\",\"Biol\u00f3gia\"],\"articleSection\":[\"Arch\u00edv 2018\",\"Biol\u00f3gia\"],\"inLanguage\":\"sk-SK\"},{\"@type\":\"WebPage\",\"@id\":\"https:\/\/www.festivalvedy.sk\/wp2\/ucinky-extraktov-amarantu-na-mikroorganizmy\/\",\"url\":\"https:\/\/www.festivalvedy.sk\/wp2\/ucinky-extraktov-amarantu-na-mikroorganizmy\/\",\"name\":\"\u00da\u010dinky extraktov Amarantu na mikroorganizmy - Festival vedy a techniky AMAVET\",\"isPartOf\":{\"@id\":\"https:\/\/www.festivalvedy.sk\/wp2\/#website\"},\"datePublished\":\"2019-09-18T10:45:35+00:00\",\"breadcrumb\":{\"@id\":\"https:\/\/www.festivalvedy.sk\/wp2\/ucinky-extraktov-amarantu-na-mikroorganizmy\/#breadcrumb\"},\"inLanguage\":\"sk-SK\",\"potentialAction\":[{\"@type\":\"ReadAction\",\"target\":[\"https:\/\/www.festivalvedy.sk\/wp2\/ucinky-extraktov-amarantu-na-mikroorganizmy\/\"]}]},{\"@type\":\"BreadcrumbList\",\"@id\":\"https:\/\/www.festivalvedy.sk\/wp2\/ucinky-extraktov-amarantu-na-mikroorganizmy\/#breadcrumb\",\"itemListElement\":[{\"@type\":\"ListItem\",\"position\":1,\"name\":\"Home\",\"item\":\"https:\/\/www.festivalvedy.sk\/wp2\/\"},{\"@type\":\"ListItem\",\"position\":2,\"name\":\"\u00da\u010dinky extraktov Amarantu na mikroorganizmy\"}]},{\"@type\":\"WebSite\",\"@id\":\"https:\/\/www.festivalvedy.sk\/wp2\/#website\",\"url\":\"https:\/\/www.festivalvedy.sk\/wp2\/\",\"name\":\"Festival vedy a techniky AMAVET\",\"description\":\"AMAVET - Asoci\u00e1cia pre ml\u00e1de\u017e, vedu a techniku\",\"publisher\":{\"@id\":\"https:\/\/www.festivalvedy.sk\/wp2\/#organization\"},\"potentialAction\":[{\"@type\":\"SearchAction\",\"target\":{\"@type\":\"EntryPoint\",\"urlTemplate\":\"https:\/\/www.festivalvedy.sk\/wp2\/?s={search_term_string}\"},\"query-input\":{\"@type\":\"PropertyValueSpecification\",\"valueRequired\":true,\"valueName\":\"search_term_string\"}}],\"inLanguage\":\"sk-SK\"},{\"@type\":\"Organization\",\"@id\":\"https:\/\/www.festivalvedy.sk\/wp2\/#organization\",\"name\":\"Festival vedy a techniky AMAVET\",\"url\":\"https:\/\/www.festivalvedy.sk\/wp2\/\",\"logo\":{\"@type\":\"ImageObject\",\"inLanguage\":\"sk-SK\",\"@id\":\"https:\/\/www.festivalvedy.sk\/wp2\/#\/schema\/logo\/image\/\",\"url\":\"https:\/\/www.festivalvedy.sk\/wp2\/wp-content\/uploads\/2022\/02\/cropped-fvat-ochranna-zona.png\",\"contentUrl\":\"https:\/\/www.festivalvedy.sk\/wp2\/wp-content\/uploads\/2022\/02\/cropped-fvat-ochranna-zona.png\",\"width\":1190,\"height\":357,\"caption\":\"Festival vedy a techniky AMAVET\"},\"image\":{\"@id\":\"https:\/\/www.festivalvedy.sk\/wp2\/#\/schema\/logo\/image\/\"}},{\"@type\":\"Person\",\"@id\":\"https:\/\/www.festivalvedy.sk\/wp2\/#\/schema\/person\/f6c2e17170a626260fe38db97ed0a1f5\",\"name\":\"Redakcia\",\"image\":{\"@type\":\"ImageObject\",\"inLanguage\":\"sk-SK\",\"@id\":\"https:\/\/secure.gravatar.com\/avatar\/2f7c312d560e25e8eb59b6b53cadd5dc16b39f25bac1c7d0a221dafd9c91fae9?s=96&d=mm&r=g\",\"url\":\"https:\/\/secure.gravatar.com\/avatar\/2f7c312d560e25e8eb59b6b53cadd5dc16b39f25bac1c7d0a221dafd9c91fae9?s=96&d=mm&r=g\",\"contentUrl\":\"https:\/\/secure.gravatar.com\/avatar\/2f7c312d560e25e8eb59b6b53cadd5dc16b39f25bac1c7d0a221dafd9c91fae9?s=96&d=mm&r=g\",\"caption\":\"Redakcia\"},\"url\":\"https:\/\/www.festivalvedy.sk\/wp2\/author\/fvatadmin\/\"}]}<\/script>\n<!-- \/ Yoast SEO plugin. -->","yoast_head_json":{"title":"\u00da\u010dinky extraktov Amarantu na mikroorganizmy - Festival vedy a techniky AMAVET","robots":{"index":"index","follow":"follow","max-snippet":"max-snippet:-1","max-image-preview":"max-image-preview:large","max-video-preview":"max-video-preview:-1"},"canonical":"https:\/\/www.festivalvedy.sk\/wp2\/ucinky-extraktov-amarantu-na-mikroorganizmy\/","og_locale":"sk_SK","og_type":"article","og_title":"\u00da\u010dinky extraktov Amarantu na mikroorganizmy - Festival vedy a techniky AMAVET","og_description":"Autor\/autori: Patr\u00edcia Mikulov\u00e1, Nina Nem\u010d\u00edkov\u00e1 V poslednej dobe sa st\u00e1va amarant, slovensky L\u00e1skavec, a v\u00fdrobky z neho viac vyu\u017e\u00edvan\u00fdmi nielen v potravin\u00e1rstve ale aj vo farm\u00e1cii, \u010di v kozmetike. Jeho lie\u010div\u00e9 \u00fa\u010dinky s\u00fa vhodn\u00e9 najm\u00e4 pri lie\u010den\u00ed z\u00e1pchy, pri prevencii rakoviny hrub\u00e9ho \u010dreva a pri hemoroidoch. Pou\u017e\u00edvaj\u00fa ho ako \u0161portovci ako v\u00fd\u017eivov\u00fa jednotku pre rast [&hellip;]","og_url":"https:\/\/www.festivalvedy.sk\/wp2\/ucinky-extraktov-amarantu-na-mikroorganizmy\/","og_site_name":"Festival vedy a techniky AMAVET","article_published_time":"2019-09-18T10:45:35+00:00","author":"Redakcia","twitter_card":"summary_large_image","twitter_misc":{"Autor":"Redakcia","Predpokladan\u00fd \u010das \u010d\u00edtania":"1 min\u00fata"},"schema":{"@context":"https:\/\/schema.org","@graph":[{"@type":"Article","@id":"https:\/\/www.festivalvedy.sk\/wp2\/ucinky-extraktov-amarantu-na-mikroorganizmy\/#article","isPartOf":{"@id":"https:\/\/www.festivalvedy.sk\/wp2\/ucinky-extraktov-amarantu-na-mikroorganizmy\/"},"author":{"name":"Redakcia","@id":"https:\/\/www.festivalvedy.sk\/wp2\/#\/schema\/person\/f6c2e17170a626260fe38db97ed0a1f5"},"headline":"\u00da\u010dinky extraktov Amarantu na mikroorganizmy","datePublished":"2019-09-18T10:45:35+00:00","mainEntityOfPage":{"@id":"https:\/\/www.festivalvedy.sk\/wp2\/ucinky-extraktov-amarantu-na-mikroorganizmy\/"},"wordCount":168,"commentCount":0,"publisher":{"@id":"https:\/\/www.festivalvedy.sk\/wp2\/#organization"},"keywords":["2019","Biol\u00f3gia"],"articleSection":["Arch\u00edv 2018","Biol\u00f3gia"],"inLanguage":"sk-SK"},{"@type":"WebPage","@id":"https:\/\/www.festivalvedy.sk\/wp2\/ucinky-extraktov-amarantu-na-mikroorganizmy\/","url":"https:\/\/www.festivalvedy.sk\/wp2\/ucinky-extraktov-amarantu-na-mikroorganizmy\/","name":"\u00da\u010dinky extraktov Amarantu na mikroorganizmy - Festival vedy a techniky AMAVET","isPartOf":{"@id":"https:\/\/www.festivalvedy.sk\/wp2\/#website"},"datePublished":"2019-09-18T10:45:35+00:00","breadcrumb":{"@id":"https:\/\/www.festivalvedy.sk\/wp2\/ucinky-extraktov-amarantu-na-mikroorganizmy\/#breadcrumb"},"inLanguage":"sk-SK","potentialAction":[{"@type":"ReadAction","target":["https:\/\/www.festivalvedy.sk\/wp2\/ucinky-extraktov-amarantu-na-mikroorganizmy\/"]}]},{"@type":"BreadcrumbList","@id":"https:\/\/www.festivalvedy.sk\/wp2\/ucinky-extraktov-amarantu-na-mikroorganizmy\/#breadcrumb","itemListElement":[{"@type":"ListItem","position":1,"name":"Home","item":"https:\/\/www.festivalvedy.sk\/wp2\/"},{"@type":"ListItem","position":2,"name":"\u00da\u010dinky extraktov Amarantu na mikroorganizmy"}]},{"@type":"WebSite","@id":"https:\/\/www.festivalvedy.sk\/wp2\/#website","url":"https:\/\/www.festivalvedy.sk\/wp2\/","name":"Festival vedy a techniky AMAVET","description":"AMAVET - Asoci\u00e1cia pre ml\u00e1de\u017e, vedu a techniku","publisher":{"@id":"https:\/\/www.festivalvedy.sk\/wp2\/#organization"},"potentialAction":[{"@type":"SearchAction","target":{"@type":"EntryPoint","urlTemplate":"https:\/\/www.festivalvedy.sk\/wp2\/?s={search_term_string}"},"query-input":{"@type":"PropertyValueSpecification","valueRequired":true,"valueName":"search_term_string"}}],"inLanguage":"sk-SK"},{"@type":"Organization","@id":"https:\/\/www.festivalvedy.sk\/wp2\/#organization","name":"Festival vedy a techniky AMAVET","url":"https:\/\/www.festivalvedy.sk\/wp2\/","logo":{"@type":"ImageObject","inLanguage":"sk-SK","@id":"https:\/\/www.festivalvedy.sk\/wp2\/#\/schema\/logo\/image\/","url":"https:\/\/www.festivalvedy.sk\/wp2\/wp-content\/uploads\/2022\/02\/cropped-fvat-ochranna-zona.png","contentUrl":"https:\/\/www.festivalvedy.sk\/wp2\/wp-content\/uploads\/2022\/02\/cropped-fvat-ochranna-zona.png","width":1190,"height":357,"caption":"Festival vedy a techniky AMAVET"},"image":{"@id":"https:\/\/www.festivalvedy.sk\/wp2\/#\/schema\/logo\/image\/"}},{"@type":"Person","@id":"https:\/\/www.festivalvedy.sk\/wp2\/#\/schema\/person\/f6c2e17170a626260fe38db97ed0a1f5","name":"Redakcia","image":{"@type":"ImageObject","inLanguage":"sk-SK","@id":"https:\/\/secure.gravatar.com\/avatar\/2f7c312d560e25e8eb59b6b53cadd5dc16b39f25bac1c7d0a221dafd9c91fae9?s=96&d=mm&r=g","url":"https:\/\/secure.gravatar.com\/avatar\/2f7c312d560e25e8eb59b6b53cadd5dc16b39f25bac1c7d0a221dafd9c91fae9?s=96&d=mm&r=g","contentUrl":"https:\/\/secure.gravatar.com\/avatar\/2f7c312d560e25e8eb59b6b53cadd5dc16b39f25bac1c7d0a221dafd9c91fae9?s=96&d=mm&r=g","caption":"Redakcia"},"url":"https:\/\/www.festivalvedy.sk\/wp2\/author\/fvatadmin\/"}]}},"_links":{"self":[{"href":"https:\/\/www.festivalvedy.sk\/wp2\/wp-json\/wp\/v2\/posts\/800","targetHints":{"allow":["GET"]}}],"collection":[{"href":"https:\/\/www.festivalvedy.sk\/wp2\/wp-json\/wp\/v2\/posts"}],"about":[{"href":"https:\/\/www.festivalvedy.sk\/wp2\/wp-json\/wp\/v2\/types\/post"}],"author":[{"embeddable":true,"href":"https:\/\/www.festivalvedy.sk\/wp2\/wp-json\/wp\/v2\/users\/1"}],"replies":[{"embeddable":true,"href":"https:\/\/www.festivalvedy.sk\/wp2\/wp-json\/wp\/v2\/comments?post=800"}],"version-history":[{"count":0,"href":"https:\/\/www.festivalvedy.sk\/wp2\/wp-json\/wp\/v2\/posts\/800\/revisions"}],"wp:attachment":[{"href":"https:\/\/www.festivalvedy.sk\/wp2\/wp-json\/wp\/v2\/media?parent=800"}],"wp:term":[{"taxonomy":"category","embeddable":true,"href":"https:\/\/www.festivalvedy.sk\/wp2\/wp-json\/wp\/v2\/categories?post=800"},{"taxonomy":"post_tag","embeddable":true,"href":"https:\/\/www.festivalvedy.sk\/wp2\/wp-json\/wp\/v2\/tags?post=800"}],"curies":[{"name":"wp","href":"https:\/\/api.w.org\/{rel}","templated":true}]}}