{"id":801,"date":"2019-09-18T12:45:36","date_gmt":"2019-09-18T10:45:36","guid":{"rendered":"https:\/\/www.festivalvedy.sk\/wp2\/inteligentny-solarny-generator-so-solarnym-panelom-reagujucim-na-svetlo\/"},"modified":"2019-09-18T12:45:36","modified_gmt":"2019-09-18T10:45:36","slug":"inteligentny-solarny-generator-so-solarnym-panelom-reagujucim-na-svetlo","status":"publish","type":"post","link":"https:\/\/www.festivalvedy.sk\/wp2\/inteligentny-solarny-generator-so-solarnym-panelom-reagujucim-na-svetlo\/","title":{"rendered":"Inteligentn\u00fd sol\u00e1rny gener\u00e1tor so sol\u00e1rnym panelom reaguj\u00facim na svetlo"},"content":{"rendered":"<p>Autor\/autori: Kristi\u00e1n Greif, Oliver Lipka<\/p>\n<p>Nedostupnos\u0165, neekologick\u00fd sp\u00f4sob z\u00edskavania \u010di neefekt\u00edvne vyu\u017eitie elektrickej energie s\u00fa<br \/>\nv\u00e1\u017enymi celosvetov\u00fdmi probl\u00e9mami. Cie\u013eom tohto projektu je pouk\u00e1za\u0165 na tieto javy a snaha<br \/>\no ich \u010diasto\u010dn\u00e9 vyrie\u0161enie efekt\u00edvnou spr\u00e1vou energie v podobe inteligentn\u00e9ho sol\u00e1rneho<br \/>\ngener\u00e1tora a sol\u00e1rneho panela reaguj\u00faceho na svetlo. V prvej f\u00e1ze realiz\u00e1cie tohto projektu<br \/>\nsme stanovili funkcie potrebn\u00e9 pre chod oboch sekci\u00ed projektu, testovali jednotliv\u00e9<br \/>\nkomponenty samostatne a sna\u017eili sa \u010do najviac pribl\u00ed\u017ei\u0165 re\u00e1lne v\u00fdsledky k o\u010dak\u00e1van\u00fdm<br \/>\nhodnot\u00e1m pou\u017eit\u00edm r\u00f4znych algoritmov \u010di dosadzovan\u00edm kvalitnej\u0161\u00edch a presnej\u0161\u00edch<br \/>\nkomponentov. Nesk\u00f4r sme tieto komponenty spojili do syst\u00e9mov riaden\u00fdch softv\u00e9rom, ktor\u00e9<br \/>\nzabezpe\u010duj\u00fa funkcionalitu obom \u010dastiam projektu. \u00dalohou n\u00e1\u0161ho sol\u00e1rneho gener\u00e1tora je<br \/>\nefekt\u00edvnym sp\u00f4sobom usklad\u0148ova\u0165, meni\u0165 a spravova\u0165 elektrick\u00fa energiu zo sol\u00e1rneho<br \/>\npanela, ktor\u00fd pomocou senzorov prisp\u00f4sobuje svoju polohu tak, aby maximalizoval mno\u017estvo<br \/>\nz\u00edskanej sol\u00e1rnej a t\u00fdm aj elektrickej energie alebo z inej nab\u00edjacej jednotky. Je jedine\u010dn\u00fd<br \/>\nv\u010faka prvkom ak\u00fdmi s\u00fa ovl\u00e1danie cez internet \u010di integrovan\u00e9 grafick\u00e9 pou\u017e\u00edvate\u013esk\u00e9<br \/>\nrozhranie. V druhej f\u00e1ze projektu sme tieto celky testovali, odstra\u0148ovali n\u00e1jden\u00e9 nedostatky a<br \/>\nporovn\u00e1vali efektivitu a funk\u010dnos\u0165 s be\u017ene dostupn\u00fdmi zariadeniami v tejto oblasti. Zistili sme,<br \/>\n\u017ee sol\u00e1rny panel ot\u00e1\u010daj\u00faci sa za svetlom m\u00e1 a\u017e o 40% v\u00e4\u010d\u0161iu efektivitu v porovnan\u00ed s klasicky<br \/>\nupevnen\u00fdm panelom. Aktu\u00e1lne pracujeme na mal\u00fdch vylep\u0161eniach a \u00faprav\u00e1ch. V bud\u00facnosti<br \/>\nby sme chceli projekt vylep\u0161i\u0165 novou technol\u00f3giou bat\u00e9rie \u010di dotykov\u00fdm displejom.<\/p>\n","protected":false},"excerpt":{"rendered":"<p>Autor\/autori: Kristi\u00e1n Greif, Oliver Lipka Nedostupnos\u0165, neekologick\u00fd sp\u00f4sob z\u00edskavania \u010di neefekt\u00edvne vyu\u017eitie elektrickej energie s\u00fa v\u00e1\u017enymi celosvetov\u00fdmi probl\u00e9mami. Cie\u013eom tohto projektu je pouk\u00e1za\u0165 na tieto javy a snaha o ich \u010diasto\u010dn\u00e9 vyrie\u0161enie efekt\u00edvnou spr\u00e1vou energie v podobe inteligentn\u00e9ho sol\u00e1rneho gener\u00e1tora a sol\u00e1rneho panela reaguj\u00faceho na svetlo. V prvej f\u00e1ze realiz\u00e1cie tohto projektu sme stanovili funkcie [&hellip;]<\/p>\n","protected":false},"author":1,"featured_media":0,"comment_status":"open","ping_status":"open","sticky":false,"template":"","format":"standard","meta":{"om_disable_all_campaigns":false,"_monsterinsights_skip_tracking":false,"_monsterinsights_sitenote_active":false,"_monsterinsights_sitenote_note":"","_monsterinsights_sitenote_category":0,"_uf_show_specific_survey":0,"_uf_disable_surveys":false,"footnotes":""},"categories":[6,20],"tags":[8,21],"class_list":["post-801","post","type-post","status-publish","format-standard","hentry","category-6","category-elektrina-a-mechanika","tag-8","tag-elektrina-a-mechanika"],"yoast_head":"<!-- This site is optimized with the Yoast SEO plugin v27.2 - https:\/\/yoast.com\/product\/yoast-seo-wordpress\/ -->\n<title>Inteligentn\u00fd sol\u00e1rny gener\u00e1tor so sol\u00e1rnym panelom reaguj\u00facim na svetlo - Festival vedy a techniky AMAVET<\/title>\n<meta name=\"robots\" content=\"index, follow, max-snippet:-1, max-image-preview:large, max-video-preview:-1\" \/>\n<link rel=\"canonical\" href=\"https:\/\/www.festivalvedy.sk\/wp2\/inteligentny-solarny-generator-so-solarnym-panelom-reagujucim-na-svetlo\/\" \/>\n<meta property=\"og:locale\" content=\"sk_SK\" \/>\n<meta property=\"og:type\" content=\"article\" \/>\n<meta property=\"og:title\" content=\"Inteligentn\u00fd sol\u00e1rny gener\u00e1tor so sol\u00e1rnym panelom reaguj\u00facim na svetlo - Festival vedy a techniky AMAVET\" \/>\n<meta property=\"og:description\" content=\"Autor\/autori: Kristi\u00e1n Greif, Oliver Lipka Nedostupnos\u0165, neekologick\u00fd sp\u00f4sob z\u00edskavania \u010di neefekt\u00edvne vyu\u017eitie elektrickej energie s\u00fa v\u00e1\u017enymi celosvetov\u00fdmi probl\u00e9mami. Cie\u013eom tohto projektu je pouk\u00e1za\u0165 na tieto javy a snaha o ich \u010diasto\u010dn\u00e9 vyrie\u0161enie efekt\u00edvnou spr\u00e1vou energie v podobe inteligentn\u00e9ho sol\u00e1rneho gener\u00e1tora a sol\u00e1rneho panela reaguj\u00faceho na svetlo. V prvej f\u00e1ze realiz\u00e1cie tohto projektu sme stanovili funkcie [&hellip;]\" \/>\n<meta property=\"og:url\" content=\"https:\/\/www.festivalvedy.sk\/wp2\/inteligentny-solarny-generator-so-solarnym-panelom-reagujucim-na-svetlo\/\" \/>\n<meta property=\"og:site_name\" content=\"Festival vedy a techniky AMAVET\" \/>\n<meta property=\"article:published_time\" content=\"2019-09-18T10:45:36+00:00\" \/>\n<meta name=\"author\" content=\"Redakcia\" \/>\n<meta name=\"twitter:card\" content=\"summary_large_image\" \/>\n<meta name=\"twitter:label1\" content=\"Autor\" \/>\n\t<meta name=\"twitter:data1\" content=\"Redakcia\" \/>\n\t<meta name=\"twitter:label2\" content=\"Predpokladan\u00fd \u010das \u010d\u00edtania\" \/>\n\t<meta name=\"twitter:data2\" content=\"1 min\u00fata\" \/>\n<script type=\"application\/ld+json\" class=\"yoast-schema-graph\">{\"@context\":\"https:\/\/schema.org\",\"@graph\":[{\"@type\":\"Article\",\"@id\":\"https:\/\/www.festivalvedy.sk\/wp2\/inteligentny-solarny-generator-so-solarnym-panelom-reagujucim-na-svetlo\/#article\",\"isPartOf\":{\"@id\":\"https:\/\/www.festivalvedy.sk\/wp2\/inteligentny-solarny-generator-so-solarnym-panelom-reagujucim-na-svetlo\/\"},\"author\":{\"name\":\"Redakcia\",\"@id\":\"https:\/\/www.festivalvedy.sk\/wp2\/#\/schema\/person\/f6c2e17170a626260fe38db97ed0a1f5\"},\"headline\":\"Inteligentn\u00fd sol\u00e1rny gener\u00e1tor so sol\u00e1rnym panelom reaguj\u00facim na svetlo\",\"datePublished\":\"2019-09-18T10:45:36+00:00\",\"mainEntityOfPage\":{\"@id\":\"https:\/\/www.festivalvedy.sk\/wp2\/inteligentny-solarny-generator-so-solarnym-panelom-reagujucim-na-svetlo\/\"},\"wordCount\":309,\"commentCount\":0,\"publisher\":{\"@id\":\"https:\/\/www.festivalvedy.sk\/wp2\/#organization\"},\"keywords\":[\"2019\",\"Elektrina a mechanika\"],\"articleSection\":[\"Arch\u00edv 2018\",\"Elektrina a mechanika\"],\"inLanguage\":\"sk-SK\"},{\"@type\":\"WebPage\",\"@id\":\"https:\/\/www.festivalvedy.sk\/wp2\/inteligentny-solarny-generator-so-solarnym-panelom-reagujucim-na-svetlo\/\",\"url\":\"https:\/\/www.festivalvedy.sk\/wp2\/inteligentny-solarny-generator-so-solarnym-panelom-reagujucim-na-svetlo\/\",\"name\":\"Inteligentn\u00fd sol\u00e1rny gener\u00e1tor so sol\u00e1rnym panelom reaguj\u00facim na svetlo - Festival vedy a techniky AMAVET\",\"isPartOf\":{\"@id\":\"https:\/\/www.festivalvedy.sk\/wp2\/#website\"},\"datePublished\":\"2019-09-18T10:45:36+00:00\",\"breadcrumb\":{\"@id\":\"https:\/\/www.festivalvedy.sk\/wp2\/inteligentny-solarny-generator-so-solarnym-panelom-reagujucim-na-svetlo\/#breadcrumb\"},\"inLanguage\":\"sk-SK\",\"potentialAction\":[{\"@type\":\"ReadAction\",\"target\":[\"https:\/\/www.festivalvedy.sk\/wp2\/inteligentny-solarny-generator-so-solarnym-panelom-reagujucim-na-svetlo\/\"]}]},{\"@type\":\"BreadcrumbList\",\"@id\":\"https:\/\/www.festivalvedy.sk\/wp2\/inteligentny-solarny-generator-so-solarnym-panelom-reagujucim-na-svetlo\/#breadcrumb\",\"itemListElement\":[{\"@type\":\"ListItem\",\"position\":1,\"name\":\"Home\",\"item\":\"https:\/\/www.festivalvedy.sk\/wp2\/\"},{\"@type\":\"ListItem\",\"position\":2,\"name\":\"Inteligentn\u00fd sol\u00e1rny gener\u00e1tor so sol\u00e1rnym panelom reaguj\u00facim na svetlo\"}]},{\"@type\":\"WebSite\",\"@id\":\"https:\/\/www.festivalvedy.sk\/wp2\/#website\",\"url\":\"https:\/\/www.festivalvedy.sk\/wp2\/\",\"name\":\"Festival vedy a techniky AMAVET\",\"description\":\"AMAVET - Asoci\u00e1cia pre ml\u00e1de\u017e, vedu a techniku\",\"publisher\":{\"@id\":\"https:\/\/www.festivalvedy.sk\/wp2\/#organization\"},\"potentialAction\":[{\"@type\":\"SearchAction\",\"target\":{\"@type\":\"EntryPoint\",\"urlTemplate\":\"https:\/\/www.festivalvedy.sk\/wp2\/?s={search_term_string}\"},\"query-input\":{\"@type\":\"PropertyValueSpecification\",\"valueRequired\":true,\"valueName\":\"search_term_string\"}}],\"inLanguage\":\"sk-SK\"},{\"@type\":\"Organization\",\"@id\":\"https:\/\/www.festivalvedy.sk\/wp2\/#organization\",\"name\":\"Festival vedy a techniky AMAVET\",\"url\":\"https:\/\/www.festivalvedy.sk\/wp2\/\",\"logo\":{\"@type\":\"ImageObject\",\"inLanguage\":\"sk-SK\",\"@id\":\"https:\/\/www.festivalvedy.sk\/wp2\/#\/schema\/logo\/image\/\",\"url\":\"https:\/\/www.festivalvedy.sk\/wp2\/wp-content\/uploads\/2022\/02\/cropped-fvat-ochranna-zona.png\",\"contentUrl\":\"https:\/\/www.festivalvedy.sk\/wp2\/wp-content\/uploads\/2022\/02\/cropped-fvat-ochranna-zona.png\",\"width\":1190,\"height\":357,\"caption\":\"Festival vedy a techniky AMAVET\"},\"image\":{\"@id\":\"https:\/\/www.festivalvedy.sk\/wp2\/#\/schema\/logo\/image\/\"}},{\"@type\":\"Person\",\"@id\":\"https:\/\/www.festivalvedy.sk\/wp2\/#\/schema\/person\/f6c2e17170a626260fe38db97ed0a1f5\",\"name\":\"Redakcia\",\"image\":{\"@type\":\"ImageObject\",\"inLanguage\":\"sk-SK\",\"@id\":\"https:\/\/secure.gravatar.com\/avatar\/2f7c312d560e25e8eb59b6b53cadd5dc16b39f25bac1c7d0a221dafd9c91fae9?s=96&d=mm&r=g\",\"url\":\"https:\/\/secure.gravatar.com\/avatar\/2f7c312d560e25e8eb59b6b53cadd5dc16b39f25bac1c7d0a221dafd9c91fae9?s=96&d=mm&r=g\",\"contentUrl\":\"https:\/\/secure.gravatar.com\/avatar\/2f7c312d560e25e8eb59b6b53cadd5dc16b39f25bac1c7d0a221dafd9c91fae9?s=96&d=mm&r=g\",\"caption\":\"Redakcia\"},\"url\":\"https:\/\/www.festivalvedy.sk\/wp2\/author\/fvatadmin\/\"}]}<\/script>\n<!-- \/ Yoast SEO plugin. -->","yoast_head_json":{"title":"Inteligentn\u00fd sol\u00e1rny gener\u00e1tor so sol\u00e1rnym panelom reaguj\u00facim na svetlo - Festival vedy a techniky AMAVET","robots":{"index":"index","follow":"follow","max-snippet":"max-snippet:-1","max-image-preview":"max-image-preview:large","max-video-preview":"max-video-preview:-1"},"canonical":"https:\/\/www.festivalvedy.sk\/wp2\/inteligentny-solarny-generator-so-solarnym-panelom-reagujucim-na-svetlo\/","og_locale":"sk_SK","og_type":"article","og_title":"Inteligentn\u00fd sol\u00e1rny gener\u00e1tor so sol\u00e1rnym panelom reaguj\u00facim na svetlo - Festival vedy a techniky AMAVET","og_description":"Autor\/autori: Kristi\u00e1n Greif, Oliver Lipka Nedostupnos\u0165, neekologick\u00fd sp\u00f4sob z\u00edskavania \u010di neefekt\u00edvne vyu\u017eitie elektrickej energie s\u00fa v\u00e1\u017enymi celosvetov\u00fdmi probl\u00e9mami. Cie\u013eom tohto projektu je pouk\u00e1za\u0165 na tieto javy a snaha o ich \u010diasto\u010dn\u00e9 vyrie\u0161enie efekt\u00edvnou spr\u00e1vou energie v podobe inteligentn\u00e9ho sol\u00e1rneho gener\u00e1tora a sol\u00e1rneho panela reaguj\u00faceho na svetlo. V prvej f\u00e1ze realiz\u00e1cie tohto projektu sme stanovili funkcie [&hellip;]","og_url":"https:\/\/www.festivalvedy.sk\/wp2\/inteligentny-solarny-generator-so-solarnym-panelom-reagujucim-na-svetlo\/","og_site_name":"Festival vedy a techniky AMAVET","article_published_time":"2019-09-18T10:45:36+00:00","author":"Redakcia","twitter_card":"summary_large_image","twitter_misc":{"Autor":"Redakcia","Predpokladan\u00fd \u010das \u010d\u00edtania":"1 min\u00fata"},"schema":{"@context":"https:\/\/schema.org","@graph":[{"@type":"Article","@id":"https:\/\/www.festivalvedy.sk\/wp2\/inteligentny-solarny-generator-so-solarnym-panelom-reagujucim-na-svetlo\/#article","isPartOf":{"@id":"https:\/\/www.festivalvedy.sk\/wp2\/inteligentny-solarny-generator-so-solarnym-panelom-reagujucim-na-svetlo\/"},"author":{"name":"Redakcia","@id":"https:\/\/www.festivalvedy.sk\/wp2\/#\/schema\/person\/f6c2e17170a626260fe38db97ed0a1f5"},"headline":"Inteligentn\u00fd sol\u00e1rny gener\u00e1tor so sol\u00e1rnym panelom reaguj\u00facim na svetlo","datePublished":"2019-09-18T10:45:36+00:00","mainEntityOfPage":{"@id":"https:\/\/www.festivalvedy.sk\/wp2\/inteligentny-solarny-generator-so-solarnym-panelom-reagujucim-na-svetlo\/"},"wordCount":309,"commentCount":0,"publisher":{"@id":"https:\/\/www.festivalvedy.sk\/wp2\/#organization"},"keywords":["2019","Elektrina a mechanika"],"articleSection":["Arch\u00edv 2018","Elektrina a mechanika"],"inLanguage":"sk-SK"},{"@type":"WebPage","@id":"https:\/\/www.festivalvedy.sk\/wp2\/inteligentny-solarny-generator-so-solarnym-panelom-reagujucim-na-svetlo\/","url":"https:\/\/www.festivalvedy.sk\/wp2\/inteligentny-solarny-generator-so-solarnym-panelom-reagujucim-na-svetlo\/","name":"Inteligentn\u00fd sol\u00e1rny gener\u00e1tor so sol\u00e1rnym panelom reaguj\u00facim na svetlo - Festival vedy a techniky AMAVET","isPartOf":{"@id":"https:\/\/www.festivalvedy.sk\/wp2\/#website"},"datePublished":"2019-09-18T10:45:36+00:00","breadcrumb":{"@id":"https:\/\/www.festivalvedy.sk\/wp2\/inteligentny-solarny-generator-so-solarnym-panelom-reagujucim-na-svetlo\/#breadcrumb"},"inLanguage":"sk-SK","potentialAction":[{"@type":"ReadAction","target":["https:\/\/www.festivalvedy.sk\/wp2\/inteligentny-solarny-generator-so-solarnym-panelom-reagujucim-na-svetlo\/"]}]},{"@type":"BreadcrumbList","@id":"https:\/\/www.festivalvedy.sk\/wp2\/inteligentny-solarny-generator-so-solarnym-panelom-reagujucim-na-svetlo\/#breadcrumb","itemListElement":[{"@type":"ListItem","position":1,"name":"Home","item":"https:\/\/www.festivalvedy.sk\/wp2\/"},{"@type":"ListItem","position":2,"name":"Inteligentn\u00fd sol\u00e1rny gener\u00e1tor so sol\u00e1rnym panelom reaguj\u00facim na svetlo"}]},{"@type":"WebSite","@id":"https:\/\/www.festivalvedy.sk\/wp2\/#website","url":"https:\/\/www.festivalvedy.sk\/wp2\/","name":"Festival vedy a techniky AMAVET","description":"AMAVET - Asoci\u00e1cia pre ml\u00e1de\u017e, vedu a techniku","publisher":{"@id":"https:\/\/www.festivalvedy.sk\/wp2\/#organization"},"potentialAction":[{"@type":"SearchAction","target":{"@type":"EntryPoint","urlTemplate":"https:\/\/www.festivalvedy.sk\/wp2\/?s={search_term_string}"},"query-input":{"@type":"PropertyValueSpecification","valueRequired":true,"valueName":"search_term_string"}}],"inLanguage":"sk-SK"},{"@type":"Organization","@id":"https:\/\/www.festivalvedy.sk\/wp2\/#organization","name":"Festival vedy a techniky AMAVET","url":"https:\/\/www.festivalvedy.sk\/wp2\/","logo":{"@type":"ImageObject","inLanguage":"sk-SK","@id":"https:\/\/www.festivalvedy.sk\/wp2\/#\/schema\/logo\/image\/","url":"https:\/\/www.festivalvedy.sk\/wp2\/wp-content\/uploads\/2022\/02\/cropped-fvat-ochranna-zona.png","contentUrl":"https:\/\/www.festivalvedy.sk\/wp2\/wp-content\/uploads\/2022\/02\/cropped-fvat-ochranna-zona.png","width":1190,"height":357,"caption":"Festival vedy a techniky AMAVET"},"image":{"@id":"https:\/\/www.festivalvedy.sk\/wp2\/#\/schema\/logo\/image\/"}},{"@type":"Person","@id":"https:\/\/www.festivalvedy.sk\/wp2\/#\/schema\/person\/f6c2e17170a626260fe38db97ed0a1f5","name":"Redakcia","image":{"@type":"ImageObject","inLanguage":"sk-SK","@id":"https:\/\/secure.gravatar.com\/avatar\/2f7c312d560e25e8eb59b6b53cadd5dc16b39f25bac1c7d0a221dafd9c91fae9?s=96&d=mm&r=g","url":"https:\/\/secure.gravatar.com\/avatar\/2f7c312d560e25e8eb59b6b53cadd5dc16b39f25bac1c7d0a221dafd9c91fae9?s=96&d=mm&r=g","contentUrl":"https:\/\/secure.gravatar.com\/avatar\/2f7c312d560e25e8eb59b6b53cadd5dc16b39f25bac1c7d0a221dafd9c91fae9?s=96&d=mm&r=g","caption":"Redakcia"},"url":"https:\/\/www.festivalvedy.sk\/wp2\/author\/fvatadmin\/"}]}},"_links":{"self":[{"href":"https:\/\/www.festivalvedy.sk\/wp2\/wp-json\/wp\/v2\/posts\/801","targetHints":{"allow":["GET"]}}],"collection":[{"href":"https:\/\/www.festivalvedy.sk\/wp2\/wp-json\/wp\/v2\/posts"}],"about":[{"href":"https:\/\/www.festivalvedy.sk\/wp2\/wp-json\/wp\/v2\/types\/post"}],"author":[{"embeddable":true,"href":"https:\/\/www.festivalvedy.sk\/wp2\/wp-json\/wp\/v2\/users\/1"}],"replies":[{"embeddable":true,"href":"https:\/\/www.festivalvedy.sk\/wp2\/wp-json\/wp\/v2\/comments?post=801"}],"version-history":[{"count":0,"href":"https:\/\/www.festivalvedy.sk\/wp2\/wp-json\/wp\/v2\/posts\/801\/revisions"}],"wp:attachment":[{"href":"https:\/\/www.festivalvedy.sk\/wp2\/wp-json\/wp\/v2\/media?parent=801"}],"wp:term":[{"taxonomy":"category","embeddable":true,"href":"https:\/\/www.festivalvedy.sk\/wp2\/wp-json\/wp\/v2\/categories?post=801"},{"taxonomy":"post_tag","embeddable":true,"href":"https:\/\/www.festivalvedy.sk\/wp2\/wp-json\/wp\/v2\/tags?post=801"}],"curies":[{"name":"wp","href":"https:\/\/api.w.org\/{rel}","templated":true}]}}