{"id":803,"date":"2019-09-18T12:45:36","date_gmt":"2019-09-18T10:45:36","guid":{"rendered":"https:\/\/www.festivalvedy.sk\/wp2\/akumulatory\/"},"modified":"2019-09-18T12:45:36","modified_gmt":"2019-09-18T10:45:36","slug":"akumulatory","status":"publish","type":"post","link":"https:\/\/www.festivalvedy.sk\/wp2\/akumulatory\/","title":{"rendered":"Akumul\u00e1tory"},"content":{"rendered":"<p>Autor\/autori: Mat\u00fa\u0161 Hor\u0148\u00e1k, Patrik Rusn\u00e1k<\/p>\n<p>Aj ke\u010f sa bat\u00e9rie vyv\u00edjaj\u00fa a vyr\u00e1baj\u00fa z menej nebezpe\u010dn\u00fdch materi\u00e1lov ako v minulosti, st\u00e1le sa po skon\u010den\u00ed ich \u017eivota, st\u00e1vaj\u00fa nebezpe\u010dn\u00fdm elektrick\u00fdm odpadom, ktor\u00fd patr\u00ed len do \u0161peci\u00e1lnych kontajnerov. Po\u017eiadavky na ich vyu\u017eitie a mno\u017estvo neust\u00e1le rast\u00fa, chceme, aby boli miniat\u00farne, \u013eahk\u00e9, dlho vydr\u017eali, bolo lacn\u00e9 a e\u0161te ekologick\u00e9. Na\u0161im projektom sme chceli z\u00edska\u0165 odpove\u010f, \u010di a ak\u00e9 s\u00fa akumul\u00e1tory t\u00fdm, \u010do bude h\u00fdba\u0165 v bud\u00facnosti nielen celou dopravou ale aj ostatn\u00fdmi zariadeniami vyu\u017e\u00edvaj\u00facimi elektrick\u00fa energiu. Problematiku sme si zvolili ako oblas\u0165 vypl\u00fdvaj\u00facu z n\u00e1\u0161ho \u0161tudijn\u00e9ho odboru ale aj vlastn\u00e9ho z\u00e1ujmu o dopravu, v\u00fdvoj nov\u00fdch materi\u00e1lov a technol\u00f3gi\u00ed ale aj o ekol\u00f3giu \u017eivotn\u00e9ho prostredia. H\u013eadali sme odpove\u010f, na to ak\u00e9 bat\u00e9rie bud\u00fa na trhu v bud\u00facnosti, ak\u00e9 bud\u00fa ma\u0165 vlastnosti, \u010di bud\u00fa ma\u0165 v\u00e4\u010d\u0161ou kapacitu, \u010di bud\u00fa \u013eah\u0161ie nab\u00edjate\u013en\u00e9 a ako sa bud\u00fa zne\u0161kod\u0148ova\u0165, alebo, \u010di sa dokonca bud\u00fa da\u0165 recyklova\u0165.<\/p>\n","protected":false},"excerpt":{"rendered":"<p>Autor\/autori: Mat\u00fa\u0161 Hor\u0148\u00e1k, Patrik Rusn\u00e1k Aj ke\u010f sa bat\u00e9rie vyv\u00edjaj\u00fa a vyr\u00e1baj\u00fa z menej nebezpe\u010dn\u00fdch materi\u00e1lov ako v minulosti, st\u00e1le sa po skon\u010den\u00ed ich \u017eivota, st\u00e1vaj\u00fa nebezpe\u010dn\u00fdm elektrick\u00fdm odpadom, ktor\u00fd patr\u00ed len do \u0161peci\u00e1lnych kontajnerov. Po\u017eiadavky na ich vyu\u017eitie a mno\u017estvo neust\u00e1le rast\u00fa, chceme, aby boli miniat\u00farne, \u013eahk\u00e9, dlho vydr\u017eali, bolo lacn\u00e9 a e\u0161te ekologick\u00e9. [&hellip;]<\/p>\n","protected":false},"author":1,"featured_media":0,"comment_status":"open","ping_status":"open","sticky":false,"template":"","format":"standard","meta":{"om_disable_all_campaigns":false,"_monsterinsights_skip_tracking":false,"_monsterinsights_sitenote_active":false,"_monsterinsights_sitenote_note":"","_monsterinsights_sitenote_category":0,"_uf_show_specific_survey":0,"_uf_disable_surveys":false,"footnotes":""},"categories":[6,16],"tags":[8,17],"class_list":["post-803","post","type-post","status-publish","format-standard","hentry","category-6","category-environmentalne-vedy","tag-8","tag-environmentalne-vedy"],"yoast_head":"<!-- This site is optimized with the Yoast SEO plugin v27.2 - https:\/\/yoast.com\/product\/yoast-seo-wordpress\/ -->\n<title>Akumul\u00e1tory - Festival vedy a techniky AMAVET<\/title>\n<meta name=\"robots\" content=\"index, follow, max-snippet:-1, max-image-preview:large, max-video-preview:-1\" \/>\n<link rel=\"canonical\" href=\"https:\/\/www.festivalvedy.sk\/wp2\/akumulatory\/\" \/>\n<meta property=\"og:locale\" content=\"sk_SK\" \/>\n<meta property=\"og:type\" content=\"article\" \/>\n<meta property=\"og:title\" content=\"Akumul\u00e1tory - Festival vedy a techniky AMAVET\" \/>\n<meta property=\"og:description\" content=\"Autor\/autori: Mat\u00fa\u0161 Hor\u0148\u00e1k, Patrik Rusn\u00e1k Aj ke\u010f sa bat\u00e9rie vyv\u00edjaj\u00fa a vyr\u00e1baj\u00fa z menej nebezpe\u010dn\u00fdch materi\u00e1lov ako v minulosti, st\u00e1le sa po skon\u010den\u00ed ich \u017eivota, st\u00e1vaj\u00fa nebezpe\u010dn\u00fdm elektrick\u00fdm odpadom, ktor\u00fd patr\u00ed len do \u0161peci\u00e1lnych kontajnerov. Po\u017eiadavky na ich vyu\u017eitie a mno\u017estvo neust\u00e1le rast\u00fa, chceme, aby boli miniat\u00farne, \u013eahk\u00e9, dlho vydr\u017eali, bolo lacn\u00e9 a e\u0161te ekologick\u00e9. [&hellip;]\" \/>\n<meta property=\"og:url\" content=\"https:\/\/www.festivalvedy.sk\/wp2\/akumulatory\/\" \/>\n<meta property=\"og:site_name\" content=\"Festival vedy a techniky AMAVET\" \/>\n<meta property=\"article:published_time\" content=\"2019-09-18T10:45:36+00:00\" \/>\n<meta name=\"author\" content=\"Redakcia\" \/>\n<meta name=\"twitter:card\" content=\"summary_large_image\" \/>\n<meta name=\"twitter:label1\" content=\"Autor\" \/>\n\t<meta name=\"twitter:data1\" content=\"Redakcia\" \/>\n\t<meta name=\"twitter:label2\" content=\"Predpokladan\u00fd \u010das \u010d\u00edtania\" \/>\n\t<meta name=\"twitter:data2\" content=\"1 min\u00fata\" \/>\n<script type=\"application\/ld+json\" class=\"yoast-schema-graph\">{\"@context\":\"https:\/\/schema.org\",\"@graph\":[{\"@type\":\"Article\",\"@id\":\"https:\/\/www.festivalvedy.sk\/wp2\/akumulatory\/#article\",\"isPartOf\":{\"@id\":\"https:\/\/www.festivalvedy.sk\/wp2\/akumulatory\/\"},\"author\":{\"name\":\"Redakcia\",\"@id\":\"https:\/\/www.festivalvedy.sk\/wp2\/#\/schema\/person\/f6c2e17170a626260fe38db97ed0a1f5\"},\"headline\":\"Akumul\u00e1tory\",\"datePublished\":\"2019-09-18T10:45:36+00:00\",\"mainEntityOfPage\":{\"@id\":\"https:\/\/www.festivalvedy.sk\/wp2\/akumulatory\/\"},\"wordCount\":202,\"commentCount\":0,\"publisher\":{\"@id\":\"https:\/\/www.festivalvedy.sk\/wp2\/#organization\"},\"keywords\":[\"2019\",\"Environment\u00e1lne vedy\"],\"articleSection\":[\"Arch\u00edv 2018\",\"Environment\u00e1lne vedy\"],\"inLanguage\":\"sk-SK\"},{\"@type\":\"WebPage\",\"@id\":\"https:\/\/www.festivalvedy.sk\/wp2\/akumulatory\/\",\"url\":\"https:\/\/www.festivalvedy.sk\/wp2\/akumulatory\/\",\"name\":\"Akumul\u00e1tory - Festival vedy a techniky AMAVET\",\"isPartOf\":{\"@id\":\"https:\/\/www.festivalvedy.sk\/wp2\/#website\"},\"datePublished\":\"2019-09-18T10:45:36+00:00\",\"breadcrumb\":{\"@id\":\"https:\/\/www.festivalvedy.sk\/wp2\/akumulatory\/#breadcrumb\"},\"inLanguage\":\"sk-SK\",\"potentialAction\":[{\"@type\":\"ReadAction\",\"target\":[\"https:\/\/www.festivalvedy.sk\/wp2\/akumulatory\/\"]}]},{\"@type\":\"BreadcrumbList\",\"@id\":\"https:\/\/www.festivalvedy.sk\/wp2\/akumulatory\/#breadcrumb\",\"itemListElement\":[{\"@type\":\"ListItem\",\"position\":1,\"name\":\"Home\",\"item\":\"https:\/\/www.festivalvedy.sk\/wp2\/\"},{\"@type\":\"ListItem\",\"position\":2,\"name\":\"Akumul\u00e1tory\"}]},{\"@type\":\"WebSite\",\"@id\":\"https:\/\/www.festivalvedy.sk\/wp2\/#website\",\"url\":\"https:\/\/www.festivalvedy.sk\/wp2\/\",\"name\":\"Festival vedy a techniky AMAVET\",\"description\":\"AMAVET - Asoci\u00e1cia pre ml\u00e1de\u017e, vedu a techniku\",\"publisher\":{\"@id\":\"https:\/\/www.festivalvedy.sk\/wp2\/#organization\"},\"potentialAction\":[{\"@type\":\"SearchAction\",\"target\":{\"@type\":\"EntryPoint\",\"urlTemplate\":\"https:\/\/www.festivalvedy.sk\/wp2\/?s={search_term_string}\"},\"query-input\":{\"@type\":\"PropertyValueSpecification\",\"valueRequired\":true,\"valueName\":\"search_term_string\"}}],\"inLanguage\":\"sk-SK\"},{\"@type\":\"Organization\",\"@id\":\"https:\/\/www.festivalvedy.sk\/wp2\/#organization\",\"name\":\"Festival vedy a techniky AMAVET\",\"url\":\"https:\/\/www.festivalvedy.sk\/wp2\/\",\"logo\":{\"@type\":\"ImageObject\",\"inLanguage\":\"sk-SK\",\"@id\":\"https:\/\/www.festivalvedy.sk\/wp2\/#\/schema\/logo\/image\/\",\"url\":\"https:\/\/www.festivalvedy.sk\/wp2\/wp-content\/uploads\/2022\/02\/cropped-fvat-ochranna-zona.png\",\"contentUrl\":\"https:\/\/www.festivalvedy.sk\/wp2\/wp-content\/uploads\/2022\/02\/cropped-fvat-ochranna-zona.png\",\"width\":1190,\"height\":357,\"caption\":\"Festival vedy a techniky AMAVET\"},\"image\":{\"@id\":\"https:\/\/www.festivalvedy.sk\/wp2\/#\/schema\/logo\/image\/\"}},{\"@type\":\"Person\",\"@id\":\"https:\/\/www.festivalvedy.sk\/wp2\/#\/schema\/person\/f6c2e17170a626260fe38db97ed0a1f5\",\"name\":\"Redakcia\",\"image\":{\"@type\":\"ImageObject\",\"inLanguage\":\"sk-SK\",\"@id\":\"https:\/\/secure.gravatar.com\/avatar\/2f7c312d560e25e8eb59b6b53cadd5dc16b39f25bac1c7d0a221dafd9c91fae9?s=96&d=mm&r=g\",\"url\":\"https:\/\/secure.gravatar.com\/avatar\/2f7c312d560e25e8eb59b6b53cadd5dc16b39f25bac1c7d0a221dafd9c91fae9?s=96&d=mm&r=g\",\"contentUrl\":\"https:\/\/secure.gravatar.com\/avatar\/2f7c312d560e25e8eb59b6b53cadd5dc16b39f25bac1c7d0a221dafd9c91fae9?s=96&d=mm&r=g\",\"caption\":\"Redakcia\"},\"url\":\"https:\/\/www.festivalvedy.sk\/wp2\/author\/fvatadmin\/\"}]}<\/script>\n<!-- \/ Yoast SEO plugin. -->","yoast_head_json":{"title":"Akumul\u00e1tory - Festival vedy a techniky AMAVET","robots":{"index":"index","follow":"follow","max-snippet":"max-snippet:-1","max-image-preview":"max-image-preview:large","max-video-preview":"max-video-preview:-1"},"canonical":"https:\/\/www.festivalvedy.sk\/wp2\/akumulatory\/","og_locale":"sk_SK","og_type":"article","og_title":"Akumul\u00e1tory - Festival vedy a techniky AMAVET","og_description":"Autor\/autori: Mat\u00fa\u0161 Hor\u0148\u00e1k, Patrik Rusn\u00e1k Aj ke\u010f sa bat\u00e9rie vyv\u00edjaj\u00fa a vyr\u00e1baj\u00fa z menej nebezpe\u010dn\u00fdch materi\u00e1lov ako v minulosti, st\u00e1le sa po skon\u010den\u00ed ich \u017eivota, st\u00e1vaj\u00fa nebezpe\u010dn\u00fdm elektrick\u00fdm odpadom, ktor\u00fd patr\u00ed len do \u0161peci\u00e1lnych kontajnerov. Po\u017eiadavky na ich vyu\u017eitie a mno\u017estvo neust\u00e1le rast\u00fa, chceme, aby boli miniat\u00farne, \u013eahk\u00e9, dlho vydr\u017eali, bolo lacn\u00e9 a e\u0161te ekologick\u00e9. [&hellip;]","og_url":"https:\/\/www.festivalvedy.sk\/wp2\/akumulatory\/","og_site_name":"Festival vedy a techniky AMAVET","article_published_time":"2019-09-18T10:45:36+00:00","author":"Redakcia","twitter_card":"summary_large_image","twitter_misc":{"Autor":"Redakcia","Predpokladan\u00fd \u010das \u010d\u00edtania":"1 min\u00fata"},"schema":{"@context":"https:\/\/schema.org","@graph":[{"@type":"Article","@id":"https:\/\/www.festivalvedy.sk\/wp2\/akumulatory\/#article","isPartOf":{"@id":"https:\/\/www.festivalvedy.sk\/wp2\/akumulatory\/"},"author":{"name":"Redakcia","@id":"https:\/\/www.festivalvedy.sk\/wp2\/#\/schema\/person\/f6c2e17170a626260fe38db97ed0a1f5"},"headline":"Akumul\u00e1tory","datePublished":"2019-09-18T10:45:36+00:00","mainEntityOfPage":{"@id":"https:\/\/www.festivalvedy.sk\/wp2\/akumulatory\/"},"wordCount":202,"commentCount":0,"publisher":{"@id":"https:\/\/www.festivalvedy.sk\/wp2\/#organization"},"keywords":["2019","Environment\u00e1lne vedy"],"articleSection":["Arch\u00edv 2018","Environment\u00e1lne vedy"],"inLanguage":"sk-SK"},{"@type":"WebPage","@id":"https:\/\/www.festivalvedy.sk\/wp2\/akumulatory\/","url":"https:\/\/www.festivalvedy.sk\/wp2\/akumulatory\/","name":"Akumul\u00e1tory - Festival vedy a techniky AMAVET","isPartOf":{"@id":"https:\/\/www.festivalvedy.sk\/wp2\/#website"},"datePublished":"2019-09-18T10:45:36+00:00","breadcrumb":{"@id":"https:\/\/www.festivalvedy.sk\/wp2\/akumulatory\/#breadcrumb"},"inLanguage":"sk-SK","potentialAction":[{"@type":"ReadAction","target":["https:\/\/www.festivalvedy.sk\/wp2\/akumulatory\/"]}]},{"@type":"BreadcrumbList","@id":"https:\/\/www.festivalvedy.sk\/wp2\/akumulatory\/#breadcrumb","itemListElement":[{"@type":"ListItem","position":1,"name":"Home","item":"https:\/\/www.festivalvedy.sk\/wp2\/"},{"@type":"ListItem","position":2,"name":"Akumul\u00e1tory"}]},{"@type":"WebSite","@id":"https:\/\/www.festivalvedy.sk\/wp2\/#website","url":"https:\/\/www.festivalvedy.sk\/wp2\/","name":"Festival vedy a techniky AMAVET","description":"AMAVET - Asoci\u00e1cia pre ml\u00e1de\u017e, vedu a techniku","publisher":{"@id":"https:\/\/www.festivalvedy.sk\/wp2\/#organization"},"potentialAction":[{"@type":"SearchAction","target":{"@type":"EntryPoint","urlTemplate":"https:\/\/www.festivalvedy.sk\/wp2\/?s={search_term_string}"},"query-input":{"@type":"PropertyValueSpecification","valueRequired":true,"valueName":"search_term_string"}}],"inLanguage":"sk-SK"},{"@type":"Organization","@id":"https:\/\/www.festivalvedy.sk\/wp2\/#organization","name":"Festival vedy a techniky AMAVET","url":"https:\/\/www.festivalvedy.sk\/wp2\/","logo":{"@type":"ImageObject","inLanguage":"sk-SK","@id":"https:\/\/www.festivalvedy.sk\/wp2\/#\/schema\/logo\/image\/","url":"https:\/\/www.festivalvedy.sk\/wp2\/wp-content\/uploads\/2022\/02\/cropped-fvat-ochranna-zona.png","contentUrl":"https:\/\/www.festivalvedy.sk\/wp2\/wp-content\/uploads\/2022\/02\/cropped-fvat-ochranna-zona.png","width":1190,"height":357,"caption":"Festival vedy a techniky AMAVET"},"image":{"@id":"https:\/\/www.festivalvedy.sk\/wp2\/#\/schema\/logo\/image\/"}},{"@type":"Person","@id":"https:\/\/www.festivalvedy.sk\/wp2\/#\/schema\/person\/f6c2e17170a626260fe38db97ed0a1f5","name":"Redakcia","image":{"@type":"ImageObject","inLanguage":"sk-SK","@id":"https:\/\/secure.gravatar.com\/avatar\/2f7c312d560e25e8eb59b6b53cadd5dc16b39f25bac1c7d0a221dafd9c91fae9?s=96&d=mm&r=g","url":"https:\/\/secure.gravatar.com\/avatar\/2f7c312d560e25e8eb59b6b53cadd5dc16b39f25bac1c7d0a221dafd9c91fae9?s=96&d=mm&r=g","contentUrl":"https:\/\/secure.gravatar.com\/avatar\/2f7c312d560e25e8eb59b6b53cadd5dc16b39f25bac1c7d0a221dafd9c91fae9?s=96&d=mm&r=g","caption":"Redakcia"},"url":"https:\/\/www.festivalvedy.sk\/wp2\/author\/fvatadmin\/"}]}},"_links":{"self":[{"href":"https:\/\/www.festivalvedy.sk\/wp2\/wp-json\/wp\/v2\/posts\/803","targetHints":{"allow":["GET"]}}],"collection":[{"href":"https:\/\/www.festivalvedy.sk\/wp2\/wp-json\/wp\/v2\/posts"}],"about":[{"href":"https:\/\/www.festivalvedy.sk\/wp2\/wp-json\/wp\/v2\/types\/post"}],"author":[{"embeddable":true,"href":"https:\/\/www.festivalvedy.sk\/wp2\/wp-json\/wp\/v2\/users\/1"}],"replies":[{"embeddable":true,"href":"https:\/\/www.festivalvedy.sk\/wp2\/wp-json\/wp\/v2\/comments?post=803"}],"version-history":[{"count":0,"href":"https:\/\/www.festivalvedy.sk\/wp2\/wp-json\/wp\/v2\/posts\/803\/revisions"}],"wp:attachment":[{"href":"https:\/\/www.festivalvedy.sk\/wp2\/wp-json\/wp\/v2\/media?parent=803"}],"wp:term":[{"taxonomy":"category","embeddable":true,"href":"https:\/\/www.festivalvedy.sk\/wp2\/wp-json\/wp\/v2\/categories?post=803"},{"taxonomy":"post_tag","embeddable":true,"href":"https:\/\/www.festivalvedy.sk\/wp2\/wp-json\/wp\/v2\/tags?post=803"}],"curies":[{"name":"wp","href":"https:\/\/api.w.org\/{rel}","templated":true}]}}