{"id":804,"date":"2019-09-18T12:45:36","date_gmt":"2019-09-18T10:45:36","guid":{"rendered":"https:\/\/www.festivalvedy.sk\/wp2\/vplyv-svetla-na-makulu\/"},"modified":"2019-09-18T12:45:36","modified_gmt":"2019-09-18T10:45:36","slug":"vplyv-svetla-na-makulu","status":"publish","type":"post","link":"https:\/\/www.festivalvedy.sk\/wp2\/vplyv-svetla-na-makulu\/","title":{"rendered":"Vplyv svetla na makulu"},"content":{"rendered":"<p>Autor\/autori: Bruno Hubinsk\u00fd, Patrik Pavl\u00ed\u010dek<\/p>\n<p>V dne\u0161nej dobe m\u00e1me ve\u013ea r\u00f4znych druhov svetiel. Patria medzi ne napr\u00edklad LED di\u00f3dy, v\u00fdbojky, \u017eiarivky, tlejivky a \u010d\u00edm \u010falej menej pou\u017e\u00edvan\u00e9 \u017eiarovky. Tieto svietidl\u00e1 pri\u0161li za pomerne r\u00fdchly \u010das a dos\u0165 sa l\u00ed\u0161ia od p\u00f4vodn\u00fdch zdrojov svetla ako napr\u00edklad ohe\u0148 alebo slnko. A preto je skoro zrejm\u00e1 ot\u00e1zka, \u017ee \u010do na to na\u0161e telo? Ako sa vyrovn\u00e1va s touto zmenou? T\u00e1to ot\u00e1zka n\u00e1s dos\u0165 zaujala a tak sme sa rozhodli na \u0148u odpoveda\u0165. Podarilo sa n\u00e1m zohna\u0165 spektroskop aby sme mohli mera\u0165 vlnov\u00e9 d\u013a\u017eky svetla. Za\u010dali sme teda t\u00fdm, \u017ee sme namierili n\u00e1\u0161 spektroskop najprv na sveteln\u00fd l\u00fa\u010d, a potom na svie\u010dku aby sme mali nejak\u00fd z\u00e1klad pod\u013ea ktor\u00e9ho sa m\u00f4\u017eme riadi\u0165. N\u00e1\u0161mu projektu aj dopomohli \u010dl\u00e1nky, ktor\u00e9 sme na\u0161li na internete a t\u00fdkali sa vekom podmienenej degrad\u00e1cie makuly. V skratke ide o chorobu, ktorej st\u00e1le pr\u00ed\u010dina nie je zn\u00e1ma a t\u00fdka sa por\u00fach zraku. Ako jeden zo z\u00e1kladn\u00fdch \u010dinite\u013eov bolo v \u010dl\u00e1nkoch spomenut\u00e9 modr\u00e9 svetlo (alebo v\u0161eobecne vysoko-energetick\u00e9 \u017eiarenie). A tak sme sa teda pustili do merania r\u00f4znych typov svietidiel.<\/p>\n","protected":false},"excerpt":{"rendered":"<p>Autor\/autori: Bruno Hubinsk\u00fd, Patrik Pavl\u00ed\u010dek V dne\u0161nej dobe m\u00e1me ve\u013ea r\u00f4znych druhov svetiel. Patria medzi ne napr\u00edklad LED di\u00f3dy, v\u00fdbojky, \u017eiarivky, tlejivky a \u010d\u00edm \u010falej menej pou\u017e\u00edvan\u00e9 \u017eiarovky. Tieto svietidl\u00e1 pri\u0161li za pomerne r\u00fdchly \u010das a dos\u0165 sa l\u00ed\u0161ia od p\u00f4vodn\u00fdch zdrojov svetla ako napr\u00edklad ohe\u0148 alebo slnko. A preto je skoro zrejm\u00e1 ot\u00e1zka, \u017ee [&hellip;]<\/p>\n","protected":false},"author":1,"featured_media":0,"comment_status":"open","ping_status":"open","sticky":false,"template":"","format":"standard","meta":{"om_disable_all_campaigns":false,"_monsterinsights_skip_tracking":false,"_monsterinsights_sitenote_active":false,"_monsterinsights_sitenote_note":"","_monsterinsights_sitenote_category":0,"_uf_show_specific_survey":0,"_uf_disable_surveys":false,"footnotes":""},"categories":[6,14],"tags":[8,15],"class_list":["post-804","post","type-post","status-publish","format-standard","hentry","category-6","category-fyzika-a-astronomia","tag-8","tag-fyzika-a-astronomia"],"yoast_head":"<!-- This site is optimized with the Yoast SEO plugin v27.2 - https:\/\/yoast.com\/product\/yoast-seo-wordpress\/ -->\n<title>Vplyv svetla na makulu - Festival vedy a techniky AMAVET<\/title>\n<meta name=\"robots\" content=\"index, follow, max-snippet:-1, max-image-preview:large, max-video-preview:-1\" \/>\n<link rel=\"canonical\" href=\"https:\/\/www.festivalvedy.sk\/wp2\/vplyv-svetla-na-makulu\/\" \/>\n<meta property=\"og:locale\" content=\"sk_SK\" \/>\n<meta property=\"og:type\" content=\"article\" \/>\n<meta property=\"og:title\" content=\"Vplyv svetla na makulu - Festival vedy a techniky AMAVET\" \/>\n<meta property=\"og:description\" content=\"Autor\/autori: Bruno Hubinsk\u00fd, Patrik Pavl\u00ed\u010dek V dne\u0161nej dobe m\u00e1me ve\u013ea r\u00f4znych druhov svetiel. Patria medzi ne napr\u00edklad LED di\u00f3dy, v\u00fdbojky, \u017eiarivky, tlejivky a \u010d\u00edm \u010falej menej pou\u017e\u00edvan\u00e9 \u017eiarovky. Tieto svietidl\u00e1 pri\u0161li za pomerne r\u00fdchly \u010das a dos\u0165 sa l\u00ed\u0161ia od p\u00f4vodn\u00fdch zdrojov svetla ako napr\u00edklad ohe\u0148 alebo slnko. A preto je skoro zrejm\u00e1 ot\u00e1zka, \u017ee [&hellip;]\" \/>\n<meta property=\"og:url\" content=\"https:\/\/www.festivalvedy.sk\/wp2\/vplyv-svetla-na-makulu\/\" \/>\n<meta property=\"og:site_name\" content=\"Festival vedy a techniky AMAVET\" \/>\n<meta property=\"article:published_time\" content=\"2019-09-18T10:45:36+00:00\" \/>\n<meta name=\"author\" content=\"Redakcia\" \/>\n<meta name=\"twitter:card\" content=\"summary_large_image\" \/>\n<meta name=\"twitter:label1\" content=\"Autor\" \/>\n\t<meta name=\"twitter:data1\" content=\"Redakcia\" \/>\n\t<meta name=\"twitter:label2\" content=\"Predpokladan\u00fd \u010das \u010d\u00edtania\" \/>\n\t<meta name=\"twitter:data2\" content=\"1 min\u00fata\" \/>\n<script type=\"application\/ld+json\" class=\"yoast-schema-graph\">{\"@context\":\"https:\/\/schema.org\",\"@graph\":[{\"@type\":\"Article\",\"@id\":\"https:\/\/www.festivalvedy.sk\/wp2\/vplyv-svetla-na-makulu\/#article\",\"isPartOf\":{\"@id\":\"https:\/\/www.festivalvedy.sk\/wp2\/vplyv-svetla-na-makulu\/\"},\"author\":{\"name\":\"Redakcia\",\"@id\":\"https:\/\/www.festivalvedy.sk\/wp2\/#\/schema\/person\/f6c2e17170a626260fe38db97ed0a1f5\"},\"headline\":\"Vplyv svetla na makulu\",\"datePublished\":\"2019-09-18T10:45:36+00:00\",\"mainEntityOfPage\":{\"@id\":\"https:\/\/www.festivalvedy.sk\/wp2\/vplyv-svetla-na-makulu\/\"},\"wordCount\":228,\"commentCount\":0,\"publisher\":{\"@id\":\"https:\/\/www.festivalvedy.sk\/wp2\/#organization\"},\"keywords\":[\"2019\",\"Fyzika a astron\u00f3mia\"],\"articleSection\":[\"Arch\u00edv 2018\",\"Fyzika a astron\u00f3mia\"],\"inLanguage\":\"sk-SK\"},{\"@type\":\"WebPage\",\"@id\":\"https:\/\/www.festivalvedy.sk\/wp2\/vplyv-svetla-na-makulu\/\",\"url\":\"https:\/\/www.festivalvedy.sk\/wp2\/vplyv-svetla-na-makulu\/\",\"name\":\"Vplyv svetla na makulu - Festival vedy a techniky AMAVET\",\"isPartOf\":{\"@id\":\"https:\/\/www.festivalvedy.sk\/wp2\/#website\"},\"datePublished\":\"2019-09-18T10:45:36+00:00\",\"breadcrumb\":{\"@id\":\"https:\/\/www.festivalvedy.sk\/wp2\/vplyv-svetla-na-makulu\/#breadcrumb\"},\"inLanguage\":\"sk-SK\",\"potentialAction\":[{\"@type\":\"ReadAction\",\"target\":[\"https:\/\/www.festivalvedy.sk\/wp2\/vplyv-svetla-na-makulu\/\"]}]},{\"@type\":\"BreadcrumbList\",\"@id\":\"https:\/\/www.festivalvedy.sk\/wp2\/vplyv-svetla-na-makulu\/#breadcrumb\",\"itemListElement\":[{\"@type\":\"ListItem\",\"position\":1,\"name\":\"Home\",\"item\":\"https:\/\/www.festivalvedy.sk\/wp2\/\"},{\"@type\":\"ListItem\",\"position\":2,\"name\":\"Vplyv svetla na makulu\"}]},{\"@type\":\"WebSite\",\"@id\":\"https:\/\/www.festivalvedy.sk\/wp2\/#website\",\"url\":\"https:\/\/www.festivalvedy.sk\/wp2\/\",\"name\":\"Festival vedy a techniky AMAVET\",\"description\":\"AMAVET - Asoci\u00e1cia pre ml\u00e1de\u017e, vedu a techniku\",\"publisher\":{\"@id\":\"https:\/\/www.festivalvedy.sk\/wp2\/#organization\"},\"potentialAction\":[{\"@type\":\"SearchAction\",\"target\":{\"@type\":\"EntryPoint\",\"urlTemplate\":\"https:\/\/www.festivalvedy.sk\/wp2\/?s={search_term_string}\"},\"query-input\":{\"@type\":\"PropertyValueSpecification\",\"valueRequired\":true,\"valueName\":\"search_term_string\"}}],\"inLanguage\":\"sk-SK\"},{\"@type\":\"Organization\",\"@id\":\"https:\/\/www.festivalvedy.sk\/wp2\/#organization\",\"name\":\"Festival vedy a techniky AMAVET\",\"url\":\"https:\/\/www.festivalvedy.sk\/wp2\/\",\"logo\":{\"@type\":\"ImageObject\",\"inLanguage\":\"sk-SK\",\"@id\":\"https:\/\/www.festivalvedy.sk\/wp2\/#\/schema\/logo\/image\/\",\"url\":\"https:\/\/www.festivalvedy.sk\/wp2\/wp-content\/uploads\/2022\/02\/cropped-fvat-ochranna-zona.png\",\"contentUrl\":\"https:\/\/www.festivalvedy.sk\/wp2\/wp-content\/uploads\/2022\/02\/cropped-fvat-ochranna-zona.png\",\"width\":1190,\"height\":357,\"caption\":\"Festival vedy a techniky AMAVET\"},\"image\":{\"@id\":\"https:\/\/www.festivalvedy.sk\/wp2\/#\/schema\/logo\/image\/\"}},{\"@type\":\"Person\",\"@id\":\"https:\/\/www.festivalvedy.sk\/wp2\/#\/schema\/person\/f6c2e17170a626260fe38db97ed0a1f5\",\"name\":\"Redakcia\",\"image\":{\"@type\":\"ImageObject\",\"inLanguage\":\"sk-SK\",\"@id\":\"https:\/\/secure.gravatar.com\/avatar\/2f7c312d560e25e8eb59b6b53cadd5dc16b39f25bac1c7d0a221dafd9c91fae9?s=96&d=mm&r=g\",\"url\":\"https:\/\/secure.gravatar.com\/avatar\/2f7c312d560e25e8eb59b6b53cadd5dc16b39f25bac1c7d0a221dafd9c91fae9?s=96&d=mm&r=g\",\"contentUrl\":\"https:\/\/secure.gravatar.com\/avatar\/2f7c312d560e25e8eb59b6b53cadd5dc16b39f25bac1c7d0a221dafd9c91fae9?s=96&d=mm&r=g\",\"caption\":\"Redakcia\"},\"url\":\"https:\/\/www.festivalvedy.sk\/wp2\/author\/fvatadmin\/\"}]}<\/script>\n<!-- \/ Yoast SEO plugin. -->","yoast_head_json":{"title":"Vplyv svetla na makulu - Festival vedy a techniky AMAVET","robots":{"index":"index","follow":"follow","max-snippet":"max-snippet:-1","max-image-preview":"max-image-preview:large","max-video-preview":"max-video-preview:-1"},"canonical":"https:\/\/www.festivalvedy.sk\/wp2\/vplyv-svetla-na-makulu\/","og_locale":"sk_SK","og_type":"article","og_title":"Vplyv svetla na makulu - Festival vedy a techniky AMAVET","og_description":"Autor\/autori: Bruno Hubinsk\u00fd, Patrik Pavl\u00ed\u010dek V dne\u0161nej dobe m\u00e1me ve\u013ea r\u00f4znych druhov svetiel. Patria medzi ne napr\u00edklad LED di\u00f3dy, v\u00fdbojky, \u017eiarivky, tlejivky a \u010d\u00edm \u010falej menej pou\u017e\u00edvan\u00e9 \u017eiarovky. Tieto svietidl\u00e1 pri\u0161li za pomerne r\u00fdchly \u010das a dos\u0165 sa l\u00ed\u0161ia od p\u00f4vodn\u00fdch zdrojov svetla ako napr\u00edklad ohe\u0148 alebo slnko. A preto je skoro zrejm\u00e1 ot\u00e1zka, \u017ee [&hellip;]","og_url":"https:\/\/www.festivalvedy.sk\/wp2\/vplyv-svetla-na-makulu\/","og_site_name":"Festival vedy a techniky AMAVET","article_published_time":"2019-09-18T10:45:36+00:00","author":"Redakcia","twitter_card":"summary_large_image","twitter_misc":{"Autor":"Redakcia","Predpokladan\u00fd \u010das \u010d\u00edtania":"1 min\u00fata"},"schema":{"@context":"https:\/\/schema.org","@graph":[{"@type":"Article","@id":"https:\/\/www.festivalvedy.sk\/wp2\/vplyv-svetla-na-makulu\/#article","isPartOf":{"@id":"https:\/\/www.festivalvedy.sk\/wp2\/vplyv-svetla-na-makulu\/"},"author":{"name":"Redakcia","@id":"https:\/\/www.festivalvedy.sk\/wp2\/#\/schema\/person\/f6c2e17170a626260fe38db97ed0a1f5"},"headline":"Vplyv svetla na makulu","datePublished":"2019-09-18T10:45:36+00:00","mainEntityOfPage":{"@id":"https:\/\/www.festivalvedy.sk\/wp2\/vplyv-svetla-na-makulu\/"},"wordCount":228,"commentCount":0,"publisher":{"@id":"https:\/\/www.festivalvedy.sk\/wp2\/#organization"},"keywords":["2019","Fyzika a astron\u00f3mia"],"articleSection":["Arch\u00edv 2018","Fyzika a astron\u00f3mia"],"inLanguage":"sk-SK"},{"@type":"WebPage","@id":"https:\/\/www.festivalvedy.sk\/wp2\/vplyv-svetla-na-makulu\/","url":"https:\/\/www.festivalvedy.sk\/wp2\/vplyv-svetla-na-makulu\/","name":"Vplyv svetla na makulu - Festival vedy a techniky AMAVET","isPartOf":{"@id":"https:\/\/www.festivalvedy.sk\/wp2\/#website"},"datePublished":"2019-09-18T10:45:36+00:00","breadcrumb":{"@id":"https:\/\/www.festivalvedy.sk\/wp2\/vplyv-svetla-na-makulu\/#breadcrumb"},"inLanguage":"sk-SK","potentialAction":[{"@type":"ReadAction","target":["https:\/\/www.festivalvedy.sk\/wp2\/vplyv-svetla-na-makulu\/"]}]},{"@type":"BreadcrumbList","@id":"https:\/\/www.festivalvedy.sk\/wp2\/vplyv-svetla-na-makulu\/#breadcrumb","itemListElement":[{"@type":"ListItem","position":1,"name":"Home","item":"https:\/\/www.festivalvedy.sk\/wp2\/"},{"@type":"ListItem","position":2,"name":"Vplyv svetla na makulu"}]},{"@type":"WebSite","@id":"https:\/\/www.festivalvedy.sk\/wp2\/#website","url":"https:\/\/www.festivalvedy.sk\/wp2\/","name":"Festival vedy a techniky AMAVET","description":"AMAVET - Asoci\u00e1cia pre ml\u00e1de\u017e, vedu a techniku","publisher":{"@id":"https:\/\/www.festivalvedy.sk\/wp2\/#organization"},"potentialAction":[{"@type":"SearchAction","target":{"@type":"EntryPoint","urlTemplate":"https:\/\/www.festivalvedy.sk\/wp2\/?s={search_term_string}"},"query-input":{"@type":"PropertyValueSpecification","valueRequired":true,"valueName":"search_term_string"}}],"inLanguage":"sk-SK"},{"@type":"Organization","@id":"https:\/\/www.festivalvedy.sk\/wp2\/#organization","name":"Festival vedy a techniky AMAVET","url":"https:\/\/www.festivalvedy.sk\/wp2\/","logo":{"@type":"ImageObject","inLanguage":"sk-SK","@id":"https:\/\/www.festivalvedy.sk\/wp2\/#\/schema\/logo\/image\/","url":"https:\/\/www.festivalvedy.sk\/wp2\/wp-content\/uploads\/2022\/02\/cropped-fvat-ochranna-zona.png","contentUrl":"https:\/\/www.festivalvedy.sk\/wp2\/wp-content\/uploads\/2022\/02\/cropped-fvat-ochranna-zona.png","width":1190,"height":357,"caption":"Festival vedy a techniky AMAVET"},"image":{"@id":"https:\/\/www.festivalvedy.sk\/wp2\/#\/schema\/logo\/image\/"}},{"@type":"Person","@id":"https:\/\/www.festivalvedy.sk\/wp2\/#\/schema\/person\/f6c2e17170a626260fe38db97ed0a1f5","name":"Redakcia","image":{"@type":"ImageObject","inLanguage":"sk-SK","@id":"https:\/\/secure.gravatar.com\/avatar\/2f7c312d560e25e8eb59b6b53cadd5dc16b39f25bac1c7d0a221dafd9c91fae9?s=96&d=mm&r=g","url":"https:\/\/secure.gravatar.com\/avatar\/2f7c312d560e25e8eb59b6b53cadd5dc16b39f25bac1c7d0a221dafd9c91fae9?s=96&d=mm&r=g","contentUrl":"https:\/\/secure.gravatar.com\/avatar\/2f7c312d560e25e8eb59b6b53cadd5dc16b39f25bac1c7d0a221dafd9c91fae9?s=96&d=mm&r=g","caption":"Redakcia"},"url":"https:\/\/www.festivalvedy.sk\/wp2\/author\/fvatadmin\/"}]}},"_links":{"self":[{"href":"https:\/\/www.festivalvedy.sk\/wp2\/wp-json\/wp\/v2\/posts\/804","targetHints":{"allow":["GET"]}}],"collection":[{"href":"https:\/\/www.festivalvedy.sk\/wp2\/wp-json\/wp\/v2\/posts"}],"about":[{"href":"https:\/\/www.festivalvedy.sk\/wp2\/wp-json\/wp\/v2\/types\/post"}],"author":[{"embeddable":true,"href":"https:\/\/www.festivalvedy.sk\/wp2\/wp-json\/wp\/v2\/users\/1"}],"replies":[{"embeddable":true,"href":"https:\/\/www.festivalvedy.sk\/wp2\/wp-json\/wp\/v2\/comments?post=804"}],"version-history":[{"count":0,"href":"https:\/\/www.festivalvedy.sk\/wp2\/wp-json\/wp\/v2\/posts\/804\/revisions"}],"wp:attachment":[{"href":"https:\/\/www.festivalvedy.sk\/wp2\/wp-json\/wp\/v2\/media?parent=804"}],"wp:term":[{"taxonomy":"category","embeddable":true,"href":"https:\/\/www.festivalvedy.sk\/wp2\/wp-json\/wp\/v2\/categories?post=804"},{"taxonomy":"post_tag","embeddable":true,"href":"https:\/\/www.festivalvedy.sk\/wp2\/wp-json\/wp\/v2\/tags?post=804"}],"curies":[{"name":"wp","href":"https:\/\/api.w.org\/{rel}","templated":true}]}}