{"id":812,"date":"2019-09-18T12:45:36","date_gmt":"2019-09-18T10:45:36","guid":{"rendered":"https:\/\/www.festivalvedy.sk\/wp2\/elektronicky-stabilizacny-system\/"},"modified":"2019-09-18T12:45:36","modified_gmt":"2019-09-18T10:45:36","slug":"elektronicky-stabilizacny-system","status":"publish","type":"post","link":"https:\/\/www.festivalvedy.sk\/wp2\/elektronicky-stabilizacny-system\/","title":{"rendered":"Elektronick\u00fd stabiliza\u010dn\u00fd syst\u00e9m"},"content":{"rendered":"<p>Autor\/autori: Martin Kot\u00edk, R\u00f3bert Bukovick\u00fd<\/p>\n<p>ESP \u2013 Syst\u00e9m elektronickej stabiliz\u00e1cie podvozku<br \/>\nElektronick\u00fd stabiliza\u010dn\u00fd syst\u00e9m alebo ESP  je elektronick\u00fd stabiliza\u010dn\u00fd syst\u00e9m s \u00fa\u010delom zv\u00fd\u0161i\u0165 bezpe\u010dnos\u0165 jazdy v osobnom automobile. Sklad\u00e1 sa z dvoch subsyst\u00e9mov: ABS a ASR<br \/>\nSyst\u00e9m elektronickej stabiliz\u00e1cie podvozku, vo v\u00e4t\u0161ine vozidiel naz\u00fdvan\u00e9 ESP pozn\u00e1me u\u017e nieko\u013eko rokov. Je to asi najlep\u0161\u00ed elektronick\u00fd syst\u00e9m, ktor\u00fd vo vozidle m\u00f4\u017eete ma\u0165! Pom\u00e1ha vodi\u010dom pri udr\u017ean\u00ed kontroly nad vozidlom a zamedzuje kol\u00edziam po\u010das v\u00fdnimo\u010dn\u00fdch dopravn\u00fdch man\u00e9vrov. Kr\u00edzov\u00e9 situ\u00e1cie, ak\u00fdmi s\u00fa prudka zmena smeru jazdy alebo n\u00e1hle brzdenie, s\u00fa v\u010faka ESP technol\u00f3gii vodi\u010dom lep\u0161ie zvl\u00e1dnut\u00e9. ESP je vlastne roz\u0161\u00edren\u00e1 verzia ABS technol\u00f3gie, ktor\u00e1 obsahuje senzory r\u00fdchlosti a umo\u017e\u0148uje nez\u00e1visl\u00e9 brzdenie ka\u017ed\u00e9ho z kolies. Okrem toho m\u00e1 senzory, ktor\u00e9 zaznamenavaj\u00fa, ak vozidlo smeruje in\u00fdm smerom, ako vodi\u010d zam\u00fd\u0161\u013eal (uhol nato\u010denia volana). Pou\u017eit\u00edm b\u0155zd na jedno alebo viacer\u00fdch koles\u00e1ch sa sna\u017e\u00ed dosta\u0165 vozidlo op\u00e4\u0165 pod kontrolu vodi\u010da.<br \/>\nESP sa aktivuje automaticky, ako n\u00e1hle zariaddenie rozpozn\u00e1 zmenu, ktor\u00e1 by mohla vies\u0165 ku kol\u00edzii a m\u00f4\u017eeme len zd\u00f4razni\u0165, \u017ee esp je schopn\u00fd reagova\u0165 a\u017e 140x za sekundu, teda pri r\u00fdchlosti 100km\/h dok\u00e1\u017ee pom\u00e1ha\u0165 vodi\u010dovi ka\u017ed\u00fdch cca 20cm jazdy. Dobre odd\u00fdchnut\u00fd vodi\u010d m\u00e1 za volantom reak\u010dn\u00fd \u010das okolo 1 sekundy, \u010do pri r\u00fdchlosti 100km\/h znamen\u00e1 mo\u017en\u00fa reakciu ka\u017ed\u00fdch 29 metrov. Samozrejme, t\u00e1to technol\u00f3gia nie je v\u0161emoh\u00faca a vodi\u010d by mal prisp\u00f4sobi\u0165 r\u00fdchlos\u0165 okolit\u00fdm podmienkam. Plat\u00ed to najm\u00e4 na mokrej vozovke, kedy je schopnos\u0165 kolies zn\u00ed\u017ei\u0165 r\u00fdchlos\u0165 obmedzen\u00e1. Efekt\u00edvnos\u0165 ESP je zni\u017eovan\u00e1 ne\u017eiaducim stavom pneumatik, preto\u017ee z\u00e1visi na tren\u00ed medzi kolesami a vozovkou. Pou\u017eitie ESP nevy\u017eaduje \u017eiadne \u0161peci\u00e1lne znalosti a zru\u010dnosti vodi\u010da pri veden\u00ed vozidla.<\/p>\n","protected":false},"excerpt":{"rendered":"<p>Autor\/autori: Martin Kot\u00edk, R\u00f3bert Bukovick\u00fd ESP \u2013 Syst\u00e9m elektronickej stabiliz\u00e1cie podvozku Elektronick\u00fd stabiliza\u010dn\u00fd syst\u00e9m alebo ESP je elektronick\u00fd stabiliza\u010dn\u00fd syst\u00e9m s \u00fa\u010delom zv\u00fd\u0161i\u0165 bezpe\u010dnos\u0165 jazdy v osobnom automobile. Sklad\u00e1 sa z dvoch subsyst\u00e9mov: ABS a ASR Syst\u00e9m elektronickej stabiliz\u00e1cie podvozku, vo v\u00e4t\u0161ine vozidiel naz\u00fdvan\u00e9 ESP pozn\u00e1me u\u017e nieko\u013eko rokov. Je to asi najlep\u0161\u00ed elektronick\u00fd syst\u00e9m, [&hellip;]<\/p>\n","protected":false},"author":1,"featured_media":0,"comment_status":"open","ping_status":"open","sticky":false,"template":"","format":"standard","meta":{"om_disable_all_campaigns":false,"_monsterinsights_skip_tracking":false,"_monsterinsights_sitenote_active":false,"_monsterinsights_sitenote_note":"","_monsterinsights_sitenote_category":0,"_uf_show_specific_survey":0,"_uf_disable_surveys":false,"footnotes":""},"categories":[6,20],"tags":[8,21],"class_list":["post-812","post","type-post","status-publish","format-standard","hentry","category-6","category-elektrina-a-mechanika","tag-8","tag-elektrina-a-mechanika"],"yoast_head":"<!-- This site is optimized with the Yoast SEO plugin v27.2 - https:\/\/yoast.com\/product\/yoast-seo-wordpress\/ -->\n<title>Elektronick\u00fd stabiliza\u010dn\u00fd syst\u00e9m - Festival vedy a techniky AMAVET<\/title>\n<meta name=\"robots\" content=\"index, follow, max-snippet:-1, max-image-preview:large, max-video-preview:-1\" \/>\n<link rel=\"canonical\" href=\"https:\/\/www.festivalvedy.sk\/wp2\/elektronicky-stabilizacny-system\/\" \/>\n<meta property=\"og:locale\" content=\"sk_SK\" \/>\n<meta property=\"og:type\" content=\"article\" \/>\n<meta property=\"og:title\" content=\"Elektronick\u00fd stabiliza\u010dn\u00fd syst\u00e9m - Festival vedy a techniky AMAVET\" \/>\n<meta property=\"og:description\" content=\"Autor\/autori: Martin Kot\u00edk, R\u00f3bert Bukovick\u00fd ESP \u2013 Syst\u00e9m elektronickej stabiliz\u00e1cie podvozku Elektronick\u00fd stabiliza\u010dn\u00fd syst\u00e9m alebo ESP je elektronick\u00fd stabiliza\u010dn\u00fd syst\u00e9m s \u00fa\u010delom zv\u00fd\u0161i\u0165 bezpe\u010dnos\u0165 jazdy v osobnom automobile. Sklad\u00e1 sa z dvoch subsyst\u00e9mov: ABS a ASR Syst\u00e9m elektronickej stabiliz\u00e1cie podvozku, vo v\u00e4t\u0161ine vozidiel naz\u00fdvan\u00e9 ESP pozn\u00e1me u\u017e nieko\u013eko rokov. Je to asi najlep\u0161\u00ed elektronick\u00fd syst\u00e9m, [&hellip;]\" \/>\n<meta property=\"og:url\" content=\"https:\/\/www.festivalvedy.sk\/wp2\/elektronicky-stabilizacny-system\/\" \/>\n<meta property=\"og:site_name\" content=\"Festival vedy a techniky AMAVET\" \/>\n<meta property=\"article:published_time\" content=\"2019-09-18T10:45:36+00:00\" \/>\n<meta name=\"author\" content=\"Redakcia\" \/>\n<meta name=\"twitter:card\" content=\"summary_large_image\" \/>\n<meta name=\"twitter:label1\" content=\"Autor\" \/>\n\t<meta name=\"twitter:data1\" content=\"Redakcia\" \/>\n\t<meta name=\"twitter:label2\" content=\"Predpokladan\u00fd \u010das \u010d\u00edtania\" \/>\n\t<meta name=\"twitter:data2\" content=\"2 min\u00faty\" \/>\n<script type=\"application\/ld+json\" class=\"yoast-schema-graph\">{\"@context\":\"https:\/\/schema.org\",\"@graph\":[{\"@type\":\"Article\",\"@id\":\"https:\/\/www.festivalvedy.sk\/wp2\/elektronicky-stabilizacny-system\/#article\",\"isPartOf\":{\"@id\":\"https:\/\/www.festivalvedy.sk\/wp2\/elektronicky-stabilizacny-system\/\"},\"author\":{\"name\":\"Redakcia\",\"@id\":\"https:\/\/www.festivalvedy.sk\/wp2\/#\/schema\/person\/f6c2e17170a626260fe38db97ed0a1f5\"},\"headline\":\"Elektronick\u00fd stabiliza\u010dn\u00fd syst\u00e9m\",\"datePublished\":\"2019-09-18T10:45:36+00:00\",\"mainEntityOfPage\":{\"@id\":\"https:\/\/www.festivalvedy.sk\/wp2\/elektronicky-stabilizacny-system\/\"},\"wordCount\":351,\"commentCount\":0,\"publisher\":{\"@id\":\"https:\/\/www.festivalvedy.sk\/wp2\/#organization\"},\"keywords\":[\"2019\",\"Elektrina a mechanika\"],\"articleSection\":[\"Arch\u00edv 2018\",\"Elektrina a mechanika\"],\"inLanguage\":\"sk-SK\"},{\"@type\":\"WebPage\",\"@id\":\"https:\/\/www.festivalvedy.sk\/wp2\/elektronicky-stabilizacny-system\/\",\"url\":\"https:\/\/www.festivalvedy.sk\/wp2\/elektronicky-stabilizacny-system\/\",\"name\":\"Elektronick\u00fd stabiliza\u010dn\u00fd syst\u00e9m - Festival vedy a techniky AMAVET\",\"isPartOf\":{\"@id\":\"https:\/\/www.festivalvedy.sk\/wp2\/#website\"},\"datePublished\":\"2019-09-18T10:45:36+00:00\",\"breadcrumb\":{\"@id\":\"https:\/\/www.festivalvedy.sk\/wp2\/elektronicky-stabilizacny-system\/#breadcrumb\"},\"inLanguage\":\"sk-SK\",\"potentialAction\":[{\"@type\":\"ReadAction\",\"target\":[\"https:\/\/www.festivalvedy.sk\/wp2\/elektronicky-stabilizacny-system\/\"]}]},{\"@type\":\"BreadcrumbList\",\"@id\":\"https:\/\/www.festivalvedy.sk\/wp2\/elektronicky-stabilizacny-system\/#breadcrumb\",\"itemListElement\":[{\"@type\":\"ListItem\",\"position\":1,\"name\":\"Home\",\"item\":\"https:\/\/www.festivalvedy.sk\/wp2\/\"},{\"@type\":\"ListItem\",\"position\":2,\"name\":\"Elektronick\u00fd stabiliza\u010dn\u00fd syst\u00e9m\"}]},{\"@type\":\"WebSite\",\"@id\":\"https:\/\/www.festivalvedy.sk\/wp2\/#website\",\"url\":\"https:\/\/www.festivalvedy.sk\/wp2\/\",\"name\":\"Festival vedy a techniky AMAVET\",\"description\":\"AMAVET - Asoci\u00e1cia pre ml\u00e1de\u017e, vedu a techniku\",\"publisher\":{\"@id\":\"https:\/\/www.festivalvedy.sk\/wp2\/#organization\"},\"potentialAction\":[{\"@type\":\"SearchAction\",\"target\":{\"@type\":\"EntryPoint\",\"urlTemplate\":\"https:\/\/www.festivalvedy.sk\/wp2\/?s={search_term_string}\"},\"query-input\":{\"@type\":\"PropertyValueSpecification\",\"valueRequired\":true,\"valueName\":\"search_term_string\"}}],\"inLanguage\":\"sk-SK\"},{\"@type\":\"Organization\",\"@id\":\"https:\/\/www.festivalvedy.sk\/wp2\/#organization\",\"name\":\"Festival vedy a techniky AMAVET\",\"url\":\"https:\/\/www.festivalvedy.sk\/wp2\/\",\"logo\":{\"@type\":\"ImageObject\",\"inLanguage\":\"sk-SK\",\"@id\":\"https:\/\/www.festivalvedy.sk\/wp2\/#\/schema\/logo\/image\/\",\"url\":\"https:\/\/www.festivalvedy.sk\/wp2\/wp-content\/uploads\/2022\/02\/cropped-fvat-ochranna-zona.png\",\"contentUrl\":\"https:\/\/www.festivalvedy.sk\/wp2\/wp-content\/uploads\/2022\/02\/cropped-fvat-ochranna-zona.png\",\"width\":1190,\"height\":357,\"caption\":\"Festival vedy a techniky AMAVET\"},\"image\":{\"@id\":\"https:\/\/www.festivalvedy.sk\/wp2\/#\/schema\/logo\/image\/\"}},{\"@type\":\"Person\",\"@id\":\"https:\/\/www.festivalvedy.sk\/wp2\/#\/schema\/person\/f6c2e17170a626260fe38db97ed0a1f5\",\"name\":\"Redakcia\",\"image\":{\"@type\":\"ImageObject\",\"inLanguage\":\"sk-SK\",\"@id\":\"https:\/\/secure.gravatar.com\/avatar\/2f7c312d560e25e8eb59b6b53cadd5dc16b39f25bac1c7d0a221dafd9c91fae9?s=96&d=mm&r=g\",\"url\":\"https:\/\/secure.gravatar.com\/avatar\/2f7c312d560e25e8eb59b6b53cadd5dc16b39f25bac1c7d0a221dafd9c91fae9?s=96&d=mm&r=g\",\"contentUrl\":\"https:\/\/secure.gravatar.com\/avatar\/2f7c312d560e25e8eb59b6b53cadd5dc16b39f25bac1c7d0a221dafd9c91fae9?s=96&d=mm&r=g\",\"caption\":\"Redakcia\"},\"url\":\"https:\/\/www.festivalvedy.sk\/wp2\/author\/fvatadmin\/\"}]}<\/script>\n<!-- \/ Yoast SEO plugin. -->","yoast_head_json":{"title":"Elektronick\u00fd stabiliza\u010dn\u00fd syst\u00e9m - Festival vedy a techniky AMAVET","robots":{"index":"index","follow":"follow","max-snippet":"max-snippet:-1","max-image-preview":"max-image-preview:large","max-video-preview":"max-video-preview:-1"},"canonical":"https:\/\/www.festivalvedy.sk\/wp2\/elektronicky-stabilizacny-system\/","og_locale":"sk_SK","og_type":"article","og_title":"Elektronick\u00fd stabiliza\u010dn\u00fd syst\u00e9m - Festival vedy a techniky AMAVET","og_description":"Autor\/autori: Martin Kot\u00edk, R\u00f3bert Bukovick\u00fd ESP \u2013 Syst\u00e9m elektronickej stabiliz\u00e1cie podvozku Elektronick\u00fd stabiliza\u010dn\u00fd syst\u00e9m alebo ESP je elektronick\u00fd stabiliza\u010dn\u00fd syst\u00e9m s \u00fa\u010delom zv\u00fd\u0161i\u0165 bezpe\u010dnos\u0165 jazdy v osobnom automobile. Sklad\u00e1 sa z dvoch subsyst\u00e9mov: ABS a ASR Syst\u00e9m elektronickej stabiliz\u00e1cie podvozku, vo v\u00e4t\u0161ine vozidiel naz\u00fdvan\u00e9 ESP pozn\u00e1me u\u017e nieko\u013eko rokov. Je to asi najlep\u0161\u00ed elektronick\u00fd syst\u00e9m, [&hellip;]","og_url":"https:\/\/www.festivalvedy.sk\/wp2\/elektronicky-stabilizacny-system\/","og_site_name":"Festival vedy a techniky AMAVET","article_published_time":"2019-09-18T10:45:36+00:00","author":"Redakcia","twitter_card":"summary_large_image","twitter_misc":{"Autor":"Redakcia","Predpokladan\u00fd \u010das \u010d\u00edtania":"2 min\u00faty"},"schema":{"@context":"https:\/\/schema.org","@graph":[{"@type":"Article","@id":"https:\/\/www.festivalvedy.sk\/wp2\/elektronicky-stabilizacny-system\/#article","isPartOf":{"@id":"https:\/\/www.festivalvedy.sk\/wp2\/elektronicky-stabilizacny-system\/"},"author":{"name":"Redakcia","@id":"https:\/\/www.festivalvedy.sk\/wp2\/#\/schema\/person\/f6c2e17170a626260fe38db97ed0a1f5"},"headline":"Elektronick\u00fd stabiliza\u010dn\u00fd syst\u00e9m","datePublished":"2019-09-18T10:45:36+00:00","mainEntityOfPage":{"@id":"https:\/\/www.festivalvedy.sk\/wp2\/elektronicky-stabilizacny-system\/"},"wordCount":351,"commentCount":0,"publisher":{"@id":"https:\/\/www.festivalvedy.sk\/wp2\/#organization"},"keywords":["2019","Elektrina a mechanika"],"articleSection":["Arch\u00edv 2018","Elektrina a mechanika"],"inLanguage":"sk-SK"},{"@type":"WebPage","@id":"https:\/\/www.festivalvedy.sk\/wp2\/elektronicky-stabilizacny-system\/","url":"https:\/\/www.festivalvedy.sk\/wp2\/elektronicky-stabilizacny-system\/","name":"Elektronick\u00fd stabiliza\u010dn\u00fd syst\u00e9m - Festival vedy a techniky AMAVET","isPartOf":{"@id":"https:\/\/www.festivalvedy.sk\/wp2\/#website"},"datePublished":"2019-09-18T10:45:36+00:00","breadcrumb":{"@id":"https:\/\/www.festivalvedy.sk\/wp2\/elektronicky-stabilizacny-system\/#breadcrumb"},"inLanguage":"sk-SK","potentialAction":[{"@type":"ReadAction","target":["https:\/\/www.festivalvedy.sk\/wp2\/elektronicky-stabilizacny-system\/"]}]},{"@type":"BreadcrumbList","@id":"https:\/\/www.festivalvedy.sk\/wp2\/elektronicky-stabilizacny-system\/#breadcrumb","itemListElement":[{"@type":"ListItem","position":1,"name":"Home","item":"https:\/\/www.festivalvedy.sk\/wp2\/"},{"@type":"ListItem","position":2,"name":"Elektronick\u00fd stabiliza\u010dn\u00fd syst\u00e9m"}]},{"@type":"WebSite","@id":"https:\/\/www.festivalvedy.sk\/wp2\/#website","url":"https:\/\/www.festivalvedy.sk\/wp2\/","name":"Festival vedy a techniky AMAVET","description":"AMAVET - Asoci\u00e1cia pre ml\u00e1de\u017e, vedu a techniku","publisher":{"@id":"https:\/\/www.festivalvedy.sk\/wp2\/#organization"},"potentialAction":[{"@type":"SearchAction","target":{"@type":"EntryPoint","urlTemplate":"https:\/\/www.festivalvedy.sk\/wp2\/?s={search_term_string}"},"query-input":{"@type":"PropertyValueSpecification","valueRequired":true,"valueName":"search_term_string"}}],"inLanguage":"sk-SK"},{"@type":"Organization","@id":"https:\/\/www.festivalvedy.sk\/wp2\/#organization","name":"Festival vedy a techniky AMAVET","url":"https:\/\/www.festivalvedy.sk\/wp2\/","logo":{"@type":"ImageObject","inLanguage":"sk-SK","@id":"https:\/\/www.festivalvedy.sk\/wp2\/#\/schema\/logo\/image\/","url":"https:\/\/www.festivalvedy.sk\/wp2\/wp-content\/uploads\/2022\/02\/cropped-fvat-ochranna-zona.png","contentUrl":"https:\/\/www.festivalvedy.sk\/wp2\/wp-content\/uploads\/2022\/02\/cropped-fvat-ochranna-zona.png","width":1190,"height":357,"caption":"Festival vedy a techniky AMAVET"},"image":{"@id":"https:\/\/www.festivalvedy.sk\/wp2\/#\/schema\/logo\/image\/"}},{"@type":"Person","@id":"https:\/\/www.festivalvedy.sk\/wp2\/#\/schema\/person\/f6c2e17170a626260fe38db97ed0a1f5","name":"Redakcia","image":{"@type":"ImageObject","inLanguage":"sk-SK","@id":"https:\/\/secure.gravatar.com\/avatar\/2f7c312d560e25e8eb59b6b53cadd5dc16b39f25bac1c7d0a221dafd9c91fae9?s=96&d=mm&r=g","url":"https:\/\/secure.gravatar.com\/avatar\/2f7c312d560e25e8eb59b6b53cadd5dc16b39f25bac1c7d0a221dafd9c91fae9?s=96&d=mm&r=g","contentUrl":"https:\/\/secure.gravatar.com\/avatar\/2f7c312d560e25e8eb59b6b53cadd5dc16b39f25bac1c7d0a221dafd9c91fae9?s=96&d=mm&r=g","caption":"Redakcia"},"url":"https:\/\/www.festivalvedy.sk\/wp2\/author\/fvatadmin\/"}]}},"_links":{"self":[{"href":"https:\/\/www.festivalvedy.sk\/wp2\/wp-json\/wp\/v2\/posts\/812","targetHints":{"allow":["GET"]}}],"collection":[{"href":"https:\/\/www.festivalvedy.sk\/wp2\/wp-json\/wp\/v2\/posts"}],"about":[{"href":"https:\/\/www.festivalvedy.sk\/wp2\/wp-json\/wp\/v2\/types\/post"}],"author":[{"embeddable":true,"href":"https:\/\/www.festivalvedy.sk\/wp2\/wp-json\/wp\/v2\/users\/1"}],"replies":[{"embeddable":true,"href":"https:\/\/www.festivalvedy.sk\/wp2\/wp-json\/wp\/v2\/comments?post=812"}],"version-history":[{"count":0,"href":"https:\/\/www.festivalvedy.sk\/wp2\/wp-json\/wp\/v2\/posts\/812\/revisions"}],"wp:attachment":[{"href":"https:\/\/www.festivalvedy.sk\/wp2\/wp-json\/wp\/v2\/media?parent=812"}],"wp:term":[{"taxonomy":"category","embeddable":true,"href":"https:\/\/www.festivalvedy.sk\/wp2\/wp-json\/wp\/v2\/categories?post=812"},{"taxonomy":"post_tag","embeddable":true,"href":"https:\/\/www.festivalvedy.sk\/wp2\/wp-json\/wp\/v2\/tags?post=812"}],"curies":[{"name":"wp","href":"https:\/\/api.w.org\/{rel}","templated":true}]}}