{"id":813,"date":"2019-09-18T12:45:36","date_gmt":"2019-09-18T10:45:36","guid":{"rendered":"https:\/\/www.festivalvedy.sk\/wp2\/home-control\/"},"modified":"2019-09-18T12:45:36","modified_gmt":"2019-09-18T10:45:36","slug":"home-control","status":"publish","type":"post","link":"https:\/\/www.festivalvedy.sk\/wp2\/home-control\/","title":{"rendered":"Home Control"},"content":{"rendered":"<p>Autor\/autori: Juraj \u0160ari\u0161sk\u00fd, Roland Szlafkai<\/p>\n<p>V ka\u017edej dom\u00e1cnosti m\u00e1me st\u00e1le viac a viac elektrick\u00fdch spotrebi\u010dov. Zvykli sme si u\u017e na ur\u010dit\u00e9 pohodlie a tieto elektrick\u00e9 spotrebi\u010de n\u00e1m spr\u00edjem\u0148uj\u00fa a u\u013eah\u010duj\u00fa \u017eivot v dom\u00e1cnosti. Rozhodli sme sa vyrobi\u0165 zariadenie s n\u00e1zvom Home Control, ktor\u00fdm budeme prip\u00e1ja\u0165  a odp\u00e1ja\u0165 elektrick\u00e9 spotrebi\u010de od elektrickej energie v \u010dase, ke\u010f ak ich nepou\u017e\u00edvame tak, aby sa nenach\u00e1dzali v \u201cStandBy\u201d re\u017eime. Skon\u0161truovali sme zariadenie &#8211; riaden\u00e9 doskou Arduino ve\u013emi jednoduch\u00e9 na obsluhu, ktor\u00fdm m\u00f4\u017eeme vyp\u00edna\u0165 resp. zap\u00edna\u0165  elektrick\u00e9 spotrebi\u010de pripojene na z\u00e1suvku. Ovl\u00e1danie, vyp\u00ednanie z\u00e1suviek sa m\u00f4\u017ee realizova\u0165 dia\u013ekovo cez telef\u00f3n, tablet, po\u010d\u00edta\u010d. Home Control bol navrhnut\u00fd tak, aby hne\u010f po prepojen\u00ed s routerom a zapojen\u00ed do elektrickej z\u00e1suvky automaticky vytvoril str\u00e1nku v dom\u00e1cej sieti na ur\u010denej IP adrese, kde je mo\u017en\u00e9 zap\u00edna\u0165 a vyp\u00edna\u0165 z\u00e1suvky, elektrick\u00e9 zariadenia. Stavba zariadenia t\u00fdm, \u017ee je to prototyp, vych\u00e1dza na cca 100 eur. Ak by sa to vyr\u00e1balo s\u00e9riovo, n\u00e1klady na v\u00fdrobu by boli ni\u017e\u0161ie. Cel\u00e9 zariadenie vieme roz\u0161\u00edri\u0165 o r\u00f4zne in\u00e9 moduly, a tak isto ho aj namontova\u0165 napr\u00edklad ako inteligentn\u00fa dom\u00e1cnos\u0165.<\/p>\n","protected":false},"excerpt":{"rendered":"<p>Autor\/autori: Juraj \u0160ari\u0161sk\u00fd, Roland Szlafkai V ka\u017edej dom\u00e1cnosti m\u00e1me st\u00e1le viac a viac elektrick\u00fdch spotrebi\u010dov. Zvykli sme si u\u017e na ur\u010dit\u00e9 pohodlie a tieto elektrick\u00e9 spotrebi\u010de n\u00e1m spr\u00edjem\u0148uj\u00fa a u\u013eah\u010duj\u00fa \u017eivot v dom\u00e1cnosti. Rozhodli sme sa vyrobi\u0165 zariadenie s n\u00e1zvom Home Control, ktor\u00fdm budeme prip\u00e1ja\u0165 a odp\u00e1ja\u0165 elektrick\u00e9 spotrebi\u010de od elektrickej energie v \u010dase, ke\u010f [&hellip;]<\/p>\n","protected":false},"author":1,"featured_media":0,"comment_status":"open","ping_status":"open","sticky":false,"template":"","format":"standard","meta":{"om_disable_all_campaigns":false,"_monsterinsights_skip_tracking":false,"_monsterinsights_sitenote_active":false,"_monsterinsights_sitenote_note":"","_monsterinsights_sitenote_category":0,"_uf_show_specific_survey":0,"_uf_disable_surveys":false,"footnotes":""},"categories":[6,20],"tags":[8,21],"class_list":["post-813","post","type-post","status-publish","format-standard","hentry","category-6","category-elektrina-a-mechanika","tag-8","tag-elektrina-a-mechanika"],"yoast_head":"<!-- This site is optimized with the Yoast SEO plugin v27.2 - https:\/\/yoast.com\/product\/yoast-seo-wordpress\/ -->\n<title>Home Control - Festival vedy a techniky AMAVET<\/title>\n<meta name=\"robots\" content=\"index, follow, max-snippet:-1, max-image-preview:large, max-video-preview:-1\" \/>\n<link rel=\"canonical\" href=\"https:\/\/www.festivalvedy.sk\/wp2\/home-control\/\" \/>\n<meta property=\"og:locale\" content=\"sk_SK\" \/>\n<meta property=\"og:type\" content=\"article\" \/>\n<meta property=\"og:title\" content=\"Home Control - Festival vedy a techniky AMAVET\" \/>\n<meta property=\"og:description\" content=\"Autor\/autori: Juraj \u0160ari\u0161sk\u00fd, Roland Szlafkai V ka\u017edej dom\u00e1cnosti m\u00e1me st\u00e1le viac a viac elektrick\u00fdch spotrebi\u010dov. Zvykli sme si u\u017e na ur\u010dit\u00e9 pohodlie a tieto elektrick\u00e9 spotrebi\u010de n\u00e1m spr\u00edjem\u0148uj\u00fa a u\u013eah\u010duj\u00fa \u017eivot v dom\u00e1cnosti. Rozhodli sme sa vyrobi\u0165 zariadenie s n\u00e1zvom Home Control, ktor\u00fdm budeme prip\u00e1ja\u0165 a odp\u00e1ja\u0165 elektrick\u00e9 spotrebi\u010de od elektrickej energie v \u010dase, ke\u010f [&hellip;]\" \/>\n<meta property=\"og:url\" content=\"https:\/\/www.festivalvedy.sk\/wp2\/home-control\/\" \/>\n<meta property=\"og:site_name\" content=\"Festival vedy a techniky AMAVET\" \/>\n<meta property=\"article:published_time\" content=\"2019-09-18T10:45:36+00:00\" \/>\n<meta name=\"author\" content=\"Redakcia\" \/>\n<meta name=\"twitter:card\" content=\"summary_large_image\" \/>\n<meta name=\"twitter:label1\" content=\"Autor\" \/>\n\t<meta name=\"twitter:data1\" content=\"Redakcia\" \/>\n\t<meta name=\"twitter:label2\" content=\"Predpokladan\u00fd \u010das \u010d\u00edtania\" \/>\n\t<meta name=\"twitter:data2\" content=\"1 min\u00fata\" \/>\n<script type=\"application\/ld+json\" class=\"yoast-schema-graph\">{\"@context\":\"https:\/\/schema.org\",\"@graph\":[{\"@type\":\"Article\",\"@id\":\"https:\/\/www.festivalvedy.sk\/wp2\/home-control\/#article\",\"isPartOf\":{\"@id\":\"https:\/\/www.festivalvedy.sk\/wp2\/home-control\/\"},\"author\":{\"name\":\"Redakcia\",\"@id\":\"https:\/\/www.festivalvedy.sk\/wp2\/#\/schema\/person\/f6c2e17170a626260fe38db97ed0a1f5\"},\"headline\":\"Home Control\",\"datePublished\":\"2019-09-18T10:45:36+00:00\",\"mainEntityOfPage\":{\"@id\":\"https:\/\/www.festivalvedy.sk\/wp2\/home-control\/\"},\"wordCount\":233,\"commentCount\":0,\"publisher\":{\"@id\":\"https:\/\/www.festivalvedy.sk\/wp2\/#organization\"},\"keywords\":[\"2019\",\"Elektrina a mechanika\"],\"articleSection\":[\"Arch\u00edv 2018\",\"Elektrina a mechanika\"],\"inLanguage\":\"sk-SK\"},{\"@type\":\"WebPage\",\"@id\":\"https:\/\/www.festivalvedy.sk\/wp2\/home-control\/\",\"url\":\"https:\/\/www.festivalvedy.sk\/wp2\/home-control\/\",\"name\":\"Home Control - Festival vedy a techniky AMAVET\",\"isPartOf\":{\"@id\":\"https:\/\/www.festivalvedy.sk\/wp2\/#website\"},\"datePublished\":\"2019-09-18T10:45:36+00:00\",\"breadcrumb\":{\"@id\":\"https:\/\/www.festivalvedy.sk\/wp2\/home-control\/#breadcrumb\"},\"inLanguage\":\"sk-SK\",\"potentialAction\":[{\"@type\":\"ReadAction\",\"target\":[\"https:\/\/www.festivalvedy.sk\/wp2\/home-control\/\"]}]},{\"@type\":\"BreadcrumbList\",\"@id\":\"https:\/\/www.festivalvedy.sk\/wp2\/home-control\/#breadcrumb\",\"itemListElement\":[{\"@type\":\"ListItem\",\"position\":1,\"name\":\"Home\",\"item\":\"https:\/\/www.festivalvedy.sk\/wp2\/\"},{\"@type\":\"ListItem\",\"position\":2,\"name\":\"Home Control\"}]},{\"@type\":\"WebSite\",\"@id\":\"https:\/\/www.festivalvedy.sk\/wp2\/#website\",\"url\":\"https:\/\/www.festivalvedy.sk\/wp2\/\",\"name\":\"Festival vedy a techniky AMAVET\",\"description\":\"AMAVET - Asoci\u00e1cia pre ml\u00e1de\u017e, vedu a techniku\",\"publisher\":{\"@id\":\"https:\/\/www.festivalvedy.sk\/wp2\/#organization\"},\"potentialAction\":[{\"@type\":\"SearchAction\",\"target\":{\"@type\":\"EntryPoint\",\"urlTemplate\":\"https:\/\/www.festivalvedy.sk\/wp2\/?s={search_term_string}\"},\"query-input\":{\"@type\":\"PropertyValueSpecification\",\"valueRequired\":true,\"valueName\":\"search_term_string\"}}],\"inLanguage\":\"sk-SK\"},{\"@type\":\"Organization\",\"@id\":\"https:\/\/www.festivalvedy.sk\/wp2\/#organization\",\"name\":\"Festival vedy a techniky AMAVET\",\"url\":\"https:\/\/www.festivalvedy.sk\/wp2\/\",\"logo\":{\"@type\":\"ImageObject\",\"inLanguage\":\"sk-SK\",\"@id\":\"https:\/\/www.festivalvedy.sk\/wp2\/#\/schema\/logo\/image\/\",\"url\":\"https:\/\/www.festivalvedy.sk\/wp2\/wp-content\/uploads\/2022\/02\/cropped-fvat-ochranna-zona.png\",\"contentUrl\":\"https:\/\/www.festivalvedy.sk\/wp2\/wp-content\/uploads\/2022\/02\/cropped-fvat-ochranna-zona.png\",\"width\":1190,\"height\":357,\"caption\":\"Festival vedy a techniky AMAVET\"},\"image\":{\"@id\":\"https:\/\/www.festivalvedy.sk\/wp2\/#\/schema\/logo\/image\/\"}},{\"@type\":\"Person\",\"@id\":\"https:\/\/www.festivalvedy.sk\/wp2\/#\/schema\/person\/f6c2e17170a626260fe38db97ed0a1f5\",\"name\":\"Redakcia\",\"image\":{\"@type\":\"ImageObject\",\"inLanguage\":\"sk-SK\",\"@id\":\"https:\/\/secure.gravatar.com\/avatar\/2f7c312d560e25e8eb59b6b53cadd5dc16b39f25bac1c7d0a221dafd9c91fae9?s=96&d=mm&r=g\",\"url\":\"https:\/\/secure.gravatar.com\/avatar\/2f7c312d560e25e8eb59b6b53cadd5dc16b39f25bac1c7d0a221dafd9c91fae9?s=96&d=mm&r=g\",\"contentUrl\":\"https:\/\/secure.gravatar.com\/avatar\/2f7c312d560e25e8eb59b6b53cadd5dc16b39f25bac1c7d0a221dafd9c91fae9?s=96&d=mm&r=g\",\"caption\":\"Redakcia\"},\"url\":\"https:\/\/www.festivalvedy.sk\/wp2\/author\/fvatadmin\/\"}]}<\/script>\n<!-- \/ Yoast SEO plugin. -->","yoast_head_json":{"title":"Home Control - Festival vedy a techniky AMAVET","robots":{"index":"index","follow":"follow","max-snippet":"max-snippet:-1","max-image-preview":"max-image-preview:large","max-video-preview":"max-video-preview:-1"},"canonical":"https:\/\/www.festivalvedy.sk\/wp2\/home-control\/","og_locale":"sk_SK","og_type":"article","og_title":"Home Control - Festival vedy a techniky AMAVET","og_description":"Autor\/autori: Juraj \u0160ari\u0161sk\u00fd, Roland Szlafkai V ka\u017edej dom\u00e1cnosti m\u00e1me st\u00e1le viac a viac elektrick\u00fdch spotrebi\u010dov. Zvykli sme si u\u017e na ur\u010dit\u00e9 pohodlie a tieto elektrick\u00e9 spotrebi\u010de n\u00e1m spr\u00edjem\u0148uj\u00fa a u\u013eah\u010duj\u00fa \u017eivot v dom\u00e1cnosti. Rozhodli sme sa vyrobi\u0165 zariadenie s n\u00e1zvom Home Control, ktor\u00fdm budeme prip\u00e1ja\u0165 a odp\u00e1ja\u0165 elektrick\u00e9 spotrebi\u010de od elektrickej energie v \u010dase, ke\u010f [&hellip;]","og_url":"https:\/\/www.festivalvedy.sk\/wp2\/home-control\/","og_site_name":"Festival vedy a techniky AMAVET","article_published_time":"2019-09-18T10:45:36+00:00","author":"Redakcia","twitter_card":"summary_large_image","twitter_misc":{"Autor":"Redakcia","Predpokladan\u00fd \u010das \u010d\u00edtania":"1 min\u00fata"},"schema":{"@context":"https:\/\/schema.org","@graph":[{"@type":"Article","@id":"https:\/\/www.festivalvedy.sk\/wp2\/home-control\/#article","isPartOf":{"@id":"https:\/\/www.festivalvedy.sk\/wp2\/home-control\/"},"author":{"name":"Redakcia","@id":"https:\/\/www.festivalvedy.sk\/wp2\/#\/schema\/person\/f6c2e17170a626260fe38db97ed0a1f5"},"headline":"Home Control","datePublished":"2019-09-18T10:45:36+00:00","mainEntityOfPage":{"@id":"https:\/\/www.festivalvedy.sk\/wp2\/home-control\/"},"wordCount":233,"commentCount":0,"publisher":{"@id":"https:\/\/www.festivalvedy.sk\/wp2\/#organization"},"keywords":["2019","Elektrina a mechanika"],"articleSection":["Arch\u00edv 2018","Elektrina a mechanika"],"inLanguage":"sk-SK"},{"@type":"WebPage","@id":"https:\/\/www.festivalvedy.sk\/wp2\/home-control\/","url":"https:\/\/www.festivalvedy.sk\/wp2\/home-control\/","name":"Home Control - Festival vedy a techniky AMAVET","isPartOf":{"@id":"https:\/\/www.festivalvedy.sk\/wp2\/#website"},"datePublished":"2019-09-18T10:45:36+00:00","breadcrumb":{"@id":"https:\/\/www.festivalvedy.sk\/wp2\/home-control\/#breadcrumb"},"inLanguage":"sk-SK","potentialAction":[{"@type":"ReadAction","target":["https:\/\/www.festivalvedy.sk\/wp2\/home-control\/"]}]},{"@type":"BreadcrumbList","@id":"https:\/\/www.festivalvedy.sk\/wp2\/home-control\/#breadcrumb","itemListElement":[{"@type":"ListItem","position":1,"name":"Home","item":"https:\/\/www.festivalvedy.sk\/wp2\/"},{"@type":"ListItem","position":2,"name":"Home Control"}]},{"@type":"WebSite","@id":"https:\/\/www.festivalvedy.sk\/wp2\/#website","url":"https:\/\/www.festivalvedy.sk\/wp2\/","name":"Festival vedy a techniky AMAVET","description":"AMAVET - Asoci\u00e1cia pre ml\u00e1de\u017e, vedu a techniku","publisher":{"@id":"https:\/\/www.festivalvedy.sk\/wp2\/#organization"},"potentialAction":[{"@type":"SearchAction","target":{"@type":"EntryPoint","urlTemplate":"https:\/\/www.festivalvedy.sk\/wp2\/?s={search_term_string}"},"query-input":{"@type":"PropertyValueSpecification","valueRequired":true,"valueName":"search_term_string"}}],"inLanguage":"sk-SK"},{"@type":"Organization","@id":"https:\/\/www.festivalvedy.sk\/wp2\/#organization","name":"Festival vedy a techniky AMAVET","url":"https:\/\/www.festivalvedy.sk\/wp2\/","logo":{"@type":"ImageObject","inLanguage":"sk-SK","@id":"https:\/\/www.festivalvedy.sk\/wp2\/#\/schema\/logo\/image\/","url":"https:\/\/www.festivalvedy.sk\/wp2\/wp-content\/uploads\/2022\/02\/cropped-fvat-ochranna-zona.png","contentUrl":"https:\/\/www.festivalvedy.sk\/wp2\/wp-content\/uploads\/2022\/02\/cropped-fvat-ochranna-zona.png","width":1190,"height":357,"caption":"Festival vedy a techniky AMAVET"},"image":{"@id":"https:\/\/www.festivalvedy.sk\/wp2\/#\/schema\/logo\/image\/"}},{"@type":"Person","@id":"https:\/\/www.festivalvedy.sk\/wp2\/#\/schema\/person\/f6c2e17170a626260fe38db97ed0a1f5","name":"Redakcia","image":{"@type":"ImageObject","inLanguage":"sk-SK","@id":"https:\/\/secure.gravatar.com\/avatar\/2f7c312d560e25e8eb59b6b53cadd5dc16b39f25bac1c7d0a221dafd9c91fae9?s=96&d=mm&r=g","url":"https:\/\/secure.gravatar.com\/avatar\/2f7c312d560e25e8eb59b6b53cadd5dc16b39f25bac1c7d0a221dafd9c91fae9?s=96&d=mm&r=g","contentUrl":"https:\/\/secure.gravatar.com\/avatar\/2f7c312d560e25e8eb59b6b53cadd5dc16b39f25bac1c7d0a221dafd9c91fae9?s=96&d=mm&r=g","caption":"Redakcia"},"url":"https:\/\/www.festivalvedy.sk\/wp2\/author\/fvatadmin\/"}]}},"_links":{"self":[{"href":"https:\/\/www.festivalvedy.sk\/wp2\/wp-json\/wp\/v2\/posts\/813","targetHints":{"allow":["GET"]}}],"collection":[{"href":"https:\/\/www.festivalvedy.sk\/wp2\/wp-json\/wp\/v2\/posts"}],"about":[{"href":"https:\/\/www.festivalvedy.sk\/wp2\/wp-json\/wp\/v2\/types\/post"}],"author":[{"embeddable":true,"href":"https:\/\/www.festivalvedy.sk\/wp2\/wp-json\/wp\/v2\/users\/1"}],"replies":[{"embeddable":true,"href":"https:\/\/www.festivalvedy.sk\/wp2\/wp-json\/wp\/v2\/comments?post=813"}],"version-history":[{"count":0,"href":"https:\/\/www.festivalvedy.sk\/wp2\/wp-json\/wp\/v2\/posts\/813\/revisions"}],"wp:attachment":[{"href":"https:\/\/www.festivalvedy.sk\/wp2\/wp-json\/wp\/v2\/media?parent=813"}],"wp:term":[{"taxonomy":"category","embeddable":true,"href":"https:\/\/www.festivalvedy.sk\/wp2\/wp-json\/wp\/v2\/categories?post=813"},{"taxonomy":"post_tag","embeddable":true,"href":"https:\/\/www.festivalvedy.sk\/wp2\/wp-json\/wp\/v2\/tags?post=813"}],"curies":[{"name":"wp","href":"https:\/\/api.w.org\/{rel}","templated":true}]}}