{"id":814,"date":"2019-09-18T12:45:36","date_gmt":"2019-09-18T10:45:36","guid":{"rendered":"https:\/\/www.festivalvedy.sk\/wp2\/3d-tlac-technologia-buducnosti\/"},"modified":"2019-09-18T12:45:36","modified_gmt":"2019-09-18T10:45:36","slug":"3d-tlac-technologia-buducnosti","status":"publish","type":"post","link":"https:\/\/www.festivalvedy.sk\/wp2\/3d-tlac-technologia-buducnosti\/","title":{"rendered":"3D  TLA\u010c  &#8211; technol\u00f3gia bud\u00facnosti"},"content":{"rendered":"<p>Autor\/autori: \u0160imon Peter, Samuel Peter<\/p>\n<p>Radi si \u010d\u00edtame odborn\u00e9 \u010dasopisy zo sveta vedy a techniky. Pred \u0161tyrmi rokmi n\u00e1s ve\u013emi zaujali nov\u00e9 mo\u017enosti, ktor\u00e9 pon\u00faka 3D tla\u010d. Fascinuje n\u00e1s, \u010do v\u0161etko dok\u00e1\u017eeme pomocou 3D tla\u010diarne u\u017e dnes vyrobi\u0165 a nevieme si ani predstavi\u0165 v\u0161etky mo\u017enosti, ktor\u00e9 n\u00e1m tento vyn\u00e1lez pon\u00faka. Niektor\u00ed odborn\u00edci sa domnievaj\u00fa, \u017ee 3D tla\u010d m\u00f4\u017ee sp\u00f4sobi\u0165 podobn\u00fa revol\u00faciu, ako roz\u0161\u00edrenie kn\u00edhtla\u010de v stredoveku, alebo vplyv internetu na \u0161\u00edrenie hudby. Aj my si mysl\u00edme, \u017ee mo\u017enosti 3D tla\u010de s\u00fa e\u0161te nepreb\u00e1dan\u00e9 a len bud\u00facnos\u0165 n\u00e1m uk\u00e1\u017ee, ak\u00e9 \u0161irok\u00e9 s\u00fa mo\u017enosti vyu\u017eitia tejto technol\u00f3gie. \u010c\u00ednske auto z 3D tla\u010diarne, domy, pr\u00edbytky na in\u00fdch plan\u00e9tach,&#8230; . \u010co je to 3D tla\u010diare\u0148, op\u00edsa\u0165 ako funguje, s ak\u00fdmi materi\u00e1lmi pracuje a \u010do n\u00e1m 3Dtla\u010d pon\u00fakne v bl\u00edzkej \u010di vzdialenej bud\u00facnosti. U\u017e teraz sa te\u0161\u00edme na nov\u00e9 objavy a mo\u017enosti,  ktor\u00e9 n\u00e1m t\u00e1to cesta pon\u00faka.<\/p>\n","protected":false},"excerpt":{"rendered":"<p>Autor\/autori: \u0160imon Peter, Samuel Peter Radi si \u010d\u00edtame odborn\u00e9 \u010dasopisy zo sveta vedy a techniky. Pred \u0161tyrmi rokmi n\u00e1s ve\u013emi zaujali nov\u00e9 mo\u017enosti, ktor\u00e9 pon\u00faka 3D tla\u010d. Fascinuje n\u00e1s, \u010do v\u0161etko dok\u00e1\u017eeme pomocou 3D tla\u010diarne u\u017e dnes vyrobi\u0165 a nevieme si ani predstavi\u0165 v\u0161etky mo\u017enosti, ktor\u00e9 n\u00e1m tento vyn\u00e1lez pon\u00faka. Niektor\u00ed odborn\u00edci sa domnievaj\u00fa, \u017ee [&hellip;]<\/p>\n","protected":false},"author":1,"featured_media":0,"comment_status":"open","ping_status":"open","sticky":false,"template":"","format":"standard","meta":{"om_disable_all_campaigns":false,"_monsterinsights_skip_tracking":false,"_monsterinsights_sitenote_active":false,"_monsterinsights_sitenote_note":"","_monsterinsights_sitenote_category":0,"_uf_show_specific_survey":0,"_uf_disable_surveys":false,"footnotes":""},"categories":[6,22],"tags":[8,23],"class_list":["post-814","post","type-post","status-publish","format-standard","hentry","category-6","category-informatika-a-pocitacove-inzinierstvo","tag-8","tag-informatika-a-pocitacove-inzinierstvo"],"yoast_head":"<!-- This site is optimized with the Yoast SEO plugin v27.2 - https:\/\/yoast.com\/product\/yoast-seo-wordpress\/ -->\n<title>3D TLA\u010c - technol\u00f3gia bud\u00facnosti - Festival vedy a techniky AMAVET<\/title>\n<meta name=\"robots\" content=\"index, follow, max-snippet:-1, max-image-preview:large, max-video-preview:-1\" \/>\n<link rel=\"canonical\" href=\"https:\/\/www.festivalvedy.sk\/wp2\/3d-tlac-technologia-buducnosti\/\" \/>\n<meta property=\"og:locale\" content=\"sk_SK\" \/>\n<meta property=\"og:type\" content=\"article\" \/>\n<meta property=\"og:title\" content=\"3D TLA\u010c - technol\u00f3gia bud\u00facnosti - Festival vedy a techniky AMAVET\" \/>\n<meta property=\"og:description\" content=\"Autor\/autori: \u0160imon Peter, Samuel Peter Radi si \u010d\u00edtame odborn\u00e9 \u010dasopisy zo sveta vedy a techniky. Pred \u0161tyrmi rokmi n\u00e1s ve\u013emi zaujali nov\u00e9 mo\u017enosti, ktor\u00e9 pon\u00faka 3D tla\u010d. Fascinuje n\u00e1s, \u010do v\u0161etko dok\u00e1\u017eeme pomocou 3D tla\u010diarne u\u017e dnes vyrobi\u0165 a nevieme si ani predstavi\u0165 v\u0161etky mo\u017enosti, ktor\u00e9 n\u00e1m tento vyn\u00e1lez pon\u00faka. Niektor\u00ed odborn\u00edci sa domnievaj\u00fa, \u017ee [&hellip;]\" \/>\n<meta property=\"og:url\" content=\"https:\/\/www.festivalvedy.sk\/wp2\/3d-tlac-technologia-buducnosti\/\" \/>\n<meta property=\"og:site_name\" content=\"Festival vedy a techniky AMAVET\" \/>\n<meta property=\"article:published_time\" content=\"2019-09-18T10:45:36+00:00\" \/>\n<meta name=\"author\" content=\"Redakcia\" \/>\n<meta name=\"twitter:card\" content=\"summary_large_image\" \/>\n<meta name=\"twitter:label1\" content=\"Autor\" \/>\n\t<meta name=\"twitter:data1\" content=\"Redakcia\" \/>\n\t<meta name=\"twitter:label2\" content=\"Predpokladan\u00fd \u010das \u010d\u00edtania\" \/>\n\t<meta name=\"twitter:data2\" content=\"1 min\u00fata\" \/>\n<script type=\"application\/ld+json\" class=\"yoast-schema-graph\">{\"@context\":\"https:\/\/schema.org\",\"@graph\":[{\"@type\":\"Article\",\"@id\":\"https:\/\/www.festivalvedy.sk\/wp2\/3d-tlac-technologia-buducnosti\/#article\",\"isPartOf\":{\"@id\":\"https:\/\/www.festivalvedy.sk\/wp2\/3d-tlac-technologia-buducnosti\/\"},\"author\":{\"name\":\"Redakcia\",\"@id\":\"https:\/\/www.festivalvedy.sk\/wp2\/#\/schema\/person\/f6c2e17170a626260fe38db97ed0a1f5\"},\"headline\":\"3D TLA\u010c &#8211; technol\u00f3gia bud\u00facnosti\",\"datePublished\":\"2019-09-18T10:45:36+00:00\",\"mainEntityOfPage\":{\"@id\":\"https:\/\/www.festivalvedy.sk\/wp2\/3d-tlac-technologia-buducnosti\/\"},\"wordCount\":197,\"commentCount\":0,\"publisher\":{\"@id\":\"https:\/\/www.festivalvedy.sk\/wp2\/#organization\"},\"keywords\":[\"2019\",\"Informatika a po\u010d\u00edta\u010dov\u00e9 in\u017einierstvo\"],\"articleSection\":[\"Arch\u00edv 2018\",\"Informatika a po\u010d\u00edta\u010dov\u00e9 in\u017einierstvo\"],\"inLanguage\":\"sk-SK\"},{\"@type\":\"WebPage\",\"@id\":\"https:\/\/www.festivalvedy.sk\/wp2\/3d-tlac-technologia-buducnosti\/\",\"url\":\"https:\/\/www.festivalvedy.sk\/wp2\/3d-tlac-technologia-buducnosti\/\",\"name\":\"3D TLA\u010c - technol\u00f3gia bud\u00facnosti - Festival vedy a techniky AMAVET\",\"isPartOf\":{\"@id\":\"https:\/\/www.festivalvedy.sk\/wp2\/#website\"},\"datePublished\":\"2019-09-18T10:45:36+00:00\",\"breadcrumb\":{\"@id\":\"https:\/\/www.festivalvedy.sk\/wp2\/3d-tlac-technologia-buducnosti\/#breadcrumb\"},\"inLanguage\":\"sk-SK\",\"potentialAction\":[{\"@type\":\"ReadAction\",\"target\":[\"https:\/\/www.festivalvedy.sk\/wp2\/3d-tlac-technologia-buducnosti\/\"]}]},{\"@type\":\"BreadcrumbList\",\"@id\":\"https:\/\/www.festivalvedy.sk\/wp2\/3d-tlac-technologia-buducnosti\/#breadcrumb\",\"itemListElement\":[{\"@type\":\"ListItem\",\"position\":1,\"name\":\"Home\",\"item\":\"https:\/\/www.festivalvedy.sk\/wp2\/\"},{\"@type\":\"ListItem\",\"position\":2,\"name\":\"3D TLA\u010c &#8211; technol\u00f3gia bud\u00facnosti\"}]},{\"@type\":\"WebSite\",\"@id\":\"https:\/\/www.festivalvedy.sk\/wp2\/#website\",\"url\":\"https:\/\/www.festivalvedy.sk\/wp2\/\",\"name\":\"Festival vedy a techniky AMAVET\",\"description\":\"AMAVET - Asoci\u00e1cia pre ml\u00e1de\u017e, vedu a techniku\",\"publisher\":{\"@id\":\"https:\/\/www.festivalvedy.sk\/wp2\/#organization\"},\"potentialAction\":[{\"@type\":\"SearchAction\",\"target\":{\"@type\":\"EntryPoint\",\"urlTemplate\":\"https:\/\/www.festivalvedy.sk\/wp2\/?s={search_term_string}\"},\"query-input\":{\"@type\":\"PropertyValueSpecification\",\"valueRequired\":true,\"valueName\":\"search_term_string\"}}],\"inLanguage\":\"sk-SK\"},{\"@type\":\"Organization\",\"@id\":\"https:\/\/www.festivalvedy.sk\/wp2\/#organization\",\"name\":\"Festival vedy a techniky AMAVET\",\"url\":\"https:\/\/www.festivalvedy.sk\/wp2\/\",\"logo\":{\"@type\":\"ImageObject\",\"inLanguage\":\"sk-SK\",\"@id\":\"https:\/\/www.festivalvedy.sk\/wp2\/#\/schema\/logo\/image\/\",\"url\":\"https:\/\/www.festivalvedy.sk\/wp2\/wp-content\/uploads\/2022\/02\/cropped-fvat-ochranna-zona.png\",\"contentUrl\":\"https:\/\/www.festivalvedy.sk\/wp2\/wp-content\/uploads\/2022\/02\/cropped-fvat-ochranna-zona.png\",\"width\":1190,\"height\":357,\"caption\":\"Festival vedy a techniky AMAVET\"},\"image\":{\"@id\":\"https:\/\/www.festivalvedy.sk\/wp2\/#\/schema\/logo\/image\/\"}},{\"@type\":\"Person\",\"@id\":\"https:\/\/www.festivalvedy.sk\/wp2\/#\/schema\/person\/f6c2e17170a626260fe38db97ed0a1f5\",\"name\":\"Redakcia\",\"image\":{\"@type\":\"ImageObject\",\"inLanguage\":\"sk-SK\",\"@id\":\"https:\/\/secure.gravatar.com\/avatar\/2f7c312d560e25e8eb59b6b53cadd5dc16b39f25bac1c7d0a221dafd9c91fae9?s=96&d=mm&r=g\",\"url\":\"https:\/\/secure.gravatar.com\/avatar\/2f7c312d560e25e8eb59b6b53cadd5dc16b39f25bac1c7d0a221dafd9c91fae9?s=96&d=mm&r=g\",\"contentUrl\":\"https:\/\/secure.gravatar.com\/avatar\/2f7c312d560e25e8eb59b6b53cadd5dc16b39f25bac1c7d0a221dafd9c91fae9?s=96&d=mm&r=g\",\"caption\":\"Redakcia\"},\"url\":\"https:\/\/www.festivalvedy.sk\/wp2\/author\/fvatadmin\/\"}]}<\/script>\n<!-- \/ Yoast SEO plugin. -->","yoast_head_json":{"title":"3D TLA\u010c - technol\u00f3gia bud\u00facnosti - Festival vedy a techniky AMAVET","robots":{"index":"index","follow":"follow","max-snippet":"max-snippet:-1","max-image-preview":"max-image-preview:large","max-video-preview":"max-video-preview:-1"},"canonical":"https:\/\/www.festivalvedy.sk\/wp2\/3d-tlac-technologia-buducnosti\/","og_locale":"sk_SK","og_type":"article","og_title":"3D TLA\u010c - technol\u00f3gia bud\u00facnosti - Festival vedy a techniky AMAVET","og_description":"Autor\/autori: \u0160imon Peter, Samuel Peter Radi si \u010d\u00edtame odborn\u00e9 \u010dasopisy zo sveta vedy a techniky. Pred \u0161tyrmi rokmi n\u00e1s ve\u013emi zaujali nov\u00e9 mo\u017enosti, ktor\u00e9 pon\u00faka 3D tla\u010d. Fascinuje n\u00e1s, \u010do v\u0161etko dok\u00e1\u017eeme pomocou 3D tla\u010diarne u\u017e dnes vyrobi\u0165 a nevieme si ani predstavi\u0165 v\u0161etky mo\u017enosti, ktor\u00e9 n\u00e1m tento vyn\u00e1lez pon\u00faka. Niektor\u00ed odborn\u00edci sa domnievaj\u00fa, \u017ee [&hellip;]","og_url":"https:\/\/www.festivalvedy.sk\/wp2\/3d-tlac-technologia-buducnosti\/","og_site_name":"Festival vedy a techniky AMAVET","article_published_time":"2019-09-18T10:45:36+00:00","author":"Redakcia","twitter_card":"summary_large_image","twitter_misc":{"Autor":"Redakcia","Predpokladan\u00fd \u010das \u010d\u00edtania":"1 min\u00fata"},"schema":{"@context":"https:\/\/schema.org","@graph":[{"@type":"Article","@id":"https:\/\/www.festivalvedy.sk\/wp2\/3d-tlac-technologia-buducnosti\/#article","isPartOf":{"@id":"https:\/\/www.festivalvedy.sk\/wp2\/3d-tlac-technologia-buducnosti\/"},"author":{"name":"Redakcia","@id":"https:\/\/www.festivalvedy.sk\/wp2\/#\/schema\/person\/f6c2e17170a626260fe38db97ed0a1f5"},"headline":"3D TLA\u010c &#8211; technol\u00f3gia bud\u00facnosti","datePublished":"2019-09-18T10:45:36+00:00","mainEntityOfPage":{"@id":"https:\/\/www.festivalvedy.sk\/wp2\/3d-tlac-technologia-buducnosti\/"},"wordCount":197,"commentCount":0,"publisher":{"@id":"https:\/\/www.festivalvedy.sk\/wp2\/#organization"},"keywords":["2019","Informatika a po\u010d\u00edta\u010dov\u00e9 in\u017einierstvo"],"articleSection":["Arch\u00edv 2018","Informatika a po\u010d\u00edta\u010dov\u00e9 in\u017einierstvo"],"inLanguage":"sk-SK"},{"@type":"WebPage","@id":"https:\/\/www.festivalvedy.sk\/wp2\/3d-tlac-technologia-buducnosti\/","url":"https:\/\/www.festivalvedy.sk\/wp2\/3d-tlac-technologia-buducnosti\/","name":"3D TLA\u010c - technol\u00f3gia bud\u00facnosti - Festival vedy a techniky AMAVET","isPartOf":{"@id":"https:\/\/www.festivalvedy.sk\/wp2\/#website"},"datePublished":"2019-09-18T10:45:36+00:00","breadcrumb":{"@id":"https:\/\/www.festivalvedy.sk\/wp2\/3d-tlac-technologia-buducnosti\/#breadcrumb"},"inLanguage":"sk-SK","potentialAction":[{"@type":"ReadAction","target":["https:\/\/www.festivalvedy.sk\/wp2\/3d-tlac-technologia-buducnosti\/"]}]},{"@type":"BreadcrumbList","@id":"https:\/\/www.festivalvedy.sk\/wp2\/3d-tlac-technologia-buducnosti\/#breadcrumb","itemListElement":[{"@type":"ListItem","position":1,"name":"Home","item":"https:\/\/www.festivalvedy.sk\/wp2\/"},{"@type":"ListItem","position":2,"name":"3D TLA\u010c &#8211; technol\u00f3gia bud\u00facnosti"}]},{"@type":"WebSite","@id":"https:\/\/www.festivalvedy.sk\/wp2\/#website","url":"https:\/\/www.festivalvedy.sk\/wp2\/","name":"Festival vedy a techniky AMAVET","description":"AMAVET - Asoci\u00e1cia pre ml\u00e1de\u017e, vedu a techniku","publisher":{"@id":"https:\/\/www.festivalvedy.sk\/wp2\/#organization"},"potentialAction":[{"@type":"SearchAction","target":{"@type":"EntryPoint","urlTemplate":"https:\/\/www.festivalvedy.sk\/wp2\/?s={search_term_string}"},"query-input":{"@type":"PropertyValueSpecification","valueRequired":true,"valueName":"search_term_string"}}],"inLanguage":"sk-SK"},{"@type":"Organization","@id":"https:\/\/www.festivalvedy.sk\/wp2\/#organization","name":"Festival vedy a techniky AMAVET","url":"https:\/\/www.festivalvedy.sk\/wp2\/","logo":{"@type":"ImageObject","inLanguage":"sk-SK","@id":"https:\/\/www.festivalvedy.sk\/wp2\/#\/schema\/logo\/image\/","url":"https:\/\/www.festivalvedy.sk\/wp2\/wp-content\/uploads\/2022\/02\/cropped-fvat-ochranna-zona.png","contentUrl":"https:\/\/www.festivalvedy.sk\/wp2\/wp-content\/uploads\/2022\/02\/cropped-fvat-ochranna-zona.png","width":1190,"height":357,"caption":"Festival vedy a techniky AMAVET"},"image":{"@id":"https:\/\/www.festivalvedy.sk\/wp2\/#\/schema\/logo\/image\/"}},{"@type":"Person","@id":"https:\/\/www.festivalvedy.sk\/wp2\/#\/schema\/person\/f6c2e17170a626260fe38db97ed0a1f5","name":"Redakcia","image":{"@type":"ImageObject","inLanguage":"sk-SK","@id":"https:\/\/secure.gravatar.com\/avatar\/2f7c312d560e25e8eb59b6b53cadd5dc16b39f25bac1c7d0a221dafd9c91fae9?s=96&d=mm&r=g","url":"https:\/\/secure.gravatar.com\/avatar\/2f7c312d560e25e8eb59b6b53cadd5dc16b39f25bac1c7d0a221dafd9c91fae9?s=96&d=mm&r=g","contentUrl":"https:\/\/secure.gravatar.com\/avatar\/2f7c312d560e25e8eb59b6b53cadd5dc16b39f25bac1c7d0a221dafd9c91fae9?s=96&d=mm&r=g","caption":"Redakcia"},"url":"https:\/\/www.festivalvedy.sk\/wp2\/author\/fvatadmin\/"}]}},"_links":{"self":[{"href":"https:\/\/www.festivalvedy.sk\/wp2\/wp-json\/wp\/v2\/posts\/814","targetHints":{"allow":["GET"]}}],"collection":[{"href":"https:\/\/www.festivalvedy.sk\/wp2\/wp-json\/wp\/v2\/posts"}],"about":[{"href":"https:\/\/www.festivalvedy.sk\/wp2\/wp-json\/wp\/v2\/types\/post"}],"author":[{"embeddable":true,"href":"https:\/\/www.festivalvedy.sk\/wp2\/wp-json\/wp\/v2\/users\/1"}],"replies":[{"embeddable":true,"href":"https:\/\/www.festivalvedy.sk\/wp2\/wp-json\/wp\/v2\/comments?post=814"}],"version-history":[{"count":0,"href":"https:\/\/www.festivalvedy.sk\/wp2\/wp-json\/wp\/v2\/posts\/814\/revisions"}],"wp:attachment":[{"href":"https:\/\/www.festivalvedy.sk\/wp2\/wp-json\/wp\/v2\/media?parent=814"}],"wp:term":[{"taxonomy":"category","embeddable":true,"href":"https:\/\/www.festivalvedy.sk\/wp2\/wp-json\/wp\/v2\/categories?post=814"},{"taxonomy":"post_tag","embeddable":true,"href":"https:\/\/www.festivalvedy.sk\/wp2\/wp-json\/wp\/v2\/tags?post=814"}],"curies":[{"name":"wp","href":"https:\/\/api.w.org\/{rel}","templated":true}]}}