{"id":817,"date":"2019-09-18T12:45:36","date_gmt":"2019-09-18T10:45:36","guid":{"rendered":"https:\/\/www.festivalvedy.sk\/wp2\/vegetarianstvo-a-veganstvo\/"},"modified":"2019-09-18T12:45:36","modified_gmt":"2019-09-18T10:45:36","slug":"vegetarianstvo-a-veganstvo","status":"publish","type":"post","link":"https:\/\/www.festivalvedy.sk\/wp2\/vegetarianstvo-a-veganstvo\/","title":{"rendered":"Vegetari\u00e1nstvo a veg\u00e1nstvo"},"content":{"rendered":"<p>Autor\/autori: Zuzana Homo\u013eov\u00e1, Simona Reh\u00e1kov\u00e1<\/p>\n<p>V dne\u0161nej dobe sa \u010doraz viac \u013eud\u00ed zauj\u00edma o to, \u010do jedia. Na\u0161im cie\u013eom bolo zisti\u0165, ako ovplyv\u0148uje spr\u00e1vne jedenie n\u00e1\u0161 organizmus a aj psychick\u00fa str\u00e1nku. Zauj\u00edmali sme sa, ako ovplyvn\u00ed zdravotn\u00fd stav a psychiku \u010dloveka vynechanie \u017eivo\u010d\u00ed\u0161nej stravy. Tie\u017e n\u00e1s zauj\u00edmalo, ak\u00fd bol d\u00f4vod prechodu zo \u017eivo\u010d\u00ed\u0161nej stravy na vegetari\u00e1nsku a veg\u00e1nsku stravu. Ur\u010dit\u00e9 vitam\u00edny a l\u00e1tky sa nach\u00e1dzaj\u00fa hlavne v \u017eivo\u010d\u00ed\u0161nych produktoch, preto sme zis\u0165ovali, \u010d\u00edm ch\u00fdbaj\u00facu zlo\u017eku potrav\u00edn nahr\u00e1dzaj\u00fa. V na\u0161ej pr\u00e1ci sme zis\u0165ovali, ak\u00e9 ochorenia m\u00f4\u017eu nasta\u0165. Rizik\u00e1, negat\u00edva a nedostatky.  \u010ci je veg\u00e1nstvo alebo vegetari\u00e1nstvo zdrav\u00e9. A vo v\u0161eobecnosti \u010do sa vlastne za zdrav\u00e9 pova\u017euje. Pokusmi sme sa sna\u017eili dopracova\u0165 ku zisteniu, \u010di s\u00f3ja m\u00f4\u017ee nahradi\u0165 m\u00e4so alebo \u010di kravsk\u00e9 mlieko je lep\u0161ie ako s\u00f3jov\u00e9 mlieko. Zostavili sme si vlastn\u00fd dotazn\u00edk, ktor\u00fd n\u00e1m vyplnili mlad\u00ed \u013eudia vo veku do 30 rokov. Aby sme zv\u00fd\u0161ili povedomie o potrebe konzum\u00e1cie \u017eivo\u010d\u00ed\u0161nych produktov, v pr\u00edpade vegetari\u00e1nstva a veg\u00e1nstva adekv\u00e1tnou n\u00e1hradou, na hodin\u00e1ch biol\u00f3gie sme \u0161tudentom na\u0161ej \u0161koly pripravili prezent\u00e1ciu s n\u00e1slednou diskusiou.<\/p>\n","protected":false},"excerpt":{"rendered":"<p>Autor\/autori: Zuzana Homo\u013eov\u00e1, Simona Reh\u00e1kov\u00e1 V dne\u0161nej dobe sa \u010doraz viac \u013eud\u00ed zauj\u00edma o to, \u010do jedia. Na\u0161im cie\u013eom bolo zisti\u0165, ako ovplyv\u0148uje spr\u00e1vne jedenie n\u00e1\u0161 organizmus a aj psychick\u00fa str\u00e1nku. Zauj\u00edmali sme sa, ako ovplyvn\u00ed zdravotn\u00fd stav a psychiku \u010dloveka vynechanie \u017eivo\u010d\u00ed\u0161nej stravy. Tie\u017e n\u00e1s zauj\u00edmalo, ak\u00fd bol d\u00f4vod prechodu zo \u017eivo\u010d\u00ed\u0161nej stravy na [&hellip;]<\/p>\n","protected":false},"author":1,"featured_media":0,"comment_status":"open","ping_status":"open","sticky":false,"template":"","format":"standard","meta":{"om_disable_all_campaigns":false,"_monsterinsights_skip_tracking":false,"_monsterinsights_sitenote_active":false,"_monsterinsights_sitenote_note":"","_monsterinsights_sitenote_category":0,"_uf_show_specific_survey":0,"_uf_disable_surveys":false,"footnotes":""},"categories":[6,10],"tags":[8,11],"class_list":["post-817","post","type-post","status-publish","format-standard","hentry","category-6","category-medicina-a-zdravotnictvo","tag-8","tag-medicina-a-zdravotnictvo"],"yoast_head":"<!-- This site is optimized with the Yoast SEO plugin v27.2 - https:\/\/yoast.com\/product\/yoast-seo-wordpress\/ -->\n<title>Vegetari\u00e1nstvo a veg\u00e1nstvo - Festival vedy a techniky AMAVET<\/title>\n<meta name=\"robots\" content=\"index, follow, max-snippet:-1, max-image-preview:large, max-video-preview:-1\" \/>\n<link rel=\"canonical\" href=\"https:\/\/www.festivalvedy.sk\/wp2\/vegetarianstvo-a-veganstvo\/\" \/>\n<meta property=\"og:locale\" content=\"sk_SK\" \/>\n<meta property=\"og:type\" content=\"article\" \/>\n<meta property=\"og:title\" content=\"Vegetari\u00e1nstvo a veg\u00e1nstvo - Festival vedy a techniky AMAVET\" \/>\n<meta property=\"og:description\" content=\"Autor\/autori: Zuzana Homo\u013eov\u00e1, Simona Reh\u00e1kov\u00e1 V dne\u0161nej dobe sa \u010doraz viac \u013eud\u00ed zauj\u00edma o to, \u010do jedia. Na\u0161im cie\u013eom bolo zisti\u0165, ako ovplyv\u0148uje spr\u00e1vne jedenie n\u00e1\u0161 organizmus a aj psychick\u00fa str\u00e1nku. Zauj\u00edmali sme sa, ako ovplyvn\u00ed zdravotn\u00fd stav a psychiku \u010dloveka vynechanie \u017eivo\u010d\u00ed\u0161nej stravy. Tie\u017e n\u00e1s zauj\u00edmalo, ak\u00fd bol d\u00f4vod prechodu zo \u017eivo\u010d\u00ed\u0161nej stravy na [&hellip;]\" \/>\n<meta property=\"og:url\" content=\"https:\/\/www.festivalvedy.sk\/wp2\/vegetarianstvo-a-veganstvo\/\" \/>\n<meta property=\"og:site_name\" content=\"Festival vedy a techniky AMAVET\" \/>\n<meta property=\"article:published_time\" content=\"2019-09-18T10:45:36+00:00\" \/>\n<meta name=\"author\" content=\"Redakcia\" \/>\n<meta name=\"twitter:card\" content=\"summary_large_image\" \/>\n<meta name=\"twitter:label1\" content=\"Autor\" \/>\n\t<meta name=\"twitter:data1\" content=\"Redakcia\" \/>\n\t<meta name=\"twitter:label2\" content=\"Predpokladan\u00fd \u010das \u010d\u00edtania\" \/>\n\t<meta name=\"twitter:data2\" content=\"1 min\u00fata\" \/>\n<script type=\"application\/ld+json\" class=\"yoast-schema-graph\">{\"@context\":\"https:\/\/schema.org\",\"@graph\":[{\"@type\":\"Article\",\"@id\":\"https:\/\/www.festivalvedy.sk\/wp2\/vegetarianstvo-a-veganstvo\/#article\",\"isPartOf\":{\"@id\":\"https:\/\/www.festivalvedy.sk\/wp2\/vegetarianstvo-a-veganstvo\/\"},\"author\":{\"name\":\"Redakcia\",\"@id\":\"https:\/\/www.festivalvedy.sk\/wp2\/#\/schema\/person\/f6c2e17170a626260fe38db97ed0a1f5\"},\"headline\":\"Vegetari\u00e1nstvo a veg\u00e1nstvo\",\"datePublished\":\"2019-09-18T10:45:36+00:00\",\"mainEntityOfPage\":{\"@id\":\"https:\/\/www.festivalvedy.sk\/wp2\/vegetarianstvo-a-veganstvo\/\"},\"wordCount\":232,\"commentCount\":0,\"publisher\":{\"@id\":\"https:\/\/www.festivalvedy.sk\/wp2\/#organization\"},\"keywords\":[\"2019\",\"Medic\u00edna a zdravotn\u00edctvo\"],\"articleSection\":[\"Arch\u00edv 2018\",\"Medic\u00edna a zdravotn\u00edctvo\"],\"inLanguage\":\"sk-SK\"},{\"@type\":\"WebPage\",\"@id\":\"https:\/\/www.festivalvedy.sk\/wp2\/vegetarianstvo-a-veganstvo\/\",\"url\":\"https:\/\/www.festivalvedy.sk\/wp2\/vegetarianstvo-a-veganstvo\/\",\"name\":\"Vegetari\u00e1nstvo a veg\u00e1nstvo - Festival vedy a techniky AMAVET\",\"isPartOf\":{\"@id\":\"https:\/\/www.festivalvedy.sk\/wp2\/#website\"},\"datePublished\":\"2019-09-18T10:45:36+00:00\",\"breadcrumb\":{\"@id\":\"https:\/\/www.festivalvedy.sk\/wp2\/vegetarianstvo-a-veganstvo\/#breadcrumb\"},\"inLanguage\":\"sk-SK\",\"potentialAction\":[{\"@type\":\"ReadAction\",\"target\":[\"https:\/\/www.festivalvedy.sk\/wp2\/vegetarianstvo-a-veganstvo\/\"]}]},{\"@type\":\"BreadcrumbList\",\"@id\":\"https:\/\/www.festivalvedy.sk\/wp2\/vegetarianstvo-a-veganstvo\/#breadcrumb\",\"itemListElement\":[{\"@type\":\"ListItem\",\"position\":1,\"name\":\"Home\",\"item\":\"https:\/\/www.festivalvedy.sk\/wp2\/\"},{\"@type\":\"ListItem\",\"position\":2,\"name\":\"Vegetari\u00e1nstvo a veg\u00e1nstvo\"}]},{\"@type\":\"WebSite\",\"@id\":\"https:\/\/www.festivalvedy.sk\/wp2\/#website\",\"url\":\"https:\/\/www.festivalvedy.sk\/wp2\/\",\"name\":\"Festival vedy a techniky AMAVET\",\"description\":\"AMAVET - Asoci\u00e1cia pre ml\u00e1de\u017e, vedu a techniku\",\"publisher\":{\"@id\":\"https:\/\/www.festivalvedy.sk\/wp2\/#organization\"},\"potentialAction\":[{\"@type\":\"SearchAction\",\"target\":{\"@type\":\"EntryPoint\",\"urlTemplate\":\"https:\/\/www.festivalvedy.sk\/wp2\/?s={search_term_string}\"},\"query-input\":{\"@type\":\"PropertyValueSpecification\",\"valueRequired\":true,\"valueName\":\"search_term_string\"}}],\"inLanguage\":\"sk-SK\"},{\"@type\":\"Organization\",\"@id\":\"https:\/\/www.festivalvedy.sk\/wp2\/#organization\",\"name\":\"Festival vedy a techniky AMAVET\",\"url\":\"https:\/\/www.festivalvedy.sk\/wp2\/\",\"logo\":{\"@type\":\"ImageObject\",\"inLanguage\":\"sk-SK\",\"@id\":\"https:\/\/www.festivalvedy.sk\/wp2\/#\/schema\/logo\/image\/\",\"url\":\"https:\/\/www.festivalvedy.sk\/wp2\/wp-content\/uploads\/2022\/02\/cropped-fvat-ochranna-zona.png\",\"contentUrl\":\"https:\/\/www.festivalvedy.sk\/wp2\/wp-content\/uploads\/2022\/02\/cropped-fvat-ochranna-zona.png\",\"width\":1190,\"height\":357,\"caption\":\"Festival vedy a techniky AMAVET\"},\"image\":{\"@id\":\"https:\/\/www.festivalvedy.sk\/wp2\/#\/schema\/logo\/image\/\"}},{\"@type\":\"Person\",\"@id\":\"https:\/\/www.festivalvedy.sk\/wp2\/#\/schema\/person\/f6c2e17170a626260fe38db97ed0a1f5\",\"name\":\"Redakcia\",\"image\":{\"@type\":\"ImageObject\",\"inLanguage\":\"sk-SK\",\"@id\":\"https:\/\/secure.gravatar.com\/avatar\/2f7c312d560e25e8eb59b6b53cadd5dc16b39f25bac1c7d0a221dafd9c91fae9?s=96&d=mm&r=g\",\"url\":\"https:\/\/secure.gravatar.com\/avatar\/2f7c312d560e25e8eb59b6b53cadd5dc16b39f25bac1c7d0a221dafd9c91fae9?s=96&d=mm&r=g\",\"contentUrl\":\"https:\/\/secure.gravatar.com\/avatar\/2f7c312d560e25e8eb59b6b53cadd5dc16b39f25bac1c7d0a221dafd9c91fae9?s=96&d=mm&r=g\",\"caption\":\"Redakcia\"},\"url\":\"https:\/\/www.festivalvedy.sk\/wp2\/author\/fvatadmin\/\"}]}<\/script>\n<!-- \/ Yoast SEO plugin. -->","yoast_head_json":{"title":"Vegetari\u00e1nstvo a veg\u00e1nstvo - Festival vedy a techniky AMAVET","robots":{"index":"index","follow":"follow","max-snippet":"max-snippet:-1","max-image-preview":"max-image-preview:large","max-video-preview":"max-video-preview:-1"},"canonical":"https:\/\/www.festivalvedy.sk\/wp2\/vegetarianstvo-a-veganstvo\/","og_locale":"sk_SK","og_type":"article","og_title":"Vegetari\u00e1nstvo a veg\u00e1nstvo - Festival vedy a techniky AMAVET","og_description":"Autor\/autori: Zuzana Homo\u013eov\u00e1, Simona Reh\u00e1kov\u00e1 V dne\u0161nej dobe sa \u010doraz viac \u013eud\u00ed zauj\u00edma o to, \u010do jedia. Na\u0161im cie\u013eom bolo zisti\u0165, ako ovplyv\u0148uje spr\u00e1vne jedenie n\u00e1\u0161 organizmus a aj psychick\u00fa str\u00e1nku. Zauj\u00edmali sme sa, ako ovplyvn\u00ed zdravotn\u00fd stav a psychiku \u010dloveka vynechanie \u017eivo\u010d\u00ed\u0161nej stravy. Tie\u017e n\u00e1s zauj\u00edmalo, ak\u00fd bol d\u00f4vod prechodu zo \u017eivo\u010d\u00ed\u0161nej stravy na [&hellip;]","og_url":"https:\/\/www.festivalvedy.sk\/wp2\/vegetarianstvo-a-veganstvo\/","og_site_name":"Festival vedy a techniky AMAVET","article_published_time":"2019-09-18T10:45:36+00:00","author":"Redakcia","twitter_card":"summary_large_image","twitter_misc":{"Autor":"Redakcia","Predpokladan\u00fd \u010das \u010d\u00edtania":"1 min\u00fata"},"schema":{"@context":"https:\/\/schema.org","@graph":[{"@type":"Article","@id":"https:\/\/www.festivalvedy.sk\/wp2\/vegetarianstvo-a-veganstvo\/#article","isPartOf":{"@id":"https:\/\/www.festivalvedy.sk\/wp2\/vegetarianstvo-a-veganstvo\/"},"author":{"name":"Redakcia","@id":"https:\/\/www.festivalvedy.sk\/wp2\/#\/schema\/person\/f6c2e17170a626260fe38db97ed0a1f5"},"headline":"Vegetari\u00e1nstvo a veg\u00e1nstvo","datePublished":"2019-09-18T10:45:36+00:00","mainEntityOfPage":{"@id":"https:\/\/www.festivalvedy.sk\/wp2\/vegetarianstvo-a-veganstvo\/"},"wordCount":232,"commentCount":0,"publisher":{"@id":"https:\/\/www.festivalvedy.sk\/wp2\/#organization"},"keywords":["2019","Medic\u00edna a zdravotn\u00edctvo"],"articleSection":["Arch\u00edv 2018","Medic\u00edna a zdravotn\u00edctvo"],"inLanguage":"sk-SK"},{"@type":"WebPage","@id":"https:\/\/www.festivalvedy.sk\/wp2\/vegetarianstvo-a-veganstvo\/","url":"https:\/\/www.festivalvedy.sk\/wp2\/vegetarianstvo-a-veganstvo\/","name":"Vegetari\u00e1nstvo a veg\u00e1nstvo - Festival vedy a techniky AMAVET","isPartOf":{"@id":"https:\/\/www.festivalvedy.sk\/wp2\/#website"},"datePublished":"2019-09-18T10:45:36+00:00","breadcrumb":{"@id":"https:\/\/www.festivalvedy.sk\/wp2\/vegetarianstvo-a-veganstvo\/#breadcrumb"},"inLanguage":"sk-SK","potentialAction":[{"@type":"ReadAction","target":["https:\/\/www.festivalvedy.sk\/wp2\/vegetarianstvo-a-veganstvo\/"]}]},{"@type":"BreadcrumbList","@id":"https:\/\/www.festivalvedy.sk\/wp2\/vegetarianstvo-a-veganstvo\/#breadcrumb","itemListElement":[{"@type":"ListItem","position":1,"name":"Home","item":"https:\/\/www.festivalvedy.sk\/wp2\/"},{"@type":"ListItem","position":2,"name":"Vegetari\u00e1nstvo a veg\u00e1nstvo"}]},{"@type":"WebSite","@id":"https:\/\/www.festivalvedy.sk\/wp2\/#website","url":"https:\/\/www.festivalvedy.sk\/wp2\/","name":"Festival vedy a techniky AMAVET","description":"AMAVET - Asoci\u00e1cia pre ml\u00e1de\u017e, vedu a techniku","publisher":{"@id":"https:\/\/www.festivalvedy.sk\/wp2\/#organization"},"potentialAction":[{"@type":"SearchAction","target":{"@type":"EntryPoint","urlTemplate":"https:\/\/www.festivalvedy.sk\/wp2\/?s={search_term_string}"},"query-input":{"@type":"PropertyValueSpecification","valueRequired":true,"valueName":"search_term_string"}}],"inLanguage":"sk-SK"},{"@type":"Organization","@id":"https:\/\/www.festivalvedy.sk\/wp2\/#organization","name":"Festival vedy a techniky AMAVET","url":"https:\/\/www.festivalvedy.sk\/wp2\/","logo":{"@type":"ImageObject","inLanguage":"sk-SK","@id":"https:\/\/www.festivalvedy.sk\/wp2\/#\/schema\/logo\/image\/","url":"https:\/\/www.festivalvedy.sk\/wp2\/wp-content\/uploads\/2022\/02\/cropped-fvat-ochranna-zona.png","contentUrl":"https:\/\/www.festivalvedy.sk\/wp2\/wp-content\/uploads\/2022\/02\/cropped-fvat-ochranna-zona.png","width":1190,"height":357,"caption":"Festival vedy a techniky AMAVET"},"image":{"@id":"https:\/\/www.festivalvedy.sk\/wp2\/#\/schema\/logo\/image\/"}},{"@type":"Person","@id":"https:\/\/www.festivalvedy.sk\/wp2\/#\/schema\/person\/f6c2e17170a626260fe38db97ed0a1f5","name":"Redakcia","image":{"@type":"ImageObject","inLanguage":"sk-SK","@id":"https:\/\/secure.gravatar.com\/avatar\/2f7c312d560e25e8eb59b6b53cadd5dc16b39f25bac1c7d0a221dafd9c91fae9?s=96&d=mm&r=g","url":"https:\/\/secure.gravatar.com\/avatar\/2f7c312d560e25e8eb59b6b53cadd5dc16b39f25bac1c7d0a221dafd9c91fae9?s=96&d=mm&r=g","contentUrl":"https:\/\/secure.gravatar.com\/avatar\/2f7c312d560e25e8eb59b6b53cadd5dc16b39f25bac1c7d0a221dafd9c91fae9?s=96&d=mm&r=g","caption":"Redakcia"},"url":"https:\/\/www.festivalvedy.sk\/wp2\/author\/fvatadmin\/"}]}},"_links":{"self":[{"href":"https:\/\/www.festivalvedy.sk\/wp2\/wp-json\/wp\/v2\/posts\/817","targetHints":{"allow":["GET"]}}],"collection":[{"href":"https:\/\/www.festivalvedy.sk\/wp2\/wp-json\/wp\/v2\/posts"}],"about":[{"href":"https:\/\/www.festivalvedy.sk\/wp2\/wp-json\/wp\/v2\/types\/post"}],"author":[{"embeddable":true,"href":"https:\/\/www.festivalvedy.sk\/wp2\/wp-json\/wp\/v2\/users\/1"}],"replies":[{"embeddable":true,"href":"https:\/\/www.festivalvedy.sk\/wp2\/wp-json\/wp\/v2\/comments?post=817"}],"version-history":[{"count":0,"href":"https:\/\/www.festivalvedy.sk\/wp2\/wp-json\/wp\/v2\/posts\/817\/revisions"}],"wp:attachment":[{"href":"https:\/\/www.festivalvedy.sk\/wp2\/wp-json\/wp\/v2\/media?parent=817"}],"wp:term":[{"taxonomy":"category","embeddable":true,"href":"https:\/\/www.festivalvedy.sk\/wp2\/wp-json\/wp\/v2\/categories?post=817"},{"taxonomy":"post_tag","embeddable":true,"href":"https:\/\/www.festivalvedy.sk\/wp2\/wp-json\/wp\/v2\/tags?post=817"}],"curies":[{"name":"wp","href":"https:\/\/api.w.org\/{rel}","templated":true}]}}