{"id":818,"date":"2019-09-18T12:45:36","date_gmt":"2019-09-18T10:45:36","guid":{"rendered":"https:\/\/www.festivalvedy.sk\/wp2\/lego-vo-vzdelavani\/"},"modified":"2019-09-18T12:45:36","modified_gmt":"2019-09-18T10:45:36","slug":"lego-vo-vzdelavani","status":"publish","type":"post","link":"https:\/\/www.festivalvedy.sk\/wp2\/lego-vo-vzdelavani\/","title":{"rendered":"Lego vo vzdel\u00e1van\u00ed."},"content":{"rendered":"<p>Autor\/autori: Adam Bo\u017eek, Slavom\u00edr Slez\u00e1k<\/p>\n<p>Projekt mo\u017eno charakterizova\u0165, \u017ee je to s\u00fahrn praktick\u00fdch \u010dinnost\u00ed ( kon\u0161truovanie, zru\u010dnosti, predstavivos\u0165, dizajn) a teoreticko-praktick\u00fdch (pr\u00e1ca s po\u010d\u00edta\u010dom, programovanie a rozv\u00edjanie logick\u00e9ho myslenia). Probl\u00e9my, ktor\u00e9 sme rie\u0161ili mali medzipredmetov\u00fd charakter a preto ich pr\u00ednos k n\u00e1\u0161mu vzdel\u00e1vaniu bol zrete\u013en\u00fd. Chceli by sme tak\u00e9to \u00falohy rie\u0161i\u0165 i v praxi po skon\u010den\u00ed \u0161koly. Hlavn\u00fdm cie\u013eom projektu bolo predstavi\u0165 mo\u017enosti, ktor\u00e9 vo vzdel\u00e1van\u00ed a z\u00e1ujmovej \u010dinnosti aj na strednej \u0161kole Lego poskytuje z poh\u013eadu n\u00e1s \u0161tudentov. V\u00e4\u010d\u0161ina si mo\u017eno mysl\u00ed, \u017ee Lego patr\u00ed len do matersk\u00fdch \u0161k\u00f4l, na z\u00e1kladn\u00e9 \u0161koly, alebo domov na hranie. My chceme uk\u00e1za\u0165, \u017ee aj vo vzdel\u00e1van\u00ed stredo\u0161kol\u00e1kov m\u00e1 svoje miesto a vieme, \u017ee sa vyu\u017e\u00edva aj na niektor\u00fdch vysok\u00fdch \u0161kol\u00e1ch. Skon\u0161truovali sme dvoch robotov s kockami NXT a EV3. Porovnali sme ich vlastnosti.<\/p>\n","protected":false},"excerpt":{"rendered":"<p>Autor\/autori: Adam Bo\u017eek, Slavom\u00edr Slez\u00e1k Projekt mo\u017eno charakterizova\u0165, \u017ee je to s\u00fahrn praktick\u00fdch \u010dinnost\u00ed ( kon\u0161truovanie, zru\u010dnosti, predstavivos\u0165, dizajn) a teoreticko-praktick\u00fdch (pr\u00e1ca s po\u010d\u00edta\u010dom, programovanie a rozv\u00edjanie logick\u00e9ho myslenia). Probl\u00e9my, ktor\u00e9 sme rie\u0161ili mali medzipredmetov\u00fd charakter a preto ich pr\u00ednos k n\u00e1\u0161mu vzdel\u00e1vaniu bol zrete\u013en\u00fd. Chceli by sme tak\u00e9to \u00falohy rie\u0161i\u0165 i v praxi po [&hellip;]<\/p>\n","protected":false},"author":1,"featured_media":0,"comment_status":"open","ping_status":"open","sticky":false,"template":"","format":"standard","meta":{"om_disable_all_campaigns":false,"_monsterinsights_skip_tracking":false,"_monsterinsights_sitenote_active":false,"_monsterinsights_sitenote_note":"","_monsterinsights_sitenote_category":0,"_uf_show_specific_survey":0,"_uf_disable_surveys":false,"footnotes":""},"categories":[6,26],"tags":[8,27],"class_list":["post-818","post","type-post","status-publish","format-standard","hentry","category-6","category-spolocenske-vedy","tag-8","tag-spolocenske-vedy"],"yoast_head":"<!-- This site is optimized with the Yoast SEO plugin v27.2 - https:\/\/yoast.com\/product\/yoast-seo-wordpress\/ -->\n<title>Lego vo vzdel\u00e1van\u00ed. - Festival vedy a techniky AMAVET<\/title>\n<meta name=\"robots\" content=\"index, follow, max-snippet:-1, max-image-preview:large, max-video-preview:-1\" \/>\n<link rel=\"canonical\" href=\"https:\/\/www.festivalvedy.sk\/wp2\/lego-vo-vzdelavani\/\" \/>\n<meta property=\"og:locale\" content=\"sk_SK\" \/>\n<meta property=\"og:type\" content=\"article\" \/>\n<meta property=\"og:title\" content=\"Lego vo vzdel\u00e1van\u00ed. - Festival vedy a techniky AMAVET\" \/>\n<meta property=\"og:description\" content=\"Autor\/autori: Adam Bo\u017eek, Slavom\u00edr Slez\u00e1k Projekt mo\u017eno charakterizova\u0165, \u017ee je to s\u00fahrn praktick\u00fdch \u010dinnost\u00ed ( kon\u0161truovanie, zru\u010dnosti, predstavivos\u0165, dizajn) a teoreticko-praktick\u00fdch (pr\u00e1ca s po\u010d\u00edta\u010dom, programovanie a rozv\u00edjanie logick\u00e9ho myslenia). Probl\u00e9my, ktor\u00e9 sme rie\u0161ili mali medzipredmetov\u00fd charakter a preto ich pr\u00ednos k n\u00e1\u0161mu vzdel\u00e1vaniu bol zrete\u013en\u00fd. Chceli by sme tak\u00e9to \u00falohy rie\u0161i\u0165 i v praxi po [&hellip;]\" \/>\n<meta property=\"og:url\" content=\"https:\/\/www.festivalvedy.sk\/wp2\/lego-vo-vzdelavani\/\" \/>\n<meta property=\"og:site_name\" content=\"Festival vedy a techniky AMAVET\" \/>\n<meta property=\"article:published_time\" content=\"2019-09-18T10:45:36+00:00\" \/>\n<meta name=\"author\" content=\"Redakcia\" \/>\n<meta name=\"twitter:card\" content=\"summary_large_image\" \/>\n<meta name=\"twitter:label1\" content=\"Autor\" \/>\n\t<meta name=\"twitter:data1\" content=\"Redakcia\" \/>\n\t<meta name=\"twitter:label2\" content=\"Predpokladan\u00fd \u010das \u010d\u00edtania\" \/>\n\t<meta name=\"twitter:data2\" content=\"1 min\u00fata\" \/>\n<script type=\"application\/ld+json\" class=\"yoast-schema-graph\">{\"@context\":\"https:\/\/schema.org\",\"@graph\":[{\"@type\":\"Article\",\"@id\":\"https:\/\/www.festivalvedy.sk\/wp2\/lego-vo-vzdelavani\/#article\",\"isPartOf\":{\"@id\":\"https:\/\/www.festivalvedy.sk\/wp2\/lego-vo-vzdelavani\/\"},\"author\":{\"name\":\"Redakcia\",\"@id\":\"https:\/\/www.festivalvedy.sk\/wp2\/#\/schema\/person\/f6c2e17170a626260fe38db97ed0a1f5\"},\"headline\":\"Lego vo vzdel\u00e1van\u00ed.\",\"datePublished\":\"2019-09-18T10:45:36+00:00\",\"mainEntityOfPage\":{\"@id\":\"https:\/\/www.festivalvedy.sk\/wp2\/lego-vo-vzdelavani\/\"},\"wordCount\":179,\"commentCount\":0,\"publisher\":{\"@id\":\"https:\/\/www.festivalvedy.sk\/wp2\/#organization\"},\"keywords\":[\"2019\",\"Spolo\u010densk\u00e9 vedy\"],\"articleSection\":[\"Arch\u00edv 2018\",\"Spolo\u010densk\u00e9 vedy\"],\"inLanguage\":\"sk-SK\"},{\"@type\":\"WebPage\",\"@id\":\"https:\/\/www.festivalvedy.sk\/wp2\/lego-vo-vzdelavani\/\",\"url\":\"https:\/\/www.festivalvedy.sk\/wp2\/lego-vo-vzdelavani\/\",\"name\":\"Lego vo vzdel\u00e1van\u00ed. - Festival vedy a techniky AMAVET\",\"isPartOf\":{\"@id\":\"https:\/\/www.festivalvedy.sk\/wp2\/#website\"},\"datePublished\":\"2019-09-18T10:45:36+00:00\",\"breadcrumb\":{\"@id\":\"https:\/\/www.festivalvedy.sk\/wp2\/lego-vo-vzdelavani\/#breadcrumb\"},\"inLanguage\":\"sk-SK\",\"potentialAction\":[{\"@type\":\"ReadAction\",\"target\":[\"https:\/\/www.festivalvedy.sk\/wp2\/lego-vo-vzdelavani\/\"]}]},{\"@type\":\"BreadcrumbList\",\"@id\":\"https:\/\/www.festivalvedy.sk\/wp2\/lego-vo-vzdelavani\/#breadcrumb\",\"itemListElement\":[{\"@type\":\"ListItem\",\"position\":1,\"name\":\"Home\",\"item\":\"https:\/\/www.festivalvedy.sk\/wp2\/\"},{\"@type\":\"ListItem\",\"position\":2,\"name\":\"Lego vo vzdel\u00e1van\u00ed.\"}]},{\"@type\":\"WebSite\",\"@id\":\"https:\/\/www.festivalvedy.sk\/wp2\/#website\",\"url\":\"https:\/\/www.festivalvedy.sk\/wp2\/\",\"name\":\"Festival vedy a techniky AMAVET\",\"description\":\"AMAVET - Asoci\u00e1cia pre ml\u00e1de\u017e, vedu a techniku\",\"publisher\":{\"@id\":\"https:\/\/www.festivalvedy.sk\/wp2\/#organization\"},\"potentialAction\":[{\"@type\":\"SearchAction\",\"target\":{\"@type\":\"EntryPoint\",\"urlTemplate\":\"https:\/\/www.festivalvedy.sk\/wp2\/?s={search_term_string}\"},\"query-input\":{\"@type\":\"PropertyValueSpecification\",\"valueRequired\":true,\"valueName\":\"search_term_string\"}}],\"inLanguage\":\"sk-SK\"},{\"@type\":\"Organization\",\"@id\":\"https:\/\/www.festivalvedy.sk\/wp2\/#organization\",\"name\":\"Festival vedy a techniky AMAVET\",\"url\":\"https:\/\/www.festivalvedy.sk\/wp2\/\",\"logo\":{\"@type\":\"ImageObject\",\"inLanguage\":\"sk-SK\",\"@id\":\"https:\/\/www.festivalvedy.sk\/wp2\/#\/schema\/logo\/image\/\",\"url\":\"https:\/\/www.festivalvedy.sk\/wp2\/wp-content\/uploads\/2022\/02\/cropped-fvat-ochranna-zona.png\",\"contentUrl\":\"https:\/\/www.festivalvedy.sk\/wp2\/wp-content\/uploads\/2022\/02\/cropped-fvat-ochranna-zona.png\",\"width\":1190,\"height\":357,\"caption\":\"Festival vedy a techniky AMAVET\"},\"image\":{\"@id\":\"https:\/\/www.festivalvedy.sk\/wp2\/#\/schema\/logo\/image\/\"}},{\"@type\":\"Person\",\"@id\":\"https:\/\/www.festivalvedy.sk\/wp2\/#\/schema\/person\/f6c2e17170a626260fe38db97ed0a1f5\",\"name\":\"Redakcia\",\"image\":{\"@type\":\"ImageObject\",\"inLanguage\":\"sk-SK\",\"@id\":\"https:\/\/secure.gravatar.com\/avatar\/2f7c312d560e25e8eb59b6b53cadd5dc16b39f25bac1c7d0a221dafd9c91fae9?s=96&d=mm&r=g\",\"url\":\"https:\/\/secure.gravatar.com\/avatar\/2f7c312d560e25e8eb59b6b53cadd5dc16b39f25bac1c7d0a221dafd9c91fae9?s=96&d=mm&r=g\",\"contentUrl\":\"https:\/\/secure.gravatar.com\/avatar\/2f7c312d560e25e8eb59b6b53cadd5dc16b39f25bac1c7d0a221dafd9c91fae9?s=96&d=mm&r=g\",\"caption\":\"Redakcia\"},\"url\":\"https:\/\/www.festivalvedy.sk\/wp2\/author\/fvatadmin\/\"}]}<\/script>\n<!-- \/ Yoast SEO plugin. -->","yoast_head_json":{"title":"Lego vo vzdel\u00e1van\u00ed. - Festival vedy a techniky AMAVET","robots":{"index":"index","follow":"follow","max-snippet":"max-snippet:-1","max-image-preview":"max-image-preview:large","max-video-preview":"max-video-preview:-1"},"canonical":"https:\/\/www.festivalvedy.sk\/wp2\/lego-vo-vzdelavani\/","og_locale":"sk_SK","og_type":"article","og_title":"Lego vo vzdel\u00e1van\u00ed. - Festival vedy a techniky AMAVET","og_description":"Autor\/autori: Adam Bo\u017eek, Slavom\u00edr Slez\u00e1k Projekt mo\u017eno charakterizova\u0165, \u017ee je to s\u00fahrn praktick\u00fdch \u010dinnost\u00ed ( kon\u0161truovanie, zru\u010dnosti, predstavivos\u0165, dizajn) a teoreticko-praktick\u00fdch (pr\u00e1ca s po\u010d\u00edta\u010dom, programovanie a rozv\u00edjanie logick\u00e9ho myslenia). Probl\u00e9my, ktor\u00e9 sme rie\u0161ili mali medzipredmetov\u00fd charakter a preto ich pr\u00ednos k n\u00e1\u0161mu vzdel\u00e1vaniu bol zrete\u013en\u00fd. Chceli by sme tak\u00e9to \u00falohy rie\u0161i\u0165 i v praxi po [&hellip;]","og_url":"https:\/\/www.festivalvedy.sk\/wp2\/lego-vo-vzdelavani\/","og_site_name":"Festival vedy a techniky AMAVET","article_published_time":"2019-09-18T10:45:36+00:00","author":"Redakcia","twitter_card":"summary_large_image","twitter_misc":{"Autor":"Redakcia","Predpokladan\u00fd \u010das \u010d\u00edtania":"1 min\u00fata"},"schema":{"@context":"https:\/\/schema.org","@graph":[{"@type":"Article","@id":"https:\/\/www.festivalvedy.sk\/wp2\/lego-vo-vzdelavani\/#article","isPartOf":{"@id":"https:\/\/www.festivalvedy.sk\/wp2\/lego-vo-vzdelavani\/"},"author":{"name":"Redakcia","@id":"https:\/\/www.festivalvedy.sk\/wp2\/#\/schema\/person\/f6c2e17170a626260fe38db97ed0a1f5"},"headline":"Lego vo vzdel\u00e1van\u00ed.","datePublished":"2019-09-18T10:45:36+00:00","mainEntityOfPage":{"@id":"https:\/\/www.festivalvedy.sk\/wp2\/lego-vo-vzdelavani\/"},"wordCount":179,"commentCount":0,"publisher":{"@id":"https:\/\/www.festivalvedy.sk\/wp2\/#organization"},"keywords":["2019","Spolo\u010densk\u00e9 vedy"],"articleSection":["Arch\u00edv 2018","Spolo\u010densk\u00e9 vedy"],"inLanguage":"sk-SK"},{"@type":"WebPage","@id":"https:\/\/www.festivalvedy.sk\/wp2\/lego-vo-vzdelavani\/","url":"https:\/\/www.festivalvedy.sk\/wp2\/lego-vo-vzdelavani\/","name":"Lego vo vzdel\u00e1van\u00ed. - Festival vedy a techniky AMAVET","isPartOf":{"@id":"https:\/\/www.festivalvedy.sk\/wp2\/#website"},"datePublished":"2019-09-18T10:45:36+00:00","breadcrumb":{"@id":"https:\/\/www.festivalvedy.sk\/wp2\/lego-vo-vzdelavani\/#breadcrumb"},"inLanguage":"sk-SK","potentialAction":[{"@type":"ReadAction","target":["https:\/\/www.festivalvedy.sk\/wp2\/lego-vo-vzdelavani\/"]}]},{"@type":"BreadcrumbList","@id":"https:\/\/www.festivalvedy.sk\/wp2\/lego-vo-vzdelavani\/#breadcrumb","itemListElement":[{"@type":"ListItem","position":1,"name":"Home","item":"https:\/\/www.festivalvedy.sk\/wp2\/"},{"@type":"ListItem","position":2,"name":"Lego vo vzdel\u00e1van\u00ed."}]},{"@type":"WebSite","@id":"https:\/\/www.festivalvedy.sk\/wp2\/#website","url":"https:\/\/www.festivalvedy.sk\/wp2\/","name":"Festival vedy a techniky AMAVET","description":"AMAVET - Asoci\u00e1cia pre ml\u00e1de\u017e, vedu a techniku","publisher":{"@id":"https:\/\/www.festivalvedy.sk\/wp2\/#organization"},"potentialAction":[{"@type":"SearchAction","target":{"@type":"EntryPoint","urlTemplate":"https:\/\/www.festivalvedy.sk\/wp2\/?s={search_term_string}"},"query-input":{"@type":"PropertyValueSpecification","valueRequired":true,"valueName":"search_term_string"}}],"inLanguage":"sk-SK"},{"@type":"Organization","@id":"https:\/\/www.festivalvedy.sk\/wp2\/#organization","name":"Festival vedy a techniky AMAVET","url":"https:\/\/www.festivalvedy.sk\/wp2\/","logo":{"@type":"ImageObject","inLanguage":"sk-SK","@id":"https:\/\/www.festivalvedy.sk\/wp2\/#\/schema\/logo\/image\/","url":"https:\/\/www.festivalvedy.sk\/wp2\/wp-content\/uploads\/2022\/02\/cropped-fvat-ochranna-zona.png","contentUrl":"https:\/\/www.festivalvedy.sk\/wp2\/wp-content\/uploads\/2022\/02\/cropped-fvat-ochranna-zona.png","width":1190,"height":357,"caption":"Festival vedy a techniky AMAVET"},"image":{"@id":"https:\/\/www.festivalvedy.sk\/wp2\/#\/schema\/logo\/image\/"}},{"@type":"Person","@id":"https:\/\/www.festivalvedy.sk\/wp2\/#\/schema\/person\/f6c2e17170a626260fe38db97ed0a1f5","name":"Redakcia","image":{"@type":"ImageObject","inLanguage":"sk-SK","@id":"https:\/\/secure.gravatar.com\/avatar\/2f7c312d560e25e8eb59b6b53cadd5dc16b39f25bac1c7d0a221dafd9c91fae9?s=96&d=mm&r=g","url":"https:\/\/secure.gravatar.com\/avatar\/2f7c312d560e25e8eb59b6b53cadd5dc16b39f25bac1c7d0a221dafd9c91fae9?s=96&d=mm&r=g","contentUrl":"https:\/\/secure.gravatar.com\/avatar\/2f7c312d560e25e8eb59b6b53cadd5dc16b39f25bac1c7d0a221dafd9c91fae9?s=96&d=mm&r=g","caption":"Redakcia"},"url":"https:\/\/www.festivalvedy.sk\/wp2\/author\/fvatadmin\/"}]}},"_links":{"self":[{"href":"https:\/\/www.festivalvedy.sk\/wp2\/wp-json\/wp\/v2\/posts\/818","targetHints":{"allow":["GET"]}}],"collection":[{"href":"https:\/\/www.festivalvedy.sk\/wp2\/wp-json\/wp\/v2\/posts"}],"about":[{"href":"https:\/\/www.festivalvedy.sk\/wp2\/wp-json\/wp\/v2\/types\/post"}],"author":[{"embeddable":true,"href":"https:\/\/www.festivalvedy.sk\/wp2\/wp-json\/wp\/v2\/users\/1"}],"replies":[{"embeddable":true,"href":"https:\/\/www.festivalvedy.sk\/wp2\/wp-json\/wp\/v2\/comments?post=818"}],"version-history":[{"count":0,"href":"https:\/\/www.festivalvedy.sk\/wp2\/wp-json\/wp\/v2\/posts\/818\/revisions"}],"wp:attachment":[{"href":"https:\/\/www.festivalvedy.sk\/wp2\/wp-json\/wp\/v2\/media?parent=818"}],"wp:term":[{"taxonomy":"category","embeddable":true,"href":"https:\/\/www.festivalvedy.sk\/wp2\/wp-json\/wp\/v2\/categories?post=818"},{"taxonomy":"post_tag","embeddable":true,"href":"https:\/\/www.festivalvedy.sk\/wp2\/wp-json\/wp\/v2\/tags?post=818"}],"curies":[{"name":"wp","href":"https:\/\/api.w.org\/{rel}","templated":true}]}}