{"id":821,"date":"2019-09-18T12:45:38","date_gmt":"2019-09-18T10:45:38","guid":{"rendered":"https:\/\/www.festivalvedy.sk\/wp2\/nevyhadzuj-nezahadzuj-rozmyslaj-a-separuj\/"},"modified":"2019-09-18T12:45:38","modified_gmt":"2019-09-18T10:45:38","slug":"nevyhadzuj-nezahadzuj-rozmyslaj-a-separuj","status":"publish","type":"post","link":"https:\/\/www.festivalvedy.sk\/wp2\/nevyhadzuj-nezahadzuj-rozmyslaj-a-separuj\/","title":{"rendered":"Nevyhadzuj, nezahadzuj, rozm\u00fd\u0161\u013eaj a separuj"},"content":{"rendered":"<p>Autor\/autori: Petra Repisk\u00e1, \u0160imon Lev\u010d\u00edk<\/p>\n<p>Priznajme sa, ko\u013eko odpadkov, ktor\u00e9 mali skon\u010di\u0165 v separovanom zbere, sme dnes hodili do ko\u0161a. \u0160upku z ban\u00e1na, plechovku od piva, papier \u010di plast&#8230; Ur\u010dite aspo\u0148 dve veci, ktor\u00e9 tam nepatria. A pritom dobre vieme, \u017ee od roku 2010 je separovanie odpadu povinn\u00e9 pre v\u0161etky obce a mest\u00e1 v SR. Ke\u010f\u017ee m\u00e1me e\u0161te aj my sami rezervy v tom, ako separova\u0165, rozhodli sme sa zisti\u0165 z\u00e1kladn\u00e9 pravidl\u00e1 separovania a z\u00e1rove\u0148 sa dozvedie\u0165, ako je na tom na\u0161a obec.<br \/>\nNa internete sme zozbierali inform\u00e1cie t\u00fdkaj\u00face sa danej t\u00e9my, na str\u00e1nkach obce sme zis\u0165ovali, ako sa separuje v Papradne. Vyp\u00edsali sme si recykla\u010dn\u00e9 symboly, ktor\u00e9 pom\u00e1haj\u00fa \u013eu\u010fom pri tom, do ktorej n\u00e1doby separovan\u00fd zber patr\u00ed. Boli sme na exkurzii na zbernom dvore aj na obecnom \u00farade. Tu sme zistili, \u017ee v dedine s\u00fa n\u00e1doby na separovan\u00fd zber na 19-tich miestach. Poskytli n\u00e1m aj \u010d\u00edseln\u00e9 \u00fadaje o mno\u017estve odpadu, ktor\u00fd sme v Papradne vyprodukovali v rokoch 2013 \u2013 2017, a tieto sme porovnali s \u00fadajmi z Brvni\u0161\u0165a, Stupn\u00e9ho, Jasenice a Pova\u017eskej Bystrice. Katar\u00edna Jopekov\u00e1 z Megawaste n\u00e1s informovala o sp\u00f4sobe zberu a separovania i o naj\u010dastej\u0161\u00edch chyb\u00e1ch, ktor\u00e9 \u013eudia pri separovan\u00ed robia.<br \/>\nV\u0161etky inform\u00e1cie sme zosumarizovali, spracovali do grafov a vystaven\u00e9 postery sme umiestnili vo vestibule \u0161koly. Dospeli sme k z\u00e1veru, \u017ee v posledn\u00fdch rokoch sa stav separovania u n\u00e1s zlep\u0161il. S t\u00fdmito poznatkami sme obozn\u00e1mili spolu\u017eiakov i ob\u010danov prostredn\u00edctvom dedinsk\u00fdch nov\u00edn.<\/p>\n","protected":false},"excerpt":{"rendered":"<p>Autor\/autori: Petra Repisk\u00e1, \u0160imon Lev\u010d\u00edk Priznajme sa, ko\u013eko odpadkov, ktor\u00e9 mali skon\u010di\u0165 v separovanom zbere, sme dnes hodili do ko\u0161a. \u0160upku z ban\u00e1na, plechovku od piva, papier \u010di plast&#8230; Ur\u010dite aspo\u0148 dve veci, ktor\u00e9 tam nepatria. A pritom dobre vieme, \u017ee od roku 2010 je separovanie odpadu povinn\u00e9 pre v\u0161etky obce a mest\u00e1 v SR. [&hellip;]<\/p>\n","protected":false},"author":1,"featured_media":0,"comment_status":"open","ping_status":"open","sticky":false,"template":"","format":"standard","meta":{"om_disable_all_campaigns":false,"_monsterinsights_skip_tracking":false,"_monsterinsights_sitenote_active":false,"_monsterinsights_sitenote_note":"","_monsterinsights_sitenote_category":0,"_uf_show_specific_survey":0,"_uf_disable_surveys":false,"footnotes":""},"categories":[6,16],"tags":[8,17],"class_list":["post-821","post","type-post","status-publish","format-standard","hentry","category-6","category-environmentalne-vedy","tag-8","tag-environmentalne-vedy"],"yoast_head":"<!-- This site is optimized with the Yoast SEO plugin v27.2 - https:\/\/yoast.com\/product\/yoast-seo-wordpress\/ -->\n<title>Nevyhadzuj, nezahadzuj, rozm\u00fd\u0161\u013eaj a separuj - Festival vedy a techniky AMAVET<\/title>\n<meta name=\"robots\" content=\"index, follow, max-snippet:-1, max-image-preview:large, max-video-preview:-1\" \/>\n<link rel=\"canonical\" href=\"https:\/\/www.festivalvedy.sk\/wp2\/nevyhadzuj-nezahadzuj-rozmyslaj-a-separuj\/\" \/>\n<meta property=\"og:locale\" content=\"sk_SK\" \/>\n<meta property=\"og:type\" content=\"article\" \/>\n<meta property=\"og:title\" content=\"Nevyhadzuj, nezahadzuj, rozm\u00fd\u0161\u013eaj a separuj - Festival vedy a techniky AMAVET\" \/>\n<meta property=\"og:description\" content=\"Autor\/autori: Petra Repisk\u00e1, \u0160imon Lev\u010d\u00edk Priznajme sa, ko\u013eko odpadkov, ktor\u00e9 mali skon\u010di\u0165 v separovanom zbere, sme dnes hodili do ko\u0161a. \u0160upku z ban\u00e1na, plechovku od piva, papier \u010di plast&#8230; Ur\u010dite aspo\u0148 dve veci, ktor\u00e9 tam nepatria. A pritom dobre vieme, \u017ee od roku 2010 je separovanie odpadu povinn\u00e9 pre v\u0161etky obce a mest\u00e1 v SR. [&hellip;]\" \/>\n<meta property=\"og:url\" content=\"https:\/\/www.festivalvedy.sk\/wp2\/nevyhadzuj-nezahadzuj-rozmyslaj-a-separuj\/\" \/>\n<meta property=\"og:site_name\" content=\"Festival vedy a techniky AMAVET\" \/>\n<meta property=\"article:published_time\" content=\"2019-09-18T10:45:38+00:00\" \/>\n<meta name=\"author\" content=\"Redakcia\" \/>\n<meta name=\"twitter:card\" content=\"summary_large_image\" \/>\n<meta name=\"twitter:label1\" content=\"Autor\" \/>\n\t<meta name=\"twitter:data1\" content=\"Redakcia\" \/>\n\t<meta name=\"twitter:label2\" content=\"Predpokladan\u00fd \u010das \u010d\u00edtania\" \/>\n\t<meta name=\"twitter:data2\" content=\"1 min\u00fata\" \/>\n<script type=\"application\/ld+json\" class=\"yoast-schema-graph\">{\"@context\":\"https:\/\/schema.org\",\"@graph\":[{\"@type\":\"Article\",\"@id\":\"https:\/\/www.festivalvedy.sk\/wp2\/nevyhadzuj-nezahadzuj-rozmyslaj-a-separuj\/#article\",\"isPartOf\":{\"@id\":\"https:\/\/www.festivalvedy.sk\/wp2\/nevyhadzuj-nezahadzuj-rozmyslaj-a-separuj\/\"},\"author\":{\"name\":\"Redakcia\",\"@id\":\"https:\/\/www.festivalvedy.sk\/wp2\/#\/schema\/person\/f6c2e17170a626260fe38db97ed0a1f5\"},\"headline\":\"Nevyhadzuj, nezahadzuj, rozm\u00fd\u0161\u013eaj a separuj\",\"datePublished\":\"2019-09-18T10:45:38+00:00\",\"mainEntityOfPage\":{\"@id\":\"https:\/\/www.festivalvedy.sk\/wp2\/nevyhadzuj-nezahadzuj-rozmyslaj-a-separuj\/\"},\"wordCount\":286,\"commentCount\":0,\"publisher\":{\"@id\":\"https:\/\/www.festivalvedy.sk\/wp2\/#organization\"},\"keywords\":[\"2019\",\"Environment\u00e1lne vedy\"],\"articleSection\":[\"Arch\u00edv 2018\",\"Environment\u00e1lne vedy\"],\"inLanguage\":\"sk-SK\"},{\"@type\":\"WebPage\",\"@id\":\"https:\/\/www.festivalvedy.sk\/wp2\/nevyhadzuj-nezahadzuj-rozmyslaj-a-separuj\/\",\"url\":\"https:\/\/www.festivalvedy.sk\/wp2\/nevyhadzuj-nezahadzuj-rozmyslaj-a-separuj\/\",\"name\":\"Nevyhadzuj, nezahadzuj, rozm\u00fd\u0161\u013eaj a separuj - Festival vedy a techniky AMAVET\",\"isPartOf\":{\"@id\":\"https:\/\/www.festivalvedy.sk\/wp2\/#website\"},\"datePublished\":\"2019-09-18T10:45:38+00:00\",\"breadcrumb\":{\"@id\":\"https:\/\/www.festivalvedy.sk\/wp2\/nevyhadzuj-nezahadzuj-rozmyslaj-a-separuj\/#breadcrumb\"},\"inLanguage\":\"sk-SK\",\"potentialAction\":[{\"@type\":\"ReadAction\",\"target\":[\"https:\/\/www.festivalvedy.sk\/wp2\/nevyhadzuj-nezahadzuj-rozmyslaj-a-separuj\/\"]}]},{\"@type\":\"BreadcrumbList\",\"@id\":\"https:\/\/www.festivalvedy.sk\/wp2\/nevyhadzuj-nezahadzuj-rozmyslaj-a-separuj\/#breadcrumb\",\"itemListElement\":[{\"@type\":\"ListItem\",\"position\":1,\"name\":\"Home\",\"item\":\"https:\/\/www.festivalvedy.sk\/wp2\/\"},{\"@type\":\"ListItem\",\"position\":2,\"name\":\"Nevyhadzuj, nezahadzuj, rozm\u00fd\u0161\u013eaj a separuj\"}]},{\"@type\":\"WebSite\",\"@id\":\"https:\/\/www.festivalvedy.sk\/wp2\/#website\",\"url\":\"https:\/\/www.festivalvedy.sk\/wp2\/\",\"name\":\"Festival vedy a techniky AMAVET\",\"description\":\"AMAVET - Asoci\u00e1cia pre ml\u00e1de\u017e, vedu a techniku\",\"publisher\":{\"@id\":\"https:\/\/www.festivalvedy.sk\/wp2\/#organization\"},\"potentialAction\":[{\"@type\":\"SearchAction\",\"target\":{\"@type\":\"EntryPoint\",\"urlTemplate\":\"https:\/\/www.festivalvedy.sk\/wp2\/?s={search_term_string}\"},\"query-input\":{\"@type\":\"PropertyValueSpecification\",\"valueRequired\":true,\"valueName\":\"search_term_string\"}}],\"inLanguage\":\"sk-SK\"},{\"@type\":\"Organization\",\"@id\":\"https:\/\/www.festivalvedy.sk\/wp2\/#organization\",\"name\":\"Festival vedy a techniky AMAVET\",\"url\":\"https:\/\/www.festivalvedy.sk\/wp2\/\",\"logo\":{\"@type\":\"ImageObject\",\"inLanguage\":\"sk-SK\",\"@id\":\"https:\/\/www.festivalvedy.sk\/wp2\/#\/schema\/logo\/image\/\",\"url\":\"https:\/\/www.festivalvedy.sk\/wp2\/wp-content\/uploads\/2022\/02\/cropped-fvat-ochranna-zona.png\",\"contentUrl\":\"https:\/\/www.festivalvedy.sk\/wp2\/wp-content\/uploads\/2022\/02\/cropped-fvat-ochranna-zona.png\",\"width\":1190,\"height\":357,\"caption\":\"Festival vedy a techniky AMAVET\"},\"image\":{\"@id\":\"https:\/\/www.festivalvedy.sk\/wp2\/#\/schema\/logo\/image\/\"}},{\"@type\":\"Person\",\"@id\":\"https:\/\/www.festivalvedy.sk\/wp2\/#\/schema\/person\/f6c2e17170a626260fe38db97ed0a1f5\",\"name\":\"Redakcia\",\"image\":{\"@type\":\"ImageObject\",\"inLanguage\":\"sk-SK\",\"@id\":\"https:\/\/secure.gravatar.com\/avatar\/2f7c312d560e25e8eb59b6b53cadd5dc16b39f25bac1c7d0a221dafd9c91fae9?s=96&d=mm&r=g\",\"url\":\"https:\/\/secure.gravatar.com\/avatar\/2f7c312d560e25e8eb59b6b53cadd5dc16b39f25bac1c7d0a221dafd9c91fae9?s=96&d=mm&r=g\",\"contentUrl\":\"https:\/\/secure.gravatar.com\/avatar\/2f7c312d560e25e8eb59b6b53cadd5dc16b39f25bac1c7d0a221dafd9c91fae9?s=96&d=mm&r=g\",\"caption\":\"Redakcia\"},\"url\":\"https:\/\/www.festivalvedy.sk\/wp2\/author\/fvatadmin\/\"}]}<\/script>\n<!-- \/ Yoast SEO plugin. -->","yoast_head_json":{"title":"Nevyhadzuj, nezahadzuj, rozm\u00fd\u0161\u013eaj a separuj - Festival vedy a techniky AMAVET","robots":{"index":"index","follow":"follow","max-snippet":"max-snippet:-1","max-image-preview":"max-image-preview:large","max-video-preview":"max-video-preview:-1"},"canonical":"https:\/\/www.festivalvedy.sk\/wp2\/nevyhadzuj-nezahadzuj-rozmyslaj-a-separuj\/","og_locale":"sk_SK","og_type":"article","og_title":"Nevyhadzuj, nezahadzuj, rozm\u00fd\u0161\u013eaj a separuj - Festival vedy a techniky AMAVET","og_description":"Autor\/autori: Petra Repisk\u00e1, \u0160imon Lev\u010d\u00edk Priznajme sa, ko\u013eko odpadkov, ktor\u00e9 mali skon\u010di\u0165 v separovanom zbere, sme dnes hodili do ko\u0161a. \u0160upku z ban\u00e1na, plechovku od piva, papier \u010di plast&#8230; Ur\u010dite aspo\u0148 dve veci, ktor\u00e9 tam nepatria. A pritom dobre vieme, \u017ee od roku 2010 je separovanie odpadu povinn\u00e9 pre v\u0161etky obce a mest\u00e1 v SR. [&hellip;]","og_url":"https:\/\/www.festivalvedy.sk\/wp2\/nevyhadzuj-nezahadzuj-rozmyslaj-a-separuj\/","og_site_name":"Festival vedy a techniky AMAVET","article_published_time":"2019-09-18T10:45:38+00:00","author":"Redakcia","twitter_card":"summary_large_image","twitter_misc":{"Autor":"Redakcia","Predpokladan\u00fd \u010das \u010d\u00edtania":"1 min\u00fata"},"schema":{"@context":"https:\/\/schema.org","@graph":[{"@type":"Article","@id":"https:\/\/www.festivalvedy.sk\/wp2\/nevyhadzuj-nezahadzuj-rozmyslaj-a-separuj\/#article","isPartOf":{"@id":"https:\/\/www.festivalvedy.sk\/wp2\/nevyhadzuj-nezahadzuj-rozmyslaj-a-separuj\/"},"author":{"name":"Redakcia","@id":"https:\/\/www.festivalvedy.sk\/wp2\/#\/schema\/person\/f6c2e17170a626260fe38db97ed0a1f5"},"headline":"Nevyhadzuj, nezahadzuj, rozm\u00fd\u0161\u013eaj a separuj","datePublished":"2019-09-18T10:45:38+00:00","mainEntityOfPage":{"@id":"https:\/\/www.festivalvedy.sk\/wp2\/nevyhadzuj-nezahadzuj-rozmyslaj-a-separuj\/"},"wordCount":286,"commentCount":0,"publisher":{"@id":"https:\/\/www.festivalvedy.sk\/wp2\/#organization"},"keywords":["2019","Environment\u00e1lne vedy"],"articleSection":["Arch\u00edv 2018","Environment\u00e1lne vedy"],"inLanguage":"sk-SK"},{"@type":"WebPage","@id":"https:\/\/www.festivalvedy.sk\/wp2\/nevyhadzuj-nezahadzuj-rozmyslaj-a-separuj\/","url":"https:\/\/www.festivalvedy.sk\/wp2\/nevyhadzuj-nezahadzuj-rozmyslaj-a-separuj\/","name":"Nevyhadzuj, nezahadzuj, rozm\u00fd\u0161\u013eaj a separuj - Festival vedy a techniky AMAVET","isPartOf":{"@id":"https:\/\/www.festivalvedy.sk\/wp2\/#website"},"datePublished":"2019-09-18T10:45:38+00:00","breadcrumb":{"@id":"https:\/\/www.festivalvedy.sk\/wp2\/nevyhadzuj-nezahadzuj-rozmyslaj-a-separuj\/#breadcrumb"},"inLanguage":"sk-SK","potentialAction":[{"@type":"ReadAction","target":["https:\/\/www.festivalvedy.sk\/wp2\/nevyhadzuj-nezahadzuj-rozmyslaj-a-separuj\/"]}]},{"@type":"BreadcrumbList","@id":"https:\/\/www.festivalvedy.sk\/wp2\/nevyhadzuj-nezahadzuj-rozmyslaj-a-separuj\/#breadcrumb","itemListElement":[{"@type":"ListItem","position":1,"name":"Home","item":"https:\/\/www.festivalvedy.sk\/wp2\/"},{"@type":"ListItem","position":2,"name":"Nevyhadzuj, nezahadzuj, rozm\u00fd\u0161\u013eaj a separuj"}]},{"@type":"WebSite","@id":"https:\/\/www.festivalvedy.sk\/wp2\/#website","url":"https:\/\/www.festivalvedy.sk\/wp2\/","name":"Festival vedy a techniky AMAVET","description":"AMAVET - Asoci\u00e1cia pre ml\u00e1de\u017e, vedu a techniku","publisher":{"@id":"https:\/\/www.festivalvedy.sk\/wp2\/#organization"},"potentialAction":[{"@type":"SearchAction","target":{"@type":"EntryPoint","urlTemplate":"https:\/\/www.festivalvedy.sk\/wp2\/?s={search_term_string}"},"query-input":{"@type":"PropertyValueSpecification","valueRequired":true,"valueName":"search_term_string"}}],"inLanguage":"sk-SK"},{"@type":"Organization","@id":"https:\/\/www.festivalvedy.sk\/wp2\/#organization","name":"Festival vedy a techniky AMAVET","url":"https:\/\/www.festivalvedy.sk\/wp2\/","logo":{"@type":"ImageObject","inLanguage":"sk-SK","@id":"https:\/\/www.festivalvedy.sk\/wp2\/#\/schema\/logo\/image\/","url":"https:\/\/www.festivalvedy.sk\/wp2\/wp-content\/uploads\/2022\/02\/cropped-fvat-ochranna-zona.png","contentUrl":"https:\/\/www.festivalvedy.sk\/wp2\/wp-content\/uploads\/2022\/02\/cropped-fvat-ochranna-zona.png","width":1190,"height":357,"caption":"Festival vedy a techniky AMAVET"},"image":{"@id":"https:\/\/www.festivalvedy.sk\/wp2\/#\/schema\/logo\/image\/"}},{"@type":"Person","@id":"https:\/\/www.festivalvedy.sk\/wp2\/#\/schema\/person\/f6c2e17170a626260fe38db97ed0a1f5","name":"Redakcia","image":{"@type":"ImageObject","inLanguage":"sk-SK","@id":"https:\/\/secure.gravatar.com\/avatar\/2f7c312d560e25e8eb59b6b53cadd5dc16b39f25bac1c7d0a221dafd9c91fae9?s=96&d=mm&r=g","url":"https:\/\/secure.gravatar.com\/avatar\/2f7c312d560e25e8eb59b6b53cadd5dc16b39f25bac1c7d0a221dafd9c91fae9?s=96&d=mm&r=g","contentUrl":"https:\/\/secure.gravatar.com\/avatar\/2f7c312d560e25e8eb59b6b53cadd5dc16b39f25bac1c7d0a221dafd9c91fae9?s=96&d=mm&r=g","caption":"Redakcia"},"url":"https:\/\/www.festivalvedy.sk\/wp2\/author\/fvatadmin\/"}]}},"_links":{"self":[{"href":"https:\/\/www.festivalvedy.sk\/wp2\/wp-json\/wp\/v2\/posts\/821","targetHints":{"allow":["GET"]}}],"collection":[{"href":"https:\/\/www.festivalvedy.sk\/wp2\/wp-json\/wp\/v2\/posts"}],"about":[{"href":"https:\/\/www.festivalvedy.sk\/wp2\/wp-json\/wp\/v2\/types\/post"}],"author":[{"embeddable":true,"href":"https:\/\/www.festivalvedy.sk\/wp2\/wp-json\/wp\/v2\/users\/1"}],"replies":[{"embeddable":true,"href":"https:\/\/www.festivalvedy.sk\/wp2\/wp-json\/wp\/v2\/comments?post=821"}],"version-history":[{"count":0,"href":"https:\/\/www.festivalvedy.sk\/wp2\/wp-json\/wp\/v2\/posts\/821\/revisions"}],"wp:attachment":[{"href":"https:\/\/www.festivalvedy.sk\/wp2\/wp-json\/wp\/v2\/media?parent=821"}],"wp:term":[{"taxonomy":"category","embeddable":true,"href":"https:\/\/www.festivalvedy.sk\/wp2\/wp-json\/wp\/v2\/categories?post=821"},{"taxonomy":"post_tag","embeddable":true,"href":"https:\/\/www.festivalvedy.sk\/wp2\/wp-json\/wp\/v2\/tags?post=821"}],"curies":[{"name":"wp","href":"https:\/\/api.w.org\/{rel}","templated":true}]}}