{"id":823,"date":"2019-09-18T12:45:38","date_gmt":"2019-09-18T10:45:38","guid":{"rendered":"https:\/\/www.festivalvedy.sk\/wp2\/pozvanka-do-gelnice\/"},"modified":"2019-09-18T12:45:38","modified_gmt":"2019-09-18T10:45:38","slug":"pozvanka-do-gelnice","status":"publish","type":"post","link":"https:\/\/www.festivalvedy.sk\/wp2\/pozvanka-do-gelnice\/","title":{"rendered":"Pozv\u00e1nka do Gelnice"},"content":{"rendered":"<p>Autor\/autori: Jozef Znak, Timotei Kova\u013e<\/p>\n<p>Pr\u00e1ca poskytuje nov\u00fd poh\u013ead na mo\u017enosti cestovn\u00e9ho ruchu v Slovenskom Rudohor\u00ed od autorov projektu, \u0161tudentov odboru dopravy doch\u00e1dzaj\u00facich na SP\u0160 dopravn\u00fa z Gelnice. Pon\u00faka n\u00e1vrh netradi\u010dn\u00e9ho sp\u00f4sobu spozn\u00e1vania pr\u00edrody vlakom. Popisuje historick\u00e9 s\u00favislosti, ktor\u00e9 predch\u00e1dzali vzniku \u017eelezni\u010dnej dopravy v tejto oblasti. Dop\u013a\u0148a klasick\u00fa turistiku v pr\u00edrode a spozn\u00e1vanie zn\u00e1mych pr\u00edrodn\u00fdch oblast\u00ed ako Slovensk\u00fd raj, Dob\u0161insk\u00e1 \u013eadov\u00e1 jasky\u0148a o mnoh\u00e9 zachoval\u00e9 historick\u00e9 technick\u00e9 pamiatky v oblasti Gelnice, ktor\u00e9 s\u00favisia so \u017eeleznicou. Je tu mno\u017estvo pr\u00edrodn\u00fdch kr\u00e1s a historick\u00fdch pamiatok, ktor\u00e9 treba zachova\u0165 a propagova\u0165, lebo je to na\u0161e kult\u00farno-historick\u00e9 ale aj technick\u00e9 dedi\u010dstvo. V pr\u00e1ci je spracovan\u00e1 hist\u00f3ria vlakov, ktor\u00e9 v 19. storo\u010d\u00ed prem\u00e1van\u00ed v tejto oblasti. Dnes po rekon\u0161trukcii s\u00fa s\u00fa\u010das\u0165ou historickej detskej \u017eeleznice v Ko\u0161iciach. Autori pracuj\u00fa ako dobrovo\u013en\u00edci na detskej historickej \u017eeleznici.<\/p>\n","protected":false},"excerpt":{"rendered":"<p>Autor\/autori: Jozef Znak, Timotei Kova\u013e Pr\u00e1ca poskytuje nov\u00fd poh\u013ead na mo\u017enosti cestovn\u00e9ho ruchu v Slovenskom Rudohor\u00ed od autorov projektu, \u0161tudentov odboru dopravy doch\u00e1dzaj\u00facich na SP\u0160 dopravn\u00fa z Gelnice. Pon\u00faka n\u00e1vrh netradi\u010dn\u00e9ho sp\u00f4sobu spozn\u00e1vania pr\u00edrody vlakom. Popisuje historick\u00e9 s\u00favislosti, ktor\u00e9 predch\u00e1dzali vzniku \u017eelezni\u010dnej dopravy v tejto oblasti. Dop\u013a\u0148a klasick\u00fa turistiku v pr\u00edrode a spozn\u00e1vanie zn\u00e1mych pr\u00edrodn\u00fdch [&hellip;]<\/p>\n","protected":false},"author":1,"featured_media":0,"comment_status":"open","ping_status":"open","sticky":false,"template":"","format":"standard","meta":{"om_disable_all_campaigns":false,"_monsterinsights_skip_tracking":false,"_monsterinsights_sitenote_active":false,"_monsterinsights_sitenote_note":"","_monsterinsights_sitenote_category":0,"_uf_show_specific_survey":0,"_uf_disable_surveys":false,"footnotes":""},"categories":[6,26],"tags":[8,27],"class_list":["post-823","post","type-post","status-publish","format-standard","hentry","category-6","category-spolocenske-vedy","tag-8","tag-spolocenske-vedy"],"yoast_head":"<!-- This site is optimized with the Yoast SEO plugin v27.2 - https:\/\/yoast.com\/product\/yoast-seo-wordpress\/ -->\n<title>Pozv\u00e1nka do Gelnice - Festival vedy a techniky AMAVET<\/title>\n<meta name=\"robots\" content=\"index, follow, max-snippet:-1, max-image-preview:large, max-video-preview:-1\" \/>\n<link rel=\"canonical\" href=\"https:\/\/www.festivalvedy.sk\/wp2\/pozvanka-do-gelnice\/\" \/>\n<meta property=\"og:locale\" content=\"sk_SK\" \/>\n<meta property=\"og:type\" content=\"article\" \/>\n<meta property=\"og:title\" content=\"Pozv\u00e1nka do Gelnice - Festival vedy a techniky AMAVET\" \/>\n<meta property=\"og:description\" content=\"Autor\/autori: Jozef Znak, Timotei Kova\u013e Pr\u00e1ca poskytuje nov\u00fd poh\u013ead na mo\u017enosti cestovn\u00e9ho ruchu v Slovenskom Rudohor\u00ed od autorov projektu, \u0161tudentov odboru dopravy doch\u00e1dzaj\u00facich na SP\u0160 dopravn\u00fa z Gelnice. Pon\u00faka n\u00e1vrh netradi\u010dn\u00e9ho sp\u00f4sobu spozn\u00e1vania pr\u00edrody vlakom. Popisuje historick\u00e9 s\u00favislosti, ktor\u00e9 predch\u00e1dzali vzniku \u017eelezni\u010dnej dopravy v tejto oblasti. Dop\u013a\u0148a klasick\u00fa turistiku v pr\u00edrode a spozn\u00e1vanie zn\u00e1mych pr\u00edrodn\u00fdch [&hellip;]\" \/>\n<meta property=\"og:url\" content=\"https:\/\/www.festivalvedy.sk\/wp2\/pozvanka-do-gelnice\/\" \/>\n<meta property=\"og:site_name\" content=\"Festival vedy a techniky AMAVET\" \/>\n<meta property=\"article:published_time\" content=\"2019-09-18T10:45:38+00:00\" \/>\n<meta name=\"author\" content=\"Redakcia\" \/>\n<meta name=\"twitter:card\" content=\"summary_large_image\" \/>\n<meta name=\"twitter:label1\" content=\"Autor\" \/>\n\t<meta name=\"twitter:data1\" content=\"Redakcia\" \/>\n\t<meta name=\"twitter:label2\" content=\"Predpokladan\u00fd \u010das \u010d\u00edtania\" \/>\n\t<meta name=\"twitter:data2\" content=\"1 min\u00fata\" \/>\n<script type=\"application\/ld+json\" class=\"yoast-schema-graph\">{\"@context\":\"https:\/\/schema.org\",\"@graph\":[{\"@type\":\"Article\",\"@id\":\"https:\/\/www.festivalvedy.sk\/wp2\/pozvanka-do-gelnice\/#article\",\"isPartOf\":{\"@id\":\"https:\/\/www.festivalvedy.sk\/wp2\/pozvanka-do-gelnice\/\"},\"author\":{\"name\":\"Redakcia\",\"@id\":\"https:\/\/www.festivalvedy.sk\/wp2\/#\/schema\/person\/f6c2e17170a626260fe38db97ed0a1f5\"},\"headline\":\"Pozv\u00e1nka do Gelnice\",\"datePublished\":\"2019-09-18T10:45:38+00:00\",\"mainEntityOfPage\":{\"@id\":\"https:\/\/www.festivalvedy.sk\/wp2\/pozvanka-do-gelnice\/\"},\"wordCount\":175,\"commentCount\":0,\"publisher\":{\"@id\":\"https:\/\/www.festivalvedy.sk\/wp2\/#organization\"},\"keywords\":[\"2019\",\"Spolo\u010densk\u00e9 vedy\"],\"articleSection\":[\"Arch\u00edv 2018\",\"Spolo\u010densk\u00e9 vedy\"],\"inLanguage\":\"sk-SK\"},{\"@type\":\"WebPage\",\"@id\":\"https:\/\/www.festivalvedy.sk\/wp2\/pozvanka-do-gelnice\/\",\"url\":\"https:\/\/www.festivalvedy.sk\/wp2\/pozvanka-do-gelnice\/\",\"name\":\"Pozv\u00e1nka do Gelnice - Festival vedy a techniky AMAVET\",\"isPartOf\":{\"@id\":\"https:\/\/www.festivalvedy.sk\/wp2\/#website\"},\"datePublished\":\"2019-09-18T10:45:38+00:00\",\"breadcrumb\":{\"@id\":\"https:\/\/www.festivalvedy.sk\/wp2\/pozvanka-do-gelnice\/#breadcrumb\"},\"inLanguage\":\"sk-SK\",\"potentialAction\":[{\"@type\":\"ReadAction\",\"target\":[\"https:\/\/www.festivalvedy.sk\/wp2\/pozvanka-do-gelnice\/\"]}]},{\"@type\":\"BreadcrumbList\",\"@id\":\"https:\/\/www.festivalvedy.sk\/wp2\/pozvanka-do-gelnice\/#breadcrumb\",\"itemListElement\":[{\"@type\":\"ListItem\",\"position\":1,\"name\":\"Home\",\"item\":\"https:\/\/www.festivalvedy.sk\/wp2\/\"},{\"@type\":\"ListItem\",\"position\":2,\"name\":\"Pozv\u00e1nka do Gelnice\"}]},{\"@type\":\"WebSite\",\"@id\":\"https:\/\/www.festivalvedy.sk\/wp2\/#website\",\"url\":\"https:\/\/www.festivalvedy.sk\/wp2\/\",\"name\":\"Festival vedy a techniky AMAVET\",\"description\":\"AMAVET - Asoci\u00e1cia pre ml\u00e1de\u017e, vedu a techniku\",\"publisher\":{\"@id\":\"https:\/\/www.festivalvedy.sk\/wp2\/#organization\"},\"potentialAction\":[{\"@type\":\"SearchAction\",\"target\":{\"@type\":\"EntryPoint\",\"urlTemplate\":\"https:\/\/www.festivalvedy.sk\/wp2\/?s={search_term_string}\"},\"query-input\":{\"@type\":\"PropertyValueSpecification\",\"valueRequired\":true,\"valueName\":\"search_term_string\"}}],\"inLanguage\":\"sk-SK\"},{\"@type\":\"Organization\",\"@id\":\"https:\/\/www.festivalvedy.sk\/wp2\/#organization\",\"name\":\"Festival vedy a techniky AMAVET\",\"url\":\"https:\/\/www.festivalvedy.sk\/wp2\/\",\"logo\":{\"@type\":\"ImageObject\",\"inLanguage\":\"sk-SK\",\"@id\":\"https:\/\/www.festivalvedy.sk\/wp2\/#\/schema\/logo\/image\/\",\"url\":\"https:\/\/www.festivalvedy.sk\/wp2\/wp-content\/uploads\/2022\/02\/cropped-fvat-ochranna-zona.png\",\"contentUrl\":\"https:\/\/www.festivalvedy.sk\/wp2\/wp-content\/uploads\/2022\/02\/cropped-fvat-ochranna-zona.png\",\"width\":1190,\"height\":357,\"caption\":\"Festival vedy a techniky AMAVET\"},\"image\":{\"@id\":\"https:\/\/www.festivalvedy.sk\/wp2\/#\/schema\/logo\/image\/\"}},{\"@type\":\"Person\",\"@id\":\"https:\/\/www.festivalvedy.sk\/wp2\/#\/schema\/person\/f6c2e17170a626260fe38db97ed0a1f5\",\"name\":\"Redakcia\",\"image\":{\"@type\":\"ImageObject\",\"inLanguage\":\"sk-SK\",\"@id\":\"https:\/\/secure.gravatar.com\/avatar\/2f7c312d560e25e8eb59b6b53cadd5dc16b39f25bac1c7d0a221dafd9c91fae9?s=96&d=mm&r=g\",\"url\":\"https:\/\/secure.gravatar.com\/avatar\/2f7c312d560e25e8eb59b6b53cadd5dc16b39f25bac1c7d0a221dafd9c91fae9?s=96&d=mm&r=g\",\"contentUrl\":\"https:\/\/secure.gravatar.com\/avatar\/2f7c312d560e25e8eb59b6b53cadd5dc16b39f25bac1c7d0a221dafd9c91fae9?s=96&d=mm&r=g\",\"caption\":\"Redakcia\"},\"url\":\"https:\/\/www.festivalvedy.sk\/wp2\/author\/fvatadmin\/\"}]}<\/script>\n<!-- \/ Yoast SEO plugin. -->","yoast_head_json":{"title":"Pozv\u00e1nka do Gelnice - Festival vedy a techniky AMAVET","robots":{"index":"index","follow":"follow","max-snippet":"max-snippet:-1","max-image-preview":"max-image-preview:large","max-video-preview":"max-video-preview:-1"},"canonical":"https:\/\/www.festivalvedy.sk\/wp2\/pozvanka-do-gelnice\/","og_locale":"sk_SK","og_type":"article","og_title":"Pozv\u00e1nka do Gelnice - Festival vedy a techniky AMAVET","og_description":"Autor\/autori: Jozef Znak, Timotei Kova\u013e Pr\u00e1ca poskytuje nov\u00fd poh\u013ead na mo\u017enosti cestovn\u00e9ho ruchu v Slovenskom Rudohor\u00ed od autorov projektu, \u0161tudentov odboru dopravy doch\u00e1dzaj\u00facich na SP\u0160 dopravn\u00fa z Gelnice. Pon\u00faka n\u00e1vrh netradi\u010dn\u00e9ho sp\u00f4sobu spozn\u00e1vania pr\u00edrody vlakom. Popisuje historick\u00e9 s\u00favislosti, ktor\u00e9 predch\u00e1dzali vzniku \u017eelezni\u010dnej dopravy v tejto oblasti. Dop\u013a\u0148a klasick\u00fa turistiku v pr\u00edrode a spozn\u00e1vanie zn\u00e1mych pr\u00edrodn\u00fdch [&hellip;]","og_url":"https:\/\/www.festivalvedy.sk\/wp2\/pozvanka-do-gelnice\/","og_site_name":"Festival vedy a techniky AMAVET","article_published_time":"2019-09-18T10:45:38+00:00","author":"Redakcia","twitter_card":"summary_large_image","twitter_misc":{"Autor":"Redakcia","Predpokladan\u00fd \u010das \u010d\u00edtania":"1 min\u00fata"},"schema":{"@context":"https:\/\/schema.org","@graph":[{"@type":"Article","@id":"https:\/\/www.festivalvedy.sk\/wp2\/pozvanka-do-gelnice\/#article","isPartOf":{"@id":"https:\/\/www.festivalvedy.sk\/wp2\/pozvanka-do-gelnice\/"},"author":{"name":"Redakcia","@id":"https:\/\/www.festivalvedy.sk\/wp2\/#\/schema\/person\/f6c2e17170a626260fe38db97ed0a1f5"},"headline":"Pozv\u00e1nka do Gelnice","datePublished":"2019-09-18T10:45:38+00:00","mainEntityOfPage":{"@id":"https:\/\/www.festivalvedy.sk\/wp2\/pozvanka-do-gelnice\/"},"wordCount":175,"commentCount":0,"publisher":{"@id":"https:\/\/www.festivalvedy.sk\/wp2\/#organization"},"keywords":["2019","Spolo\u010densk\u00e9 vedy"],"articleSection":["Arch\u00edv 2018","Spolo\u010densk\u00e9 vedy"],"inLanguage":"sk-SK"},{"@type":"WebPage","@id":"https:\/\/www.festivalvedy.sk\/wp2\/pozvanka-do-gelnice\/","url":"https:\/\/www.festivalvedy.sk\/wp2\/pozvanka-do-gelnice\/","name":"Pozv\u00e1nka do Gelnice - Festival vedy a techniky AMAVET","isPartOf":{"@id":"https:\/\/www.festivalvedy.sk\/wp2\/#website"},"datePublished":"2019-09-18T10:45:38+00:00","breadcrumb":{"@id":"https:\/\/www.festivalvedy.sk\/wp2\/pozvanka-do-gelnice\/#breadcrumb"},"inLanguage":"sk-SK","potentialAction":[{"@type":"ReadAction","target":["https:\/\/www.festivalvedy.sk\/wp2\/pozvanka-do-gelnice\/"]}]},{"@type":"BreadcrumbList","@id":"https:\/\/www.festivalvedy.sk\/wp2\/pozvanka-do-gelnice\/#breadcrumb","itemListElement":[{"@type":"ListItem","position":1,"name":"Home","item":"https:\/\/www.festivalvedy.sk\/wp2\/"},{"@type":"ListItem","position":2,"name":"Pozv\u00e1nka do Gelnice"}]},{"@type":"WebSite","@id":"https:\/\/www.festivalvedy.sk\/wp2\/#website","url":"https:\/\/www.festivalvedy.sk\/wp2\/","name":"Festival vedy a techniky AMAVET","description":"AMAVET - Asoci\u00e1cia pre ml\u00e1de\u017e, vedu a techniku","publisher":{"@id":"https:\/\/www.festivalvedy.sk\/wp2\/#organization"},"potentialAction":[{"@type":"SearchAction","target":{"@type":"EntryPoint","urlTemplate":"https:\/\/www.festivalvedy.sk\/wp2\/?s={search_term_string}"},"query-input":{"@type":"PropertyValueSpecification","valueRequired":true,"valueName":"search_term_string"}}],"inLanguage":"sk-SK"},{"@type":"Organization","@id":"https:\/\/www.festivalvedy.sk\/wp2\/#organization","name":"Festival vedy a techniky AMAVET","url":"https:\/\/www.festivalvedy.sk\/wp2\/","logo":{"@type":"ImageObject","inLanguage":"sk-SK","@id":"https:\/\/www.festivalvedy.sk\/wp2\/#\/schema\/logo\/image\/","url":"https:\/\/www.festivalvedy.sk\/wp2\/wp-content\/uploads\/2022\/02\/cropped-fvat-ochranna-zona.png","contentUrl":"https:\/\/www.festivalvedy.sk\/wp2\/wp-content\/uploads\/2022\/02\/cropped-fvat-ochranna-zona.png","width":1190,"height":357,"caption":"Festival vedy a techniky AMAVET"},"image":{"@id":"https:\/\/www.festivalvedy.sk\/wp2\/#\/schema\/logo\/image\/"}},{"@type":"Person","@id":"https:\/\/www.festivalvedy.sk\/wp2\/#\/schema\/person\/f6c2e17170a626260fe38db97ed0a1f5","name":"Redakcia","image":{"@type":"ImageObject","inLanguage":"sk-SK","@id":"https:\/\/secure.gravatar.com\/avatar\/2f7c312d560e25e8eb59b6b53cadd5dc16b39f25bac1c7d0a221dafd9c91fae9?s=96&d=mm&r=g","url":"https:\/\/secure.gravatar.com\/avatar\/2f7c312d560e25e8eb59b6b53cadd5dc16b39f25bac1c7d0a221dafd9c91fae9?s=96&d=mm&r=g","contentUrl":"https:\/\/secure.gravatar.com\/avatar\/2f7c312d560e25e8eb59b6b53cadd5dc16b39f25bac1c7d0a221dafd9c91fae9?s=96&d=mm&r=g","caption":"Redakcia"},"url":"https:\/\/www.festivalvedy.sk\/wp2\/author\/fvatadmin\/"}]}},"_links":{"self":[{"href":"https:\/\/www.festivalvedy.sk\/wp2\/wp-json\/wp\/v2\/posts\/823","targetHints":{"allow":["GET"]}}],"collection":[{"href":"https:\/\/www.festivalvedy.sk\/wp2\/wp-json\/wp\/v2\/posts"}],"about":[{"href":"https:\/\/www.festivalvedy.sk\/wp2\/wp-json\/wp\/v2\/types\/post"}],"author":[{"embeddable":true,"href":"https:\/\/www.festivalvedy.sk\/wp2\/wp-json\/wp\/v2\/users\/1"}],"replies":[{"embeddable":true,"href":"https:\/\/www.festivalvedy.sk\/wp2\/wp-json\/wp\/v2\/comments?post=823"}],"version-history":[{"count":0,"href":"https:\/\/www.festivalvedy.sk\/wp2\/wp-json\/wp\/v2\/posts\/823\/revisions"}],"wp:attachment":[{"href":"https:\/\/www.festivalvedy.sk\/wp2\/wp-json\/wp\/v2\/media?parent=823"}],"wp:term":[{"taxonomy":"category","embeddable":true,"href":"https:\/\/www.festivalvedy.sk\/wp2\/wp-json\/wp\/v2\/categories?post=823"},{"taxonomy":"post_tag","embeddable":true,"href":"https:\/\/www.festivalvedy.sk\/wp2\/wp-json\/wp\/v2\/tags?post=823"}],"curies":[{"name":"wp","href":"https:\/\/api.w.org\/{rel}","templated":true}]}}