{"id":825,"date":"2019-09-18T12:45:38","date_gmt":"2019-09-18T10:45:38","guid":{"rendered":"https:\/\/www.festivalvedy.sk\/wp2\/prirodne-materialy-pre-remediaciu-kyslych-podzemnych-vod-technologiou-priepustnych-reaktivnych-barier\/"},"modified":"2019-09-18T12:45:38","modified_gmt":"2019-09-18T10:45:38","slug":"prirodne-materialy-pre-remediaciu-kyslych-podzemnych-vod-technologiou-priepustnych-reaktivnych-barier","status":"publish","type":"post","link":"https:\/\/www.festivalvedy.sk\/wp2\/prirodne-materialy-pre-remediaciu-kyslych-podzemnych-vod-technologiou-priepustnych-reaktivnych-barier\/","title":{"rendered":"Pr\u00edrodn\u00e9 materi\u00e1ly pre remedi\u00e1ciu kysl\u00fdch podzemn\u00fdch v\u00f4d technol\u00f3giou priepustn\u00fdch reakt\u00edvnych bari\u00e9r"},"content":{"rendered":"<p>Autor\/autori: Klaudia Klap\u00e1\u010dov\u00e1, Zuzana \u010curillov\u00e1<\/p>\n<p>V\u0161ade sa nach\u00e1dza mno\u017estvo v\u00f4d zne\u010disten\u00fdch \u0165a\u017ek\u00fdmi kovmi. V na\u0161om okol\u00ed sa nach\u00e1dza pomerne ve\u013ea t\u00fdchto v\u00f4d \u010do n\u00e1s viedlo k v\u00fdberu t\u00e9my. Tieto \u0165a\u017ek\u00e9 kovy sp\u00f4sobuj\u00fa kyslos\u0165 v\u00f4d, ktor\u00e1 neprospieva \u017eivotn\u00e9mu prostrediu a samotn\u00fdm organizmom. H\u013eadali sme met\u00f3dy ako zn\u00ed\u017ei\u0165 kyslos\u0165 a pribl\u00ed\u017ei\u0165 sa \u010do najviac k pH 7. Existuje mno\u017estvo adsorb\u010dn\u00fdch l\u00e1tok. My sme si vybrali magnezit, ktor\u00fd sa na Slovensku nach\u00e1dza v pomerne ve\u013ek\u00fdch mno\u017estv\u00e1ch. To n\u00e1s motivovalo k v\u00fdberu pr\u00e1ve tohto nerastu. Upravovali sme ho na najlep\u0161iu adsorb\u010dn\u00fa \u00fa\u010dinnos\u0165. \u00da\u010delom n\u00e1\u0161ho projektu bolo zisti\u0165 v ak\u00fdch pomeroch objemu zne\u010disten\u00fdch v\u00f4d a mno\u017estva magnezitu za rozdielny \u010das sa zachyt\u00ed \u010do najviac \u010dast\u00edc kovov. Taktie\u017e n\u00e1s zauj\u00edmala ot\u00e1zka, \u010di sa zachyten\u00e9 kovy daj\u00fa od seba separova\u0165 a v ak\u00fdch mno\u017estv\u00e1ch sa zachytia. T\u00fato met\u00f3du by sme odpor\u00fa\u010dali zavies\u0165 pomocou priepustn\u00fdch reakt\u00edvnych bari\u00e9r v podzem\u00ed a zachyten\u00e9 kovy by sme \u010falej recyklovali a sna\u017eili sa ich vyu\u017ei\u0165. Pokusmi sme potvrdili na\u0161u hypot\u00e9zu, \u017ee upraven\u00fd magnezit dok\u00e1\u017ee zn\u00ed\u017ei\u0165 pH. Taktie\u017e sme upresnili pomer mno\u017estva magnezitu a \u010dasu na dan\u00fd objem vody. Vy\u010disten\u00e1 voda by mohla sl\u00fa\u017ei\u0165 ako \u00fa\u017eitkov\u00e1 napr\u00edklad v hospod\u00e1rstve.<\/p>\n","protected":false},"excerpt":{"rendered":"<p>Autor\/autori: Klaudia Klap\u00e1\u010dov\u00e1, Zuzana \u010curillov\u00e1 V\u0161ade sa nach\u00e1dza mno\u017estvo v\u00f4d zne\u010disten\u00fdch \u0165a\u017ek\u00fdmi kovmi. V na\u0161om okol\u00ed sa nach\u00e1dza pomerne ve\u013ea t\u00fdchto v\u00f4d \u010do n\u00e1s viedlo k v\u00fdberu t\u00e9my. Tieto \u0165a\u017ek\u00e9 kovy sp\u00f4sobuj\u00fa kyslos\u0165 v\u00f4d, ktor\u00e1 neprospieva \u017eivotn\u00e9mu prostrediu a samotn\u00fdm organizmom. H\u013eadali sme met\u00f3dy ako zn\u00ed\u017ei\u0165 kyslos\u0165 a pribl\u00ed\u017ei\u0165 sa \u010do najviac k pH 7. [&hellip;]<\/p>\n","protected":false},"author":1,"featured_media":0,"comment_status":"open","ping_status":"open","sticky":false,"template":"","format":"standard","meta":{"om_disable_all_campaigns":false,"_monsterinsights_skip_tracking":false,"_monsterinsights_sitenote_active":false,"_monsterinsights_sitenote_note":"","_monsterinsights_sitenote_category":0,"_uf_show_specific_survey":0,"_uf_disable_surveys":false,"footnotes":""},"categories":[6,16],"tags":[8,17],"class_list":["post-825","post","type-post","status-publish","format-standard","hentry","category-6","category-environmentalne-vedy","tag-8","tag-environmentalne-vedy"],"yoast_head":"<!-- This site is optimized with the Yoast SEO plugin v27.2 - https:\/\/yoast.com\/product\/yoast-seo-wordpress\/ -->\n<title>Pr\u00edrodn\u00e9 materi\u00e1ly pre remedi\u00e1ciu kysl\u00fdch podzemn\u00fdch v\u00f4d technol\u00f3giou priepustn\u00fdch reakt\u00edvnych bari\u00e9r - Festival vedy a techniky AMAVET<\/title>\n<meta name=\"robots\" content=\"index, follow, max-snippet:-1, max-image-preview:large, max-video-preview:-1\" \/>\n<link rel=\"canonical\" href=\"https:\/\/www.festivalvedy.sk\/wp2\/prirodne-materialy-pre-remediaciu-kyslych-podzemnych-vod-technologiou-priepustnych-reaktivnych-barier\/\" \/>\n<meta property=\"og:locale\" content=\"sk_SK\" \/>\n<meta property=\"og:type\" content=\"article\" \/>\n<meta property=\"og:title\" content=\"Pr\u00edrodn\u00e9 materi\u00e1ly pre remedi\u00e1ciu kysl\u00fdch podzemn\u00fdch v\u00f4d technol\u00f3giou priepustn\u00fdch reakt\u00edvnych bari\u00e9r - Festival vedy a techniky AMAVET\" \/>\n<meta property=\"og:description\" content=\"Autor\/autori: Klaudia Klap\u00e1\u010dov\u00e1, Zuzana \u010curillov\u00e1 V\u0161ade sa nach\u00e1dza mno\u017estvo v\u00f4d zne\u010disten\u00fdch \u0165a\u017ek\u00fdmi kovmi. V na\u0161om okol\u00ed sa nach\u00e1dza pomerne ve\u013ea t\u00fdchto v\u00f4d \u010do n\u00e1s viedlo k v\u00fdberu t\u00e9my. Tieto \u0165a\u017ek\u00e9 kovy sp\u00f4sobuj\u00fa kyslos\u0165 v\u00f4d, ktor\u00e1 neprospieva \u017eivotn\u00e9mu prostrediu a samotn\u00fdm organizmom. H\u013eadali sme met\u00f3dy ako zn\u00ed\u017ei\u0165 kyslos\u0165 a pribl\u00ed\u017ei\u0165 sa \u010do najviac k pH 7. [&hellip;]\" \/>\n<meta property=\"og:url\" content=\"https:\/\/www.festivalvedy.sk\/wp2\/prirodne-materialy-pre-remediaciu-kyslych-podzemnych-vod-technologiou-priepustnych-reaktivnych-barier\/\" \/>\n<meta property=\"og:site_name\" content=\"Festival vedy a techniky AMAVET\" \/>\n<meta property=\"article:published_time\" content=\"2019-09-18T10:45:38+00:00\" \/>\n<meta name=\"author\" content=\"Redakcia\" \/>\n<meta name=\"twitter:card\" content=\"summary_large_image\" \/>\n<meta name=\"twitter:label1\" content=\"Autor\" \/>\n\t<meta name=\"twitter:data1\" content=\"Redakcia\" \/>\n\t<meta name=\"twitter:label2\" content=\"Predpokladan\u00fd \u010das \u010d\u00edtania\" \/>\n\t<meta name=\"twitter:data2\" content=\"1 min\u00fata\" \/>\n<script type=\"application\/ld+json\" class=\"yoast-schema-graph\">{\"@context\":\"https:\/\/schema.org\",\"@graph\":[{\"@type\":\"Article\",\"@id\":\"https:\/\/www.festivalvedy.sk\/wp2\/prirodne-materialy-pre-remediaciu-kyslych-podzemnych-vod-technologiou-priepustnych-reaktivnych-barier\/#article\",\"isPartOf\":{\"@id\":\"https:\/\/www.festivalvedy.sk\/wp2\/prirodne-materialy-pre-remediaciu-kyslych-podzemnych-vod-technologiou-priepustnych-reaktivnych-barier\/\"},\"author\":{\"name\":\"Redakcia\",\"@id\":\"https:\/\/www.festivalvedy.sk\/wp2\/#\/schema\/person\/f6c2e17170a626260fe38db97ed0a1f5\"},\"headline\":\"Pr\u00edrodn\u00e9 materi\u00e1ly pre remedi\u00e1ciu kysl\u00fdch podzemn\u00fdch v\u00f4d technol\u00f3giou priepustn\u00fdch reakt\u00edvnych bari\u00e9r\",\"datePublished\":\"2019-09-18T10:45:38+00:00\",\"mainEntityOfPage\":{\"@id\":\"https:\/\/www.festivalvedy.sk\/wp2\/prirodne-materialy-pre-remediaciu-kyslych-podzemnych-vod-technologiou-priepustnych-reaktivnych-barier\/\"},\"wordCount\":277,\"commentCount\":0,\"publisher\":{\"@id\":\"https:\/\/www.festivalvedy.sk\/wp2\/#organization\"},\"keywords\":[\"2019\",\"Environment\u00e1lne vedy\"],\"articleSection\":[\"Arch\u00edv 2018\",\"Environment\u00e1lne vedy\"],\"inLanguage\":\"sk-SK\"},{\"@type\":\"WebPage\",\"@id\":\"https:\/\/www.festivalvedy.sk\/wp2\/prirodne-materialy-pre-remediaciu-kyslych-podzemnych-vod-technologiou-priepustnych-reaktivnych-barier\/\",\"url\":\"https:\/\/www.festivalvedy.sk\/wp2\/prirodne-materialy-pre-remediaciu-kyslych-podzemnych-vod-technologiou-priepustnych-reaktivnych-barier\/\",\"name\":\"Pr\u00edrodn\u00e9 materi\u00e1ly pre remedi\u00e1ciu kysl\u00fdch podzemn\u00fdch v\u00f4d technol\u00f3giou priepustn\u00fdch reakt\u00edvnych bari\u00e9r - Festival vedy a techniky AMAVET\",\"isPartOf\":{\"@id\":\"https:\/\/www.festivalvedy.sk\/wp2\/#website\"},\"datePublished\":\"2019-09-18T10:45:38+00:00\",\"breadcrumb\":{\"@id\":\"https:\/\/www.festivalvedy.sk\/wp2\/prirodne-materialy-pre-remediaciu-kyslych-podzemnych-vod-technologiou-priepustnych-reaktivnych-barier\/#breadcrumb\"},\"inLanguage\":\"sk-SK\",\"potentialAction\":[{\"@type\":\"ReadAction\",\"target\":[\"https:\/\/www.festivalvedy.sk\/wp2\/prirodne-materialy-pre-remediaciu-kyslych-podzemnych-vod-technologiou-priepustnych-reaktivnych-barier\/\"]}]},{\"@type\":\"BreadcrumbList\",\"@id\":\"https:\/\/www.festivalvedy.sk\/wp2\/prirodne-materialy-pre-remediaciu-kyslych-podzemnych-vod-technologiou-priepustnych-reaktivnych-barier\/#breadcrumb\",\"itemListElement\":[{\"@type\":\"ListItem\",\"position\":1,\"name\":\"Home\",\"item\":\"https:\/\/www.festivalvedy.sk\/wp2\/\"},{\"@type\":\"ListItem\",\"position\":2,\"name\":\"Pr\u00edrodn\u00e9 materi\u00e1ly pre remedi\u00e1ciu kysl\u00fdch podzemn\u00fdch v\u00f4d technol\u00f3giou priepustn\u00fdch reakt\u00edvnych bari\u00e9r\"}]},{\"@type\":\"WebSite\",\"@id\":\"https:\/\/www.festivalvedy.sk\/wp2\/#website\",\"url\":\"https:\/\/www.festivalvedy.sk\/wp2\/\",\"name\":\"Festival vedy a techniky AMAVET\",\"description\":\"AMAVET - Asoci\u00e1cia pre ml\u00e1de\u017e, vedu a techniku\",\"publisher\":{\"@id\":\"https:\/\/www.festivalvedy.sk\/wp2\/#organization\"},\"potentialAction\":[{\"@type\":\"SearchAction\",\"target\":{\"@type\":\"EntryPoint\",\"urlTemplate\":\"https:\/\/www.festivalvedy.sk\/wp2\/?s={search_term_string}\"},\"query-input\":{\"@type\":\"PropertyValueSpecification\",\"valueRequired\":true,\"valueName\":\"search_term_string\"}}],\"inLanguage\":\"sk-SK\"},{\"@type\":\"Organization\",\"@id\":\"https:\/\/www.festivalvedy.sk\/wp2\/#organization\",\"name\":\"Festival vedy a techniky AMAVET\",\"url\":\"https:\/\/www.festivalvedy.sk\/wp2\/\",\"logo\":{\"@type\":\"ImageObject\",\"inLanguage\":\"sk-SK\",\"@id\":\"https:\/\/www.festivalvedy.sk\/wp2\/#\/schema\/logo\/image\/\",\"url\":\"https:\/\/www.festivalvedy.sk\/wp2\/wp-content\/uploads\/2022\/02\/cropped-fvat-ochranna-zona.png\",\"contentUrl\":\"https:\/\/www.festivalvedy.sk\/wp2\/wp-content\/uploads\/2022\/02\/cropped-fvat-ochranna-zona.png\",\"width\":1190,\"height\":357,\"caption\":\"Festival vedy a techniky AMAVET\"},\"image\":{\"@id\":\"https:\/\/www.festivalvedy.sk\/wp2\/#\/schema\/logo\/image\/\"}},{\"@type\":\"Person\",\"@id\":\"https:\/\/www.festivalvedy.sk\/wp2\/#\/schema\/person\/f6c2e17170a626260fe38db97ed0a1f5\",\"name\":\"Redakcia\",\"image\":{\"@type\":\"ImageObject\",\"inLanguage\":\"sk-SK\",\"@id\":\"https:\/\/secure.gravatar.com\/avatar\/2f7c312d560e25e8eb59b6b53cadd5dc16b39f25bac1c7d0a221dafd9c91fae9?s=96&d=mm&r=g\",\"url\":\"https:\/\/secure.gravatar.com\/avatar\/2f7c312d560e25e8eb59b6b53cadd5dc16b39f25bac1c7d0a221dafd9c91fae9?s=96&d=mm&r=g\",\"contentUrl\":\"https:\/\/secure.gravatar.com\/avatar\/2f7c312d560e25e8eb59b6b53cadd5dc16b39f25bac1c7d0a221dafd9c91fae9?s=96&d=mm&r=g\",\"caption\":\"Redakcia\"},\"url\":\"https:\/\/www.festivalvedy.sk\/wp2\/author\/fvatadmin\/\"}]}<\/script>\n<!-- \/ Yoast SEO plugin. -->","yoast_head_json":{"title":"Pr\u00edrodn\u00e9 materi\u00e1ly pre remedi\u00e1ciu kysl\u00fdch podzemn\u00fdch v\u00f4d technol\u00f3giou priepustn\u00fdch reakt\u00edvnych bari\u00e9r - Festival vedy a techniky AMAVET","robots":{"index":"index","follow":"follow","max-snippet":"max-snippet:-1","max-image-preview":"max-image-preview:large","max-video-preview":"max-video-preview:-1"},"canonical":"https:\/\/www.festivalvedy.sk\/wp2\/prirodne-materialy-pre-remediaciu-kyslych-podzemnych-vod-technologiou-priepustnych-reaktivnych-barier\/","og_locale":"sk_SK","og_type":"article","og_title":"Pr\u00edrodn\u00e9 materi\u00e1ly pre remedi\u00e1ciu kysl\u00fdch podzemn\u00fdch v\u00f4d technol\u00f3giou priepustn\u00fdch reakt\u00edvnych bari\u00e9r - Festival vedy a techniky AMAVET","og_description":"Autor\/autori: Klaudia Klap\u00e1\u010dov\u00e1, Zuzana \u010curillov\u00e1 V\u0161ade sa nach\u00e1dza mno\u017estvo v\u00f4d zne\u010disten\u00fdch \u0165a\u017ek\u00fdmi kovmi. V na\u0161om okol\u00ed sa nach\u00e1dza pomerne ve\u013ea t\u00fdchto v\u00f4d \u010do n\u00e1s viedlo k v\u00fdberu t\u00e9my. Tieto \u0165a\u017ek\u00e9 kovy sp\u00f4sobuj\u00fa kyslos\u0165 v\u00f4d, ktor\u00e1 neprospieva \u017eivotn\u00e9mu prostrediu a samotn\u00fdm organizmom. H\u013eadali sme met\u00f3dy ako zn\u00ed\u017ei\u0165 kyslos\u0165 a pribl\u00ed\u017ei\u0165 sa \u010do najviac k pH 7. [&hellip;]","og_url":"https:\/\/www.festivalvedy.sk\/wp2\/prirodne-materialy-pre-remediaciu-kyslych-podzemnych-vod-technologiou-priepustnych-reaktivnych-barier\/","og_site_name":"Festival vedy a techniky AMAVET","article_published_time":"2019-09-18T10:45:38+00:00","author":"Redakcia","twitter_card":"summary_large_image","twitter_misc":{"Autor":"Redakcia","Predpokladan\u00fd \u010das \u010d\u00edtania":"1 min\u00fata"},"schema":{"@context":"https:\/\/schema.org","@graph":[{"@type":"Article","@id":"https:\/\/www.festivalvedy.sk\/wp2\/prirodne-materialy-pre-remediaciu-kyslych-podzemnych-vod-technologiou-priepustnych-reaktivnych-barier\/#article","isPartOf":{"@id":"https:\/\/www.festivalvedy.sk\/wp2\/prirodne-materialy-pre-remediaciu-kyslych-podzemnych-vod-technologiou-priepustnych-reaktivnych-barier\/"},"author":{"name":"Redakcia","@id":"https:\/\/www.festivalvedy.sk\/wp2\/#\/schema\/person\/f6c2e17170a626260fe38db97ed0a1f5"},"headline":"Pr\u00edrodn\u00e9 materi\u00e1ly pre remedi\u00e1ciu kysl\u00fdch podzemn\u00fdch v\u00f4d technol\u00f3giou priepustn\u00fdch reakt\u00edvnych bari\u00e9r","datePublished":"2019-09-18T10:45:38+00:00","mainEntityOfPage":{"@id":"https:\/\/www.festivalvedy.sk\/wp2\/prirodne-materialy-pre-remediaciu-kyslych-podzemnych-vod-technologiou-priepustnych-reaktivnych-barier\/"},"wordCount":277,"commentCount":0,"publisher":{"@id":"https:\/\/www.festivalvedy.sk\/wp2\/#organization"},"keywords":["2019","Environment\u00e1lne vedy"],"articleSection":["Arch\u00edv 2018","Environment\u00e1lne vedy"],"inLanguage":"sk-SK"},{"@type":"WebPage","@id":"https:\/\/www.festivalvedy.sk\/wp2\/prirodne-materialy-pre-remediaciu-kyslych-podzemnych-vod-technologiou-priepustnych-reaktivnych-barier\/","url":"https:\/\/www.festivalvedy.sk\/wp2\/prirodne-materialy-pre-remediaciu-kyslych-podzemnych-vod-technologiou-priepustnych-reaktivnych-barier\/","name":"Pr\u00edrodn\u00e9 materi\u00e1ly pre remedi\u00e1ciu kysl\u00fdch podzemn\u00fdch v\u00f4d technol\u00f3giou priepustn\u00fdch reakt\u00edvnych bari\u00e9r - Festival vedy a techniky AMAVET","isPartOf":{"@id":"https:\/\/www.festivalvedy.sk\/wp2\/#website"},"datePublished":"2019-09-18T10:45:38+00:00","breadcrumb":{"@id":"https:\/\/www.festivalvedy.sk\/wp2\/prirodne-materialy-pre-remediaciu-kyslych-podzemnych-vod-technologiou-priepustnych-reaktivnych-barier\/#breadcrumb"},"inLanguage":"sk-SK","potentialAction":[{"@type":"ReadAction","target":["https:\/\/www.festivalvedy.sk\/wp2\/prirodne-materialy-pre-remediaciu-kyslych-podzemnych-vod-technologiou-priepustnych-reaktivnych-barier\/"]}]},{"@type":"BreadcrumbList","@id":"https:\/\/www.festivalvedy.sk\/wp2\/prirodne-materialy-pre-remediaciu-kyslych-podzemnych-vod-technologiou-priepustnych-reaktivnych-barier\/#breadcrumb","itemListElement":[{"@type":"ListItem","position":1,"name":"Home","item":"https:\/\/www.festivalvedy.sk\/wp2\/"},{"@type":"ListItem","position":2,"name":"Pr\u00edrodn\u00e9 materi\u00e1ly pre remedi\u00e1ciu kysl\u00fdch podzemn\u00fdch v\u00f4d technol\u00f3giou priepustn\u00fdch reakt\u00edvnych bari\u00e9r"}]},{"@type":"WebSite","@id":"https:\/\/www.festivalvedy.sk\/wp2\/#website","url":"https:\/\/www.festivalvedy.sk\/wp2\/","name":"Festival vedy a techniky AMAVET","description":"AMAVET - Asoci\u00e1cia pre ml\u00e1de\u017e, vedu a techniku","publisher":{"@id":"https:\/\/www.festivalvedy.sk\/wp2\/#organization"},"potentialAction":[{"@type":"SearchAction","target":{"@type":"EntryPoint","urlTemplate":"https:\/\/www.festivalvedy.sk\/wp2\/?s={search_term_string}"},"query-input":{"@type":"PropertyValueSpecification","valueRequired":true,"valueName":"search_term_string"}}],"inLanguage":"sk-SK"},{"@type":"Organization","@id":"https:\/\/www.festivalvedy.sk\/wp2\/#organization","name":"Festival vedy a techniky AMAVET","url":"https:\/\/www.festivalvedy.sk\/wp2\/","logo":{"@type":"ImageObject","inLanguage":"sk-SK","@id":"https:\/\/www.festivalvedy.sk\/wp2\/#\/schema\/logo\/image\/","url":"https:\/\/www.festivalvedy.sk\/wp2\/wp-content\/uploads\/2022\/02\/cropped-fvat-ochranna-zona.png","contentUrl":"https:\/\/www.festivalvedy.sk\/wp2\/wp-content\/uploads\/2022\/02\/cropped-fvat-ochranna-zona.png","width":1190,"height":357,"caption":"Festival vedy a techniky AMAVET"},"image":{"@id":"https:\/\/www.festivalvedy.sk\/wp2\/#\/schema\/logo\/image\/"}},{"@type":"Person","@id":"https:\/\/www.festivalvedy.sk\/wp2\/#\/schema\/person\/f6c2e17170a626260fe38db97ed0a1f5","name":"Redakcia","image":{"@type":"ImageObject","inLanguage":"sk-SK","@id":"https:\/\/secure.gravatar.com\/avatar\/2f7c312d560e25e8eb59b6b53cadd5dc16b39f25bac1c7d0a221dafd9c91fae9?s=96&d=mm&r=g","url":"https:\/\/secure.gravatar.com\/avatar\/2f7c312d560e25e8eb59b6b53cadd5dc16b39f25bac1c7d0a221dafd9c91fae9?s=96&d=mm&r=g","contentUrl":"https:\/\/secure.gravatar.com\/avatar\/2f7c312d560e25e8eb59b6b53cadd5dc16b39f25bac1c7d0a221dafd9c91fae9?s=96&d=mm&r=g","caption":"Redakcia"},"url":"https:\/\/www.festivalvedy.sk\/wp2\/author\/fvatadmin\/"}]}},"_links":{"self":[{"href":"https:\/\/www.festivalvedy.sk\/wp2\/wp-json\/wp\/v2\/posts\/825","targetHints":{"allow":["GET"]}}],"collection":[{"href":"https:\/\/www.festivalvedy.sk\/wp2\/wp-json\/wp\/v2\/posts"}],"about":[{"href":"https:\/\/www.festivalvedy.sk\/wp2\/wp-json\/wp\/v2\/types\/post"}],"author":[{"embeddable":true,"href":"https:\/\/www.festivalvedy.sk\/wp2\/wp-json\/wp\/v2\/users\/1"}],"replies":[{"embeddable":true,"href":"https:\/\/www.festivalvedy.sk\/wp2\/wp-json\/wp\/v2\/comments?post=825"}],"version-history":[{"count":0,"href":"https:\/\/www.festivalvedy.sk\/wp2\/wp-json\/wp\/v2\/posts\/825\/revisions"}],"wp:attachment":[{"href":"https:\/\/www.festivalvedy.sk\/wp2\/wp-json\/wp\/v2\/media?parent=825"}],"wp:term":[{"taxonomy":"category","embeddable":true,"href":"https:\/\/www.festivalvedy.sk\/wp2\/wp-json\/wp\/v2\/categories?post=825"},{"taxonomy":"post_tag","embeddable":true,"href":"https:\/\/www.festivalvedy.sk\/wp2\/wp-json\/wp\/v2\/tags?post=825"}],"curies":[{"name":"wp","href":"https:\/\/api.w.org\/{rel}","templated":true}]}}