{"id":828,"date":"2019-09-18T12:45:38","date_gmt":"2019-09-18T10:45:38","guid":{"rendered":"https:\/\/www.festivalvedy.sk\/wp2\/inteligentna-separacia-odpadu\/"},"modified":"2019-09-18T12:45:38","modified_gmt":"2019-09-18T10:45:38","slug":"inteligentna-separacia-odpadu","status":"publish","type":"post","link":"https:\/\/www.festivalvedy.sk\/wp2\/inteligentna-separacia-odpadu\/","title":{"rendered":"Inteligentn\u00e1 separ\u00e1cia odpadu"},"content":{"rendered":"<p>Autor\/autori: R\u00f3bert Mi\u0161kech  <\/p>\n<p>Inteligentn\u00e1 separ\u00e1cia odpadu<br \/>\n(projekt s vyu\u017eit\u00edm stavebnice LEGO MINDSTORMS EV3)<\/p>\n<p>Impulzom na zhotovenie inteligentnej separ\u00e1cie odpadu bola moja z\u00e1\u013euba o mechaniku  v\u0161eobecne a tvorba vlastn\u00fdch modelov s vyu\u017eit\u00edm stavebnice LEGO.  S\u00fa\u010dasn\u00fd stav s mno\u017estvom odpadu v spolo\u010dnosti n\u00e1s n\u00fati rozm\u00fd\u0161\u013ea\u0165 o jeho dostupnej a efekt\u00edvnej separ\u00e1cii. Cie\u013eom m\u00f4jho projektu bolo uva\u017eova\u0165 o mo\u017enosti v\u00fdhodnej separ\u00e1cie odpadu na z\u00e1klade farebnej odli\u0161nosti predmetov. Na postavenie modelu separa\u010dnej linky som pou\u017eil stavebnicu LEGO MINDSTORMS EV3 s pripojen\u00edm na PC. D\u00f4sledne a po \u010diastkov\u00fdch krokoch naprogramovan\u00e1 robotick\u00e1 ruka, pohybliv\u00e1 do v\u0161etk\u00fdch str\u00e1n, dok\u00e1\u017ee uchopi\u0165 farebne odli\u0161n\u00e9 predmety z to\u010diacej sa platne a zatriedi\u0165 ich na z\u00e1klade senzormi rozl\u00ed\u0161en\u00fdch farieb do triediacich kontajnerov. V bud\u00facnosti, pri re\u00e1lnom vyu\u017eit\u00ed projektu,  by bolo mo\u017en\u00e9 senzory farieb nahradi\u0165 tak\u00fdmi, ktor\u00e9 dok\u00e1\u017eu rozl\u00ed\u0161i\u0165 r\u00f4zne materi\u00e1ly; respekt\u00edve z \u00fadajov o hmotnosti a objeme  telies ur\u010di\u0165, o ak\u00e9 materi\u00e1ly sa jedn\u00e1.<\/p>\n","protected":false},"excerpt":{"rendered":"<p>Autor\/autori: R\u00f3bert Mi\u0161kech Inteligentn\u00e1 separ\u00e1cia odpadu (projekt s vyu\u017eit\u00edm stavebnice LEGO MINDSTORMS EV3) Impulzom na zhotovenie inteligentnej separ\u00e1cie odpadu bola moja z\u00e1\u013euba o mechaniku v\u0161eobecne a tvorba vlastn\u00fdch modelov s vyu\u017eit\u00edm stavebnice LEGO. S\u00fa\u010dasn\u00fd stav s mno\u017estvom odpadu v spolo\u010dnosti n\u00e1s n\u00fati rozm\u00fd\u0161\u013ea\u0165 o jeho dostupnej a efekt\u00edvnej separ\u00e1cii. Cie\u013eom m\u00f4jho projektu bolo uva\u017eova\u0165 o [&hellip;]<\/p>\n","protected":false},"author":1,"featured_media":0,"comment_status":"open","ping_status":"open","sticky":false,"template":"","format":"standard","meta":{"om_disable_all_campaigns":false,"_monsterinsights_skip_tracking":false,"_monsterinsights_sitenote_active":false,"_monsterinsights_sitenote_note":"","_monsterinsights_sitenote_category":0,"_uf_show_specific_survey":0,"_uf_disable_surveys":false,"footnotes":""},"categories":[6,20],"tags":[8,21],"class_list":["post-828","post","type-post","status-publish","format-standard","hentry","category-6","category-elektrina-a-mechanika","tag-8","tag-elektrina-a-mechanika"],"yoast_head":"<!-- This site is optimized with the Yoast SEO plugin v27.2 - https:\/\/yoast.com\/product\/yoast-seo-wordpress\/ -->\n<title>Inteligentn\u00e1 separ\u00e1cia odpadu - Festival vedy a techniky AMAVET<\/title>\n<meta name=\"robots\" content=\"index, follow, max-snippet:-1, max-image-preview:large, max-video-preview:-1\" \/>\n<link rel=\"canonical\" href=\"https:\/\/www.festivalvedy.sk\/wp2\/inteligentna-separacia-odpadu\/\" \/>\n<meta property=\"og:locale\" content=\"sk_SK\" \/>\n<meta property=\"og:type\" content=\"article\" \/>\n<meta property=\"og:title\" content=\"Inteligentn\u00e1 separ\u00e1cia odpadu - Festival vedy a techniky AMAVET\" \/>\n<meta property=\"og:description\" content=\"Autor\/autori: R\u00f3bert Mi\u0161kech Inteligentn\u00e1 separ\u00e1cia odpadu (projekt s vyu\u017eit\u00edm stavebnice LEGO MINDSTORMS EV3) Impulzom na zhotovenie inteligentnej separ\u00e1cie odpadu bola moja z\u00e1\u013euba o mechaniku v\u0161eobecne a tvorba vlastn\u00fdch modelov s vyu\u017eit\u00edm stavebnice LEGO. S\u00fa\u010dasn\u00fd stav s mno\u017estvom odpadu v spolo\u010dnosti n\u00e1s n\u00fati rozm\u00fd\u0161\u013ea\u0165 o jeho dostupnej a efekt\u00edvnej separ\u00e1cii. Cie\u013eom m\u00f4jho projektu bolo uva\u017eova\u0165 o [&hellip;]\" \/>\n<meta property=\"og:url\" content=\"https:\/\/www.festivalvedy.sk\/wp2\/inteligentna-separacia-odpadu\/\" \/>\n<meta property=\"og:site_name\" content=\"Festival vedy a techniky AMAVET\" \/>\n<meta property=\"article:published_time\" content=\"2019-09-18T10:45:38+00:00\" \/>\n<meta name=\"author\" content=\"Redakcia\" \/>\n<meta name=\"twitter:card\" content=\"summary_large_image\" \/>\n<meta name=\"twitter:label1\" content=\"Autor\" \/>\n\t<meta name=\"twitter:data1\" content=\"Redakcia\" \/>\n\t<meta name=\"twitter:label2\" content=\"Predpokladan\u00fd \u010das \u010d\u00edtania\" \/>\n\t<meta name=\"twitter:data2\" content=\"1 min\u00fata\" \/>\n<script type=\"application\/ld+json\" class=\"yoast-schema-graph\">{\"@context\":\"https:\/\/schema.org\",\"@graph\":[{\"@type\":\"Article\",\"@id\":\"https:\/\/www.festivalvedy.sk\/wp2\/inteligentna-separacia-odpadu\/#article\",\"isPartOf\":{\"@id\":\"https:\/\/www.festivalvedy.sk\/wp2\/inteligentna-separacia-odpadu\/\"},\"author\":{\"name\":\"Redakcia\",\"@id\":\"https:\/\/www.festivalvedy.sk\/wp2\/#\/schema\/person\/f6c2e17170a626260fe38db97ed0a1f5\"},\"headline\":\"Inteligentn\u00e1 separ\u00e1cia odpadu\",\"datePublished\":\"2019-09-18T10:45:38+00:00\",\"mainEntityOfPage\":{\"@id\":\"https:\/\/www.festivalvedy.sk\/wp2\/inteligentna-separacia-odpadu\/\"},\"wordCount\":201,\"commentCount\":0,\"publisher\":{\"@id\":\"https:\/\/www.festivalvedy.sk\/wp2\/#organization\"},\"keywords\":[\"2019\",\"Elektrina a mechanika\"],\"articleSection\":[\"Arch\u00edv 2018\",\"Elektrina a mechanika\"],\"inLanguage\":\"sk-SK\"},{\"@type\":\"WebPage\",\"@id\":\"https:\/\/www.festivalvedy.sk\/wp2\/inteligentna-separacia-odpadu\/\",\"url\":\"https:\/\/www.festivalvedy.sk\/wp2\/inteligentna-separacia-odpadu\/\",\"name\":\"Inteligentn\u00e1 separ\u00e1cia odpadu - Festival vedy a techniky AMAVET\",\"isPartOf\":{\"@id\":\"https:\/\/www.festivalvedy.sk\/wp2\/#website\"},\"datePublished\":\"2019-09-18T10:45:38+00:00\",\"breadcrumb\":{\"@id\":\"https:\/\/www.festivalvedy.sk\/wp2\/inteligentna-separacia-odpadu\/#breadcrumb\"},\"inLanguage\":\"sk-SK\",\"potentialAction\":[{\"@type\":\"ReadAction\",\"target\":[\"https:\/\/www.festivalvedy.sk\/wp2\/inteligentna-separacia-odpadu\/\"]}]},{\"@type\":\"BreadcrumbList\",\"@id\":\"https:\/\/www.festivalvedy.sk\/wp2\/inteligentna-separacia-odpadu\/#breadcrumb\",\"itemListElement\":[{\"@type\":\"ListItem\",\"position\":1,\"name\":\"Home\",\"item\":\"https:\/\/www.festivalvedy.sk\/wp2\/\"},{\"@type\":\"ListItem\",\"position\":2,\"name\":\"Inteligentn\u00e1 separ\u00e1cia odpadu\"}]},{\"@type\":\"WebSite\",\"@id\":\"https:\/\/www.festivalvedy.sk\/wp2\/#website\",\"url\":\"https:\/\/www.festivalvedy.sk\/wp2\/\",\"name\":\"Festival vedy a techniky AMAVET\",\"description\":\"AMAVET - Asoci\u00e1cia pre ml\u00e1de\u017e, vedu a techniku\",\"publisher\":{\"@id\":\"https:\/\/www.festivalvedy.sk\/wp2\/#organization\"},\"potentialAction\":[{\"@type\":\"SearchAction\",\"target\":{\"@type\":\"EntryPoint\",\"urlTemplate\":\"https:\/\/www.festivalvedy.sk\/wp2\/?s={search_term_string}\"},\"query-input\":{\"@type\":\"PropertyValueSpecification\",\"valueRequired\":true,\"valueName\":\"search_term_string\"}}],\"inLanguage\":\"sk-SK\"},{\"@type\":\"Organization\",\"@id\":\"https:\/\/www.festivalvedy.sk\/wp2\/#organization\",\"name\":\"Festival vedy a techniky AMAVET\",\"url\":\"https:\/\/www.festivalvedy.sk\/wp2\/\",\"logo\":{\"@type\":\"ImageObject\",\"inLanguage\":\"sk-SK\",\"@id\":\"https:\/\/www.festivalvedy.sk\/wp2\/#\/schema\/logo\/image\/\",\"url\":\"https:\/\/www.festivalvedy.sk\/wp2\/wp-content\/uploads\/2022\/02\/cropped-fvat-ochranna-zona.png\",\"contentUrl\":\"https:\/\/www.festivalvedy.sk\/wp2\/wp-content\/uploads\/2022\/02\/cropped-fvat-ochranna-zona.png\",\"width\":1190,\"height\":357,\"caption\":\"Festival vedy a techniky AMAVET\"},\"image\":{\"@id\":\"https:\/\/www.festivalvedy.sk\/wp2\/#\/schema\/logo\/image\/\"}},{\"@type\":\"Person\",\"@id\":\"https:\/\/www.festivalvedy.sk\/wp2\/#\/schema\/person\/f6c2e17170a626260fe38db97ed0a1f5\",\"name\":\"Redakcia\",\"image\":{\"@type\":\"ImageObject\",\"inLanguage\":\"sk-SK\",\"@id\":\"https:\/\/secure.gravatar.com\/avatar\/2f7c312d560e25e8eb59b6b53cadd5dc16b39f25bac1c7d0a221dafd9c91fae9?s=96&d=mm&r=g\",\"url\":\"https:\/\/secure.gravatar.com\/avatar\/2f7c312d560e25e8eb59b6b53cadd5dc16b39f25bac1c7d0a221dafd9c91fae9?s=96&d=mm&r=g\",\"contentUrl\":\"https:\/\/secure.gravatar.com\/avatar\/2f7c312d560e25e8eb59b6b53cadd5dc16b39f25bac1c7d0a221dafd9c91fae9?s=96&d=mm&r=g\",\"caption\":\"Redakcia\"},\"url\":\"https:\/\/www.festivalvedy.sk\/wp2\/author\/fvatadmin\/\"}]}<\/script>\n<!-- \/ Yoast SEO plugin. -->","yoast_head_json":{"title":"Inteligentn\u00e1 separ\u00e1cia odpadu - Festival vedy a techniky AMAVET","robots":{"index":"index","follow":"follow","max-snippet":"max-snippet:-1","max-image-preview":"max-image-preview:large","max-video-preview":"max-video-preview:-1"},"canonical":"https:\/\/www.festivalvedy.sk\/wp2\/inteligentna-separacia-odpadu\/","og_locale":"sk_SK","og_type":"article","og_title":"Inteligentn\u00e1 separ\u00e1cia odpadu - Festival vedy a techniky AMAVET","og_description":"Autor\/autori: R\u00f3bert Mi\u0161kech Inteligentn\u00e1 separ\u00e1cia odpadu (projekt s vyu\u017eit\u00edm stavebnice LEGO MINDSTORMS EV3) Impulzom na zhotovenie inteligentnej separ\u00e1cie odpadu bola moja z\u00e1\u013euba o mechaniku v\u0161eobecne a tvorba vlastn\u00fdch modelov s vyu\u017eit\u00edm stavebnice LEGO. S\u00fa\u010dasn\u00fd stav s mno\u017estvom odpadu v spolo\u010dnosti n\u00e1s n\u00fati rozm\u00fd\u0161\u013ea\u0165 o jeho dostupnej a efekt\u00edvnej separ\u00e1cii. Cie\u013eom m\u00f4jho projektu bolo uva\u017eova\u0165 o [&hellip;]","og_url":"https:\/\/www.festivalvedy.sk\/wp2\/inteligentna-separacia-odpadu\/","og_site_name":"Festival vedy a techniky AMAVET","article_published_time":"2019-09-18T10:45:38+00:00","author":"Redakcia","twitter_card":"summary_large_image","twitter_misc":{"Autor":"Redakcia","Predpokladan\u00fd \u010das \u010d\u00edtania":"1 min\u00fata"},"schema":{"@context":"https:\/\/schema.org","@graph":[{"@type":"Article","@id":"https:\/\/www.festivalvedy.sk\/wp2\/inteligentna-separacia-odpadu\/#article","isPartOf":{"@id":"https:\/\/www.festivalvedy.sk\/wp2\/inteligentna-separacia-odpadu\/"},"author":{"name":"Redakcia","@id":"https:\/\/www.festivalvedy.sk\/wp2\/#\/schema\/person\/f6c2e17170a626260fe38db97ed0a1f5"},"headline":"Inteligentn\u00e1 separ\u00e1cia odpadu","datePublished":"2019-09-18T10:45:38+00:00","mainEntityOfPage":{"@id":"https:\/\/www.festivalvedy.sk\/wp2\/inteligentna-separacia-odpadu\/"},"wordCount":201,"commentCount":0,"publisher":{"@id":"https:\/\/www.festivalvedy.sk\/wp2\/#organization"},"keywords":["2019","Elektrina a mechanika"],"articleSection":["Arch\u00edv 2018","Elektrina a mechanika"],"inLanguage":"sk-SK"},{"@type":"WebPage","@id":"https:\/\/www.festivalvedy.sk\/wp2\/inteligentna-separacia-odpadu\/","url":"https:\/\/www.festivalvedy.sk\/wp2\/inteligentna-separacia-odpadu\/","name":"Inteligentn\u00e1 separ\u00e1cia odpadu - Festival vedy a techniky AMAVET","isPartOf":{"@id":"https:\/\/www.festivalvedy.sk\/wp2\/#website"},"datePublished":"2019-09-18T10:45:38+00:00","breadcrumb":{"@id":"https:\/\/www.festivalvedy.sk\/wp2\/inteligentna-separacia-odpadu\/#breadcrumb"},"inLanguage":"sk-SK","potentialAction":[{"@type":"ReadAction","target":["https:\/\/www.festivalvedy.sk\/wp2\/inteligentna-separacia-odpadu\/"]}]},{"@type":"BreadcrumbList","@id":"https:\/\/www.festivalvedy.sk\/wp2\/inteligentna-separacia-odpadu\/#breadcrumb","itemListElement":[{"@type":"ListItem","position":1,"name":"Home","item":"https:\/\/www.festivalvedy.sk\/wp2\/"},{"@type":"ListItem","position":2,"name":"Inteligentn\u00e1 separ\u00e1cia odpadu"}]},{"@type":"WebSite","@id":"https:\/\/www.festivalvedy.sk\/wp2\/#website","url":"https:\/\/www.festivalvedy.sk\/wp2\/","name":"Festival vedy a techniky AMAVET","description":"AMAVET - Asoci\u00e1cia pre ml\u00e1de\u017e, vedu a techniku","publisher":{"@id":"https:\/\/www.festivalvedy.sk\/wp2\/#organization"},"potentialAction":[{"@type":"SearchAction","target":{"@type":"EntryPoint","urlTemplate":"https:\/\/www.festivalvedy.sk\/wp2\/?s={search_term_string}"},"query-input":{"@type":"PropertyValueSpecification","valueRequired":true,"valueName":"search_term_string"}}],"inLanguage":"sk-SK"},{"@type":"Organization","@id":"https:\/\/www.festivalvedy.sk\/wp2\/#organization","name":"Festival vedy a techniky AMAVET","url":"https:\/\/www.festivalvedy.sk\/wp2\/","logo":{"@type":"ImageObject","inLanguage":"sk-SK","@id":"https:\/\/www.festivalvedy.sk\/wp2\/#\/schema\/logo\/image\/","url":"https:\/\/www.festivalvedy.sk\/wp2\/wp-content\/uploads\/2022\/02\/cropped-fvat-ochranna-zona.png","contentUrl":"https:\/\/www.festivalvedy.sk\/wp2\/wp-content\/uploads\/2022\/02\/cropped-fvat-ochranna-zona.png","width":1190,"height":357,"caption":"Festival vedy a techniky AMAVET"},"image":{"@id":"https:\/\/www.festivalvedy.sk\/wp2\/#\/schema\/logo\/image\/"}},{"@type":"Person","@id":"https:\/\/www.festivalvedy.sk\/wp2\/#\/schema\/person\/f6c2e17170a626260fe38db97ed0a1f5","name":"Redakcia","image":{"@type":"ImageObject","inLanguage":"sk-SK","@id":"https:\/\/secure.gravatar.com\/avatar\/2f7c312d560e25e8eb59b6b53cadd5dc16b39f25bac1c7d0a221dafd9c91fae9?s=96&d=mm&r=g","url":"https:\/\/secure.gravatar.com\/avatar\/2f7c312d560e25e8eb59b6b53cadd5dc16b39f25bac1c7d0a221dafd9c91fae9?s=96&d=mm&r=g","contentUrl":"https:\/\/secure.gravatar.com\/avatar\/2f7c312d560e25e8eb59b6b53cadd5dc16b39f25bac1c7d0a221dafd9c91fae9?s=96&d=mm&r=g","caption":"Redakcia"},"url":"https:\/\/www.festivalvedy.sk\/wp2\/author\/fvatadmin\/"}]}},"_links":{"self":[{"href":"https:\/\/www.festivalvedy.sk\/wp2\/wp-json\/wp\/v2\/posts\/828","targetHints":{"allow":["GET"]}}],"collection":[{"href":"https:\/\/www.festivalvedy.sk\/wp2\/wp-json\/wp\/v2\/posts"}],"about":[{"href":"https:\/\/www.festivalvedy.sk\/wp2\/wp-json\/wp\/v2\/types\/post"}],"author":[{"embeddable":true,"href":"https:\/\/www.festivalvedy.sk\/wp2\/wp-json\/wp\/v2\/users\/1"}],"replies":[{"embeddable":true,"href":"https:\/\/www.festivalvedy.sk\/wp2\/wp-json\/wp\/v2\/comments?post=828"}],"version-history":[{"count":0,"href":"https:\/\/www.festivalvedy.sk\/wp2\/wp-json\/wp\/v2\/posts\/828\/revisions"}],"wp:attachment":[{"href":"https:\/\/www.festivalvedy.sk\/wp2\/wp-json\/wp\/v2\/media?parent=828"}],"wp:term":[{"taxonomy":"category","embeddable":true,"href":"https:\/\/www.festivalvedy.sk\/wp2\/wp-json\/wp\/v2\/categories?post=828"},{"taxonomy":"post_tag","embeddable":true,"href":"https:\/\/www.festivalvedy.sk\/wp2\/wp-json\/wp\/v2\/tags?post=828"}],"curies":[{"name":"wp","href":"https:\/\/api.w.org\/{rel}","templated":true}]}}