{"id":829,"date":"2019-09-18T12:45:38","date_gmt":"2019-09-18T10:45:38","guid":{"rendered":"https:\/\/www.festivalvedy.sk\/wp2\/antropicke-zmeny-ako-zdroj-potencionalnej-kontaminacie-mokrade\/"},"modified":"2019-09-18T12:45:38","modified_gmt":"2019-09-18T10:45:38","slug":"antropicke-zmeny-ako-zdroj-potencionalnej-kontaminacie-mokrade","status":"publish","type":"post","link":"https:\/\/www.festivalvedy.sk\/wp2\/antropicke-zmeny-ako-zdroj-potencionalnej-kontaminacie-mokrade\/","title":{"rendered":"Antropick\u00e9 zmeny ako zdroj potencion\u00e1lnej kontamin\u00e1cie mokrade"},"content":{"rendered":"<p>Autor\/autori: Peter Nociar  <\/p>\n<p>Projekt sa zaober\u00e1 mokra\u010fov\u00fdm biotopom. Nach\u00e1dza sa v bl\u00edzkosti priemyselnej z\u00f3ny a je domovom mnoh\u00fdch vz\u00e1cnych druhov fauny. \u0160es\u0165ro\u010dn\u00fdm sk\u00faman\u00edm dan\u00e9ho ekosyst\u00e9mu sme bohu\u017eia\u013e zistili rap\u00eddny pokles viacer\u00fdch druhov \u017eivo\u010d\u00edchov. Najv\u00e4\u010d\u0161\u00ed \u00fabytok je hlavne u oboj\u017eiveln\u00edkov i napriek pr\u00edtomnosti hojn\u00e9ho po\u010dtu \u017eubrienok v jarnom obdob\u00ed.. Hlavn\u00fdm cie\u013eom bolo zisti\u0165 pr\u00edtomnos\u0165 patog\u00e9nnych mikroorganizmov a zmeny v kvalite vody v mokradi, ktor\u00e9 mohli zapr\u00ed\u010dini\u0165 dan\u00fd stav.<br \/>\nUskuto\u010dnili sme meranie d\u00f4le\u017eit\u00fdch ukazovate\u013eov vody (pH, teplota, konduktivita) v mokradi na piatich miestach a z jedn\u00e9ho miesta sme odobrali dve vzorky povrchovej vody a dve vzorky p\u00f4dy (bentosu) na kultiv\u00e1ciu mikroorganizmov. V\u00fdskum bol realizovan\u00fd v laborat\u00f3riu na UMB v B.Bystrici. Na kultiv\u00e1ciu mikroorganizmov sme pou\u017eili TSA m\u00e9dium a SLANETZ AND BARTLEY m\u00e9dium, pri\u010dom z p\u00f4dnych vzoriek sme urobili v\u00fdluh. Mikroorganizmy sme kultivovali pri 22oC a 37\u00b0C a identifikovali pomocou pr\u00edstroja MALDI.<br \/>\nIdentifikovan\u00fdch bolo 16 bakt\u00e9ri\u00ed a neidentifikovan\u00e9 4, pri ktor\u00fdch sme prist\u00fapili ku Gramovmu farbeniu. Vysok\u00e9 hodnoty konduktivity bl\u00edzko zdroja zne\u010distenia spojen\u00e9 s n\u00edzkym pH, ako aj pr\u00edtomnos\u0165 kultivovate\u013en\u00fdch mikroorganizmov pri dan\u00fdch teplot\u00e1ch poukazuj\u00fa na celkov\u00e9 organick\u00e9 zne\u010distenie vody a s\u00fa ukazovate\u013eom za\u0165a\u017eenia recipientu odpadov\u00fdmi l\u00e1tkami.<br \/>\nNajzauj\u00edmavej\u0161ie bolo zistenie pr\u00edtomnosti dvoch mikroorganizmov. Aeromonas hydrophila je patog\u00e9nna aj pre studenokrvn\u00e9 \u017eivo\u010d\u00edchy, \u010do pravdepodobne sp\u00f4sobilo pokles po\u010detnosti druhov vt\u00e1kov a \u017eiab v danej oblasti. Naopak Pseudomonas veronii je schopn\u00e1 prij\u00edma\u0165 z prostredia ur\u010dit\u00e9 polutanty a metabolizova\u0165 ich. V\u010faka tomu m\u00f4\u017ee by\u0165 pou\u017eit\u00e1 na bioremedi\u00e1ciu zne\u010disten\u00fdch p\u00f4d \/ v\u00f4d, \u010do je mo\u017en\u00e9 vyu\u017ei\u0165 v pr\u00edpade kontamin\u00e1cie dan\u00e9ho ekosyst\u00e9mu.<\/p>\n","protected":false},"excerpt":{"rendered":"<p>Autor\/autori: Peter Nociar Projekt sa zaober\u00e1 mokra\u010fov\u00fdm biotopom. Nach\u00e1dza sa v bl\u00edzkosti priemyselnej z\u00f3ny a je domovom mnoh\u00fdch vz\u00e1cnych druhov fauny. \u0160es\u0165ro\u010dn\u00fdm sk\u00faman\u00edm dan\u00e9ho ekosyst\u00e9mu sme bohu\u017eia\u013e zistili rap\u00eddny pokles viacer\u00fdch druhov \u017eivo\u010d\u00edchov. Najv\u00e4\u010d\u0161\u00ed \u00fabytok je hlavne u oboj\u017eiveln\u00edkov i napriek pr\u00edtomnosti hojn\u00e9ho po\u010dtu \u017eubrienok v jarnom obdob\u00ed.. Hlavn\u00fdm cie\u013eom bolo zisti\u0165 pr\u00edtomnos\u0165 patog\u00e9nnych mikroorganizmov [&hellip;]<\/p>\n","protected":false},"author":1,"featured_media":0,"comment_status":"open","ping_status":"open","sticky":false,"template":"","format":"standard","meta":{"om_disable_all_campaigns":false,"_monsterinsights_skip_tracking":false,"_monsterinsights_sitenote_active":false,"_monsterinsights_sitenote_note":"","_monsterinsights_sitenote_category":0,"_uf_show_specific_survey":0,"_uf_disable_surveys":false,"footnotes":""},"categories":[6,16],"tags":[8,17],"class_list":["post-829","post","type-post","status-publish","format-standard","hentry","category-6","category-environmentalne-vedy","tag-8","tag-environmentalne-vedy"],"yoast_head":"<!-- This site is optimized with the Yoast SEO plugin v27.2 - https:\/\/yoast.com\/product\/yoast-seo-wordpress\/ -->\n<title>Antropick\u00e9 zmeny ako zdroj potencion\u00e1lnej kontamin\u00e1cie mokrade - Festival vedy a techniky AMAVET<\/title>\n<meta name=\"robots\" content=\"index, follow, max-snippet:-1, max-image-preview:large, max-video-preview:-1\" \/>\n<link rel=\"canonical\" href=\"https:\/\/www.festivalvedy.sk\/wp2\/antropicke-zmeny-ako-zdroj-potencionalnej-kontaminacie-mokrade\/\" \/>\n<meta property=\"og:locale\" content=\"sk_SK\" \/>\n<meta property=\"og:type\" content=\"article\" \/>\n<meta property=\"og:title\" content=\"Antropick\u00e9 zmeny ako zdroj potencion\u00e1lnej kontamin\u00e1cie mokrade - Festival vedy a techniky AMAVET\" \/>\n<meta property=\"og:description\" content=\"Autor\/autori: Peter Nociar Projekt sa zaober\u00e1 mokra\u010fov\u00fdm biotopom. Nach\u00e1dza sa v bl\u00edzkosti priemyselnej z\u00f3ny a je domovom mnoh\u00fdch vz\u00e1cnych druhov fauny. \u0160es\u0165ro\u010dn\u00fdm sk\u00faman\u00edm dan\u00e9ho ekosyst\u00e9mu sme bohu\u017eia\u013e zistili rap\u00eddny pokles viacer\u00fdch druhov \u017eivo\u010d\u00edchov. Najv\u00e4\u010d\u0161\u00ed \u00fabytok je hlavne u oboj\u017eiveln\u00edkov i napriek pr\u00edtomnosti hojn\u00e9ho po\u010dtu \u017eubrienok v jarnom obdob\u00ed.. Hlavn\u00fdm cie\u013eom bolo zisti\u0165 pr\u00edtomnos\u0165 patog\u00e9nnych mikroorganizmov [&hellip;]\" \/>\n<meta property=\"og:url\" content=\"https:\/\/www.festivalvedy.sk\/wp2\/antropicke-zmeny-ako-zdroj-potencionalnej-kontaminacie-mokrade\/\" \/>\n<meta property=\"og:site_name\" content=\"Festival vedy a techniky AMAVET\" \/>\n<meta property=\"article:published_time\" content=\"2019-09-18T10:45:38+00:00\" \/>\n<meta name=\"author\" content=\"Redakcia\" \/>\n<meta name=\"twitter:card\" content=\"summary_large_image\" \/>\n<meta name=\"twitter:label1\" content=\"Autor\" \/>\n\t<meta name=\"twitter:data1\" content=\"Redakcia\" \/>\n\t<meta name=\"twitter:label2\" content=\"Predpokladan\u00fd \u010das \u010d\u00edtania\" \/>\n\t<meta name=\"twitter:data2\" content=\"2 min\u00faty\" \/>\n<script type=\"application\/ld+json\" class=\"yoast-schema-graph\">{\"@context\":\"https:\/\/schema.org\",\"@graph\":[{\"@type\":\"Article\",\"@id\":\"https:\/\/www.festivalvedy.sk\/wp2\/antropicke-zmeny-ako-zdroj-potencionalnej-kontaminacie-mokrade\/#article\",\"isPartOf\":{\"@id\":\"https:\/\/www.festivalvedy.sk\/wp2\/antropicke-zmeny-ako-zdroj-potencionalnej-kontaminacie-mokrade\/\"},\"author\":{\"name\":\"Redakcia\",\"@id\":\"https:\/\/www.festivalvedy.sk\/wp2\/#\/schema\/person\/f6c2e17170a626260fe38db97ed0a1f5\"},\"headline\":\"Antropick\u00e9 zmeny ako zdroj potencion\u00e1lnej kontamin\u00e1cie mokrade\",\"datePublished\":\"2019-09-18T10:45:38+00:00\",\"mainEntityOfPage\":{\"@id\":\"https:\/\/www.festivalvedy.sk\/wp2\/antropicke-zmeny-ako-zdroj-potencionalnej-kontaminacie-mokrade\/\"},\"wordCount\":339,\"commentCount\":0,\"publisher\":{\"@id\":\"https:\/\/www.festivalvedy.sk\/wp2\/#organization\"},\"keywords\":[\"2019\",\"Environment\u00e1lne vedy\"],\"articleSection\":[\"Arch\u00edv 2018\",\"Environment\u00e1lne vedy\"],\"inLanguage\":\"sk-SK\"},{\"@type\":\"WebPage\",\"@id\":\"https:\/\/www.festivalvedy.sk\/wp2\/antropicke-zmeny-ako-zdroj-potencionalnej-kontaminacie-mokrade\/\",\"url\":\"https:\/\/www.festivalvedy.sk\/wp2\/antropicke-zmeny-ako-zdroj-potencionalnej-kontaminacie-mokrade\/\",\"name\":\"Antropick\u00e9 zmeny ako zdroj potencion\u00e1lnej kontamin\u00e1cie mokrade - Festival vedy a techniky AMAVET\",\"isPartOf\":{\"@id\":\"https:\/\/www.festivalvedy.sk\/wp2\/#website\"},\"datePublished\":\"2019-09-18T10:45:38+00:00\",\"breadcrumb\":{\"@id\":\"https:\/\/www.festivalvedy.sk\/wp2\/antropicke-zmeny-ako-zdroj-potencionalnej-kontaminacie-mokrade\/#breadcrumb\"},\"inLanguage\":\"sk-SK\",\"potentialAction\":[{\"@type\":\"ReadAction\",\"target\":[\"https:\/\/www.festivalvedy.sk\/wp2\/antropicke-zmeny-ako-zdroj-potencionalnej-kontaminacie-mokrade\/\"]}]},{\"@type\":\"BreadcrumbList\",\"@id\":\"https:\/\/www.festivalvedy.sk\/wp2\/antropicke-zmeny-ako-zdroj-potencionalnej-kontaminacie-mokrade\/#breadcrumb\",\"itemListElement\":[{\"@type\":\"ListItem\",\"position\":1,\"name\":\"Home\",\"item\":\"https:\/\/www.festivalvedy.sk\/wp2\/\"},{\"@type\":\"ListItem\",\"position\":2,\"name\":\"Antropick\u00e9 zmeny ako zdroj potencion\u00e1lnej kontamin\u00e1cie mokrade\"}]},{\"@type\":\"WebSite\",\"@id\":\"https:\/\/www.festivalvedy.sk\/wp2\/#website\",\"url\":\"https:\/\/www.festivalvedy.sk\/wp2\/\",\"name\":\"Festival vedy a techniky AMAVET\",\"description\":\"AMAVET - Asoci\u00e1cia pre ml\u00e1de\u017e, vedu a techniku\",\"publisher\":{\"@id\":\"https:\/\/www.festivalvedy.sk\/wp2\/#organization\"},\"potentialAction\":[{\"@type\":\"SearchAction\",\"target\":{\"@type\":\"EntryPoint\",\"urlTemplate\":\"https:\/\/www.festivalvedy.sk\/wp2\/?s={search_term_string}\"},\"query-input\":{\"@type\":\"PropertyValueSpecification\",\"valueRequired\":true,\"valueName\":\"search_term_string\"}}],\"inLanguage\":\"sk-SK\"},{\"@type\":\"Organization\",\"@id\":\"https:\/\/www.festivalvedy.sk\/wp2\/#organization\",\"name\":\"Festival vedy a techniky AMAVET\",\"url\":\"https:\/\/www.festivalvedy.sk\/wp2\/\",\"logo\":{\"@type\":\"ImageObject\",\"inLanguage\":\"sk-SK\",\"@id\":\"https:\/\/www.festivalvedy.sk\/wp2\/#\/schema\/logo\/image\/\",\"url\":\"https:\/\/www.festivalvedy.sk\/wp2\/wp-content\/uploads\/2022\/02\/cropped-fvat-ochranna-zona.png\",\"contentUrl\":\"https:\/\/www.festivalvedy.sk\/wp2\/wp-content\/uploads\/2022\/02\/cropped-fvat-ochranna-zona.png\",\"width\":1190,\"height\":357,\"caption\":\"Festival vedy a techniky AMAVET\"},\"image\":{\"@id\":\"https:\/\/www.festivalvedy.sk\/wp2\/#\/schema\/logo\/image\/\"}},{\"@type\":\"Person\",\"@id\":\"https:\/\/www.festivalvedy.sk\/wp2\/#\/schema\/person\/f6c2e17170a626260fe38db97ed0a1f5\",\"name\":\"Redakcia\",\"image\":{\"@type\":\"ImageObject\",\"inLanguage\":\"sk-SK\",\"@id\":\"https:\/\/secure.gravatar.com\/avatar\/2f7c312d560e25e8eb59b6b53cadd5dc16b39f25bac1c7d0a221dafd9c91fae9?s=96&d=mm&r=g\",\"url\":\"https:\/\/secure.gravatar.com\/avatar\/2f7c312d560e25e8eb59b6b53cadd5dc16b39f25bac1c7d0a221dafd9c91fae9?s=96&d=mm&r=g\",\"contentUrl\":\"https:\/\/secure.gravatar.com\/avatar\/2f7c312d560e25e8eb59b6b53cadd5dc16b39f25bac1c7d0a221dafd9c91fae9?s=96&d=mm&r=g\",\"caption\":\"Redakcia\"},\"url\":\"https:\/\/www.festivalvedy.sk\/wp2\/author\/fvatadmin\/\"}]}<\/script>\n<!-- \/ Yoast SEO plugin. -->","yoast_head_json":{"title":"Antropick\u00e9 zmeny ako zdroj potencion\u00e1lnej kontamin\u00e1cie mokrade - Festival vedy a techniky AMAVET","robots":{"index":"index","follow":"follow","max-snippet":"max-snippet:-1","max-image-preview":"max-image-preview:large","max-video-preview":"max-video-preview:-1"},"canonical":"https:\/\/www.festivalvedy.sk\/wp2\/antropicke-zmeny-ako-zdroj-potencionalnej-kontaminacie-mokrade\/","og_locale":"sk_SK","og_type":"article","og_title":"Antropick\u00e9 zmeny ako zdroj potencion\u00e1lnej kontamin\u00e1cie mokrade - Festival vedy a techniky AMAVET","og_description":"Autor\/autori: Peter Nociar Projekt sa zaober\u00e1 mokra\u010fov\u00fdm biotopom. Nach\u00e1dza sa v bl\u00edzkosti priemyselnej z\u00f3ny a je domovom mnoh\u00fdch vz\u00e1cnych druhov fauny. \u0160es\u0165ro\u010dn\u00fdm sk\u00faman\u00edm dan\u00e9ho ekosyst\u00e9mu sme bohu\u017eia\u013e zistili rap\u00eddny pokles viacer\u00fdch druhov \u017eivo\u010d\u00edchov. Najv\u00e4\u010d\u0161\u00ed \u00fabytok je hlavne u oboj\u017eiveln\u00edkov i napriek pr\u00edtomnosti hojn\u00e9ho po\u010dtu \u017eubrienok v jarnom obdob\u00ed.. Hlavn\u00fdm cie\u013eom bolo zisti\u0165 pr\u00edtomnos\u0165 patog\u00e9nnych mikroorganizmov [&hellip;]","og_url":"https:\/\/www.festivalvedy.sk\/wp2\/antropicke-zmeny-ako-zdroj-potencionalnej-kontaminacie-mokrade\/","og_site_name":"Festival vedy a techniky AMAVET","article_published_time":"2019-09-18T10:45:38+00:00","author":"Redakcia","twitter_card":"summary_large_image","twitter_misc":{"Autor":"Redakcia","Predpokladan\u00fd \u010das \u010d\u00edtania":"2 min\u00faty"},"schema":{"@context":"https:\/\/schema.org","@graph":[{"@type":"Article","@id":"https:\/\/www.festivalvedy.sk\/wp2\/antropicke-zmeny-ako-zdroj-potencionalnej-kontaminacie-mokrade\/#article","isPartOf":{"@id":"https:\/\/www.festivalvedy.sk\/wp2\/antropicke-zmeny-ako-zdroj-potencionalnej-kontaminacie-mokrade\/"},"author":{"name":"Redakcia","@id":"https:\/\/www.festivalvedy.sk\/wp2\/#\/schema\/person\/f6c2e17170a626260fe38db97ed0a1f5"},"headline":"Antropick\u00e9 zmeny ako zdroj potencion\u00e1lnej kontamin\u00e1cie mokrade","datePublished":"2019-09-18T10:45:38+00:00","mainEntityOfPage":{"@id":"https:\/\/www.festivalvedy.sk\/wp2\/antropicke-zmeny-ako-zdroj-potencionalnej-kontaminacie-mokrade\/"},"wordCount":339,"commentCount":0,"publisher":{"@id":"https:\/\/www.festivalvedy.sk\/wp2\/#organization"},"keywords":["2019","Environment\u00e1lne vedy"],"articleSection":["Arch\u00edv 2018","Environment\u00e1lne vedy"],"inLanguage":"sk-SK"},{"@type":"WebPage","@id":"https:\/\/www.festivalvedy.sk\/wp2\/antropicke-zmeny-ako-zdroj-potencionalnej-kontaminacie-mokrade\/","url":"https:\/\/www.festivalvedy.sk\/wp2\/antropicke-zmeny-ako-zdroj-potencionalnej-kontaminacie-mokrade\/","name":"Antropick\u00e9 zmeny ako zdroj potencion\u00e1lnej kontamin\u00e1cie mokrade - Festival vedy a techniky AMAVET","isPartOf":{"@id":"https:\/\/www.festivalvedy.sk\/wp2\/#website"},"datePublished":"2019-09-18T10:45:38+00:00","breadcrumb":{"@id":"https:\/\/www.festivalvedy.sk\/wp2\/antropicke-zmeny-ako-zdroj-potencionalnej-kontaminacie-mokrade\/#breadcrumb"},"inLanguage":"sk-SK","potentialAction":[{"@type":"ReadAction","target":["https:\/\/www.festivalvedy.sk\/wp2\/antropicke-zmeny-ako-zdroj-potencionalnej-kontaminacie-mokrade\/"]}]},{"@type":"BreadcrumbList","@id":"https:\/\/www.festivalvedy.sk\/wp2\/antropicke-zmeny-ako-zdroj-potencionalnej-kontaminacie-mokrade\/#breadcrumb","itemListElement":[{"@type":"ListItem","position":1,"name":"Home","item":"https:\/\/www.festivalvedy.sk\/wp2\/"},{"@type":"ListItem","position":2,"name":"Antropick\u00e9 zmeny ako zdroj potencion\u00e1lnej kontamin\u00e1cie mokrade"}]},{"@type":"WebSite","@id":"https:\/\/www.festivalvedy.sk\/wp2\/#website","url":"https:\/\/www.festivalvedy.sk\/wp2\/","name":"Festival vedy a techniky AMAVET","description":"AMAVET - Asoci\u00e1cia pre ml\u00e1de\u017e, vedu a techniku","publisher":{"@id":"https:\/\/www.festivalvedy.sk\/wp2\/#organization"},"potentialAction":[{"@type":"SearchAction","target":{"@type":"EntryPoint","urlTemplate":"https:\/\/www.festivalvedy.sk\/wp2\/?s={search_term_string}"},"query-input":{"@type":"PropertyValueSpecification","valueRequired":true,"valueName":"search_term_string"}}],"inLanguage":"sk-SK"},{"@type":"Organization","@id":"https:\/\/www.festivalvedy.sk\/wp2\/#organization","name":"Festival vedy a techniky AMAVET","url":"https:\/\/www.festivalvedy.sk\/wp2\/","logo":{"@type":"ImageObject","inLanguage":"sk-SK","@id":"https:\/\/www.festivalvedy.sk\/wp2\/#\/schema\/logo\/image\/","url":"https:\/\/www.festivalvedy.sk\/wp2\/wp-content\/uploads\/2022\/02\/cropped-fvat-ochranna-zona.png","contentUrl":"https:\/\/www.festivalvedy.sk\/wp2\/wp-content\/uploads\/2022\/02\/cropped-fvat-ochranna-zona.png","width":1190,"height":357,"caption":"Festival vedy a techniky AMAVET"},"image":{"@id":"https:\/\/www.festivalvedy.sk\/wp2\/#\/schema\/logo\/image\/"}},{"@type":"Person","@id":"https:\/\/www.festivalvedy.sk\/wp2\/#\/schema\/person\/f6c2e17170a626260fe38db97ed0a1f5","name":"Redakcia","image":{"@type":"ImageObject","inLanguage":"sk-SK","@id":"https:\/\/secure.gravatar.com\/avatar\/2f7c312d560e25e8eb59b6b53cadd5dc16b39f25bac1c7d0a221dafd9c91fae9?s=96&d=mm&r=g","url":"https:\/\/secure.gravatar.com\/avatar\/2f7c312d560e25e8eb59b6b53cadd5dc16b39f25bac1c7d0a221dafd9c91fae9?s=96&d=mm&r=g","contentUrl":"https:\/\/secure.gravatar.com\/avatar\/2f7c312d560e25e8eb59b6b53cadd5dc16b39f25bac1c7d0a221dafd9c91fae9?s=96&d=mm&r=g","caption":"Redakcia"},"url":"https:\/\/www.festivalvedy.sk\/wp2\/author\/fvatadmin\/"}]}},"_links":{"self":[{"href":"https:\/\/www.festivalvedy.sk\/wp2\/wp-json\/wp\/v2\/posts\/829","targetHints":{"allow":["GET"]}}],"collection":[{"href":"https:\/\/www.festivalvedy.sk\/wp2\/wp-json\/wp\/v2\/posts"}],"about":[{"href":"https:\/\/www.festivalvedy.sk\/wp2\/wp-json\/wp\/v2\/types\/post"}],"author":[{"embeddable":true,"href":"https:\/\/www.festivalvedy.sk\/wp2\/wp-json\/wp\/v2\/users\/1"}],"replies":[{"embeddable":true,"href":"https:\/\/www.festivalvedy.sk\/wp2\/wp-json\/wp\/v2\/comments?post=829"}],"version-history":[{"count":0,"href":"https:\/\/www.festivalvedy.sk\/wp2\/wp-json\/wp\/v2\/posts\/829\/revisions"}],"wp:attachment":[{"href":"https:\/\/www.festivalvedy.sk\/wp2\/wp-json\/wp\/v2\/media?parent=829"}],"wp:term":[{"taxonomy":"category","embeddable":true,"href":"https:\/\/www.festivalvedy.sk\/wp2\/wp-json\/wp\/v2\/categories?post=829"},{"taxonomy":"post_tag","embeddable":true,"href":"https:\/\/www.festivalvedy.sk\/wp2\/wp-json\/wp\/v2\/tags?post=829"}],"curies":[{"name":"wp","href":"https:\/\/api.w.org\/{rel}","templated":true}]}}