{"id":836,"date":"2019-09-18T12:45:38","date_gmt":"2019-09-18T10:45:38","guid":{"rendered":"https:\/\/www.festivalvedy.sk\/wp2\/veda-v-hudbe\/"},"modified":"2019-09-18T12:45:38","modified_gmt":"2019-09-18T10:45:38","slug":"veda-v-hudbe","status":"publish","type":"post","link":"https:\/\/www.festivalvedy.sk\/wp2\/veda-v-hudbe\/","title":{"rendered":"Veda v hudbe"},"content":{"rendered":"<p>Autor\/autori: Mat\u00fa\u0161 Jo\u0161\u010d\u00e1k  <\/p>\n<p>N\u00e1met pre tento projekt som dostal, ke\u010f som sa dozvedel, \u017ee hudobn\u00fd skladate\u013e Ludwig van Beethoven vedel komponova\u0165 aj vtedy, ke\u010f bol nepo\u010duj\u00faci.<br \/>\nChcel som vedie\u0165, ako je to mo\u017en\u00e9, \u010di je v tom nie\u010do viac ako \u00fa\u017easn\u00fd talent a<br \/>\nvynikaj\u00faci hudobn\u00fd sluch. Objavil som ve\u013ea znakov, ktor\u00e9<br \/>\nsa pou\u017e\u00edvali v klasickej hudbe. Te\u00f3ria, \u017ee aj netalentovan\u00fd \u010dlovek dok\u00e1\u017ee sklada\u0165 hudbu za pomoci p\u00e1r matematick\u00fdch a fyzik\u00e1lnych pravidiel, ma tak nadchla, \u017ee som chcel b\u00e1da\u0165 viac a viac. Po\u010d\u00faval som ve\u013ea modern\u00fdch aj klasick\u00fdch skladieb, ktor\u00e9 som z\u00e1rove\u0148 sk\u00fa\u0161al hra\u0165 na klav\u00edri. Nie v\u017edy to bolo \u013eahk\u00e9.  Nakoniec som dospel k z\u00e1veru, \u017ee je naozaj mo\u017en\u00e9 komponova\u0165 skladby pod\u013ea ur\u010dit\u00fdch pravidiel a nepotrebujeme na to vroden\u00e9 hudobn\u00e9 danosti. Z\u00e1rove\u0148 som zistil, \u017ee Ludwig van Beethoven sa riadil matematick\u00fdmi pravidlami aj v \u010dase, ke\u010f e\u0161te po\u010dul. Melodick\u00e9 ozdoby, polt\u00f3ny alebo zmena rytmu. To v\u0161etko m\u00f4\u017ee vytvori\u0165 jedine\u010dn\u00fd zvuk. T\u00fdmto sa moja hypot\u00e9za potvrdila.<\/p>\n","protected":false},"excerpt":{"rendered":"<p>Autor\/autori: Mat\u00fa\u0161 Jo\u0161\u010d\u00e1k N\u00e1met pre tento projekt som dostal, ke\u010f som sa dozvedel, \u017ee hudobn\u00fd skladate\u013e Ludwig van Beethoven vedel komponova\u0165 aj vtedy, ke\u010f bol nepo\u010duj\u00faci. Chcel som vedie\u0165, ako je to mo\u017en\u00e9, \u010di je v tom nie\u010do viac ako \u00fa\u017easn\u00fd talent a vynikaj\u00faci hudobn\u00fd sluch. Objavil som ve\u013ea znakov, ktor\u00e9 sa pou\u017e\u00edvali v klasickej [&hellip;]<\/p>\n","protected":false},"author":1,"featured_media":0,"comment_status":"open","ping_status":"open","sticky":false,"template":"","format":"standard","meta":{"om_disable_all_campaigns":false,"_monsterinsights_skip_tracking":false,"_monsterinsights_sitenote_active":false,"_monsterinsights_sitenote_note":"","_monsterinsights_sitenote_category":0,"_uf_show_specific_survey":0,"_uf_disable_surveys":false,"footnotes":""},"categories":[6,14],"tags":[8,15],"class_list":["post-836","post","type-post","status-publish","format-standard","hentry","category-6","category-fyzika-a-astronomia","tag-8","tag-fyzika-a-astronomia"],"yoast_head":"<!-- This site is optimized with the Yoast SEO plugin v27.2 - https:\/\/yoast.com\/product\/yoast-seo-wordpress\/ -->\n<title>Veda v hudbe - Festival vedy a techniky AMAVET<\/title>\n<meta name=\"robots\" content=\"index, follow, max-snippet:-1, max-image-preview:large, max-video-preview:-1\" \/>\n<link rel=\"canonical\" href=\"https:\/\/www.festivalvedy.sk\/wp2\/veda-v-hudbe\/\" \/>\n<meta property=\"og:locale\" content=\"sk_SK\" \/>\n<meta property=\"og:type\" content=\"article\" \/>\n<meta property=\"og:title\" content=\"Veda v hudbe - Festival vedy a techniky AMAVET\" \/>\n<meta property=\"og:description\" content=\"Autor\/autori: Mat\u00fa\u0161 Jo\u0161\u010d\u00e1k N\u00e1met pre tento projekt som dostal, ke\u010f som sa dozvedel, \u017ee hudobn\u00fd skladate\u013e Ludwig van Beethoven vedel komponova\u0165 aj vtedy, ke\u010f bol nepo\u010duj\u00faci. Chcel som vedie\u0165, ako je to mo\u017en\u00e9, \u010di je v tom nie\u010do viac ako \u00fa\u017easn\u00fd talent a vynikaj\u00faci hudobn\u00fd sluch. Objavil som ve\u013ea znakov, ktor\u00e9 sa pou\u017e\u00edvali v klasickej [&hellip;]\" \/>\n<meta property=\"og:url\" content=\"https:\/\/www.festivalvedy.sk\/wp2\/veda-v-hudbe\/\" \/>\n<meta property=\"og:site_name\" content=\"Festival vedy a techniky AMAVET\" \/>\n<meta property=\"article:published_time\" content=\"2019-09-18T10:45:38+00:00\" \/>\n<meta name=\"author\" content=\"Redakcia\" \/>\n<meta name=\"twitter:card\" content=\"summary_large_image\" \/>\n<meta name=\"twitter:label1\" content=\"Autor\" \/>\n\t<meta name=\"twitter:data1\" content=\"Redakcia\" \/>\n\t<meta name=\"twitter:label2\" content=\"Predpokladan\u00fd \u010das \u010d\u00edtania\" \/>\n\t<meta name=\"twitter:data2\" content=\"1 min\u00fata\" \/>\n<script type=\"application\/ld+json\" class=\"yoast-schema-graph\">{\"@context\":\"https:\/\/schema.org\",\"@graph\":[{\"@type\":\"Article\",\"@id\":\"https:\/\/www.festivalvedy.sk\/wp2\/veda-v-hudbe\/#article\",\"isPartOf\":{\"@id\":\"https:\/\/www.festivalvedy.sk\/wp2\/veda-v-hudbe\/\"},\"author\":{\"name\":\"Redakcia\",\"@id\":\"https:\/\/www.festivalvedy.sk\/wp2\/#\/schema\/person\/f6c2e17170a626260fe38db97ed0a1f5\"},\"headline\":\"Veda v hudbe\",\"datePublished\":\"2019-09-18T10:45:38+00:00\",\"mainEntityOfPage\":{\"@id\":\"https:\/\/www.festivalvedy.sk\/wp2\/veda-v-hudbe\/\"},\"wordCount\":197,\"commentCount\":0,\"publisher\":{\"@id\":\"https:\/\/www.festivalvedy.sk\/wp2\/#organization\"},\"keywords\":[\"2019\",\"Fyzika a astron\u00f3mia\"],\"articleSection\":[\"Arch\u00edv 2018\",\"Fyzika a astron\u00f3mia\"],\"inLanguage\":\"sk-SK\"},{\"@type\":\"WebPage\",\"@id\":\"https:\/\/www.festivalvedy.sk\/wp2\/veda-v-hudbe\/\",\"url\":\"https:\/\/www.festivalvedy.sk\/wp2\/veda-v-hudbe\/\",\"name\":\"Veda v hudbe - Festival vedy a techniky AMAVET\",\"isPartOf\":{\"@id\":\"https:\/\/www.festivalvedy.sk\/wp2\/#website\"},\"datePublished\":\"2019-09-18T10:45:38+00:00\",\"breadcrumb\":{\"@id\":\"https:\/\/www.festivalvedy.sk\/wp2\/veda-v-hudbe\/#breadcrumb\"},\"inLanguage\":\"sk-SK\",\"potentialAction\":[{\"@type\":\"ReadAction\",\"target\":[\"https:\/\/www.festivalvedy.sk\/wp2\/veda-v-hudbe\/\"]}]},{\"@type\":\"BreadcrumbList\",\"@id\":\"https:\/\/www.festivalvedy.sk\/wp2\/veda-v-hudbe\/#breadcrumb\",\"itemListElement\":[{\"@type\":\"ListItem\",\"position\":1,\"name\":\"Home\",\"item\":\"https:\/\/www.festivalvedy.sk\/wp2\/\"},{\"@type\":\"ListItem\",\"position\":2,\"name\":\"Veda v hudbe\"}]},{\"@type\":\"WebSite\",\"@id\":\"https:\/\/www.festivalvedy.sk\/wp2\/#website\",\"url\":\"https:\/\/www.festivalvedy.sk\/wp2\/\",\"name\":\"Festival vedy a techniky AMAVET\",\"description\":\"AMAVET - Asoci\u00e1cia pre ml\u00e1de\u017e, vedu a techniku\",\"publisher\":{\"@id\":\"https:\/\/www.festivalvedy.sk\/wp2\/#organization\"},\"potentialAction\":[{\"@type\":\"SearchAction\",\"target\":{\"@type\":\"EntryPoint\",\"urlTemplate\":\"https:\/\/www.festivalvedy.sk\/wp2\/?s={search_term_string}\"},\"query-input\":{\"@type\":\"PropertyValueSpecification\",\"valueRequired\":true,\"valueName\":\"search_term_string\"}}],\"inLanguage\":\"sk-SK\"},{\"@type\":\"Organization\",\"@id\":\"https:\/\/www.festivalvedy.sk\/wp2\/#organization\",\"name\":\"Festival vedy a techniky AMAVET\",\"url\":\"https:\/\/www.festivalvedy.sk\/wp2\/\",\"logo\":{\"@type\":\"ImageObject\",\"inLanguage\":\"sk-SK\",\"@id\":\"https:\/\/www.festivalvedy.sk\/wp2\/#\/schema\/logo\/image\/\",\"url\":\"https:\/\/www.festivalvedy.sk\/wp2\/wp-content\/uploads\/2022\/02\/cropped-fvat-ochranna-zona.png\",\"contentUrl\":\"https:\/\/www.festivalvedy.sk\/wp2\/wp-content\/uploads\/2022\/02\/cropped-fvat-ochranna-zona.png\",\"width\":1190,\"height\":357,\"caption\":\"Festival vedy a techniky AMAVET\"},\"image\":{\"@id\":\"https:\/\/www.festivalvedy.sk\/wp2\/#\/schema\/logo\/image\/\"}},{\"@type\":\"Person\",\"@id\":\"https:\/\/www.festivalvedy.sk\/wp2\/#\/schema\/person\/f6c2e17170a626260fe38db97ed0a1f5\",\"name\":\"Redakcia\",\"image\":{\"@type\":\"ImageObject\",\"inLanguage\":\"sk-SK\",\"@id\":\"https:\/\/secure.gravatar.com\/avatar\/2f7c312d560e25e8eb59b6b53cadd5dc16b39f25bac1c7d0a221dafd9c91fae9?s=96&d=mm&r=g\",\"url\":\"https:\/\/secure.gravatar.com\/avatar\/2f7c312d560e25e8eb59b6b53cadd5dc16b39f25bac1c7d0a221dafd9c91fae9?s=96&d=mm&r=g\",\"contentUrl\":\"https:\/\/secure.gravatar.com\/avatar\/2f7c312d560e25e8eb59b6b53cadd5dc16b39f25bac1c7d0a221dafd9c91fae9?s=96&d=mm&r=g\",\"caption\":\"Redakcia\"},\"url\":\"https:\/\/www.festivalvedy.sk\/wp2\/author\/fvatadmin\/\"}]}<\/script>\n<!-- \/ Yoast SEO plugin. -->","yoast_head_json":{"title":"Veda v hudbe - Festival vedy a techniky AMAVET","robots":{"index":"index","follow":"follow","max-snippet":"max-snippet:-1","max-image-preview":"max-image-preview:large","max-video-preview":"max-video-preview:-1"},"canonical":"https:\/\/www.festivalvedy.sk\/wp2\/veda-v-hudbe\/","og_locale":"sk_SK","og_type":"article","og_title":"Veda v hudbe - Festival vedy a techniky AMAVET","og_description":"Autor\/autori: Mat\u00fa\u0161 Jo\u0161\u010d\u00e1k N\u00e1met pre tento projekt som dostal, ke\u010f som sa dozvedel, \u017ee hudobn\u00fd skladate\u013e Ludwig van Beethoven vedel komponova\u0165 aj vtedy, ke\u010f bol nepo\u010duj\u00faci. Chcel som vedie\u0165, ako je to mo\u017en\u00e9, \u010di je v tom nie\u010do viac ako \u00fa\u017easn\u00fd talent a vynikaj\u00faci hudobn\u00fd sluch. Objavil som ve\u013ea znakov, ktor\u00e9 sa pou\u017e\u00edvali v klasickej [&hellip;]","og_url":"https:\/\/www.festivalvedy.sk\/wp2\/veda-v-hudbe\/","og_site_name":"Festival vedy a techniky AMAVET","article_published_time":"2019-09-18T10:45:38+00:00","author":"Redakcia","twitter_card":"summary_large_image","twitter_misc":{"Autor":"Redakcia","Predpokladan\u00fd \u010das \u010d\u00edtania":"1 min\u00fata"},"schema":{"@context":"https:\/\/schema.org","@graph":[{"@type":"Article","@id":"https:\/\/www.festivalvedy.sk\/wp2\/veda-v-hudbe\/#article","isPartOf":{"@id":"https:\/\/www.festivalvedy.sk\/wp2\/veda-v-hudbe\/"},"author":{"name":"Redakcia","@id":"https:\/\/www.festivalvedy.sk\/wp2\/#\/schema\/person\/f6c2e17170a626260fe38db97ed0a1f5"},"headline":"Veda v hudbe","datePublished":"2019-09-18T10:45:38+00:00","mainEntityOfPage":{"@id":"https:\/\/www.festivalvedy.sk\/wp2\/veda-v-hudbe\/"},"wordCount":197,"commentCount":0,"publisher":{"@id":"https:\/\/www.festivalvedy.sk\/wp2\/#organization"},"keywords":["2019","Fyzika a astron\u00f3mia"],"articleSection":["Arch\u00edv 2018","Fyzika a astron\u00f3mia"],"inLanguage":"sk-SK"},{"@type":"WebPage","@id":"https:\/\/www.festivalvedy.sk\/wp2\/veda-v-hudbe\/","url":"https:\/\/www.festivalvedy.sk\/wp2\/veda-v-hudbe\/","name":"Veda v hudbe - Festival vedy a techniky AMAVET","isPartOf":{"@id":"https:\/\/www.festivalvedy.sk\/wp2\/#website"},"datePublished":"2019-09-18T10:45:38+00:00","breadcrumb":{"@id":"https:\/\/www.festivalvedy.sk\/wp2\/veda-v-hudbe\/#breadcrumb"},"inLanguage":"sk-SK","potentialAction":[{"@type":"ReadAction","target":["https:\/\/www.festivalvedy.sk\/wp2\/veda-v-hudbe\/"]}]},{"@type":"BreadcrumbList","@id":"https:\/\/www.festivalvedy.sk\/wp2\/veda-v-hudbe\/#breadcrumb","itemListElement":[{"@type":"ListItem","position":1,"name":"Home","item":"https:\/\/www.festivalvedy.sk\/wp2\/"},{"@type":"ListItem","position":2,"name":"Veda v hudbe"}]},{"@type":"WebSite","@id":"https:\/\/www.festivalvedy.sk\/wp2\/#website","url":"https:\/\/www.festivalvedy.sk\/wp2\/","name":"Festival vedy a techniky AMAVET","description":"AMAVET - Asoci\u00e1cia pre ml\u00e1de\u017e, vedu a techniku","publisher":{"@id":"https:\/\/www.festivalvedy.sk\/wp2\/#organization"},"potentialAction":[{"@type":"SearchAction","target":{"@type":"EntryPoint","urlTemplate":"https:\/\/www.festivalvedy.sk\/wp2\/?s={search_term_string}"},"query-input":{"@type":"PropertyValueSpecification","valueRequired":true,"valueName":"search_term_string"}}],"inLanguage":"sk-SK"},{"@type":"Organization","@id":"https:\/\/www.festivalvedy.sk\/wp2\/#organization","name":"Festival vedy a techniky AMAVET","url":"https:\/\/www.festivalvedy.sk\/wp2\/","logo":{"@type":"ImageObject","inLanguage":"sk-SK","@id":"https:\/\/www.festivalvedy.sk\/wp2\/#\/schema\/logo\/image\/","url":"https:\/\/www.festivalvedy.sk\/wp2\/wp-content\/uploads\/2022\/02\/cropped-fvat-ochranna-zona.png","contentUrl":"https:\/\/www.festivalvedy.sk\/wp2\/wp-content\/uploads\/2022\/02\/cropped-fvat-ochranna-zona.png","width":1190,"height":357,"caption":"Festival vedy a techniky AMAVET"},"image":{"@id":"https:\/\/www.festivalvedy.sk\/wp2\/#\/schema\/logo\/image\/"}},{"@type":"Person","@id":"https:\/\/www.festivalvedy.sk\/wp2\/#\/schema\/person\/f6c2e17170a626260fe38db97ed0a1f5","name":"Redakcia","image":{"@type":"ImageObject","inLanguage":"sk-SK","@id":"https:\/\/secure.gravatar.com\/avatar\/2f7c312d560e25e8eb59b6b53cadd5dc16b39f25bac1c7d0a221dafd9c91fae9?s=96&d=mm&r=g","url":"https:\/\/secure.gravatar.com\/avatar\/2f7c312d560e25e8eb59b6b53cadd5dc16b39f25bac1c7d0a221dafd9c91fae9?s=96&d=mm&r=g","contentUrl":"https:\/\/secure.gravatar.com\/avatar\/2f7c312d560e25e8eb59b6b53cadd5dc16b39f25bac1c7d0a221dafd9c91fae9?s=96&d=mm&r=g","caption":"Redakcia"},"url":"https:\/\/www.festivalvedy.sk\/wp2\/author\/fvatadmin\/"}]}},"_links":{"self":[{"href":"https:\/\/www.festivalvedy.sk\/wp2\/wp-json\/wp\/v2\/posts\/836","targetHints":{"allow":["GET"]}}],"collection":[{"href":"https:\/\/www.festivalvedy.sk\/wp2\/wp-json\/wp\/v2\/posts"}],"about":[{"href":"https:\/\/www.festivalvedy.sk\/wp2\/wp-json\/wp\/v2\/types\/post"}],"author":[{"embeddable":true,"href":"https:\/\/www.festivalvedy.sk\/wp2\/wp-json\/wp\/v2\/users\/1"}],"replies":[{"embeddable":true,"href":"https:\/\/www.festivalvedy.sk\/wp2\/wp-json\/wp\/v2\/comments?post=836"}],"version-history":[{"count":0,"href":"https:\/\/www.festivalvedy.sk\/wp2\/wp-json\/wp\/v2\/posts\/836\/revisions"}],"wp:attachment":[{"href":"https:\/\/www.festivalvedy.sk\/wp2\/wp-json\/wp\/v2\/media?parent=836"}],"wp:term":[{"taxonomy":"category","embeddable":true,"href":"https:\/\/www.festivalvedy.sk\/wp2\/wp-json\/wp\/v2\/categories?post=836"},{"taxonomy":"post_tag","embeddable":true,"href":"https:\/\/www.festivalvedy.sk\/wp2\/wp-json\/wp\/v2\/tags?post=836"}],"curies":[{"name":"wp","href":"https:\/\/api.w.org\/{rel}","templated":true}]}}