{"id":837,"date":"2019-09-18T12:45:38","date_gmt":"2019-09-18T10:45:38","guid":{"rendered":"https:\/\/www.festivalvedy.sk\/wp2\/spravanie-a-ucenie-sa-vciel\/"},"modified":"2019-09-18T12:45:38","modified_gmt":"2019-09-18T10:45:38","slug":"spravanie-a-ucenie-sa-vciel","status":"publish","type":"post","link":"https:\/\/www.festivalvedy.sk\/wp2\/spravanie-a-ucenie-sa-vciel\/","title":{"rendered":"Spr\u00e1vanie a u\u010denie sa v\u010diel"},"content":{"rendered":"<p>Autor\/autori: Lucia Igazov\u00e1  <\/p>\n<p>V\u010dely s\u00fa vysoko organizovan\u00fdm spolo\u010denstvom. Dva roky som pozorovala ich spr\u00e1vanie<br \/>\ns cie\u013eom zisti\u0165:<br \/>\n1. schopnos\u0165 v\u010diel u\u010di\u0165 sa \u2013 pou\u017eila som makety kvetov r\u00f4znych farieb a modely<br \/>\ngeometrick\u00fdch \u00fatvarov, do ktor\u00fdch som umiest\u0148ovala vodu a sladk\u00fd roztok.<br \/>\nPostupne som pri pou\u017eit\u00fdch kvapalin\u00e1ch vymie\u0148ala farby kvetov alebo tvary<br \/>\ngeometrick\u00fdch \u00fadajov.<br \/>\n2. vplyv po\u010dasia na intenzitu vylietavania v\u010diel<br \/>\nPokusy som previedla opakovane a trvali 11 a\u017e 14 dn\u00ed v letn\u00fdch mesiacoch. Pozorovania som<br \/>\nrobila v troch r\u00f4znych \u010dastiach d\u0148a ( r\u00e1no, okolo obeda a podve\u010der ) za ak\u00e9hoko\u013evek po\u010dasia.<br \/>\nZo zaznamenan\u00fdch \u00fadajov vypl\u00fdva, \u017ee je mo\u017en\u00e9 u v\u010diel vypestova\u0165 podmienen\u00e9 reflexy (<br \/>\npokus \u010d. 1 ) . Dok\u00e1\u017eu sa nau\u010di\u0165, kde bola umiestnen\u00e1 dan\u00e1 potrava a aj po jej odstr\u00e1nen\u00ed<br \/>\nna\u010falej nav\u0161tevova\u0165 dan\u00e9 miesto. Najviac nav\u0161tevovanou farbou kvetu bola \u010derven\u00e1 a \u017elt\u00e1.<br \/>\nNajide\u00e1lnej\u0161ou teplotou pre let v\u010diel je 25\u00b0C, \u010domu sa pribli\u017euje teplota medzi 13. a 14.<br \/>\nhodinou, kedy na kvety sadlo najviac v\u010diel.<\/p>\n","protected":false},"excerpt":{"rendered":"<p>Autor\/autori: Lucia Igazov\u00e1 V\u010dely s\u00fa vysoko organizovan\u00fdm spolo\u010denstvom. Dva roky som pozorovala ich spr\u00e1vanie s cie\u013eom zisti\u0165: 1. schopnos\u0165 v\u010diel u\u010di\u0165 sa \u2013 pou\u017eila som makety kvetov r\u00f4znych farieb a modely geometrick\u00fdch \u00fatvarov, do ktor\u00fdch som umiest\u0148ovala vodu a sladk\u00fd roztok. Postupne som pri pou\u017eit\u00fdch kvapalin\u00e1ch vymie\u0148ala farby kvetov alebo tvary geometrick\u00fdch \u00fadajov. 2. vplyv [&hellip;]<\/p>\n","protected":false},"author":1,"featured_media":0,"comment_status":"open","ping_status":"open","sticky":false,"template":"","format":"standard","meta":{"om_disable_all_campaigns":false,"_monsterinsights_skip_tracking":false,"_monsterinsights_sitenote_active":false,"_monsterinsights_sitenote_note":"","_monsterinsights_sitenote_category":0,"_uf_show_specific_survey":0,"_uf_disable_surveys":false,"footnotes":""},"categories":[6,12],"tags":[8,13],"class_list":["post-837","post","type-post","status-publish","format-standard","hentry","category-6","category-biologia","tag-8","tag-biologia"],"yoast_head":"<!-- This site is optimized with the Yoast SEO plugin v27.2 - https:\/\/yoast.com\/product\/yoast-seo-wordpress\/ -->\n<title>Spr\u00e1vanie a u\u010denie sa v\u010diel - Festival vedy a techniky AMAVET<\/title>\n<meta name=\"robots\" content=\"index, follow, max-snippet:-1, max-image-preview:large, max-video-preview:-1\" \/>\n<link rel=\"canonical\" href=\"https:\/\/www.festivalvedy.sk\/wp2\/spravanie-a-ucenie-sa-vciel\/\" \/>\n<meta property=\"og:locale\" content=\"sk_SK\" \/>\n<meta property=\"og:type\" content=\"article\" \/>\n<meta property=\"og:title\" content=\"Spr\u00e1vanie a u\u010denie sa v\u010diel - Festival vedy a techniky AMAVET\" \/>\n<meta property=\"og:description\" content=\"Autor\/autori: Lucia Igazov\u00e1 V\u010dely s\u00fa vysoko organizovan\u00fdm spolo\u010denstvom. Dva roky som pozorovala ich spr\u00e1vanie s cie\u013eom zisti\u0165: 1. schopnos\u0165 v\u010diel u\u010di\u0165 sa \u2013 pou\u017eila som makety kvetov r\u00f4znych farieb a modely geometrick\u00fdch \u00fatvarov, do ktor\u00fdch som umiest\u0148ovala vodu a sladk\u00fd roztok. Postupne som pri pou\u017eit\u00fdch kvapalin\u00e1ch vymie\u0148ala farby kvetov alebo tvary geometrick\u00fdch \u00fadajov. 2. vplyv [&hellip;]\" \/>\n<meta property=\"og:url\" content=\"https:\/\/www.festivalvedy.sk\/wp2\/spravanie-a-ucenie-sa-vciel\/\" \/>\n<meta property=\"og:site_name\" content=\"Festival vedy a techniky AMAVET\" \/>\n<meta property=\"article:published_time\" content=\"2019-09-18T10:45:38+00:00\" \/>\n<meta name=\"author\" content=\"Redakcia\" \/>\n<meta name=\"twitter:card\" content=\"summary_large_image\" \/>\n<meta name=\"twitter:label1\" content=\"Autor\" \/>\n\t<meta name=\"twitter:data1\" content=\"Redakcia\" \/>\n\t<meta name=\"twitter:label2\" content=\"Predpokladan\u00fd \u010das \u010d\u00edtania\" \/>\n\t<meta name=\"twitter:data2\" content=\"1 min\u00fata\" \/>\n<script type=\"application\/ld+json\" class=\"yoast-schema-graph\">{\"@context\":\"https:\/\/schema.org\",\"@graph\":[{\"@type\":\"Article\",\"@id\":\"https:\/\/www.festivalvedy.sk\/wp2\/spravanie-a-ucenie-sa-vciel\/#article\",\"isPartOf\":{\"@id\":\"https:\/\/www.festivalvedy.sk\/wp2\/spravanie-a-ucenie-sa-vciel\/\"},\"author\":{\"name\":\"Redakcia\",\"@id\":\"https:\/\/www.festivalvedy.sk\/wp2\/#\/schema\/person\/f6c2e17170a626260fe38db97ed0a1f5\"},\"headline\":\"Spr\u00e1vanie a u\u010denie sa v\u010diel\",\"datePublished\":\"2019-09-18T10:45:38+00:00\",\"mainEntityOfPage\":{\"@id\":\"https:\/\/www.festivalvedy.sk\/wp2\/spravanie-a-ucenie-sa-vciel\/\"},\"wordCount\":193,\"commentCount\":0,\"publisher\":{\"@id\":\"https:\/\/www.festivalvedy.sk\/wp2\/#organization\"},\"keywords\":[\"2019\",\"Biol\u00f3gia\"],\"articleSection\":[\"Arch\u00edv 2018\",\"Biol\u00f3gia\"],\"inLanguage\":\"sk-SK\"},{\"@type\":\"WebPage\",\"@id\":\"https:\/\/www.festivalvedy.sk\/wp2\/spravanie-a-ucenie-sa-vciel\/\",\"url\":\"https:\/\/www.festivalvedy.sk\/wp2\/spravanie-a-ucenie-sa-vciel\/\",\"name\":\"Spr\u00e1vanie a u\u010denie sa v\u010diel - Festival vedy a techniky AMAVET\",\"isPartOf\":{\"@id\":\"https:\/\/www.festivalvedy.sk\/wp2\/#website\"},\"datePublished\":\"2019-09-18T10:45:38+00:00\",\"breadcrumb\":{\"@id\":\"https:\/\/www.festivalvedy.sk\/wp2\/spravanie-a-ucenie-sa-vciel\/#breadcrumb\"},\"inLanguage\":\"sk-SK\",\"potentialAction\":[{\"@type\":\"ReadAction\",\"target\":[\"https:\/\/www.festivalvedy.sk\/wp2\/spravanie-a-ucenie-sa-vciel\/\"]}]},{\"@type\":\"BreadcrumbList\",\"@id\":\"https:\/\/www.festivalvedy.sk\/wp2\/spravanie-a-ucenie-sa-vciel\/#breadcrumb\",\"itemListElement\":[{\"@type\":\"ListItem\",\"position\":1,\"name\":\"Home\",\"item\":\"https:\/\/www.festivalvedy.sk\/wp2\/\"},{\"@type\":\"ListItem\",\"position\":2,\"name\":\"Spr\u00e1vanie a u\u010denie sa v\u010diel\"}]},{\"@type\":\"WebSite\",\"@id\":\"https:\/\/www.festivalvedy.sk\/wp2\/#website\",\"url\":\"https:\/\/www.festivalvedy.sk\/wp2\/\",\"name\":\"Festival vedy a techniky AMAVET\",\"description\":\"AMAVET - Asoci\u00e1cia pre ml\u00e1de\u017e, vedu a techniku\",\"publisher\":{\"@id\":\"https:\/\/www.festivalvedy.sk\/wp2\/#organization\"},\"potentialAction\":[{\"@type\":\"SearchAction\",\"target\":{\"@type\":\"EntryPoint\",\"urlTemplate\":\"https:\/\/www.festivalvedy.sk\/wp2\/?s={search_term_string}\"},\"query-input\":{\"@type\":\"PropertyValueSpecification\",\"valueRequired\":true,\"valueName\":\"search_term_string\"}}],\"inLanguage\":\"sk-SK\"},{\"@type\":\"Organization\",\"@id\":\"https:\/\/www.festivalvedy.sk\/wp2\/#organization\",\"name\":\"Festival vedy a techniky AMAVET\",\"url\":\"https:\/\/www.festivalvedy.sk\/wp2\/\",\"logo\":{\"@type\":\"ImageObject\",\"inLanguage\":\"sk-SK\",\"@id\":\"https:\/\/www.festivalvedy.sk\/wp2\/#\/schema\/logo\/image\/\",\"url\":\"https:\/\/www.festivalvedy.sk\/wp2\/wp-content\/uploads\/2022\/02\/cropped-fvat-ochranna-zona.png\",\"contentUrl\":\"https:\/\/www.festivalvedy.sk\/wp2\/wp-content\/uploads\/2022\/02\/cropped-fvat-ochranna-zona.png\",\"width\":1190,\"height\":357,\"caption\":\"Festival vedy a techniky AMAVET\"},\"image\":{\"@id\":\"https:\/\/www.festivalvedy.sk\/wp2\/#\/schema\/logo\/image\/\"}},{\"@type\":\"Person\",\"@id\":\"https:\/\/www.festivalvedy.sk\/wp2\/#\/schema\/person\/f6c2e17170a626260fe38db97ed0a1f5\",\"name\":\"Redakcia\",\"image\":{\"@type\":\"ImageObject\",\"inLanguage\":\"sk-SK\",\"@id\":\"https:\/\/secure.gravatar.com\/avatar\/2f7c312d560e25e8eb59b6b53cadd5dc16b39f25bac1c7d0a221dafd9c91fae9?s=96&d=mm&r=g\",\"url\":\"https:\/\/secure.gravatar.com\/avatar\/2f7c312d560e25e8eb59b6b53cadd5dc16b39f25bac1c7d0a221dafd9c91fae9?s=96&d=mm&r=g\",\"contentUrl\":\"https:\/\/secure.gravatar.com\/avatar\/2f7c312d560e25e8eb59b6b53cadd5dc16b39f25bac1c7d0a221dafd9c91fae9?s=96&d=mm&r=g\",\"caption\":\"Redakcia\"},\"url\":\"https:\/\/www.festivalvedy.sk\/wp2\/author\/fvatadmin\/\"}]}<\/script>\n<!-- \/ Yoast SEO plugin. -->","yoast_head_json":{"title":"Spr\u00e1vanie a u\u010denie sa v\u010diel - Festival vedy a techniky AMAVET","robots":{"index":"index","follow":"follow","max-snippet":"max-snippet:-1","max-image-preview":"max-image-preview:large","max-video-preview":"max-video-preview:-1"},"canonical":"https:\/\/www.festivalvedy.sk\/wp2\/spravanie-a-ucenie-sa-vciel\/","og_locale":"sk_SK","og_type":"article","og_title":"Spr\u00e1vanie a u\u010denie sa v\u010diel - Festival vedy a techniky AMAVET","og_description":"Autor\/autori: Lucia Igazov\u00e1 V\u010dely s\u00fa vysoko organizovan\u00fdm spolo\u010denstvom. Dva roky som pozorovala ich spr\u00e1vanie s cie\u013eom zisti\u0165: 1. schopnos\u0165 v\u010diel u\u010di\u0165 sa \u2013 pou\u017eila som makety kvetov r\u00f4znych farieb a modely geometrick\u00fdch \u00fatvarov, do ktor\u00fdch som umiest\u0148ovala vodu a sladk\u00fd roztok. Postupne som pri pou\u017eit\u00fdch kvapalin\u00e1ch vymie\u0148ala farby kvetov alebo tvary geometrick\u00fdch \u00fadajov. 2. vplyv [&hellip;]","og_url":"https:\/\/www.festivalvedy.sk\/wp2\/spravanie-a-ucenie-sa-vciel\/","og_site_name":"Festival vedy a techniky AMAVET","article_published_time":"2019-09-18T10:45:38+00:00","author":"Redakcia","twitter_card":"summary_large_image","twitter_misc":{"Autor":"Redakcia","Predpokladan\u00fd \u010das \u010d\u00edtania":"1 min\u00fata"},"schema":{"@context":"https:\/\/schema.org","@graph":[{"@type":"Article","@id":"https:\/\/www.festivalvedy.sk\/wp2\/spravanie-a-ucenie-sa-vciel\/#article","isPartOf":{"@id":"https:\/\/www.festivalvedy.sk\/wp2\/spravanie-a-ucenie-sa-vciel\/"},"author":{"name":"Redakcia","@id":"https:\/\/www.festivalvedy.sk\/wp2\/#\/schema\/person\/f6c2e17170a626260fe38db97ed0a1f5"},"headline":"Spr\u00e1vanie a u\u010denie sa v\u010diel","datePublished":"2019-09-18T10:45:38+00:00","mainEntityOfPage":{"@id":"https:\/\/www.festivalvedy.sk\/wp2\/spravanie-a-ucenie-sa-vciel\/"},"wordCount":193,"commentCount":0,"publisher":{"@id":"https:\/\/www.festivalvedy.sk\/wp2\/#organization"},"keywords":["2019","Biol\u00f3gia"],"articleSection":["Arch\u00edv 2018","Biol\u00f3gia"],"inLanguage":"sk-SK"},{"@type":"WebPage","@id":"https:\/\/www.festivalvedy.sk\/wp2\/spravanie-a-ucenie-sa-vciel\/","url":"https:\/\/www.festivalvedy.sk\/wp2\/spravanie-a-ucenie-sa-vciel\/","name":"Spr\u00e1vanie a u\u010denie sa v\u010diel - Festival vedy a techniky AMAVET","isPartOf":{"@id":"https:\/\/www.festivalvedy.sk\/wp2\/#website"},"datePublished":"2019-09-18T10:45:38+00:00","breadcrumb":{"@id":"https:\/\/www.festivalvedy.sk\/wp2\/spravanie-a-ucenie-sa-vciel\/#breadcrumb"},"inLanguage":"sk-SK","potentialAction":[{"@type":"ReadAction","target":["https:\/\/www.festivalvedy.sk\/wp2\/spravanie-a-ucenie-sa-vciel\/"]}]},{"@type":"BreadcrumbList","@id":"https:\/\/www.festivalvedy.sk\/wp2\/spravanie-a-ucenie-sa-vciel\/#breadcrumb","itemListElement":[{"@type":"ListItem","position":1,"name":"Home","item":"https:\/\/www.festivalvedy.sk\/wp2\/"},{"@type":"ListItem","position":2,"name":"Spr\u00e1vanie a u\u010denie sa v\u010diel"}]},{"@type":"WebSite","@id":"https:\/\/www.festivalvedy.sk\/wp2\/#website","url":"https:\/\/www.festivalvedy.sk\/wp2\/","name":"Festival vedy a techniky AMAVET","description":"AMAVET - Asoci\u00e1cia pre ml\u00e1de\u017e, vedu a techniku","publisher":{"@id":"https:\/\/www.festivalvedy.sk\/wp2\/#organization"},"potentialAction":[{"@type":"SearchAction","target":{"@type":"EntryPoint","urlTemplate":"https:\/\/www.festivalvedy.sk\/wp2\/?s={search_term_string}"},"query-input":{"@type":"PropertyValueSpecification","valueRequired":true,"valueName":"search_term_string"}}],"inLanguage":"sk-SK"},{"@type":"Organization","@id":"https:\/\/www.festivalvedy.sk\/wp2\/#organization","name":"Festival vedy a techniky AMAVET","url":"https:\/\/www.festivalvedy.sk\/wp2\/","logo":{"@type":"ImageObject","inLanguage":"sk-SK","@id":"https:\/\/www.festivalvedy.sk\/wp2\/#\/schema\/logo\/image\/","url":"https:\/\/www.festivalvedy.sk\/wp2\/wp-content\/uploads\/2022\/02\/cropped-fvat-ochranna-zona.png","contentUrl":"https:\/\/www.festivalvedy.sk\/wp2\/wp-content\/uploads\/2022\/02\/cropped-fvat-ochranna-zona.png","width":1190,"height":357,"caption":"Festival vedy a techniky AMAVET"},"image":{"@id":"https:\/\/www.festivalvedy.sk\/wp2\/#\/schema\/logo\/image\/"}},{"@type":"Person","@id":"https:\/\/www.festivalvedy.sk\/wp2\/#\/schema\/person\/f6c2e17170a626260fe38db97ed0a1f5","name":"Redakcia","image":{"@type":"ImageObject","inLanguage":"sk-SK","@id":"https:\/\/secure.gravatar.com\/avatar\/2f7c312d560e25e8eb59b6b53cadd5dc16b39f25bac1c7d0a221dafd9c91fae9?s=96&d=mm&r=g","url":"https:\/\/secure.gravatar.com\/avatar\/2f7c312d560e25e8eb59b6b53cadd5dc16b39f25bac1c7d0a221dafd9c91fae9?s=96&d=mm&r=g","contentUrl":"https:\/\/secure.gravatar.com\/avatar\/2f7c312d560e25e8eb59b6b53cadd5dc16b39f25bac1c7d0a221dafd9c91fae9?s=96&d=mm&r=g","caption":"Redakcia"},"url":"https:\/\/www.festivalvedy.sk\/wp2\/author\/fvatadmin\/"}]}},"_links":{"self":[{"href":"https:\/\/www.festivalvedy.sk\/wp2\/wp-json\/wp\/v2\/posts\/837","targetHints":{"allow":["GET"]}}],"collection":[{"href":"https:\/\/www.festivalvedy.sk\/wp2\/wp-json\/wp\/v2\/posts"}],"about":[{"href":"https:\/\/www.festivalvedy.sk\/wp2\/wp-json\/wp\/v2\/types\/post"}],"author":[{"embeddable":true,"href":"https:\/\/www.festivalvedy.sk\/wp2\/wp-json\/wp\/v2\/users\/1"}],"replies":[{"embeddable":true,"href":"https:\/\/www.festivalvedy.sk\/wp2\/wp-json\/wp\/v2\/comments?post=837"}],"version-history":[{"count":0,"href":"https:\/\/www.festivalvedy.sk\/wp2\/wp-json\/wp\/v2\/posts\/837\/revisions"}],"wp:attachment":[{"href":"https:\/\/www.festivalvedy.sk\/wp2\/wp-json\/wp\/v2\/media?parent=837"}],"wp:term":[{"taxonomy":"category","embeddable":true,"href":"https:\/\/www.festivalvedy.sk\/wp2\/wp-json\/wp\/v2\/categories?post=837"},{"taxonomy":"post_tag","embeddable":true,"href":"https:\/\/www.festivalvedy.sk\/wp2\/wp-json\/wp\/v2\/tags?post=837"}],"curies":[{"name":"wp","href":"https:\/\/api.w.org\/{rel}","templated":true}]}}