{"id":838,"date":"2019-09-18T12:45:38","date_gmt":"2019-09-18T10:45:38","guid":{"rendered":"https:\/\/www.festivalvedy.sk\/wp2\/navrh-na-chranene-stromy\/"},"modified":"2019-09-18T12:45:38","modified_gmt":"2019-09-18T10:45:38","slug":"navrh-na-chranene-stromy","status":"publish","type":"post","link":"https:\/\/www.festivalvedy.sk\/wp2\/navrh-na-chranene-stromy\/","title":{"rendered":"N\u00e1vrh na chr\u00e1nen\u00e9 stromy"},"content":{"rendered":"<p>Autor\/autori: Miroslav Szepessy  <\/p>\n<p>Mot\u00edvom k vypracovaniu projektu bola sk\u00fasenos\u0165 z exkurzie, na ktorej som si v\u0161imol, stromy, ktor\u00e9 s\u00fa ve\u013emi vysok\u00e9, maj\u00fa ve\u013ek\u00fd obvod kme\u0148a a zrejme tam rast\u00fa u\u017e dlho. Zauj\u00edmal som sa o to a h\u013eadal v na\u0161om meste e\u0161te podobn\u00e9 stromy. Na\u0161iel som ich v parku pri cintor\u00edne. A tak som sa rozhodol, \u017ee pomocou projektu navrhnem tieto stromy na to, aby boli zaraden\u00e9 medzi chr\u00e1nen\u00e9 a mohli ich obdivova\u0165 i \u010fal\u0161ie gener\u00e1cie. Stanovil som si \u010diastkov\u00e9 ciele projektu.Prv\u00fdm bolo ur\u010di\u0165 n\u00e1zvy jednotliv\u00fdch vybran\u00fdch druhov stromov v lokalite Mestskej z\u00e1hrady a parku pri Cintor\u00ednskej ulici v Rimavskej Sobote v Banskobystrickom kraji v mesiacoch okt\u00f3ber a november 2017 a prostredn\u00edctvom pom\u00f4cok (\u0161pag\u00e1tu a kraj\u010d\u00edrskeho metra) aj ich obvod. \u010eal\u0161\u00edm bolo vypo\u010d\u00edta\u0165 v\u00fd\u0161ku a pribli\u017en\u00fd vek vybran\u00fdch stromov prostredn\u00edctvom zadan\u00fdch vzorcov.Hlavn\u00fdm cie\u013eom projektu bol n\u00e1vrh meran\u00fdch druhov stromov za chr\u00e1nen\u00e9 stromy a dosiahnutie budovania siete chr\u00e1nen\u00fdch stromov.<br \/>\nNa metodike projektu som spolupracoval s pracovn\u00ed\u010dkou Spr\u00e1vy CHKO Cerov\u00e1 vrchovina v Rimavskej Sobote. Poskytla mi zoznam druhov drev\u00edn, pod\u013ea ktor\u00e9ho som  ur\u010doval n\u00e1zvy, pomohla vytvori\u0165 ortofotomapy lokaliz\u00e1cie stromov. Z\u00edskan\u00e9 \u00fadaje som zaznamen\u00e1val do ekologick\u00fdch kariet. Hodnotil som v\u00fdznamnos\u0165 jednotliv\u00fdch druhov stromov pod\u013ea pokynu M\u017dP SR  o ochrane pr\u00edrody a krajiny.<br \/>\nPomocou ur\u010den\u00fdch met\u00f3d som u vybran\u00fdch druhov stromov &#8211; Orech \u010dierny \/Juglans nigra L.\/ Javor mlie\u010dny \/Acer platanoides L.\/, Jase\u0148 \u0161t\u00edhly \/Fraxinus excelsior L.\/ ur\u010dil a vypo\u010d\u00edtal ur\u010den\u00e9 parametre. Na z\u00e1klade mojich meran\u00ed a v\u00fdsledn\u00fdch parametrov bol Mestsk\u00e9mu \u00faradu odboru \u017eivotn\u00e9ho prostredia v Rimavskej Sobote podan\u00fd n\u00e1vrh na chr\u00e1nen\u00e9 stromy. Tieto stromy  maj\u00fa vzh\u013eadom na svoj vek a dimenzie v\u00fdznamn\u00fd vedeck\u00fd, ekologick\u00fd a estetick\u00fd pr\u00ednos.<\/p>\n","protected":false},"excerpt":{"rendered":"<p>Autor\/autori: Miroslav Szepessy Mot\u00edvom k vypracovaniu projektu bola sk\u00fasenos\u0165 z exkurzie, na ktorej som si v\u0161imol, stromy, ktor\u00e9 s\u00fa ve\u013emi vysok\u00e9, maj\u00fa ve\u013ek\u00fd obvod kme\u0148a a zrejme tam rast\u00fa u\u017e dlho. Zauj\u00edmal som sa o to a h\u013eadal v na\u0161om meste e\u0161te podobn\u00e9 stromy. Na\u0161iel som ich v parku pri cintor\u00edne. A tak som sa [&hellip;]<\/p>\n","protected":false},"author":1,"featured_media":0,"comment_status":"open","ping_status":"open","sticky":false,"template":"","format":"standard","meta":{"om_disable_all_campaigns":false,"_monsterinsights_skip_tracking":false,"_monsterinsights_sitenote_active":false,"_monsterinsights_sitenote_note":"","_monsterinsights_sitenote_category":0,"_uf_show_specific_survey":0,"_uf_disable_surveys":false,"footnotes":""},"categories":[6,12],"tags":[8,13],"class_list":["post-838","post","type-post","status-publish","format-standard","hentry","category-6","category-biologia","tag-8","tag-biologia"],"yoast_head":"<!-- This site is optimized with the Yoast SEO plugin v27.2 - https:\/\/yoast.com\/product\/yoast-seo-wordpress\/ -->\n<title>N\u00e1vrh na chr\u00e1nen\u00e9 stromy - Festival vedy a techniky AMAVET<\/title>\n<meta name=\"robots\" content=\"index, follow, max-snippet:-1, max-image-preview:large, max-video-preview:-1\" \/>\n<link rel=\"canonical\" href=\"https:\/\/www.festivalvedy.sk\/wp2\/navrh-na-chranene-stromy\/\" \/>\n<meta property=\"og:locale\" content=\"sk_SK\" \/>\n<meta property=\"og:type\" content=\"article\" \/>\n<meta property=\"og:title\" content=\"N\u00e1vrh na chr\u00e1nen\u00e9 stromy - Festival vedy a techniky AMAVET\" \/>\n<meta property=\"og:description\" content=\"Autor\/autori: Miroslav Szepessy Mot\u00edvom k vypracovaniu projektu bola sk\u00fasenos\u0165 z exkurzie, na ktorej som si v\u0161imol, stromy, ktor\u00e9 s\u00fa ve\u013emi vysok\u00e9, maj\u00fa ve\u013ek\u00fd obvod kme\u0148a a zrejme tam rast\u00fa u\u017e dlho. Zauj\u00edmal som sa o to a h\u013eadal v na\u0161om meste e\u0161te podobn\u00e9 stromy. Na\u0161iel som ich v parku pri cintor\u00edne. A tak som sa [&hellip;]\" \/>\n<meta property=\"og:url\" content=\"https:\/\/www.festivalvedy.sk\/wp2\/navrh-na-chranene-stromy\/\" \/>\n<meta property=\"og:site_name\" content=\"Festival vedy a techniky AMAVET\" \/>\n<meta property=\"article:published_time\" content=\"2019-09-18T10:45:38+00:00\" \/>\n<meta name=\"author\" content=\"Redakcia\" \/>\n<meta name=\"twitter:card\" content=\"summary_large_image\" \/>\n<meta name=\"twitter:label1\" content=\"Autor\" \/>\n\t<meta name=\"twitter:data1\" content=\"Redakcia\" \/>\n\t<meta name=\"twitter:label2\" content=\"Predpokladan\u00fd \u010das \u010d\u00edtania\" \/>\n\t<meta name=\"twitter:data2\" content=\"2 min\u00faty\" \/>\n<script type=\"application\/ld+json\" class=\"yoast-schema-graph\">{\"@context\":\"https:\/\/schema.org\",\"@graph\":[{\"@type\":\"Article\",\"@id\":\"https:\/\/www.festivalvedy.sk\/wp2\/navrh-na-chranene-stromy\/#article\",\"isPartOf\":{\"@id\":\"https:\/\/www.festivalvedy.sk\/wp2\/navrh-na-chranene-stromy\/\"},\"author\":{\"name\":\"Redakcia\",\"@id\":\"https:\/\/www.festivalvedy.sk\/wp2\/#\/schema\/person\/f6c2e17170a626260fe38db97ed0a1f5\"},\"headline\":\"N\u00e1vrh na chr\u00e1nen\u00e9 stromy\",\"datePublished\":\"2019-09-18T10:45:38+00:00\",\"mainEntityOfPage\":{\"@id\":\"https:\/\/www.festivalvedy.sk\/wp2\/navrh-na-chranene-stromy\/\"},\"wordCount\":348,\"commentCount\":0,\"publisher\":{\"@id\":\"https:\/\/www.festivalvedy.sk\/wp2\/#organization\"},\"keywords\":[\"2019\",\"Biol\u00f3gia\"],\"articleSection\":[\"Arch\u00edv 2018\",\"Biol\u00f3gia\"],\"inLanguage\":\"sk-SK\"},{\"@type\":\"WebPage\",\"@id\":\"https:\/\/www.festivalvedy.sk\/wp2\/navrh-na-chranene-stromy\/\",\"url\":\"https:\/\/www.festivalvedy.sk\/wp2\/navrh-na-chranene-stromy\/\",\"name\":\"N\u00e1vrh na chr\u00e1nen\u00e9 stromy - Festival vedy a techniky AMAVET\",\"isPartOf\":{\"@id\":\"https:\/\/www.festivalvedy.sk\/wp2\/#website\"},\"datePublished\":\"2019-09-18T10:45:38+00:00\",\"breadcrumb\":{\"@id\":\"https:\/\/www.festivalvedy.sk\/wp2\/navrh-na-chranene-stromy\/#breadcrumb\"},\"inLanguage\":\"sk-SK\",\"potentialAction\":[{\"@type\":\"ReadAction\",\"target\":[\"https:\/\/www.festivalvedy.sk\/wp2\/navrh-na-chranene-stromy\/\"]}]},{\"@type\":\"BreadcrumbList\",\"@id\":\"https:\/\/www.festivalvedy.sk\/wp2\/navrh-na-chranene-stromy\/#breadcrumb\",\"itemListElement\":[{\"@type\":\"ListItem\",\"position\":1,\"name\":\"Home\",\"item\":\"https:\/\/www.festivalvedy.sk\/wp2\/\"},{\"@type\":\"ListItem\",\"position\":2,\"name\":\"N\u00e1vrh na chr\u00e1nen\u00e9 stromy\"}]},{\"@type\":\"WebSite\",\"@id\":\"https:\/\/www.festivalvedy.sk\/wp2\/#website\",\"url\":\"https:\/\/www.festivalvedy.sk\/wp2\/\",\"name\":\"Festival vedy a techniky AMAVET\",\"description\":\"AMAVET - Asoci\u00e1cia pre ml\u00e1de\u017e, vedu a techniku\",\"publisher\":{\"@id\":\"https:\/\/www.festivalvedy.sk\/wp2\/#organization\"},\"potentialAction\":[{\"@type\":\"SearchAction\",\"target\":{\"@type\":\"EntryPoint\",\"urlTemplate\":\"https:\/\/www.festivalvedy.sk\/wp2\/?s={search_term_string}\"},\"query-input\":{\"@type\":\"PropertyValueSpecification\",\"valueRequired\":true,\"valueName\":\"search_term_string\"}}],\"inLanguage\":\"sk-SK\"},{\"@type\":\"Organization\",\"@id\":\"https:\/\/www.festivalvedy.sk\/wp2\/#organization\",\"name\":\"Festival vedy a techniky AMAVET\",\"url\":\"https:\/\/www.festivalvedy.sk\/wp2\/\",\"logo\":{\"@type\":\"ImageObject\",\"inLanguage\":\"sk-SK\",\"@id\":\"https:\/\/www.festivalvedy.sk\/wp2\/#\/schema\/logo\/image\/\",\"url\":\"https:\/\/www.festivalvedy.sk\/wp2\/wp-content\/uploads\/2022\/02\/cropped-fvat-ochranna-zona.png\",\"contentUrl\":\"https:\/\/www.festivalvedy.sk\/wp2\/wp-content\/uploads\/2022\/02\/cropped-fvat-ochranna-zona.png\",\"width\":1190,\"height\":357,\"caption\":\"Festival vedy a techniky AMAVET\"},\"image\":{\"@id\":\"https:\/\/www.festivalvedy.sk\/wp2\/#\/schema\/logo\/image\/\"}},{\"@type\":\"Person\",\"@id\":\"https:\/\/www.festivalvedy.sk\/wp2\/#\/schema\/person\/f6c2e17170a626260fe38db97ed0a1f5\",\"name\":\"Redakcia\",\"image\":{\"@type\":\"ImageObject\",\"inLanguage\":\"sk-SK\",\"@id\":\"https:\/\/secure.gravatar.com\/avatar\/2f7c312d560e25e8eb59b6b53cadd5dc16b39f25bac1c7d0a221dafd9c91fae9?s=96&d=mm&r=g\",\"url\":\"https:\/\/secure.gravatar.com\/avatar\/2f7c312d560e25e8eb59b6b53cadd5dc16b39f25bac1c7d0a221dafd9c91fae9?s=96&d=mm&r=g\",\"contentUrl\":\"https:\/\/secure.gravatar.com\/avatar\/2f7c312d560e25e8eb59b6b53cadd5dc16b39f25bac1c7d0a221dafd9c91fae9?s=96&d=mm&r=g\",\"caption\":\"Redakcia\"},\"url\":\"https:\/\/www.festivalvedy.sk\/wp2\/author\/fvatadmin\/\"}]}<\/script>\n<!-- \/ Yoast SEO plugin. -->","yoast_head_json":{"title":"N\u00e1vrh na chr\u00e1nen\u00e9 stromy - Festival vedy a techniky AMAVET","robots":{"index":"index","follow":"follow","max-snippet":"max-snippet:-1","max-image-preview":"max-image-preview:large","max-video-preview":"max-video-preview:-1"},"canonical":"https:\/\/www.festivalvedy.sk\/wp2\/navrh-na-chranene-stromy\/","og_locale":"sk_SK","og_type":"article","og_title":"N\u00e1vrh na chr\u00e1nen\u00e9 stromy - Festival vedy a techniky AMAVET","og_description":"Autor\/autori: Miroslav Szepessy Mot\u00edvom k vypracovaniu projektu bola sk\u00fasenos\u0165 z exkurzie, na ktorej som si v\u0161imol, stromy, ktor\u00e9 s\u00fa ve\u013emi vysok\u00e9, maj\u00fa ve\u013ek\u00fd obvod kme\u0148a a zrejme tam rast\u00fa u\u017e dlho. Zauj\u00edmal som sa o to a h\u013eadal v na\u0161om meste e\u0161te podobn\u00e9 stromy. Na\u0161iel som ich v parku pri cintor\u00edne. A tak som sa [&hellip;]","og_url":"https:\/\/www.festivalvedy.sk\/wp2\/navrh-na-chranene-stromy\/","og_site_name":"Festival vedy a techniky AMAVET","article_published_time":"2019-09-18T10:45:38+00:00","author":"Redakcia","twitter_card":"summary_large_image","twitter_misc":{"Autor":"Redakcia","Predpokladan\u00fd \u010das \u010d\u00edtania":"2 min\u00faty"},"schema":{"@context":"https:\/\/schema.org","@graph":[{"@type":"Article","@id":"https:\/\/www.festivalvedy.sk\/wp2\/navrh-na-chranene-stromy\/#article","isPartOf":{"@id":"https:\/\/www.festivalvedy.sk\/wp2\/navrh-na-chranene-stromy\/"},"author":{"name":"Redakcia","@id":"https:\/\/www.festivalvedy.sk\/wp2\/#\/schema\/person\/f6c2e17170a626260fe38db97ed0a1f5"},"headline":"N\u00e1vrh na chr\u00e1nen\u00e9 stromy","datePublished":"2019-09-18T10:45:38+00:00","mainEntityOfPage":{"@id":"https:\/\/www.festivalvedy.sk\/wp2\/navrh-na-chranene-stromy\/"},"wordCount":348,"commentCount":0,"publisher":{"@id":"https:\/\/www.festivalvedy.sk\/wp2\/#organization"},"keywords":["2019","Biol\u00f3gia"],"articleSection":["Arch\u00edv 2018","Biol\u00f3gia"],"inLanguage":"sk-SK"},{"@type":"WebPage","@id":"https:\/\/www.festivalvedy.sk\/wp2\/navrh-na-chranene-stromy\/","url":"https:\/\/www.festivalvedy.sk\/wp2\/navrh-na-chranene-stromy\/","name":"N\u00e1vrh na chr\u00e1nen\u00e9 stromy - Festival vedy a techniky AMAVET","isPartOf":{"@id":"https:\/\/www.festivalvedy.sk\/wp2\/#website"},"datePublished":"2019-09-18T10:45:38+00:00","breadcrumb":{"@id":"https:\/\/www.festivalvedy.sk\/wp2\/navrh-na-chranene-stromy\/#breadcrumb"},"inLanguage":"sk-SK","potentialAction":[{"@type":"ReadAction","target":["https:\/\/www.festivalvedy.sk\/wp2\/navrh-na-chranene-stromy\/"]}]},{"@type":"BreadcrumbList","@id":"https:\/\/www.festivalvedy.sk\/wp2\/navrh-na-chranene-stromy\/#breadcrumb","itemListElement":[{"@type":"ListItem","position":1,"name":"Home","item":"https:\/\/www.festivalvedy.sk\/wp2\/"},{"@type":"ListItem","position":2,"name":"N\u00e1vrh na chr\u00e1nen\u00e9 stromy"}]},{"@type":"WebSite","@id":"https:\/\/www.festivalvedy.sk\/wp2\/#website","url":"https:\/\/www.festivalvedy.sk\/wp2\/","name":"Festival vedy a techniky AMAVET","description":"AMAVET - Asoci\u00e1cia pre ml\u00e1de\u017e, vedu a techniku","publisher":{"@id":"https:\/\/www.festivalvedy.sk\/wp2\/#organization"},"potentialAction":[{"@type":"SearchAction","target":{"@type":"EntryPoint","urlTemplate":"https:\/\/www.festivalvedy.sk\/wp2\/?s={search_term_string}"},"query-input":{"@type":"PropertyValueSpecification","valueRequired":true,"valueName":"search_term_string"}}],"inLanguage":"sk-SK"},{"@type":"Organization","@id":"https:\/\/www.festivalvedy.sk\/wp2\/#organization","name":"Festival vedy a techniky AMAVET","url":"https:\/\/www.festivalvedy.sk\/wp2\/","logo":{"@type":"ImageObject","inLanguage":"sk-SK","@id":"https:\/\/www.festivalvedy.sk\/wp2\/#\/schema\/logo\/image\/","url":"https:\/\/www.festivalvedy.sk\/wp2\/wp-content\/uploads\/2022\/02\/cropped-fvat-ochranna-zona.png","contentUrl":"https:\/\/www.festivalvedy.sk\/wp2\/wp-content\/uploads\/2022\/02\/cropped-fvat-ochranna-zona.png","width":1190,"height":357,"caption":"Festival vedy a techniky AMAVET"},"image":{"@id":"https:\/\/www.festivalvedy.sk\/wp2\/#\/schema\/logo\/image\/"}},{"@type":"Person","@id":"https:\/\/www.festivalvedy.sk\/wp2\/#\/schema\/person\/f6c2e17170a626260fe38db97ed0a1f5","name":"Redakcia","image":{"@type":"ImageObject","inLanguage":"sk-SK","@id":"https:\/\/secure.gravatar.com\/avatar\/2f7c312d560e25e8eb59b6b53cadd5dc16b39f25bac1c7d0a221dafd9c91fae9?s=96&d=mm&r=g","url":"https:\/\/secure.gravatar.com\/avatar\/2f7c312d560e25e8eb59b6b53cadd5dc16b39f25bac1c7d0a221dafd9c91fae9?s=96&d=mm&r=g","contentUrl":"https:\/\/secure.gravatar.com\/avatar\/2f7c312d560e25e8eb59b6b53cadd5dc16b39f25bac1c7d0a221dafd9c91fae9?s=96&d=mm&r=g","caption":"Redakcia"},"url":"https:\/\/www.festivalvedy.sk\/wp2\/author\/fvatadmin\/"}]}},"_links":{"self":[{"href":"https:\/\/www.festivalvedy.sk\/wp2\/wp-json\/wp\/v2\/posts\/838","targetHints":{"allow":["GET"]}}],"collection":[{"href":"https:\/\/www.festivalvedy.sk\/wp2\/wp-json\/wp\/v2\/posts"}],"about":[{"href":"https:\/\/www.festivalvedy.sk\/wp2\/wp-json\/wp\/v2\/types\/post"}],"author":[{"embeddable":true,"href":"https:\/\/www.festivalvedy.sk\/wp2\/wp-json\/wp\/v2\/users\/1"}],"replies":[{"embeddable":true,"href":"https:\/\/www.festivalvedy.sk\/wp2\/wp-json\/wp\/v2\/comments?post=838"}],"version-history":[{"count":0,"href":"https:\/\/www.festivalvedy.sk\/wp2\/wp-json\/wp\/v2\/posts\/838\/revisions"}],"wp:attachment":[{"href":"https:\/\/www.festivalvedy.sk\/wp2\/wp-json\/wp\/v2\/media?parent=838"}],"wp:term":[{"taxonomy":"category","embeddable":true,"href":"https:\/\/www.festivalvedy.sk\/wp2\/wp-json\/wp\/v2\/categories?post=838"},{"taxonomy":"post_tag","embeddable":true,"href":"https:\/\/www.festivalvedy.sk\/wp2\/wp-json\/wp\/v2\/tags?post=838"}],"curies":[{"name":"wp","href":"https:\/\/api.w.org\/{rel}","templated":true}]}}